{"id":170094,"date":"2026-04-29T05:51:12","date_gmt":"2026-04-29T11:51:12","guid":{"rendered":"https:\/\/lospoliticosveracruz.com\/?p=170094"},"modified":"2026-04-29T05:51:13","modified_gmt":"2026-04-29T11:51:13","slug":"don-atanasio-vino-echo-lumbre-y-se-fue","status":"publish","type":"post","link":"https:\/\/lospoliticosveracruz.com\/?p=170094","title":{"rendered":"DON ATANASIO VINO, ECH\u00d3 LUMBRE Y SE FUE"},"content":{"rendered":"\n<p><strong>Bernardo Guti\u00e9rrez Parra<\/strong><br><em>Desde el Caf\u00e9<\/em><br>Quiz\u00e1 porque es tan codo como su hijo que no le da agua ni al gallo de la pasi\u00f3n, don Atanasio Garc\u00eda Dur\u00e1n, padre del exgobernador Cuitl\u00e1huac Garc\u00eda, prefiri\u00f3 ir al Congreso local a platicar con los reporteros en lugar de invitarles un cafecito para charlar m\u00e1s a gusto.<\/p>\n\n\n\n<p>Y lo que solt\u00f3 fue lumbre al calificar como un \u201cerror\u201d elegir a una persona no nacida en Veracruz como gobernadora de la entidad. \u201cAntes no lo cre\u00eda, pero ahora lo creo firmemente: es un error confiar en alguien que no es de Veracruz, porque no se tiene la dimensi\u00f3n de lo que el estado necesita\u201d.<\/p>\n\n\n\n<p>\u00bfDe d\u00f3nde le sali\u00f3 lo bravo al profe?<\/p>\n\n\n\n<p>La historia es esta. Unas reporteras le preguntaron su opini\u00f3n sobre la administraci\u00f3n de su hijo Cuitl\u00e1huac, considerado el peor gobernador en la historia de Veracruz y dolido por el calificativo don Atanasio se solt\u00f3 el pelo.<\/p>\n\n\n\n<p>Dijo que a pesar de que la entidad es uno de los estados m\u00e1s ricos del pa\u00eds, no se percibe una estrategia clara para detonar su potencial econ\u00f3mico, siendo que existen condiciones favorables heredadas por el gobierno anterior (el de su hijo). \u201cPero no veo que esos recursos se est\u00e9n activando, ni que haya una visi\u00f3n para desarrollarlos\u201d.<\/p>\n\n\n\n<p>Al fin padre, a don Atanasio le gan\u00f3 el amor filial y dio a entender que su hijo fue un buen gobernador cuando eso no es verdad. Reitero, el sujeto est\u00e1 calificado como el peor gobernador de la historia por represor, arbitrario, abusivo, inicuo, perverso, corrupto, inmoral y presunto ladr\u00f3n. Y eso nom\u00e1s para empezar, de acuerdo con la opini\u00f3n de 8 millones de veracruzanos.<\/p>\n\n\n\n<p>Se entiende su amor de padre, pero pretender que Roc\u00edo Nahle se fije en ese espejo como ejemplo de buen gobierno es una lamentable burrada.<\/p>\n\n\n\n<p>Filoso, don Atanasio sigui\u00f3 con su perorata: \u201cYa empieza a haber un malestar ciudadano. Lo que ocurri\u00f3 en las elecciones municipales pasadas es un term\u00f3metro. No sabemos c\u00f3mo nos vaya a ir en 2027\u201d.<\/p>\n\n\n\n<p>\u00bfCu\u00e1l era su intenci\u00f3n?, lo ignoro. Pero sus palabras sacudieron al mundillo pol\u00edtico veracruzano y hoy ser\u00e1n tema en los noticieros nacionales porque nunca nadie, al menos de 80 a\u00f1os para ac\u00e1, le hab\u00eda hablando tan raspado a un ejecutivo estatal.<\/p>\n\n\n\n<p>\u00bfQu\u00e9 gan\u00f3 con lo que dijo? Tambi\u00e9n lo ignoro. Aunque mucho de lo que habl\u00f3 lo dedic\u00f3 a defender la administraci\u00f3n de su hijo, al que deber\u00eda darle pena ser un balagardo de 58 a\u00f1os a quien tiene que defender su pap\u00e1.<\/p>\n\n\n\n<p>Bueno ser\u00eda que don Atanasio diga d\u00f3nde est\u00e1n \u201clas condiciones favorables heredadas por el gobierno anterior\u201d para que se active la econom\u00eda, cuando fue Cuitl\u00e1huac el encargado de ponerle trabas a los empresarios para que invirtieran en Veracruz y mejor se fueron. \u00bfDe d\u00f3nde saca que su hijo entreg\u00f3 un mejor estado que el que recibi\u00f3?<\/p>\n\n\n\n<p>\u00bfQu\u00e9 sigue?<\/p>\n\n\n\n<p>Roc\u00edo Nahle no se va a quedar cruzada de brazos, ha aguantado m\u00e1s de un a\u00f1o sin tocar a su antecesor que tiene un rosario de se\u00f1alamientos judiciales. Cuando se dio cuenta de la porqueriza que le estaba dejando Cuitl\u00e1huac, habl\u00f3 con la superioridad para actuar en consecuencia, pero de Palenque le dijeron no; a \u00e9l no lo toques.<\/p>\n\n\n\n<p>Y la gobernadora ha obedecido.<\/p>\n\n\n\n<p>Lo malo para ex gobernador es que la protecci\u00f3n de Andr\u00e9s Manuel ni es eterna ni infinita.<\/p>\n\n\n\n<p>Con lo mal que anda Morena porque en efecto hay malestar ciudadano en su contra, bueno ser\u00eda para la 4T darle un calambrazo judicial a Cuitl\u00e1huac. Eso har\u00eda que regrese la confianza al partido, confianza que le hace falta para el 2027 y sobre todo, para el 2030.<\/p>\n\n\n\n<p>bernagup28@gmail.com<\/p>\n\n\n\n<p><\/p>\n","protected":false},"excerpt":{"rendered":"<p>Bernardo Guti\u00e9rrez ParraDesde el Caf\u00e9Quiz\u00e1 porque es tan codo como su hijo que no le da agua ni al gallo de la pasi\u00f3n, don Atanasio Garc\u00eda Dur\u00e1n, padre del exgobernador Cuitl\u00e1huac Garc\u00eda, prefiri\u00f3 ir al Congreso local a platicar con los reporteros en lugar de invitarles un cafecito para charlar m\u00e1s a gusto. Y lo [&hellip;]<\/p>\n","protected":false},"author":2,"featured_media":141479,"comment_status":"closed","ping_status":"closed","sticky":false,"template":"","format":"standard","meta":{"tdm_status":"","tdm_grid_status":"","footnotes":""},"categories":[70],"tags":[618,62679,1563,1026,3578,195],"class_list":{"0":"post-170094","1":"post","2":"type-post","3":"status-publish","4":"format-standard","5":"has-post-thumbnail","7":"category-de-opinion","8":"tag-andres-manuel-lopez-obrador","9":"tag-atanasio-garcia-duran","10":"tag-cuitlahuac-garcia-jimenez","11":"tag-morena","12":"tag-rocio-nahle","13":"tag-veracruz"},"yoast_head":"<!-- This site is optimized with the Yoast SEO plugin v27.4 - https:\/\/yoast.com\/product\/yoast-seo-wordpress\/ -->\n<title>DON ATANASIO VINO, ECH\u00d3 LUMBRE Y SE FUE - Los pol\u00edticos Veracruz<\/title>\n<meta name=\"robots\" content=\"index, follow, max-snippet:-1, max-image-preview:large, max-video-preview:-1\" \/>\n<link rel=\"canonical\" href=\"https:\/\/lospoliticosveracruz.com\/?p=170094\" \/>\n<meta property=\"og:locale\" content=\"es_ES\" \/>\n<meta property=\"og:type\" content=\"article\" \/>\n<meta property=\"og:title\" content=\"DON ATANASIO VINO, ECH\u00d3 LUMBRE Y SE FUE - Los pol\u00edticos Veracruz\" \/>\n<meta property=\"og:description\" content=\"Bernardo Guti\u00e9rrez ParraDesde el Caf\u00e9Quiz\u00e1 porque es tan codo como su hijo que no le da agua ni al gallo de la pasi\u00f3n, don Atanasio Garc\u00eda Dur\u00e1n, padre del exgobernador Cuitl\u00e1huac Garc\u00eda, prefiri\u00f3 ir al Congreso local a platicar con los reporteros en lugar de invitarles un cafecito para charlar m\u00e1s a gusto. Y lo [&hellip;]\" \/>\n<meta property=\"og:url\" content=\"https:\/\/lospoliticosveracruz.com\/?p=170094\" \/>\n<meta property=\"og:site_name\" content=\"Los pol\u00edticos Veracruz\" \/>\n<meta property=\"article:publisher\" content=\"https:\/\/www.facebook.com\/people\/Notimemes-de-los-Polticos\/61565672886568\/\" \/>\n<meta property=\"article:published_time\" content=\"2026-04-29T11:51:12+00:00\" \/>\n<meta property=\"article:modified_time\" content=\"2026-04-29T11:51:13+00:00\" \/>\n<meta property=\"og:image\" content=\"https:\/\/lospoliticosveracruz.com\/wp-content\/uploads\/2025\/04\/Bernardo-Gutierrez-Parra.jpg\" \/>\n\t<meta property=\"og:image:width\" content=\"1250\" \/>\n\t<meta property=\"og:image:height\" content=\"667\" \/>\n\t<meta property=\"og:image:type\" content=\"image\/jpeg\" \/>\n<meta name=\"author\" content=\"Lo viste en Los Pol\u00edticos\" \/>\n<meta name=\"twitter:card\" content=\"summary_large_image\" \/>\n<meta name=\"twitter:creator\" content=\"@LosPoliticosVer\" \/>\n<meta name=\"twitter:site\" content=\"@LosPoliticosVer\" \/>\n<meta name=\"twitter:label1\" content=\"Escrito por\" \/>\n\t<meta name=\"twitter:data1\" content=\"Lo viste en Los Pol\u00edticos\" \/>\n\t<meta name=\"twitter:label2\" content=\"Tiempo de lectura\" \/>\n\t<meta name=\"twitter:data2\" content=\"3 minutos\" \/>\n<script type=\"application\/ld+json\" class=\"yoast-schema-graph\">{\"@context\":\"https:\\\/\\\/schema.org\",\"@graph\":[{\"@type\":\"Article\",\"@id\":\"https:\\\/\\\/lospoliticosveracruz.com\\\/?p=170094#article\",\"isPartOf\":{\"@id\":\"https:\\\/\\\/lospoliticosveracruz.com\\\/?p=170094\"},\"author\":{\"name\":\"Lo viste en Los Pol\u00edticos\",\"@id\":\"https:\\\/\\\/lospoliticosveracruz.com\\\/#\\\/schema\\\/person\\\/b8702bb0e538456e6efd07080bf2a4a2\"},\"headline\":\"DON ATANASIO VINO, ECH\u00d3 LUMBRE Y SE FUE\",\"datePublished\":\"2026-04-29T11:51:12+00:00\",\"dateModified\":\"2026-04-29T11:51:13+00:00\",\"mainEntityOfPage\":{\"@id\":\"https:\\\/\\\/lospoliticosveracruz.com\\\/?p=170094\"},\"wordCount\":663,\"publisher\":{\"@id\":\"https:\\\/\\\/lospoliticosveracruz.com\\\/#organization\"},\"image\":{\"@id\":\"https:\\\/\\\/lospoliticosveracruz.com\\\/?p=170094#primaryimage\"},\"thumbnailUrl\":\"https:\\\/\\\/lospoliticosveracruz.com\\\/wp-content\\\/uploads\\\/2025\\\/04\\\/Bernardo-Gutierrez-Parra.jpg\",\"keywords\":[\"Andr\u00e9s Manuel L\u00f3pez Obrador\",\"Atanasio Garc\u00eda Dur\u00e1n\",\"Cuitl\u00e1huac Garc\u00eda Jim\u00e9nez\",\"Morena\",\"Roc\u00edo Nahle\",\"Veracruz\"],\"articleSection\":[\"De Opini\u00f3n\"],\"inLanguage\":\"es\"},{\"@type\":\"WebPage\",\"@id\":\"https:\\\/\\\/lospoliticosveracruz.com\\\/?p=170094\",\"url\":\"https:\\\/\\\/lospoliticosveracruz.com\\\/?p=170094\",\"name\":\"DON ATANASIO VINO, ECH\u00d3 LUMBRE Y SE FUE - Los pol\u00edticos Veracruz\",\"isPartOf\":{\"@id\":\"https:\\\/\\\/lospoliticosveracruz.com\\\/#website\"},\"primaryImageOfPage\":{\"@id\":\"https:\\\/\\\/lospoliticosveracruz.com\\\/?p=170094#primaryimage\"},\"image\":{\"@id\":\"https:\\\/\\\/lospoliticosveracruz.com\\\/?p=170094#primaryimage\"},\"thumbnailUrl\":\"https:\\\/\\\/lospoliticosveracruz.com\\\/wp-content\\\/uploads\\\/2025\\\/04\\\/Bernardo-Gutierrez-Parra.jpg\",\"datePublished\":\"2026-04-29T11:51:12+00:00\",\"dateModified\":\"2026-04-29T11:51:13+00:00\",\"breadcrumb\":{\"@id\":\"https:\\\/\\\/lospoliticosveracruz.com\\\/?p=170094#breadcrumb\"},\"inLanguage\":\"es\",\"potentialAction\":[{\"@type\":\"ReadAction\",\"target\":[\"https:\\\/\\\/lospoliticosveracruz.com\\\/?p=170094\"]}]},{\"@type\":\"ImageObject\",\"inLanguage\":\"es\",\"@id\":\"https:\\\/\\\/lospoliticosveracruz.com\\\/?p=170094#primaryimage\",\"url\":\"https:\\\/\\\/lospoliticosveracruz.com\\\/wp-content\\\/uploads\\\/2025\\\/04\\\/Bernardo-Gutierrez-Parra.jpg\",\"contentUrl\":\"https:\\\/\\\/lospoliticosveracruz.com\\\/wp-content\\\/uploads\\\/2025\\\/04\\\/Bernardo-Gutierrez-Parra.jpg\",\"width\":1250,\"height\":667},{\"@type\":\"BreadcrumbList\",\"@id\":\"https:\\\/\\\/lospoliticosveracruz.com\\\/?p=170094#breadcrumb\",\"itemListElement\":[{\"@type\":\"ListItem\",\"position\":1,\"name\":\"Portada\",\"item\":\"https:\\\/\\\/lospoliticosveracruz.com\\\/\"},{\"@type\":\"ListItem\",\"position\":2,\"name\":\"DON ATANASIO VINO, ECH\u00d3 LUMBRE Y SE FUE\"}]},{\"@type\":\"WebSite\",\"@id\":\"https:\\\/\\\/lospoliticosveracruz.com\\\/#website\",\"url\":\"https:\\\/\\\/lospoliticosveracruz.com\\\/\",\"name\":\"Los pol\u00edticos Veracruz\",\"description\":\"\",\"publisher\":{\"@id\":\"https:\\\/\\\/lospoliticosveracruz.com\\\/#organization\"},\"potentialAction\":[{\"@type\":\"SearchAction\",\"target\":{\"@type\":\"EntryPoint\",\"urlTemplate\":\"https:\\\/\\\/lospoliticosveracruz.com\\\/?s={search_term_string}\"},\"query-input\":{\"@type\":\"PropertyValueSpecification\",\"valueRequired\":true,\"valueName\":\"search_term_string\"}}],\"inLanguage\":\"es\"},{\"@type\":\"Organization\",\"@id\":\"https:\\\/\\\/lospoliticosveracruz.com\\\/#organization\",\"name\":\"Los pol\u00edticos Veracruz\",\"url\":\"https:\\\/\\\/lospoliticosveracruz.com\\\/\",\"logo\":{\"@type\":\"ImageObject\",\"inLanguage\":\"es\",\"@id\":\"https:\\\/\\\/lospoliticosveracruz.com\\\/#\\\/schema\\\/logo\\\/image\\\/\",\"url\":\"https:\\\/\\\/lospoliticosveracruz.com\\\/wp-content\\\/uploads\\\/2025\\\/12\\\/Logo-Nuevo-LOS-POLITICOS-1.jpg\",\"contentUrl\":\"https:\\\/\\\/lospoliticosveracruz.com\\\/wp-content\\\/uploads\\\/2025\\\/12\\\/Logo-Nuevo-LOS-POLITICOS-1.jpg\",\"width\":260,\"height\":70,\"caption\":\"Los pol\u00edticos Veracruz\"},\"image\":{\"@id\":\"https:\\\/\\\/lospoliticosveracruz.com\\\/#\\\/schema\\\/logo\\\/image\\\/\"},\"sameAs\":[\"https:\\\/\\\/www.facebook.com\\\/people\\\/Notimemes-de-los-Polticos\\\/61565672886568\\\/\",\"https:\\\/\\\/x.com\\\/LosPoliticosVer\"]},{\"@type\":\"Person\",\"@id\":\"https:\\\/\\\/lospoliticosveracruz.com\\\/#\\\/schema\\\/person\\\/b8702bb0e538456e6efd07080bf2a4a2\",\"name\":\"Lo viste en Los Pol\u00edticos\",\"image\":{\"@type\":\"ImageObject\",\"inLanguage\":\"es\",\"@id\":\"https:\\\/\\\/secure.gravatar.com\\\/avatar\\\/3a8de04a2656d44082be478bd6c086daa447c4651605818287b9532d3d0bd435?s=96&d=mm&r=g\",\"url\":\"https:\\\/\\\/secure.gravatar.com\\\/avatar\\\/3a8de04a2656d44082be478bd6c086daa447c4651605818287b9532d3d0bd435?s=96&d=mm&r=g\",\"contentUrl\":\"https:\\\/\\\/secure.gravatar.com\\\/avatar\\\/3a8de04a2656d44082be478bd6c086daa447c4651605818287b9532d3d0bd435?s=96&d=mm&r=g\",\"caption\":\"Lo viste en Los Pol\u00edticos\"},\"url\":\"https:\\\/\\\/lospoliticosveracruz.com\\\/?author=2\"}]}<\/script>\n<!-- \/ Yoast SEO plugin. -->","yoast_head_json":{"title":"DON ATANASIO VINO, ECH\u00d3 LUMBRE Y SE FUE - Los pol\u00edticos Veracruz","robots":{"index":"index","follow":"follow","max-snippet":"max-snippet:-1","max-image-preview":"max-image-preview:large","max-video-preview":"max-video-preview:-1"},"canonical":"https:\/\/lospoliticosveracruz.com\/?p=170094","og_locale":"es_ES","og_type":"article","og_title":"DON ATANASIO VINO, ECH\u00d3 LUMBRE Y SE FUE - Los pol\u00edticos Veracruz","og_description":"Bernardo Guti\u00e9rrez ParraDesde el Caf\u00e9Quiz\u00e1 porque es tan codo como su hijo que no le da agua ni al gallo de la pasi\u00f3n, don Atanasio Garc\u00eda Dur\u00e1n, padre del exgobernador Cuitl\u00e1huac Garc\u00eda, prefiri\u00f3 ir al Congreso local a platicar con los reporteros en lugar de invitarles un cafecito para charlar m\u00e1s a gusto. Y lo [&hellip;]","og_url":"https:\/\/lospoliticosveracruz.com\/?p=170094","og_site_name":"Los pol\u00edticos Veracruz","article_publisher":"https:\/\/www.facebook.com\/people\/Notimemes-de-los-Polticos\/61565672886568\/","article_published_time":"2026-04-29T11:51:12+00:00","article_modified_time":"2026-04-29T11:51:13+00:00","og_image":[{"width":1250,"height":667,"url":"https:\/\/lospoliticosveracruz.com\/wp-content\/uploads\/2025\/04\/Bernardo-Gutierrez-Parra.jpg","type":"image\/jpeg"}],"author":"Lo viste en Los Pol\u00edticos","twitter_card":"summary_large_image","twitter_creator":"@LosPoliticosVer","twitter_site":"@LosPoliticosVer","twitter_misc":{"Escrito por":"Lo viste en Los Pol\u00edticos","Tiempo de lectura":"3 minutos"},"schema":{"@context":"https:\/\/schema.org","@graph":[{"@type":"Article","@id":"https:\/\/lospoliticosveracruz.com\/?p=170094#article","isPartOf":{"@id":"https:\/\/lospoliticosveracruz.com\/?p=170094"},"author":{"name":"Lo viste en Los Pol\u00edticos","@id":"https:\/\/lospoliticosveracruz.com\/#\/schema\/person\/b8702bb0e538456e6efd07080bf2a4a2"},"headline":"DON ATANASIO VINO, ECH\u00d3 LUMBRE Y SE FUE","datePublished":"2026-04-29T11:51:12+00:00","dateModified":"2026-04-29T11:51:13+00:00","mainEntityOfPage":{"@id":"https:\/\/lospoliticosveracruz.com\/?p=170094"},"wordCount":663,"publisher":{"@id":"https:\/\/lospoliticosveracruz.com\/#organization"},"image":{"@id":"https:\/\/lospoliticosveracruz.com\/?p=170094#primaryimage"},"thumbnailUrl":"https:\/\/lospoliticosveracruz.com\/wp-content\/uploads\/2025\/04\/Bernardo-Gutierrez-Parra.jpg","keywords":["Andr\u00e9s Manuel L\u00f3pez Obrador","Atanasio Garc\u00eda Dur\u00e1n","Cuitl\u00e1huac Garc\u00eda Jim\u00e9nez","Morena","Roc\u00edo Nahle","Veracruz"],"articleSection":["De Opini\u00f3n"],"inLanguage":"es"},{"@type":"WebPage","@id":"https:\/\/lospoliticosveracruz.com\/?p=170094","url":"https:\/\/lospoliticosveracruz.com\/?p=170094","name":"DON ATANASIO VINO, ECH\u00d3 LUMBRE Y SE FUE - Los pol\u00edticos Veracruz","isPartOf":{"@id":"https:\/\/lospoliticosveracruz.com\/#website"},"primaryImageOfPage":{"@id":"https:\/\/lospoliticosveracruz.com\/?p=170094#primaryimage"},"image":{"@id":"https:\/\/lospoliticosveracruz.com\/?p=170094#primaryimage"},"thumbnailUrl":"https:\/\/lospoliticosveracruz.com\/wp-content\/uploads\/2025\/04\/Bernardo-Gutierrez-Parra.jpg","datePublished":"2026-04-29T11:51:12+00:00","dateModified":"2026-04-29T11:51:13+00:00","breadcrumb":{"@id":"https:\/\/lospoliticosveracruz.com\/?p=170094#breadcrumb"},"inLanguage":"es","potentialAction":[{"@type":"ReadAction","target":["https:\/\/lospoliticosveracruz.com\/?p=170094"]}]},{"@type":"ImageObject","inLanguage":"es","@id":"https:\/\/lospoliticosveracruz.com\/?p=170094#primaryimage","url":"https:\/\/lospoliticosveracruz.com\/wp-content\/uploads\/2025\/04\/Bernardo-Gutierrez-Parra.jpg","contentUrl":"https:\/\/lospoliticosveracruz.com\/wp-content\/uploads\/2025\/04\/Bernardo-Gutierrez-Parra.jpg","width":1250,"height":667},{"@type":"BreadcrumbList","@id":"https:\/\/lospoliticosveracruz.com\/?p=170094#breadcrumb","itemListElement":[{"@type":"ListItem","position":1,"name":"Portada","item":"https:\/\/lospoliticosveracruz.com\/"},{"@type":"ListItem","position":2,"name":"DON ATANASIO VINO, ECH\u00d3 LUMBRE Y SE FUE"}]},{"@type":"WebSite","@id":"https:\/\/lospoliticosveracruz.com\/#website","url":"https:\/\/lospoliticosveracruz.com\/","name":"Los pol\u00edticos Veracruz","description":"","publisher":{"@id":"https:\/\/lospoliticosveracruz.com\/#organization"},"potentialAction":[{"@type":"SearchAction","target":{"@type":"EntryPoint","urlTemplate":"https:\/\/lospoliticosveracruz.com\/?s={search_term_string}"},"query-input":{"@type":"PropertyValueSpecification","valueRequired":true,"valueName":"search_term_string"}}],"inLanguage":"es"},{"@type":"Organization","@id":"https:\/\/lospoliticosveracruz.com\/#organization","name":"Los pol\u00edticos Veracruz","url":"https:\/\/lospoliticosveracruz.com\/","logo":{"@type":"ImageObject","inLanguage":"es","@id":"https:\/\/lospoliticosveracruz.com\/#\/schema\/logo\/image\/","url":"https:\/\/lospoliticosveracruz.com\/wp-content\/uploads\/2025\/12\/Logo-Nuevo-LOS-POLITICOS-1.jpg","contentUrl":"https:\/\/lospoliticosveracruz.com\/wp-content\/uploads\/2025\/12\/Logo-Nuevo-LOS-POLITICOS-1.jpg","width":260,"height":70,"caption":"Los pol\u00edticos Veracruz"},"image":{"@id":"https:\/\/lospoliticosveracruz.com\/#\/schema\/logo\/image\/"},"sameAs":["https:\/\/www.facebook.com\/people\/Notimemes-de-los-Polticos\/61565672886568\/","https:\/\/x.com\/LosPoliticosVer"]},{"@type":"Person","@id":"https:\/\/lospoliticosveracruz.com\/#\/schema\/person\/b8702bb0e538456e6efd07080bf2a4a2","name":"Lo viste en Los Pol\u00edticos","image":{"@type":"ImageObject","inLanguage":"es","@id":"https:\/\/secure.gravatar.com\/avatar\/3a8de04a2656d44082be478bd6c086daa447c4651605818287b9532d3d0bd435?s=96&d=mm&r=g","url":"https:\/\/secure.gravatar.com\/avatar\/3a8de04a2656d44082be478bd6c086daa447c4651605818287b9532d3d0bd435?s=96&d=mm&r=g","contentUrl":"https:\/\/secure.gravatar.com\/avatar\/3a8de04a2656d44082be478bd6c086daa447c4651605818287b9532d3d0bd435?s=96&d=mm&r=g","caption":"Lo viste en Los Pol\u00edticos"},"url":"https:\/\/lospoliticosveracruz.com\/?author=2"}]}},"_links":{"self":[{"href":"https:\/\/lospoliticosveracruz.com\/index.php?rest_route=\/wp\/v2\/posts\/170094","targetHints":{"allow":["GET"]}}],"collection":[{"href":"https:\/\/lospoliticosveracruz.com\/index.php?rest_route=\/wp\/v2\/posts"}],"about":[{"href":"https:\/\/lospoliticosveracruz.com\/index.php?rest_route=\/wp\/v2\/types\/post"}],"author":[{"embeddable":true,"href":"https:\/\/lospoliticosveracruz.com\/index.php?rest_route=\/wp\/v2\/users\/2"}],"replies":[{"embeddable":true,"href":"https:\/\/lospoliticosveracruz.com\/index.php?rest_route=%2Fwp%2Fv2%2Fcomments&post=170094"}],"version-history":[{"count":1,"href":"https:\/\/lospoliticosveracruz.com\/index.php?rest_route=\/wp\/v2\/posts\/170094\/revisions"}],"predecessor-version":[{"id":170095,"href":"https:\/\/lospoliticosveracruz.com\/index.php?rest_route=\/wp\/v2\/posts\/170094\/revisions\/170095"}],"wp:featuredmedia":[{"embeddable":true,"href":"https:\/\/lospoliticosveracruz.com\/index.php?rest_route=\/wp\/v2\/media\/141479"}],"wp:attachment":[{"href":"https:\/\/lospoliticosveracruz.com\/index.php?rest_route=%2Fwp%2Fv2%2Fmedia&parent=170094"}],"wp:term":[{"taxonomy":"category","embeddable":true,"href":"https:\/\/lospoliticosveracruz.com\/index.php?rest_route=%2Fwp%2Fv2%2Fcategories&post=170094"},{"taxonomy":"post_tag","embeddable":true,"href":"https:\/\/lospoliticosveracruz.com\/index.php?rest_route=%2Fwp%2Fv2%2Ftags&post=170094"}],"curies":[{"name":"wp","href":"https:\/\/api.w.org\/{rel}","templated":true}]}}