{"id":170096,"date":"2026-04-29T05:55:51","date_gmt":"2026-04-29T11:55:51","guid":{"rendered":"https:\/\/lospoliticosveracruz.com\/?p=170096"},"modified":"2026-04-29T05:55:52","modified_gmt":"2026-04-29T11:55:52","slug":"morena-escenario-complejo","status":"publish","type":"post","link":"https:\/\/lospoliticosveracruz.com\/?p=170096","title":{"rendered":"MORENA, ESCENARIO COMPLEJO"},"content":{"rendered":"\n<p><strong>Fanny Y\u00e9pez<\/strong><br><em>La Columna<\/em><\/p>\n\n\n\n<p>El Movimiento de Regeneraci\u00f3n Nacional enfrenta la renovaci\u00f3n de su dirigencia nacional con tensiones, confrontaciones, divisiones y fracturas pol\u00edticas internas y debates sobre si el partido atraviesa por una crisis de liderazgo tras la gesti\u00f3n anterior.<\/p>\n\n\n\n<p>Los resultados electorales y an\u00e1lisis pol\u00edticos m\u00e1s recientes (2025-2026) apuntan a un escenario complejo para Morena, donde se observan tanto victorias num\u00e9ricas como retrocesos significativos en su nivel de votaci\u00f3n y control territorial.<\/p>\n\n\n\n<p>Retroceso en Elecciones Locales (2025) en el estado de Veracruz, aunque la alianza Morena-Partido Verde gan\u00f3 la mayor\u00eda de los municipios, Morena sufri\u00f3 una reducci\u00f3n importante. Pasaron de gobernar 87 municipios a 71.<\/p>\n\n\n\n<p>Ca\u00edda en Votaci\u00f3n, tambi\u00e9n en esta entidad veracruzana, el partido guinda vio una ca\u00edda marcada en votos propios: de 201,000 en 2021 a 113,000 en 2025, un descenso del 44% en solitario.<\/p>\n\n\n\n<p>P\u00e9rdida de Territorios, analistas locales y nacionales advierten que la baja votaci\u00f3n directa y la p\u00e9rdida de ayuntamientos clave reflejan un desgaste pol\u00edtico.<\/p>\n\n\n\n<p>La adversidad se le sobreviene a Morena en las pr\u00f3ximas elecciones intermedias en el estado de Veracruz, miles de ciudadanos comentan que ya se equivocaron, que cometieron un error al confiar en los candidatos que abander\u00f3 este instituto pol\u00edtico, pero aseguran que no caer\u00e1n en el mismo tropez\u00f3n, esto debido a la ingratitud, soberbia y cerraz\u00f3n de algunos de sus gobernantes y dirigentes en sus distintos niveles.<\/p>\n\n\n\n<p>El fuego amigo ha estado al orden del d\u00eda dentro de las huestes morenistas, este factor a lesionado y minado la cohesi\u00f3n interna y ha mostrado fisuras. En 2026, la revocaci\u00f3n de mandato se vio afectada por la falta de apoyo de aliados (como el PT), lo que evidencia l\u00edmites en su capacidad de negociaci\u00f3n interna.<\/p>\n\n\n\n<p>Efecto de la Alianza, la dependencia de partidos aliados (como el PVEM) para mantener mayor\u00edas ha ocultado una disminuci\u00f3n en la fuerza directa de Morena, esto ha evidenciado la falta de operadores pol\u00edticos y ha afectado a la 4t a tal grado que las iniciativas presidenciales no han podido pasar en el Congreso Federal.<\/p>\n\n\n\n<p>En v\u00edsperas del Congreso Nacional, el peri\u00f3dico El Pa\u00eds p\u00fablico un art\u00edculo donde resalta en el orden del d\u00eda y establece que los trabajos a\u00fan ser\u00e1n conducidos por Luisa Mar\u00eda Alcalde, presidenta saliente del CEN, y por el presidente del Consejo Nacional, Alfonso Durazo, gobernador de Sonora. Adem\u00e1s, el Congreso aprobar\u00e1 la integraci\u00f3n de nuevos consejeros y consejeras nacionales, entre los que se podr\u00eda encontrar Ariadna Montiel, actual secretaria del Bienestar y a quien todos apuntan como pr\u00f3xima presidenta del partido, y que debe ser consejera antes de ser considerada para ocupar el cargo. Tambi\u00e9n se har\u00e1 una reforma a los estatutos de Morena, que permitir\u00e1 dar viabilidad a los cambios.<br>Pero lo m\u00e1s interesante de este texto es que la a\u00fan presidenta nacional del partido, se establece que el Congreso Nacional sesionar\u00e1 para sustituir solo dos cargos del Comit\u00e9 Ejecutivo Nacional: la presidencia, que dej\u00f3 vacante Alcalde, y la Secretar\u00eda de Finanzas, ocupada actualmente por Iv\u00e1n Herrera Zazueta. Los dem\u00e1s cargos, electos en septiembre de 2024 para un periodo de tres a\u00f1os, quedan sin cambios: Secretar\u00eda General, Organizaci\u00f3n, Mujeres, J\u00f3venes, Diversidad Sexual, Pueblos Originarios, Movimientos Sociales, Mexicanos en el Exterior, Ciencia y Cultura, y la de Comunicaci\u00f3n, Difusi\u00f3n y Propaganda.<\/p>\n\n\n\n<p>Andr\u00e9s Manuel L\u00f3pez Beltr\u00e1n ha librado, al menos moment\u00e1neamente, la intervenci\u00f3n de la presidenta Claudia Sheinbaum en la dirigencia nacional de Morena. La Secretar\u00eda de Organizaci\u00f3n, que encabeza el hijo del expresidente Andr\u00e9s Manuel L\u00f3pez Obrador, no ha sido considerada en la convocatoria al Congreso Nacional de Morena, en el que se elegir\u00e1 una nueva presidencia tras la renuncia de Luisa Mar\u00eda Alcalde.<\/p>\n\n\n\n<p>Andr\u00e9s L\u00f3pez Beltr\u00e1n ha evitado pronunciarse p\u00fablicamente sobre los cambios que se han precipitado en su partido en los \u00faltimos d\u00edas; sin embargo, hace una semana todav\u00eda encabez\u00f3 una reuni\u00f3n con diputados federales de Morena para planear la estrategia territorial de las elecciones que se celebrar\u00e1n el pr\u00f3ximo 7 de junio en Coahuila, donde se renovar\u00e1 el Congreso local, y en las que Morena compite sin sus aliados y con pocas posibilidades de triunfo. Fuentes de Morena aseguran que el hijo del expresidente podr\u00eda mantenerse en la Secretar\u00eda de Organizaci\u00f3n, al menos hasta que se celebren dichos comicios.<\/p>\n\n\n\n<p>Por lo pronto, la convocatoria al Congreso Nacional precisa que, la nueva dirigencia ser\u00e1 electa para concluir el periodo para el que fue electa Luisa Mar\u00eda Alcalde (del 3 de mayo de 2026 al 1 de octubre de 2027); es decir, ser\u00e1 un cargo interino para salir de la crisis en la que se ha metido el partido y afrontar las elecciones federales y locales del pr\u00f3ximo a\u00f1o. \u201cEl eventual nombramiento y ratificaci\u00f3n de sus integrantes deber\u00e1 fortalecer la organizaci\u00f3n y velar por el legado que ha construido el licenciado Andr\u00e9s Manuel L\u00f3pez Obrador y apoyar la presidencia de la doctora Claudia Sheinbaum Pardo\u201d, se lee en la convocatoria.<\/p>\n\n\n\n<p>El Congreso Nacional ser\u00e1 el \u00faltimo paso de una intervenci\u00f3n iniciada desde hace dos semanas por la presidenta Claudia Sheinbaum en su partido; primero, con la renuncia de Citlalli Hern\u00e1ndez a la Secretar\u00eda de las Mujeres, para colocarla como presidenta de la Comisi\u00f3n de Elecciones de Morena, y luego con la invitaci\u00f3n que le hizo a Luisa Mar\u00eda Alcalde para ocupar la Consejer\u00eda Jur\u00eddica de la Presidencia de la Rep\u00fablica, tras la renuncia de Esthela Dami\u00e1n a ese cargo para buscar la gubernatura de Guerrero.<\/p>\n\n\n\n<p>Se otorgaron los diputados federales un \u201cdomingo\u201d de 2.5 millones de pesos<\/p>\n\n\n\n<p>A finales de 2025 y principios de 2026, la bancada de Morena en la C\u00e1mara de Diputados federal enfrent\u00f3 se\u00f1alamientos por el manejo de recursos sin comprobar, incluyendo un apoyo econ\u00f3mico adicional tipo \u00abdomingo\u00bb y gastos de operaci\u00f3n.<\/p>\n\n\n\n<p>Aqu\u00ed los detalles principales:<br>\u00abDomingo\u00bb de 2.5 MDP (2026): En v\u00edsperas del fin de periodo, la fracci\u00f3n de Morena otorg\u00f3 a sus 253 legisladores un \u00abapoyo\u00bb de 10 mil pesos a cada uno, a trav\u00e9s de un monedero electr\u00f3nico de la marca Broxel, sumando una bolsa de 2.5 millones de pesos.<\/p>\n\n\n\n<p>Contexto de la entrega, se report\u00f3 que esta cantidad no forma parte de las asignaciones ni prerrogativas oficiales del Congreso de la Uni\u00f3n. Esta es la segunda entrega de este tipo, tras una previa en diciembre de 2025.<\/p>\n\n\n\n<p>M\u00e1s de 100 MDP sin comprobar (2025): Una revisi\u00f3n interna detect\u00f3 que 126 diputados morenistas no comprobaron el destino de 101.2 millones de pesos recibidos mensualmente por concepto de \u00abatenci\u00f3n ciudadana\u00bb entre enero y octubre de 2025.<\/p>\n\n\n\n<p>Fuga de dinero detectada, Ricardo Monreal, entonces coordinador, detect\u00f3 la irregularidad y exigi\u00f3 a los legisladores justificar el gasto o devolver los recursos, tras detectarse que muchos no contaban con las oficinas de enlace ciudadanas obligatorias.<\/p>\n\n\n\n<p>Gasto en \u00abMa\u00f1anera Legislativa\u00bb: Adem\u00e1s, se report\u00f3 un gasto de 2 millones de pesos de las subvenciones del grupo parlamentario para adecuar un escenario para la \u00abMa\u00f1anera Legislativa\u00bb en San L\u00e1zaro, proyecto iniciado en enero de 2025.<\/p>\n\n\n\n<p>Situaci\u00f3n de transparencia:<br>Aunque el reglamento obliga a los diputados a informar el uso de recursos, se report\u00f3 una \u00abfuga\u00bb de dinero bajo el supuesto de oficinas de atenci\u00f3n que no existen (oficinas fantasmas). Adem\u00e1s, el 60% de los diputados de la bancada no presentaron informes de labores pese a recibir recursos para ello.<\/p>\n\n\n\n<p>Hasta el momento de redactar esta columna ning\u00fan diputado federal del partido guinda a salido al paso, para explicar sobre el motivo, causa o justificaci\u00f3n sobre este bono otorgado.<\/p>\n\n\n\n<p><\/p>\n","protected":false},"excerpt":{"rendered":"<p>Fanny Y\u00e9pezLa Columna El Movimiento de Regeneraci\u00f3n Nacional enfrenta la renovaci\u00f3n de su dirigencia nacional con tensiones, confrontaciones, divisiones y fracturas pol\u00edticas internas y debates sobre si el partido atraviesa por una crisis de liderazgo tras la gesti\u00f3n anterior. Los resultados electorales y an\u00e1lisis pol\u00edticos m\u00e1s recientes (2025-2026) apuntan a un escenario complejo para Morena, [&hellip;]<\/p>\n","protected":false},"author":2,"featured_media":141383,"comment_status":"closed","ping_status":"closed","sticky":false,"template":"","format":"standard","meta":{"tdm_status":"","tdm_grid_status":"","footnotes":""},"categories":[70],"tags":[41741,38988,3398,21808,1026],"class_list":{"0":"post-170096","1":"post","2":"type-post","3":"status-publish","4":"format-standard","5":"has-post-thumbnail","7":"category-de-opinion","8":"tag-andy-lopez-beltran","9":"tag-diputados-federales-de-morena","10":"tag-fanny-yepez","11":"tag-fuego-amigo","12":"tag-morena"},"yoast_head":"<!-- This site is optimized with the Yoast SEO plugin v27.4 - https:\/\/yoast.com\/product\/yoast-seo-wordpress\/ -->\n<title>MORENA, ESCENARIO COMPLEJO - Los pol\u00edticos Veracruz<\/title>\n<meta name=\"robots\" content=\"index, follow, max-snippet:-1, max-image-preview:large, max-video-preview:-1\" \/>\n<link rel=\"canonical\" href=\"https:\/\/lospoliticosveracruz.com\/?p=170096\" \/>\n<meta property=\"og:locale\" content=\"es_ES\" \/>\n<meta property=\"og:type\" content=\"article\" \/>\n<meta property=\"og:title\" content=\"MORENA, ESCENARIO COMPLEJO - Los pol\u00edticos Veracruz\" \/>\n<meta property=\"og:description\" content=\"Fanny Y\u00e9pezLa Columna El Movimiento de Regeneraci\u00f3n Nacional enfrenta la renovaci\u00f3n de su dirigencia nacional con tensiones, confrontaciones, divisiones y fracturas pol\u00edticas internas y debates sobre si el partido atraviesa por una crisis de liderazgo tras la gesti\u00f3n anterior. Los resultados electorales y an\u00e1lisis pol\u00edticos m\u00e1s recientes (2025-2026) apuntan a un escenario complejo para Morena, [&hellip;]\" \/>\n<meta property=\"og:url\" content=\"https:\/\/lospoliticosveracruz.com\/?p=170096\" \/>\n<meta property=\"og:site_name\" content=\"Los pol\u00edticos Veracruz\" \/>\n<meta property=\"article:publisher\" content=\"https:\/\/www.facebook.com\/people\/Notimemes-de-los-Polticos\/61565672886568\/\" \/>\n<meta property=\"article:published_time\" content=\"2026-04-29T11:55:51+00:00\" \/>\n<meta property=\"article:modified_time\" content=\"2026-04-29T11:55:52+00:00\" \/>\n<meta property=\"og:image\" content=\"https:\/\/lospoliticosveracruz.com\/wp-content\/uploads\/2025\/04\/Fanny-Yepez-Luna-e1768657334923.jpg\" \/>\n\t<meta property=\"og:image:width\" content=\"600\" \/>\n\t<meta property=\"og:image:height\" content=\"320\" \/>\n\t<meta property=\"og:image:type\" content=\"image\/jpeg\" \/>\n<meta name=\"author\" content=\"Lo viste en Los Pol\u00edticos\" \/>\n<meta name=\"twitter:card\" content=\"summary_large_image\" \/>\n<meta name=\"twitter:creator\" content=\"@LosPoliticosVer\" \/>\n<meta name=\"twitter:site\" content=\"@LosPoliticosVer\" \/>\n<meta name=\"twitter:label1\" content=\"Escrito por\" \/>\n\t<meta name=\"twitter:data1\" content=\"Lo viste en Los Pol\u00edticos\" \/>\n\t<meta name=\"twitter:label2\" content=\"Tiempo de lectura\" \/>\n\t<meta name=\"twitter:data2\" content=\"6 minutos\" \/>\n<script type=\"application\/ld+json\" class=\"yoast-schema-graph\">{\"@context\":\"https:\\\/\\\/schema.org\",\"@graph\":[{\"@type\":\"Article\",\"@id\":\"https:\\\/\\\/lospoliticosveracruz.com\\\/?p=170096#article\",\"isPartOf\":{\"@id\":\"https:\\\/\\\/lospoliticosveracruz.com\\\/?p=170096\"},\"author\":{\"name\":\"Lo viste en Los Pol\u00edticos\",\"@id\":\"https:\\\/\\\/lospoliticosveracruz.com\\\/#\\\/schema\\\/person\\\/b8702bb0e538456e6efd07080bf2a4a2\"},\"headline\":\"MORENA, ESCENARIO COMPLEJO\",\"datePublished\":\"2026-04-29T11:55:51+00:00\",\"dateModified\":\"2026-04-29T11:55:52+00:00\",\"mainEntityOfPage\":{\"@id\":\"https:\\\/\\\/lospoliticosveracruz.com\\\/?p=170096\"},\"wordCount\":1315,\"publisher\":{\"@id\":\"https:\\\/\\\/lospoliticosveracruz.com\\\/#organization\"},\"image\":{\"@id\":\"https:\\\/\\\/lospoliticosveracruz.com\\\/?p=170096#primaryimage\"},\"thumbnailUrl\":\"https:\\\/\\\/lospoliticosveracruz.com\\\/wp-content\\\/uploads\\\/2025\\\/04\\\/Fanny-Yepez-Luna-e1768657334923.jpg\",\"keywords\":[\"Andy L\u00f3pez Beltr\u00e1n\",\"Diputados federales de Morena\",\"Fanny Y\u00e9pez\",\"Fuego Amigo\",\"Morena\"],\"articleSection\":[\"De Opini\u00f3n\"],\"inLanguage\":\"es\"},{\"@type\":\"WebPage\",\"@id\":\"https:\\\/\\\/lospoliticosveracruz.com\\\/?p=170096\",\"url\":\"https:\\\/\\\/lospoliticosveracruz.com\\\/?p=170096\",\"name\":\"MORENA, ESCENARIO COMPLEJO - Los pol\u00edticos Veracruz\",\"isPartOf\":{\"@id\":\"https:\\\/\\\/lospoliticosveracruz.com\\\/#website\"},\"primaryImageOfPage\":{\"@id\":\"https:\\\/\\\/lospoliticosveracruz.com\\\/?p=170096#primaryimage\"},\"image\":{\"@id\":\"https:\\\/\\\/lospoliticosveracruz.com\\\/?p=170096#primaryimage\"},\"thumbnailUrl\":\"https:\\\/\\\/lospoliticosveracruz.com\\\/wp-content\\\/uploads\\\/2025\\\/04\\\/Fanny-Yepez-Luna-e1768657334923.jpg\",\"datePublished\":\"2026-04-29T11:55:51+00:00\",\"dateModified\":\"2026-04-29T11:55:52+00:00\",\"breadcrumb\":{\"@id\":\"https:\\\/\\\/lospoliticosveracruz.com\\\/?p=170096#breadcrumb\"},\"inLanguage\":\"es\",\"potentialAction\":[{\"@type\":\"ReadAction\",\"target\":[\"https:\\\/\\\/lospoliticosveracruz.com\\\/?p=170096\"]}]},{\"@type\":\"ImageObject\",\"inLanguage\":\"es\",\"@id\":\"https:\\\/\\\/lospoliticosveracruz.com\\\/?p=170096#primaryimage\",\"url\":\"https:\\\/\\\/lospoliticosveracruz.com\\\/wp-content\\\/uploads\\\/2025\\\/04\\\/Fanny-Yepez-Luna-e1768657334923.jpg\",\"contentUrl\":\"https:\\\/\\\/lospoliticosveracruz.com\\\/wp-content\\\/uploads\\\/2025\\\/04\\\/Fanny-Yepez-Luna-e1768657334923.jpg\",\"width\":600,\"height\":320},{\"@type\":\"BreadcrumbList\",\"@id\":\"https:\\\/\\\/lospoliticosveracruz.com\\\/?p=170096#breadcrumb\",\"itemListElement\":[{\"@type\":\"ListItem\",\"position\":1,\"name\":\"Portada\",\"item\":\"https:\\\/\\\/lospoliticosveracruz.com\\\/\"},{\"@type\":\"ListItem\",\"position\":2,\"name\":\"MORENA, ESCENARIO COMPLEJO\"}]},{\"@type\":\"WebSite\",\"@id\":\"https:\\\/\\\/lospoliticosveracruz.com\\\/#website\",\"url\":\"https:\\\/\\\/lospoliticosveracruz.com\\\/\",\"name\":\"Los pol\u00edticos Veracruz\",\"description\":\"\",\"publisher\":{\"@id\":\"https:\\\/\\\/lospoliticosveracruz.com\\\/#organization\"},\"potentialAction\":[{\"@type\":\"SearchAction\",\"target\":{\"@type\":\"EntryPoint\",\"urlTemplate\":\"https:\\\/\\\/lospoliticosveracruz.com\\\/?s={search_term_string}\"},\"query-input\":{\"@type\":\"PropertyValueSpecification\",\"valueRequired\":true,\"valueName\":\"search_term_string\"}}],\"inLanguage\":\"es\"},{\"@type\":\"Organization\",\"@id\":\"https:\\\/\\\/lospoliticosveracruz.com\\\/#organization\",\"name\":\"Los pol\u00edticos Veracruz\",\"url\":\"https:\\\/\\\/lospoliticosveracruz.com\\\/\",\"logo\":{\"@type\":\"ImageObject\",\"inLanguage\":\"es\",\"@id\":\"https:\\\/\\\/lospoliticosveracruz.com\\\/#\\\/schema\\\/logo\\\/image\\\/\",\"url\":\"https:\\\/\\\/lospoliticosveracruz.com\\\/wp-content\\\/uploads\\\/2025\\\/12\\\/Logo-Nuevo-LOS-POLITICOS-1.jpg\",\"contentUrl\":\"https:\\\/\\\/lospoliticosveracruz.com\\\/wp-content\\\/uploads\\\/2025\\\/12\\\/Logo-Nuevo-LOS-POLITICOS-1.jpg\",\"width\":260,\"height\":70,\"caption\":\"Los pol\u00edticos Veracruz\"},\"image\":{\"@id\":\"https:\\\/\\\/lospoliticosveracruz.com\\\/#\\\/schema\\\/logo\\\/image\\\/\"},\"sameAs\":[\"https:\\\/\\\/www.facebook.com\\\/people\\\/Notimemes-de-los-Polticos\\\/61565672886568\\\/\",\"https:\\\/\\\/x.com\\\/LosPoliticosVer\"]},{\"@type\":\"Person\",\"@id\":\"https:\\\/\\\/lospoliticosveracruz.com\\\/#\\\/schema\\\/person\\\/b8702bb0e538456e6efd07080bf2a4a2\",\"name\":\"Lo viste en Los Pol\u00edticos\",\"image\":{\"@type\":\"ImageObject\",\"inLanguage\":\"es\",\"@id\":\"https:\\\/\\\/secure.gravatar.com\\\/avatar\\\/3a8de04a2656d44082be478bd6c086daa447c4651605818287b9532d3d0bd435?s=96&d=mm&r=g\",\"url\":\"https:\\\/\\\/secure.gravatar.com\\\/avatar\\\/3a8de04a2656d44082be478bd6c086daa447c4651605818287b9532d3d0bd435?s=96&d=mm&r=g\",\"contentUrl\":\"https:\\\/\\\/secure.gravatar.com\\\/avatar\\\/3a8de04a2656d44082be478bd6c086daa447c4651605818287b9532d3d0bd435?s=96&d=mm&r=g\",\"caption\":\"Lo viste en Los Pol\u00edticos\"},\"url\":\"https:\\\/\\\/lospoliticosveracruz.com\\\/?author=2\"}]}<\/script>\n<!-- \/ Yoast SEO plugin. -->","yoast_head_json":{"title":"MORENA, ESCENARIO COMPLEJO - Los pol\u00edticos Veracruz","robots":{"index":"index","follow":"follow","max-snippet":"max-snippet:-1","max-image-preview":"max-image-preview:large","max-video-preview":"max-video-preview:-1"},"canonical":"https:\/\/lospoliticosveracruz.com\/?p=170096","og_locale":"es_ES","og_type":"article","og_title":"MORENA, ESCENARIO COMPLEJO - Los pol\u00edticos Veracruz","og_description":"Fanny Y\u00e9pezLa Columna El Movimiento de Regeneraci\u00f3n Nacional enfrenta la renovaci\u00f3n de su dirigencia nacional con tensiones, confrontaciones, divisiones y fracturas pol\u00edticas internas y debates sobre si el partido atraviesa por una crisis de liderazgo tras la gesti\u00f3n anterior. Los resultados electorales y an\u00e1lisis pol\u00edticos m\u00e1s recientes (2025-2026) apuntan a un escenario complejo para Morena, [&hellip;]","og_url":"https:\/\/lospoliticosveracruz.com\/?p=170096","og_site_name":"Los pol\u00edticos Veracruz","article_publisher":"https:\/\/www.facebook.com\/people\/Notimemes-de-los-Polticos\/61565672886568\/","article_published_time":"2026-04-29T11:55:51+00:00","article_modified_time":"2026-04-29T11:55:52+00:00","og_image":[{"width":600,"height":320,"url":"https:\/\/lospoliticosveracruz.com\/wp-content\/uploads\/2025\/04\/Fanny-Yepez-Luna-e1768657334923.jpg","type":"image\/jpeg"}],"author":"Lo viste en Los Pol\u00edticos","twitter_card":"summary_large_image","twitter_creator":"@LosPoliticosVer","twitter_site":"@LosPoliticosVer","twitter_misc":{"Escrito por":"Lo viste en Los Pol\u00edticos","Tiempo de lectura":"6 minutos"},"schema":{"@context":"https:\/\/schema.org","@graph":[{"@type":"Article","@id":"https:\/\/lospoliticosveracruz.com\/?p=170096#article","isPartOf":{"@id":"https:\/\/lospoliticosveracruz.com\/?p=170096"},"author":{"name":"Lo viste en Los Pol\u00edticos","@id":"https:\/\/lospoliticosveracruz.com\/#\/schema\/person\/b8702bb0e538456e6efd07080bf2a4a2"},"headline":"MORENA, ESCENARIO COMPLEJO","datePublished":"2026-04-29T11:55:51+00:00","dateModified":"2026-04-29T11:55:52+00:00","mainEntityOfPage":{"@id":"https:\/\/lospoliticosveracruz.com\/?p=170096"},"wordCount":1315,"publisher":{"@id":"https:\/\/lospoliticosveracruz.com\/#organization"},"image":{"@id":"https:\/\/lospoliticosveracruz.com\/?p=170096#primaryimage"},"thumbnailUrl":"https:\/\/lospoliticosveracruz.com\/wp-content\/uploads\/2025\/04\/Fanny-Yepez-Luna-e1768657334923.jpg","keywords":["Andy L\u00f3pez Beltr\u00e1n","Diputados federales de Morena","Fanny Y\u00e9pez","Fuego Amigo","Morena"],"articleSection":["De Opini\u00f3n"],"inLanguage":"es"},{"@type":"WebPage","@id":"https:\/\/lospoliticosveracruz.com\/?p=170096","url":"https:\/\/lospoliticosveracruz.com\/?p=170096","name":"MORENA, ESCENARIO COMPLEJO - Los pol\u00edticos Veracruz","isPartOf":{"@id":"https:\/\/lospoliticosveracruz.com\/#website"},"primaryImageOfPage":{"@id":"https:\/\/lospoliticosveracruz.com\/?p=170096#primaryimage"},"image":{"@id":"https:\/\/lospoliticosveracruz.com\/?p=170096#primaryimage"},"thumbnailUrl":"https:\/\/lospoliticosveracruz.com\/wp-content\/uploads\/2025\/04\/Fanny-Yepez-Luna-e1768657334923.jpg","datePublished":"2026-04-29T11:55:51+00:00","dateModified":"2026-04-29T11:55:52+00:00","breadcrumb":{"@id":"https:\/\/lospoliticosveracruz.com\/?p=170096#breadcrumb"},"inLanguage":"es","potentialAction":[{"@type":"ReadAction","target":["https:\/\/lospoliticosveracruz.com\/?p=170096"]}]},{"@type":"ImageObject","inLanguage":"es","@id":"https:\/\/lospoliticosveracruz.com\/?p=170096#primaryimage","url":"https:\/\/lospoliticosveracruz.com\/wp-content\/uploads\/2025\/04\/Fanny-Yepez-Luna-e1768657334923.jpg","contentUrl":"https:\/\/lospoliticosveracruz.com\/wp-content\/uploads\/2025\/04\/Fanny-Yepez-Luna-e1768657334923.jpg","width":600,"height":320},{"@type":"BreadcrumbList","@id":"https:\/\/lospoliticosveracruz.com\/?p=170096#breadcrumb","itemListElement":[{"@type":"ListItem","position":1,"name":"Portada","item":"https:\/\/lospoliticosveracruz.com\/"},{"@type":"ListItem","position":2,"name":"MORENA, ESCENARIO COMPLEJO"}]},{"@type":"WebSite","@id":"https:\/\/lospoliticosveracruz.com\/#website","url":"https:\/\/lospoliticosveracruz.com\/","name":"Los pol\u00edticos Veracruz","description":"","publisher":{"@id":"https:\/\/lospoliticosveracruz.com\/#organization"},"potentialAction":[{"@type":"SearchAction","target":{"@type":"EntryPoint","urlTemplate":"https:\/\/lospoliticosveracruz.com\/?s={search_term_string}"},"query-input":{"@type":"PropertyValueSpecification","valueRequired":true,"valueName":"search_term_string"}}],"inLanguage":"es"},{"@type":"Organization","@id":"https:\/\/lospoliticosveracruz.com\/#organization","name":"Los pol\u00edticos Veracruz","url":"https:\/\/lospoliticosveracruz.com\/","logo":{"@type":"ImageObject","inLanguage":"es","@id":"https:\/\/lospoliticosveracruz.com\/#\/schema\/logo\/image\/","url":"https:\/\/lospoliticosveracruz.com\/wp-content\/uploads\/2025\/12\/Logo-Nuevo-LOS-POLITICOS-1.jpg","contentUrl":"https:\/\/lospoliticosveracruz.com\/wp-content\/uploads\/2025\/12\/Logo-Nuevo-LOS-POLITICOS-1.jpg","width":260,"height":70,"caption":"Los pol\u00edticos Veracruz"},"image":{"@id":"https:\/\/lospoliticosveracruz.com\/#\/schema\/logo\/image\/"},"sameAs":["https:\/\/www.facebook.com\/people\/Notimemes-de-los-Polticos\/61565672886568\/","https:\/\/x.com\/LosPoliticosVer"]},{"@type":"Person","@id":"https:\/\/lospoliticosveracruz.com\/#\/schema\/person\/b8702bb0e538456e6efd07080bf2a4a2","name":"Lo viste en Los Pol\u00edticos","image":{"@type":"ImageObject","inLanguage":"es","@id":"https:\/\/secure.gravatar.com\/avatar\/3a8de04a2656d44082be478bd6c086daa447c4651605818287b9532d3d0bd435?s=96&d=mm&r=g","url":"https:\/\/secure.gravatar.com\/avatar\/3a8de04a2656d44082be478bd6c086daa447c4651605818287b9532d3d0bd435?s=96&d=mm&r=g","contentUrl":"https:\/\/secure.gravatar.com\/avatar\/3a8de04a2656d44082be478bd6c086daa447c4651605818287b9532d3d0bd435?s=96&d=mm&r=g","caption":"Lo viste en Los Pol\u00edticos"},"url":"https:\/\/lospoliticosveracruz.com\/?author=2"}]}},"_links":{"self":[{"href":"https:\/\/lospoliticosveracruz.com\/index.php?rest_route=\/wp\/v2\/posts\/170096","targetHints":{"allow":["GET"]}}],"collection":[{"href":"https:\/\/lospoliticosveracruz.com\/index.php?rest_route=\/wp\/v2\/posts"}],"about":[{"href":"https:\/\/lospoliticosveracruz.com\/index.php?rest_route=\/wp\/v2\/types\/post"}],"author":[{"embeddable":true,"href":"https:\/\/lospoliticosveracruz.com\/index.php?rest_route=\/wp\/v2\/users\/2"}],"replies":[{"embeddable":true,"href":"https:\/\/lospoliticosveracruz.com\/index.php?rest_route=%2Fwp%2Fv2%2Fcomments&post=170096"}],"version-history":[{"count":1,"href":"https:\/\/lospoliticosveracruz.com\/index.php?rest_route=\/wp\/v2\/posts\/170096\/revisions"}],"predecessor-version":[{"id":170097,"href":"https:\/\/lospoliticosveracruz.com\/index.php?rest_route=\/wp\/v2\/posts\/170096\/revisions\/170097"}],"wp:featuredmedia":[{"embeddable":true,"href":"https:\/\/lospoliticosveracruz.com\/index.php?rest_route=\/wp\/v2\/media\/141383"}],"wp:attachment":[{"href":"https:\/\/lospoliticosveracruz.com\/index.php?rest_route=%2Fwp%2Fv2%2Fmedia&parent=170096"}],"wp:term":[{"taxonomy":"category","embeddable":true,"href":"https:\/\/lospoliticosveracruz.com\/index.php?rest_route=%2Fwp%2Fv2%2Fcategories&post=170096"},{"taxonomy":"post_tag","embeddable":true,"href":"https:\/\/lospoliticosveracruz.com\/index.php?rest_route=%2Fwp%2Fv2%2Ftags&post=170096"}],"curies":[{"name":"wp","href":"https:\/\/api.w.org\/{rel}","templated":true}]}}