{"id":170099,"date":"2026-04-29T06:02:40","date_gmt":"2026-04-29T12:02:40","guid":{"rendered":"https:\/\/lospoliticosveracruz.com\/?p=170099"},"modified":"2026-04-29T06:02:41","modified_gmt":"2026-04-29T12:02:41","slug":"del-rio-caceria-a-un-hombre-incomodo","status":"publish","type":"post","link":"https:\/\/lospoliticosveracruz.com\/?p=170099","title":{"rendered":"DEL R\u00cdO, CACER\u00cdA A UN HOMBRE INC\u00d3MODO"},"content":{"rendered":"\n<p><strong>Omar Z\u00fa\u00f1iga<\/strong><br><em>De Primera Mano<\/em><\/p>\n\n\n\n<p>Hay en la pol\u00edtica veracruzana una pr\u00e1ctica tan vieja como el poder mismo: cuando no se puede derrotar a alguien con argumentos, se le entierra con rumores.&nbsp;<\/p>\n\n\n\n<p><strong>Jos\u00e9 Manuel del R\u00edo Virgen<\/strong>&nbsp;conoce bien ese lodazal, porque lleva&nbsp;ya un muy buen rato&nbsp;siendo su principal v\u00edctima.<\/p>\n\n\n\n<p>Las conspiraciones que circulan en los corrillos del poder estatal no son casuales ni espont\u00e1neas.&nbsp;<\/p>\n\n\n\n<p>Tienen autor\u00eda, aunque sus&nbsp;jilgueros&nbsp;prefieran el anonimato de la&nbsp;cobard\u00eda.&nbsp;<\/p>\n\n\n\n<p>Son piezas de una campa\u00f1a sistem\u00e1tica de desprestigio que arranc\u00f3, con llamativa puntualidad, desde el inicio de la actual administraci\u00f3n estatal.&nbsp;<\/p>\n\n\n\n<p>\u00bfLa raz\u00f3n de fondo? Su labor fiscalizadora ante la Auditor\u00eda Superior de la Federaci\u00f3n resulta inc\u00f3moda para quienes administran el dinero p\u00fablico con la certeza c\u00f3mplice de que nadie los mira de cerca.<\/p>\n\n\n\n<p>Lo que sus detractores no comprenden \u2014o fingen no comprender\u2014 es que la funci\u00f3n que ejerce Del R\u00edo en la ASF&nbsp;ya no opera bajo las reglas de otros tiempos.&nbsp;<\/p>\n\n\n\n<p>Hoy&nbsp;en d\u00eda,&nbsp;ese organismo trabaja en un contexto de transparencia; hay supervisi\u00f3n t\u00e9cnica, criterios institucionales y, sobre todo, rendici\u00f3n de cuentas. Ese cambio estructural les resulta tan amenazante como incomprensible.<\/p>\n\n\n\n<p><strong>Jos\u00e9 Manuel del R\u00edo Virgen<\/strong>&nbsp;cumple su encargo desde la Ciudad de M\u00e9xico con la solvencia \u00e9tica que lo ha caracterizado a lo largo de su trayectoria.&nbsp;<\/p>\n\n\n\n<p>Su reputaci\u00f3n no se construy\u00f3 en los pasillos del rumor, sino en&nbsp;un largo camino de&nbsp;trabajo sostenido y en la honestidad que, en el medio en el que se desnvuelve, escasea.<\/p>\n\n\n\n<p>Los que le cargan hasta la ola de calor que azota a Veracruz&nbsp;seguir\u00e1n intent\u00e1ndolo, pero la p\u00f3lvora mojada no&nbsp;estalla, por m\u00e1s que se le encienda la mecha.<\/p>\n\n\n\n<p>Y el karma, como suele ocurrir, lleva su propio registro.<\/p>\n\n\n\n<p>Al tiempo\u2026<\/p>\n\n\n\n<p>*****<\/p>\n\n\n\n<p>Y hablando de la ola de calor y de c\u00f3mo influye en la gente hasta volverla loca, ayer nos enjaretamos&nbsp;las declaraciones de&nbsp;un se\u00f1or de la tercera edad que ya sufre demencia senil&nbsp;(NO es el&nbsp;<strong>Ner\u00f3n de Macuspana<\/strong>).<\/p>\n\n\n\n<p>Dijo que al estado (Veracruz) le falta visi\u00f3n,&nbsp;que hay falta de&nbsp;conocimiento de&nbsp;la entidad,&nbsp;que no hay&nbsp;voluntad pol\u00edtica, porque al frente del gobierno hay \u201calguien\u201d que no es originario de Veracruz, por que se desconoce y no se tiene&nbsp;la visi\u00f3n&nbsp;y que esta administraci\u00f3n&nbsp;es un error.<\/p>\n\n\n\n<p>Estas declaraciones no provienen de&nbsp;<strong>Alito Moreno<\/strong>o de&nbsp;<strong>Jorge Maynez<\/strong>,&nbsp;<strong>Dante Delgado<\/strong>, vaya \u00a1ni siquiera de&nbsp;<strong>Luis&nbsp;<\/strong><strong>Carbonell<\/strong>!, si no que provienen de un tal&nbsp;<strong>Atan(e)asio Garc\u00eda<\/strong>, padre de uno de los peores gobernadores que ha tenido Veracruz,&nbsp;el in\u00fatil de&nbsp;<strong>Cuitl\u00e1huac Garc\u00eda<\/strong>&nbsp;que fue premiado con la direcci\u00f3n de Cenagas.<\/p>\n\n\n\n<p>Con esto se comprueba una vez m\u00e1s que&nbsp;Cuitl\u00e1huac&nbsp;adem\u00e1s de ser in\u00fatil tambi\u00e9n es un cobarde que&nbsp;no tiene el valor de&nbsp;enfrentar&nbsp;las cosas&nbsp;y decirlas de frente; por el contrario&nbsp;sigue escondi\u00e9ndose en la trusa del padre&nbsp;para decirlas, pues&nbsp;por si fuera poco, Cuitlahuitac de casi 60 a\u00f1os, sigue viviendo en la casa paterna.<\/p>\n\n\n\n<p>Ya se ver\u00e1n las conseciencias en corto plazo de este escupitajo al cielo.<\/p>\n\n\n\n<p>Por cierto, hoy es mi\u00e9rcoles, y no, no cay\u00f3 en fin de semana.<\/p>\n\n\n\n<p>\u00a1Qu\u00e9 barbaridad!<\/p>\n\n\n\n<p>deprimera.mano2020@gmail.com<\/p>\n\n\n\n<p><\/p>\n","protected":false},"excerpt":{"rendered":"<p>Omar Z\u00fa\u00f1igaDe Primera Mano Hay en la pol\u00edtica veracruzana una pr\u00e1ctica tan vieja como el poder mismo: cuando no se puede derrotar a alguien con argumentos, se le entierra con rumores.&nbsp; Jos\u00e9 Manuel del R\u00edo Virgen&nbsp;conoce bien ese lodazal, porque lleva&nbsp;ya un muy buen rato&nbsp;siendo su principal v\u00edctima. Las conspiraciones que circulan en los corrillos [&hellip;]<\/p>\n","protected":false},"author":2,"featured_media":141427,"comment_status":"closed","ping_status":"closed","sticky":false,"template":"","format":"standard","meta":{"tdm_status":"","tdm_grid_status":"","footnotes":""},"categories":[70],"tags":[62679,38769,28705],"class_list":{"0":"post-170099","1":"post","2":"type-post","3":"status-publish","4":"format-standard","5":"has-post-thumbnail","7":"category-de-opinion","8":"tag-atanasio-garcia-duran","9":"tag-jose-manuel-del-rio-virgen-3","10":"tag-omar-zuniga"},"yoast_head":"<!-- This site is optimized with the Yoast SEO plugin v27.4 - https:\/\/yoast.com\/product\/yoast-seo-wordpress\/ -->\n<title>DEL R\u00cdO, CACER\u00cdA A UN HOMBRE INC\u00d3MODO - Los pol\u00edticos Veracruz<\/title>\n<meta name=\"robots\" content=\"index, follow, max-snippet:-1, max-image-preview:large, max-video-preview:-1\" \/>\n<link rel=\"canonical\" href=\"https:\/\/lospoliticosveracruz.com\/?p=170099\" \/>\n<meta property=\"og:locale\" content=\"es_ES\" \/>\n<meta property=\"og:type\" content=\"article\" \/>\n<meta property=\"og:title\" content=\"DEL R\u00cdO, CACER\u00cdA A UN HOMBRE INC\u00d3MODO - Los pol\u00edticos Veracruz\" \/>\n<meta property=\"og:description\" content=\"Omar Z\u00fa\u00f1igaDe Primera Mano Hay en la pol\u00edtica veracruzana una pr\u00e1ctica tan vieja como el poder mismo: cuando no se puede derrotar a alguien con argumentos, se le entierra con rumores.&nbsp; Jos\u00e9 Manuel del R\u00edo Virgen&nbsp;conoce bien ese lodazal, porque lleva&nbsp;ya un muy buen rato&nbsp;siendo su principal v\u00edctima. Las conspiraciones que circulan en los corrillos [&hellip;]\" \/>\n<meta property=\"og:url\" content=\"https:\/\/lospoliticosveracruz.com\/?p=170099\" \/>\n<meta property=\"og:site_name\" content=\"Los pol\u00edticos Veracruz\" \/>\n<meta property=\"article:publisher\" content=\"https:\/\/www.facebook.com\/people\/Notimemes-de-los-Polticos\/61565672886568\/\" \/>\n<meta property=\"article:published_time\" content=\"2026-04-29T12:02:40+00:00\" \/>\n<meta property=\"article:modified_time\" content=\"2026-04-29T12:02:41+00:00\" \/>\n<meta property=\"og:image\" content=\"https:\/\/lospoliticosveracruz.com\/wp-content\/uploads\/2025\/04\/Omar-Zuniga.jpg\" \/>\n\t<meta property=\"og:image:width\" content=\"1250\" \/>\n\t<meta property=\"og:image:height\" content=\"667\" \/>\n\t<meta property=\"og:image:type\" content=\"image\/jpeg\" \/>\n<meta name=\"author\" content=\"Lo viste en Los Pol\u00edticos\" \/>\n<meta name=\"twitter:card\" content=\"summary_large_image\" \/>\n<meta name=\"twitter:creator\" content=\"@LosPoliticosVer\" \/>\n<meta name=\"twitter:site\" content=\"@LosPoliticosVer\" \/>\n<meta name=\"twitter:label1\" content=\"Escrito por\" \/>\n\t<meta name=\"twitter:data1\" content=\"Lo viste en Los Pol\u00edticos\" \/>\n\t<meta name=\"twitter:label2\" content=\"Tiempo de lectura\" \/>\n\t<meta name=\"twitter:data2\" content=\"3 minutos\" \/>\n<script type=\"application\/ld+json\" class=\"yoast-schema-graph\">{\"@context\":\"https:\\\/\\\/schema.org\",\"@graph\":[{\"@type\":\"Article\",\"@id\":\"https:\\\/\\\/lospoliticosveracruz.com\\\/?p=170099#article\",\"isPartOf\":{\"@id\":\"https:\\\/\\\/lospoliticosveracruz.com\\\/?p=170099\"},\"author\":{\"name\":\"Lo viste en Los Pol\u00edticos\",\"@id\":\"https:\\\/\\\/lospoliticosveracruz.com\\\/#\\\/schema\\\/person\\\/b8702bb0e538456e6efd07080bf2a4a2\"},\"headline\":\"DEL R\u00cdO, CACER\u00cdA A UN HOMBRE INC\u00d3MODO\",\"datePublished\":\"2026-04-29T12:02:40+00:00\",\"dateModified\":\"2026-04-29T12:02:41+00:00\",\"mainEntityOfPage\":{\"@id\":\"https:\\\/\\\/lospoliticosveracruz.com\\\/?p=170099\"},\"wordCount\":637,\"publisher\":{\"@id\":\"https:\\\/\\\/lospoliticosveracruz.com\\\/#organization\"},\"image\":{\"@id\":\"https:\\\/\\\/lospoliticosveracruz.com\\\/?p=170099#primaryimage\"},\"thumbnailUrl\":\"https:\\\/\\\/lospoliticosveracruz.com\\\/wp-content\\\/uploads\\\/2025\\\/04\\\/Omar-Zuniga.jpg\",\"keywords\":[\"Atanasio Garc\u00eda Dur\u00e1n\",\"Jos\u00e9 Manuel del R\u00edo V\u00edrgen\",\"Omar Z\u00fa\u00f1iga\"],\"articleSection\":[\"De Opini\u00f3n\"],\"inLanguage\":\"es\"},{\"@type\":\"WebPage\",\"@id\":\"https:\\\/\\\/lospoliticosveracruz.com\\\/?p=170099\",\"url\":\"https:\\\/\\\/lospoliticosveracruz.com\\\/?p=170099\",\"name\":\"DEL R\u00cdO, CACER\u00cdA A UN HOMBRE INC\u00d3MODO - Los pol\u00edticos Veracruz\",\"isPartOf\":{\"@id\":\"https:\\\/\\\/lospoliticosveracruz.com\\\/#website\"},\"primaryImageOfPage\":{\"@id\":\"https:\\\/\\\/lospoliticosveracruz.com\\\/?p=170099#primaryimage\"},\"image\":{\"@id\":\"https:\\\/\\\/lospoliticosveracruz.com\\\/?p=170099#primaryimage\"},\"thumbnailUrl\":\"https:\\\/\\\/lospoliticosveracruz.com\\\/wp-content\\\/uploads\\\/2025\\\/04\\\/Omar-Zuniga.jpg\",\"datePublished\":\"2026-04-29T12:02:40+00:00\",\"dateModified\":\"2026-04-29T12:02:41+00:00\",\"breadcrumb\":{\"@id\":\"https:\\\/\\\/lospoliticosveracruz.com\\\/?p=170099#breadcrumb\"},\"inLanguage\":\"es\",\"potentialAction\":[{\"@type\":\"ReadAction\",\"target\":[\"https:\\\/\\\/lospoliticosveracruz.com\\\/?p=170099\"]}]},{\"@type\":\"ImageObject\",\"inLanguage\":\"es\",\"@id\":\"https:\\\/\\\/lospoliticosveracruz.com\\\/?p=170099#primaryimage\",\"url\":\"https:\\\/\\\/lospoliticosveracruz.com\\\/wp-content\\\/uploads\\\/2025\\\/04\\\/Omar-Zuniga.jpg\",\"contentUrl\":\"https:\\\/\\\/lospoliticosveracruz.com\\\/wp-content\\\/uploads\\\/2025\\\/04\\\/Omar-Zuniga.jpg\",\"width\":1250,\"height\":667},{\"@type\":\"BreadcrumbList\",\"@id\":\"https:\\\/\\\/lospoliticosveracruz.com\\\/?p=170099#breadcrumb\",\"itemListElement\":[{\"@type\":\"ListItem\",\"position\":1,\"name\":\"Portada\",\"item\":\"https:\\\/\\\/lospoliticosveracruz.com\\\/\"},{\"@type\":\"ListItem\",\"position\":2,\"name\":\"DEL R\u00cdO, CACER\u00cdA A UN HOMBRE INC\u00d3MODO\"}]},{\"@type\":\"WebSite\",\"@id\":\"https:\\\/\\\/lospoliticosveracruz.com\\\/#website\",\"url\":\"https:\\\/\\\/lospoliticosveracruz.com\\\/\",\"name\":\"Los pol\u00edticos Veracruz\",\"description\":\"\",\"publisher\":{\"@id\":\"https:\\\/\\\/lospoliticosveracruz.com\\\/#organization\"},\"potentialAction\":[{\"@type\":\"SearchAction\",\"target\":{\"@type\":\"EntryPoint\",\"urlTemplate\":\"https:\\\/\\\/lospoliticosveracruz.com\\\/?s={search_term_string}\"},\"query-input\":{\"@type\":\"PropertyValueSpecification\",\"valueRequired\":true,\"valueName\":\"search_term_string\"}}],\"inLanguage\":\"es\"},{\"@type\":\"Organization\",\"@id\":\"https:\\\/\\\/lospoliticosveracruz.com\\\/#organization\",\"name\":\"Los pol\u00edticos Veracruz\",\"url\":\"https:\\\/\\\/lospoliticosveracruz.com\\\/\",\"logo\":{\"@type\":\"ImageObject\",\"inLanguage\":\"es\",\"@id\":\"https:\\\/\\\/lospoliticosveracruz.com\\\/#\\\/schema\\\/logo\\\/image\\\/\",\"url\":\"https:\\\/\\\/lospoliticosveracruz.com\\\/wp-content\\\/uploads\\\/2025\\\/12\\\/Logo-Nuevo-LOS-POLITICOS-1.jpg\",\"contentUrl\":\"https:\\\/\\\/lospoliticosveracruz.com\\\/wp-content\\\/uploads\\\/2025\\\/12\\\/Logo-Nuevo-LOS-POLITICOS-1.jpg\",\"width\":260,\"height\":70,\"caption\":\"Los pol\u00edticos Veracruz\"},\"image\":{\"@id\":\"https:\\\/\\\/lospoliticosveracruz.com\\\/#\\\/schema\\\/logo\\\/image\\\/\"},\"sameAs\":[\"https:\\\/\\\/www.facebook.com\\\/people\\\/Notimemes-de-los-Polticos\\\/61565672886568\\\/\",\"https:\\\/\\\/x.com\\\/LosPoliticosVer\"]},{\"@type\":\"Person\",\"@id\":\"https:\\\/\\\/lospoliticosveracruz.com\\\/#\\\/schema\\\/person\\\/b8702bb0e538456e6efd07080bf2a4a2\",\"name\":\"Lo viste en Los Pol\u00edticos\",\"image\":{\"@type\":\"ImageObject\",\"inLanguage\":\"es\",\"@id\":\"https:\\\/\\\/secure.gravatar.com\\\/avatar\\\/3a8de04a2656d44082be478bd6c086daa447c4651605818287b9532d3d0bd435?s=96&d=mm&r=g\",\"url\":\"https:\\\/\\\/secure.gravatar.com\\\/avatar\\\/3a8de04a2656d44082be478bd6c086daa447c4651605818287b9532d3d0bd435?s=96&d=mm&r=g\",\"contentUrl\":\"https:\\\/\\\/secure.gravatar.com\\\/avatar\\\/3a8de04a2656d44082be478bd6c086daa447c4651605818287b9532d3d0bd435?s=96&d=mm&r=g\",\"caption\":\"Lo viste en Los Pol\u00edticos\"},\"url\":\"https:\\\/\\\/lospoliticosveracruz.com\\\/?author=2\"}]}<\/script>\n<!-- \/ Yoast SEO plugin. -->","yoast_head_json":{"title":"DEL R\u00cdO, CACER\u00cdA A UN HOMBRE INC\u00d3MODO - Los pol\u00edticos Veracruz","robots":{"index":"index","follow":"follow","max-snippet":"max-snippet:-1","max-image-preview":"max-image-preview:large","max-video-preview":"max-video-preview:-1"},"canonical":"https:\/\/lospoliticosveracruz.com\/?p=170099","og_locale":"es_ES","og_type":"article","og_title":"DEL R\u00cdO, CACER\u00cdA A UN HOMBRE INC\u00d3MODO - Los pol\u00edticos Veracruz","og_description":"Omar Z\u00fa\u00f1igaDe Primera Mano Hay en la pol\u00edtica veracruzana una pr\u00e1ctica tan vieja como el poder mismo: cuando no se puede derrotar a alguien con argumentos, se le entierra con rumores.&nbsp; Jos\u00e9 Manuel del R\u00edo Virgen&nbsp;conoce bien ese lodazal, porque lleva&nbsp;ya un muy buen rato&nbsp;siendo su principal v\u00edctima. Las conspiraciones que circulan en los corrillos [&hellip;]","og_url":"https:\/\/lospoliticosveracruz.com\/?p=170099","og_site_name":"Los pol\u00edticos Veracruz","article_publisher":"https:\/\/www.facebook.com\/people\/Notimemes-de-los-Polticos\/61565672886568\/","article_published_time":"2026-04-29T12:02:40+00:00","article_modified_time":"2026-04-29T12:02:41+00:00","og_image":[{"width":1250,"height":667,"url":"https:\/\/lospoliticosveracruz.com\/wp-content\/uploads\/2025\/04\/Omar-Zuniga.jpg","type":"image\/jpeg"}],"author":"Lo viste en Los Pol\u00edticos","twitter_card":"summary_large_image","twitter_creator":"@LosPoliticosVer","twitter_site":"@LosPoliticosVer","twitter_misc":{"Escrito por":"Lo viste en Los Pol\u00edticos","Tiempo de lectura":"3 minutos"},"schema":{"@context":"https:\/\/schema.org","@graph":[{"@type":"Article","@id":"https:\/\/lospoliticosveracruz.com\/?p=170099#article","isPartOf":{"@id":"https:\/\/lospoliticosveracruz.com\/?p=170099"},"author":{"name":"Lo viste en Los Pol\u00edticos","@id":"https:\/\/lospoliticosveracruz.com\/#\/schema\/person\/b8702bb0e538456e6efd07080bf2a4a2"},"headline":"DEL R\u00cdO, CACER\u00cdA A UN HOMBRE INC\u00d3MODO","datePublished":"2026-04-29T12:02:40+00:00","dateModified":"2026-04-29T12:02:41+00:00","mainEntityOfPage":{"@id":"https:\/\/lospoliticosveracruz.com\/?p=170099"},"wordCount":637,"publisher":{"@id":"https:\/\/lospoliticosveracruz.com\/#organization"},"image":{"@id":"https:\/\/lospoliticosveracruz.com\/?p=170099#primaryimage"},"thumbnailUrl":"https:\/\/lospoliticosveracruz.com\/wp-content\/uploads\/2025\/04\/Omar-Zuniga.jpg","keywords":["Atanasio Garc\u00eda Dur\u00e1n","Jos\u00e9 Manuel del R\u00edo V\u00edrgen","Omar Z\u00fa\u00f1iga"],"articleSection":["De Opini\u00f3n"],"inLanguage":"es"},{"@type":"WebPage","@id":"https:\/\/lospoliticosveracruz.com\/?p=170099","url":"https:\/\/lospoliticosveracruz.com\/?p=170099","name":"DEL R\u00cdO, CACER\u00cdA A UN HOMBRE INC\u00d3MODO - Los pol\u00edticos Veracruz","isPartOf":{"@id":"https:\/\/lospoliticosveracruz.com\/#website"},"primaryImageOfPage":{"@id":"https:\/\/lospoliticosveracruz.com\/?p=170099#primaryimage"},"image":{"@id":"https:\/\/lospoliticosveracruz.com\/?p=170099#primaryimage"},"thumbnailUrl":"https:\/\/lospoliticosveracruz.com\/wp-content\/uploads\/2025\/04\/Omar-Zuniga.jpg","datePublished":"2026-04-29T12:02:40+00:00","dateModified":"2026-04-29T12:02:41+00:00","breadcrumb":{"@id":"https:\/\/lospoliticosveracruz.com\/?p=170099#breadcrumb"},"inLanguage":"es","potentialAction":[{"@type":"ReadAction","target":["https:\/\/lospoliticosveracruz.com\/?p=170099"]}]},{"@type":"ImageObject","inLanguage":"es","@id":"https:\/\/lospoliticosveracruz.com\/?p=170099#primaryimage","url":"https:\/\/lospoliticosveracruz.com\/wp-content\/uploads\/2025\/04\/Omar-Zuniga.jpg","contentUrl":"https:\/\/lospoliticosveracruz.com\/wp-content\/uploads\/2025\/04\/Omar-Zuniga.jpg","width":1250,"height":667},{"@type":"BreadcrumbList","@id":"https:\/\/lospoliticosveracruz.com\/?p=170099#breadcrumb","itemListElement":[{"@type":"ListItem","position":1,"name":"Portada","item":"https:\/\/lospoliticosveracruz.com\/"},{"@type":"ListItem","position":2,"name":"DEL R\u00cdO, CACER\u00cdA A UN HOMBRE INC\u00d3MODO"}]},{"@type":"WebSite","@id":"https:\/\/lospoliticosveracruz.com\/#website","url":"https:\/\/lospoliticosveracruz.com\/","name":"Los pol\u00edticos Veracruz","description":"","publisher":{"@id":"https:\/\/lospoliticosveracruz.com\/#organization"},"potentialAction":[{"@type":"SearchAction","target":{"@type":"EntryPoint","urlTemplate":"https:\/\/lospoliticosveracruz.com\/?s={search_term_string}"},"query-input":{"@type":"PropertyValueSpecification","valueRequired":true,"valueName":"search_term_string"}}],"inLanguage":"es"},{"@type":"Organization","@id":"https:\/\/lospoliticosveracruz.com\/#organization","name":"Los pol\u00edticos Veracruz","url":"https:\/\/lospoliticosveracruz.com\/","logo":{"@type":"ImageObject","inLanguage":"es","@id":"https:\/\/lospoliticosveracruz.com\/#\/schema\/logo\/image\/","url":"https:\/\/lospoliticosveracruz.com\/wp-content\/uploads\/2025\/12\/Logo-Nuevo-LOS-POLITICOS-1.jpg","contentUrl":"https:\/\/lospoliticosveracruz.com\/wp-content\/uploads\/2025\/12\/Logo-Nuevo-LOS-POLITICOS-1.jpg","width":260,"height":70,"caption":"Los pol\u00edticos Veracruz"},"image":{"@id":"https:\/\/lospoliticosveracruz.com\/#\/schema\/logo\/image\/"},"sameAs":["https:\/\/www.facebook.com\/people\/Notimemes-de-los-Polticos\/61565672886568\/","https:\/\/x.com\/LosPoliticosVer"]},{"@type":"Person","@id":"https:\/\/lospoliticosveracruz.com\/#\/schema\/person\/b8702bb0e538456e6efd07080bf2a4a2","name":"Lo viste en Los Pol\u00edticos","image":{"@type":"ImageObject","inLanguage":"es","@id":"https:\/\/secure.gravatar.com\/avatar\/3a8de04a2656d44082be478bd6c086daa447c4651605818287b9532d3d0bd435?s=96&d=mm&r=g","url":"https:\/\/secure.gravatar.com\/avatar\/3a8de04a2656d44082be478bd6c086daa447c4651605818287b9532d3d0bd435?s=96&d=mm&r=g","contentUrl":"https:\/\/secure.gravatar.com\/avatar\/3a8de04a2656d44082be478bd6c086daa447c4651605818287b9532d3d0bd435?s=96&d=mm&r=g","caption":"Lo viste en Los Pol\u00edticos"},"url":"https:\/\/lospoliticosveracruz.com\/?author=2"}]}},"_links":{"self":[{"href":"https:\/\/lospoliticosveracruz.com\/index.php?rest_route=\/wp\/v2\/posts\/170099","targetHints":{"allow":["GET"]}}],"collection":[{"href":"https:\/\/lospoliticosveracruz.com\/index.php?rest_route=\/wp\/v2\/posts"}],"about":[{"href":"https:\/\/lospoliticosveracruz.com\/index.php?rest_route=\/wp\/v2\/types\/post"}],"author":[{"embeddable":true,"href":"https:\/\/lospoliticosveracruz.com\/index.php?rest_route=\/wp\/v2\/users\/2"}],"replies":[{"embeddable":true,"href":"https:\/\/lospoliticosveracruz.com\/index.php?rest_route=%2Fwp%2Fv2%2Fcomments&post=170099"}],"version-history":[{"count":1,"href":"https:\/\/lospoliticosveracruz.com\/index.php?rest_route=\/wp\/v2\/posts\/170099\/revisions"}],"predecessor-version":[{"id":170100,"href":"https:\/\/lospoliticosveracruz.com\/index.php?rest_route=\/wp\/v2\/posts\/170099\/revisions\/170100"}],"wp:featuredmedia":[{"embeddable":true,"href":"https:\/\/lospoliticosveracruz.com\/index.php?rest_route=\/wp\/v2\/media\/141427"}],"wp:attachment":[{"href":"https:\/\/lospoliticosveracruz.com\/index.php?rest_route=%2Fwp%2Fv2%2Fmedia&parent=170099"}],"wp:term":[{"taxonomy":"category","embeddable":true,"href":"https:\/\/lospoliticosveracruz.com\/index.php?rest_route=%2Fwp%2Fv2%2Fcategories&post=170099"},{"taxonomy":"post_tag","embeddable":true,"href":"https:\/\/lospoliticosveracruz.com\/index.php?rest_route=%2Fwp%2Fv2%2Ftags&post=170099"}],"curies":[{"name":"wp","href":"https:\/\/api.w.org\/{rel}","templated":true}]}}