{"id":170106,"date":"2026-04-29T07:35:17","date_gmt":"2026-04-29T13:35:17","guid":{"rendered":"https:\/\/lospoliticosveracruz.com\/?p=170106"},"modified":"2026-04-29T09:52:08","modified_gmt":"2026-04-29T15:52:08","slug":"la-debacle-panista","status":"publish","type":"post","link":"https:\/\/lospoliticosveracruz.com\/?p=170106","title":{"rendered":"LA DEBACLE PANISTA"},"content":{"rendered":"\n<p><strong>Luis Romero<br><\/strong><em>Hora cero<\/em><\/p>\n\n\n\n<p>A trav\u00e9s de su dirigente estatal, Federico Salom\u00f3n Molina, el Partido Acci\u00f3n Nacional dio a conocer su disposici\u00f3n para abrir sus candidaturas a la sociedad civil.<br>El l\u00edder partidista apunt\u00f3 que con dicha apertura, cualquier ciudadano podr\u00e1 ser postulado por el blanquiazul a cargos de elecci\u00f3n popular.<br>Las candidaturas panistas rumbo al proceso electoral intermedio de 2027, apunt\u00f3, se definir\u00e1n por la v\u00eda de las encuestas.<br>Se trata de un giro importante en el rumbo del panismo, dado que antes, para ser postulados por el PAN, los aspirantes ten\u00edan que contar con el requisito de la militancia; hoy, quienes est\u00e9n interesados en abanderar al partido podr\u00e1n hacerlo contando con el aval de los militantes y con una buena calificaci\u00f3n en las encuestas abiertas.<br>Parece una decisi\u00f3n l\u00f3gica del panismo, sobre todo considerando la ca\u00edda en la votaci\u00f3n, registrada en Veracruz durante los \u00faltimos procesos electorales.<br>Despu\u00e9s de ganar con Miguel \u00c1ngel Yunes las elecciones por la gubernatura del Estado en 2016, con una votaci\u00f3n cercana a los 950,000 sufragios, el PAN perdi\u00f3 la contienda de 2018 a pesar de alcanzar una cifra hist\u00f3rica, 1,285,000 votos, en n\u00fameros redondos.<br>A partir de ah\u00ed han pasado tres dirigencias estatales, Jos\u00e9 de Jes\u00fas Mancha, Joaqu\u00edn Rodendo y Federico Salom\u00f3n, y los resultados han sido cada vez m\u00e1s pobres.<br>En las elecciones intermedias de 2021, la votaci\u00f3n del panismo veracruzano simplemente se desplom\u00f3; en tres a\u00f1os pas\u00f3 de 1,285,000 a 506,000 votos; es decir, de representar el 38.3% a ubicarse en el 14.9%, para una p\u00e9rdida cercana a los 24 puntos porcentuales.<br>Tres a\u00f1os despu\u00e9s, en las elecciones de 2024 para renovar la gubernatura de Veracruz, y en alianza con PRI y PRD, el panismo fue derrotado una vez m\u00e1s. Aunque registr\u00f3 un repunte en su votaci\u00f3n, los n\u00fameros hablan: poco m\u00e1s de 641,000 votos para un 18.7%.<br>Entre 2021 y 2024, el porcentaje de votos para el panismo aument\u00f3 en casi 4%, pero ello fue insuficiente.<br>En el m\u00e1s reciente proceso electoral, Acci\u00f3n Nacional toc\u00f3 fondo en Veracruz; s\u00f3lo gan\u00f3 en 34 de los 212 municipios de la entidad; y su votaci\u00f3n se desplom\u00f3 a 405,000 sufragios, su nivel m\u00e1s bajo en m\u00e1s de 30 a\u00f1os. Para ubicar en contexto, en 1998, como candidato del PAN, el economista Luis Pazos de la Torre obtuvo m\u00e1s de 522,000 sufragios, 100,000 m\u00e1s que los logrados por todos los candidatos del blanquiazul a las presidencias municipales en 2025.<br>Ese desplome del panismo en Veracruz pr\u00e1cticamente obliga a la dirigencia del partido a dar un golpe de tim\u00f3n; ya pas\u00f3 de ser a primera a la segunda y de ah\u00ed caer a la tercera posici\u00f3n; una derrota m\u00e1s en 2027, sumada al mejor momento que vive Movimiento Ciudadano, podr\u00edas ser catastr\u00f3fica para un partido que est\u00e1 pagando muy caro el haber entregado sus posiciones de direcci\u00f3n, sus candidaturas y hasta sus siglas al grupo de la familia Yunes del Estero.<br>@luisromero85<\/p>\n","protected":false},"excerpt":{"rendered":"<p>Luis RomeroHora cero A trav\u00e9s de su dirigente estatal, Federico Salom\u00f3n Molina, el Partido Acci\u00f3n Nacional dio a conocer su disposici\u00f3n para abrir sus candidaturas a la sociedad civil.El l\u00edder partidista apunt\u00f3 que con dicha apertura, cualquier ciudadano podr\u00e1 ser postulado por el blanquiazul a cargos de elecci\u00f3n popular.Las candidaturas panistas rumbo al proceso electoral [&hellip;]<\/p>\n","protected":false},"author":2,"featured_media":141436,"comment_status":"closed","ping_status":"closed","sticky":false,"template":"","format":"standard","meta":{"tdm_status":"","tdm_grid_status":"","footnotes":""},"categories":[70],"tags":[62695,62694,46524,62696,13008],"class_list":{"0":"post-170106","1":"post","2":"type-post","3":"status-publish","4":"format-standard","5":"has-post-thumbnail","7":"category-de-opinion","8":"tag-candidaturas-pan-sociedad-civil","9":"tag-debacle-pan-veracruz","10":"tag-elecciones-2027-veracruz","11":"tag-familia-yunes-del-estero-pan","12":"tag-federico-salomon-molina"},"yoast_head":"<!-- This site is optimized with the Yoast SEO plugin v27.4 - https:\/\/yoast.com\/product\/yoast-seo-wordpress\/ -->\n<title>LA DEBACLE PANISTA - Los pol\u00edticos Veracruz<\/title>\n<meta name=\"robots\" content=\"index, follow, max-snippet:-1, max-image-preview:large, max-video-preview:-1\" \/>\n<link rel=\"canonical\" href=\"https:\/\/lospoliticosveracruz.com\/?p=170106\" \/>\n<meta property=\"og:locale\" content=\"es_ES\" \/>\n<meta property=\"og:type\" content=\"article\" \/>\n<meta property=\"og:title\" content=\"LA DEBACLE PANISTA - Los pol\u00edticos Veracruz\" \/>\n<meta property=\"og:description\" content=\"Luis RomeroHora cero A trav\u00e9s de su dirigente estatal, Federico Salom\u00f3n Molina, el Partido Acci\u00f3n Nacional dio a conocer su disposici\u00f3n para abrir sus candidaturas a la sociedad civil.El l\u00edder partidista apunt\u00f3 que con dicha apertura, cualquier ciudadano podr\u00e1 ser postulado por el blanquiazul a cargos de elecci\u00f3n popular.Las candidaturas panistas rumbo al proceso electoral [&hellip;]\" \/>\n<meta property=\"og:url\" content=\"https:\/\/lospoliticosveracruz.com\/?p=170106\" \/>\n<meta property=\"og:site_name\" content=\"Los pol\u00edticos Veracruz\" \/>\n<meta property=\"article:publisher\" content=\"https:\/\/www.facebook.com\/people\/Notimemes-de-los-Polticos\/61565672886568\/\" \/>\n<meta property=\"article:published_time\" content=\"2026-04-29T13:35:17+00:00\" \/>\n<meta property=\"article:modified_time\" content=\"2026-04-29T15:52:08+00:00\" \/>\n<meta property=\"og:image\" content=\"https:\/\/lospoliticosveracruz.com\/wp-content\/uploads\/2025\/04\/Luis-Romero-1-e1777477921449.jpg\" \/>\n\t<meta property=\"og:image:width\" content=\"600\" \/>\n\t<meta property=\"og:image:height\" content=\"320\" \/>\n\t<meta property=\"og:image:type\" content=\"image\/jpeg\" \/>\n<meta name=\"author\" content=\"Lo viste en Los Pol\u00edticos\" \/>\n<meta name=\"twitter:card\" content=\"summary_large_image\" \/>\n<meta name=\"twitter:creator\" content=\"@LosPoliticosVer\" \/>\n<meta name=\"twitter:site\" content=\"@LosPoliticosVer\" \/>\n<meta name=\"twitter:label1\" content=\"Escrito por\" \/>\n\t<meta name=\"twitter:data1\" content=\"Lo viste en Los Pol\u00edticos\" \/>\n\t<meta name=\"twitter:label2\" content=\"Tiempo de lectura\" \/>\n\t<meta name=\"twitter:data2\" content=\"3 minutos\" \/>\n<script type=\"application\/ld+json\" class=\"yoast-schema-graph\">{\"@context\":\"https:\\\/\\\/schema.org\",\"@graph\":[{\"@type\":\"Article\",\"@id\":\"https:\\\/\\\/lospoliticosveracruz.com\\\/?p=170106#article\",\"isPartOf\":{\"@id\":\"https:\\\/\\\/lospoliticosveracruz.com\\\/?p=170106\"},\"author\":{\"name\":\"Lo viste en Los Pol\u00edticos\",\"@id\":\"https:\\\/\\\/lospoliticosveracruz.com\\\/#\\\/schema\\\/person\\\/b8702bb0e538456e6efd07080bf2a4a2\"},\"headline\":\"LA DEBACLE PANISTA\",\"datePublished\":\"2026-04-29T13:35:17+00:00\",\"dateModified\":\"2026-04-29T15:52:08+00:00\",\"mainEntityOfPage\":{\"@id\":\"https:\\\/\\\/lospoliticosveracruz.com\\\/?p=170106\"},\"wordCount\":514,\"publisher\":{\"@id\":\"https:\\\/\\\/lospoliticosveracruz.com\\\/#organization\"},\"image\":{\"@id\":\"https:\\\/\\\/lospoliticosveracruz.com\\\/?p=170106#primaryimage\"},\"thumbnailUrl\":\"https:\\\/\\\/lospoliticosveracruz.com\\\/wp-content\\\/uploads\\\/2025\\\/04\\\/Luis-Romero-1-e1777477921449.jpg\",\"keywords\":[\"candidaturas PAN sociedad civil\",\"Debacle PAN Veracruz\",\"elecciones 2027 Veracruz\",\"familia Yunes del Estero PAN\",\"Federico Salom\u00f3n Molina\"],\"articleSection\":[\"De Opini\u00f3n\"],\"inLanguage\":\"es\"},{\"@type\":\"WebPage\",\"@id\":\"https:\\\/\\\/lospoliticosveracruz.com\\\/?p=170106\",\"url\":\"https:\\\/\\\/lospoliticosveracruz.com\\\/?p=170106\",\"name\":\"LA DEBACLE PANISTA - Los pol\u00edticos Veracruz\",\"isPartOf\":{\"@id\":\"https:\\\/\\\/lospoliticosveracruz.com\\\/#website\"},\"primaryImageOfPage\":{\"@id\":\"https:\\\/\\\/lospoliticosveracruz.com\\\/?p=170106#primaryimage\"},\"image\":{\"@id\":\"https:\\\/\\\/lospoliticosveracruz.com\\\/?p=170106#primaryimage\"},\"thumbnailUrl\":\"https:\\\/\\\/lospoliticosveracruz.com\\\/wp-content\\\/uploads\\\/2025\\\/04\\\/Luis-Romero-1-e1777477921449.jpg\",\"datePublished\":\"2026-04-29T13:35:17+00:00\",\"dateModified\":\"2026-04-29T15:52:08+00:00\",\"breadcrumb\":{\"@id\":\"https:\\\/\\\/lospoliticosveracruz.com\\\/?p=170106#breadcrumb\"},\"inLanguage\":\"es\",\"potentialAction\":[{\"@type\":\"ReadAction\",\"target\":[\"https:\\\/\\\/lospoliticosveracruz.com\\\/?p=170106\"]}]},{\"@type\":\"ImageObject\",\"inLanguage\":\"es\",\"@id\":\"https:\\\/\\\/lospoliticosveracruz.com\\\/?p=170106#primaryimage\",\"url\":\"https:\\\/\\\/lospoliticosveracruz.com\\\/wp-content\\\/uploads\\\/2025\\\/04\\\/Luis-Romero-1-e1777477921449.jpg\",\"contentUrl\":\"https:\\\/\\\/lospoliticosveracruz.com\\\/wp-content\\\/uploads\\\/2025\\\/04\\\/Luis-Romero-1-e1777477921449.jpg\",\"width\":600,\"height\":320},{\"@type\":\"BreadcrumbList\",\"@id\":\"https:\\\/\\\/lospoliticosveracruz.com\\\/?p=170106#breadcrumb\",\"itemListElement\":[{\"@type\":\"ListItem\",\"position\":1,\"name\":\"Portada\",\"item\":\"https:\\\/\\\/lospoliticosveracruz.com\\\/\"},{\"@type\":\"ListItem\",\"position\":2,\"name\":\"LA DEBACLE PANISTA\"}]},{\"@type\":\"WebSite\",\"@id\":\"https:\\\/\\\/lospoliticosveracruz.com\\\/#website\",\"url\":\"https:\\\/\\\/lospoliticosveracruz.com\\\/\",\"name\":\"Los pol\u00edticos Veracruz\",\"description\":\"\",\"publisher\":{\"@id\":\"https:\\\/\\\/lospoliticosveracruz.com\\\/#organization\"},\"potentialAction\":[{\"@type\":\"SearchAction\",\"target\":{\"@type\":\"EntryPoint\",\"urlTemplate\":\"https:\\\/\\\/lospoliticosveracruz.com\\\/?s={search_term_string}\"},\"query-input\":{\"@type\":\"PropertyValueSpecification\",\"valueRequired\":true,\"valueName\":\"search_term_string\"}}],\"inLanguage\":\"es\"},{\"@type\":\"Organization\",\"@id\":\"https:\\\/\\\/lospoliticosveracruz.com\\\/#organization\",\"name\":\"Los pol\u00edticos Veracruz\",\"url\":\"https:\\\/\\\/lospoliticosveracruz.com\\\/\",\"logo\":{\"@type\":\"ImageObject\",\"inLanguage\":\"es\",\"@id\":\"https:\\\/\\\/lospoliticosveracruz.com\\\/#\\\/schema\\\/logo\\\/image\\\/\",\"url\":\"https:\\\/\\\/lospoliticosveracruz.com\\\/wp-content\\\/uploads\\\/2025\\\/12\\\/Logo-Nuevo-LOS-POLITICOS-1.jpg\",\"contentUrl\":\"https:\\\/\\\/lospoliticosveracruz.com\\\/wp-content\\\/uploads\\\/2025\\\/12\\\/Logo-Nuevo-LOS-POLITICOS-1.jpg\",\"width\":260,\"height\":70,\"caption\":\"Los pol\u00edticos Veracruz\"},\"image\":{\"@id\":\"https:\\\/\\\/lospoliticosveracruz.com\\\/#\\\/schema\\\/logo\\\/image\\\/\"},\"sameAs\":[\"https:\\\/\\\/www.facebook.com\\\/people\\\/Notimemes-de-los-Polticos\\\/61565672886568\\\/\",\"https:\\\/\\\/x.com\\\/LosPoliticosVer\"]},{\"@type\":\"Person\",\"@id\":\"https:\\\/\\\/lospoliticosveracruz.com\\\/#\\\/schema\\\/person\\\/b8702bb0e538456e6efd07080bf2a4a2\",\"name\":\"Lo viste en Los Pol\u00edticos\",\"image\":{\"@type\":\"ImageObject\",\"inLanguage\":\"es\",\"@id\":\"https:\\\/\\\/secure.gravatar.com\\\/avatar\\\/3a8de04a2656d44082be478bd6c086daa447c4651605818287b9532d3d0bd435?s=96&d=mm&r=g\",\"url\":\"https:\\\/\\\/secure.gravatar.com\\\/avatar\\\/3a8de04a2656d44082be478bd6c086daa447c4651605818287b9532d3d0bd435?s=96&d=mm&r=g\",\"contentUrl\":\"https:\\\/\\\/secure.gravatar.com\\\/avatar\\\/3a8de04a2656d44082be478bd6c086daa447c4651605818287b9532d3d0bd435?s=96&d=mm&r=g\",\"caption\":\"Lo viste en Los Pol\u00edticos\"},\"url\":\"https:\\\/\\\/lospoliticosveracruz.com\\\/?author=2\"}]}<\/script>\n<!-- \/ Yoast SEO plugin. -->","yoast_head_json":{"title":"LA DEBACLE PANISTA - Los pol\u00edticos Veracruz","robots":{"index":"index","follow":"follow","max-snippet":"max-snippet:-1","max-image-preview":"max-image-preview:large","max-video-preview":"max-video-preview:-1"},"canonical":"https:\/\/lospoliticosveracruz.com\/?p=170106","og_locale":"es_ES","og_type":"article","og_title":"LA DEBACLE PANISTA - Los pol\u00edticos Veracruz","og_description":"Luis RomeroHora cero A trav\u00e9s de su dirigente estatal, Federico Salom\u00f3n Molina, el Partido Acci\u00f3n Nacional dio a conocer su disposici\u00f3n para abrir sus candidaturas a la sociedad civil.El l\u00edder partidista apunt\u00f3 que con dicha apertura, cualquier ciudadano podr\u00e1 ser postulado por el blanquiazul a cargos de elecci\u00f3n popular.Las candidaturas panistas rumbo al proceso electoral [&hellip;]","og_url":"https:\/\/lospoliticosveracruz.com\/?p=170106","og_site_name":"Los pol\u00edticos Veracruz","article_publisher":"https:\/\/www.facebook.com\/people\/Notimemes-de-los-Polticos\/61565672886568\/","article_published_time":"2026-04-29T13:35:17+00:00","article_modified_time":"2026-04-29T15:52:08+00:00","og_image":[{"width":600,"height":320,"url":"https:\/\/lospoliticosveracruz.com\/wp-content\/uploads\/2025\/04\/Luis-Romero-1-e1777477921449.jpg","type":"image\/jpeg"}],"author":"Lo viste en Los Pol\u00edticos","twitter_card":"summary_large_image","twitter_creator":"@LosPoliticosVer","twitter_site":"@LosPoliticosVer","twitter_misc":{"Escrito por":"Lo viste en Los Pol\u00edticos","Tiempo de lectura":"3 minutos"},"schema":{"@context":"https:\/\/schema.org","@graph":[{"@type":"Article","@id":"https:\/\/lospoliticosveracruz.com\/?p=170106#article","isPartOf":{"@id":"https:\/\/lospoliticosveracruz.com\/?p=170106"},"author":{"name":"Lo viste en Los Pol\u00edticos","@id":"https:\/\/lospoliticosveracruz.com\/#\/schema\/person\/b8702bb0e538456e6efd07080bf2a4a2"},"headline":"LA DEBACLE PANISTA","datePublished":"2026-04-29T13:35:17+00:00","dateModified":"2026-04-29T15:52:08+00:00","mainEntityOfPage":{"@id":"https:\/\/lospoliticosveracruz.com\/?p=170106"},"wordCount":514,"publisher":{"@id":"https:\/\/lospoliticosveracruz.com\/#organization"},"image":{"@id":"https:\/\/lospoliticosveracruz.com\/?p=170106#primaryimage"},"thumbnailUrl":"https:\/\/lospoliticosveracruz.com\/wp-content\/uploads\/2025\/04\/Luis-Romero-1-e1777477921449.jpg","keywords":["candidaturas PAN sociedad civil","Debacle PAN Veracruz","elecciones 2027 Veracruz","familia Yunes del Estero PAN","Federico Salom\u00f3n Molina"],"articleSection":["De Opini\u00f3n"],"inLanguage":"es"},{"@type":"WebPage","@id":"https:\/\/lospoliticosveracruz.com\/?p=170106","url":"https:\/\/lospoliticosveracruz.com\/?p=170106","name":"LA DEBACLE PANISTA - Los pol\u00edticos Veracruz","isPartOf":{"@id":"https:\/\/lospoliticosveracruz.com\/#website"},"primaryImageOfPage":{"@id":"https:\/\/lospoliticosveracruz.com\/?p=170106#primaryimage"},"image":{"@id":"https:\/\/lospoliticosveracruz.com\/?p=170106#primaryimage"},"thumbnailUrl":"https:\/\/lospoliticosveracruz.com\/wp-content\/uploads\/2025\/04\/Luis-Romero-1-e1777477921449.jpg","datePublished":"2026-04-29T13:35:17+00:00","dateModified":"2026-04-29T15:52:08+00:00","breadcrumb":{"@id":"https:\/\/lospoliticosveracruz.com\/?p=170106#breadcrumb"},"inLanguage":"es","potentialAction":[{"@type":"ReadAction","target":["https:\/\/lospoliticosveracruz.com\/?p=170106"]}]},{"@type":"ImageObject","inLanguage":"es","@id":"https:\/\/lospoliticosveracruz.com\/?p=170106#primaryimage","url":"https:\/\/lospoliticosveracruz.com\/wp-content\/uploads\/2025\/04\/Luis-Romero-1-e1777477921449.jpg","contentUrl":"https:\/\/lospoliticosveracruz.com\/wp-content\/uploads\/2025\/04\/Luis-Romero-1-e1777477921449.jpg","width":600,"height":320},{"@type":"BreadcrumbList","@id":"https:\/\/lospoliticosveracruz.com\/?p=170106#breadcrumb","itemListElement":[{"@type":"ListItem","position":1,"name":"Portada","item":"https:\/\/lospoliticosveracruz.com\/"},{"@type":"ListItem","position":2,"name":"LA DEBACLE PANISTA"}]},{"@type":"WebSite","@id":"https:\/\/lospoliticosveracruz.com\/#website","url":"https:\/\/lospoliticosveracruz.com\/","name":"Los pol\u00edticos Veracruz","description":"","publisher":{"@id":"https:\/\/lospoliticosveracruz.com\/#organization"},"potentialAction":[{"@type":"SearchAction","target":{"@type":"EntryPoint","urlTemplate":"https:\/\/lospoliticosveracruz.com\/?s={search_term_string}"},"query-input":{"@type":"PropertyValueSpecification","valueRequired":true,"valueName":"search_term_string"}}],"inLanguage":"es"},{"@type":"Organization","@id":"https:\/\/lospoliticosveracruz.com\/#organization","name":"Los pol\u00edticos Veracruz","url":"https:\/\/lospoliticosveracruz.com\/","logo":{"@type":"ImageObject","inLanguage":"es","@id":"https:\/\/lospoliticosveracruz.com\/#\/schema\/logo\/image\/","url":"https:\/\/lospoliticosveracruz.com\/wp-content\/uploads\/2025\/12\/Logo-Nuevo-LOS-POLITICOS-1.jpg","contentUrl":"https:\/\/lospoliticosveracruz.com\/wp-content\/uploads\/2025\/12\/Logo-Nuevo-LOS-POLITICOS-1.jpg","width":260,"height":70,"caption":"Los pol\u00edticos Veracruz"},"image":{"@id":"https:\/\/lospoliticosveracruz.com\/#\/schema\/logo\/image\/"},"sameAs":["https:\/\/www.facebook.com\/people\/Notimemes-de-los-Polticos\/61565672886568\/","https:\/\/x.com\/LosPoliticosVer"]},{"@type":"Person","@id":"https:\/\/lospoliticosveracruz.com\/#\/schema\/person\/b8702bb0e538456e6efd07080bf2a4a2","name":"Lo viste en Los Pol\u00edticos","image":{"@type":"ImageObject","inLanguage":"es","@id":"https:\/\/secure.gravatar.com\/avatar\/3a8de04a2656d44082be478bd6c086daa447c4651605818287b9532d3d0bd435?s=96&d=mm&r=g","url":"https:\/\/secure.gravatar.com\/avatar\/3a8de04a2656d44082be478bd6c086daa447c4651605818287b9532d3d0bd435?s=96&d=mm&r=g","contentUrl":"https:\/\/secure.gravatar.com\/avatar\/3a8de04a2656d44082be478bd6c086daa447c4651605818287b9532d3d0bd435?s=96&d=mm&r=g","caption":"Lo viste en Los Pol\u00edticos"},"url":"https:\/\/lospoliticosveracruz.com\/?author=2"}]}},"_links":{"self":[{"href":"https:\/\/lospoliticosveracruz.com\/index.php?rest_route=\/wp\/v2\/posts\/170106","targetHints":{"allow":["GET"]}}],"collection":[{"href":"https:\/\/lospoliticosveracruz.com\/index.php?rest_route=\/wp\/v2\/posts"}],"about":[{"href":"https:\/\/lospoliticosveracruz.com\/index.php?rest_route=\/wp\/v2\/types\/post"}],"author":[{"embeddable":true,"href":"https:\/\/lospoliticosveracruz.com\/index.php?rest_route=\/wp\/v2\/users\/2"}],"replies":[{"embeddable":true,"href":"https:\/\/lospoliticosveracruz.com\/index.php?rest_route=%2Fwp%2Fv2%2Fcomments&post=170106"}],"version-history":[{"count":1,"href":"https:\/\/lospoliticosveracruz.com\/index.php?rest_route=\/wp\/v2\/posts\/170106\/revisions"}],"predecessor-version":[{"id":170107,"href":"https:\/\/lospoliticosveracruz.com\/index.php?rest_route=\/wp\/v2\/posts\/170106\/revisions\/170107"}],"wp:featuredmedia":[{"embeddable":true,"href":"https:\/\/lospoliticosveracruz.com\/index.php?rest_route=\/wp\/v2\/media\/141436"}],"wp:attachment":[{"href":"https:\/\/lospoliticosveracruz.com\/index.php?rest_route=%2Fwp%2Fv2%2Fmedia&parent=170106"}],"wp:term":[{"taxonomy":"category","embeddable":true,"href":"https:\/\/lospoliticosveracruz.com\/index.php?rest_route=%2Fwp%2Fv2%2Fcategories&post=170106"},{"taxonomy":"post_tag","embeddable":true,"href":"https:\/\/lospoliticosveracruz.com\/index.php?rest_route=%2Fwp%2Fv2%2Ftags&post=170106"}],"curies":[{"name":"wp","href":"https:\/\/api.w.org\/{rel}","templated":true}]}}