{"id":170108,"date":"2026-04-29T07:37:47","date_gmt":"2026-04-29T13:37:47","guid":{"rendered":"https:\/\/lospoliticosveracruz.com\/?p=170108"},"modified":"2026-04-29T07:37:48","modified_gmt":"2026-04-29T13:37:48","slug":"espejos-de-polvora","status":"publish","type":"post","link":"https:\/\/lospoliticosveracruz.com\/?p=170108","title":{"rendered":"ESPEJOS DE P\u00d3LVORA"},"content":{"rendered":"\n<p><strong>Julio Vallejo<\/strong><\/p>\n\n\n\n<p><em>La delgada l\u00ednea entre mi opini\u00f3n y la tuya<br><\/em><\/p>\n\n\n\n<p>Los acontecimientos recientes en la zona arqueol\u00f3gica de Teotihuac\u00e1n, las amenazas que han puesto en jaque a la comunidad educativa de Xalapa y por si faltara la cereza del pastel el tercer atentado contra el presidente Trump de los Estados Unidos; no son meras coincidencias cronol\u00f3gicas, son se\u00f1ales de alerta de una sociedad que cruza una frontera delicada. Estamos ante un fen\u00f3meno donde la violencia estructural de M\u00e9xico comienza a hibridarse con tendencias globales de ataques masivos y una crisis de salud mental que ya no puede ser ignorada.<\/p>\n\n\n\n<p>El an\u00e1lisis profesional de estos hechos revela una realidad compleja. Por un lado, el incidente en la Pir\u00e1mide de la Luna \u2014protagonizado por un joven con afinidades extremistas y acceso a armas de fuego\u2014 nos muestra el peligro del \u00abefecto imitaci\u00f3n\u00bb ( copycat ). Por otro lado, las amenazas en las escuelas de Veracruz reflejan un tejido social desgastado, donde los menores, inmersos en un entorno de violencia normalizada, incluso en la intimidaci\u00f3n una v\u00eda de escape o reconocimiento. Con siete de cada diez homicidios cometidos con armas de fuego en el pa\u00eds, el instrumento de la tragedia est\u00e1 al alcance de la mano, pero la ra\u00edz del problema es mucho m\u00e1s profunda.<\/p>\n\n\n\n<p>La responsabilidad del flujo de armas hacia M\u00e9xico es significativa; el 70% de las armas utilizadas vienen del vecino pa\u00eds, de donde atentan contra su presidente y aun as\u00ed los fabricantes no pueden ser demandados legalmente por ese tr\u00e1fico. Los fabricantes argumentan que no son responsables del uso violento que se haga de su producto.<\/p>\n\n\n\n<p>Sin embargo, ver estos sucesos \u00fanicamente a trav\u00e9s del lente del pesimismo ser\u00eda un error. La crisis actual tambi\u00e9n ha desatado una respuesta institucional y civil sin precedentes. En Xalapa y otros municipios, la activaci\u00f3n de protocolos de seguridad no ha sido solo un acto burocr\u00e1tico; ha provocado una movilizaci\u00f3n necesaria de padres y maestros que han pasado de la pasividad a la vigilancia activa y el cuidado mutuo.<\/p>\n\n\n\n<p>La verdadera pacificaci\u00f3n de M\u00e9xico no vendr\u00e1 exclusivamente de operativos policiales o revisi\u00f3n de mochilas, que funcionan solo como medidas paliativas. La soluci\u00f3n de fondo exige transitar de una \u00abcultura de la supervivencia\u00bb a una \u00abcultura del cuidado\u00bb. Esto implica desmantelar la impunidad que alimenta la violencia, pero tambi\u00e9n invertir agresivamente en la salud mental de nuestra juventud y en la reconstrucci\u00f3n de los espacios p\u00fablicos.<\/p>\n\n\n\n<p>No estamos condenados a repetir estos ciclos. La capacidad de resiliencia de la sociedad mexicana es su activo m\u00e1s valioso. Al reconocer la gravedad del diagn\u00f3stico, ganamos tambi\u00e9n la oportunidad de aplicar la medicina correcta: educaci\u00f3n emocional, control estricto de armas y una presencia comunitaria que detecte el dolor antes de que se convierta en p\u00f3lvora. La paz es posible, pero requiere que dejemos de ver la violencia como un clima inevitable y comencemos a tratarla como un desaf\u00edo estructural que podemos, y debemos, superar juntos.<\/p>\n","protected":false},"excerpt":{"rendered":"<p>Julio Vallejo La delgada l\u00ednea entre mi opini\u00f3n y la tuya Los acontecimientos recientes en la zona arqueol\u00f3gica de Teotihuac\u00e1n, las amenazas que han puesto en jaque a la comunidad educativa de Xalapa y por si faltara la cereza del pastel el tercer atentado contra el presidente Trump de los Estados Unidos; no son meras [&hellip;]<\/p>\n","protected":false},"author":2,"featured_media":141394,"comment_status":"closed","ping_status":"closed","sticky":false,"template":"","format":"standard","meta":{"tdm_status":"","tdm_grid_status":"","footnotes":""},"categories":[70],"tags":[62701,62698,62703,62702,62699,62700],"class_list":{"0":"post-170108","1":"post","2":"type-post","3":"status-publish","4":"format-standard","5":"has-post-thumbnail","7":"category-de-opinion","8":"tag-amenazas-escuelas-xalapa-veracruz","9":"tag-crisis-de-salud-mental-mexico","10":"tag-cultura-del-cuidado-vs-supervivencia","11":"tag-protocolos-de-seguridad-escolar-xalapa","12":"tag-trafico-de-armas-estados-unidos-mexico","13":"tag-violencia-estructural-y-efecto-copycat"},"yoast_head":"<!-- This site is optimized with the Yoast SEO plugin v27.4 - https:\/\/yoast.com\/product\/yoast-seo-wordpress\/ -->\n<title>ESPEJOS DE P\u00d3LVORA - Los pol\u00edticos Veracruz<\/title>\n<meta name=\"robots\" content=\"index, follow, max-snippet:-1, max-image-preview:large, max-video-preview:-1\" \/>\n<link rel=\"canonical\" href=\"https:\/\/lospoliticosveracruz.com\/?p=170108\" \/>\n<meta property=\"og:locale\" content=\"es_ES\" \/>\n<meta property=\"og:type\" content=\"article\" \/>\n<meta property=\"og:title\" content=\"ESPEJOS DE P\u00d3LVORA - Los pol\u00edticos Veracruz\" \/>\n<meta property=\"og:description\" content=\"Julio Vallejo La delgada l\u00ednea entre mi opini\u00f3n y la tuya Los acontecimientos recientes en la zona arqueol\u00f3gica de Teotihuac\u00e1n, las amenazas que han puesto en jaque a la comunidad educativa de Xalapa y por si faltara la cereza del pastel el tercer atentado contra el presidente Trump de los Estados Unidos; no son meras [&hellip;]\" \/>\n<meta property=\"og:url\" content=\"https:\/\/lospoliticosveracruz.com\/?p=170108\" \/>\n<meta property=\"og:site_name\" content=\"Los pol\u00edticos Veracruz\" \/>\n<meta property=\"article:publisher\" content=\"https:\/\/www.facebook.com\/people\/Notimemes-de-los-Polticos\/61565672886568\/\" \/>\n<meta property=\"article:published_time\" content=\"2026-04-29T13:37:47+00:00\" \/>\n<meta property=\"article:modified_time\" content=\"2026-04-29T13:37:48+00:00\" \/>\n<meta property=\"og:image\" content=\"https:\/\/lospoliticosveracruz.com\/wp-content\/uploads\/2025\/04\/Julio-Vallejo.jpg\" \/>\n\t<meta property=\"og:image:width\" content=\"1250\" \/>\n\t<meta property=\"og:image:height\" content=\"667\" \/>\n\t<meta property=\"og:image:type\" content=\"image\/jpeg\" \/>\n<meta name=\"author\" content=\"Lo viste en Los Pol\u00edticos\" \/>\n<meta name=\"twitter:card\" content=\"summary_large_image\" \/>\n<meta name=\"twitter:creator\" content=\"@LosPoliticosVer\" \/>\n<meta name=\"twitter:site\" content=\"@LosPoliticosVer\" \/>\n<meta name=\"twitter:label1\" content=\"Escrito por\" \/>\n\t<meta name=\"twitter:data1\" content=\"Lo viste en Los Pol\u00edticos\" \/>\n\t<meta name=\"twitter:label2\" content=\"Tiempo de lectura\" \/>\n\t<meta name=\"twitter:data2\" content=\"3 minutos\" \/>\n<script type=\"application\/ld+json\" class=\"yoast-schema-graph\">{\"@context\":\"https:\\\/\\\/schema.org\",\"@graph\":[{\"@type\":\"Article\",\"@id\":\"https:\\\/\\\/lospoliticosveracruz.com\\\/?p=170108#article\",\"isPartOf\":{\"@id\":\"https:\\\/\\\/lospoliticosveracruz.com\\\/?p=170108\"},\"author\":{\"name\":\"Lo viste en Los Pol\u00edticos\",\"@id\":\"https:\\\/\\\/lospoliticosveracruz.com\\\/#\\\/schema\\\/person\\\/b8702bb0e538456e6efd07080bf2a4a2\"},\"headline\":\"ESPEJOS DE P\u00d3LVORA\",\"datePublished\":\"2026-04-29T13:37:47+00:00\",\"dateModified\":\"2026-04-29T13:37:48+00:00\",\"mainEntityOfPage\":{\"@id\":\"https:\\\/\\\/lospoliticosveracruz.com\\\/?p=170108\"},\"wordCount\":528,\"publisher\":{\"@id\":\"https:\\\/\\\/lospoliticosveracruz.com\\\/#organization\"},\"image\":{\"@id\":\"https:\\\/\\\/lospoliticosveracruz.com\\\/?p=170108#primaryimage\"},\"thumbnailUrl\":\"https:\\\/\\\/lospoliticosveracruz.com\\\/wp-content\\\/uploads\\\/2025\\\/04\\\/Julio-Vallejo.jpg\",\"keywords\":[\"Amenazas escuelas Xalapa Veracruz\",\"Crisis de salud mental M\u00e9xico\",\"Cultura del cuidado vs supervivencia\",\"Protocolos de seguridad escolar Xalapa\",\"Tr\u00e1fico de armas Estados Unidos M\u00e9xico\",\"Violencia estructural y efecto copycat\"],\"articleSection\":[\"De Opini\u00f3n\"],\"inLanguage\":\"es\"},{\"@type\":\"WebPage\",\"@id\":\"https:\\\/\\\/lospoliticosveracruz.com\\\/?p=170108\",\"url\":\"https:\\\/\\\/lospoliticosveracruz.com\\\/?p=170108\",\"name\":\"ESPEJOS DE P\u00d3LVORA - Los pol\u00edticos Veracruz\",\"isPartOf\":{\"@id\":\"https:\\\/\\\/lospoliticosveracruz.com\\\/#website\"},\"primaryImageOfPage\":{\"@id\":\"https:\\\/\\\/lospoliticosveracruz.com\\\/?p=170108#primaryimage\"},\"image\":{\"@id\":\"https:\\\/\\\/lospoliticosveracruz.com\\\/?p=170108#primaryimage\"},\"thumbnailUrl\":\"https:\\\/\\\/lospoliticosveracruz.com\\\/wp-content\\\/uploads\\\/2025\\\/04\\\/Julio-Vallejo.jpg\",\"datePublished\":\"2026-04-29T13:37:47+00:00\",\"dateModified\":\"2026-04-29T13:37:48+00:00\",\"breadcrumb\":{\"@id\":\"https:\\\/\\\/lospoliticosveracruz.com\\\/?p=170108#breadcrumb\"},\"inLanguage\":\"es\",\"potentialAction\":[{\"@type\":\"ReadAction\",\"target\":[\"https:\\\/\\\/lospoliticosveracruz.com\\\/?p=170108\"]}]},{\"@type\":\"ImageObject\",\"inLanguage\":\"es\",\"@id\":\"https:\\\/\\\/lospoliticosveracruz.com\\\/?p=170108#primaryimage\",\"url\":\"https:\\\/\\\/lospoliticosveracruz.com\\\/wp-content\\\/uploads\\\/2025\\\/04\\\/Julio-Vallejo.jpg\",\"contentUrl\":\"https:\\\/\\\/lospoliticosveracruz.com\\\/wp-content\\\/uploads\\\/2025\\\/04\\\/Julio-Vallejo.jpg\",\"width\":1250,\"height\":667},{\"@type\":\"BreadcrumbList\",\"@id\":\"https:\\\/\\\/lospoliticosveracruz.com\\\/?p=170108#breadcrumb\",\"itemListElement\":[{\"@type\":\"ListItem\",\"position\":1,\"name\":\"Portada\",\"item\":\"https:\\\/\\\/lospoliticosveracruz.com\\\/\"},{\"@type\":\"ListItem\",\"position\":2,\"name\":\"ESPEJOS DE P\u00d3LVORA\"}]},{\"@type\":\"WebSite\",\"@id\":\"https:\\\/\\\/lospoliticosveracruz.com\\\/#website\",\"url\":\"https:\\\/\\\/lospoliticosveracruz.com\\\/\",\"name\":\"Los pol\u00edticos Veracruz\",\"description\":\"\",\"publisher\":{\"@id\":\"https:\\\/\\\/lospoliticosveracruz.com\\\/#organization\"},\"potentialAction\":[{\"@type\":\"SearchAction\",\"target\":{\"@type\":\"EntryPoint\",\"urlTemplate\":\"https:\\\/\\\/lospoliticosveracruz.com\\\/?s={search_term_string}\"},\"query-input\":{\"@type\":\"PropertyValueSpecification\",\"valueRequired\":true,\"valueName\":\"search_term_string\"}}],\"inLanguage\":\"es\"},{\"@type\":\"Organization\",\"@id\":\"https:\\\/\\\/lospoliticosveracruz.com\\\/#organization\",\"name\":\"Los pol\u00edticos Veracruz\",\"url\":\"https:\\\/\\\/lospoliticosveracruz.com\\\/\",\"logo\":{\"@type\":\"ImageObject\",\"inLanguage\":\"es\",\"@id\":\"https:\\\/\\\/lospoliticosveracruz.com\\\/#\\\/schema\\\/logo\\\/image\\\/\",\"url\":\"https:\\\/\\\/lospoliticosveracruz.com\\\/wp-content\\\/uploads\\\/2025\\\/12\\\/Logo-Nuevo-LOS-POLITICOS-1.jpg\",\"contentUrl\":\"https:\\\/\\\/lospoliticosveracruz.com\\\/wp-content\\\/uploads\\\/2025\\\/12\\\/Logo-Nuevo-LOS-POLITICOS-1.jpg\",\"width\":260,\"height\":70,\"caption\":\"Los pol\u00edticos Veracruz\"},\"image\":{\"@id\":\"https:\\\/\\\/lospoliticosveracruz.com\\\/#\\\/schema\\\/logo\\\/image\\\/\"},\"sameAs\":[\"https:\\\/\\\/www.facebook.com\\\/people\\\/Notimemes-de-los-Polticos\\\/61565672886568\\\/\",\"https:\\\/\\\/x.com\\\/LosPoliticosVer\"]},{\"@type\":\"Person\",\"@id\":\"https:\\\/\\\/lospoliticosveracruz.com\\\/#\\\/schema\\\/person\\\/b8702bb0e538456e6efd07080bf2a4a2\",\"name\":\"Lo viste en Los Pol\u00edticos\",\"image\":{\"@type\":\"ImageObject\",\"inLanguage\":\"es\",\"@id\":\"https:\\\/\\\/secure.gravatar.com\\\/avatar\\\/3a8de04a2656d44082be478bd6c086daa447c4651605818287b9532d3d0bd435?s=96&d=mm&r=g\",\"url\":\"https:\\\/\\\/secure.gravatar.com\\\/avatar\\\/3a8de04a2656d44082be478bd6c086daa447c4651605818287b9532d3d0bd435?s=96&d=mm&r=g\",\"contentUrl\":\"https:\\\/\\\/secure.gravatar.com\\\/avatar\\\/3a8de04a2656d44082be478bd6c086daa447c4651605818287b9532d3d0bd435?s=96&d=mm&r=g\",\"caption\":\"Lo viste en Los Pol\u00edticos\"},\"url\":\"https:\\\/\\\/lospoliticosveracruz.com\\\/?author=2\"}]}<\/script>\n<!-- \/ Yoast SEO plugin. -->","yoast_head_json":{"title":"ESPEJOS DE P\u00d3LVORA - Los pol\u00edticos Veracruz","robots":{"index":"index","follow":"follow","max-snippet":"max-snippet:-1","max-image-preview":"max-image-preview:large","max-video-preview":"max-video-preview:-1"},"canonical":"https:\/\/lospoliticosveracruz.com\/?p=170108","og_locale":"es_ES","og_type":"article","og_title":"ESPEJOS DE P\u00d3LVORA - Los pol\u00edticos Veracruz","og_description":"Julio Vallejo La delgada l\u00ednea entre mi opini\u00f3n y la tuya Los acontecimientos recientes en la zona arqueol\u00f3gica de Teotihuac\u00e1n, las amenazas que han puesto en jaque a la comunidad educativa de Xalapa y por si faltara la cereza del pastel el tercer atentado contra el presidente Trump de los Estados Unidos; no son meras [&hellip;]","og_url":"https:\/\/lospoliticosveracruz.com\/?p=170108","og_site_name":"Los pol\u00edticos Veracruz","article_publisher":"https:\/\/www.facebook.com\/people\/Notimemes-de-los-Polticos\/61565672886568\/","article_published_time":"2026-04-29T13:37:47+00:00","article_modified_time":"2026-04-29T13:37:48+00:00","og_image":[{"width":1250,"height":667,"url":"https:\/\/lospoliticosveracruz.com\/wp-content\/uploads\/2025\/04\/Julio-Vallejo.jpg","type":"image\/jpeg"}],"author":"Lo viste en Los Pol\u00edticos","twitter_card":"summary_large_image","twitter_creator":"@LosPoliticosVer","twitter_site":"@LosPoliticosVer","twitter_misc":{"Escrito por":"Lo viste en Los Pol\u00edticos","Tiempo de lectura":"3 minutos"},"schema":{"@context":"https:\/\/schema.org","@graph":[{"@type":"Article","@id":"https:\/\/lospoliticosveracruz.com\/?p=170108#article","isPartOf":{"@id":"https:\/\/lospoliticosveracruz.com\/?p=170108"},"author":{"name":"Lo viste en Los Pol\u00edticos","@id":"https:\/\/lospoliticosveracruz.com\/#\/schema\/person\/b8702bb0e538456e6efd07080bf2a4a2"},"headline":"ESPEJOS DE P\u00d3LVORA","datePublished":"2026-04-29T13:37:47+00:00","dateModified":"2026-04-29T13:37:48+00:00","mainEntityOfPage":{"@id":"https:\/\/lospoliticosveracruz.com\/?p=170108"},"wordCount":528,"publisher":{"@id":"https:\/\/lospoliticosveracruz.com\/#organization"},"image":{"@id":"https:\/\/lospoliticosveracruz.com\/?p=170108#primaryimage"},"thumbnailUrl":"https:\/\/lospoliticosveracruz.com\/wp-content\/uploads\/2025\/04\/Julio-Vallejo.jpg","keywords":["Amenazas escuelas Xalapa Veracruz","Crisis de salud mental M\u00e9xico","Cultura del cuidado vs supervivencia","Protocolos de seguridad escolar Xalapa","Tr\u00e1fico de armas Estados Unidos M\u00e9xico","Violencia estructural y efecto copycat"],"articleSection":["De Opini\u00f3n"],"inLanguage":"es"},{"@type":"WebPage","@id":"https:\/\/lospoliticosveracruz.com\/?p=170108","url":"https:\/\/lospoliticosveracruz.com\/?p=170108","name":"ESPEJOS DE P\u00d3LVORA - Los pol\u00edticos Veracruz","isPartOf":{"@id":"https:\/\/lospoliticosveracruz.com\/#website"},"primaryImageOfPage":{"@id":"https:\/\/lospoliticosveracruz.com\/?p=170108#primaryimage"},"image":{"@id":"https:\/\/lospoliticosveracruz.com\/?p=170108#primaryimage"},"thumbnailUrl":"https:\/\/lospoliticosveracruz.com\/wp-content\/uploads\/2025\/04\/Julio-Vallejo.jpg","datePublished":"2026-04-29T13:37:47+00:00","dateModified":"2026-04-29T13:37:48+00:00","breadcrumb":{"@id":"https:\/\/lospoliticosveracruz.com\/?p=170108#breadcrumb"},"inLanguage":"es","potentialAction":[{"@type":"ReadAction","target":["https:\/\/lospoliticosveracruz.com\/?p=170108"]}]},{"@type":"ImageObject","inLanguage":"es","@id":"https:\/\/lospoliticosveracruz.com\/?p=170108#primaryimage","url":"https:\/\/lospoliticosveracruz.com\/wp-content\/uploads\/2025\/04\/Julio-Vallejo.jpg","contentUrl":"https:\/\/lospoliticosveracruz.com\/wp-content\/uploads\/2025\/04\/Julio-Vallejo.jpg","width":1250,"height":667},{"@type":"BreadcrumbList","@id":"https:\/\/lospoliticosveracruz.com\/?p=170108#breadcrumb","itemListElement":[{"@type":"ListItem","position":1,"name":"Portada","item":"https:\/\/lospoliticosveracruz.com\/"},{"@type":"ListItem","position":2,"name":"ESPEJOS DE P\u00d3LVORA"}]},{"@type":"WebSite","@id":"https:\/\/lospoliticosveracruz.com\/#website","url":"https:\/\/lospoliticosveracruz.com\/","name":"Los pol\u00edticos Veracruz","description":"","publisher":{"@id":"https:\/\/lospoliticosveracruz.com\/#organization"},"potentialAction":[{"@type":"SearchAction","target":{"@type":"EntryPoint","urlTemplate":"https:\/\/lospoliticosveracruz.com\/?s={search_term_string}"},"query-input":{"@type":"PropertyValueSpecification","valueRequired":true,"valueName":"search_term_string"}}],"inLanguage":"es"},{"@type":"Organization","@id":"https:\/\/lospoliticosveracruz.com\/#organization","name":"Los pol\u00edticos Veracruz","url":"https:\/\/lospoliticosveracruz.com\/","logo":{"@type":"ImageObject","inLanguage":"es","@id":"https:\/\/lospoliticosveracruz.com\/#\/schema\/logo\/image\/","url":"https:\/\/lospoliticosveracruz.com\/wp-content\/uploads\/2025\/12\/Logo-Nuevo-LOS-POLITICOS-1.jpg","contentUrl":"https:\/\/lospoliticosveracruz.com\/wp-content\/uploads\/2025\/12\/Logo-Nuevo-LOS-POLITICOS-1.jpg","width":260,"height":70,"caption":"Los pol\u00edticos Veracruz"},"image":{"@id":"https:\/\/lospoliticosveracruz.com\/#\/schema\/logo\/image\/"},"sameAs":["https:\/\/www.facebook.com\/people\/Notimemes-de-los-Polticos\/61565672886568\/","https:\/\/x.com\/LosPoliticosVer"]},{"@type":"Person","@id":"https:\/\/lospoliticosveracruz.com\/#\/schema\/person\/b8702bb0e538456e6efd07080bf2a4a2","name":"Lo viste en Los Pol\u00edticos","image":{"@type":"ImageObject","inLanguage":"es","@id":"https:\/\/secure.gravatar.com\/avatar\/3a8de04a2656d44082be478bd6c086daa447c4651605818287b9532d3d0bd435?s=96&d=mm&r=g","url":"https:\/\/secure.gravatar.com\/avatar\/3a8de04a2656d44082be478bd6c086daa447c4651605818287b9532d3d0bd435?s=96&d=mm&r=g","contentUrl":"https:\/\/secure.gravatar.com\/avatar\/3a8de04a2656d44082be478bd6c086daa447c4651605818287b9532d3d0bd435?s=96&d=mm&r=g","caption":"Lo viste en Los Pol\u00edticos"},"url":"https:\/\/lospoliticosveracruz.com\/?author=2"}]}},"_links":{"self":[{"href":"https:\/\/lospoliticosveracruz.com\/index.php?rest_route=\/wp\/v2\/posts\/170108","targetHints":{"allow":["GET"]}}],"collection":[{"href":"https:\/\/lospoliticosveracruz.com\/index.php?rest_route=\/wp\/v2\/posts"}],"about":[{"href":"https:\/\/lospoliticosveracruz.com\/index.php?rest_route=\/wp\/v2\/types\/post"}],"author":[{"embeddable":true,"href":"https:\/\/lospoliticosveracruz.com\/index.php?rest_route=\/wp\/v2\/users\/2"}],"replies":[{"embeddable":true,"href":"https:\/\/lospoliticosveracruz.com\/index.php?rest_route=%2Fwp%2Fv2%2Fcomments&post=170108"}],"version-history":[{"count":1,"href":"https:\/\/lospoliticosveracruz.com\/index.php?rest_route=\/wp\/v2\/posts\/170108\/revisions"}],"predecessor-version":[{"id":170109,"href":"https:\/\/lospoliticosveracruz.com\/index.php?rest_route=\/wp\/v2\/posts\/170108\/revisions\/170109"}],"wp:featuredmedia":[{"embeddable":true,"href":"https:\/\/lospoliticosveracruz.com\/index.php?rest_route=\/wp\/v2\/media\/141394"}],"wp:attachment":[{"href":"https:\/\/lospoliticosveracruz.com\/index.php?rest_route=%2Fwp%2Fv2%2Fmedia&parent=170108"}],"wp:term":[{"taxonomy":"category","embeddable":true,"href":"https:\/\/lospoliticosveracruz.com\/index.php?rest_route=%2Fwp%2Fv2%2Fcategories&post=170108"},{"taxonomy":"post_tag","embeddable":true,"href":"https:\/\/lospoliticosveracruz.com\/index.php?rest_route=%2Fwp%2Fv2%2Ftags&post=170108"}],"curies":[{"name":"wp","href":"https:\/\/api.w.org\/{rel}","templated":true}]}}