{"id":170112,"date":"2026-04-29T09:22:23","date_gmt":"2026-04-29T15:22:23","guid":{"rendered":"https:\/\/lospoliticosveracruz.com\/?p=170112"},"modified":"2026-04-29T09:22:24","modified_gmt":"2026-04-29T15:22:24","slug":"el-soberbio-y-patan-hector-yunes","status":"publish","type":"post","link":"https:\/\/lospoliticosveracruz.com\/?p=170112","title":{"rendered":"EL SOBERBIO Y PAT\u00c1N H\u00c9CTOR YUNES"},"content":{"rendered":"\n<p><strong>Alejandra Herrera<\/strong><br><em>Resulta y Resalta<\/em><\/p>\n\n\n\n<p>RESULTA que, en la sesi\u00f3n de este martes en el Congreso Local, los diputados H\u00e9ctor Yunes Landa y Victoria Guti\u00e9rrez protagonizaron -como ya se les hizo costumbre- un nuevo show, que lamentablemente denigra el nivel pol\u00edtico que deber\u00edan tener como legisladores, que representan a uno de los tres poderes en el estado.<\/p>\n\n\n\n<p>La verdad es que, -usando sus mismas palabras- ni a cu\u00e1l irle. Ni al diputado priista que, ante la desaparici\u00f3n de su partido, se refugi\u00f3 en el grupo legislativo Veracruz Nos Une, ni a la diputada de Morena, Victoria Guti\u00e9rrez, con quien ya le gust\u00f3, como si fuera su deporte favorito, engancharse y decir vulgaridades desde la tribuna.<\/p>\n\n\n\n<p>L\u00e1stima de la trayectoria pol\u00edtica de Yunes Landa que, a estas alturas, ya no tendr\u00eda nada que presumir por su aberrante y desastrosa actuaci\u00f3n en esta Legislatura que ya va a m\u00e1s de la mitad.<\/p>\n\n\n\n<p>El pol\u00edtico chole\u00f1o, ex funcionario estatal y ex legislador federal y local, no deja de usar calificativos, apodos y bromas sin sentido contra la legisladora de la 4T, contra quien ya trae una obsesi\u00f3n enfermiza por \u201cdebatir\u201d, como si fuera su villana favorita en la LXVII Legislatura del Estado, debido a que nadie le hace \u201cel caldo gordo\u201d y al verse ignorado por la mayor\u00eda de los inteligentes diputados, se va contra la presa m\u00e1s f\u00e1cil.<\/p>\n\n\n\n<p>As\u00ed lo hizo en la sesi\u00f3n de ayer, de por s\u00ed marat\u00f3nica, y donde todav\u00eda el legislador busc\u00f3 justificar sus onerosos ingresos con una \u201csopa de lengua\u201d, la misma que les ofrece a todo el pleno en cada sesi\u00f3n.<\/p>\n\n\n\n<p>RESALTA que el soberbio y pat\u00e1n legislador, se dirigi\u00f3 a Victoria Guti\u00e9rrez como \u201cdiputada marciana\u201d, sea lo que sea, es una diputada local igual que \u00e9l. Tambi\u00e9n bautiz\u00f3 como jefe del c\u00e1rtel financiero al ex gobernador Cuitl\u00e1huac Garc\u00eda.<\/p>\n\n\n\n<p>Usa a la diputada Victoria Guti\u00e9rrez, como buen \u201czorro\u201d, para subir a tribuna y para desatar pol\u00e9mica con el fin de sacar frustraciones y hacerse notar, pues sus bonos como pol\u00edtico van en picada. Por lo \u00fanico que se llevar\u00eda un trofeo, es como el mejor pol\u00edtico farsante, demagogo, ret\u00f3rico y vividor del presupuesto gubernamental.<\/p>\n\n\n\n<p>Recurre a la producci\u00f3n de apodos de estudiante de secundaria: \u201cel poblano de Finanzas que venga y nos explique , pero que venga \u00e9l no su vocera\u201d. Quiere Yunes Landa que se eleve el nivel de debate y es el primero en lanzar ofensas y groser\u00edas contra los de Morena, todo porque no se le cumpli\u00f3 su capricho de que se le aceptara su exhorto para que el titular de Finanzas, Miguel Santiago Reyes Hern\u00e1ndez acuda a comparecer al Congreso Local.<\/p>\n\n\n\n<p>Ha faltado una y otra vez al respeto, como lo hizo con la diputada Dulce Mar\u00eda Tepole a quien por el solo hecho de responderle a su exhorto, como secretaria de la Comisi\u00f3n de Hacienda, la llam\u00f3 \u201cvocera\u201d del titular de Finanzas. No se cans\u00f3 de denostar a la legisladora con dicho apodo, cuando ella es una mujer respetuosa de la sierra de Zongolica, legisladora que se dedica a lo suyo y a quien le repiti\u00f3 hasta el cansancio \u201cvocera, vocera\u201d, solo para querer ganar atenci\u00f3n.<\/p>\n\n\n\n<p>Puntual fue la diputada local, Miriam Garc\u00eda Guzm\u00e1n, quien pidi\u00f3 respeto a todos. Se\u00f1al\u00f3 que la sesi\u00f3n hubiera avanzado m\u00e1s r\u00e1pido si todos se respetaran, y obviamente, la mayor\u00eda voltearon a ver a los dos protag\u00f3nicos de siempre, en particular al deseoso siempre de los reflectores, H\u00e9ctor Yunes.<\/p>\n\n\n\n<p>Y as\u00ed cada sesi\u00f3n es la misma actuaci\u00f3n de flojera de un priista venido a menos. Un dinosaurio en proceso de extinci\u00f3n, que busca quedarse de esa denigrante forma.<\/p>\n","protected":false},"excerpt":{"rendered":"<p>Alejandra HerreraResulta y Resalta RESULTA que, en la sesi\u00f3n de este martes en el Congreso Local, los diputados H\u00e9ctor Yunes Landa y Victoria Guti\u00e9rrez protagonizaron -como ya se les hizo costumbre- un nuevo show, que lamentablemente denigra el nivel pol\u00edtico que deber\u00edan tener como legisladores, que representan a uno de los tres poderes en el [&hellip;]<\/p>\n","protected":false},"author":2,"featured_media":169900,"comment_status":"closed","ping_status":"closed","sticky":false,"template":"","format":"standard","meta":{"tdm_status":"","tdm_grid_status":"","footnotes":""},"categories":[70],"tags":[62514,62708,348,41936,42336,640,42272],"class_list":{"0":"post-170112","1":"post","2":"type-post","3":"status-publish","4":"format-standard","5":"has-post-thumbnail","7":"category-de-opinion","8":"tag-alejandra-herrera","9":"tag-diputada-marciana","10":"tag-hector-yunes-landa","11":"tag-miguel-santiago-reyes-hernandez","12":"tag-miriam-garcia-guzman","13":"tag-sefiplan","14":"tag-victoria-gutierrez-perez"},"yoast_head":"<!-- This site is optimized with the Yoast SEO plugin v27.4 - https:\/\/yoast.com\/product\/yoast-seo-wordpress\/ -->\n<title>EL SOBERBIO Y PAT\u00c1N H\u00c9CTOR YUNES - Los pol\u00edticos Veracruz<\/title>\n<meta name=\"robots\" content=\"index, follow, max-snippet:-1, max-image-preview:large, max-video-preview:-1\" \/>\n<link rel=\"canonical\" href=\"https:\/\/lospoliticosveracruz.com\/?p=170112\" \/>\n<meta property=\"og:locale\" content=\"es_ES\" \/>\n<meta property=\"og:type\" content=\"article\" \/>\n<meta property=\"og:title\" content=\"EL SOBERBIO Y PAT\u00c1N H\u00c9CTOR YUNES - Los pol\u00edticos Veracruz\" \/>\n<meta property=\"og:description\" content=\"Alejandra HerreraResulta y Resalta RESULTA que, en la sesi\u00f3n de este martes en el Congreso Local, los diputados H\u00e9ctor Yunes Landa y Victoria Guti\u00e9rrez protagonizaron -como ya se les hizo costumbre- un nuevo show, que lamentablemente denigra el nivel pol\u00edtico que deber\u00edan tener como legisladores, que representan a uno de los tres poderes en el [&hellip;]\" \/>\n<meta property=\"og:url\" content=\"https:\/\/lospoliticosveracruz.com\/?p=170112\" \/>\n<meta property=\"og:site_name\" content=\"Los pol\u00edticos Veracruz\" \/>\n<meta property=\"article:publisher\" content=\"https:\/\/www.facebook.com\/people\/Notimemes-de-los-Polticos\/61565672886568\/\" \/>\n<meta property=\"article:published_time\" content=\"2026-04-29T15:22:23+00:00\" \/>\n<meta property=\"article:modified_time\" content=\"2026-04-29T15:22:24+00:00\" \/>\n<meta property=\"og:image\" content=\"https:\/\/lospoliticosveracruz.com\/wp-content\/uploads\/2026\/04\/Alejandra-Herrera.jpg\" \/>\n\t<meta property=\"og:image:width\" content=\"1250\" \/>\n\t<meta property=\"og:image:height\" content=\"667\" \/>\n\t<meta property=\"og:image:type\" content=\"image\/jpeg\" \/>\n<meta name=\"author\" content=\"Lo viste en Los Pol\u00edticos\" \/>\n<meta name=\"twitter:card\" content=\"summary_large_image\" \/>\n<meta name=\"twitter:creator\" content=\"@LosPoliticosVer\" \/>\n<meta name=\"twitter:site\" content=\"@LosPoliticosVer\" \/>\n<meta name=\"twitter:label1\" content=\"Escrito por\" \/>\n\t<meta name=\"twitter:data1\" content=\"Lo viste en Los Pol\u00edticos\" \/>\n\t<meta name=\"twitter:label2\" content=\"Tiempo de lectura\" \/>\n\t<meta name=\"twitter:data2\" content=\"3 minutos\" \/>\n<script type=\"application\/ld+json\" class=\"yoast-schema-graph\">{\"@context\":\"https:\\\/\\\/schema.org\",\"@graph\":[{\"@type\":\"Article\",\"@id\":\"https:\\\/\\\/lospoliticosveracruz.com\\\/?p=170112#article\",\"isPartOf\":{\"@id\":\"https:\\\/\\\/lospoliticosveracruz.com\\\/?p=170112\"},\"author\":{\"name\":\"Lo viste en Los Pol\u00edticos\",\"@id\":\"https:\\\/\\\/lospoliticosveracruz.com\\\/#\\\/schema\\\/person\\\/b8702bb0e538456e6efd07080bf2a4a2\"},\"headline\":\"EL SOBERBIO Y PAT\u00c1N H\u00c9CTOR YUNES\",\"datePublished\":\"2026-04-29T15:22:23+00:00\",\"dateModified\":\"2026-04-29T15:22:24+00:00\",\"mainEntityOfPage\":{\"@id\":\"https:\\\/\\\/lospoliticosveracruz.com\\\/?p=170112\"},\"wordCount\":662,\"publisher\":{\"@id\":\"https:\\\/\\\/lospoliticosveracruz.com\\\/#organization\"},\"image\":{\"@id\":\"https:\\\/\\\/lospoliticosveracruz.com\\\/?p=170112#primaryimage\"},\"thumbnailUrl\":\"https:\\\/\\\/lospoliticosveracruz.com\\\/wp-content\\\/uploads\\\/2026\\\/04\\\/Alejandra-Herrera.jpg\",\"keywords\":[\"Alejandra Herrera\",\"Diputada Marciana\",\"H\u00e9ctor Yunes Landa\",\"Miguel Santiago Reyes Hern\u00e1ndez\",\"Miriam Garc\u00eda Guzm\u00e1n\",\"Sefiplan\",\"Victoria Guti\u00e9rrez P\u00e9rez\"],\"articleSection\":[\"De Opini\u00f3n\"],\"inLanguage\":\"es\"},{\"@type\":\"WebPage\",\"@id\":\"https:\\\/\\\/lospoliticosveracruz.com\\\/?p=170112\",\"url\":\"https:\\\/\\\/lospoliticosveracruz.com\\\/?p=170112\",\"name\":\"EL SOBERBIO Y PAT\u00c1N H\u00c9CTOR YUNES - Los pol\u00edticos Veracruz\",\"isPartOf\":{\"@id\":\"https:\\\/\\\/lospoliticosveracruz.com\\\/#website\"},\"primaryImageOfPage\":{\"@id\":\"https:\\\/\\\/lospoliticosveracruz.com\\\/?p=170112#primaryimage\"},\"image\":{\"@id\":\"https:\\\/\\\/lospoliticosveracruz.com\\\/?p=170112#primaryimage\"},\"thumbnailUrl\":\"https:\\\/\\\/lospoliticosveracruz.com\\\/wp-content\\\/uploads\\\/2026\\\/04\\\/Alejandra-Herrera.jpg\",\"datePublished\":\"2026-04-29T15:22:23+00:00\",\"dateModified\":\"2026-04-29T15:22:24+00:00\",\"breadcrumb\":{\"@id\":\"https:\\\/\\\/lospoliticosveracruz.com\\\/?p=170112#breadcrumb\"},\"inLanguage\":\"es\",\"potentialAction\":[{\"@type\":\"ReadAction\",\"target\":[\"https:\\\/\\\/lospoliticosveracruz.com\\\/?p=170112\"]}]},{\"@type\":\"ImageObject\",\"inLanguage\":\"es\",\"@id\":\"https:\\\/\\\/lospoliticosveracruz.com\\\/?p=170112#primaryimage\",\"url\":\"https:\\\/\\\/lospoliticosveracruz.com\\\/wp-content\\\/uploads\\\/2026\\\/04\\\/Alejandra-Herrera.jpg\",\"contentUrl\":\"https:\\\/\\\/lospoliticosveracruz.com\\\/wp-content\\\/uploads\\\/2026\\\/04\\\/Alejandra-Herrera.jpg\",\"width\":1250,\"height\":667},{\"@type\":\"BreadcrumbList\",\"@id\":\"https:\\\/\\\/lospoliticosveracruz.com\\\/?p=170112#breadcrumb\",\"itemListElement\":[{\"@type\":\"ListItem\",\"position\":1,\"name\":\"Portada\",\"item\":\"https:\\\/\\\/lospoliticosveracruz.com\\\/\"},{\"@type\":\"ListItem\",\"position\":2,\"name\":\"EL SOBERBIO Y PAT\u00c1N H\u00c9CTOR YUNES\"}]},{\"@type\":\"WebSite\",\"@id\":\"https:\\\/\\\/lospoliticosveracruz.com\\\/#website\",\"url\":\"https:\\\/\\\/lospoliticosveracruz.com\\\/\",\"name\":\"Los pol\u00edticos Veracruz\",\"description\":\"\",\"publisher\":{\"@id\":\"https:\\\/\\\/lospoliticosveracruz.com\\\/#organization\"},\"potentialAction\":[{\"@type\":\"SearchAction\",\"target\":{\"@type\":\"EntryPoint\",\"urlTemplate\":\"https:\\\/\\\/lospoliticosveracruz.com\\\/?s={search_term_string}\"},\"query-input\":{\"@type\":\"PropertyValueSpecification\",\"valueRequired\":true,\"valueName\":\"search_term_string\"}}],\"inLanguage\":\"es\"},{\"@type\":\"Organization\",\"@id\":\"https:\\\/\\\/lospoliticosveracruz.com\\\/#organization\",\"name\":\"Los pol\u00edticos Veracruz\",\"url\":\"https:\\\/\\\/lospoliticosveracruz.com\\\/\",\"logo\":{\"@type\":\"ImageObject\",\"inLanguage\":\"es\",\"@id\":\"https:\\\/\\\/lospoliticosveracruz.com\\\/#\\\/schema\\\/logo\\\/image\\\/\",\"url\":\"https:\\\/\\\/lospoliticosveracruz.com\\\/wp-content\\\/uploads\\\/2025\\\/12\\\/Logo-Nuevo-LOS-POLITICOS-1.jpg\",\"contentUrl\":\"https:\\\/\\\/lospoliticosveracruz.com\\\/wp-content\\\/uploads\\\/2025\\\/12\\\/Logo-Nuevo-LOS-POLITICOS-1.jpg\",\"width\":260,\"height\":70,\"caption\":\"Los pol\u00edticos Veracruz\"},\"image\":{\"@id\":\"https:\\\/\\\/lospoliticosveracruz.com\\\/#\\\/schema\\\/logo\\\/image\\\/\"},\"sameAs\":[\"https:\\\/\\\/www.facebook.com\\\/people\\\/Notimemes-de-los-Polticos\\\/61565672886568\\\/\",\"https:\\\/\\\/x.com\\\/LosPoliticosVer\"]},{\"@type\":\"Person\",\"@id\":\"https:\\\/\\\/lospoliticosveracruz.com\\\/#\\\/schema\\\/person\\\/b8702bb0e538456e6efd07080bf2a4a2\",\"name\":\"Lo viste en Los Pol\u00edticos\",\"image\":{\"@type\":\"ImageObject\",\"inLanguage\":\"es\",\"@id\":\"https:\\\/\\\/secure.gravatar.com\\\/avatar\\\/3a8de04a2656d44082be478bd6c086daa447c4651605818287b9532d3d0bd435?s=96&d=mm&r=g\",\"url\":\"https:\\\/\\\/secure.gravatar.com\\\/avatar\\\/3a8de04a2656d44082be478bd6c086daa447c4651605818287b9532d3d0bd435?s=96&d=mm&r=g\",\"contentUrl\":\"https:\\\/\\\/secure.gravatar.com\\\/avatar\\\/3a8de04a2656d44082be478bd6c086daa447c4651605818287b9532d3d0bd435?s=96&d=mm&r=g\",\"caption\":\"Lo viste en Los Pol\u00edticos\"},\"url\":\"https:\\\/\\\/lospoliticosveracruz.com\\\/?author=2\"}]}<\/script>\n<!-- \/ Yoast SEO plugin. -->","yoast_head_json":{"title":"EL SOBERBIO Y PAT\u00c1N H\u00c9CTOR YUNES - Los pol\u00edticos Veracruz","robots":{"index":"index","follow":"follow","max-snippet":"max-snippet:-1","max-image-preview":"max-image-preview:large","max-video-preview":"max-video-preview:-1"},"canonical":"https:\/\/lospoliticosveracruz.com\/?p=170112","og_locale":"es_ES","og_type":"article","og_title":"EL SOBERBIO Y PAT\u00c1N H\u00c9CTOR YUNES - Los pol\u00edticos Veracruz","og_description":"Alejandra HerreraResulta y Resalta RESULTA que, en la sesi\u00f3n de este martes en el Congreso Local, los diputados H\u00e9ctor Yunes Landa y Victoria Guti\u00e9rrez protagonizaron -como ya se les hizo costumbre- un nuevo show, que lamentablemente denigra el nivel pol\u00edtico que deber\u00edan tener como legisladores, que representan a uno de los tres poderes en el [&hellip;]","og_url":"https:\/\/lospoliticosveracruz.com\/?p=170112","og_site_name":"Los pol\u00edticos Veracruz","article_publisher":"https:\/\/www.facebook.com\/people\/Notimemes-de-los-Polticos\/61565672886568\/","article_published_time":"2026-04-29T15:22:23+00:00","article_modified_time":"2026-04-29T15:22:24+00:00","og_image":[{"width":1250,"height":667,"url":"https:\/\/lospoliticosveracruz.com\/wp-content\/uploads\/2026\/04\/Alejandra-Herrera.jpg","type":"image\/jpeg"}],"author":"Lo viste en Los Pol\u00edticos","twitter_card":"summary_large_image","twitter_creator":"@LosPoliticosVer","twitter_site":"@LosPoliticosVer","twitter_misc":{"Escrito por":"Lo viste en Los Pol\u00edticos","Tiempo de lectura":"3 minutos"},"schema":{"@context":"https:\/\/schema.org","@graph":[{"@type":"Article","@id":"https:\/\/lospoliticosveracruz.com\/?p=170112#article","isPartOf":{"@id":"https:\/\/lospoliticosveracruz.com\/?p=170112"},"author":{"name":"Lo viste en Los Pol\u00edticos","@id":"https:\/\/lospoliticosveracruz.com\/#\/schema\/person\/b8702bb0e538456e6efd07080bf2a4a2"},"headline":"EL SOBERBIO Y PAT\u00c1N H\u00c9CTOR YUNES","datePublished":"2026-04-29T15:22:23+00:00","dateModified":"2026-04-29T15:22:24+00:00","mainEntityOfPage":{"@id":"https:\/\/lospoliticosveracruz.com\/?p=170112"},"wordCount":662,"publisher":{"@id":"https:\/\/lospoliticosveracruz.com\/#organization"},"image":{"@id":"https:\/\/lospoliticosveracruz.com\/?p=170112#primaryimage"},"thumbnailUrl":"https:\/\/lospoliticosveracruz.com\/wp-content\/uploads\/2026\/04\/Alejandra-Herrera.jpg","keywords":["Alejandra Herrera","Diputada Marciana","H\u00e9ctor Yunes Landa","Miguel Santiago Reyes Hern\u00e1ndez","Miriam Garc\u00eda Guzm\u00e1n","Sefiplan","Victoria Guti\u00e9rrez P\u00e9rez"],"articleSection":["De Opini\u00f3n"],"inLanguage":"es"},{"@type":"WebPage","@id":"https:\/\/lospoliticosveracruz.com\/?p=170112","url":"https:\/\/lospoliticosveracruz.com\/?p=170112","name":"EL SOBERBIO Y PAT\u00c1N H\u00c9CTOR YUNES - Los pol\u00edticos Veracruz","isPartOf":{"@id":"https:\/\/lospoliticosveracruz.com\/#website"},"primaryImageOfPage":{"@id":"https:\/\/lospoliticosveracruz.com\/?p=170112#primaryimage"},"image":{"@id":"https:\/\/lospoliticosveracruz.com\/?p=170112#primaryimage"},"thumbnailUrl":"https:\/\/lospoliticosveracruz.com\/wp-content\/uploads\/2026\/04\/Alejandra-Herrera.jpg","datePublished":"2026-04-29T15:22:23+00:00","dateModified":"2026-04-29T15:22:24+00:00","breadcrumb":{"@id":"https:\/\/lospoliticosveracruz.com\/?p=170112#breadcrumb"},"inLanguage":"es","potentialAction":[{"@type":"ReadAction","target":["https:\/\/lospoliticosveracruz.com\/?p=170112"]}]},{"@type":"ImageObject","inLanguage":"es","@id":"https:\/\/lospoliticosveracruz.com\/?p=170112#primaryimage","url":"https:\/\/lospoliticosveracruz.com\/wp-content\/uploads\/2026\/04\/Alejandra-Herrera.jpg","contentUrl":"https:\/\/lospoliticosveracruz.com\/wp-content\/uploads\/2026\/04\/Alejandra-Herrera.jpg","width":1250,"height":667},{"@type":"BreadcrumbList","@id":"https:\/\/lospoliticosveracruz.com\/?p=170112#breadcrumb","itemListElement":[{"@type":"ListItem","position":1,"name":"Portada","item":"https:\/\/lospoliticosveracruz.com\/"},{"@type":"ListItem","position":2,"name":"EL SOBERBIO Y PAT\u00c1N H\u00c9CTOR YUNES"}]},{"@type":"WebSite","@id":"https:\/\/lospoliticosveracruz.com\/#website","url":"https:\/\/lospoliticosveracruz.com\/","name":"Los pol\u00edticos Veracruz","description":"","publisher":{"@id":"https:\/\/lospoliticosveracruz.com\/#organization"},"potentialAction":[{"@type":"SearchAction","target":{"@type":"EntryPoint","urlTemplate":"https:\/\/lospoliticosveracruz.com\/?s={search_term_string}"},"query-input":{"@type":"PropertyValueSpecification","valueRequired":true,"valueName":"search_term_string"}}],"inLanguage":"es"},{"@type":"Organization","@id":"https:\/\/lospoliticosveracruz.com\/#organization","name":"Los pol\u00edticos Veracruz","url":"https:\/\/lospoliticosveracruz.com\/","logo":{"@type":"ImageObject","inLanguage":"es","@id":"https:\/\/lospoliticosveracruz.com\/#\/schema\/logo\/image\/","url":"https:\/\/lospoliticosveracruz.com\/wp-content\/uploads\/2025\/12\/Logo-Nuevo-LOS-POLITICOS-1.jpg","contentUrl":"https:\/\/lospoliticosveracruz.com\/wp-content\/uploads\/2025\/12\/Logo-Nuevo-LOS-POLITICOS-1.jpg","width":260,"height":70,"caption":"Los pol\u00edticos Veracruz"},"image":{"@id":"https:\/\/lospoliticosveracruz.com\/#\/schema\/logo\/image\/"},"sameAs":["https:\/\/www.facebook.com\/people\/Notimemes-de-los-Polticos\/61565672886568\/","https:\/\/x.com\/LosPoliticosVer"]},{"@type":"Person","@id":"https:\/\/lospoliticosveracruz.com\/#\/schema\/person\/b8702bb0e538456e6efd07080bf2a4a2","name":"Lo viste en Los Pol\u00edticos","image":{"@type":"ImageObject","inLanguage":"es","@id":"https:\/\/secure.gravatar.com\/avatar\/3a8de04a2656d44082be478bd6c086daa447c4651605818287b9532d3d0bd435?s=96&d=mm&r=g","url":"https:\/\/secure.gravatar.com\/avatar\/3a8de04a2656d44082be478bd6c086daa447c4651605818287b9532d3d0bd435?s=96&d=mm&r=g","contentUrl":"https:\/\/secure.gravatar.com\/avatar\/3a8de04a2656d44082be478bd6c086daa447c4651605818287b9532d3d0bd435?s=96&d=mm&r=g","caption":"Lo viste en Los Pol\u00edticos"},"url":"https:\/\/lospoliticosveracruz.com\/?author=2"}]}},"_links":{"self":[{"href":"https:\/\/lospoliticosveracruz.com\/index.php?rest_route=\/wp\/v2\/posts\/170112","targetHints":{"allow":["GET"]}}],"collection":[{"href":"https:\/\/lospoliticosveracruz.com\/index.php?rest_route=\/wp\/v2\/posts"}],"about":[{"href":"https:\/\/lospoliticosveracruz.com\/index.php?rest_route=\/wp\/v2\/types\/post"}],"author":[{"embeddable":true,"href":"https:\/\/lospoliticosveracruz.com\/index.php?rest_route=\/wp\/v2\/users\/2"}],"replies":[{"embeddable":true,"href":"https:\/\/lospoliticosveracruz.com\/index.php?rest_route=%2Fwp%2Fv2%2Fcomments&post=170112"}],"version-history":[{"count":1,"href":"https:\/\/lospoliticosveracruz.com\/index.php?rest_route=\/wp\/v2\/posts\/170112\/revisions"}],"predecessor-version":[{"id":170113,"href":"https:\/\/lospoliticosveracruz.com\/index.php?rest_route=\/wp\/v2\/posts\/170112\/revisions\/170113"}],"wp:featuredmedia":[{"embeddable":true,"href":"https:\/\/lospoliticosveracruz.com\/index.php?rest_route=\/wp\/v2\/media\/169900"}],"wp:attachment":[{"href":"https:\/\/lospoliticosveracruz.com\/index.php?rest_route=%2Fwp%2Fv2%2Fmedia&parent=170112"}],"wp:term":[{"taxonomy":"category","embeddable":true,"href":"https:\/\/lospoliticosveracruz.com\/index.php?rest_route=%2Fwp%2Fv2%2Fcategories&post=170112"},{"taxonomy":"post_tag","embeddable":true,"href":"https:\/\/lospoliticosveracruz.com\/index.php?rest_route=%2Fwp%2Fv2%2Ftags&post=170112"}],"curies":[{"name":"wp","href":"https:\/\/api.w.org\/{rel}","templated":true}]}}