{"id":170123,"date":"2026-04-29T09:59:00","date_gmt":"2026-04-29T15:59:00","guid":{"rendered":"https:\/\/lospoliticosveracruz.com\/?p=170123"},"modified":"2026-04-29T09:59:01","modified_gmt":"2026-04-29T15:59:01","slug":"alamo-de-la-adversidad-a-la-reconstruccion-permanente","status":"publish","type":"post","link":"https:\/\/lospoliticosveracruz.com\/?p=170123","title":{"rendered":"\u00c1LAMO, DE LA ADVERSIDAD A LA RECONSTRUCCI\u00d3N PERMANENTE"},"content":{"rendered":"\n<p><strong>Miguel Valera<br><\/strong><em>Contrase\u00f1as<br><\/em>Las buenas noticias no suelen ser noticias. Nadie publica, con bombo y platillo que el sol apareci\u00f3 en el horizonte y que se espera un d\u00eda c\u00e1lido y agradable. No. Publicamos si las temperaturas son extremas, si muere el ganado por el calor o si queda congelado en la llanura. As\u00ed ha sucedido en \u00c1lamo Temapache, una demarcaci\u00f3n del norte del estado de Veracruz, la cual sufri\u00f3 una severa inundaci\u00f3n en octubre de 2025 por el desbordamiento del r\u00edo Pantepec.<\/p>\n\n\n\n<p>\u201cEsto nunca hab\u00eda pasado; mi casa est\u00e1 totalmente destrozada; no hay nada para comer; llevamos tres d\u00edas incomunicados\u201d, comentaban los pobladores damnificados a los colegas periodistas, los primeros en llegar al lugar. Cuando 14 d\u00edas despu\u00e9s, la entonces presidenta municipal Blanca Lilia Arrieta Pardo se apareci\u00f3 en las colonias, fue increpada, insultada y le lanzaron lodo y piedras. No era para menos. La primera edil de esa demarcaci\u00f3n se desentendi\u00f3 de la tragedia.<\/p>\n\n\n\n<p>Afortunadamente la gobernadora Roc\u00edo Nahle Garc\u00eda primero y el nuevo alcalde Jos\u00e9 Roberto Arenas Mart\u00ednez \u201cPepe Arenas\u201d se pusieron manos a la obra para reconstruir la capital de la naranja y del zacahuil. Hoy, a cuatro meses de haber iniciado este gobierno municipal, \u00c1lamo Temapache est\u00e1 de pie y as\u00ed se ha notado, por ejemplo, en la Feria de la Naranja 2026, un evento que por primera vez se realiz\u00f3 de manera gratuita, que ha promovido la recreaci\u00f3n para los pobladores y la proyecci\u00f3n de los productores citr\u00edcolas.<\/p>\n\n\n\n<p>Los testimonios de los habitantes de esta demarcaci\u00f3n, no tienen desperdicio. Jes\u00fas Hern\u00e1ndez, de la comunidad de Tamatoca, coment\u00f3 recientemente en una transmisi\u00f3n radiof\u00f3nica que \u201cnunca antes hab\u00edan hecho una feria como esta \u00a1y gratis! Los ni\u00f1os se han divertido mucho. Muchas gracias al alcalde Pepe Arenas y a su esposa, la se\u00f1ora Norma Edith Bustos de Arenas\u201d.<\/p>\n\n\n\n<p>Eliseo Tolentino, de la colonia Pantepec, quien hizo una larga fila para disfrutar de los juegos con sus hijos, en el Pabell\u00f3n del DIF municipal, coment\u00f3 que \u201clos ni\u00f1os se divierten. Esto no se hab\u00eda visto antes en \u00c1lamo; qu\u00e9 bueno que el alcalde y su esposa hayan tra\u00eddo esta feria, despu\u00e9s de la desgracia que ocurri\u00f3 en este municipio; esto nos anima y nos motiva a seguir para adelante\u201d.<\/p>\n\n\n\n<p>Do\u00f1a Claudia, de Nuevo Jard\u00edn, expuso: \u201cEs la primera vez que traen este parque. Qu\u00e9 bueno que el presidente municipal y su esposa se preocupen\u201d. Y en el mismo sentido la se\u00f1ora Pamela y muchos otros habitantes a quienes se les registr\u00f3 su testimonio en las ondas hertzianas.<\/p>\n\n\n\n<p><strong>ESCAPARATE PARA LA CITRICULTURA<\/strong><\/p>\n\n\n\n<p>La Feria adem\u00e1s, y hay que decirlo puntualmente, es un escaparate para los productores citr\u00edcolas de la regi\u00f3n. Es decir, es un espacio de exposici\u00f3n y comercializaci\u00f3n de este producto regional. Este martes por la ma\u00f1ana cientos de productores acudieron al Foro Citr\u00edcola y Feria del Financiamiento convocado por el comit\u00e9 organizador del evento ferial, en el que no s\u00f3lo fueron informados sobre los programas y estrategias del gobierno federal para el campo sino de las facilidades crediticias y fuentes financieras para impulsar el desarrollo de la citricultura.<\/p>\n\n\n\n<p>A nombre del presidente municipal Jos\u00e9 Roberto Arenas Mart\u00ednez, el regidor noveno Jos\u00e9 Luis Batalla Vallejo fue el encargado de dar la bienvenida a los ponentes y de agradecer la asistencia de diversas personalidades y empresas participantes.<\/p>\n\n\n\n<p><strong>EN DEFENSA DE LA GOBERNADORA<\/strong><\/p>\n\n\n\n<p>Adem\u00e1s de su chamba principal, que es gobernar, el alcalde Pepe Arenas tambi\u00e9n sali\u00f3 en defensa de la gobernadora Roc\u00edo Nahle Garc\u00eda, frente a las cr\u00edticas del maestro Atanasio Garc\u00eda Dur\u00e1n.<\/p>\n\n\n\n<p>As\u00ed lo expuso en sus redes sociales: \u201cHe escuchado las declaraciones recientes del maestro Atanacio Garc\u00eda Dur\u00e1n y me parecen no solo inapropiadas sino lamentables y equivocadas. Siempre defender\u00e9 el respeto a la libre expresi\u00f3n; sin embargo, tambi\u00e9n creo que Veracruz merece un debate p\u00fablico a la altura de su gente, que sume, que construya y que acompa\u00f1e el momento que hoy estamos viviendo\u201d.<\/p>\n\n\n\n<p>\u201cHoy Veracruz necesita unidad, responsabilidad y visi\u00f3n de futuro. No es tiempo de dividir, ni de descalificar, sino de reconocer el trabajo, los resultados y el compromiso con la gente\u201d.<\/p>\n\n\n\n<p>\u201cDesde \u00c1lamo Temapache lo digo con claridad: hemos sentido el respaldo de la gobernadora Roc\u00edo Nahle en uno de los momentos m\u00e1s dif\u00edciles de nuestra historia reciente. Ante la contingencia que vivimos, su presencia, su coordinaci\u00f3n y su respuesta han sido firmes y cercanas, poniendo por delante a nuestra gente. Como lo ha hecho a lo largo de todo su amado Veracruz\u201d.<\/p>\n\n\n\n<p>\u201cEso es lo que hoy debe importar: qui\u00e9n responde, qui\u00e9n est\u00e1, qui\u00e9n trabaja y qui\u00e9n da resultados. Veracruz no puede regresar a din\u00e1micas que dividan o distraigan de lo verdaderamente importante\u201d.<br>\u201cTenemos el reto de reconstruir, de avanzar y de hacerlo juntos, con respeto y con responsabilidad\u201d.<\/p>\n\n\n\n<p>\u201cReitero mi reconocimiento y respaldo a la gobernadora, Roc\u00edo Nahle, convencido de que el trabajo serio, cercano y comprometido es el que est\u00e1 marcando el rumbo de nuestro estado. Por Amor a Veracruz y Por Amor a \u00c1lamo Temapache, seguiremos construyendo unidad y esperanza\u201d, indic\u00f3.<\/p>\n\n\n\n<p>Bien por el alcalde Pepe Arenas.<\/p>\n\n\n\n<p><strong>REMATE PERSONAL<\/strong><\/p>\n\n\n\n<p>Para quienes no est\u00e9n de acuerdo con mis opiniones quiero decirles que estoy de acuerdo que no est\u00e9n de acuerdo. Me explico: yo tengo el derecho a opinar \u2014lo que he asumido como una profesi\u00f3n\u2014 y cualquier persona tiene derecho a estar de acuerdo o a no estar de acuerdo conmigo. Me puedo equivocar en mis opiniones, eso tambi\u00e9n es verdad, porque no soy infalible ni tengo la verdad absoluta de nada. Soy enemigo de los totalitarismos: de las teor\u00edas que pretenden imponer una sola visi\u00f3n, un solo modo de ver las cosas, una \u201cl\u00ednea para todo\u201d. No creo tampoco en el \u201ccolonialismo de conciencias\u201d, esa idea que busca, igual, la conquista del otro. \u00a1Viva la libertad! Tan tan.<\/p>\n\n\n\n<p>@MValeraH<\/p>\n\n\n\n<p><\/p>\n","protected":false},"excerpt":{"rendered":"<p>Miguel ValeraContrase\u00f1asLas buenas noticias no suelen ser noticias. Nadie publica, con bombo y platillo que el sol apareci\u00f3 en el horizonte y que se espera un d\u00eda c\u00e1lido y agradable. No. Publicamos si las temperaturas son extremas, si muere el ganado por el calor o si queda congelado en la llanura. As\u00ed ha sucedido en [&hellip;]<\/p>\n","protected":false},"author":2,"featured_media":141429,"comment_status":"closed","ping_status":"closed","sticky":false,"template":"","format":"standard","meta":{"tdm_status":"","tdm_grid_status":"","footnotes":""},"categories":[70],"tags":[47251,62709,62711,9776,50578,62710,3578],"class_list":{"0":"post-170123","1":"post","2":"type-post","3":"status-publish","4":"format-standard","5":"has-post-thumbnail","7":"category-de-opinion","8":"tag-alamo-temapache","9":"tag-feria-de-la-naranja-2026","10":"tag-inundacion-rio-pantepec","11":"tag-miguel-valera","12":"tag-pepe-arenas","13":"tag-reconstruccion-de-alamo","14":"tag-rocio-nahle"},"yoast_head":"<!-- This site is optimized with the Yoast SEO plugin v27.4 - https:\/\/yoast.com\/product\/yoast-seo-wordpress\/ -->\n<title>\u00c1LAMO, DE LA ADVERSIDAD A LA RECONSTRUCCI\u00d3N PERMANENTE - Los pol\u00edticos Veracruz<\/title>\n<meta name=\"robots\" content=\"index, follow, max-snippet:-1, max-image-preview:large, max-video-preview:-1\" \/>\n<link rel=\"canonical\" href=\"https:\/\/lospoliticosveracruz.com\/?p=170123\" \/>\n<meta property=\"og:locale\" content=\"es_ES\" \/>\n<meta property=\"og:type\" content=\"article\" \/>\n<meta property=\"og:title\" content=\"\u00c1LAMO, DE LA ADVERSIDAD A LA RECONSTRUCCI\u00d3N PERMANENTE - Los pol\u00edticos Veracruz\" \/>\n<meta property=\"og:description\" content=\"Miguel ValeraContrase\u00f1asLas buenas noticias no suelen ser noticias. Nadie publica, con bombo y platillo que el sol apareci\u00f3 en el horizonte y que se espera un d\u00eda c\u00e1lido y agradable. No. Publicamos si las temperaturas son extremas, si muere el ganado por el calor o si queda congelado en la llanura. As\u00ed ha sucedido en [&hellip;]\" \/>\n<meta property=\"og:url\" content=\"https:\/\/lospoliticosveracruz.com\/?p=170123\" \/>\n<meta property=\"og:site_name\" content=\"Los pol\u00edticos Veracruz\" \/>\n<meta property=\"article:publisher\" content=\"https:\/\/www.facebook.com\/people\/Notimemes-de-los-Polticos\/61565672886568\/\" \/>\n<meta property=\"article:published_time\" content=\"2026-04-29T15:59:00+00:00\" \/>\n<meta property=\"article:modified_time\" content=\"2026-04-29T15:59:01+00:00\" \/>\n<meta property=\"og:image\" content=\"https:\/\/lospoliticosveracruz.com\/wp-content\/uploads\/2025\/04\/Miguel-Valera.jpg\" \/>\n\t<meta property=\"og:image:width\" content=\"1250\" \/>\n\t<meta property=\"og:image:height\" content=\"667\" \/>\n\t<meta property=\"og:image:type\" content=\"image\/jpeg\" \/>\n<meta name=\"author\" content=\"Lo viste en Los Pol\u00edticos\" \/>\n<meta name=\"twitter:card\" content=\"summary_large_image\" \/>\n<meta name=\"twitter:creator\" content=\"@LosPoliticosVer\" \/>\n<meta name=\"twitter:site\" content=\"@LosPoliticosVer\" \/>\n<meta name=\"twitter:label1\" content=\"Escrito por\" \/>\n\t<meta name=\"twitter:data1\" content=\"Lo viste en Los Pol\u00edticos\" \/>\n\t<meta name=\"twitter:label2\" content=\"Tiempo de lectura\" \/>\n\t<meta name=\"twitter:data2\" content=\"5 minutos\" \/>\n<script type=\"application\/ld+json\" class=\"yoast-schema-graph\">{\"@context\":\"https:\\\/\\\/schema.org\",\"@graph\":[{\"@type\":\"Article\",\"@id\":\"https:\\\/\\\/lospoliticosveracruz.com\\\/?p=170123#article\",\"isPartOf\":{\"@id\":\"https:\\\/\\\/lospoliticosveracruz.com\\\/?p=170123\"},\"author\":{\"name\":\"Lo viste en Los Pol\u00edticos\",\"@id\":\"https:\\\/\\\/lospoliticosveracruz.com\\\/#\\\/schema\\\/person\\\/b8702bb0e538456e6efd07080bf2a4a2\"},\"headline\":\"\u00c1LAMO, DE LA ADVERSIDAD A LA RECONSTRUCCI\u00d3N PERMANENTE\",\"datePublished\":\"2026-04-29T15:59:00+00:00\",\"dateModified\":\"2026-04-29T15:59:01+00:00\",\"mainEntityOfPage\":{\"@id\":\"https:\\\/\\\/lospoliticosveracruz.com\\\/?p=170123\"},\"wordCount\":1040,\"publisher\":{\"@id\":\"https:\\\/\\\/lospoliticosveracruz.com\\\/#organization\"},\"image\":{\"@id\":\"https:\\\/\\\/lospoliticosveracruz.com\\\/?p=170123#primaryimage\"},\"thumbnailUrl\":\"https:\\\/\\\/lospoliticosveracruz.com\\\/wp-content\\\/uploads\\\/2025\\\/04\\\/Miguel-Valera.jpg\",\"keywords\":[\"\u00c1lamo Temapache\",\"Feria de la Naranja 2026\",\"inundaci\u00f3n r\u00edo Pantepec\",\"Miguel Valera\",\"Pepe Arenas\",\"reconstrucci\u00f3n de \u00c1lamo\",\"Roc\u00edo Nahle\"],\"articleSection\":[\"De Opini\u00f3n\"],\"inLanguage\":\"es\"},{\"@type\":\"WebPage\",\"@id\":\"https:\\\/\\\/lospoliticosveracruz.com\\\/?p=170123\",\"url\":\"https:\\\/\\\/lospoliticosveracruz.com\\\/?p=170123\",\"name\":\"\u00c1LAMO, DE LA ADVERSIDAD A LA RECONSTRUCCI\u00d3N PERMANENTE - Los pol\u00edticos Veracruz\",\"isPartOf\":{\"@id\":\"https:\\\/\\\/lospoliticosveracruz.com\\\/#website\"},\"primaryImageOfPage\":{\"@id\":\"https:\\\/\\\/lospoliticosveracruz.com\\\/?p=170123#primaryimage\"},\"image\":{\"@id\":\"https:\\\/\\\/lospoliticosveracruz.com\\\/?p=170123#primaryimage\"},\"thumbnailUrl\":\"https:\\\/\\\/lospoliticosveracruz.com\\\/wp-content\\\/uploads\\\/2025\\\/04\\\/Miguel-Valera.jpg\",\"datePublished\":\"2026-04-29T15:59:00+00:00\",\"dateModified\":\"2026-04-29T15:59:01+00:00\",\"breadcrumb\":{\"@id\":\"https:\\\/\\\/lospoliticosveracruz.com\\\/?p=170123#breadcrumb\"},\"inLanguage\":\"es\",\"potentialAction\":[{\"@type\":\"ReadAction\",\"target\":[\"https:\\\/\\\/lospoliticosveracruz.com\\\/?p=170123\"]}]},{\"@type\":\"ImageObject\",\"inLanguage\":\"es\",\"@id\":\"https:\\\/\\\/lospoliticosveracruz.com\\\/?p=170123#primaryimage\",\"url\":\"https:\\\/\\\/lospoliticosveracruz.com\\\/wp-content\\\/uploads\\\/2025\\\/04\\\/Miguel-Valera.jpg\",\"contentUrl\":\"https:\\\/\\\/lospoliticosveracruz.com\\\/wp-content\\\/uploads\\\/2025\\\/04\\\/Miguel-Valera.jpg\",\"width\":1250,\"height\":667},{\"@type\":\"BreadcrumbList\",\"@id\":\"https:\\\/\\\/lospoliticosveracruz.com\\\/?p=170123#breadcrumb\",\"itemListElement\":[{\"@type\":\"ListItem\",\"position\":1,\"name\":\"Portada\",\"item\":\"https:\\\/\\\/lospoliticosveracruz.com\\\/\"},{\"@type\":\"ListItem\",\"position\":2,\"name\":\"\u00c1LAMO, DE LA ADVERSIDAD A LA RECONSTRUCCI\u00d3N PERMANENTE\"}]},{\"@type\":\"WebSite\",\"@id\":\"https:\\\/\\\/lospoliticosveracruz.com\\\/#website\",\"url\":\"https:\\\/\\\/lospoliticosveracruz.com\\\/\",\"name\":\"Los pol\u00edticos Veracruz\",\"description\":\"\",\"publisher\":{\"@id\":\"https:\\\/\\\/lospoliticosveracruz.com\\\/#organization\"},\"potentialAction\":[{\"@type\":\"SearchAction\",\"target\":{\"@type\":\"EntryPoint\",\"urlTemplate\":\"https:\\\/\\\/lospoliticosveracruz.com\\\/?s={search_term_string}\"},\"query-input\":{\"@type\":\"PropertyValueSpecification\",\"valueRequired\":true,\"valueName\":\"search_term_string\"}}],\"inLanguage\":\"es\"},{\"@type\":\"Organization\",\"@id\":\"https:\\\/\\\/lospoliticosveracruz.com\\\/#organization\",\"name\":\"Los pol\u00edticos Veracruz\",\"url\":\"https:\\\/\\\/lospoliticosveracruz.com\\\/\",\"logo\":{\"@type\":\"ImageObject\",\"inLanguage\":\"es\",\"@id\":\"https:\\\/\\\/lospoliticosveracruz.com\\\/#\\\/schema\\\/logo\\\/image\\\/\",\"url\":\"https:\\\/\\\/lospoliticosveracruz.com\\\/wp-content\\\/uploads\\\/2025\\\/12\\\/Logo-Nuevo-LOS-POLITICOS-1.jpg\",\"contentUrl\":\"https:\\\/\\\/lospoliticosveracruz.com\\\/wp-content\\\/uploads\\\/2025\\\/12\\\/Logo-Nuevo-LOS-POLITICOS-1.jpg\",\"width\":260,\"height\":70,\"caption\":\"Los pol\u00edticos Veracruz\"},\"image\":{\"@id\":\"https:\\\/\\\/lospoliticosveracruz.com\\\/#\\\/schema\\\/logo\\\/image\\\/\"},\"sameAs\":[\"https:\\\/\\\/www.facebook.com\\\/people\\\/Notimemes-de-los-Polticos\\\/61565672886568\\\/\",\"https:\\\/\\\/x.com\\\/LosPoliticosVer\"]},{\"@type\":\"Person\",\"@id\":\"https:\\\/\\\/lospoliticosveracruz.com\\\/#\\\/schema\\\/person\\\/b8702bb0e538456e6efd07080bf2a4a2\",\"name\":\"Lo viste en Los Pol\u00edticos\",\"image\":{\"@type\":\"ImageObject\",\"inLanguage\":\"es\",\"@id\":\"https:\\\/\\\/secure.gravatar.com\\\/avatar\\\/3a8de04a2656d44082be478bd6c086daa447c4651605818287b9532d3d0bd435?s=96&d=mm&r=g\",\"url\":\"https:\\\/\\\/secure.gravatar.com\\\/avatar\\\/3a8de04a2656d44082be478bd6c086daa447c4651605818287b9532d3d0bd435?s=96&d=mm&r=g\",\"contentUrl\":\"https:\\\/\\\/secure.gravatar.com\\\/avatar\\\/3a8de04a2656d44082be478bd6c086daa447c4651605818287b9532d3d0bd435?s=96&d=mm&r=g\",\"caption\":\"Lo viste en Los Pol\u00edticos\"},\"url\":\"https:\\\/\\\/lospoliticosveracruz.com\\\/?author=2\"}]}<\/script>\n<!-- \/ Yoast SEO plugin. -->","yoast_head_json":{"title":"\u00c1LAMO, DE LA ADVERSIDAD A LA RECONSTRUCCI\u00d3N PERMANENTE - Los pol\u00edticos Veracruz","robots":{"index":"index","follow":"follow","max-snippet":"max-snippet:-1","max-image-preview":"max-image-preview:large","max-video-preview":"max-video-preview:-1"},"canonical":"https:\/\/lospoliticosveracruz.com\/?p=170123","og_locale":"es_ES","og_type":"article","og_title":"\u00c1LAMO, DE LA ADVERSIDAD A LA RECONSTRUCCI\u00d3N PERMANENTE - Los pol\u00edticos Veracruz","og_description":"Miguel ValeraContrase\u00f1asLas buenas noticias no suelen ser noticias. Nadie publica, con bombo y platillo que el sol apareci\u00f3 en el horizonte y que se espera un d\u00eda c\u00e1lido y agradable. No. Publicamos si las temperaturas son extremas, si muere el ganado por el calor o si queda congelado en la llanura. As\u00ed ha sucedido en [&hellip;]","og_url":"https:\/\/lospoliticosveracruz.com\/?p=170123","og_site_name":"Los pol\u00edticos Veracruz","article_publisher":"https:\/\/www.facebook.com\/people\/Notimemes-de-los-Polticos\/61565672886568\/","article_published_time":"2026-04-29T15:59:00+00:00","article_modified_time":"2026-04-29T15:59:01+00:00","og_image":[{"width":1250,"height":667,"url":"https:\/\/lospoliticosveracruz.com\/wp-content\/uploads\/2025\/04\/Miguel-Valera.jpg","type":"image\/jpeg"}],"author":"Lo viste en Los Pol\u00edticos","twitter_card":"summary_large_image","twitter_creator":"@LosPoliticosVer","twitter_site":"@LosPoliticosVer","twitter_misc":{"Escrito por":"Lo viste en Los Pol\u00edticos","Tiempo de lectura":"5 minutos"},"schema":{"@context":"https:\/\/schema.org","@graph":[{"@type":"Article","@id":"https:\/\/lospoliticosveracruz.com\/?p=170123#article","isPartOf":{"@id":"https:\/\/lospoliticosveracruz.com\/?p=170123"},"author":{"name":"Lo viste en Los Pol\u00edticos","@id":"https:\/\/lospoliticosveracruz.com\/#\/schema\/person\/b8702bb0e538456e6efd07080bf2a4a2"},"headline":"\u00c1LAMO, DE LA ADVERSIDAD A LA RECONSTRUCCI\u00d3N PERMANENTE","datePublished":"2026-04-29T15:59:00+00:00","dateModified":"2026-04-29T15:59:01+00:00","mainEntityOfPage":{"@id":"https:\/\/lospoliticosveracruz.com\/?p=170123"},"wordCount":1040,"publisher":{"@id":"https:\/\/lospoliticosveracruz.com\/#organization"},"image":{"@id":"https:\/\/lospoliticosveracruz.com\/?p=170123#primaryimage"},"thumbnailUrl":"https:\/\/lospoliticosveracruz.com\/wp-content\/uploads\/2025\/04\/Miguel-Valera.jpg","keywords":["\u00c1lamo Temapache","Feria de la Naranja 2026","inundaci\u00f3n r\u00edo Pantepec","Miguel Valera","Pepe Arenas","reconstrucci\u00f3n de \u00c1lamo","Roc\u00edo Nahle"],"articleSection":["De Opini\u00f3n"],"inLanguage":"es"},{"@type":"WebPage","@id":"https:\/\/lospoliticosveracruz.com\/?p=170123","url":"https:\/\/lospoliticosveracruz.com\/?p=170123","name":"\u00c1LAMO, DE LA ADVERSIDAD A LA RECONSTRUCCI\u00d3N PERMANENTE - Los pol\u00edticos Veracruz","isPartOf":{"@id":"https:\/\/lospoliticosveracruz.com\/#website"},"primaryImageOfPage":{"@id":"https:\/\/lospoliticosveracruz.com\/?p=170123#primaryimage"},"image":{"@id":"https:\/\/lospoliticosveracruz.com\/?p=170123#primaryimage"},"thumbnailUrl":"https:\/\/lospoliticosveracruz.com\/wp-content\/uploads\/2025\/04\/Miguel-Valera.jpg","datePublished":"2026-04-29T15:59:00+00:00","dateModified":"2026-04-29T15:59:01+00:00","breadcrumb":{"@id":"https:\/\/lospoliticosveracruz.com\/?p=170123#breadcrumb"},"inLanguage":"es","potentialAction":[{"@type":"ReadAction","target":["https:\/\/lospoliticosveracruz.com\/?p=170123"]}]},{"@type":"ImageObject","inLanguage":"es","@id":"https:\/\/lospoliticosveracruz.com\/?p=170123#primaryimage","url":"https:\/\/lospoliticosveracruz.com\/wp-content\/uploads\/2025\/04\/Miguel-Valera.jpg","contentUrl":"https:\/\/lospoliticosveracruz.com\/wp-content\/uploads\/2025\/04\/Miguel-Valera.jpg","width":1250,"height":667},{"@type":"BreadcrumbList","@id":"https:\/\/lospoliticosveracruz.com\/?p=170123#breadcrumb","itemListElement":[{"@type":"ListItem","position":1,"name":"Portada","item":"https:\/\/lospoliticosveracruz.com\/"},{"@type":"ListItem","position":2,"name":"\u00c1LAMO, DE LA ADVERSIDAD A LA RECONSTRUCCI\u00d3N PERMANENTE"}]},{"@type":"WebSite","@id":"https:\/\/lospoliticosveracruz.com\/#website","url":"https:\/\/lospoliticosveracruz.com\/","name":"Los pol\u00edticos Veracruz","description":"","publisher":{"@id":"https:\/\/lospoliticosveracruz.com\/#organization"},"potentialAction":[{"@type":"SearchAction","target":{"@type":"EntryPoint","urlTemplate":"https:\/\/lospoliticosveracruz.com\/?s={search_term_string}"},"query-input":{"@type":"PropertyValueSpecification","valueRequired":true,"valueName":"search_term_string"}}],"inLanguage":"es"},{"@type":"Organization","@id":"https:\/\/lospoliticosveracruz.com\/#organization","name":"Los pol\u00edticos Veracruz","url":"https:\/\/lospoliticosveracruz.com\/","logo":{"@type":"ImageObject","inLanguage":"es","@id":"https:\/\/lospoliticosveracruz.com\/#\/schema\/logo\/image\/","url":"https:\/\/lospoliticosveracruz.com\/wp-content\/uploads\/2025\/12\/Logo-Nuevo-LOS-POLITICOS-1.jpg","contentUrl":"https:\/\/lospoliticosveracruz.com\/wp-content\/uploads\/2025\/12\/Logo-Nuevo-LOS-POLITICOS-1.jpg","width":260,"height":70,"caption":"Los pol\u00edticos Veracruz"},"image":{"@id":"https:\/\/lospoliticosveracruz.com\/#\/schema\/logo\/image\/"},"sameAs":["https:\/\/www.facebook.com\/people\/Notimemes-de-los-Polticos\/61565672886568\/","https:\/\/x.com\/LosPoliticosVer"]},{"@type":"Person","@id":"https:\/\/lospoliticosveracruz.com\/#\/schema\/person\/b8702bb0e538456e6efd07080bf2a4a2","name":"Lo viste en Los Pol\u00edticos","image":{"@type":"ImageObject","inLanguage":"es","@id":"https:\/\/secure.gravatar.com\/avatar\/3a8de04a2656d44082be478bd6c086daa447c4651605818287b9532d3d0bd435?s=96&d=mm&r=g","url":"https:\/\/secure.gravatar.com\/avatar\/3a8de04a2656d44082be478bd6c086daa447c4651605818287b9532d3d0bd435?s=96&d=mm&r=g","contentUrl":"https:\/\/secure.gravatar.com\/avatar\/3a8de04a2656d44082be478bd6c086daa447c4651605818287b9532d3d0bd435?s=96&d=mm&r=g","caption":"Lo viste en Los Pol\u00edticos"},"url":"https:\/\/lospoliticosveracruz.com\/?author=2"}]}},"_links":{"self":[{"href":"https:\/\/lospoliticosveracruz.com\/index.php?rest_route=\/wp\/v2\/posts\/170123","targetHints":{"allow":["GET"]}}],"collection":[{"href":"https:\/\/lospoliticosveracruz.com\/index.php?rest_route=\/wp\/v2\/posts"}],"about":[{"href":"https:\/\/lospoliticosveracruz.com\/index.php?rest_route=\/wp\/v2\/types\/post"}],"author":[{"embeddable":true,"href":"https:\/\/lospoliticosveracruz.com\/index.php?rest_route=\/wp\/v2\/users\/2"}],"replies":[{"embeddable":true,"href":"https:\/\/lospoliticosveracruz.com\/index.php?rest_route=%2Fwp%2Fv2%2Fcomments&post=170123"}],"version-history":[{"count":1,"href":"https:\/\/lospoliticosveracruz.com\/index.php?rest_route=\/wp\/v2\/posts\/170123\/revisions"}],"predecessor-version":[{"id":170124,"href":"https:\/\/lospoliticosveracruz.com\/index.php?rest_route=\/wp\/v2\/posts\/170123\/revisions\/170124"}],"wp:featuredmedia":[{"embeddable":true,"href":"https:\/\/lospoliticosveracruz.com\/index.php?rest_route=\/wp\/v2\/media\/141429"}],"wp:attachment":[{"href":"https:\/\/lospoliticosveracruz.com\/index.php?rest_route=%2Fwp%2Fv2%2Fmedia&parent=170123"}],"wp:term":[{"taxonomy":"category","embeddable":true,"href":"https:\/\/lospoliticosveracruz.com\/index.php?rest_route=%2Fwp%2Fv2%2Fcategories&post=170123"},{"taxonomy":"post_tag","embeddable":true,"href":"https:\/\/lospoliticosveracruz.com\/index.php?rest_route=%2Fwp%2Fv2%2Ftags&post=170123"}],"curies":[{"name":"wp","href":"https:\/\/api.w.org\/{rel}","templated":true}]}}