{"id":170125,"date":"2026-04-29T10:02:09","date_gmt":"2026-04-29T16:02:09","guid":{"rendered":"https:\/\/lospoliticosveracruz.com\/?p=170125"},"modified":"2026-04-29T10:02:10","modified_gmt":"2026-04-29T16:02:10","slug":"tarjetazos","status":"publish","type":"post","link":"https:\/\/lospoliticosveracruz.com\/?p=170125","title":{"rendered":"TARJETAZOS!"},"content":{"rendered":"\n<p><\/p>\n\n\n\n<p>Coatepec: La Direcci\u00f3n Regional de Bienestar con sede en Coatepec inici\u00f3 la dispersi\u00f3n de tarjetas bancarias para los Comit\u00e9s de Administraci\u00f3n Participativa (CEAP) del programa \u201cLa Escuela es Nuestra\u201d (LEEN), beneficiando de manera directa a planteles de la zona.<\/p>\n\n\n\n<p>Las actividades arrancaron mediante asambleas informativas en los municipios de Banderilla, Perote y Cosautl\u00e1n de Carvajal. En estos encuentros, los Servidores de la Naci\u00f3n entregaron los pl\u00e1sticos a las madres y padres de familia que integran los comit\u00e9s, quienes a partir de ahora asumen la responsabilidad de administrar los recursos para la mejora de sus escuelas.<\/p>\n\n\n\n<p>La Directora Regional de Bienestar, Angelli Zorrilla Bouchez, explic\u00f3 que este mecanismo garantiza que el presupuesto llegue sin intermediarios a las comunidades educativas. Al entregar el recurso directamente a los padres de familia, se elimina la burocracia que hist\u00f3ricamente retrasaba las obras de mantenimiento y equipamiento.<\/p>\n\n\n\n<p>\u00abConfiamos en la organizaci\u00f3n de los comit\u00e9s. Nadie conoce mejor las carencias de una escuela que quienes est\u00e1n ah\u00ed todos los d\u00edas. Al recibir la tarjeta, los padres deciden, contratan y supervisan, asegurando que cada peso se invierta correctamente\u00bb, se\u00f1al\u00f3 Zorrilla Bouchez.<\/p>\n\n\n\n<p>La funcionaria reconoci\u00f3 el trabajo del Delegado de Programas Sociales en Veracruz, Juan Javier G\u00f3mez Cazar\u00edn, cuya gesti\u00f3n ha sido clave para agilizar la cobertura del programa en los municipios de la regi\u00f3n y asegurar que los apoyos lleguen de forma oportuna a las comunidades m\u00e1s apartadas.<\/p>\n\n\n\n<p>Estas acciones forman parte de la estrategia de fortalecimiento educativo que impulsan la Presidenta de M\u00e9xico, Claudia Sheinbaum Pardo, y la Gobernadora de Veracruz, Roc\u00edo Nahle Garc\u00eda, quienes mantienen una coordinaci\u00f3n estrecha para dignificar las escuelas p\u00fablicas en todo el estado.<\/p>\n","protected":false},"excerpt":{"rendered":"<p>Coatepec: La Direcci\u00f3n Regional de Bienestar con sede en Coatepec inici\u00f3 la dispersi\u00f3n de tarjetas bancarias para los Comit\u00e9s de Administraci\u00f3n Participativa (CEAP) del programa \u201cLa Escuela es Nuestra\u201d (LEEN), beneficiando de manera directa a planteles de la zona. Las actividades arrancaron mediante asambleas informativas en los municipios de Banderilla, Perote y Cosautl\u00e1n de Carvajal. [&hellip;]<\/p>\n","protected":false},"author":2,"featured_media":170126,"comment_status":"closed","ping_status":"closed","sticky":false,"template":"","format":"standard","meta":{"tdm_status":"","tdm_grid_status":"","footnotes":""},"categories":[73],"tags":[62712,62715,62714,46295,62713,12695,19878],"class_list":{"0":"post-170125","1":"post","2":"type-post","3":"status-publish","4":"format-standard","5":"has-post-thumbnail","7":"category-de-boleto","8":"tag-angelli-zorrilla-bouchez","9":"tag-banderilla-perote-cosautlan","10":"tag-bienestar-coatepec","11":"tag-claudia-sheinbaum-rocio-nahle","12":"tag-entrega-de-tarjetas-bienestar","13":"tag-juan-javier-gomez-cazarin","14":"tag-la-escuela-es-nuestra"},"yoast_head":"<!-- This site is optimized with the Yoast SEO plugin v27.4 - https:\/\/yoast.com\/product\/yoast-seo-wordpress\/ -->\n<title>TARJETAZOS! - Los pol\u00edticos Veracruz<\/title>\n<meta name=\"robots\" content=\"index, follow, max-snippet:-1, max-image-preview:large, max-video-preview:-1\" \/>\n<link rel=\"canonical\" href=\"https:\/\/lospoliticosveracruz.com\/?p=170125\" \/>\n<meta property=\"og:locale\" content=\"es_ES\" \/>\n<meta property=\"og:type\" content=\"article\" \/>\n<meta property=\"og:title\" content=\"TARJETAZOS! - Los pol\u00edticos Veracruz\" \/>\n<meta property=\"og:description\" content=\"Coatepec: La Direcci\u00f3n Regional de Bienestar con sede en Coatepec inici\u00f3 la dispersi\u00f3n de tarjetas bancarias para los Comit\u00e9s de Administraci\u00f3n Participativa (CEAP) del programa \u201cLa Escuela es Nuestra\u201d (LEEN), beneficiando de manera directa a planteles de la zona. Las actividades arrancaron mediante asambleas informativas en los municipios de Banderilla, Perote y Cosautl\u00e1n de Carvajal. [&hellip;]\" \/>\n<meta property=\"og:url\" content=\"https:\/\/lospoliticosveracruz.com\/?p=170125\" \/>\n<meta property=\"og:site_name\" content=\"Los pol\u00edticos Veracruz\" \/>\n<meta property=\"article:publisher\" content=\"https:\/\/www.facebook.com\/people\/Notimemes-de-los-Polticos\/61565672886568\/\" \/>\n<meta property=\"article:published_time\" content=\"2026-04-29T16:02:09+00:00\" \/>\n<meta property=\"article:modified_time\" content=\"2026-04-29T16:02:10+00:00\" \/>\n<meta property=\"og:image\" content=\"https:\/\/lospoliticosveracruz.com\/wp-content\/uploads\/2026\/04\/Bienestar-1.jpg\" \/>\n\t<meta property=\"og:image:width\" content=\"600\" \/>\n\t<meta property=\"og:image:height\" content=\"320\" \/>\n\t<meta property=\"og:image:type\" content=\"image\/jpeg\" \/>\n<meta name=\"author\" content=\"Lo viste en Los Pol\u00edticos\" \/>\n<meta name=\"twitter:card\" content=\"summary_large_image\" \/>\n<meta name=\"twitter:creator\" content=\"@LosPoliticosVer\" \/>\n<meta name=\"twitter:site\" content=\"@LosPoliticosVer\" \/>\n<meta name=\"twitter:label1\" content=\"Escrito por\" \/>\n\t<meta name=\"twitter:data1\" content=\"Lo viste en Los Pol\u00edticos\" \/>\n\t<meta name=\"twitter:label2\" content=\"Tiempo de lectura\" \/>\n\t<meta name=\"twitter:data2\" content=\"2 minutos\" \/>\n<script type=\"application\/ld+json\" class=\"yoast-schema-graph\">{\"@context\":\"https:\\\/\\\/schema.org\",\"@graph\":[{\"@type\":\"Article\",\"@id\":\"https:\\\/\\\/lospoliticosveracruz.com\\\/?p=170125#article\",\"isPartOf\":{\"@id\":\"https:\\\/\\\/lospoliticosveracruz.com\\\/?p=170125\"},\"author\":{\"name\":\"Lo viste en Los Pol\u00edticos\",\"@id\":\"https:\\\/\\\/lospoliticosveracruz.com\\\/#\\\/schema\\\/person\\\/b8702bb0e538456e6efd07080bf2a4a2\"},\"headline\":\"TARJETAZOS!\",\"datePublished\":\"2026-04-29T16:02:09+00:00\",\"dateModified\":\"2026-04-29T16:02:10+00:00\",\"mainEntityOfPage\":{\"@id\":\"https:\\\/\\\/lospoliticosveracruz.com\\\/?p=170125\"},\"wordCount\":296,\"publisher\":{\"@id\":\"https:\\\/\\\/lospoliticosveracruz.com\\\/#organization\"},\"image\":{\"@id\":\"https:\\\/\\\/lospoliticosveracruz.com\\\/?p=170125#primaryimage\"},\"thumbnailUrl\":\"https:\\\/\\\/lospoliticosveracruz.com\\\/wp-content\\\/uploads\\\/2026\\\/04\\\/Bienestar-1.jpg\",\"keywords\":[\"Angelli Zorrilla Bouchez\",\"Banderilla Perote Cosautl\u00e1n\",\"Bienestar Coatepec\",\"Claudia Sheinbaum Roc\u00edo Nahle\",\"entrega de tarjetas Bienestar\",\"Juan Javier G\u00f3mez Cazar\u00edn\",\"La Escuela es Nuestra\"],\"articleSection\":[\"De Boleto\"],\"inLanguage\":\"es\"},{\"@type\":\"WebPage\",\"@id\":\"https:\\\/\\\/lospoliticosveracruz.com\\\/?p=170125\",\"url\":\"https:\\\/\\\/lospoliticosveracruz.com\\\/?p=170125\",\"name\":\"TARJETAZOS! - Los pol\u00edticos Veracruz\",\"isPartOf\":{\"@id\":\"https:\\\/\\\/lospoliticosveracruz.com\\\/#website\"},\"primaryImageOfPage\":{\"@id\":\"https:\\\/\\\/lospoliticosveracruz.com\\\/?p=170125#primaryimage\"},\"image\":{\"@id\":\"https:\\\/\\\/lospoliticosveracruz.com\\\/?p=170125#primaryimage\"},\"thumbnailUrl\":\"https:\\\/\\\/lospoliticosveracruz.com\\\/wp-content\\\/uploads\\\/2026\\\/04\\\/Bienestar-1.jpg\",\"datePublished\":\"2026-04-29T16:02:09+00:00\",\"dateModified\":\"2026-04-29T16:02:10+00:00\",\"breadcrumb\":{\"@id\":\"https:\\\/\\\/lospoliticosveracruz.com\\\/?p=170125#breadcrumb\"},\"inLanguage\":\"es\",\"potentialAction\":[{\"@type\":\"ReadAction\",\"target\":[\"https:\\\/\\\/lospoliticosveracruz.com\\\/?p=170125\"]}]},{\"@type\":\"ImageObject\",\"inLanguage\":\"es\",\"@id\":\"https:\\\/\\\/lospoliticosveracruz.com\\\/?p=170125#primaryimage\",\"url\":\"https:\\\/\\\/lospoliticosveracruz.com\\\/wp-content\\\/uploads\\\/2026\\\/04\\\/Bienestar-1.jpg\",\"contentUrl\":\"https:\\\/\\\/lospoliticosveracruz.com\\\/wp-content\\\/uploads\\\/2026\\\/04\\\/Bienestar-1.jpg\",\"width\":600,\"height\":320},{\"@type\":\"BreadcrumbList\",\"@id\":\"https:\\\/\\\/lospoliticosveracruz.com\\\/?p=170125#breadcrumb\",\"itemListElement\":[{\"@type\":\"ListItem\",\"position\":1,\"name\":\"Portada\",\"item\":\"https:\\\/\\\/lospoliticosveracruz.com\\\/\"},{\"@type\":\"ListItem\",\"position\":2,\"name\":\"TARJETAZOS!\"}]},{\"@type\":\"WebSite\",\"@id\":\"https:\\\/\\\/lospoliticosveracruz.com\\\/#website\",\"url\":\"https:\\\/\\\/lospoliticosveracruz.com\\\/\",\"name\":\"Los pol\u00edticos Veracruz\",\"description\":\"\",\"publisher\":{\"@id\":\"https:\\\/\\\/lospoliticosveracruz.com\\\/#organization\"},\"potentialAction\":[{\"@type\":\"SearchAction\",\"target\":{\"@type\":\"EntryPoint\",\"urlTemplate\":\"https:\\\/\\\/lospoliticosveracruz.com\\\/?s={search_term_string}\"},\"query-input\":{\"@type\":\"PropertyValueSpecification\",\"valueRequired\":true,\"valueName\":\"search_term_string\"}}],\"inLanguage\":\"es\"},{\"@type\":\"Organization\",\"@id\":\"https:\\\/\\\/lospoliticosveracruz.com\\\/#organization\",\"name\":\"Los pol\u00edticos Veracruz\",\"url\":\"https:\\\/\\\/lospoliticosveracruz.com\\\/\",\"logo\":{\"@type\":\"ImageObject\",\"inLanguage\":\"es\",\"@id\":\"https:\\\/\\\/lospoliticosveracruz.com\\\/#\\\/schema\\\/logo\\\/image\\\/\",\"url\":\"https:\\\/\\\/lospoliticosveracruz.com\\\/wp-content\\\/uploads\\\/2025\\\/12\\\/Logo-Nuevo-LOS-POLITICOS-1.jpg\",\"contentUrl\":\"https:\\\/\\\/lospoliticosveracruz.com\\\/wp-content\\\/uploads\\\/2025\\\/12\\\/Logo-Nuevo-LOS-POLITICOS-1.jpg\",\"width\":260,\"height\":70,\"caption\":\"Los pol\u00edticos Veracruz\"},\"image\":{\"@id\":\"https:\\\/\\\/lospoliticosveracruz.com\\\/#\\\/schema\\\/logo\\\/image\\\/\"},\"sameAs\":[\"https:\\\/\\\/www.facebook.com\\\/people\\\/Notimemes-de-los-Polticos\\\/61565672886568\\\/\",\"https:\\\/\\\/x.com\\\/LosPoliticosVer\"]},{\"@type\":\"Person\",\"@id\":\"https:\\\/\\\/lospoliticosveracruz.com\\\/#\\\/schema\\\/person\\\/b8702bb0e538456e6efd07080bf2a4a2\",\"name\":\"Lo viste en Los Pol\u00edticos\",\"image\":{\"@type\":\"ImageObject\",\"inLanguage\":\"es\",\"@id\":\"https:\\\/\\\/secure.gravatar.com\\\/avatar\\\/3a8de04a2656d44082be478bd6c086daa447c4651605818287b9532d3d0bd435?s=96&d=mm&r=g\",\"url\":\"https:\\\/\\\/secure.gravatar.com\\\/avatar\\\/3a8de04a2656d44082be478bd6c086daa447c4651605818287b9532d3d0bd435?s=96&d=mm&r=g\",\"contentUrl\":\"https:\\\/\\\/secure.gravatar.com\\\/avatar\\\/3a8de04a2656d44082be478bd6c086daa447c4651605818287b9532d3d0bd435?s=96&d=mm&r=g\",\"caption\":\"Lo viste en Los Pol\u00edticos\"},\"url\":\"https:\\\/\\\/lospoliticosveracruz.com\\\/?author=2\"}]}<\/script>\n<!-- \/ Yoast SEO plugin. -->","yoast_head_json":{"title":"TARJETAZOS! - Los pol\u00edticos Veracruz","robots":{"index":"index","follow":"follow","max-snippet":"max-snippet:-1","max-image-preview":"max-image-preview:large","max-video-preview":"max-video-preview:-1"},"canonical":"https:\/\/lospoliticosveracruz.com\/?p=170125","og_locale":"es_ES","og_type":"article","og_title":"TARJETAZOS! - Los pol\u00edticos Veracruz","og_description":"Coatepec: La Direcci\u00f3n Regional de Bienestar con sede en Coatepec inici\u00f3 la dispersi\u00f3n de tarjetas bancarias para los Comit\u00e9s de Administraci\u00f3n Participativa (CEAP) del programa \u201cLa Escuela es Nuestra\u201d (LEEN), beneficiando de manera directa a planteles de la zona. Las actividades arrancaron mediante asambleas informativas en los municipios de Banderilla, Perote y Cosautl\u00e1n de Carvajal. [&hellip;]","og_url":"https:\/\/lospoliticosveracruz.com\/?p=170125","og_site_name":"Los pol\u00edticos Veracruz","article_publisher":"https:\/\/www.facebook.com\/people\/Notimemes-de-los-Polticos\/61565672886568\/","article_published_time":"2026-04-29T16:02:09+00:00","article_modified_time":"2026-04-29T16:02:10+00:00","og_image":[{"width":600,"height":320,"url":"https:\/\/lospoliticosveracruz.com\/wp-content\/uploads\/2026\/04\/Bienestar-1.jpg","type":"image\/jpeg"}],"author":"Lo viste en Los Pol\u00edticos","twitter_card":"summary_large_image","twitter_creator":"@LosPoliticosVer","twitter_site":"@LosPoliticosVer","twitter_misc":{"Escrito por":"Lo viste en Los Pol\u00edticos","Tiempo de lectura":"2 minutos"},"schema":{"@context":"https:\/\/schema.org","@graph":[{"@type":"Article","@id":"https:\/\/lospoliticosveracruz.com\/?p=170125#article","isPartOf":{"@id":"https:\/\/lospoliticosveracruz.com\/?p=170125"},"author":{"name":"Lo viste en Los Pol\u00edticos","@id":"https:\/\/lospoliticosveracruz.com\/#\/schema\/person\/b8702bb0e538456e6efd07080bf2a4a2"},"headline":"TARJETAZOS!","datePublished":"2026-04-29T16:02:09+00:00","dateModified":"2026-04-29T16:02:10+00:00","mainEntityOfPage":{"@id":"https:\/\/lospoliticosveracruz.com\/?p=170125"},"wordCount":296,"publisher":{"@id":"https:\/\/lospoliticosveracruz.com\/#organization"},"image":{"@id":"https:\/\/lospoliticosveracruz.com\/?p=170125#primaryimage"},"thumbnailUrl":"https:\/\/lospoliticosveracruz.com\/wp-content\/uploads\/2026\/04\/Bienestar-1.jpg","keywords":["Angelli Zorrilla Bouchez","Banderilla Perote Cosautl\u00e1n","Bienestar Coatepec","Claudia Sheinbaum Roc\u00edo Nahle","entrega de tarjetas Bienestar","Juan Javier G\u00f3mez Cazar\u00edn","La Escuela es Nuestra"],"articleSection":["De Boleto"],"inLanguage":"es"},{"@type":"WebPage","@id":"https:\/\/lospoliticosveracruz.com\/?p=170125","url":"https:\/\/lospoliticosveracruz.com\/?p=170125","name":"TARJETAZOS! - Los pol\u00edticos Veracruz","isPartOf":{"@id":"https:\/\/lospoliticosveracruz.com\/#website"},"primaryImageOfPage":{"@id":"https:\/\/lospoliticosveracruz.com\/?p=170125#primaryimage"},"image":{"@id":"https:\/\/lospoliticosveracruz.com\/?p=170125#primaryimage"},"thumbnailUrl":"https:\/\/lospoliticosveracruz.com\/wp-content\/uploads\/2026\/04\/Bienestar-1.jpg","datePublished":"2026-04-29T16:02:09+00:00","dateModified":"2026-04-29T16:02:10+00:00","breadcrumb":{"@id":"https:\/\/lospoliticosveracruz.com\/?p=170125#breadcrumb"},"inLanguage":"es","potentialAction":[{"@type":"ReadAction","target":["https:\/\/lospoliticosveracruz.com\/?p=170125"]}]},{"@type":"ImageObject","inLanguage":"es","@id":"https:\/\/lospoliticosveracruz.com\/?p=170125#primaryimage","url":"https:\/\/lospoliticosveracruz.com\/wp-content\/uploads\/2026\/04\/Bienestar-1.jpg","contentUrl":"https:\/\/lospoliticosveracruz.com\/wp-content\/uploads\/2026\/04\/Bienestar-1.jpg","width":600,"height":320},{"@type":"BreadcrumbList","@id":"https:\/\/lospoliticosveracruz.com\/?p=170125#breadcrumb","itemListElement":[{"@type":"ListItem","position":1,"name":"Portada","item":"https:\/\/lospoliticosveracruz.com\/"},{"@type":"ListItem","position":2,"name":"TARJETAZOS!"}]},{"@type":"WebSite","@id":"https:\/\/lospoliticosveracruz.com\/#website","url":"https:\/\/lospoliticosveracruz.com\/","name":"Los pol\u00edticos Veracruz","description":"","publisher":{"@id":"https:\/\/lospoliticosveracruz.com\/#organization"},"potentialAction":[{"@type":"SearchAction","target":{"@type":"EntryPoint","urlTemplate":"https:\/\/lospoliticosveracruz.com\/?s={search_term_string}"},"query-input":{"@type":"PropertyValueSpecification","valueRequired":true,"valueName":"search_term_string"}}],"inLanguage":"es"},{"@type":"Organization","@id":"https:\/\/lospoliticosveracruz.com\/#organization","name":"Los pol\u00edticos Veracruz","url":"https:\/\/lospoliticosveracruz.com\/","logo":{"@type":"ImageObject","inLanguage":"es","@id":"https:\/\/lospoliticosveracruz.com\/#\/schema\/logo\/image\/","url":"https:\/\/lospoliticosveracruz.com\/wp-content\/uploads\/2025\/12\/Logo-Nuevo-LOS-POLITICOS-1.jpg","contentUrl":"https:\/\/lospoliticosveracruz.com\/wp-content\/uploads\/2025\/12\/Logo-Nuevo-LOS-POLITICOS-1.jpg","width":260,"height":70,"caption":"Los pol\u00edticos Veracruz"},"image":{"@id":"https:\/\/lospoliticosveracruz.com\/#\/schema\/logo\/image\/"},"sameAs":["https:\/\/www.facebook.com\/people\/Notimemes-de-los-Polticos\/61565672886568\/","https:\/\/x.com\/LosPoliticosVer"]},{"@type":"Person","@id":"https:\/\/lospoliticosveracruz.com\/#\/schema\/person\/b8702bb0e538456e6efd07080bf2a4a2","name":"Lo viste en Los Pol\u00edticos","image":{"@type":"ImageObject","inLanguage":"es","@id":"https:\/\/secure.gravatar.com\/avatar\/3a8de04a2656d44082be478bd6c086daa447c4651605818287b9532d3d0bd435?s=96&d=mm&r=g","url":"https:\/\/secure.gravatar.com\/avatar\/3a8de04a2656d44082be478bd6c086daa447c4651605818287b9532d3d0bd435?s=96&d=mm&r=g","contentUrl":"https:\/\/secure.gravatar.com\/avatar\/3a8de04a2656d44082be478bd6c086daa447c4651605818287b9532d3d0bd435?s=96&d=mm&r=g","caption":"Lo viste en Los Pol\u00edticos"},"url":"https:\/\/lospoliticosveracruz.com\/?author=2"}]}},"_links":{"self":[{"href":"https:\/\/lospoliticosveracruz.com\/index.php?rest_route=\/wp\/v2\/posts\/170125","targetHints":{"allow":["GET"]}}],"collection":[{"href":"https:\/\/lospoliticosveracruz.com\/index.php?rest_route=\/wp\/v2\/posts"}],"about":[{"href":"https:\/\/lospoliticosveracruz.com\/index.php?rest_route=\/wp\/v2\/types\/post"}],"author":[{"embeddable":true,"href":"https:\/\/lospoliticosveracruz.com\/index.php?rest_route=\/wp\/v2\/users\/2"}],"replies":[{"embeddable":true,"href":"https:\/\/lospoliticosveracruz.com\/index.php?rest_route=%2Fwp%2Fv2%2Fcomments&post=170125"}],"version-history":[{"count":1,"href":"https:\/\/lospoliticosveracruz.com\/index.php?rest_route=\/wp\/v2\/posts\/170125\/revisions"}],"predecessor-version":[{"id":170127,"href":"https:\/\/lospoliticosveracruz.com\/index.php?rest_route=\/wp\/v2\/posts\/170125\/revisions\/170127"}],"wp:featuredmedia":[{"embeddable":true,"href":"https:\/\/lospoliticosveracruz.com\/index.php?rest_route=\/wp\/v2\/media\/170126"}],"wp:attachment":[{"href":"https:\/\/lospoliticosveracruz.com\/index.php?rest_route=%2Fwp%2Fv2%2Fmedia&parent=170125"}],"wp:term":[{"taxonomy":"category","embeddable":true,"href":"https:\/\/lospoliticosveracruz.com\/index.php?rest_route=%2Fwp%2Fv2%2Fcategories&post=170125"},{"taxonomy":"post_tag","embeddable":true,"href":"https:\/\/lospoliticosveracruz.com\/index.php?rest_route=%2Fwp%2Fv2%2Ftags&post=170125"}],"curies":[{"name":"wp","href":"https:\/\/api.w.org\/{rel}","templated":true}]}}