{"id":170128,"date":"2026-04-29T10:09:14","date_gmt":"2026-04-29T16:09:14","guid":{"rendered":"https:\/\/lospoliticosveracruz.com\/?p=170128"},"modified":"2026-04-29T10:09:15","modified_gmt":"2026-04-29T16:09:15","slug":"prendio-el-avispero","status":"publish","type":"post","link":"https:\/\/lospoliticosveracruz.com\/?p=170128","title":{"rendered":"PRENDI\u00d3 EL AVISPERO\u2026"},"content":{"rendered":"\n<p><strong>Oved Contreras<br><\/strong><em>Secas mecas<\/em><\/p>\n\n\n\n<p>No fue la oposici\u00f3n ni los Yunes del Estero ni el senador Manolete Huerta, a quien no pueden ver ni en pintura. La cr\u00edtica vino del profesor Atanasio Garc\u00eda, ex diputado local y padre del ex gobernador Cuitl\u00e1huac Garc\u00eda, quien lanz\u00f3 el f\u00e9rreo se\u00f1alamiento de que fue un error confiarle el estado a Roc\u00edo Nahle, que no es veracruzana, porque carece de visi\u00f3n y de conocimiento sobre las necesidades del estado, y de all\u00ed la percepci\u00f3n negativa de la gente hacia su gobierno. As\u00ed debe ser el miedo que le tiene a la t\u00eda Ch\u00edo que hasta Cuitl\u00e1huac Garc\u00eda sali\u00f3 a desmentirlo para salvar el pellejo. La mandataria aparentemente lo dej\u00f3 pasar pero sus bi\u00f3grafos se encargaron de decirle de todo a Tatanacho para que no se le ocurra volver a asomarse.<\/p>\n\n\n\n<p>\u201cAntes no lo cre\u00eda, pero ahora lo creo firmemente: es un error confiar en alguien que no es de Veracruz, porque no se tiene la dimensi\u00f3n de lo que el estado necesita\u201d, solt\u00f3 Tatanacho en una entrevista realizada en Congreso del Estado. Los reporteros empezaron a rascarle m\u00e1s al tema y se fue como hilo de media: el pap\u00e1 del Ku\u00edkaras consider\u00f3 que actualmente&nbsp;no se percibe una estrategia clara para detonar el potencial econ\u00f3mico de Veracruz, pese a que existen condiciones favorables heredadas por el gobierno anterior.<\/p>\n\n\n\n<p>Subray\u00f3 que Veracruz es uno de los estados m\u00e1s ricos del pa\u00eds, pero no veo que esos recursos se est\u00e9n activando ni que haya una visi\u00f3n para desarrollarlos, y agregar\u00eda que eso de \u201cPor amor a Veracruz\u201d o \u201cVeracruz est\u00e1 de moda\u201d son simples slogan pero solo demuestra que la actual administraci\u00f3n estatal&nbsp;carece de visi\u00f3n, conocimiento y voluntad pol\u00edtica, lo que podr\u00eda tener repercusiones en el respaldo ciudadano hacia Morena en los pr\u00f3ximos procesos electorales.<\/p>\n\n\n\n<p>\u201cYa se empieza a ver un malestar ciudadano. Lo que ocurri\u00f3 en las elecciones municipales pasadas es un term\u00f3metro. No sabemos c\u00f3mo nos vaya a ir en 2027\u201d, advirti\u00f3 el acad\u00e9mico.<\/p>\n\n\n\n<p>Las declaraciones sacudieron al r\u00e9gimen y se activaron de inmediato los bi\u00f3grafos de la t\u00eda que le dieron con todo a Tatanacho y al hijo\u2026tan enojados estaban que le echaron en cara que se qued\u00f3 callado cuando los colaboradores de Cuitl\u00e1huac se enriquec\u00edan y de todo el desaseo financiero que fue reportado por la Auditor\u00eda Superior de la Federaci\u00f3n\u2026incluso dejaron entrever hasta las preferencias del Ku\u00edkaras. A la medianoche segu\u00edan escribi\u00e9ndole de todo a Atanasio Garc\u00eda.<\/p>\n\n\n\n<p>La t\u00eda Ch\u00edo hizo como que ni caso le hizo a Tatanacho y hasta poste\u00f3 un gr\u00e1fico en sus redes: \u201cNi idea, padre santo, yo ando inaugurando carreteras\u201d\u2026pero lo cierto es que los dichos de Atanasio s\u00ed la prendieron porque la t\u00eda es mecha corta, y la prueba de que se prendi\u00f3 el palacio fue el nado sincronizado para defenderla tanto de sus colaboradores como de los bi\u00f3grafos de la mandataria que le dieron bonito a Tatanacho.<\/p>\n\n\n\n<p><strong>SE ACUITLAHU\u00d3\u2026<\/strong>se acobard\u00f3\u2026Cuitl\u00e1huac Garc\u00eda se mostr\u00f3 tal cual es: prefiri\u00f3 descalificar las cr\u00edticas de su padre sobre la gobernadora Roc\u00edo Nahle, y salvar la chamba y el pellejo porque sabe que el reporte de la Auditor\u00eda Superior de la Federaci\u00f3n sobre la cuenta p\u00fablica 2023, exhibe el cochinero de su administraci\u00f3n con mil 800 millones de pesos no solventados y que hasta la fecha no sabemos en qu\u00e9 va el proceso fiscalizador, si ya pasaron a la denuncia penal o reservaron los expedientes.<\/p>\n\n\n\n<p>El exgobernador de Veracruz y actual titular de Cenagas, Cuitl\u00e1huac Garc\u00eda Jim\u00e9nez, sali\u00f3 al paso de las declaraciones de su padre, Atanasio Garc\u00eda Dur\u00e1n, quien cuestion\u00f3 la candidatura y gesti\u00f3n de la gobernadora Roc\u00edo Nahle. A manera de deslinde de su progenitor, afirm\u00f3: \u201cNo podr\u00e1n vernos divididos los de enfrente, al menos de mi parte no\u201d, dejando claro que no comparte las cr\u00edticas.<\/p>\n\n\n\n<p>En un mensaje difundido en sus redes, el Ku\u00edkaras aclar\u00f3 que nunca ha descalificado la administraci\u00f3n de la gobernadora y que ha sido \u201cextremadamente respetuoso\u201d con su gesti\u00f3n, adem\u00e1s subray\u00f3 que no emitir\u00e1 postura alguna que demerite \u201ca quien obtuvo millones de votos\u201d para encabezar el Ejecutivo veracruzano.<\/p>\n\n\n\n<p>Dijo que reconoce la libertad de expresi\u00f3n de \u201cmi querido y apreciado padre\u201d, pero insisti\u00f3 en que no todos est\u00e1n obligados a compartir esos puntos de vista, y destac\u00f3 que en Veracruz existe pluralidad de opiniones, aunque \u00e9l se mantiene firme en respaldar a Nahle.<\/p>\n\n\n\n<p>\u201cRoc\u00edo y un servidor compartimos la lucha de un movimiento por recuperar el estado de Veracruz\u2026 debemos seguir fortaleciendo nuestro movimiento para seguir transformando Veracruz\u201d, escribi\u00f3 Cuitl\u00e1huac luego de las cr\u00edticas de Atanasio Garc\u00eda Dur\u00e1n. El Ku\u00edkaras qued\u00f3 bien con la mandataria pero mal parado frente a la opini\u00f3n p\u00fablica que en redes le restregaron en la cara que le haya dado la espalda a su pap\u00e1.<\/p>\n\n\n\n<p><strong>QUE SALI\u00d3 DE PALACIO\u2026<\/strong>la gorda Bertha Ahued respondi\u00f3 a sus detractores que le dieron duro en redes por la boda de su sobrina en Sevilla, Espa\u00f1a. La gorda Ahued expres\u00f3 que no le quitan el sue\u00f1o con su golpeteo y que seguro proviene de gente que le ve futuro pol\u00edtico y por eso intentan descalificarla.<\/p>\n\n\n\n<p>Ac\u00e1 lo expresamos en una entrega anterior que todo lo publicado sobre boda en Sevilla ven\u00eda de gente que le quiere meter el pie por su futuro pol\u00edtico, y no es por defenderla porque ella puede sola, pero nos dijeron que parte de la madrina provino de la misma gente de Morena y en particular de una regidora fuere\u00f1a, que trae en la cabeza la idea de que puede ser alcaldesa del puerto obvio con la bendici\u00f3n de la t\u00eda Ch\u00edo, y ve a do\u00f1a gorda Ahued como la rival m\u00e1s fuerte\u2026solo que falta mucho gobierno de Rosa Mar\u00eda\u2026y ni aunque baile la Sandunga se le har\u00e1 ese loco sue\u00f1o de ser alcaldesa.<\/p>\n","protected":false},"excerpt":{"rendered":"<p>Oved ContrerasSecas mecas No fue la oposici\u00f3n ni los Yunes del Estero ni el senador Manolete Huerta, a quien no pueden ver ni en pintura. La cr\u00edtica vino del profesor Atanasio Garc\u00eda, ex diputado local y padre del ex gobernador Cuitl\u00e1huac Garc\u00eda, quien lanz\u00f3 el f\u00e9rreo se\u00f1alamiento de que fue un error confiarle el estado [&hellip;]<\/p>\n","protected":false},"author":2,"featured_media":141426,"comment_status":"closed","ping_status":"closed","sticky":false,"template":"","format":"standard","meta":{"tdm_status":"","tdm_grid_status":"","footnotes":""},"categories":[70],"tags":[62679,1681,46524,25035,39715,2328,3578],"class_list":{"0":"post-170128","1":"post","2":"type-post","3":"status-publish","4":"format-standard","5":"has-post-thumbnail","7":"category-de-opinion","8":"tag-atanasio-garcia-duran","9":"tag-cuitlahuac-garcia","10":"tag-elecciones-2027-veracruz","11":"tag-morena-veracruz","12":"tag-oved-contreras","13":"tag-politica-veracruzana","14":"tag-rocio-nahle"},"yoast_head":"<!-- This site is optimized with the Yoast SEO plugin v27.4 - https:\/\/yoast.com\/product\/yoast-seo-wordpress\/ -->\n<title>PRENDI\u00d3 EL AVISPERO\u2026 - Los pol\u00edticos Veracruz<\/title>\n<meta name=\"robots\" content=\"index, follow, max-snippet:-1, max-image-preview:large, max-video-preview:-1\" \/>\n<link rel=\"canonical\" href=\"https:\/\/lospoliticosveracruz.com\/?p=170128\" \/>\n<meta property=\"og:locale\" content=\"es_ES\" \/>\n<meta property=\"og:type\" content=\"article\" \/>\n<meta property=\"og:title\" content=\"PRENDI\u00d3 EL AVISPERO\u2026 - Los pol\u00edticos Veracruz\" \/>\n<meta property=\"og:description\" content=\"Oved ContrerasSecas mecas No fue la oposici\u00f3n ni los Yunes del Estero ni el senador Manolete Huerta, a quien no pueden ver ni en pintura. La cr\u00edtica vino del profesor Atanasio Garc\u00eda, ex diputado local y padre del ex gobernador Cuitl\u00e1huac Garc\u00eda, quien lanz\u00f3 el f\u00e9rreo se\u00f1alamiento de que fue un error confiarle el estado [&hellip;]\" \/>\n<meta property=\"og:url\" content=\"https:\/\/lospoliticosveracruz.com\/?p=170128\" \/>\n<meta property=\"og:site_name\" content=\"Los pol\u00edticos Veracruz\" \/>\n<meta property=\"article:publisher\" content=\"https:\/\/www.facebook.com\/people\/Notimemes-de-los-Polticos\/61565672886568\/\" \/>\n<meta property=\"article:published_time\" content=\"2026-04-29T16:09:14+00:00\" \/>\n<meta property=\"article:modified_time\" content=\"2026-04-29T16:09:15+00:00\" \/>\n<meta property=\"og:image\" content=\"https:\/\/lospoliticosveracruz.com\/wp-content\/uploads\/2025\/04\/Oved-Contreras-e1768066319253.jpg\" \/>\n\t<meta property=\"og:image:width\" content=\"600\" \/>\n\t<meta property=\"og:image:height\" content=\"320\" \/>\n\t<meta property=\"og:image:type\" content=\"image\/jpeg\" \/>\n<meta name=\"author\" content=\"Lo viste en Los Pol\u00edticos\" \/>\n<meta name=\"twitter:card\" content=\"summary_large_image\" \/>\n<meta name=\"twitter:creator\" content=\"@LosPoliticosVer\" \/>\n<meta name=\"twitter:site\" content=\"@LosPoliticosVer\" \/>\n<meta name=\"twitter:label1\" content=\"Escrito por\" \/>\n\t<meta name=\"twitter:data1\" content=\"Lo viste en Los Pol\u00edticos\" \/>\n\t<meta name=\"twitter:label2\" content=\"Tiempo de lectura\" \/>\n\t<meta name=\"twitter:data2\" content=\"5 minutos\" \/>\n<script type=\"application\/ld+json\" class=\"yoast-schema-graph\">{\"@context\":\"https:\\\/\\\/schema.org\",\"@graph\":[{\"@type\":\"Article\",\"@id\":\"https:\\\/\\\/lospoliticosveracruz.com\\\/?p=170128#article\",\"isPartOf\":{\"@id\":\"https:\\\/\\\/lospoliticosveracruz.com\\\/?p=170128\"},\"author\":{\"name\":\"Lo viste en Los Pol\u00edticos\",\"@id\":\"https:\\\/\\\/lospoliticosveracruz.com\\\/#\\\/schema\\\/person\\\/b8702bb0e538456e6efd07080bf2a4a2\"},\"headline\":\"PRENDI\u00d3 EL AVISPERO\u2026\",\"datePublished\":\"2026-04-29T16:09:14+00:00\",\"dateModified\":\"2026-04-29T16:09:15+00:00\",\"mainEntityOfPage\":{\"@id\":\"https:\\\/\\\/lospoliticosveracruz.com\\\/?p=170128\"},\"wordCount\":1061,\"publisher\":{\"@id\":\"https:\\\/\\\/lospoliticosveracruz.com\\\/#organization\"},\"image\":{\"@id\":\"https:\\\/\\\/lospoliticosveracruz.com\\\/?p=170128#primaryimage\"},\"thumbnailUrl\":\"https:\\\/\\\/lospoliticosveracruz.com\\\/wp-content\\\/uploads\\\/2025\\\/04\\\/Oved-Contreras-e1768066319253.jpg\",\"keywords\":[\"Atanasio Garc\u00eda Dur\u00e1n\",\"Cuitl\u00e1huac Garc\u00eda\",\"elecciones 2027 Veracruz\",\"Morena Veracruz\",\"Oved Contreras\",\"Pol\u00edtica veracruzana\",\"Roc\u00edo Nahle\"],\"articleSection\":[\"De Opini\u00f3n\"],\"inLanguage\":\"es\"},{\"@type\":\"WebPage\",\"@id\":\"https:\\\/\\\/lospoliticosveracruz.com\\\/?p=170128\",\"url\":\"https:\\\/\\\/lospoliticosveracruz.com\\\/?p=170128\",\"name\":\"PRENDI\u00d3 EL AVISPERO\u2026 - Los pol\u00edticos Veracruz\",\"isPartOf\":{\"@id\":\"https:\\\/\\\/lospoliticosveracruz.com\\\/#website\"},\"primaryImageOfPage\":{\"@id\":\"https:\\\/\\\/lospoliticosveracruz.com\\\/?p=170128#primaryimage\"},\"image\":{\"@id\":\"https:\\\/\\\/lospoliticosveracruz.com\\\/?p=170128#primaryimage\"},\"thumbnailUrl\":\"https:\\\/\\\/lospoliticosveracruz.com\\\/wp-content\\\/uploads\\\/2025\\\/04\\\/Oved-Contreras-e1768066319253.jpg\",\"datePublished\":\"2026-04-29T16:09:14+00:00\",\"dateModified\":\"2026-04-29T16:09:15+00:00\",\"breadcrumb\":{\"@id\":\"https:\\\/\\\/lospoliticosveracruz.com\\\/?p=170128#breadcrumb\"},\"inLanguage\":\"es\",\"potentialAction\":[{\"@type\":\"ReadAction\",\"target\":[\"https:\\\/\\\/lospoliticosveracruz.com\\\/?p=170128\"]}]},{\"@type\":\"ImageObject\",\"inLanguage\":\"es\",\"@id\":\"https:\\\/\\\/lospoliticosveracruz.com\\\/?p=170128#primaryimage\",\"url\":\"https:\\\/\\\/lospoliticosveracruz.com\\\/wp-content\\\/uploads\\\/2025\\\/04\\\/Oved-Contreras-e1768066319253.jpg\",\"contentUrl\":\"https:\\\/\\\/lospoliticosveracruz.com\\\/wp-content\\\/uploads\\\/2025\\\/04\\\/Oved-Contreras-e1768066319253.jpg\",\"width\":600,\"height\":320},{\"@type\":\"BreadcrumbList\",\"@id\":\"https:\\\/\\\/lospoliticosveracruz.com\\\/?p=170128#breadcrumb\",\"itemListElement\":[{\"@type\":\"ListItem\",\"position\":1,\"name\":\"Portada\",\"item\":\"https:\\\/\\\/lospoliticosveracruz.com\\\/\"},{\"@type\":\"ListItem\",\"position\":2,\"name\":\"PRENDI\u00d3 EL AVISPERO\u2026\"}]},{\"@type\":\"WebSite\",\"@id\":\"https:\\\/\\\/lospoliticosveracruz.com\\\/#website\",\"url\":\"https:\\\/\\\/lospoliticosveracruz.com\\\/\",\"name\":\"Los pol\u00edticos Veracruz\",\"description\":\"\",\"publisher\":{\"@id\":\"https:\\\/\\\/lospoliticosveracruz.com\\\/#organization\"},\"potentialAction\":[{\"@type\":\"SearchAction\",\"target\":{\"@type\":\"EntryPoint\",\"urlTemplate\":\"https:\\\/\\\/lospoliticosveracruz.com\\\/?s={search_term_string}\"},\"query-input\":{\"@type\":\"PropertyValueSpecification\",\"valueRequired\":true,\"valueName\":\"search_term_string\"}}],\"inLanguage\":\"es\"},{\"@type\":\"Organization\",\"@id\":\"https:\\\/\\\/lospoliticosveracruz.com\\\/#organization\",\"name\":\"Los pol\u00edticos Veracruz\",\"url\":\"https:\\\/\\\/lospoliticosveracruz.com\\\/\",\"logo\":{\"@type\":\"ImageObject\",\"inLanguage\":\"es\",\"@id\":\"https:\\\/\\\/lospoliticosveracruz.com\\\/#\\\/schema\\\/logo\\\/image\\\/\",\"url\":\"https:\\\/\\\/lospoliticosveracruz.com\\\/wp-content\\\/uploads\\\/2025\\\/12\\\/Logo-Nuevo-LOS-POLITICOS-1.jpg\",\"contentUrl\":\"https:\\\/\\\/lospoliticosveracruz.com\\\/wp-content\\\/uploads\\\/2025\\\/12\\\/Logo-Nuevo-LOS-POLITICOS-1.jpg\",\"width\":260,\"height\":70,\"caption\":\"Los pol\u00edticos Veracruz\"},\"image\":{\"@id\":\"https:\\\/\\\/lospoliticosveracruz.com\\\/#\\\/schema\\\/logo\\\/image\\\/\"},\"sameAs\":[\"https:\\\/\\\/www.facebook.com\\\/people\\\/Notimemes-de-los-Polticos\\\/61565672886568\\\/\",\"https:\\\/\\\/x.com\\\/LosPoliticosVer\"]},{\"@type\":\"Person\",\"@id\":\"https:\\\/\\\/lospoliticosveracruz.com\\\/#\\\/schema\\\/person\\\/b8702bb0e538456e6efd07080bf2a4a2\",\"name\":\"Lo viste en Los Pol\u00edticos\",\"image\":{\"@type\":\"ImageObject\",\"inLanguage\":\"es\",\"@id\":\"https:\\\/\\\/secure.gravatar.com\\\/avatar\\\/3a8de04a2656d44082be478bd6c086daa447c4651605818287b9532d3d0bd435?s=96&d=mm&r=g\",\"url\":\"https:\\\/\\\/secure.gravatar.com\\\/avatar\\\/3a8de04a2656d44082be478bd6c086daa447c4651605818287b9532d3d0bd435?s=96&d=mm&r=g\",\"contentUrl\":\"https:\\\/\\\/secure.gravatar.com\\\/avatar\\\/3a8de04a2656d44082be478bd6c086daa447c4651605818287b9532d3d0bd435?s=96&d=mm&r=g\",\"caption\":\"Lo viste en Los Pol\u00edticos\"},\"url\":\"https:\\\/\\\/lospoliticosveracruz.com\\\/?author=2\"}]}<\/script>\n<!-- \/ Yoast SEO plugin. -->","yoast_head_json":{"title":"PRENDI\u00d3 EL AVISPERO\u2026 - Los pol\u00edticos Veracruz","robots":{"index":"index","follow":"follow","max-snippet":"max-snippet:-1","max-image-preview":"max-image-preview:large","max-video-preview":"max-video-preview:-1"},"canonical":"https:\/\/lospoliticosveracruz.com\/?p=170128","og_locale":"es_ES","og_type":"article","og_title":"PRENDI\u00d3 EL AVISPERO\u2026 - Los pol\u00edticos Veracruz","og_description":"Oved ContrerasSecas mecas No fue la oposici\u00f3n ni los Yunes del Estero ni el senador Manolete Huerta, a quien no pueden ver ni en pintura. La cr\u00edtica vino del profesor Atanasio Garc\u00eda, ex diputado local y padre del ex gobernador Cuitl\u00e1huac Garc\u00eda, quien lanz\u00f3 el f\u00e9rreo se\u00f1alamiento de que fue un error confiarle el estado [&hellip;]","og_url":"https:\/\/lospoliticosveracruz.com\/?p=170128","og_site_name":"Los pol\u00edticos Veracruz","article_publisher":"https:\/\/www.facebook.com\/people\/Notimemes-de-los-Polticos\/61565672886568\/","article_published_time":"2026-04-29T16:09:14+00:00","article_modified_time":"2026-04-29T16:09:15+00:00","og_image":[{"width":600,"height":320,"url":"https:\/\/lospoliticosveracruz.com\/wp-content\/uploads\/2025\/04\/Oved-Contreras-e1768066319253.jpg","type":"image\/jpeg"}],"author":"Lo viste en Los Pol\u00edticos","twitter_card":"summary_large_image","twitter_creator":"@LosPoliticosVer","twitter_site":"@LosPoliticosVer","twitter_misc":{"Escrito por":"Lo viste en Los Pol\u00edticos","Tiempo de lectura":"5 minutos"},"schema":{"@context":"https:\/\/schema.org","@graph":[{"@type":"Article","@id":"https:\/\/lospoliticosveracruz.com\/?p=170128#article","isPartOf":{"@id":"https:\/\/lospoliticosveracruz.com\/?p=170128"},"author":{"name":"Lo viste en Los Pol\u00edticos","@id":"https:\/\/lospoliticosveracruz.com\/#\/schema\/person\/b8702bb0e538456e6efd07080bf2a4a2"},"headline":"PRENDI\u00d3 EL AVISPERO\u2026","datePublished":"2026-04-29T16:09:14+00:00","dateModified":"2026-04-29T16:09:15+00:00","mainEntityOfPage":{"@id":"https:\/\/lospoliticosveracruz.com\/?p=170128"},"wordCount":1061,"publisher":{"@id":"https:\/\/lospoliticosveracruz.com\/#organization"},"image":{"@id":"https:\/\/lospoliticosveracruz.com\/?p=170128#primaryimage"},"thumbnailUrl":"https:\/\/lospoliticosveracruz.com\/wp-content\/uploads\/2025\/04\/Oved-Contreras-e1768066319253.jpg","keywords":["Atanasio Garc\u00eda Dur\u00e1n","Cuitl\u00e1huac Garc\u00eda","elecciones 2027 Veracruz","Morena Veracruz","Oved Contreras","Pol\u00edtica veracruzana","Roc\u00edo Nahle"],"articleSection":["De Opini\u00f3n"],"inLanguage":"es"},{"@type":"WebPage","@id":"https:\/\/lospoliticosveracruz.com\/?p=170128","url":"https:\/\/lospoliticosveracruz.com\/?p=170128","name":"PRENDI\u00d3 EL AVISPERO\u2026 - Los pol\u00edticos Veracruz","isPartOf":{"@id":"https:\/\/lospoliticosveracruz.com\/#website"},"primaryImageOfPage":{"@id":"https:\/\/lospoliticosveracruz.com\/?p=170128#primaryimage"},"image":{"@id":"https:\/\/lospoliticosveracruz.com\/?p=170128#primaryimage"},"thumbnailUrl":"https:\/\/lospoliticosveracruz.com\/wp-content\/uploads\/2025\/04\/Oved-Contreras-e1768066319253.jpg","datePublished":"2026-04-29T16:09:14+00:00","dateModified":"2026-04-29T16:09:15+00:00","breadcrumb":{"@id":"https:\/\/lospoliticosveracruz.com\/?p=170128#breadcrumb"},"inLanguage":"es","potentialAction":[{"@type":"ReadAction","target":["https:\/\/lospoliticosveracruz.com\/?p=170128"]}]},{"@type":"ImageObject","inLanguage":"es","@id":"https:\/\/lospoliticosveracruz.com\/?p=170128#primaryimage","url":"https:\/\/lospoliticosveracruz.com\/wp-content\/uploads\/2025\/04\/Oved-Contreras-e1768066319253.jpg","contentUrl":"https:\/\/lospoliticosveracruz.com\/wp-content\/uploads\/2025\/04\/Oved-Contreras-e1768066319253.jpg","width":600,"height":320},{"@type":"BreadcrumbList","@id":"https:\/\/lospoliticosveracruz.com\/?p=170128#breadcrumb","itemListElement":[{"@type":"ListItem","position":1,"name":"Portada","item":"https:\/\/lospoliticosveracruz.com\/"},{"@type":"ListItem","position":2,"name":"PRENDI\u00d3 EL AVISPERO\u2026"}]},{"@type":"WebSite","@id":"https:\/\/lospoliticosveracruz.com\/#website","url":"https:\/\/lospoliticosveracruz.com\/","name":"Los pol\u00edticos Veracruz","description":"","publisher":{"@id":"https:\/\/lospoliticosveracruz.com\/#organization"},"potentialAction":[{"@type":"SearchAction","target":{"@type":"EntryPoint","urlTemplate":"https:\/\/lospoliticosveracruz.com\/?s={search_term_string}"},"query-input":{"@type":"PropertyValueSpecification","valueRequired":true,"valueName":"search_term_string"}}],"inLanguage":"es"},{"@type":"Organization","@id":"https:\/\/lospoliticosveracruz.com\/#organization","name":"Los pol\u00edticos Veracruz","url":"https:\/\/lospoliticosveracruz.com\/","logo":{"@type":"ImageObject","inLanguage":"es","@id":"https:\/\/lospoliticosveracruz.com\/#\/schema\/logo\/image\/","url":"https:\/\/lospoliticosveracruz.com\/wp-content\/uploads\/2025\/12\/Logo-Nuevo-LOS-POLITICOS-1.jpg","contentUrl":"https:\/\/lospoliticosveracruz.com\/wp-content\/uploads\/2025\/12\/Logo-Nuevo-LOS-POLITICOS-1.jpg","width":260,"height":70,"caption":"Los pol\u00edticos Veracruz"},"image":{"@id":"https:\/\/lospoliticosveracruz.com\/#\/schema\/logo\/image\/"},"sameAs":["https:\/\/www.facebook.com\/people\/Notimemes-de-los-Polticos\/61565672886568\/","https:\/\/x.com\/LosPoliticosVer"]},{"@type":"Person","@id":"https:\/\/lospoliticosveracruz.com\/#\/schema\/person\/b8702bb0e538456e6efd07080bf2a4a2","name":"Lo viste en Los Pol\u00edticos","image":{"@type":"ImageObject","inLanguage":"es","@id":"https:\/\/secure.gravatar.com\/avatar\/3a8de04a2656d44082be478bd6c086daa447c4651605818287b9532d3d0bd435?s=96&d=mm&r=g","url":"https:\/\/secure.gravatar.com\/avatar\/3a8de04a2656d44082be478bd6c086daa447c4651605818287b9532d3d0bd435?s=96&d=mm&r=g","contentUrl":"https:\/\/secure.gravatar.com\/avatar\/3a8de04a2656d44082be478bd6c086daa447c4651605818287b9532d3d0bd435?s=96&d=mm&r=g","caption":"Lo viste en Los Pol\u00edticos"},"url":"https:\/\/lospoliticosveracruz.com\/?author=2"}]}},"_links":{"self":[{"href":"https:\/\/lospoliticosveracruz.com\/index.php?rest_route=\/wp\/v2\/posts\/170128","targetHints":{"allow":["GET"]}}],"collection":[{"href":"https:\/\/lospoliticosveracruz.com\/index.php?rest_route=\/wp\/v2\/posts"}],"about":[{"href":"https:\/\/lospoliticosveracruz.com\/index.php?rest_route=\/wp\/v2\/types\/post"}],"author":[{"embeddable":true,"href":"https:\/\/lospoliticosveracruz.com\/index.php?rest_route=\/wp\/v2\/users\/2"}],"replies":[{"embeddable":true,"href":"https:\/\/lospoliticosveracruz.com\/index.php?rest_route=%2Fwp%2Fv2%2Fcomments&post=170128"}],"version-history":[{"count":1,"href":"https:\/\/lospoliticosveracruz.com\/index.php?rest_route=\/wp\/v2\/posts\/170128\/revisions"}],"predecessor-version":[{"id":170129,"href":"https:\/\/lospoliticosveracruz.com\/index.php?rest_route=\/wp\/v2\/posts\/170128\/revisions\/170129"}],"wp:featuredmedia":[{"embeddable":true,"href":"https:\/\/lospoliticosveracruz.com\/index.php?rest_route=\/wp\/v2\/media\/141426"}],"wp:attachment":[{"href":"https:\/\/lospoliticosveracruz.com\/index.php?rest_route=%2Fwp%2Fv2%2Fmedia&parent=170128"}],"wp:term":[{"taxonomy":"category","embeddable":true,"href":"https:\/\/lospoliticosveracruz.com\/index.php?rest_route=%2Fwp%2Fv2%2Fcategories&post=170128"},{"taxonomy":"post_tag","embeddable":true,"href":"https:\/\/lospoliticosveracruz.com\/index.php?rest_route=%2Fwp%2Fv2%2Ftags&post=170128"}],"curies":[{"name":"wp","href":"https:\/\/api.w.org\/{rel}","templated":true}]}}