{"id":170130,"date":"2026-04-29T10:12:52","date_gmt":"2026-04-29T16:12:52","guid":{"rendered":"https:\/\/lospoliticosveracruz.com\/?p=170130"},"modified":"2026-04-29T10:12:53","modified_gmt":"2026-04-29T16:12:53","slug":"duarte-dirige-la-porra-de-nahle","status":"publish","type":"post","link":"https:\/\/lospoliticosveracruz.com\/?p=170130","title":{"rendered":"DUARTE DIRIGE LA PORRA DE NAHLE"},"content":{"rendered":"\n<p><strong>Inocencio Ya\u00f1ez Vicencio<\/strong><\/p>\n\n\n\n<p>Siempre he dicho que Roc\u00edo Nahle, no tiene nada que nos indique que no ser\u00e1 peor que Cuitlahuac Garc\u00eda. No s\u00f3lo era un hecho desde antes que iniciara su administraci\u00f3n sino que nadie puede negar que tan s\u00f3lo en estos primeros meses ya super\u00f3 el tr\u00e1gico gobierno de su predecesor.<\/p>\n\n\n\n<p><strong>Mi predicci\u00f3n est\u00e1 basada en estos hechos:<\/strong><\/p>\n\n\n\n<ul class=\"wp-block-list\">\n<li>1.\u2060 \u2060Roc\u00edo Nahle, ven\u00eda precedida de ser una p\u00e9sima administradora.<\/li>\n\n\n\n<li>2.\u2060 \u2060Una estela de corrupci\u00f3n pesaba sobre ella.<\/li>\n\n\n\n<li>3.\u2060 \u2060No sabemos d\u00f3nde fue a parar casi el triple del incremento del presupuesto de la Refiner\u00eda de Dos Bocas.<\/li>\n\n\n\n<li>4.\u2060 \u2060El diferencial entre el presupuesto original de Dos Bocas de 8 mil millones de d\u00f3lares y los m\u00e1s de 21 mil millones de d\u00f3lares que finalmente cost\u00f3, di\u00f3 pie a se\u00f1alamientos de apropiaci\u00f3n personal y familiar.<\/li>\n\n\n\n<li>5.\u2060 \u2060La matanza de Totalco, Perote, se realiz\u00f3 cuando ella ya hab\u00eda recibido su constancia que le acredit\u00f3 la gubernatura, por lo que sin duda fue consultada por su antecesor.<\/li>\n\n\n\n<li>6.\u2060 \u2060Dejar en el debate electoral a su rival Pepe Yunes, con la mano extendida la anunciaba ya como una persona vulgar y prepotente.<\/li>\n\n\n\n<li>7.\u2060 \u2060Si alguien ten\u00eda duda de que utiliz\u00f3 a Polo Deschamps, candidato de Movimiento Ciudadano, para lanzar descalificaciones contra Pepe Yunes, las despej\u00f3 al promoverlo como candidato por Morena en Alvarado y dado ese fallido intento, incorporarlo a la administraci\u00f3n federal.<\/li>\n\n\n\n<li>8.\u2060 \u2060Haber empinado a Cuitl\u00e1huac en el intento de una reforma constitucional para legalizar su candidatura, que fue invalida por la Suprema Corte de Justicia Nacional.<\/li>\n\n\n\n<li>9.\u2060 \u2060Estar marcada como Zacatecana<\/li>\n\n\n\n<li>10.\u00a0 Haber competido y haber sido ungida por \u00f3rganos electorales dependientes de Morena, que hicieron de las lecciones local y nacional, en palabras de Claudia: &#8216; un mero tr\u00e1mite \u00ab. Como en tiempos de Pi Porfirio D\u00edaz.<\/li>\n<\/ul>\n\n\n\n<p>Que Javier Duarte, haya decidido ponerse al frente de la porra de paleros de Roc\u00edo Nahle, no debe sorprender a nadie, que al tenerlos encerrado es comprensible que est\u00e9 dispuesto a realizar todo cuanto crea que le puede reducir estar bajo&nbsp; sombra.<\/p>\n\n\n\n<p>Yo , a diferencia de algunos, le verti mis cr\u00edticas estando en el poder, tanto que cuando le di\u00f3 posesi\u00f3n a Ricardo Garc\u00eda Guzm\u00e1n en el Instituto de Administraci\u00f3n P\u00fablica, al verme ah\u00ed exclam\u00f3: miren, para qu\u00e9 queremos cr\u00edtica si la tenemos dentro. No me parece de hombr\u00eda que quienes lo llenaron de incienso, en desgracia se ensa\u00f1en contra \u00e9l. Es cierto que ni un d\u00eda servi a su gobierno, pero no puedo negar , que dado que en ese tiempo ten\u00edamos la misma filiaci\u00f3n partidista, busqu\u00e9 colaborar en su sexenio.<\/p>\n\n\n\n<p>El problema de Roc\u00edo es que mientras Claudia , para dar una voltereta de 180 grados, como fue anunciar extraer hidrocarburos con un m\u00e9todo que Morena siempre repudi\u00f3, acude a una pluma muy prestigiosa como es Raymundo Riva Palacio, que en lugar de verlo como incongruencia, el columnista lo vi\u00f3 como se\u00f1al de ruptura con su progenitor pol\u00edtico , con lo que el periodista fue la nota, la gobernadora de Veracruz, lanza a lo peor del periodismo, que bajo la batuta de Duarte, escriben, sin detenerse a lo que dijo Atanasio Garc\u00eda , padre del exgobernador Cuitl\u00e1huac Garc\u00eda , sino por qu\u00e9 dijo que fue un error escoger a una Zacatecana, es decir, como carniceros, no van contra \u00e9l contenido sino contra el sujeto.<\/p>\n\n\n\n<p>Estos paleros de Roc\u00edo Nahle, que han aceptado ponerse bajo la direcci\u00f3n de Javier Duarte, para salir a la defensa de la gobernadora, no \u00fanicamente no le ayudan , la sumen m\u00e1s en su degradaci\u00f3n, porque como son matraqueros profesionales, que todos sabemos que viven de destruir honras,&nbsp;&nbsp; provocan repudio y delatan que la Zacatecana hoy no tiene m\u00e1s respaldo que el de sus eunucos, que no pueden dar otra cosa que no sea desprecio y repulsi\u00f3n al peor gobierno de la historia de Veracruz.<\/p>\n\n\n\n<p><\/p>\n","protected":false},"excerpt":{"rendered":"<p>Inocencio Ya\u00f1ez Vicencio Siempre he dicho que Roc\u00edo Nahle, no tiene nada que nos indique que no ser\u00e1 peor que Cuitlahuac Garc\u00eda. No s\u00f3lo era un hecho desde antes que iniciara su administraci\u00f3n sino que nadie puede negar que tan s\u00f3lo en estos primeros meses ya super\u00f3 el tr\u00e1gico gobierno de su predecesor. Mi predicci\u00f3n [&hellip;]<\/p>\n","protected":false},"author":2,"featured_media":141387,"comment_status":"closed","ping_status":"closed","sticky":false,"template":"","format":"standard","meta":{"tdm_status":"","tdm_grid_status":"","footnotes":""},"categories":[70],"tags":[62717,2932,62716,162,25035,25510,3578],"class_list":{"0":"post-170130","1":"post","2":"type-post","3":"status-publish","4":"format-standard","5":"has-post-thumbnail","7":"category-de-opinion","8":"tag-atanasio-garcia","9":"tag-gobierno-de-veracruz","10":"tag-inocencio-yanez-vicencio-4","11":"tag-javier-duarte","12":"tag-morena-veracruz","13":"tag-politica-en-veracruz","14":"tag-rocio-nahle"},"yoast_head":"<!-- This site is optimized with the Yoast SEO plugin v27.4 - https:\/\/yoast.com\/product\/yoast-seo-wordpress\/ -->\n<title>DUARTE DIRIGE LA PORRA DE NAHLE - Los pol\u00edticos Veracruz<\/title>\n<meta name=\"robots\" content=\"index, follow, max-snippet:-1, max-image-preview:large, max-video-preview:-1\" \/>\n<link rel=\"canonical\" href=\"https:\/\/lospoliticosveracruz.com\/?p=170130\" \/>\n<meta property=\"og:locale\" content=\"es_ES\" \/>\n<meta property=\"og:type\" content=\"article\" \/>\n<meta property=\"og:title\" content=\"DUARTE DIRIGE LA PORRA DE NAHLE - Los pol\u00edticos Veracruz\" \/>\n<meta property=\"og:description\" content=\"Inocencio Ya\u00f1ez Vicencio Siempre he dicho que Roc\u00edo Nahle, no tiene nada que nos indique que no ser\u00e1 peor que Cuitlahuac Garc\u00eda. No s\u00f3lo era un hecho desde antes que iniciara su administraci\u00f3n sino que nadie puede negar que tan s\u00f3lo en estos primeros meses ya super\u00f3 el tr\u00e1gico gobierno de su predecesor. Mi predicci\u00f3n [&hellip;]\" \/>\n<meta property=\"og:url\" content=\"https:\/\/lospoliticosveracruz.com\/?p=170130\" \/>\n<meta property=\"og:site_name\" content=\"Los pol\u00edticos Veracruz\" \/>\n<meta property=\"article:publisher\" content=\"https:\/\/www.facebook.com\/people\/Notimemes-de-los-Polticos\/61565672886568\/\" \/>\n<meta property=\"article:published_time\" content=\"2026-04-29T16:12:52+00:00\" \/>\n<meta property=\"article:modified_time\" content=\"2026-04-29T16:12:53+00:00\" \/>\n<meta property=\"og:image\" content=\"https:\/\/lospoliticosveracruz.com\/wp-content\/uploads\/2025\/04\/Inocencio-Yanez-Vicencio.jpg\" \/>\n\t<meta property=\"og:image:width\" content=\"1250\" \/>\n\t<meta property=\"og:image:height\" content=\"667\" \/>\n\t<meta property=\"og:image:type\" content=\"image\/jpeg\" \/>\n<meta name=\"author\" content=\"Lo viste en Los Pol\u00edticos\" \/>\n<meta name=\"twitter:card\" content=\"summary_large_image\" \/>\n<meta name=\"twitter:creator\" content=\"@LosPoliticosVer\" \/>\n<meta name=\"twitter:site\" content=\"@LosPoliticosVer\" \/>\n<meta name=\"twitter:label1\" content=\"Escrito por\" \/>\n\t<meta name=\"twitter:data1\" content=\"Lo viste en Los Pol\u00edticos\" \/>\n\t<meta name=\"twitter:label2\" content=\"Tiempo de lectura\" \/>\n\t<meta name=\"twitter:data2\" content=\"4 minutos\" \/>\n<script type=\"application\/ld+json\" class=\"yoast-schema-graph\">{\"@context\":\"https:\\\/\\\/schema.org\",\"@graph\":[{\"@type\":\"Article\",\"@id\":\"https:\\\/\\\/lospoliticosveracruz.com\\\/?p=170130#article\",\"isPartOf\":{\"@id\":\"https:\\\/\\\/lospoliticosveracruz.com\\\/?p=170130\"},\"author\":{\"name\":\"Lo viste en Los Pol\u00edticos\",\"@id\":\"https:\\\/\\\/lospoliticosveracruz.com\\\/#\\\/schema\\\/person\\\/b8702bb0e538456e6efd07080bf2a4a2\"},\"headline\":\"DUARTE DIRIGE LA PORRA DE NAHLE\",\"datePublished\":\"2026-04-29T16:12:52+00:00\",\"dateModified\":\"2026-04-29T16:12:53+00:00\",\"mainEntityOfPage\":{\"@id\":\"https:\\\/\\\/lospoliticosveracruz.com\\\/?p=170130\"},\"wordCount\":678,\"publisher\":{\"@id\":\"https:\\\/\\\/lospoliticosveracruz.com\\\/#organization\"},\"image\":{\"@id\":\"https:\\\/\\\/lospoliticosveracruz.com\\\/?p=170130#primaryimage\"},\"thumbnailUrl\":\"https:\\\/\\\/lospoliticosveracruz.com\\\/wp-content\\\/uploads\\\/2025\\\/04\\\/Inocencio-Yanez-Vicencio.jpg\",\"keywords\":[\"Atanasio Garc\u00eda\",\"gobierno de Veracruz\",\"Inocencio Ya\u00f1ez Vicencio\",\"Javier Duarte\",\"Morena Veracruz\",\"pol\u00edtica en Veracruz\",\"Roc\u00edo Nahle\"],\"articleSection\":[\"De Opini\u00f3n\"],\"inLanguage\":\"es\"},{\"@type\":\"WebPage\",\"@id\":\"https:\\\/\\\/lospoliticosveracruz.com\\\/?p=170130\",\"url\":\"https:\\\/\\\/lospoliticosveracruz.com\\\/?p=170130\",\"name\":\"DUARTE DIRIGE LA PORRA DE NAHLE - Los pol\u00edticos Veracruz\",\"isPartOf\":{\"@id\":\"https:\\\/\\\/lospoliticosveracruz.com\\\/#website\"},\"primaryImageOfPage\":{\"@id\":\"https:\\\/\\\/lospoliticosveracruz.com\\\/?p=170130#primaryimage\"},\"image\":{\"@id\":\"https:\\\/\\\/lospoliticosveracruz.com\\\/?p=170130#primaryimage\"},\"thumbnailUrl\":\"https:\\\/\\\/lospoliticosveracruz.com\\\/wp-content\\\/uploads\\\/2025\\\/04\\\/Inocencio-Yanez-Vicencio.jpg\",\"datePublished\":\"2026-04-29T16:12:52+00:00\",\"dateModified\":\"2026-04-29T16:12:53+00:00\",\"breadcrumb\":{\"@id\":\"https:\\\/\\\/lospoliticosveracruz.com\\\/?p=170130#breadcrumb\"},\"inLanguage\":\"es\",\"potentialAction\":[{\"@type\":\"ReadAction\",\"target\":[\"https:\\\/\\\/lospoliticosveracruz.com\\\/?p=170130\"]}]},{\"@type\":\"ImageObject\",\"inLanguage\":\"es\",\"@id\":\"https:\\\/\\\/lospoliticosveracruz.com\\\/?p=170130#primaryimage\",\"url\":\"https:\\\/\\\/lospoliticosveracruz.com\\\/wp-content\\\/uploads\\\/2025\\\/04\\\/Inocencio-Yanez-Vicencio.jpg\",\"contentUrl\":\"https:\\\/\\\/lospoliticosveracruz.com\\\/wp-content\\\/uploads\\\/2025\\\/04\\\/Inocencio-Yanez-Vicencio.jpg\",\"width\":1250,\"height\":667},{\"@type\":\"BreadcrumbList\",\"@id\":\"https:\\\/\\\/lospoliticosveracruz.com\\\/?p=170130#breadcrumb\",\"itemListElement\":[{\"@type\":\"ListItem\",\"position\":1,\"name\":\"Portada\",\"item\":\"https:\\\/\\\/lospoliticosveracruz.com\\\/\"},{\"@type\":\"ListItem\",\"position\":2,\"name\":\"DUARTE DIRIGE LA PORRA DE NAHLE\"}]},{\"@type\":\"WebSite\",\"@id\":\"https:\\\/\\\/lospoliticosveracruz.com\\\/#website\",\"url\":\"https:\\\/\\\/lospoliticosveracruz.com\\\/\",\"name\":\"Los pol\u00edticos Veracruz\",\"description\":\"\",\"publisher\":{\"@id\":\"https:\\\/\\\/lospoliticosveracruz.com\\\/#organization\"},\"potentialAction\":[{\"@type\":\"SearchAction\",\"target\":{\"@type\":\"EntryPoint\",\"urlTemplate\":\"https:\\\/\\\/lospoliticosveracruz.com\\\/?s={search_term_string}\"},\"query-input\":{\"@type\":\"PropertyValueSpecification\",\"valueRequired\":true,\"valueName\":\"search_term_string\"}}],\"inLanguage\":\"es\"},{\"@type\":\"Organization\",\"@id\":\"https:\\\/\\\/lospoliticosveracruz.com\\\/#organization\",\"name\":\"Los pol\u00edticos Veracruz\",\"url\":\"https:\\\/\\\/lospoliticosveracruz.com\\\/\",\"logo\":{\"@type\":\"ImageObject\",\"inLanguage\":\"es\",\"@id\":\"https:\\\/\\\/lospoliticosveracruz.com\\\/#\\\/schema\\\/logo\\\/image\\\/\",\"url\":\"https:\\\/\\\/lospoliticosveracruz.com\\\/wp-content\\\/uploads\\\/2025\\\/12\\\/Logo-Nuevo-LOS-POLITICOS-1.jpg\",\"contentUrl\":\"https:\\\/\\\/lospoliticosveracruz.com\\\/wp-content\\\/uploads\\\/2025\\\/12\\\/Logo-Nuevo-LOS-POLITICOS-1.jpg\",\"width\":260,\"height\":70,\"caption\":\"Los pol\u00edticos Veracruz\"},\"image\":{\"@id\":\"https:\\\/\\\/lospoliticosveracruz.com\\\/#\\\/schema\\\/logo\\\/image\\\/\"},\"sameAs\":[\"https:\\\/\\\/www.facebook.com\\\/people\\\/Notimemes-de-los-Polticos\\\/61565672886568\\\/\",\"https:\\\/\\\/x.com\\\/LosPoliticosVer\"]},{\"@type\":\"Person\",\"@id\":\"https:\\\/\\\/lospoliticosveracruz.com\\\/#\\\/schema\\\/person\\\/b8702bb0e538456e6efd07080bf2a4a2\",\"name\":\"Lo viste en Los Pol\u00edticos\",\"image\":{\"@type\":\"ImageObject\",\"inLanguage\":\"es\",\"@id\":\"https:\\\/\\\/secure.gravatar.com\\\/avatar\\\/3a8de04a2656d44082be478bd6c086daa447c4651605818287b9532d3d0bd435?s=96&d=mm&r=g\",\"url\":\"https:\\\/\\\/secure.gravatar.com\\\/avatar\\\/3a8de04a2656d44082be478bd6c086daa447c4651605818287b9532d3d0bd435?s=96&d=mm&r=g\",\"contentUrl\":\"https:\\\/\\\/secure.gravatar.com\\\/avatar\\\/3a8de04a2656d44082be478bd6c086daa447c4651605818287b9532d3d0bd435?s=96&d=mm&r=g\",\"caption\":\"Lo viste en Los Pol\u00edticos\"},\"url\":\"https:\\\/\\\/lospoliticosveracruz.com\\\/?author=2\"}]}<\/script>\n<!-- \/ Yoast SEO plugin. -->","yoast_head_json":{"title":"DUARTE DIRIGE LA PORRA DE NAHLE - Los pol\u00edticos Veracruz","robots":{"index":"index","follow":"follow","max-snippet":"max-snippet:-1","max-image-preview":"max-image-preview:large","max-video-preview":"max-video-preview:-1"},"canonical":"https:\/\/lospoliticosveracruz.com\/?p=170130","og_locale":"es_ES","og_type":"article","og_title":"DUARTE DIRIGE LA PORRA DE NAHLE - Los pol\u00edticos Veracruz","og_description":"Inocencio Ya\u00f1ez Vicencio Siempre he dicho que Roc\u00edo Nahle, no tiene nada que nos indique que no ser\u00e1 peor que Cuitlahuac Garc\u00eda. No s\u00f3lo era un hecho desde antes que iniciara su administraci\u00f3n sino que nadie puede negar que tan s\u00f3lo en estos primeros meses ya super\u00f3 el tr\u00e1gico gobierno de su predecesor. Mi predicci\u00f3n [&hellip;]","og_url":"https:\/\/lospoliticosveracruz.com\/?p=170130","og_site_name":"Los pol\u00edticos Veracruz","article_publisher":"https:\/\/www.facebook.com\/people\/Notimemes-de-los-Polticos\/61565672886568\/","article_published_time":"2026-04-29T16:12:52+00:00","article_modified_time":"2026-04-29T16:12:53+00:00","og_image":[{"width":1250,"height":667,"url":"https:\/\/lospoliticosveracruz.com\/wp-content\/uploads\/2025\/04\/Inocencio-Yanez-Vicencio.jpg","type":"image\/jpeg"}],"author":"Lo viste en Los Pol\u00edticos","twitter_card":"summary_large_image","twitter_creator":"@LosPoliticosVer","twitter_site":"@LosPoliticosVer","twitter_misc":{"Escrito por":"Lo viste en Los Pol\u00edticos","Tiempo de lectura":"4 minutos"},"schema":{"@context":"https:\/\/schema.org","@graph":[{"@type":"Article","@id":"https:\/\/lospoliticosveracruz.com\/?p=170130#article","isPartOf":{"@id":"https:\/\/lospoliticosveracruz.com\/?p=170130"},"author":{"name":"Lo viste en Los Pol\u00edticos","@id":"https:\/\/lospoliticosveracruz.com\/#\/schema\/person\/b8702bb0e538456e6efd07080bf2a4a2"},"headline":"DUARTE DIRIGE LA PORRA DE NAHLE","datePublished":"2026-04-29T16:12:52+00:00","dateModified":"2026-04-29T16:12:53+00:00","mainEntityOfPage":{"@id":"https:\/\/lospoliticosveracruz.com\/?p=170130"},"wordCount":678,"publisher":{"@id":"https:\/\/lospoliticosveracruz.com\/#organization"},"image":{"@id":"https:\/\/lospoliticosveracruz.com\/?p=170130#primaryimage"},"thumbnailUrl":"https:\/\/lospoliticosveracruz.com\/wp-content\/uploads\/2025\/04\/Inocencio-Yanez-Vicencio.jpg","keywords":["Atanasio Garc\u00eda","gobierno de Veracruz","Inocencio Ya\u00f1ez Vicencio","Javier Duarte","Morena Veracruz","pol\u00edtica en Veracruz","Roc\u00edo Nahle"],"articleSection":["De Opini\u00f3n"],"inLanguage":"es"},{"@type":"WebPage","@id":"https:\/\/lospoliticosveracruz.com\/?p=170130","url":"https:\/\/lospoliticosveracruz.com\/?p=170130","name":"DUARTE DIRIGE LA PORRA DE NAHLE - Los pol\u00edticos Veracruz","isPartOf":{"@id":"https:\/\/lospoliticosveracruz.com\/#website"},"primaryImageOfPage":{"@id":"https:\/\/lospoliticosveracruz.com\/?p=170130#primaryimage"},"image":{"@id":"https:\/\/lospoliticosveracruz.com\/?p=170130#primaryimage"},"thumbnailUrl":"https:\/\/lospoliticosveracruz.com\/wp-content\/uploads\/2025\/04\/Inocencio-Yanez-Vicencio.jpg","datePublished":"2026-04-29T16:12:52+00:00","dateModified":"2026-04-29T16:12:53+00:00","breadcrumb":{"@id":"https:\/\/lospoliticosveracruz.com\/?p=170130#breadcrumb"},"inLanguage":"es","potentialAction":[{"@type":"ReadAction","target":["https:\/\/lospoliticosveracruz.com\/?p=170130"]}]},{"@type":"ImageObject","inLanguage":"es","@id":"https:\/\/lospoliticosveracruz.com\/?p=170130#primaryimage","url":"https:\/\/lospoliticosveracruz.com\/wp-content\/uploads\/2025\/04\/Inocencio-Yanez-Vicencio.jpg","contentUrl":"https:\/\/lospoliticosveracruz.com\/wp-content\/uploads\/2025\/04\/Inocencio-Yanez-Vicencio.jpg","width":1250,"height":667},{"@type":"BreadcrumbList","@id":"https:\/\/lospoliticosveracruz.com\/?p=170130#breadcrumb","itemListElement":[{"@type":"ListItem","position":1,"name":"Portada","item":"https:\/\/lospoliticosveracruz.com\/"},{"@type":"ListItem","position":2,"name":"DUARTE DIRIGE LA PORRA DE NAHLE"}]},{"@type":"WebSite","@id":"https:\/\/lospoliticosveracruz.com\/#website","url":"https:\/\/lospoliticosveracruz.com\/","name":"Los pol\u00edticos Veracruz","description":"","publisher":{"@id":"https:\/\/lospoliticosveracruz.com\/#organization"},"potentialAction":[{"@type":"SearchAction","target":{"@type":"EntryPoint","urlTemplate":"https:\/\/lospoliticosveracruz.com\/?s={search_term_string}"},"query-input":{"@type":"PropertyValueSpecification","valueRequired":true,"valueName":"search_term_string"}}],"inLanguage":"es"},{"@type":"Organization","@id":"https:\/\/lospoliticosveracruz.com\/#organization","name":"Los pol\u00edticos Veracruz","url":"https:\/\/lospoliticosveracruz.com\/","logo":{"@type":"ImageObject","inLanguage":"es","@id":"https:\/\/lospoliticosveracruz.com\/#\/schema\/logo\/image\/","url":"https:\/\/lospoliticosveracruz.com\/wp-content\/uploads\/2025\/12\/Logo-Nuevo-LOS-POLITICOS-1.jpg","contentUrl":"https:\/\/lospoliticosveracruz.com\/wp-content\/uploads\/2025\/12\/Logo-Nuevo-LOS-POLITICOS-1.jpg","width":260,"height":70,"caption":"Los pol\u00edticos Veracruz"},"image":{"@id":"https:\/\/lospoliticosveracruz.com\/#\/schema\/logo\/image\/"},"sameAs":["https:\/\/www.facebook.com\/people\/Notimemes-de-los-Polticos\/61565672886568\/","https:\/\/x.com\/LosPoliticosVer"]},{"@type":"Person","@id":"https:\/\/lospoliticosveracruz.com\/#\/schema\/person\/b8702bb0e538456e6efd07080bf2a4a2","name":"Lo viste en Los Pol\u00edticos","image":{"@type":"ImageObject","inLanguage":"es","@id":"https:\/\/secure.gravatar.com\/avatar\/3a8de04a2656d44082be478bd6c086daa447c4651605818287b9532d3d0bd435?s=96&d=mm&r=g","url":"https:\/\/secure.gravatar.com\/avatar\/3a8de04a2656d44082be478bd6c086daa447c4651605818287b9532d3d0bd435?s=96&d=mm&r=g","contentUrl":"https:\/\/secure.gravatar.com\/avatar\/3a8de04a2656d44082be478bd6c086daa447c4651605818287b9532d3d0bd435?s=96&d=mm&r=g","caption":"Lo viste en Los Pol\u00edticos"},"url":"https:\/\/lospoliticosveracruz.com\/?author=2"}]}},"_links":{"self":[{"href":"https:\/\/lospoliticosveracruz.com\/index.php?rest_route=\/wp\/v2\/posts\/170130","targetHints":{"allow":["GET"]}}],"collection":[{"href":"https:\/\/lospoliticosveracruz.com\/index.php?rest_route=\/wp\/v2\/posts"}],"about":[{"href":"https:\/\/lospoliticosveracruz.com\/index.php?rest_route=\/wp\/v2\/types\/post"}],"author":[{"embeddable":true,"href":"https:\/\/lospoliticosveracruz.com\/index.php?rest_route=\/wp\/v2\/users\/2"}],"replies":[{"embeddable":true,"href":"https:\/\/lospoliticosveracruz.com\/index.php?rest_route=%2Fwp%2Fv2%2Fcomments&post=170130"}],"version-history":[{"count":1,"href":"https:\/\/lospoliticosveracruz.com\/index.php?rest_route=\/wp\/v2\/posts\/170130\/revisions"}],"predecessor-version":[{"id":170131,"href":"https:\/\/lospoliticosveracruz.com\/index.php?rest_route=\/wp\/v2\/posts\/170130\/revisions\/170131"}],"wp:featuredmedia":[{"embeddable":true,"href":"https:\/\/lospoliticosveracruz.com\/index.php?rest_route=\/wp\/v2\/media\/141387"}],"wp:attachment":[{"href":"https:\/\/lospoliticosveracruz.com\/index.php?rest_route=%2Fwp%2Fv2%2Fmedia&parent=170130"}],"wp:term":[{"taxonomy":"category","embeddable":true,"href":"https:\/\/lospoliticosveracruz.com\/index.php?rest_route=%2Fwp%2Fv2%2Fcategories&post=170130"},{"taxonomy":"post_tag","embeddable":true,"href":"https:\/\/lospoliticosveracruz.com\/index.php?rest_route=%2Fwp%2Fv2%2Ftags&post=170130"}],"curies":[{"name":"wp","href":"https:\/\/api.w.org\/{rel}","templated":true}]}}