{"id":170134,"date":"2026-04-29T11:02:46","date_gmt":"2026-04-29T17:02:46","guid":{"rendered":"https:\/\/lospoliticosveracruz.com\/?p=170134"},"modified":"2026-04-29T11:02:47","modified_gmt":"2026-04-29T17:02:47","slug":"desfile-con-un-chorro-y-largo","status":"publish","type":"post","link":"https:\/\/lospoliticosveracruz.com\/?p=170134","title":{"rendered":"DESFILE, CON UN CHORRO Y LARGO!"},"content":{"rendered":"\n<p><\/p>\n\n\n\n<p><strong>Angeles Gonz\u00e1lez Ceballos<\/strong><\/p>\n\n\n\n<p>Este 1 de mayo D\u00eda del Trabajo, en la capital veracruzana desfilar\u00e1n entre 60 y 70 mil trabajadores agremiados a distintas organizaciones sindicales, por lo que estiman que la parada c\u00edvica podr\u00eda durar de 7 a 8 horas.<\/p>\n\n\n\n<p>En conferencia de prensa, los integrantes del comit\u00e9 organizador, definieron que la salutaci\u00f3n con la gobernadora Roc\u00edo Nahle Garc\u00eda ser\u00e1 a las 8 de la ma\u00f1ana para arrancar el desfile a las 9:00 horas.<\/p>\n\n\n\n<p>El desfile abrir\u00e1 con el contingente de la CROC con m\u00e1s de 14 mil integrantes, despu\u00e9s la CTM que prev\u00e9 llevar unos 7 mil agremiados, posteriormente el contingente de la FAOCV con m\u00e1s de 8 mil sindicalizados, pero tan s\u00f3lo de esas tres organizaciones, la estimaci\u00f3n es de dos horas y media a tres.<\/p>\n\n\n\n<p>El siguiente grupo ser\u00e1 el del MOPI y el del VIVE con un contingente de 400 personas aproximadamente, despu\u00e9s el FESAPAUV con m\u00e1s de 3 mil 300 integrantes, por lo que ah\u00ed se podr\u00edan llevar una hora en pasar frente a palacio de Gobierno, posteriormente, la Secci\u00f3n 32 del SNTE con m\u00e1s de 10 mil integrantes, tras ellos la Secci\u00f3n 56 del SNTE con m\u00e1s de 6 mil 500 miembros.<\/p>\n\n\n\n<p>Francisco Morales Sarmiento, l\u00edder de la Federaci\u00f3n Aut\u00f3noma de Obreros y Campesinos del Estado de Veracruz (FAOCV), expuso que durante las reuniones previas con las autoridades estatales lograron avanzar en algunas demandas de la clase trabajadora, pero reconoci\u00f3 que todav\u00eda hay situaciones que siguen pendientes.<\/p>\n\n\n\n<p>\u00a8Hay algunos que no fueron totalmente solventados y seguramente tendr\u00e1n la oportunidad en el desfile de manifestarlo, eso es algo normal, donde m\u00e1s tenemos pendientes es en los sindicatos de la Secretar\u00eda de Salud y otros del magisterio, pero son cosas normales\u00a8, opin\u00f3.<\/p>\n\n\n\n<p>Por su parte, Olga Morales del Valle, secretaria general de la Federaci\u00f3n de Sindicatos de la CROC de Xalapa, consider\u00f3 que las negociaciones entre las autoridades de la Secretar\u00eda de Salud, el IMSS Bienestar y los sindicatos van bien, incluso este jueves 30 de abril continuar\u00e1n las negociaciones.<\/p>\n\n\n\n<p>\u00a8El 1 de mayo que quede bien claro, es un desfile del sector obrero, es un desfile en donde todos tenemos derecho a manifestarnos para bien o para mal, no todos estamos bien, pero tampoco estamos mal. El desfile del 1 de mayo es del sector obrero, no est\u00e1 coartado el derecho de manifestarnos, algunos vamos a manifestarnos para agradecer, otros para estar en contra\u00a8, defini\u00f3.<\/p>\n\n\n\n<p>La lideresa sindical dijo que hasta el momento no tiene informaci\u00f3n de que los sindicatos de la Secretar\u00eda de Salud vayan a protestar en contra de la administraci\u00f3n estatal.<\/p>\n","protected":false},"excerpt":{"rendered":"<p>Angeles Gonz\u00e1lez Ceballos Este 1 de mayo D\u00eda del Trabajo, en la capital veracruzana desfilar\u00e1n entre 60 y 70 mil trabajadores agremiados a distintas organizaciones sindicales, por lo que estiman que la parada c\u00edvica podr\u00eda durar de 7 a 8 horas. En conferencia de prensa, los integrantes del comit\u00e9 organizador, definieron que la salutaci\u00f3n con [&hellip;]<\/p>\n","protected":false},"author":2,"featured_media":170135,"comment_status":"closed","ping_status":"closed","sticky":false,"template":"","format":"standard","meta":{"tdm_status":"","tdm_grid_status":"","footnotes":""},"categories":[6446],"tags":[62721,62723,62719,62720,62724,4386,62722],"class_list":{"0":"post-170134","1":"post","2":"type-post","3":"status-publish","4":"format-standard","5":"has-post-thumbnail","7":"category-la-nota","8":"tag-angeles-gonzalez-ceballos-2","9":"tag-croc-ctm-snte","10":"tag-desfile-1-de-mayo-xalapa","11":"tag-dia-del-trabajo-veracruz","12":"tag-movilizacion-obrera","13":"tag-rocio-nahle-garcia","14":"tag-sindicatos-xalapa"},"yoast_head":"<!-- This site is optimized with the Yoast SEO plugin v27.4 - https:\/\/yoast.com\/product\/yoast-seo-wordpress\/ -->\n<title>DESFILE, CON UN CHORRO Y LARGO! - Los pol\u00edticos Veracruz<\/title>\n<meta name=\"robots\" content=\"index, follow, max-snippet:-1, max-image-preview:large, max-video-preview:-1\" \/>\n<link rel=\"canonical\" href=\"https:\/\/lospoliticosveracruz.com\/?p=170134\" \/>\n<meta property=\"og:locale\" content=\"es_ES\" \/>\n<meta property=\"og:type\" content=\"article\" \/>\n<meta property=\"og:title\" content=\"DESFILE, CON UN CHORRO Y LARGO! - Los pol\u00edticos Veracruz\" \/>\n<meta property=\"og:description\" content=\"Angeles Gonz\u00e1lez Ceballos Este 1 de mayo D\u00eda del Trabajo, en la capital veracruzana desfilar\u00e1n entre 60 y 70 mil trabajadores agremiados a distintas organizaciones sindicales, por lo que estiman que la parada c\u00edvica podr\u00eda durar de 7 a 8 horas. En conferencia de prensa, los integrantes del comit\u00e9 organizador, definieron que la salutaci\u00f3n con [&hellip;]\" \/>\n<meta property=\"og:url\" content=\"https:\/\/lospoliticosveracruz.com\/?p=170134\" \/>\n<meta property=\"og:site_name\" content=\"Los pol\u00edticos Veracruz\" \/>\n<meta property=\"article:publisher\" content=\"https:\/\/www.facebook.com\/people\/Notimemes-de-los-Polticos\/61565672886568\/\" \/>\n<meta property=\"article:published_time\" content=\"2026-04-29T17:02:46+00:00\" \/>\n<meta property=\"article:modified_time\" content=\"2026-04-29T17:02:47+00:00\" \/>\n<meta property=\"og:image\" content=\"https:\/\/lospoliticosveracruz.com\/wp-content\/uploads\/2026\/04\/organizaciones-sindicales.jpg\" \/>\n\t<meta property=\"og:image:width\" content=\"600\" \/>\n\t<meta property=\"og:image:height\" content=\"320\" \/>\n\t<meta property=\"og:image:type\" content=\"image\/jpeg\" \/>\n<meta name=\"author\" content=\"Lo viste en Los Pol\u00edticos\" \/>\n<meta name=\"twitter:card\" content=\"summary_large_image\" \/>\n<meta name=\"twitter:creator\" content=\"@LosPoliticosVer\" \/>\n<meta name=\"twitter:site\" content=\"@LosPoliticosVer\" \/>\n<meta name=\"twitter:label1\" content=\"Escrito por\" \/>\n\t<meta name=\"twitter:data1\" content=\"Lo viste en Los Pol\u00edticos\" \/>\n\t<meta name=\"twitter:label2\" content=\"Tiempo de lectura\" \/>\n\t<meta name=\"twitter:data2\" content=\"3 minutos\" \/>\n<script type=\"application\/ld+json\" class=\"yoast-schema-graph\">{\"@context\":\"https:\\\/\\\/schema.org\",\"@graph\":[{\"@type\":\"Article\",\"@id\":\"https:\\\/\\\/lospoliticosveracruz.com\\\/?p=170134#article\",\"isPartOf\":{\"@id\":\"https:\\\/\\\/lospoliticosveracruz.com\\\/?p=170134\"},\"author\":{\"name\":\"Lo viste en Los Pol\u00edticos\",\"@id\":\"https:\\\/\\\/lospoliticosveracruz.com\\\/#\\\/schema\\\/person\\\/b8702bb0e538456e6efd07080bf2a4a2\"},\"headline\":\"DESFILE, CON UN CHORRO Y LARGO!\",\"datePublished\":\"2026-04-29T17:02:46+00:00\",\"dateModified\":\"2026-04-29T17:02:47+00:00\",\"mainEntityOfPage\":{\"@id\":\"https:\\\/\\\/lospoliticosveracruz.com\\\/?p=170134\"},\"wordCount\":449,\"publisher\":{\"@id\":\"https:\\\/\\\/lospoliticosveracruz.com\\\/#organization\"},\"image\":{\"@id\":\"https:\\\/\\\/lospoliticosveracruz.com\\\/?p=170134#primaryimage\"},\"thumbnailUrl\":\"https:\\\/\\\/lospoliticosveracruz.com\\\/wp-content\\\/uploads\\\/2026\\\/04\\\/organizaciones-sindicales.jpg\",\"keywords\":[\"Angeles Gonz\u00e1lez Ceballos\",\"CROC CTM SNTE\",\"Desfile 1 de mayo Xalapa\",\"D\u00eda del Trabajo Veracruz\",\"movilizaci\u00f3n obrera\",\"Roc\u00edo Nahle Garc\u00eda\",\"sindicatos Xalapa\"],\"articleSection\":[\"La Nota\"],\"inLanguage\":\"es\"},{\"@type\":\"WebPage\",\"@id\":\"https:\\\/\\\/lospoliticosveracruz.com\\\/?p=170134\",\"url\":\"https:\\\/\\\/lospoliticosveracruz.com\\\/?p=170134\",\"name\":\"DESFILE, CON UN CHORRO Y LARGO! - Los pol\u00edticos Veracruz\",\"isPartOf\":{\"@id\":\"https:\\\/\\\/lospoliticosveracruz.com\\\/#website\"},\"primaryImageOfPage\":{\"@id\":\"https:\\\/\\\/lospoliticosveracruz.com\\\/?p=170134#primaryimage\"},\"image\":{\"@id\":\"https:\\\/\\\/lospoliticosveracruz.com\\\/?p=170134#primaryimage\"},\"thumbnailUrl\":\"https:\\\/\\\/lospoliticosveracruz.com\\\/wp-content\\\/uploads\\\/2026\\\/04\\\/organizaciones-sindicales.jpg\",\"datePublished\":\"2026-04-29T17:02:46+00:00\",\"dateModified\":\"2026-04-29T17:02:47+00:00\",\"breadcrumb\":{\"@id\":\"https:\\\/\\\/lospoliticosveracruz.com\\\/?p=170134#breadcrumb\"},\"inLanguage\":\"es\",\"potentialAction\":[{\"@type\":\"ReadAction\",\"target\":[\"https:\\\/\\\/lospoliticosveracruz.com\\\/?p=170134\"]}]},{\"@type\":\"ImageObject\",\"inLanguage\":\"es\",\"@id\":\"https:\\\/\\\/lospoliticosveracruz.com\\\/?p=170134#primaryimage\",\"url\":\"https:\\\/\\\/lospoliticosveracruz.com\\\/wp-content\\\/uploads\\\/2026\\\/04\\\/organizaciones-sindicales.jpg\",\"contentUrl\":\"https:\\\/\\\/lospoliticosveracruz.com\\\/wp-content\\\/uploads\\\/2026\\\/04\\\/organizaciones-sindicales.jpg\",\"width\":600,\"height\":320},{\"@type\":\"BreadcrumbList\",\"@id\":\"https:\\\/\\\/lospoliticosveracruz.com\\\/?p=170134#breadcrumb\",\"itemListElement\":[{\"@type\":\"ListItem\",\"position\":1,\"name\":\"Portada\",\"item\":\"https:\\\/\\\/lospoliticosveracruz.com\\\/\"},{\"@type\":\"ListItem\",\"position\":2,\"name\":\"DESFILE, CON UN CHORRO Y LARGO!\"}]},{\"@type\":\"WebSite\",\"@id\":\"https:\\\/\\\/lospoliticosveracruz.com\\\/#website\",\"url\":\"https:\\\/\\\/lospoliticosveracruz.com\\\/\",\"name\":\"Los pol\u00edticos Veracruz\",\"description\":\"\",\"publisher\":{\"@id\":\"https:\\\/\\\/lospoliticosveracruz.com\\\/#organization\"},\"potentialAction\":[{\"@type\":\"SearchAction\",\"target\":{\"@type\":\"EntryPoint\",\"urlTemplate\":\"https:\\\/\\\/lospoliticosveracruz.com\\\/?s={search_term_string}\"},\"query-input\":{\"@type\":\"PropertyValueSpecification\",\"valueRequired\":true,\"valueName\":\"search_term_string\"}}],\"inLanguage\":\"es\"},{\"@type\":\"Organization\",\"@id\":\"https:\\\/\\\/lospoliticosveracruz.com\\\/#organization\",\"name\":\"Los pol\u00edticos Veracruz\",\"url\":\"https:\\\/\\\/lospoliticosveracruz.com\\\/\",\"logo\":{\"@type\":\"ImageObject\",\"inLanguage\":\"es\",\"@id\":\"https:\\\/\\\/lospoliticosveracruz.com\\\/#\\\/schema\\\/logo\\\/image\\\/\",\"url\":\"https:\\\/\\\/lospoliticosveracruz.com\\\/wp-content\\\/uploads\\\/2025\\\/12\\\/Logo-Nuevo-LOS-POLITICOS-1.jpg\",\"contentUrl\":\"https:\\\/\\\/lospoliticosveracruz.com\\\/wp-content\\\/uploads\\\/2025\\\/12\\\/Logo-Nuevo-LOS-POLITICOS-1.jpg\",\"width\":260,\"height\":70,\"caption\":\"Los pol\u00edticos Veracruz\"},\"image\":{\"@id\":\"https:\\\/\\\/lospoliticosveracruz.com\\\/#\\\/schema\\\/logo\\\/image\\\/\"},\"sameAs\":[\"https:\\\/\\\/www.facebook.com\\\/people\\\/Notimemes-de-los-Polticos\\\/61565672886568\\\/\",\"https:\\\/\\\/x.com\\\/LosPoliticosVer\"]},{\"@type\":\"Person\",\"@id\":\"https:\\\/\\\/lospoliticosveracruz.com\\\/#\\\/schema\\\/person\\\/b8702bb0e538456e6efd07080bf2a4a2\",\"name\":\"Lo viste en Los Pol\u00edticos\",\"image\":{\"@type\":\"ImageObject\",\"inLanguage\":\"es\",\"@id\":\"https:\\\/\\\/secure.gravatar.com\\\/avatar\\\/3a8de04a2656d44082be478bd6c086daa447c4651605818287b9532d3d0bd435?s=96&d=mm&r=g\",\"url\":\"https:\\\/\\\/secure.gravatar.com\\\/avatar\\\/3a8de04a2656d44082be478bd6c086daa447c4651605818287b9532d3d0bd435?s=96&d=mm&r=g\",\"contentUrl\":\"https:\\\/\\\/secure.gravatar.com\\\/avatar\\\/3a8de04a2656d44082be478bd6c086daa447c4651605818287b9532d3d0bd435?s=96&d=mm&r=g\",\"caption\":\"Lo viste en Los Pol\u00edticos\"},\"url\":\"https:\\\/\\\/lospoliticosveracruz.com\\\/?author=2\"}]}<\/script>\n<!-- \/ Yoast SEO plugin. -->","yoast_head_json":{"title":"DESFILE, CON UN CHORRO Y LARGO! - Los pol\u00edticos Veracruz","robots":{"index":"index","follow":"follow","max-snippet":"max-snippet:-1","max-image-preview":"max-image-preview:large","max-video-preview":"max-video-preview:-1"},"canonical":"https:\/\/lospoliticosveracruz.com\/?p=170134","og_locale":"es_ES","og_type":"article","og_title":"DESFILE, CON UN CHORRO Y LARGO! - Los pol\u00edticos Veracruz","og_description":"Angeles Gonz\u00e1lez Ceballos Este 1 de mayo D\u00eda del Trabajo, en la capital veracruzana desfilar\u00e1n entre 60 y 70 mil trabajadores agremiados a distintas organizaciones sindicales, por lo que estiman que la parada c\u00edvica podr\u00eda durar de 7 a 8 horas. En conferencia de prensa, los integrantes del comit\u00e9 organizador, definieron que la salutaci\u00f3n con [&hellip;]","og_url":"https:\/\/lospoliticosveracruz.com\/?p=170134","og_site_name":"Los pol\u00edticos Veracruz","article_publisher":"https:\/\/www.facebook.com\/people\/Notimemes-de-los-Polticos\/61565672886568\/","article_published_time":"2026-04-29T17:02:46+00:00","article_modified_time":"2026-04-29T17:02:47+00:00","og_image":[{"width":600,"height":320,"url":"https:\/\/lospoliticosveracruz.com\/wp-content\/uploads\/2026\/04\/organizaciones-sindicales.jpg","type":"image\/jpeg"}],"author":"Lo viste en Los Pol\u00edticos","twitter_card":"summary_large_image","twitter_creator":"@LosPoliticosVer","twitter_site":"@LosPoliticosVer","twitter_misc":{"Escrito por":"Lo viste en Los Pol\u00edticos","Tiempo de lectura":"3 minutos"},"schema":{"@context":"https:\/\/schema.org","@graph":[{"@type":"Article","@id":"https:\/\/lospoliticosveracruz.com\/?p=170134#article","isPartOf":{"@id":"https:\/\/lospoliticosveracruz.com\/?p=170134"},"author":{"name":"Lo viste en Los Pol\u00edticos","@id":"https:\/\/lospoliticosveracruz.com\/#\/schema\/person\/b8702bb0e538456e6efd07080bf2a4a2"},"headline":"DESFILE, CON UN CHORRO Y LARGO!","datePublished":"2026-04-29T17:02:46+00:00","dateModified":"2026-04-29T17:02:47+00:00","mainEntityOfPage":{"@id":"https:\/\/lospoliticosveracruz.com\/?p=170134"},"wordCount":449,"publisher":{"@id":"https:\/\/lospoliticosveracruz.com\/#organization"},"image":{"@id":"https:\/\/lospoliticosveracruz.com\/?p=170134#primaryimage"},"thumbnailUrl":"https:\/\/lospoliticosveracruz.com\/wp-content\/uploads\/2026\/04\/organizaciones-sindicales.jpg","keywords":["Angeles Gonz\u00e1lez Ceballos","CROC CTM SNTE","Desfile 1 de mayo Xalapa","D\u00eda del Trabajo Veracruz","movilizaci\u00f3n obrera","Roc\u00edo Nahle Garc\u00eda","sindicatos Xalapa"],"articleSection":["La Nota"],"inLanguage":"es"},{"@type":"WebPage","@id":"https:\/\/lospoliticosveracruz.com\/?p=170134","url":"https:\/\/lospoliticosveracruz.com\/?p=170134","name":"DESFILE, CON UN CHORRO Y LARGO! - Los pol\u00edticos Veracruz","isPartOf":{"@id":"https:\/\/lospoliticosveracruz.com\/#website"},"primaryImageOfPage":{"@id":"https:\/\/lospoliticosveracruz.com\/?p=170134#primaryimage"},"image":{"@id":"https:\/\/lospoliticosveracruz.com\/?p=170134#primaryimage"},"thumbnailUrl":"https:\/\/lospoliticosveracruz.com\/wp-content\/uploads\/2026\/04\/organizaciones-sindicales.jpg","datePublished":"2026-04-29T17:02:46+00:00","dateModified":"2026-04-29T17:02:47+00:00","breadcrumb":{"@id":"https:\/\/lospoliticosveracruz.com\/?p=170134#breadcrumb"},"inLanguage":"es","potentialAction":[{"@type":"ReadAction","target":["https:\/\/lospoliticosveracruz.com\/?p=170134"]}]},{"@type":"ImageObject","inLanguage":"es","@id":"https:\/\/lospoliticosveracruz.com\/?p=170134#primaryimage","url":"https:\/\/lospoliticosveracruz.com\/wp-content\/uploads\/2026\/04\/organizaciones-sindicales.jpg","contentUrl":"https:\/\/lospoliticosveracruz.com\/wp-content\/uploads\/2026\/04\/organizaciones-sindicales.jpg","width":600,"height":320},{"@type":"BreadcrumbList","@id":"https:\/\/lospoliticosveracruz.com\/?p=170134#breadcrumb","itemListElement":[{"@type":"ListItem","position":1,"name":"Portada","item":"https:\/\/lospoliticosveracruz.com\/"},{"@type":"ListItem","position":2,"name":"DESFILE, CON UN CHORRO Y LARGO!"}]},{"@type":"WebSite","@id":"https:\/\/lospoliticosveracruz.com\/#website","url":"https:\/\/lospoliticosveracruz.com\/","name":"Los pol\u00edticos Veracruz","description":"","publisher":{"@id":"https:\/\/lospoliticosveracruz.com\/#organization"},"potentialAction":[{"@type":"SearchAction","target":{"@type":"EntryPoint","urlTemplate":"https:\/\/lospoliticosveracruz.com\/?s={search_term_string}"},"query-input":{"@type":"PropertyValueSpecification","valueRequired":true,"valueName":"search_term_string"}}],"inLanguage":"es"},{"@type":"Organization","@id":"https:\/\/lospoliticosveracruz.com\/#organization","name":"Los pol\u00edticos Veracruz","url":"https:\/\/lospoliticosveracruz.com\/","logo":{"@type":"ImageObject","inLanguage":"es","@id":"https:\/\/lospoliticosveracruz.com\/#\/schema\/logo\/image\/","url":"https:\/\/lospoliticosveracruz.com\/wp-content\/uploads\/2025\/12\/Logo-Nuevo-LOS-POLITICOS-1.jpg","contentUrl":"https:\/\/lospoliticosveracruz.com\/wp-content\/uploads\/2025\/12\/Logo-Nuevo-LOS-POLITICOS-1.jpg","width":260,"height":70,"caption":"Los pol\u00edticos Veracruz"},"image":{"@id":"https:\/\/lospoliticosveracruz.com\/#\/schema\/logo\/image\/"},"sameAs":["https:\/\/www.facebook.com\/people\/Notimemes-de-los-Polticos\/61565672886568\/","https:\/\/x.com\/LosPoliticosVer"]},{"@type":"Person","@id":"https:\/\/lospoliticosveracruz.com\/#\/schema\/person\/b8702bb0e538456e6efd07080bf2a4a2","name":"Lo viste en Los Pol\u00edticos","image":{"@type":"ImageObject","inLanguage":"es","@id":"https:\/\/secure.gravatar.com\/avatar\/3a8de04a2656d44082be478bd6c086daa447c4651605818287b9532d3d0bd435?s=96&d=mm&r=g","url":"https:\/\/secure.gravatar.com\/avatar\/3a8de04a2656d44082be478bd6c086daa447c4651605818287b9532d3d0bd435?s=96&d=mm&r=g","contentUrl":"https:\/\/secure.gravatar.com\/avatar\/3a8de04a2656d44082be478bd6c086daa447c4651605818287b9532d3d0bd435?s=96&d=mm&r=g","caption":"Lo viste en Los Pol\u00edticos"},"url":"https:\/\/lospoliticosveracruz.com\/?author=2"}]}},"_links":{"self":[{"href":"https:\/\/lospoliticosveracruz.com\/index.php?rest_route=\/wp\/v2\/posts\/170134","targetHints":{"allow":["GET"]}}],"collection":[{"href":"https:\/\/lospoliticosveracruz.com\/index.php?rest_route=\/wp\/v2\/posts"}],"about":[{"href":"https:\/\/lospoliticosveracruz.com\/index.php?rest_route=\/wp\/v2\/types\/post"}],"author":[{"embeddable":true,"href":"https:\/\/lospoliticosveracruz.com\/index.php?rest_route=\/wp\/v2\/users\/2"}],"replies":[{"embeddable":true,"href":"https:\/\/lospoliticosveracruz.com\/index.php?rest_route=%2Fwp%2Fv2%2Fcomments&post=170134"}],"version-history":[{"count":1,"href":"https:\/\/lospoliticosveracruz.com\/index.php?rest_route=\/wp\/v2\/posts\/170134\/revisions"}],"predecessor-version":[{"id":170136,"href":"https:\/\/lospoliticosveracruz.com\/index.php?rest_route=\/wp\/v2\/posts\/170134\/revisions\/170136"}],"wp:featuredmedia":[{"embeddable":true,"href":"https:\/\/lospoliticosveracruz.com\/index.php?rest_route=\/wp\/v2\/media\/170135"}],"wp:attachment":[{"href":"https:\/\/lospoliticosveracruz.com\/index.php?rest_route=%2Fwp%2Fv2%2Fmedia&parent=170134"}],"wp:term":[{"taxonomy":"category","embeddable":true,"href":"https:\/\/lospoliticosveracruz.com\/index.php?rest_route=%2Fwp%2Fv2%2Fcategories&post=170134"},{"taxonomy":"post_tag","embeddable":true,"href":"https:\/\/lospoliticosveracruz.com\/index.php?rest_route=%2Fwp%2Fv2%2Ftags&post=170134"}],"curies":[{"name":"wp","href":"https:\/\/api.w.org\/{rel}","templated":true}]}}