{"id":170137,"date":"2026-04-29T11:23:39","date_gmt":"2026-04-29T17:23:39","guid":{"rendered":"https:\/\/lospoliticosveracruz.com\/?p=170137"},"modified":"2026-04-29T11:23:40","modified_gmt":"2026-04-29T17:23:40","slug":"el-pecho-de-atanasio-no-es-bodega","status":"publish","type":"post","link":"https:\/\/lospoliticosveracruz.com\/?p=170137","title":{"rendered":"EL PECHO DE ATANASIO NO ES BODEGA"},"content":{"rendered":"\n<p><\/p>\n\n\n\n<p><strong>Miguel \u00c1ngel Rueda-Ruiz<br><\/strong><em>Filias y Fobias\u2026 del Poder<\/em><\/p>\n\n\n\n<p>Pocas cosas incomodan m\u00e1s que la verdad dicha sin filtros. Y eso \u2014precisamente eso\u2014 fue lo que hizo el maestro Atanasio Garc\u00eda Dur\u00e1n. Rompi\u00f3 el pacto no escrito del silencio y dijo en voz alta lo que muchos murmuran en corto.<\/p>\n\n\n\n<p>Le puso el cascabel al gato porque su pecho no es bodega.<\/p>\n\n\n\n<p>Porque cuando se\u00f1ala que al gobierno de Roc\u00edo Nahle Garc\u00eda le falta visi\u00f3n, conocimiento del estado y hasta voluntad pol\u00edtica, no s\u00f3lo lanz\u00f3 una cr\u00edtica t\u00e9cnica.<\/p>\n\n\n\n<p>Sacudi\u00f3 la narrativa oficial de continuidad y \u00e9xito.<\/p>\n\n\n\n<p>Y lo hace desde dentro, desde la casa. No es menor.<\/p>\n\n\n\n<p>Las declaraciones de Atanasio Garc\u00eda Dur\u00e1n son el diagn\u00f3stico de un individuo con un s\u00f3lido chasis.<\/p>\n\n\n\n<p>Naci\u00f3 en un contexto de origen humilde vinculado al trabajo agr\u00edcola. Se form\u00f3 como maestro normalista, bajo la tradici\u00f3n educativa rural impulsada por figuras como Rafael Ram\u00edrez. Desarroll\u00f3 una carrera como docente y acad\u00e9mico, con participaci\u00f3n en la Universidad Veracruzana y en espacios de formaci\u00f3n pedag\u00f3gica y conferencias sobre educaci\u00f3n.<\/p>\n\n\n\n<p>Y ejerce el Pensamiento Cr\u00edtico.<\/p>\n\n\n\n<p>Ha ponderado la educaci\u00f3n \u201cindividualista, de poder y exclusi\u00f3n\u201d. Es defensor de una educaci\u00f3n comunitaria, integral y social, con fuerte carga ideol\u00f3gica progresista.<\/p>\n\n\n\n<p>Su formaci\u00f3n no es tecnocr\u00e1tica, es pedag\u00f3gica con orientaci\u00f3n social, t\u00edpica de la izquierda magisterial mexicana.<\/p>\n\n\n\n<p>Al maestro Atanasio Garc\u00eda Dur\u00e1n se le ubica dentro de la izquierda post-68 y cardenista, no en la izquierda institucional tradicional.<\/p>\n\n\n\n<p>Fue diputado local en Veracruz e incluso presidente de la Mesa Directiva del Congreso.<\/p>\n\n\n\n<p>Aunque su militancia original es perredista, su entorno pol\u00edtico se alinea despu\u00e9s con el proyecto de Movimiento Regeneraci\u00f3n Nacional, en buena medida a trav\u00e9s de su hijo, Cuitl\u00e1huac Garc\u00eda Jim\u00e9nez, uno de los exgobernadores de Veracruz m\u00e1s criticados por sus resultados.<\/p>\n\n\n\n<p>Los antecedentes de Atanasio Garc\u00eda Dur\u00e1n explican perfectamente su papel actual.<\/p>\n\n\n\n<p>Su formaci\u00f3n pedag\u00f3gica cr\u00edtica lo lleva a cuestionar modelos de gobierno.<\/p>\n\n\n\n<p>Su trayectoria en la izquierda le da legitimidad para hacerlo desde dentro.<\/p>\n\n\n\n<p>Su experiencia pol\u00edtica le permite entender d\u00f3nde le duele al sistema.<\/p>\n\n\n\n<p>Por eso, cuando respondi\u00f3 a preguntas de algunos periodistas, Isabel Ortega principalmente, incomod\u00f3.<\/p>\n\n\n\n<p>No es un improvisado. Es, en estricto sentido, un producto cl\u00e1sico de la izquierda mexicana que hoy est\u00e1 cuestionando la misma obra.<\/p>\n\n\n\n<p>Cuando de su pecho, que no es bodega, salen expresiones como \u201cfalta de visi\u00f3n\u201d, \u201cno conoce Veracruz\u201d, \u201cfue un error\u201d no est\u00e1 inventando un discurso nuevo.<\/p>\n\n\n\n<p>Est\u00e1 verbalizando lo que ya circula en cuadros medios de Morena, en operadores regionales. Y en actores desplazados del poder<\/p>\n\n\n\n<p>La de Atanasio Garc\u00eda no es una opini\u00f3n aislada. Es un eco.<\/p>\n\n\n\n<p>Atanasio no es un actor aislado.<\/p>\n\n\n\n<p>Es parte de una red hist\u00f3rica de formaci\u00f3n pol\u00edtica de izquierda que no se ha extinguido, s\u00f3lo se ha desplazado.<\/p>\n\n\n\n<p>Y ah\u00ed est\u00e1 el punto clave. No responde a cargos. No depende de n\u00f3minas. No necesita quedar bien.<\/p>\n\n\n\n<p>Puede decir lo que otros no.<\/p>\n\n\n\n<p>Y eso, en un sistema que vive de la disciplina interna, del escalaf\u00f3n y del noventa por ciento de la lealtad, es dinamita.<\/p>\n\n\n\n<p>En Veracruz se equivocan quienes creen que lo de Atanasio Garc\u00eda Dur\u00e1n fue un exabrupto.<\/p>\n\n\n\n<p>No lo fue.<\/p>\n\n\n\n<p>Fue una advertencia. Y como toda advertencia en Pol\u00edtica, no iba dirigida al p\u00fablico, sino al Poder.<\/p>\n\n\n\n<p>Cuando dijo que al gobierno de Roc\u00edo Nahle Garc\u00eda le falta visi\u00f3n y conocimiento, no estaba opinando. estaba diagnosticando.<\/p>\n\n\n\n<p>Pero sobre todo, estaba recordando algo que en Morena incomoda cada vez m\u00e1s, que el movimiento que naci\u00f3 cuestionando al Poder, hoy se parece demasiado a \u00e9l.<\/p>\n\n\n\n<p>Y eso, dicho por alguien de fuera, se desecha.<\/p>\n\n\n\n<p>Dicho por alguien de dentro, se procesa.<\/p>\n\n\n\n<p><strong>EL HIJO, ENTRE LO FILIAL Y LA LEALTAD<\/strong><\/p>\n\n\n\n<p>La reacci\u00f3n del exgobernador Cuitl\u00e1huac Garc\u00eda Jim\u00e9nez ha sido, hasta ahora, m\u00e1s pol\u00edtica que filial.<\/p>\n\n\n\n<p>Sin confrontar abiertamente a su padre, ha optado por desmarcarse del conflicto y evitar engancharse en el debate p\u00fablico. Una postura que, en el fondo, confirma dos cosas.<\/p>\n\n\n\n<p>Primero, que el se\u00f1alamiento s\u00ed duele.<\/p>\n\n\n\n<p>Segundo, que el tema escala m\u00e1s all\u00e1 de lo familiar.<\/p>\n\n\n\n<p>El silencio, en Pol\u00edtica y en el Poder, rara vez es neutral. Es c\u00e1lculo.<\/p>\n\n\n\n<p>Y tambi\u00e9n memoria porque el cuestionamiento sobre \u201cconocer Veracruz\u201d inevitablemente rebota hacia su propio sexenio.<\/p>\n\n\n\n<p><strong>AHUED, APAGANDO EL INCENDIO<\/strong><\/p>\n\n\n\n<p>Quien s\u00ed sali\u00f3 de inmediato a contener el da\u00f1o fue el secretario de Gobierno, Ricardo Ahued Bardahuil.<\/p>\n\n\n\n<p>Su postura fue clara, bajo el argumento de la libertad de expresi\u00f3n, minimiza las cr\u00edticas y defiende a la superior jer\u00e1rquica, incluso frente a la afirmaci\u00f3n de que su designaci\u00f3n fue \u201cun error\u201d.<\/p>\n\n\n\n<p>Ahued no s\u00f3lo protege a Nahle; protege la estabilidad del r\u00e9gimen. Porque en Veracruz, el secretario de Gobierno no es un funcionario m\u00e1s, es el dique pol\u00edtico.<\/p>\n\n\n\n<p>Y cuando el fuego viene de casa, el control de da\u00f1os se vuelve prioridad. S\u00f3lo sigue el manual y hace su chamba.<\/p>\n\n\n\n<p><strong>LA OPOSICI\u00d3N, GASOLINA AL INCENDIO<\/strong><\/p>\n\n\n\n<p>Del otro lado, el diputado priista H\u00e9ctor Yunes Landa no dej\u00f3 pasar la oportunidad.<\/p>\n\n\n\n<p>Calific\u00f3 las declaraciones como una especie de \u201cdeclaraci\u00f3n de guerra\u201d y, fiel a su estilo, elev\u00f3 el tono. No s\u00f3lo respald\u00f3 la cr\u00edtica, sino que la convirti\u00f3 en munici\u00f3n contra Morena, recordando incluso el balance del sexenio anterior.<\/p>\n\n\n\n<p>Para la oposici\u00f3n, Atanasio no es un cr\u00edtico, es un testigo inc\u00f3modo del propio sistema.<\/p>\n\n\n\n<p><strong>EL FONDO\u2026<\/strong><\/p>\n\n\n\n<p>Lo que est\u00e1 en juego no es s\u00f3lo una opini\u00f3n. Es el relato del poder en Veracruz.<\/p>\n\n\n\n<p>Atanasio Garc\u00eda Dur\u00e1n puso sobre la mesa tres temas que incomodan al oficialismo:<\/p>\n\n\n\n<p>La legitimidad pol\u00edtica basada en el arraigo.<\/p>\n\n\n\n<p>La capacidad real de gobierno m\u00e1s all\u00e1 del discurso.<\/p>\n\n\n\n<p>Y la decisi\u00f3n interna de Morena al haber impulsado a Nahle.<\/p>\n\n\n\n<p>Y lo hizo desde una posici\u00f3n que no puede ser f\u00e1cilmente desechada como \u201cadversaria\u201d.<\/p>\n\n\n\n<p>Ah\u00ed est\u00e1 el punto.<\/p>\n\n\n\n<p><strong>EL CASCABEL Y EL GATO<\/strong><\/p>\n\n\n\n<p>En esta forma especial de Roc\u00edo Nahle de ejercer el Poder, todos escuchan el cascabel. Pocos se atreven a colocarlo.<\/p>\n\n\n\n<p>Atanasio lo hizo.<\/p>\n\n\n\n<p>Y ahora el gato, con todo su Poder, no puede fingir que no suena.<\/p>\n\n\n\n<p>Porque cuando la cr\u00edtica viene de fuera, se desacredita.<\/p>\n\n\n\n<p>Pero cuando nace desde dentro, se vuelve s\u00edntoma.<\/p>\n\n\n\n<p>Y en Veracruz, hoy, el s\u00edntoma es claro. La unidad no es tan s\u00f3lida como se presume.<\/p>\n\n\n\n<p>El debate que se negaba ya est\u00e1 en la plaza p\u00fablica.<\/p>\n","protected":false},"excerpt":{"rendered":"<p>Miguel \u00c1ngel Rueda-RuizFilias y Fobias\u2026 del Poder Pocas cosas incomodan m\u00e1s que la verdad dicha sin filtros. Y eso \u2014precisamente eso\u2014 fue lo que hizo el maestro Atanasio Garc\u00eda Dur\u00e1n. Rompi\u00f3 el pacto no escrito del silencio y dijo en voz alta lo que muchos murmuran en corto. Le puso el cascabel al gato porque [&hellip;]<\/p>\n","protected":false},"author":2,"featured_media":170138,"comment_status":"closed","ping_status":"closed","sticky":false,"template":"","format":"standard","meta":{"tdm_status":"","tdm_grid_status":"","footnotes":""},"categories":[70],"tags":[62679,1681,62725,25035,25510,2812,4386],"class_list":{"0":"post-170137","1":"post","2":"type-post","3":"status-publish","4":"format-standard","5":"has-post-thumbnail","7":"category-de-opinion","8":"tag-atanasio-garcia-duran","9":"tag-cuitlahuac-garcia","10":"tag-miguel-angel-rueda-ruiz-2","11":"tag-morena-veracruz","12":"tag-politica-en-veracruz","13":"tag-ricardo-ahued-bardahuil","14":"tag-rocio-nahle-garcia"},"yoast_head":"<!-- This site is optimized with the Yoast SEO plugin v27.4 - https:\/\/yoast.com\/product\/yoast-seo-wordpress\/ -->\n<title>EL PECHO DE ATANASIO NO ES BODEGA - Los pol\u00edticos Veracruz<\/title>\n<meta name=\"robots\" content=\"index, follow, max-snippet:-1, max-image-preview:large, max-video-preview:-1\" \/>\n<link rel=\"canonical\" href=\"https:\/\/lospoliticosveracruz.com\/?p=170137\" \/>\n<meta property=\"og:locale\" content=\"es_ES\" \/>\n<meta property=\"og:type\" content=\"article\" \/>\n<meta property=\"og:title\" content=\"EL PECHO DE ATANASIO NO ES BODEGA - Los pol\u00edticos Veracruz\" \/>\n<meta property=\"og:description\" content=\"Miguel \u00c1ngel Rueda-RuizFilias y Fobias\u2026 del Poder Pocas cosas incomodan m\u00e1s que la verdad dicha sin filtros. Y eso \u2014precisamente eso\u2014 fue lo que hizo el maestro Atanasio Garc\u00eda Dur\u00e1n. Rompi\u00f3 el pacto no escrito del silencio y dijo en voz alta lo que muchos murmuran en corto. Le puso el cascabel al gato porque [&hellip;]\" \/>\n<meta property=\"og:url\" content=\"https:\/\/lospoliticosveracruz.com\/?p=170137\" \/>\n<meta property=\"og:site_name\" content=\"Los pol\u00edticos Veracruz\" \/>\n<meta property=\"article:publisher\" content=\"https:\/\/www.facebook.com\/people\/Notimemes-de-los-Polticos\/61565672886568\/\" \/>\n<meta property=\"article:published_time\" content=\"2026-04-29T17:23:39+00:00\" \/>\n<meta property=\"article:modified_time\" content=\"2026-04-29T17:23:40+00:00\" \/>\n<meta property=\"og:image\" content=\"https:\/\/lospoliticosveracruz.com\/wp-content\/uploads\/2026\/04\/Atanasio-Garcia-Duran-1.jpg\" \/>\n\t<meta property=\"og:image:width\" content=\"600\" \/>\n\t<meta property=\"og:image:height\" content=\"320\" \/>\n\t<meta property=\"og:image:type\" content=\"image\/jpeg\" \/>\n<meta name=\"author\" content=\"Lo viste en Los Pol\u00edticos\" \/>\n<meta name=\"twitter:card\" content=\"summary_large_image\" \/>\n<meta name=\"twitter:creator\" content=\"@LosPoliticosVer\" \/>\n<meta name=\"twitter:site\" content=\"@LosPoliticosVer\" \/>\n<meta name=\"twitter:label1\" content=\"Escrito por\" \/>\n\t<meta name=\"twitter:data1\" content=\"Lo viste en Los Pol\u00edticos\" \/>\n\t<meta name=\"twitter:label2\" content=\"Tiempo de lectura\" \/>\n\t<meta name=\"twitter:data2\" content=\"5 minutos\" \/>\n<script type=\"application\/ld+json\" class=\"yoast-schema-graph\">{\"@context\":\"https:\\\/\\\/schema.org\",\"@graph\":[{\"@type\":\"Article\",\"@id\":\"https:\\\/\\\/lospoliticosveracruz.com\\\/?p=170137#article\",\"isPartOf\":{\"@id\":\"https:\\\/\\\/lospoliticosveracruz.com\\\/?p=170137\"},\"author\":{\"name\":\"Lo viste en Los Pol\u00edticos\",\"@id\":\"https:\\\/\\\/lospoliticosveracruz.com\\\/#\\\/schema\\\/person\\\/b8702bb0e538456e6efd07080bf2a4a2\"},\"headline\":\"EL PECHO DE ATANASIO NO ES BODEGA\",\"datePublished\":\"2026-04-29T17:23:39+00:00\",\"dateModified\":\"2026-04-29T17:23:40+00:00\",\"mainEntityOfPage\":{\"@id\":\"https:\\\/\\\/lospoliticosveracruz.com\\\/?p=170137\"},\"wordCount\":1158,\"publisher\":{\"@id\":\"https:\\\/\\\/lospoliticosveracruz.com\\\/#organization\"},\"image\":{\"@id\":\"https:\\\/\\\/lospoliticosveracruz.com\\\/?p=170137#primaryimage\"},\"thumbnailUrl\":\"https:\\\/\\\/lospoliticosveracruz.com\\\/wp-content\\\/uploads\\\/2026\\\/04\\\/Atanasio-Garcia-Duran-1.jpg\",\"keywords\":[\"Atanasio Garc\u00eda Dur\u00e1n\",\"Cuitl\u00e1huac Garc\u00eda\",\"Miguel \u00c1ngel Rueda-Ruiz\",\"Morena Veracruz\",\"pol\u00edtica en Veracruz\",\"Ricardo Ahued Bardahuil\",\"Roc\u00edo Nahle Garc\u00eda\"],\"articleSection\":[\"De Opini\u00f3n\"],\"inLanguage\":\"es\"},{\"@type\":\"WebPage\",\"@id\":\"https:\\\/\\\/lospoliticosveracruz.com\\\/?p=170137\",\"url\":\"https:\\\/\\\/lospoliticosveracruz.com\\\/?p=170137\",\"name\":\"EL PECHO DE ATANASIO NO ES BODEGA - Los pol\u00edticos Veracruz\",\"isPartOf\":{\"@id\":\"https:\\\/\\\/lospoliticosveracruz.com\\\/#website\"},\"primaryImageOfPage\":{\"@id\":\"https:\\\/\\\/lospoliticosveracruz.com\\\/?p=170137#primaryimage\"},\"image\":{\"@id\":\"https:\\\/\\\/lospoliticosveracruz.com\\\/?p=170137#primaryimage\"},\"thumbnailUrl\":\"https:\\\/\\\/lospoliticosveracruz.com\\\/wp-content\\\/uploads\\\/2026\\\/04\\\/Atanasio-Garcia-Duran-1.jpg\",\"datePublished\":\"2026-04-29T17:23:39+00:00\",\"dateModified\":\"2026-04-29T17:23:40+00:00\",\"breadcrumb\":{\"@id\":\"https:\\\/\\\/lospoliticosveracruz.com\\\/?p=170137#breadcrumb\"},\"inLanguage\":\"es\",\"potentialAction\":[{\"@type\":\"ReadAction\",\"target\":[\"https:\\\/\\\/lospoliticosveracruz.com\\\/?p=170137\"]}]},{\"@type\":\"ImageObject\",\"inLanguage\":\"es\",\"@id\":\"https:\\\/\\\/lospoliticosveracruz.com\\\/?p=170137#primaryimage\",\"url\":\"https:\\\/\\\/lospoliticosveracruz.com\\\/wp-content\\\/uploads\\\/2026\\\/04\\\/Atanasio-Garcia-Duran-1.jpg\",\"contentUrl\":\"https:\\\/\\\/lospoliticosveracruz.com\\\/wp-content\\\/uploads\\\/2026\\\/04\\\/Atanasio-Garcia-Duran-1.jpg\",\"width\":600,\"height\":320},{\"@type\":\"BreadcrumbList\",\"@id\":\"https:\\\/\\\/lospoliticosveracruz.com\\\/?p=170137#breadcrumb\",\"itemListElement\":[{\"@type\":\"ListItem\",\"position\":1,\"name\":\"Portada\",\"item\":\"https:\\\/\\\/lospoliticosveracruz.com\\\/\"},{\"@type\":\"ListItem\",\"position\":2,\"name\":\"EL PECHO DE ATANASIO NO ES BODEGA\"}]},{\"@type\":\"WebSite\",\"@id\":\"https:\\\/\\\/lospoliticosveracruz.com\\\/#website\",\"url\":\"https:\\\/\\\/lospoliticosveracruz.com\\\/\",\"name\":\"Los pol\u00edticos Veracruz\",\"description\":\"\",\"publisher\":{\"@id\":\"https:\\\/\\\/lospoliticosveracruz.com\\\/#organization\"},\"potentialAction\":[{\"@type\":\"SearchAction\",\"target\":{\"@type\":\"EntryPoint\",\"urlTemplate\":\"https:\\\/\\\/lospoliticosveracruz.com\\\/?s={search_term_string}\"},\"query-input\":{\"@type\":\"PropertyValueSpecification\",\"valueRequired\":true,\"valueName\":\"search_term_string\"}}],\"inLanguage\":\"es\"},{\"@type\":\"Organization\",\"@id\":\"https:\\\/\\\/lospoliticosveracruz.com\\\/#organization\",\"name\":\"Los pol\u00edticos Veracruz\",\"url\":\"https:\\\/\\\/lospoliticosveracruz.com\\\/\",\"logo\":{\"@type\":\"ImageObject\",\"inLanguage\":\"es\",\"@id\":\"https:\\\/\\\/lospoliticosveracruz.com\\\/#\\\/schema\\\/logo\\\/image\\\/\",\"url\":\"https:\\\/\\\/lospoliticosveracruz.com\\\/wp-content\\\/uploads\\\/2025\\\/12\\\/Logo-Nuevo-LOS-POLITICOS-1.jpg\",\"contentUrl\":\"https:\\\/\\\/lospoliticosveracruz.com\\\/wp-content\\\/uploads\\\/2025\\\/12\\\/Logo-Nuevo-LOS-POLITICOS-1.jpg\",\"width\":260,\"height\":70,\"caption\":\"Los pol\u00edticos Veracruz\"},\"image\":{\"@id\":\"https:\\\/\\\/lospoliticosveracruz.com\\\/#\\\/schema\\\/logo\\\/image\\\/\"},\"sameAs\":[\"https:\\\/\\\/www.facebook.com\\\/people\\\/Notimemes-de-los-Polticos\\\/61565672886568\\\/\",\"https:\\\/\\\/x.com\\\/LosPoliticosVer\"]},{\"@type\":\"Person\",\"@id\":\"https:\\\/\\\/lospoliticosveracruz.com\\\/#\\\/schema\\\/person\\\/b8702bb0e538456e6efd07080bf2a4a2\",\"name\":\"Lo viste en Los Pol\u00edticos\",\"image\":{\"@type\":\"ImageObject\",\"inLanguage\":\"es\",\"@id\":\"https:\\\/\\\/secure.gravatar.com\\\/avatar\\\/3a8de04a2656d44082be478bd6c086daa447c4651605818287b9532d3d0bd435?s=96&d=mm&r=g\",\"url\":\"https:\\\/\\\/secure.gravatar.com\\\/avatar\\\/3a8de04a2656d44082be478bd6c086daa447c4651605818287b9532d3d0bd435?s=96&d=mm&r=g\",\"contentUrl\":\"https:\\\/\\\/secure.gravatar.com\\\/avatar\\\/3a8de04a2656d44082be478bd6c086daa447c4651605818287b9532d3d0bd435?s=96&d=mm&r=g\",\"caption\":\"Lo viste en Los Pol\u00edticos\"},\"url\":\"https:\\\/\\\/lospoliticosveracruz.com\\\/?author=2\"}]}<\/script>\n<!-- \/ Yoast SEO plugin. -->","yoast_head_json":{"title":"EL PECHO DE ATANASIO NO ES BODEGA - Los pol\u00edticos Veracruz","robots":{"index":"index","follow":"follow","max-snippet":"max-snippet:-1","max-image-preview":"max-image-preview:large","max-video-preview":"max-video-preview:-1"},"canonical":"https:\/\/lospoliticosveracruz.com\/?p=170137","og_locale":"es_ES","og_type":"article","og_title":"EL PECHO DE ATANASIO NO ES BODEGA - Los pol\u00edticos Veracruz","og_description":"Miguel \u00c1ngel Rueda-RuizFilias y Fobias\u2026 del Poder Pocas cosas incomodan m\u00e1s que la verdad dicha sin filtros. Y eso \u2014precisamente eso\u2014 fue lo que hizo el maestro Atanasio Garc\u00eda Dur\u00e1n. Rompi\u00f3 el pacto no escrito del silencio y dijo en voz alta lo que muchos murmuran en corto. Le puso el cascabel al gato porque [&hellip;]","og_url":"https:\/\/lospoliticosveracruz.com\/?p=170137","og_site_name":"Los pol\u00edticos Veracruz","article_publisher":"https:\/\/www.facebook.com\/people\/Notimemes-de-los-Polticos\/61565672886568\/","article_published_time":"2026-04-29T17:23:39+00:00","article_modified_time":"2026-04-29T17:23:40+00:00","og_image":[{"width":600,"height":320,"url":"https:\/\/lospoliticosveracruz.com\/wp-content\/uploads\/2026\/04\/Atanasio-Garcia-Duran-1.jpg","type":"image\/jpeg"}],"author":"Lo viste en Los Pol\u00edticos","twitter_card":"summary_large_image","twitter_creator":"@LosPoliticosVer","twitter_site":"@LosPoliticosVer","twitter_misc":{"Escrito por":"Lo viste en Los Pol\u00edticos","Tiempo de lectura":"5 minutos"},"schema":{"@context":"https:\/\/schema.org","@graph":[{"@type":"Article","@id":"https:\/\/lospoliticosveracruz.com\/?p=170137#article","isPartOf":{"@id":"https:\/\/lospoliticosveracruz.com\/?p=170137"},"author":{"name":"Lo viste en Los Pol\u00edticos","@id":"https:\/\/lospoliticosveracruz.com\/#\/schema\/person\/b8702bb0e538456e6efd07080bf2a4a2"},"headline":"EL PECHO DE ATANASIO NO ES BODEGA","datePublished":"2026-04-29T17:23:39+00:00","dateModified":"2026-04-29T17:23:40+00:00","mainEntityOfPage":{"@id":"https:\/\/lospoliticosveracruz.com\/?p=170137"},"wordCount":1158,"publisher":{"@id":"https:\/\/lospoliticosveracruz.com\/#organization"},"image":{"@id":"https:\/\/lospoliticosveracruz.com\/?p=170137#primaryimage"},"thumbnailUrl":"https:\/\/lospoliticosveracruz.com\/wp-content\/uploads\/2026\/04\/Atanasio-Garcia-Duran-1.jpg","keywords":["Atanasio Garc\u00eda Dur\u00e1n","Cuitl\u00e1huac Garc\u00eda","Miguel \u00c1ngel Rueda-Ruiz","Morena Veracruz","pol\u00edtica en Veracruz","Ricardo Ahued Bardahuil","Roc\u00edo Nahle Garc\u00eda"],"articleSection":["De Opini\u00f3n"],"inLanguage":"es"},{"@type":"WebPage","@id":"https:\/\/lospoliticosveracruz.com\/?p=170137","url":"https:\/\/lospoliticosveracruz.com\/?p=170137","name":"EL PECHO DE ATANASIO NO ES BODEGA - Los pol\u00edticos Veracruz","isPartOf":{"@id":"https:\/\/lospoliticosveracruz.com\/#website"},"primaryImageOfPage":{"@id":"https:\/\/lospoliticosveracruz.com\/?p=170137#primaryimage"},"image":{"@id":"https:\/\/lospoliticosveracruz.com\/?p=170137#primaryimage"},"thumbnailUrl":"https:\/\/lospoliticosveracruz.com\/wp-content\/uploads\/2026\/04\/Atanasio-Garcia-Duran-1.jpg","datePublished":"2026-04-29T17:23:39+00:00","dateModified":"2026-04-29T17:23:40+00:00","breadcrumb":{"@id":"https:\/\/lospoliticosveracruz.com\/?p=170137#breadcrumb"},"inLanguage":"es","potentialAction":[{"@type":"ReadAction","target":["https:\/\/lospoliticosveracruz.com\/?p=170137"]}]},{"@type":"ImageObject","inLanguage":"es","@id":"https:\/\/lospoliticosveracruz.com\/?p=170137#primaryimage","url":"https:\/\/lospoliticosveracruz.com\/wp-content\/uploads\/2026\/04\/Atanasio-Garcia-Duran-1.jpg","contentUrl":"https:\/\/lospoliticosveracruz.com\/wp-content\/uploads\/2026\/04\/Atanasio-Garcia-Duran-1.jpg","width":600,"height":320},{"@type":"BreadcrumbList","@id":"https:\/\/lospoliticosveracruz.com\/?p=170137#breadcrumb","itemListElement":[{"@type":"ListItem","position":1,"name":"Portada","item":"https:\/\/lospoliticosveracruz.com\/"},{"@type":"ListItem","position":2,"name":"EL PECHO DE ATANASIO NO ES BODEGA"}]},{"@type":"WebSite","@id":"https:\/\/lospoliticosveracruz.com\/#website","url":"https:\/\/lospoliticosveracruz.com\/","name":"Los pol\u00edticos Veracruz","description":"","publisher":{"@id":"https:\/\/lospoliticosveracruz.com\/#organization"},"potentialAction":[{"@type":"SearchAction","target":{"@type":"EntryPoint","urlTemplate":"https:\/\/lospoliticosveracruz.com\/?s={search_term_string}"},"query-input":{"@type":"PropertyValueSpecification","valueRequired":true,"valueName":"search_term_string"}}],"inLanguage":"es"},{"@type":"Organization","@id":"https:\/\/lospoliticosveracruz.com\/#organization","name":"Los pol\u00edticos Veracruz","url":"https:\/\/lospoliticosveracruz.com\/","logo":{"@type":"ImageObject","inLanguage":"es","@id":"https:\/\/lospoliticosveracruz.com\/#\/schema\/logo\/image\/","url":"https:\/\/lospoliticosveracruz.com\/wp-content\/uploads\/2025\/12\/Logo-Nuevo-LOS-POLITICOS-1.jpg","contentUrl":"https:\/\/lospoliticosveracruz.com\/wp-content\/uploads\/2025\/12\/Logo-Nuevo-LOS-POLITICOS-1.jpg","width":260,"height":70,"caption":"Los pol\u00edticos Veracruz"},"image":{"@id":"https:\/\/lospoliticosveracruz.com\/#\/schema\/logo\/image\/"},"sameAs":["https:\/\/www.facebook.com\/people\/Notimemes-de-los-Polticos\/61565672886568\/","https:\/\/x.com\/LosPoliticosVer"]},{"@type":"Person","@id":"https:\/\/lospoliticosveracruz.com\/#\/schema\/person\/b8702bb0e538456e6efd07080bf2a4a2","name":"Lo viste en Los Pol\u00edticos","image":{"@type":"ImageObject","inLanguage":"es","@id":"https:\/\/secure.gravatar.com\/avatar\/3a8de04a2656d44082be478bd6c086daa447c4651605818287b9532d3d0bd435?s=96&d=mm&r=g","url":"https:\/\/secure.gravatar.com\/avatar\/3a8de04a2656d44082be478bd6c086daa447c4651605818287b9532d3d0bd435?s=96&d=mm&r=g","contentUrl":"https:\/\/secure.gravatar.com\/avatar\/3a8de04a2656d44082be478bd6c086daa447c4651605818287b9532d3d0bd435?s=96&d=mm&r=g","caption":"Lo viste en Los Pol\u00edticos"},"url":"https:\/\/lospoliticosveracruz.com\/?author=2"}]}},"_links":{"self":[{"href":"https:\/\/lospoliticosveracruz.com\/index.php?rest_route=\/wp\/v2\/posts\/170137","targetHints":{"allow":["GET"]}}],"collection":[{"href":"https:\/\/lospoliticosveracruz.com\/index.php?rest_route=\/wp\/v2\/posts"}],"about":[{"href":"https:\/\/lospoliticosveracruz.com\/index.php?rest_route=\/wp\/v2\/types\/post"}],"author":[{"embeddable":true,"href":"https:\/\/lospoliticosveracruz.com\/index.php?rest_route=\/wp\/v2\/users\/2"}],"replies":[{"embeddable":true,"href":"https:\/\/lospoliticosveracruz.com\/index.php?rest_route=%2Fwp%2Fv2%2Fcomments&post=170137"}],"version-history":[{"count":1,"href":"https:\/\/lospoliticosveracruz.com\/index.php?rest_route=\/wp\/v2\/posts\/170137\/revisions"}],"predecessor-version":[{"id":170139,"href":"https:\/\/lospoliticosveracruz.com\/index.php?rest_route=\/wp\/v2\/posts\/170137\/revisions\/170139"}],"wp:featuredmedia":[{"embeddable":true,"href":"https:\/\/lospoliticosveracruz.com\/index.php?rest_route=\/wp\/v2\/media\/170138"}],"wp:attachment":[{"href":"https:\/\/lospoliticosveracruz.com\/index.php?rest_route=%2Fwp%2Fv2%2Fmedia&parent=170137"}],"wp:term":[{"taxonomy":"category","embeddable":true,"href":"https:\/\/lospoliticosveracruz.com\/index.php?rest_route=%2Fwp%2Fv2%2Fcategories&post=170137"},{"taxonomy":"post_tag","embeddable":true,"href":"https:\/\/lospoliticosveracruz.com\/index.php?rest_route=%2Fwp%2Fv2%2Ftags&post=170137"}],"curies":[{"name":"wp","href":"https:\/\/api.w.org\/{rel}","templated":true}]}}