{"id":170143,"date":"2026-04-29T12:26:49","date_gmt":"2026-04-29T18:26:49","guid":{"rendered":"https:\/\/lospoliticosveracruz.com\/?p=170143"},"modified":"2026-04-29T12:26:50","modified_gmt":"2026-04-29T18:26:50","slug":"grave-crisis-y-no-solo-en-el-sector-salud","status":"publish","type":"post","link":"https:\/\/lospoliticosveracruz.com\/?p=170143","title":{"rendered":"GRAVE CRISIS, Y NO S\u00d3LO EN EL SECTOR SALUD"},"content":{"rendered":"\n<p><\/p>\n\n\n\n<p><strong>Ana Rosa Vald\u00e9s Salazar<br><\/strong><em>En mi Opini\u00f3n<\/em><\/p>\n\n\n\n<p>\u200bM\u00e1s de 20 mil trabajadores de las once Jurisdicciones Sanitarias del Estado se mantienen en pie de lucha, en demanda de que se atiendan sus necesidades y las carencias que padecen 60 hospitales, adem\u00e1s de 800 centros de salud, ubicados a lo largo y ancho del territorio veracruzano.<\/p>\n\n\n\n<p>\u200bDesabasto de medicamentos, de uniformes, de insumos, ya ni se diga de veh\u00edculos para trasladarse a sus servicios, as\u00ed como a los pacientes.<\/p>\n\n\n\n<p>\u200bPero tambi\u00e9n falta de personal m\u00e9dico, de enfermer\u00eda, de adecuadas instalaciones hospitalarias que por lo menos acerquen a Veracruz, no a Dinamarca, sino que lo acerquen siquiera a lo que se ten\u00eda antes de la llegada de Morena al poder.<\/p>\n\n\n\n<p>\u200bEl gobierno -si es que puede llam\u00e1rsele as\u00ed- no responde, o responde con evasivas, como la Gobernadora Roc\u00edo Nahle, quien lanza el bal\u00f3n al IMSS Bienestar, porque ahora los centros hospitalarios del Estado operan bajo esa modalidad y a ella se transfiere, seg\u00fan afirma, -para sus salarios, uniformes, equipos, medicamentos- el 88 por ciento del presupuesto de salud que tiene Veracruz.<\/p>\n\n\n\n<p>\u200bInsiste la Gobernadora en que sus camionetitas de la salud contribuyen al abasto de medicamentos, pero la realidad y las quejas de los pacientes y sus familiares la desmienten, pues se ven obligados a comprarlos, porque en los hospitales y centros de salud no los hay.<\/p>\n\n\n\n<p>\u200bEsta crisis se ve\u00eda venir desde que el anterior secretario de Salud de este sexenio, Valent\u00edn Herrera Alarc\u00f3n, renunci\u00f3 al cargo tras semanas de protestas por la falta de pagos en el sector y, seguramente, para no arriesgar su bien ganado prestigio como cardi\u00f3logo en una administraci\u00f3n que a menos de un a\u00f1o de iniciada ya empezaba a dar bandazos.<\/p>\n\n\n\n<p>\u200bApenas hace cuatro meses que el personal de salud se manifest\u00f3 en protesta por la entrega de bonos de fin de a\u00f1o -en despensas en lugar de efectivo- y por la falta de pago de retroactivos; previamente, trabajadores de la empresa de limpieza subrogada en los hospitales de Veracruz, LEIH, se manifestaron por la falta de pago de salarios (para resolver el problema el gobierno cre\u00f3 otra empresa, Limpiaver, y ahora los trabajadores de esta nueva empresa, muchos de los cuales laboraron para la anterior, se quejan de que empeoraron sus condiciones laborales: \u201ccontin\u00faan bajo presiones, sin contrato definido y con tareas ajenas a sus funciones\u201d).<\/p>\n\n\n\n<p>\u200bEn ese contexto -preludio de la actual crisis- se dio la renuncia del doctor Herrera Alarc\u00f3n y se le sustituy\u00f3 por la ex presidenta municipal de Las Choapas, Mariela Hern\u00e1ndez Garc\u00eda, ahora titular de un sector cuestionado desde que la Auditor\u00eda Superior de la Federaci\u00f3n revel\u00f3 un presunto desfalco de m\u00e1s de 2 mil millones de pesos por servicios no prestados, entre ellos los relacionados con la limpieza hospitalaria, al cierre de la administraci\u00f3n de Cuitl\u00e1huac Garc\u00eda.<\/p>\n\n\n\n<p>\u200bLa nueva secretaria, por cierto, brilla por su ausencia ante el conflicto laboral que tiene paralizados a los hospitales y centros de salud de Veracruz, al grado de que su pasividad hizo estallar al secretario de Gobierno, Ricardo Ahued, contra los funcionarios \u201cineptos que no est\u00e1n sirviendo\u2026 que est\u00e1n escondidos en sus oficinas\u201d, cuando deber\u00edan \u201catender los casos en el momento y no esperar a que se le manifiesten en la calle a la gobernadora\u201d.<\/p>\n\n\n\n<p>\u200bAhued no precis\u00f3, aunque puede entenderse que se refiri\u00f3 al sector salud, pero su molestia y su cr\u00edtica pueden deberse tambi\u00e9n a la alarmante incapacidad de otros servidores p\u00fablicos que no pueden con el paquete de las dependencias que les encomend\u00f3 la Gobernadora.<\/p>\n\n\n\n<p>\u200bPor mal ejemplo: los secretarios de Finanzas y Planeaci\u00f3n, de Seguridad P\u00fablica; de Protecci\u00f3n Civil y de Infraestructura y Obras P\u00fablicas, \u00e1reas neur\u00e1lgicas de la administraci\u00f3n y oriundos los cuatro, por cierto, de otras Entidades de la Rep\u00fablica y que est\u00e1n haciendo quedar muy mal a su jefa, quien solicit\u00f3 al Poder Legislativo las dispensas de ley para nombrarlos en sus cargos sin ser veracruzanos.<\/p>\n\n\n\n<p>\u200bEl de Finanzas embarc\u00f3 a Roc\u00edo Nahle en la renegociaci\u00f3n de dos cr\u00e9ditos que incrementan el monto total de la deuda p\u00fablica sin autorizaci\u00f3n del Congreso del Estado y a pagar en 14 a\u00f1os, plazo que excede en demas\u00eda la gesti\u00f3n del gobierno actual; el de Seguridad P\u00fablica no da una contra la delincuencia que ha implantado el terror en diversas regiones del norte, centro y sur de Veracruz; la de Protecci\u00f3n Civil, pese a sus m\u00e1s de 7 a\u00f1os al frente de la dependencia, no termina de aprender sobre las acciones de prevenci\u00f3n y de auxilio ante los embates de los fen\u00f3menos naturales; y el de Infraestructura todav\u00eda no ofrece a los veracruzanos una obra que valga la pena.<\/p>\n\n\n\n<p>\u200bVeracruz es un gran Estado, muy importante pol\u00edtica y econ\u00f3micamente. Su pueblo es trabajador, noble y generoso y le ha dado a M\u00e9xico pol\u00edticos muy destacados: presidentes de la Rep\u00fablica, secretarios de Estado, procuradores, legisladores. Es un Estado de pol\u00edticos, que cuando le sirven a Veracruz y a M\u00e9xico lo hacen con entrega y amor a la tierra que los vio nacer, como lo han hecho tambi\u00e9n, en nuestro Estado y en otras administraciones, servidores p\u00fablicos nativos de otras Entidades, que han cumplido brillantemente en el desempe\u00f1o de sus responsabilidades.<\/p>\n\n\n\n<p>\u200bMe pregunto qu\u00e9 pasa con los cuatro secretarios estatales a los que me refer\u00ed, que no le encuentran la cuadratura al c\u00edrculo, como tampoco se la encontraron otros igualmente for\u00e1neos de la anterior administraci\u00f3n.<\/p>\n\n\n\n<p>\u200bEl de SEFIPLAN casi nunca est\u00e1 en su oficina, el de la SSP no parece saber siquiera d\u00f3nde est\u00e1 parado, la de PC no muestra una m\u00ednima sensibilidad ante la desventura de veracruzanos y el de la SIOP sigue calculando cu\u00e1ntos kil\u00f3metros de carretera pueden reencarpetarse con el chapopote retirado en las playas por el desastre que provoc\u00f3 Pemex.<\/p>\n\n\n\n<p>\u200bMe pregunto qu\u00e9 pasa, y la respuesta que viene a mi mente, a riesgo de que me tachen de chovinista -y me disculpo por ello- pero pienso en la entrega y el amor, el compromiso, que caracterizan a los pol\u00edticos veracruzanos\u2026 y la \u00fanica respuesta que viene a mi mente es que no se ama lo que no se conoce.<\/p>\n","protected":false},"excerpt":{"rendered":"<p>Ana Rosa Vald\u00e9s SalazarEn mi Opini\u00f3n \u200bM\u00e1s de 20 mil trabajadores de las once Jurisdicciones Sanitarias del Estado se mantienen en pie de lucha, en demanda de que se atiendan sus necesidades y las carencias que padecen 60 hospitales, adem\u00e1s de 800 centros de salud, ubicados a lo largo y ancho del territorio veracruzano. \u200bDesabasto [&hellip;]<\/p>\n","protected":false},"author":2,"featured_media":160250,"comment_status":"closed","ping_status":"closed","sticky":false,"template":"","format":"standard","meta":{"tdm_status":"","tdm_grid_status":"","footnotes":""},"categories":[70],"tags":[4919,62729,14599,32419,29066,4386],"class_list":{"0":"post-170143","1":"post","2":"type-post","3":"status-publish","4":"format-standard","5":"has-post-thumbnail","7":"category-de-opinion","8":"tag-ana-rosa-valdes-salazar","9":"tag-crisis-sector-salud-veracruz","10":"tag-desabasto-de-medicamentos","11":"tag-imss-bienestar-2","12":"tag-mariela-hernandez-garcia","13":"tag-rocio-nahle-garcia"},"yoast_head":"<!-- This site is optimized with the Yoast SEO plugin v27.4 - https:\/\/yoast.com\/product\/yoast-seo-wordpress\/ -->\n<title>GRAVE CRISIS, Y NO S\u00d3LO EN EL SECTOR SALUD - Los pol\u00edticos Veracruz<\/title>\n<meta name=\"robots\" content=\"index, follow, max-snippet:-1, max-image-preview:large, max-video-preview:-1\" \/>\n<link rel=\"canonical\" href=\"https:\/\/lospoliticosveracruz.com\/?p=170143\" \/>\n<meta property=\"og:locale\" content=\"es_ES\" \/>\n<meta property=\"og:type\" content=\"article\" \/>\n<meta property=\"og:title\" content=\"GRAVE CRISIS, Y NO S\u00d3LO EN EL SECTOR SALUD - Los pol\u00edticos Veracruz\" \/>\n<meta property=\"og:description\" content=\"Ana Rosa Vald\u00e9s SalazarEn mi Opini\u00f3n \u200bM\u00e1s de 20 mil trabajadores de las once Jurisdicciones Sanitarias del Estado se mantienen en pie de lucha, en demanda de que se atiendan sus necesidades y las carencias que padecen 60 hospitales, adem\u00e1s de 800 centros de salud, ubicados a lo largo y ancho del territorio veracruzano. \u200bDesabasto [&hellip;]\" \/>\n<meta property=\"og:url\" content=\"https:\/\/lospoliticosveracruz.com\/?p=170143\" \/>\n<meta property=\"og:site_name\" content=\"Los pol\u00edticos Veracruz\" \/>\n<meta property=\"article:publisher\" content=\"https:\/\/www.facebook.com\/people\/Notimemes-de-los-Polticos\/61565672886568\/\" \/>\n<meta property=\"article:published_time\" content=\"2026-04-29T18:26:49+00:00\" \/>\n<meta property=\"article:modified_time\" content=\"2026-04-29T18:26:50+00:00\" \/>\n<meta property=\"og:image\" content=\"https:\/\/lospoliticosveracruz.com\/wp-content\/uploads\/2026\/01\/Ana-Rosa-Valdes-1.jpg\" \/>\n\t<meta property=\"og:image:width\" content=\"1250\" \/>\n\t<meta property=\"og:image:height\" content=\"667\" \/>\n\t<meta property=\"og:image:type\" content=\"image\/jpeg\" \/>\n<meta name=\"author\" content=\"Lo viste en Los Pol\u00edticos\" \/>\n<meta name=\"twitter:card\" content=\"summary_large_image\" \/>\n<meta name=\"twitter:creator\" content=\"@LosPoliticosVer\" \/>\n<meta name=\"twitter:site\" content=\"@LosPoliticosVer\" \/>\n<meta name=\"twitter:label1\" content=\"Escrito por\" \/>\n\t<meta name=\"twitter:data1\" content=\"Lo viste en Los Pol\u00edticos\" \/>\n\t<meta name=\"twitter:label2\" content=\"Tiempo de lectura\" \/>\n\t<meta name=\"twitter:data2\" content=\"5 minutos\" \/>\n<script type=\"application\/ld+json\" class=\"yoast-schema-graph\">{\"@context\":\"https:\\\/\\\/schema.org\",\"@graph\":[{\"@type\":\"Article\",\"@id\":\"https:\\\/\\\/lospoliticosveracruz.com\\\/?p=170143#article\",\"isPartOf\":{\"@id\":\"https:\\\/\\\/lospoliticosveracruz.com\\\/?p=170143\"},\"author\":{\"name\":\"Lo viste en Los Pol\u00edticos\",\"@id\":\"https:\\\/\\\/lospoliticosveracruz.com\\\/#\\\/schema\\\/person\\\/b8702bb0e538456e6efd07080bf2a4a2\"},\"headline\":\"GRAVE CRISIS, Y NO S\u00d3LO EN EL SECTOR SALUD\",\"datePublished\":\"2026-04-29T18:26:49+00:00\",\"dateModified\":\"2026-04-29T18:26:50+00:00\",\"mainEntityOfPage\":{\"@id\":\"https:\\\/\\\/lospoliticosveracruz.com\\\/?p=170143\"},\"wordCount\":1095,\"publisher\":{\"@id\":\"https:\\\/\\\/lospoliticosveracruz.com\\\/#organization\"},\"image\":{\"@id\":\"https:\\\/\\\/lospoliticosveracruz.com\\\/?p=170143#primaryimage\"},\"thumbnailUrl\":\"https:\\\/\\\/lospoliticosveracruz.com\\\/wp-content\\\/uploads\\\/2026\\\/01\\\/Ana-Rosa-Valdes-1.jpg\",\"keywords\":[\"Ana Rosa Vald\u00e9s Salazar\",\"crisis sector salud Veracruz\",\"desabasto de medicamentos\",\"IMSS Bienestar\",\"Mariela Hern\u00e1ndez Garc\u00eda\",\"Roc\u00edo Nahle Garc\u00eda\"],\"articleSection\":[\"De Opini\u00f3n\"],\"inLanguage\":\"es\"},{\"@type\":\"WebPage\",\"@id\":\"https:\\\/\\\/lospoliticosveracruz.com\\\/?p=170143\",\"url\":\"https:\\\/\\\/lospoliticosveracruz.com\\\/?p=170143\",\"name\":\"GRAVE CRISIS, Y NO S\u00d3LO EN EL SECTOR SALUD - Los pol\u00edticos Veracruz\",\"isPartOf\":{\"@id\":\"https:\\\/\\\/lospoliticosveracruz.com\\\/#website\"},\"primaryImageOfPage\":{\"@id\":\"https:\\\/\\\/lospoliticosveracruz.com\\\/?p=170143#primaryimage\"},\"image\":{\"@id\":\"https:\\\/\\\/lospoliticosveracruz.com\\\/?p=170143#primaryimage\"},\"thumbnailUrl\":\"https:\\\/\\\/lospoliticosveracruz.com\\\/wp-content\\\/uploads\\\/2026\\\/01\\\/Ana-Rosa-Valdes-1.jpg\",\"datePublished\":\"2026-04-29T18:26:49+00:00\",\"dateModified\":\"2026-04-29T18:26:50+00:00\",\"breadcrumb\":{\"@id\":\"https:\\\/\\\/lospoliticosveracruz.com\\\/?p=170143#breadcrumb\"},\"inLanguage\":\"es\",\"potentialAction\":[{\"@type\":\"ReadAction\",\"target\":[\"https:\\\/\\\/lospoliticosveracruz.com\\\/?p=170143\"]}]},{\"@type\":\"ImageObject\",\"inLanguage\":\"es\",\"@id\":\"https:\\\/\\\/lospoliticosveracruz.com\\\/?p=170143#primaryimage\",\"url\":\"https:\\\/\\\/lospoliticosveracruz.com\\\/wp-content\\\/uploads\\\/2026\\\/01\\\/Ana-Rosa-Valdes-1.jpg\",\"contentUrl\":\"https:\\\/\\\/lospoliticosveracruz.com\\\/wp-content\\\/uploads\\\/2026\\\/01\\\/Ana-Rosa-Valdes-1.jpg\",\"width\":1250,\"height\":667},{\"@type\":\"BreadcrumbList\",\"@id\":\"https:\\\/\\\/lospoliticosveracruz.com\\\/?p=170143#breadcrumb\",\"itemListElement\":[{\"@type\":\"ListItem\",\"position\":1,\"name\":\"Portada\",\"item\":\"https:\\\/\\\/lospoliticosveracruz.com\\\/\"},{\"@type\":\"ListItem\",\"position\":2,\"name\":\"GRAVE CRISIS, Y NO S\u00d3LO EN EL SECTOR SALUD\"}]},{\"@type\":\"WebSite\",\"@id\":\"https:\\\/\\\/lospoliticosveracruz.com\\\/#website\",\"url\":\"https:\\\/\\\/lospoliticosveracruz.com\\\/\",\"name\":\"Los pol\u00edticos Veracruz\",\"description\":\"\",\"publisher\":{\"@id\":\"https:\\\/\\\/lospoliticosveracruz.com\\\/#organization\"},\"potentialAction\":[{\"@type\":\"SearchAction\",\"target\":{\"@type\":\"EntryPoint\",\"urlTemplate\":\"https:\\\/\\\/lospoliticosveracruz.com\\\/?s={search_term_string}\"},\"query-input\":{\"@type\":\"PropertyValueSpecification\",\"valueRequired\":true,\"valueName\":\"search_term_string\"}}],\"inLanguage\":\"es\"},{\"@type\":\"Organization\",\"@id\":\"https:\\\/\\\/lospoliticosveracruz.com\\\/#organization\",\"name\":\"Los pol\u00edticos Veracruz\",\"url\":\"https:\\\/\\\/lospoliticosveracruz.com\\\/\",\"logo\":{\"@type\":\"ImageObject\",\"inLanguage\":\"es\",\"@id\":\"https:\\\/\\\/lospoliticosveracruz.com\\\/#\\\/schema\\\/logo\\\/image\\\/\",\"url\":\"https:\\\/\\\/lospoliticosveracruz.com\\\/wp-content\\\/uploads\\\/2025\\\/12\\\/Logo-Nuevo-LOS-POLITICOS-1.jpg\",\"contentUrl\":\"https:\\\/\\\/lospoliticosveracruz.com\\\/wp-content\\\/uploads\\\/2025\\\/12\\\/Logo-Nuevo-LOS-POLITICOS-1.jpg\",\"width\":260,\"height\":70,\"caption\":\"Los pol\u00edticos Veracruz\"},\"image\":{\"@id\":\"https:\\\/\\\/lospoliticosveracruz.com\\\/#\\\/schema\\\/logo\\\/image\\\/\"},\"sameAs\":[\"https:\\\/\\\/www.facebook.com\\\/people\\\/Notimemes-de-los-Polticos\\\/61565672886568\\\/\",\"https:\\\/\\\/x.com\\\/LosPoliticosVer\"]},{\"@type\":\"Person\",\"@id\":\"https:\\\/\\\/lospoliticosveracruz.com\\\/#\\\/schema\\\/person\\\/b8702bb0e538456e6efd07080bf2a4a2\",\"name\":\"Lo viste en Los Pol\u00edticos\",\"image\":{\"@type\":\"ImageObject\",\"inLanguage\":\"es\",\"@id\":\"https:\\\/\\\/secure.gravatar.com\\\/avatar\\\/3a8de04a2656d44082be478bd6c086daa447c4651605818287b9532d3d0bd435?s=96&d=mm&r=g\",\"url\":\"https:\\\/\\\/secure.gravatar.com\\\/avatar\\\/3a8de04a2656d44082be478bd6c086daa447c4651605818287b9532d3d0bd435?s=96&d=mm&r=g\",\"contentUrl\":\"https:\\\/\\\/secure.gravatar.com\\\/avatar\\\/3a8de04a2656d44082be478bd6c086daa447c4651605818287b9532d3d0bd435?s=96&d=mm&r=g\",\"caption\":\"Lo viste en Los Pol\u00edticos\"},\"url\":\"https:\\\/\\\/lospoliticosveracruz.com\\\/?author=2\"}]}<\/script>\n<!-- \/ Yoast SEO plugin. -->","yoast_head_json":{"title":"GRAVE CRISIS, Y NO S\u00d3LO EN EL SECTOR SALUD - Los pol\u00edticos Veracruz","robots":{"index":"index","follow":"follow","max-snippet":"max-snippet:-1","max-image-preview":"max-image-preview:large","max-video-preview":"max-video-preview:-1"},"canonical":"https:\/\/lospoliticosveracruz.com\/?p=170143","og_locale":"es_ES","og_type":"article","og_title":"GRAVE CRISIS, Y NO S\u00d3LO EN EL SECTOR SALUD - Los pol\u00edticos Veracruz","og_description":"Ana Rosa Vald\u00e9s SalazarEn mi Opini\u00f3n \u200bM\u00e1s de 20 mil trabajadores de las once Jurisdicciones Sanitarias del Estado se mantienen en pie de lucha, en demanda de que se atiendan sus necesidades y las carencias que padecen 60 hospitales, adem\u00e1s de 800 centros de salud, ubicados a lo largo y ancho del territorio veracruzano. \u200bDesabasto [&hellip;]","og_url":"https:\/\/lospoliticosveracruz.com\/?p=170143","og_site_name":"Los pol\u00edticos Veracruz","article_publisher":"https:\/\/www.facebook.com\/people\/Notimemes-de-los-Polticos\/61565672886568\/","article_published_time":"2026-04-29T18:26:49+00:00","article_modified_time":"2026-04-29T18:26:50+00:00","og_image":[{"width":1250,"height":667,"url":"https:\/\/lospoliticosveracruz.com\/wp-content\/uploads\/2026\/01\/Ana-Rosa-Valdes-1.jpg","type":"image\/jpeg"}],"author":"Lo viste en Los Pol\u00edticos","twitter_card":"summary_large_image","twitter_creator":"@LosPoliticosVer","twitter_site":"@LosPoliticosVer","twitter_misc":{"Escrito por":"Lo viste en Los Pol\u00edticos","Tiempo de lectura":"5 minutos"},"schema":{"@context":"https:\/\/schema.org","@graph":[{"@type":"Article","@id":"https:\/\/lospoliticosveracruz.com\/?p=170143#article","isPartOf":{"@id":"https:\/\/lospoliticosveracruz.com\/?p=170143"},"author":{"name":"Lo viste en Los Pol\u00edticos","@id":"https:\/\/lospoliticosveracruz.com\/#\/schema\/person\/b8702bb0e538456e6efd07080bf2a4a2"},"headline":"GRAVE CRISIS, Y NO S\u00d3LO EN EL SECTOR SALUD","datePublished":"2026-04-29T18:26:49+00:00","dateModified":"2026-04-29T18:26:50+00:00","mainEntityOfPage":{"@id":"https:\/\/lospoliticosveracruz.com\/?p=170143"},"wordCount":1095,"publisher":{"@id":"https:\/\/lospoliticosveracruz.com\/#organization"},"image":{"@id":"https:\/\/lospoliticosveracruz.com\/?p=170143#primaryimage"},"thumbnailUrl":"https:\/\/lospoliticosveracruz.com\/wp-content\/uploads\/2026\/01\/Ana-Rosa-Valdes-1.jpg","keywords":["Ana Rosa Vald\u00e9s Salazar","crisis sector salud Veracruz","desabasto de medicamentos","IMSS Bienestar","Mariela Hern\u00e1ndez Garc\u00eda","Roc\u00edo Nahle Garc\u00eda"],"articleSection":["De Opini\u00f3n"],"inLanguage":"es"},{"@type":"WebPage","@id":"https:\/\/lospoliticosveracruz.com\/?p=170143","url":"https:\/\/lospoliticosveracruz.com\/?p=170143","name":"GRAVE CRISIS, Y NO S\u00d3LO EN EL SECTOR SALUD - Los pol\u00edticos Veracruz","isPartOf":{"@id":"https:\/\/lospoliticosveracruz.com\/#website"},"primaryImageOfPage":{"@id":"https:\/\/lospoliticosveracruz.com\/?p=170143#primaryimage"},"image":{"@id":"https:\/\/lospoliticosveracruz.com\/?p=170143#primaryimage"},"thumbnailUrl":"https:\/\/lospoliticosveracruz.com\/wp-content\/uploads\/2026\/01\/Ana-Rosa-Valdes-1.jpg","datePublished":"2026-04-29T18:26:49+00:00","dateModified":"2026-04-29T18:26:50+00:00","breadcrumb":{"@id":"https:\/\/lospoliticosveracruz.com\/?p=170143#breadcrumb"},"inLanguage":"es","potentialAction":[{"@type":"ReadAction","target":["https:\/\/lospoliticosveracruz.com\/?p=170143"]}]},{"@type":"ImageObject","inLanguage":"es","@id":"https:\/\/lospoliticosveracruz.com\/?p=170143#primaryimage","url":"https:\/\/lospoliticosveracruz.com\/wp-content\/uploads\/2026\/01\/Ana-Rosa-Valdes-1.jpg","contentUrl":"https:\/\/lospoliticosveracruz.com\/wp-content\/uploads\/2026\/01\/Ana-Rosa-Valdes-1.jpg","width":1250,"height":667},{"@type":"BreadcrumbList","@id":"https:\/\/lospoliticosveracruz.com\/?p=170143#breadcrumb","itemListElement":[{"@type":"ListItem","position":1,"name":"Portada","item":"https:\/\/lospoliticosveracruz.com\/"},{"@type":"ListItem","position":2,"name":"GRAVE CRISIS, Y NO S\u00d3LO EN EL SECTOR SALUD"}]},{"@type":"WebSite","@id":"https:\/\/lospoliticosveracruz.com\/#website","url":"https:\/\/lospoliticosveracruz.com\/","name":"Los pol\u00edticos Veracruz","description":"","publisher":{"@id":"https:\/\/lospoliticosveracruz.com\/#organization"},"potentialAction":[{"@type":"SearchAction","target":{"@type":"EntryPoint","urlTemplate":"https:\/\/lospoliticosveracruz.com\/?s={search_term_string}"},"query-input":{"@type":"PropertyValueSpecification","valueRequired":true,"valueName":"search_term_string"}}],"inLanguage":"es"},{"@type":"Organization","@id":"https:\/\/lospoliticosveracruz.com\/#organization","name":"Los pol\u00edticos Veracruz","url":"https:\/\/lospoliticosveracruz.com\/","logo":{"@type":"ImageObject","inLanguage":"es","@id":"https:\/\/lospoliticosveracruz.com\/#\/schema\/logo\/image\/","url":"https:\/\/lospoliticosveracruz.com\/wp-content\/uploads\/2025\/12\/Logo-Nuevo-LOS-POLITICOS-1.jpg","contentUrl":"https:\/\/lospoliticosveracruz.com\/wp-content\/uploads\/2025\/12\/Logo-Nuevo-LOS-POLITICOS-1.jpg","width":260,"height":70,"caption":"Los pol\u00edticos Veracruz"},"image":{"@id":"https:\/\/lospoliticosveracruz.com\/#\/schema\/logo\/image\/"},"sameAs":["https:\/\/www.facebook.com\/people\/Notimemes-de-los-Polticos\/61565672886568\/","https:\/\/x.com\/LosPoliticosVer"]},{"@type":"Person","@id":"https:\/\/lospoliticosveracruz.com\/#\/schema\/person\/b8702bb0e538456e6efd07080bf2a4a2","name":"Lo viste en Los Pol\u00edticos","image":{"@type":"ImageObject","inLanguage":"es","@id":"https:\/\/secure.gravatar.com\/avatar\/3a8de04a2656d44082be478bd6c086daa447c4651605818287b9532d3d0bd435?s=96&d=mm&r=g","url":"https:\/\/secure.gravatar.com\/avatar\/3a8de04a2656d44082be478bd6c086daa447c4651605818287b9532d3d0bd435?s=96&d=mm&r=g","contentUrl":"https:\/\/secure.gravatar.com\/avatar\/3a8de04a2656d44082be478bd6c086daa447c4651605818287b9532d3d0bd435?s=96&d=mm&r=g","caption":"Lo viste en Los Pol\u00edticos"},"url":"https:\/\/lospoliticosveracruz.com\/?author=2"}]}},"_links":{"self":[{"href":"https:\/\/lospoliticosveracruz.com\/index.php?rest_route=\/wp\/v2\/posts\/170143","targetHints":{"allow":["GET"]}}],"collection":[{"href":"https:\/\/lospoliticosveracruz.com\/index.php?rest_route=\/wp\/v2\/posts"}],"about":[{"href":"https:\/\/lospoliticosveracruz.com\/index.php?rest_route=\/wp\/v2\/types\/post"}],"author":[{"embeddable":true,"href":"https:\/\/lospoliticosveracruz.com\/index.php?rest_route=\/wp\/v2\/users\/2"}],"replies":[{"embeddable":true,"href":"https:\/\/lospoliticosveracruz.com\/index.php?rest_route=%2Fwp%2Fv2%2Fcomments&post=170143"}],"version-history":[{"count":1,"href":"https:\/\/lospoliticosveracruz.com\/index.php?rest_route=\/wp\/v2\/posts\/170143\/revisions"}],"predecessor-version":[{"id":170144,"href":"https:\/\/lospoliticosveracruz.com\/index.php?rest_route=\/wp\/v2\/posts\/170143\/revisions\/170144"}],"wp:featuredmedia":[{"embeddable":true,"href":"https:\/\/lospoliticosveracruz.com\/index.php?rest_route=\/wp\/v2\/media\/160250"}],"wp:attachment":[{"href":"https:\/\/lospoliticosveracruz.com\/index.php?rest_route=%2Fwp%2Fv2%2Fmedia&parent=170143"}],"wp:term":[{"taxonomy":"category","embeddable":true,"href":"https:\/\/lospoliticosveracruz.com\/index.php?rest_route=%2Fwp%2Fv2%2Fcategories&post=170143"},{"taxonomy":"post_tag","embeddable":true,"href":"https:\/\/lospoliticosveracruz.com\/index.php?rest_route=%2Fwp%2Fv2%2Ftags&post=170143"}],"curies":[{"name":"wp","href":"https:\/\/api.w.org\/{rel}","templated":true}]}}