{"id":170147,"date":"2026-04-29T12:32:56","date_gmt":"2026-04-29T18:32:56","guid":{"rendered":"https:\/\/lospoliticosveracruz.com\/?p=170147"},"modified":"2026-04-29T12:32:57","modified_gmt":"2026-04-29T18:32:57","slug":"alianza-hasta-con-morenistas","status":"publish","type":"post","link":"https:\/\/lospoliticosveracruz.com\/?p=170147","title":{"rendered":"ALIANZA, HASTA CON MORENISTAS!"},"content":{"rendered":"\n<p><strong>Angeles Gonz\u00e1lez Ceballos<\/strong><\/p>\n\n\n\n<p>El presidente del Comit\u00e9 Ejecutivo Estatal del PRI, Adolfo Ram\u00edrez Arana, reiter\u00f3 que el Partido est\u00e1 abierto e invit\u00f3 a otros institutos pol\u00edticos a hacer alianza para el proceso electoral del 2027, incluso a morenistas \u00a8que sean buenos\u00a8<\/p>\n\n\n\n<p>\u00a8La invitaci\u00f3n est\u00e1 abierta como lo hemos venido diciendo, nosotros somos un partido proaliancista porque queremos frenar a Morena y la invitaci\u00f3n est\u00e1 ah\u00ed para el PAN, para MC, inclusive para el PT si quiere deslindarse de Morena.<\/p>\n\n\n\n<p>Lo que vemos es que en el PAN mandan los de Morena y en MC sin duda alguna mandan los de Morena. Ellos qu\u00e9 quieren hacer, crecer como partido pol\u00edtico, pero no frenar a Morena y todo lo que est\u00e1 haciendo mal\u00a8, se\u00f1al\u00f3.<\/p>\n\n\n\n<p>En ese sentido, defini\u00f3 que el PRI est\u00e1 dispuesto a sacrificar votos por frenar a los de Morena y recalc\u00f3 que si el PAN aceptara aliarse con el Tricolor, ganar\u00eda 19 candidaturas, pero si no, ganar\u00edan menos diputaciones, pero el partido que m\u00e1s ganar\u00eda curules ser\u00eda el PRI.<\/p>\n\n\n\n<p>Ram\u00edrez Arana adelant\u00f3 que tambi\u00e9n abrir\u00e1n las puertas del Partido a morenistas \u00a8que sean buenos y que puedan producir\u00a8, porque se llevaron \u00a8la basurita\u00a8 que ten\u00edan y hoy est\u00e1n del lado de Morena.<\/p>\n\n\n\n<p>En otro tema, calific\u00f3 como un \u00a8circo\u00a8 a lo ocurrido este martes, por las pol\u00e9micas declaraciones del padre del exgobernador Cuitl\u00e1huac Garc\u00eda Jim\u00e9nez, Atanasio Garc\u00eda Dur\u00e1n en contra de la gobernadora Roc\u00edo Nahle Garc\u00eda.<\/p>\n\n\n\n<p>El dirigente partidista expres\u00f3 que el pap\u00e1 del \u00a8peor gobernador de Veracruz\u00a8 se le fue de frente a la \u00a8peor gobernadora en tr\u00e1mite\u00a8, porque est\u00e1 seguro de que la titular del Ejecutivo superar\u00e1 al ahora director de CENEGAS.<\/p>\n\n\n\n<p>\u00a8Volvemos a hacer un llamado en\u00e9rgico a que se pongan las pilas, que se pongan a trabajar, a dar resultados, en vez de estar peleando, eso es indiferente para nosotros, den resultados. Los mismos de Morena se dan cuenta que en las cifras, en las encuestas van mal, dicho por el pap\u00e1 del exgobernador\u00a8, se\u00f1al\u00f3.<\/p>\n\n\n\n<p>Fue as\u00ed que el l\u00edder del Tricolor asegur\u00f3 que su partido ganar\u00e1 las elecciones del 2027 porque los ciudadanos ya se dieron cuenta de que los de Morena son c\u00ednicos y no dan resultados.<\/p>\n\n\n\n<p>Refiri\u00f3 que los morenistas se pelean entre ellos, tal es el caso del senador Manuel Huerta Ladr\u00f3n de Guevara que todo el tiempo hace se\u00f1alamientos en contra de la Mandataria.<\/p>\n\n\n\n<p>En otro tema, el dirigente del PRI de Veracruz asegur\u00f3 que los nuevos consejeros electorales del INE son afines o est\u00e1n identificados al partido Morena, lo cual sesga la democracia.<\/p>\n\n\n\n<p>\u00a8Se ve claramente y a leguas que est\u00e1n poniendo a los suyos para tener al \u00e1rbitro electoral de su lado, ya tienen mayor\u00eda y no le da una equidad a la elecci\u00f3n\u00a8, expres\u00f3.<\/p>\n\n\n\n<p>Finalmente, Ram\u00edrez Arana resalt\u00f3 que este s\u00e1bado develar\u00e1n una placa conmemorativa en honor al exgobernador Fidel Herrera Beltr\u00e1n y su esposa, Rosa Borunda.<\/p>\n","protected":false},"excerpt":{"rendered":"<p>Angeles Gonz\u00e1lez Ceballos El presidente del Comit\u00e9 Ejecutivo Estatal del PRI, Adolfo Ram\u00edrez Arana, reiter\u00f3 que el Partido est\u00e1 abierto e invit\u00f3 a otros institutos pol\u00edticos a hacer alianza para el proceso electoral del 2027, incluso a morenistas \u00a8que sean buenos\u00a8 \u00a8La invitaci\u00f3n est\u00e1 abierta como lo hemos venido diciendo, nosotros somos un partido proaliancista [&hellip;]<\/p>\n","protected":false},"author":2,"featured_media":170148,"comment_status":"closed","ping_status":"closed","sticky":false,"template":"","format":"standard","meta":{"tdm_status":"","tdm_grid_status":"","footnotes":""},"categories":[6446],"tags":[47902,62731,62721,62679,46524,3665,4386],"class_list":{"0":"post-170147","1":"post","2":"type-post","3":"status-publish","4":"format-standard","5":"has-post-thumbnail","7":"category-la-nota","8":"tag-adolfo-ramirez-arana","9":"tag-alianza-electoral-2027","10":"tag-angeles-gonzalez-ceballos-2","11":"tag-atanasio-garcia-duran","12":"tag-elecciones-2027-veracruz","13":"tag-pri-veracruz","14":"tag-rocio-nahle-garcia"},"yoast_head":"<!-- This site is optimized with the Yoast SEO plugin v27.4 - https:\/\/yoast.com\/product\/yoast-seo-wordpress\/ -->\n<title>ALIANZA, HASTA CON MORENISTAS! - Los pol\u00edticos Veracruz<\/title>\n<meta name=\"robots\" content=\"index, follow, max-snippet:-1, max-image-preview:large, max-video-preview:-1\" \/>\n<link rel=\"canonical\" href=\"https:\/\/lospoliticosveracruz.com\/?p=170147\" \/>\n<meta property=\"og:locale\" content=\"es_ES\" \/>\n<meta property=\"og:type\" content=\"article\" \/>\n<meta property=\"og:title\" content=\"ALIANZA, HASTA CON MORENISTAS! - Los pol\u00edticos Veracruz\" \/>\n<meta property=\"og:description\" content=\"Angeles Gonz\u00e1lez Ceballos El presidente del Comit\u00e9 Ejecutivo Estatal del PRI, Adolfo Ram\u00edrez Arana, reiter\u00f3 que el Partido est\u00e1 abierto e invit\u00f3 a otros institutos pol\u00edticos a hacer alianza para el proceso electoral del 2027, incluso a morenistas \u00a8que sean buenos\u00a8 \u00a8La invitaci\u00f3n est\u00e1 abierta como lo hemos venido diciendo, nosotros somos un partido proaliancista [&hellip;]\" \/>\n<meta property=\"og:url\" content=\"https:\/\/lospoliticosveracruz.com\/?p=170147\" \/>\n<meta property=\"og:site_name\" content=\"Los pol\u00edticos Veracruz\" \/>\n<meta property=\"article:publisher\" content=\"https:\/\/www.facebook.com\/people\/Notimemes-de-los-Polticos\/61565672886568\/\" \/>\n<meta property=\"article:published_time\" content=\"2026-04-29T18:32:56+00:00\" \/>\n<meta property=\"article:modified_time\" content=\"2026-04-29T18:32:57+00:00\" \/>\n<meta property=\"og:image\" content=\"https:\/\/lospoliticosveracruz.com\/wp-content\/uploads\/2026\/04\/Adolfo.jpg\" \/>\n\t<meta property=\"og:image:width\" content=\"600\" \/>\n\t<meta property=\"og:image:height\" content=\"320\" \/>\n\t<meta property=\"og:image:type\" content=\"image\/jpeg\" \/>\n<meta name=\"author\" content=\"Lo viste en Los Pol\u00edticos\" \/>\n<meta name=\"twitter:card\" content=\"summary_large_image\" \/>\n<meta name=\"twitter:creator\" content=\"@LosPoliticosVer\" \/>\n<meta name=\"twitter:site\" content=\"@LosPoliticosVer\" \/>\n<meta name=\"twitter:label1\" content=\"Escrito por\" \/>\n\t<meta name=\"twitter:data1\" content=\"Lo viste en Los Pol\u00edticos\" \/>\n\t<meta name=\"twitter:label2\" content=\"Tiempo de lectura\" \/>\n\t<meta name=\"twitter:data2\" content=\"3 minutos\" \/>\n<script type=\"application\/ld+json\" class=\"yoast-schema-graph\">{\"@context\":\"https:\\\/\\\/schema.org\",\"@graph\":[{\"@type\":\"Article\",\"@id\":\"https:\\\/\\\/lospoliticosveracruz.com\\\/?p=170147#article\",\"isPartOf\":{\"@id\":\"https:\\\/\\\/lospoliticosveracruz.com\\\/?p=170147\"},\"author\":{\"name\":\"Lo viste en Los Pol\u00edticos\",\"@id\":\"https:\\\/\\\/lospoliticosveracruz.com\\\/#\\\/schema\\\/person\\\/b8702bb0e538456e6efd07080bf2a4a2\"},\"headline\":\"ALIANZA, HASTA CON MORENISTAS!\",\"datePublished\":\"2026-04-29T18:32:56+00:00\",\"dateModified\":\"2026-04-29T18:32:57+00:00\",\"mainEntityOfPage\":{\"@id\":\"https:\\\/\\\/lospoliticosveracruz.com\\\/?p=170147\"},\"wordCount\":521,\"publisher\":{\"@id\":\"https:\\\/\\\/lospoliticosveracruz.com\\\/#organization\"},\"image\":{\"@id\":\"https:\\\/\\\/lospoliticosveracruz.com\\\/?p=170147#primaryimage\"},\"thumbnailUrl\":\"https:\\\/\\\/lospoliticosveracruz.com\\\/wp-content\\\/uploads\\\/2026\\\/04\\\/Adolfo.jpg\",\"keywords\":[\"Adolfo Ram\u00edrez Arana\",\"alianza electoral 2027\",\"Angeles Gonz\u00e1lez Ceballos\",\"Atanasio Garc\u00eda Dur\u00e1n\",\"elecciones 2027 Veracruz\",\"PRI Veracruz\",\"Roc\u00edo Nahle Garc\u00eda\"],\"articleSection\":[\"La Nota\"],\"inLanguage\":\"es\"},{\"@type\":\"WebPage\",\"@id\":\"https:\\\/\\\/lospoliticosveracruz.com\\\/?p=170147\",\"url\":\"https:\\\/\\\/lospoliticosveracruz.com\\\/?p=170147\",\"name\":\"ALIANZA, HASTA CON MORENISTAS! - Los pol\u00edticos Veracruz\",\"isPartOf\":{\"@id\":\"https:\\\/\\\/lospoliticosveracruz.com\\\/#website\"},\"primaryImageOfPage\":{\"@id\":\"https:\\\/\\\/lospoliticosveracruz.com\\\/?p=170147#primaryimage\"},\"image\":{\"@id\":\"https:\\\/\\\/lospoliticosveracruz.com\\\/?p=170147#primaryimage\"},\"thumbnailUrl\":\"https:\\\/\\\/lospoliticosveracruz.com\\\/wp-content\\\/uploads\\\/2026\\\/04\\\/Adolfo.jpg\",\"datePublished\":\"2026-04-29T18:32:56+00:00\",\"dateModified\":\"2026-04-29T18:32:57+00:00\",\"breadcrumb\":{\"@id\":\"https:\\\/\\\/lospoliticosveracruz.com\\\/?p=170147#breadcrumb\"},\"inLanguage\":\"es\",\"potentialAction\":[{\"@type\":\"ReadAction\",\"target\":[\"https:\\\/\\\/lospoliticosveracruz.com\\\/?p=170147\"]}]},{\"@type\":\"ImageObject\",\"inLanguage\":\"es\",\"@id\":\"https:\\\/\\\/lospoliticosveracruz.com\\\/?p=170147#primaryimage\",\"url\":\"https:\\\/\\\/lospoliticosveracruz.com\\\/wp-content\\\/uploads\\\/2026\\\/04\\\/Adolfo.jpg\",\"contentUrl\":\"https:\\\/\\\/lospoliticosveracruz.com\\\/wp-content\\\/uploads\\\/2026\\\/04\\\/Adolfo.jpg\",\"width\":600,\"height\":320},{\"@type\":\"BreadcrumbList\",\"@id\":\"https:\\\/\\\/lospoliticosveracruz.com\\\/?p=170147#breadcrumb\",\"itemListElement\":[{\"@type\":\"ListItem\",\"position\":1,\"name\":\"Portada\",\"item\":\"https:\\\/\\\/lospoliticosveracruz.com\\\/\"},{\"@type\":\"ListItem\",\"position\":2,\"name\":\"ALIANZA, HASTA CON MORENISTAS!\"}]},{\"@type\":\"WebSite\",\"@id\":\"https:\\\/\\\/lospoliticosveracruz.com\\\/#website\",\"url\":\"https:\\\/\\\/lospoliticosveracruz.com\\\/\",\"name\":\"Los pol\u00edticos Veracruz\",\"description\":\"\",\"publisher\":{\"@id\":\"https:\\\/\\\/lospoliticosveracruz.com\\\/#organization\"},\"potentialAction\":[{\"@type\":\"SearchAction\",\"target\":{\"@type\":\"EntryPoint\",\"urlTemplate\":\"https:\\\/\\\/lospoliticosveracruz.com\\\/?s={search_term_string}\"},\"query-input\":{\"@type\":\"PropertyValueSpecification\",\"valueRequired\":true,\"valueName\":\"search_term_string\"}}],\"inLanguage\":\"es\"},{\"@type\":\"Organization\",\"@id\":\"https:\\\/\\\/lospoliticosveracruz.com\\\/#organization\",\"name\":\"Los pol\u00edticos Veracruz\",\"url\":\"https:\\\/\\\/lospoliticosveracruz.com\\\/\",\"logo\":{\"@type\":\"ImageObject\",\"inLanguage\":\"es\",\"@id\":\"https:\\\/\\\/lospoliticosveracruz.com\\\/#\\\/schema\\\/logo\\\/image\\\/\",\"url\":\"https:\\\/\\\/lospoliticosveracruz.com\\\/wp-content\\\/uploads\\\/2025\\\/12\\\/Logo-Nuevo-LOS-POLITICOS-1.jpg\",\"contentUrl\":\"https:\\\/\\\/lospoliticosveracruz.com\\\/wp-content\\\/uploads\\\/2025\\\/12\\\/Logo-Nuevo-LOS-POLITICOS-1.jpg\",\"width\":260,\"height\":70,\"caption\":\"Los pol\u00edticos Veracruz\"},\"image\":{\"@id\":\"https:\\\/\\\/lospoliticosveracruz.com\\\/#\\\/schema\\\/logo\\\/image\\\/\"},\"sameAs\":[\"https:\\\/\\\/www.facebook.com\\\/people\\\/Notimemes-de-los-Polticos\\\/61565672886568\\\/\",\"https:\\\/\\\/x.com\\\/LosPoliticosVer\"]},{\"@type\":\"Person\",\"@id\":\"https:\\\/\\\/lospoliticosveracruz.com\\\/#\\\/schema\\\/person\\\/b8702bb0e538456e6efd07080bf2a4a2\",\"name\":\"Lo viste en Los Pol\u00edticos\",\"image\":{\"@type\":\"ImageObject\",\"inLanguage\":\"es\",\"@id\":\"https:\\\/\\\/secure.gravatar.com\\\/avatar\\\/3a8de04a2656d44082be478bd6c086daa447c4651605818287b9532d3d0bd435?s=96&d=mm&r=g\",\"url\":\"https:\\\/\\\/secure.gravatar.com\\\/avatar\\\/3a8de04a2656d44082be478bd6c086daa447c4651605818287b9532d3d0bd435?s=96&d=mm&r=g\",\"contentUrl\":\"https:\\\/\\\/secure.gravatar.com\\\/avatar\\\/3a8de04a2656d44082be478bd6c086daa447c4651605818287b9532d3d0bd435?s=96&d=mm&r=g\",\"caption\":\"Lo viste en Los Pol\u00edticos\"},\"url\":\"https:\\\/\\\/lospoliticosveracruz.com\\\/?author=2\"}]}<\/script>\n<!-- \/ Yoast SEO plugin. -->","yoast_head_json":{"title":"ALIANZA, HASTA CON MORENISTAS! - Los pol\u00edticos Veracruz","robots":{"index":"index","follow":"follow","max-snippet":"max-snippet:-1","max-image-preview":"max-image-preview:large","max-video-preview":"max-video-preview:-1"},"canonical":"https:\/\/lospoliticosveracruz.com\/?p=170147","og_locale":"es_ES","og_type":"article","og_title":"ALIANZA, HASTA CON MORENISTAS! - Los pol\u00edticos Veracruz","og_description":"Angeles Gonz\u00e1lez Ceballos El presidente del Comit\u00e9 Ejecutivo Estatal del PRI, Adolfo Ram\u00edrez Arana, reiter\u00f3 que el Partido est\u00e1 abierto e invit\u00f3 a otros institutos pol\u00edticos a hacer alianza para el proceso electoral del 2027, incluso a morenistas \u00a8que sean buenos\u00a8 \u00a8La invitaci\u00f3n est\u00e1 abierta como lo hemos venido diciendo, nosotros somos un partido proaliancista [&hellip;]","og_url":"https:\/\/lospoliticosveracruz.com\/?p=170147","og_site_name":"Los pol\u00edticos Veracruz","article_publisher":"https:\/\/www.facebook.com\/people\/Notimemes-de-los-Polticos\/61565672886568\/","article_published_time":"2026-04-29T18:32:56+00:00","article_modified_time":"2026-04-29T18:32:57+00:00","og_image":[{"width":600,"height":320,"url":"https:\/\/lospoliticosveracruz.com\/wp-content\/uploads\/2026\/04\/Adolfo.jpg","type":"image\/jpeg"}],"author":"Lo viste en Los Pol\u00edticos","twitter_card":"summary_large_image","twitter_creator":"@LosPoliticosVer","twitter_site":"@LosPoliticosVer","twitter_misc":{"Escrito por":"Lo viste en Los Pol\u00edticos","Tiempo de lectura":"3 minutos"},"schema":{"@context":"https:\/\/schema.org","@graph":[{"@type":"Article","@id":"https:\/\/lospoliticosveracruz.com\/?p=170147#article","isPartOf":{"@id":"https:\/\/lospoliticosveracruz.com\/?p=170147"},"author":{"name":"Lo viste en Los Pol\u00edticos","@id":"https:\/\/lospoliticosveracruz.com\/#\/schema\/person\/b8702bb0e538456e6efd07080bf2a4a2"},"headline":"ALIANZA, HASTA CON MORENISTAS!","datePublished":"2026-04-29T18:32:56+00:00","dateModified":"2026-04-29T18:32:57+00:00","mainEntityOfPage":{"@id":"https:\/\/lospoliticosveracruz.com\/?p=170147"},"wordCount":521,"publisher":{"@id":"https:\/\/lospoliticosveracruz.com\/#organization"},"image":{"@id":"https:\/\/lospoliticosveracruz.com\/?p=170147#primaryimage"},"thumbnailUrl":"https:\/\/lospoliticosveracruz.com\/wp-content\/uploads\/2026\/04\/Adolfo.jpg","keywords":["Adolfo Ram\u00edrez Arana","alianza electoral 2027","Angeles Gonz\u00e1lez Ceballos","Atanasio Garc\u00eda Dur\u00e1n","elecciones 2027 Veracruz","PRI Veracruz","Roc\u00edo Nahle Garc\u00eda"],"articleSection":["La Nota"],"inLanguage":"es"},{"@type":"WebPage","@id":"https:\/\/lospoliticosveracruz.com\/?p=170147","url":"https:\/\/lospoliticosveracruz.com\/?p=170147","name":"ALIANZA, HASTA CON MORENISTAS! - Los pol\u00edticos Veracruz","isPartOf":{"@id":"https:\/\/lospoliticosveracruz.com\/#website"},"primaryImageOfPage":{"@id":"https:\/\/lospoliticosveracruz.com\/?p=170147#primaryimage"},"image":{"@id":"https:\/\/lospoliticosveracruz.com\/?p=170147#primaryimage"},"thumbnailUrl":"https:\/\/lospoliticosveracruz.com\/wp-content\/uploads\/2026\/04\/Adolfo.jpg","datePublished":"2026-04-29T18:32:56+00:00","dateModified":"2026-04-29T18:32:57+00:00","breadcrumb":{"@id":"https:\/\/lospoliticosveracruz.com\/?p=170147#breadcrumb"},"inLanguage":"es","potentialAction":[{"@type":"ReadAction","target":["https:\/\/lospoliticosveracruz.com\/?p=170147"]}]},{"@type":"ImageObject","inLanguage":"es","@id":"https:\/\/lospoliticosveracruz.com\/?p=170147#primaryimage","url":"https:\/\/lospoliticosveracruz.com\/wp-content\/uploads\/2026\/04\/Adolfo.jpg","contentUrl":"https:\/\/lospoliticosveracruz.com\/wp-content\/uploads\/2026\/04\/Adolfo.jpg","width":600,"height":320},{"@type":"BreadcrumbList","@id":"https:\/\/lospoliticosveracruz.com\/?p=170147#breadcrumb","itemListElement":[{"@type":"ListItem","position":1,"name":"Portada","item":"https:\/\/lospoliticosveracruz.com\/"},{"@type":"ListItem","position":2,"name":"ALIANZA, HASTA CON MORENISTAS!"}]},{"@type":"WebSite","@id":"https:\/\/lospoliticosveracruz.com\/#website","url":"https:\/\/lospoliticosveracruz.com\/","name":"Los pol\u00edticos Veracruz","description":"","publisher":{"@id":"https:\/\/lospoliticosveracruz.com\/#organization"},"potentialAction":[{"@type":"SearchAction","target":{"@type":"EntryPoint","urlTemplate":"https:\/\/lospoliticosveracruz.com\/?s={search_term_string}"},"query-input":{"@type":"PropertyValueSpecification","valueRequired":true,"valueName":"search_term_string"}}],"inLanguage":"es"},{"@type":"Organization","@id":"https:\/\/lospoliticosveracruz.com\/#organization","name":"Los pol\u00edticos Veracruz","url":"https:\/\/lospoliticosveracruz.com\/","logo":{"@type":"ImageObject","inLanguage":"es","@id":"https:\/\/lospoliticosveracruz.com\/#\/schema\/logo\/image\/","url":"https:\/\/lospoliticosveracruz.com\/wp-content\/uploads\/2025\/12\/Logo-Nuevo-LOS-POLITICOS-1.jpg","contentUrl":"https:\/\/lospoliticosveracruz.com\/wp-content\/uploads\/2025\/12\/Logo-Nuevo-LOS-POLITICOS-1.jpg","width":260,"height":70,"caption":"Los pol\u00edticos Veracruz"},"image":{"@id":"https:\/\/lospoliticosveracruz.com\/#\/schema\/logo\/image\/"},"sameAs":["https:\/\/www.facebook.com\/people\/Notimemes-de-los-Polticos\/61565672886568\/","https:\/\/x.com\/LosPoliticosVer"]},{"@type":"Person","@id":"https:\/\/lospoliticosveracruz.com\/#\/schema\/person\/b8702bb0e538456e6efd07080bf2a4a2","name":"Lo viste en Los Pol\u00edticos","image":{"@type":"ImageObject","inLanguage":"es","@id":"https:\/\/secure.gravatar.com\/avatar\/3a8de04a2656d44082be478bd6c086daa447c4651605818287b9532d3d0bd435?s=96&d=mm&r=g","url":"https:\/\/secure.gravatar.com\/avatar\/3a8de04a2656d44082be478bd6c086daa447c4651605818287b9532d3d0bd435?s=96&d=mm&r=g","contentUrl":"https:\/\/secure.gravatar.com\/avatar\/3a8de04a2656d44082be478bd6c086daa447c4651605818287b9532d3d0bd435?s=96&d=mm&r=g","caption":"Lo viste en Los Pol\u00edticos"},"url":"https:\/\/lospoliticosveracruz.com\/?author=2"}]}},"_links":{"self":[{"href":"https:\/\/lospoliticosveracruz.com\/index.php?rest_route=\/wp\/v2\/posts\/170147","targetHints":{"allow":["GET"]}}],"collection":[{"href":"https:\/\/lospoliticosveracruz.com\/index.php?rest_route=\/wp\/v2\/posts"}],"about":[{"href":"https:\/\/lospoliticosveracruz.com\/index.php?rest_route=\/wp\/v2\/types\/post"}],"author":[{"embeddable":true,"href":"https:\/\/lospoliticosveracruz.com\/index.php?rest_route=\/wp\/v2\/users\/2"}],"replies":[{"embeddable":true,"href":"https:\/\/lospoliticosveracruz.com\/index.php?rest_route=%2Fwp%2Fv2%2Fcomments&post=170147"}],"version-history":[{"count":1,"href":"https:\/\/lospoliticosveracruz.com\/index.php?rest_route=\/wp\/v2\/posts\/170147\/revisions"}],"predecessor-version":[{"id":170149,"href":"https:\/\/lospoliticosveracruz.com\/index.php?rest_route=\/wp\/v2\/posts\/170147\/revisions\/170149"}],"wp:featuredmedia":[{"embeddable":true,"href":"https:\/\/lospoliticosveracruz.com\/index.php?rest_route=\/wp\/v2\/media\/170148"}],"wp:attachment":[{"href":"https:\/\/lospoliticosveracruz.com\/index.php?rest_route=%2Fwp%2Fv2%2Fmedia&parent=170147"}],"wp:term":[{"taxonomy":"category","embeddable":true,"href":"https:\/\/lospoliticosveracruz.com\/index.php?rest_route=%2Fwp%2Fv2%2Fcategories&post=170147"},{"taxonomy":"post_tag","embeddable":true,"href":"https:\/\/lospoliticosveracruz.com\/index.php?rest_route=%2Fwp%2Fv2%2Ftags&post=170147"}],"curies":[{"name":"wp","href":"https:\/\/api.w.org\/{rel}","templated":true}]}}