{"id":170157,"date":"2026-04-29T13:24:19","date_gmt":"2026-04-29T19:24:19","guid":{"rendered":"https:\/\/lospoliticosveracruz.com\/?p=170157"},"modified":"2026-04-29T14:10:55","modified_gmt":"2026-04-29T20:10:55","slug":"a-trabajar-juntos-por-san-andres-tuxtla","status":"publish","type":"post","link":"https:\/\/lospoliticosveracruz.com\/?p=170157","title":{"rendered":"SAN ANDR\u00c9S TUXTLA, PRIMERO EN PARIDAD EN AGENCIAS Y SUBAGENCIAS MUNICIPALES"},"content":{"rendered":"\n<p><\/p>\n\n\n\n<p><strong>San Andr\u00e9s Tuxtla:<\/strong> El Ayuntamiento de San Andr\u00e9s Tuxtla, tom\u00f3 protesta este mi\u00e9rcoles a 117 agentes y subagentes municipales electos por las comunidades del municipio.\u00a0<\/p>\n\n\n\n<p>Encabezando el acto protocolario, el presidente municipal Rafa Fararoni Maga\u00f1a e integrantes de la Junta Municipal Electoral, dieron la bienvenida a las mujeres y hombres que a partir del 1 de mayo fungir\u00e1n como los principales gestores de sus localidades.&nbsp;<\/p>\n\n\n\n<p>Durante la sesi\u00f3n solemne de toma de protesta llevada a cabo en el patio central de Palacio Municipal, y en presencia del cuerpo edilicio, el presidente municipal dirigi\u00f3 un mensaje a las nuevas autoridades auxiliares de las congregaciones locales, a las cuales invit\u00f3 a trabajar de la mano con la administraci\u00f3n municipal.&nbsp;<\/p>\n\n\n\n<p>Coment\u00f3 que la Ley Org\u00e1nica del Municipio Libre del Estado de Veracruz, en su art\u00edculo 172, establece con claridad que los Agentes y Sub-Agentes Municipales son por mandato de ley, el v\u00ednculo m\u00e1s directo entre el Gobierno y la ciudadan\u00eda; el primer rostro para miles de familias que, de otro modo, tendr\u00edan que recorrer kil\u00f3metros para ser atendidas.<\/p>\n\n\n\n<p>El mun\u00edcipe enfatiz\u00f3 con claridad a las y los presentes que, llegan hoy a un proyecto de gobierno que tiene a\u00f1os caminando, con una visi\u00f3n, con una direcci\u00f3n, con compromisos adquiridos ante la ciudadan\u00eda.&nbsp;<\/p>\n\n\n\n<p>\u00abSu funci\u00f3n es gestora, no ejecutora de recursos. Ustedes son el canal, el puente, la voz de su comunidad ante el Ayuntamiento. No manejan recursos directamente. No definen qu\u00e9 obras se hacen ni qui\u00e9n las recibe. No deciden el destino del presupuesto municipal\u00bb, destac\u00f3.<\/p>\n\n\n\n<p>Rafa Fararoni, solicit\u00f3 a las y los nuevos agentes y subagentes, acercarse a la ciudadan\u00eda que no vot\u00f3 por ellos y a los candidatos que no lograron el triunfo, ya que ser\u00e1n representantes de toda una comunidad, no de grupos.&nbsp;<\/p>\n\n\n\n<p>Resalt\u00f3 que, pese a la resistencia de varios, se vivi\u00f3 un proceso hist\u00f3rico este a\u00f1o al cumplirse principios de paridad que da por primera vez a las mujeres de las localidades la oportunidad de representar a la par con los hombres, a sus vecinas y vecinos.&nbsp;<\/p>\n\n\n\n<p>\u00abAproximadamente el 62% de quienes hoy tomaron protesta son mujeres. Eso no es un dato menor. Eso es un quiebre. Eso es un techo de cristal que se rompe en cada congregaci\u00f3n, en cada rancher\u00eda, en cada localidad de este municipio que eligi\u00f3 a una mujer para representarla\u00bb, subray\u00f3.&nbsp;<\/p>\n\n\n\n<p>Finalmente coment\u00f3 que, con 117 autoridades auxiliares tomando protesta en el recinto, se logr\u00f3 el objetivo que la administraci\u00f3n se propuso desde el inicio: un proceso transparente, ordenado, democr\u00e1tico y leg\u00edtimo.<\/p>\n","protected":false},"excerpt":{"rendered":"<p>San Andr\u00e9s Tuxtla: El Ayuntamiento de San Andr\u00e9s Tuxtla, tom\u00f3 protesta este mi\u00e9rcoles a 117 agentes y subagentes municipales electos por las comunidades del municipio.\u00a0 Encabezando el acto protocolario, el presidente municipal Rafa Fararoni Maga\u00f1a e integrantes de la Junta Municipal Electoral, dieron la bienvenida a las mujeres y hombres que a partir del 1 [&hellip;]<\/p>\n","protected":false},"author":2,"featured_media":170158,"comment_status":"closed","ping_status":"closed","sticky":false,"template":"","format":"standard","meta":{"tdm_status":"","tdm_grid_status":"","footnotes":""},"categories":[56120],"tags":[54136,62744,62741,62743,31573,122,62742],"class_list":{"0":"post-170157","1":"post","2":"type-post","3":"status-publish","4":"format-standard","5":"has-post-thumbnail","7":"category-desde-la-suiza-veracruzana","8":"tag-agentes-y-subagentes-municipales","9":"tag-autoridades-auxiliares-veracruz","10":"tag-ayuntamiento-de-san-andres-tuxtla","11":"tag-paridad-de-genero-comunidades","12":"tag-rafa-fararoni-magana","13":"tag-san-andres-tuxtla","14":"tag-toma-de-protesta-san-andres-tuxtla"},"yoast_head":"<!-- This site is optimized with the Yoast SEO plugin v27.4 - https:\/\/yoast.com\/product\/yoast-seo-wordpress\/ -->\n<title>SAN ANDR\u00c9S TUXTLA, PRIMERO EN PARIDAD EN AGENCIAS Y SUBAGENCIAS MUNICIPALES - Los pol\u00edticos Veracruz<\/title>\n<meta name=\"robots\" content=\"index, follow, max-snippet:-1, max-image-preview:large, max-video-preview:-1\" \/>\n<link rel=\"canonical\" href=\"https:\/\/lospoliticosveracruz.com\/?p=170157\" \/>\n<meta property=\"og:locale\" content=\"es_ES\" \/>\n<meta property=\"og:type\" content=\"article\" \/>\n<meta property=\"og:title\" content=\"SAN ANDR\u00c9S TUXTLA, PRIMERO EN PARIDAD EN AGENCIAS Y SUBAGENCIAS MUNICIPALES - Los pol\u00edticos Veracruz\" \/>\n<meta property=\"og:description\" content=\"San Andr\u00e9s Tuxtla: El Ayuntamiento de San Andr\u00e9s Tuxtla, tom\u00f3 protesta este mi\u00e9rcoles a 117 agentes y subagentes municipales electos por las comunidades del municipio.\u00a0 Encabezando el acto protocolario, el presidente municipal Rafa Fararoni Maga\u00f1a e integrantes de la Junta Municipal Electoral, dieron la bienvenida a las mujeres y hombres que a partir del 1 [&hellip;]\" \/>\n<meta property=\"og:url\" content=\"https:\/\/lospoliticosveracruz.com\/?p=170157\" \/>\n<meta property=\"og:site_name\" content=\"Los pol\u00edticos Veracruz\" \/>\n<meta property=\"article:publisher\" content=\"https:\/\/www.facebook.com\/people\/Notimemes-de-los-Polticos\/61565672886568\/\" \/>\n<meta property=\"article:published_time\" content=\"2026-04-29T19:24:19+00:00\" \/>\n<meta property=\"article:modified_time\" content=\"2026-04-29T20:10:55+00:00\" \/>\n<meta property=\"og:image\" content=\"https:\/\/lospoliticosveracruz.com\/wp-content\/uploads\/2026\/04\/Fararoni-1.jpg\" \/>\n\t<meta property=\"og:image:width\" content=\"600\" \/>\n\t<meta property=\"og:image:height\" content=\"320\" \/>\n\t<meta property=\"og:image:type\" content=\"image\/jpeg\" \/>\n<meta name=\"author\" content=\"Lo viste en Los Pol\u00edticos\" \/>\n<meta name=\"twitter:card\" content=\"summary_large_image\" \/>\n<meta name=\"twitter:creator\" content=\"@LosPoliticosVer\" \/>\n<meta name=\"twitter:site\" content=\"@LosPoliticosVer\" \/>\n<meta name=\"twitter:label1\" content=\"Escrito por\" \/>\n\t<meta name=\"twitter:data1\" content=\"Lo viste en Los Pol\u00edticos\" \/>\n\t<meta name=\"twitter:label2\" content=\"Tiempo de lectura\" \/>\n\t<meta name=\"twitter:data2\" content=\"3 minutos\" \/>\n<script type=\"application\/ld+json\" class=\"yoast-schema-graph\">{\"@context\":\"https:\\\/\\\/schema.org\",\"@graph\":[{\"@type\":\"Article\",\"@id\":\"https:\\\/\\\/lospoliticosveracruz.com\\\/?p=170157#article\",\"isPartOf\":{\"@id\":\"https:\\\/\\\/lospoliticosveracruz.com\\\/?p=170157\"},\"author\":{\"name\":\"Lo viste en Los Pol\u00edticos\",\"@id\":\"https:\\\/\\\/lospoliticosveracruz.com\\\/#\\\/schema\\\/person\\\/b8702bb0e538456e6efd07080bf2a4a2\"},\"headline\":\"SAN ANDR\u00c9S TUXTLA, PRIMERO EN PARIDAD EN AGENCIAS Y SUBAGENCIAS MUNICIPALES\",\"datePublished\":\"2026-04-29T19:24:19+00:00\",\"dateModified\":\"2026-04-29T20:10:55+00:00\",\"mainEntityOfPage\":{\"@id\":\"https:\\\/\\\/lospoliticosveracruz.com\\\/?p=170157\"},\"wordCount\":462,\"publisher\":{\"@id\":\"https:\\\/\\\/lospoliticosveracruz.com\\\/#organization\"},\"image\":{\"@id\":\"https:\\\/\\\/lospoliticosveracruz.com\\\/?p=170157#primaryimage\"},\"thumbnailUrl\":\"https:\\\/\\\/lospoliticosveracruz.com\\\/wp-content\\\/uploads\\\/2026\\\/04\\\/Fararoni-1.jpg\",\"keywords\":[\"agentes y subagentes municipales\",\"autoridades auxiliares Veracruz\",\"Ayuntamiento de San Andr\u00e9s Tuxtla\",\"paridad de g\u00e9nero comunidades\",\"Rafa Fararoni Maga\u00f1a\",\"San Andr\u00e9s Tuxtla\",\"toma de protesta San Andr\u00e9s Tuxtla\"],\"articleSection\":[\"DESDE LA SUIZA VERACRUZANA\"],\"inLanguage\":\"es\"},{\"@type\":\"WebPage\",\"@id\":\"https:\\\/\\\/lospoliticosveracruz.com\\\/?p=170157\",\"url\":\"https:\\\/\\\/lospoliticosveracruz.com\\\/?p=170157\",\"name\":\"SAN ANDR\u00c9S TUXTLA, PRIMERO EN PARIDAD EN AGENCIAS Y SUBAGENCIAS MUNICIPALES - Los pol\u00edticos Veracruz\",\"isPartOf\":{\"@id\":\"https:\\\/\\\/lospoliticosveracruz.com\\\/#website\"},\"primaryImageOfPage\":{\"@id\":\"https:\\\/\\\/lospoliticosveracruz.com\\\/?p=170157#primaryimage\"},\"image\":{\"@id\":\"https:\\\/\\\/lospoliticosveracruz.com\\\/?p=170157#primaryimage\"},\"thumbnailUrl\":\"https:\\\/\\\/lospoliticosveracruz.com\\\/wp-content\\\/uploads\\\/2026\\\/04\\\/Fararoni-1.jpg\",\"datePublished\":\"2026-04-29T19:24:19+00:00\",\"dateModified\":\"2026-04-29T20:10:55+00:00\",\"breadcrumb\":{\"@id\":\"https:\\\/\\\/lospoliticosveracruz.com\\\/?p=170157#breadcrumb\"},\"inLanguage\":\"es\",\"potentialAction\":[{\"@type\":\"ReadAction\",\"target\":[\"https:\\\/\\\/lospoliticosveracruz.com\\\/?p=170157\"]}]},{\"@type\":\"ImageObject\",\"inLanguage\":\"es\",\"@id\":\"https:\\\/\\\/lospoliticosveracruz.com\\\/?p=170157#primaryimage\",\"url\":\"https:\\\/\\\/lospoliticosveracruz.com\\\/wp-content\\\/uploads\\\/2026\\\/04\\\/Fararoni-1.jpg\",\"contentUrl\":\"https:\\\/\\\/lospoliticosveracruz.com\\\/wp-content\\\/uploads\\\/2026\\\/04\\\/Fararoni-1.jpg\",\"width\":600,\"height\":320},{\"@type\":\"BreadcrumbList\",\"@id\":\"https:\\\/\\\/lospoliticosveracruz.com\\\/?p=170157#breadcrumb\",\"itemListElement\":[{\"@type\":\"ListItem\",\"position\":1,\"name\":\"Portada\",\"item\":\"https:\\\/\\\/lospoliticosveracruz.com\\\/\"},{\"@type\":\"ListItem\",\"position\":2,\"name\":\"SAN ANDR\u00c9S TUXTLA, PRIMERO EN PARIDAD EN AGENCIAS Y SUBAGENCIAS MUNICIPALES\"}]},{\"@type\":\"WebSite\",\"@id\":\"https:\\\/\\\/lospoliticosveracruz.com\\\/#website\",\"url\":\"https:\\\/\\\/lospoliticosveracruz.com\\\/\",\"name\":\"Los pol\u00edticos Veracruz\",\"description\":\"\",\"publisher\":{\"@id\":\"https:\\\/\\\/lospoliticosveracruz.com\\\/#organization\"},\"potentialAction\":[{\"@type\":\"SearchAction\",\"target\":{\"@type\":\"EntryPoint\",\"urlTemplate\":\"https:\\\/\\\/lospoliticosveracruz.com\\\/?s={search_term_string}\"},\"query-input\":{\"@type\":\"PropertyValueSpecification\",\"valueRequired\":true,\"valueName\":\"search_term_string\"}}],\"inLanguage\":\"es\"},{\"@type\":\"Organization\",\"@id\":\"https:\\\/\\\/lospoliticosveracruz.com\\\/#organization\",\"name\":\"Los pol\u00edticos Veracruz\",\"url\":\"https:\\\/\\\/lospoliticosveracruz.com\\\/\",\"logo\":{\"@type\":\"ImageObject\",\"inLanguage\":\"es\",\"@id\":\"https:\\\/\\\/lospoliticosveracruz.com\\\/#\\\/schema\\\/logo\\\/image\\\/\",\"url\":\"https:\\\/\\\/lospoliticosveracruz.com\\\/wp-content\\\/uploads\\\/2025\\\/12\\\/Logo-Nuevo-LOS-POLITICOS-1.jpg\",\"contentUrl\":\"https:\\\/\\\/lospoliticosveracruz.com\\\/wp-content\\\/uploads\\\/2025\\\/12\\\/Logo-Nuevo-LOS-POLITICOS-1.jpg\",\"width\":260,\"height\":70,\"caption\":\"Los pol\u00edticos Veracruz\"},\"image\":{\"@id\":\"https:\\\/\\\/lospoliticosveracruz.com\\\/#\\\/schema\\\/logo\\\/image\\\/\"},\"sameAs\":[\"https:\\\/\\\/www.facebook.com\\\/people\\\/Notimemes-de-los-Polticos\\\/61565672886568\\\/\",\"https:\\\/\\\/x.com\\\/LosPoliticosVer\"]},{\"@type\":\"Person\",\"@id\":\"https:\\\/\\\/lospoliticosveracruz.com\\\/#\\\/schema\\\/person\\\/b8702bb0e538456e6efd07080bf2a4a2\",\"name\":\"Lo viste en Los Pol\u00edticos\",\"image\":{\"@type\":\"ImageObject\",\"inLanguage\":\"es\",\"@id\":\"https:\\\/\\\/secure.gravatar.com\\\/avatar\\\/3a8de04a2656d44082be478bd6c086daa447c4651605818287b9532d3d0bd435?s=96&d=mm&r=g\",\"url\":\"https:\\\/\\\/secure.gravatar.com\\\/avatar\\\/3a8de04a2656d44082be478bd6c086daa447c4651605818287b9532d3d0bd435?s=96&d=mm&r=g\",\"contentUrl\":\"https:\\\/\\\/secure.gravatar.com\\\/avatar\\\/3a8de04a2656d44082be478bd6c086daa447c4651605818287b9532d3d0bd435?s=96&d=mm&r=g\",\"caption\":\"Lo viste en Los Pol\u00edticos\"},\"url\":\"https:\\\/\\\/lospoliticosveracruz.com\\\/?author=2\"}]}<\/script>\n<!-- \/ Yoast SEO plugin. -->","yoast_head_json":{"title":"SAN ANDR\u00c9S TUXTLA, PRIMERO EN PARIDAD EN AGENCIAS Y SUBAGENCIAS MUNICIPALES - Los pol\u00edticos Veracruz","robots":{"index":"index","follow":"follow","max-snippet":"max-snippet:-1","max-image-preview":"max-image-preview:large","max-video-preview":"max-video-preview:-1"},"canonical":"https:\/\/lospoliticosveracruz.com\/?p=170157","og_locale":"es_ES","og_type":"article","og_title":"SAN ANDR\u00c9S TUXTLA, PRIMERO EN PARIDAD EN AGENCIAS Y SUBAGENCIAS MUNICIPALES - Los pol\u00edticos Veracruz","og_description":"San Andr\u00e9s Tuxtla: El Ayuntamiento de San Andr\u00e9s Tuxtla, tom\u00f3 protesta este mi\u00e9rcoles a 117 agentes y subagentes municipales electos por las comunidades del municipio.\u00a0 Encabezando el acto protocolario, el presidente municipal Rafa Fararoni Maga\u00f1a e integrantes de la Junta Municipal Electoral, dieron la bienvenida a las mujeres y hombres que a partir del 1 [&hellip;]","og_url":"https:\/\/lospoliticosveracruz.com\/?p=170157","og_site_name":"Los pol\u00edticos Veracruz","article_publisher":"https:\/\/www.facebook.com\/people\/Notimemes-de-los-Polticos\/61565672886568\/","article_published_time":"2026-04-29T19:24:19+00:00","article_modified_time":"2026-04-29T20:10:55+00:00","og_image":[{"width":600,"height":320,"url":"https:\/\/lospoliticosveracruz.com\/wp-content\/uploads\/2026\/04\/Fararoni-1.jpg","type":"image\/jpeg"}],"author":"Lo viste en Los Pol\u00edticos","twitter_card":"summary_large_image","twitter_creator":"@LosPoliticosVer","twitter_site":"@LosPoliticosVer","twitter_misc":{"Escrito por":"Lo viste en Los Pol\u00edticos","Tiempo de lectura":"3 minutos"},"schema":{"@context":"https:\/\/schema.org","@graph":[{"@type":"Article","@id":"https:\/\/lospoliticosveracruz.com\/?p=170157#article","isPartOf":{"@id":"https:\/\/lospoliticosveracruz.com\/?p=170157"},"author":{"name":"Lo viste en Los Pol\u00edticos","@id":"https:\/\/lospoliticosveracruz.com\/#\/schema\/person\/b8702bb0e538456e6efd07080bf2a4a2"},"headline":"SAN ANDR\u00c9S TUXTLA, PRIMERO EN PARIDAD EN AGENCIAS Y SUBAGENCIAS MUNICIPALES","datePublished":"2026-04-29T19:24:19+00:00","dateModified":"2026-04-29T20:10:55+00:00","mainEntityOfPage":{"@id":"https:\/\/lospoliticosveracruz.com\/?p=170157"},"wordCount":462,"publisher":{"@id":"https:\/\/lospoliticosveracruz.com\/#organization"},"image":{"@id":"https:\/\/lospoliticosveracruz.com\/?p=170157#primaryimage"},"thumbnailUrl":"https:\/\/lospoliticosveracruz.com\/wp-content\/uploads\/2026\/04\/Fararoni-1.jpg","keywords":["agentes y subagentes municipales","autoridades auxiliares Veracruz","Ayuntamiento de San Andr\u00e9s Tuxtla","paridad de g\u00e9nero comunidades","Rafa Fararoni Maga\u00f1a","San Andr\u00e9s Tuxtla","toma de protesta San Andr\u00e9s Tuxtla"],"articleSection":["DESDE LA SUIZA VERACRUZANA"],"inLanguage":"es"},{"@type":"WebPage","@id":"https:\/\/lospoliticosveracruz.com\/?p=170157","url":"https:\/\/lospoliticosveracruz.com\/?p=170157","name":"SAN ANDR\u00c9S TUXTLA, PRIMERO EN PARIDAD EN AGENCIAS Y SUBAGENCIAS MUNICIPALES - Los pol\u00edticos Veracruz","isPartOf":{"@id":"https:\/\/lospoliticosveracruz.com\/#website"},"primaryImageOfPage":{"@id":"https:\/\/lospoliticosveracruz.com\/?p=170157#primaryimage"},"image":{"@id":"https:\/\/lospoliticosveracruz.com\/?p=170157#primaryimage"},"thumbnailUrl":"https:\/\/lospoliticosveracruz.com\/wp-content\/uploads\/2026\/04\/Fararoni-1.jpg","datePublished":"2026-04-29T19:24:19+00:00","dateModified":"2026-04-29T20:10:55+00:00","breadcrumb":{"@id":"https:\/\/lospoliticosveracruz.com\/?p=170157#breadcrumb"},"inLanguage":"es","potentialAction":[{"@type":"ReadAction","target":["https:\/\/lospoliticosveracruz.com\/?p=170157"]}]},{"@type":"ImageObject","inLanguage":"es","@id":"https:\/\/lospoliticosveracruz.com\/?p=170157#primaryimage","url":"https:\/\/lospoliticosveracruz.com\/wp-content\/uploads\/2026\/04\/Fararoni-1.jpg","contentUrl":"https:\/\/lospoliticosveracruz.com\/wp-content\/uploads\/2026\/04\/Fararoni-1.jpg","width":600,"height":320},{"@type":"BreadcrumbList","@id":"https:\/\/lospoliticosveracruz.com\/?p=170157#breadcrumb","itemListElement":[{"@type":"ListItem","position":1,"name":"Portada","item":"https:\/\/lospoliticosveracruz.com\/"},{"@type":"ListItem","position":2,"name":"SAN ANDR\u00c9S TUXTLA, PRIMERO EN PARIDAD EN AGENCIAS Y SUBAGENCIAS MUNICIPALES"}]},{"@type":"WebSite","@id":"https:\/\/lospoliticosveracruz.com\/#website","url":"https:\/\/lospoliticosveracruz.com\/","name":"Los pol\u00edticos Veracruz","description":"","publisher":{"@id":"https:\/\/lospoliticosveracruz.com\/#organization"},"potentialAction":[{"@type":"SearchAction","target":{"@type":"EntryPoint","urlTemplate":"https:\/\/lospoliticosveracruz.com\/?s={search_term_string}"},"query-input":{"@type":"PropertyValueSpecification","valueRequired":true,"valueName":"search_term_string"}}],"inLanguage":"es"},{"@type":"Organization","@id":"https:\/\/lospoliticosveracruz.com\/#organization","name":"Los pol\u00edticos Veracruz","url":"https:\/\/lospoliticosveracruz.com\/","logo":{"@type":"ImageObject","inLanguage":"es","@id":"https:\/\/lospoliticosveracruz.com\/#\/schema\/logo\/image\/","url":"https:\/\/lospoliticosveracruz.com\/wp-content\/uploads\/2025\/12\/Logo-Nuevo-LOS-POLITICOS-1.jpg","contentUrl":"https:\/\/lospoliticosveracruz.com\/wp-content\/uploads\/2025\/12\/Logo-Nuevo-LOS-POLITICOS-1.jpg","width":260,"height":70,"caption":"Los pol\u00edticos Veracruz"},"image":{"@id":"https:\/\/lospoliticosveracruz.com\/#\/schema\/logo\/image\/"},"sameAs":["https:\/\/www.facebook.com\/people\/Notimemes-de-los-Polticos\/61565672886568\/","https:\/\/x.com\/LosPoliticosVer"]},{"@type":"Person","@id":"https:\/\/lospoliticosveracruz.com\/#\/schema\/person\/b8702bb0e538456e6efd07080bf2a4a2","name":"Lo viste en Los Pol\u00edticos","image":{"@type":"ImageObject","inLanguage":"es","@id":"https:\/\/secure.gravatar.com\/avatar\/3a8de04a2656d44082be478bd6c086daa447c4651605818287b9532d3d0bd435?s=96&d=mm&r=g","url":"https:\/\/secure.gravatar.com\/avatar\/3a8de04a2656d44082be478bd6c086daa447c4651605818287b9532d3d0bd435?s=96&d=mm&r=g","contentUrl":"https:\/\/secure.gravatar.com\/avatar\/3a8de04a2656d44082be478bd6c086daa447c4651605818287b9532d3d0bd435?s=96&d=mm&r=g","caption":"Lo viste en Los Pol\u00edticos"},"url":"https:\/\/lospoliticosveracruz.com\/?author=2"}]}},"_links":{"self":[{"href":"https:\/\/lospoliticosveracruz.com\/index.php?rest_route=\/wp\/v2\/posts\/170157","targetHints":{"allow":["GET"]}}],"collection":[{"href":"https:\/\/lospoliticosveracruz.com\/index.php?rest_route=\/wp\/v2\/posts"}],"about":[{"href":"https:\/\/lospoliticosveracruz.com\/index.php?rest_route=\/wp\/v2\/types\/post"}],"author":[{"embeddable":true,"href":"https:\/\/lospoliticosveracruz.com\/index.php?rest_route=\/wp\/v2\/users\/2"}],"replies":[{"embeddable":true,"href":"https:\/\/lospoliticosveracruz.com\/index.php?rest_route=%2Fwp%2Fv2%2Fcomments&post=170157"}],"version-history":[{"count":2,"href":"https:\/\/lospoliticosveracruz.com\/index.php?rest_route=\/wp\/v2\/posts\/170157\/revisions"}],"predecessor-version":[{"id":170160,"href":"https:\/\/lospoliticosveracruz.com\/index.php?rest_route=\/wp\/v2\/posts\/170157\/revisions\/170160"}],"wp:featuredmedia":[{"embeddable":true,"href":"https:\/\/lospoliticosveracruz.com\/index.php?rest_route=\/wp\/v2\/media\/170158"}],"wp:attachment":[{"href":"https:\/\/lospoliticosveracruz.com\/index.php?rest_route=%2Fwp%2Fv2%2Fmedia&parent=170157"}],"wp:term":[{"taxonomy":"category","embeddable":true,"href":"https:\/\/lospoliticosveracruz.com\/index.php?rest_route=%2Fwp%2Fv2%2Fcategories&post=170157"},{"taxonomy":"post_tag","embeddable":true,"href":"https:\/\/lospoliticosveracruz.com\/index.php?rest_route=%2Fwp%2Fv2%2Ftags&post=170157"}],"curies":[{"name":"wp","href":"https:\/\/api.w.org\/{rel}","templated":true}]}}