{"id":170201,"date":"2026-04-29T18:10:23","date_gmt":"2026-04-30T00:10:23","guid":{"rendered":"https:\/\/lospoliticosveracruz.com\/?p=170201"},"modified":"2026-04-29T18:10:25","modified_gmt":"2026-04-30T00:10:25","slug":"muchas-papas-calientes","status":"publish","type":"post","link":"https:\/\/lospoliticosveracruz.com\/?p=170201","title":{"rendered":"MUCHAS PAPAS CALIENTES"},"content":{"rendered":"\n<p><strong>Rub\u00e9n Morales Aburto<\/strong><\/p>\n\n\n\n<p><em>El Poder y La Pasi\u00f3n<\/em><\/p>\n\n\n\n<p>En las elecciones de agentes municipales en Veracruz, hay muchas quejas, inconsistencias, inconformidades, hasta tomas de protesta a puerta cerrada?, \u00f3igame usted?, de qu\u00e9 se trata?.<\/p>\n\n\n\n<p>Solo que sea miedo a las elecciones del 27?.&nbsp;<\/p>\n\n\n\n<p>No hay publicidad mala<\/p>\n\n\n\n<p>Deber\u00edan de agradecer que Atanacio Garc\u00eda (Tata Nacho), con todo el colmillo retorcido le di\u00f3 para arriba a la imagen tan fr\u00eda, baja y fea que trae la Gobernadora Nahle. Le ayudo a subir su raithig, en horas funcionarios, diputados, hasta alcaldes desatendidos del norte de Veracruz, se volcaron en apoyo, a la gobersh. Deber\u00edan agradecer. Una llamadita, un caf\u00e9, una comida. No sean tan cerrados a su pasi\u00f3n morenista. Ac\u00e9ptenlo ayud\u00f3 y abon\u00f3. Qu\u00e9 no?.<\/p>\n\n\n\n<p>Y las playas aaaapaaaa???<\/p>\n\n\n\n<p>81 playas con chapopote&nbsp;<\/p>\n\n\n\n<p>No tiene presidentes que el platas de Veracruz y Tabasco sigue y sigue llegando chapopote ya en menores cantidades pero sigue llegando a gotitas.&nbsp;<\/p>\n\n\n\n<p>Rub\u00e9n Rocha Moya&nbsp;<\/p>\n\n\n\n<p>Se sabe todo de Rocha Moya, y van con todo me refiero a la gente del gringo. Al tiempo. La punta de la hebra.&nbsp;<\/p>\n\n\n\n<p>Sheibaun machucada!!!<\/p>\n\n\n\n<p>Esta la Presudenta de todas y todos los morenistas entre lo que dicen, piden y quiere Lord Trump y Lord L\u00f3pez. Al tiempo la machucada va a tronar como viendo pisas una cucaracha.&nbsp;<\/p>\n\n\n\n<p>Chistes del desfile del 1o. de Mayo<\/p>\n\n\n\n<p>Que se les soliciten no pongan tanto contingente para el desfile del pr\u00f3ximo viernes primero de Mayo, si no es m\u00e1s que conmemorar a los trabajadores. Desfile hecho para y por los trabajadores. Sino quiere apechugar quejas, que las hay, sino quiere resolver a las necesidades. No pida poco contingente, Do\u00f1a Ch\u00edo.&nbsp;<\/p>\n\n\n\n<p>Eliminar pensiones doradas<\/p>\n\n\n\n<p>Porque marinos y militares no???<\/p>\n\n\n\n<p>Mis respetos a la clase castrence pero deber\u00e1n ser parejos y bajar pensiones a MARINA y SEDENA.<\/p>\n\n\n\n<p><strong>En Xalapa, Equez., Ver.&nbsp;<\/strong><\/p>\n\n\n\n<p>Cerraron la ma\u00f1ana del martes la circulaci\u00f3n para baja Dr. Lucio, por obras, lamentablemente fue el desatino del personal de CMAS, dependiente del Ayuntamiento que preside ya saben quien.&nbsp;&nbsp;Mala desiciones municipalistas.&nbsp;&nbsp;No te digo?.&nbsp;<\/p>\n\n\n\n<p><strong>Acuerdos con empleados de saluuuuuu!!!<\/strong><\/p>\n\n\n\n<p>Los m\u00e1s de 20 mil trabajadores&nbsp;delden todo Veracruz decidieron levantar el paro que mantuvo cuatro d\u00edas en crisis al sector Salud en Veracruz, luego de que autoridades ofrecieron resolver algunas de sus demandas.<\/p>\n\n\n\n<p><strong>Solo as\u00ed&nbsp;<\/strong><\/p>\n\n\n\n<p>El pasado viernes por la noche tras el ofrecimiento del gobierno las secciones 26 Sur, 26 Centro, 26 Norte, 40, correspondiente al Hospital Regional de Alta Especialidad de Veracruz; 70, 71 y 74 del estado, aceptaron disolver el paro.<\/p>\n\n\n\n<p><strong>Peeeeeeroooooo<\/strong><\/p>\n\n\n\n<p>Quedo muy muy claro que todos los liderados por Antonio Ortiz Fern\u00e1ndez, secretario general de la Secci\u00f3n 26 zona centro de Veracruz de SNTSA, advirtieron a Roc\u00edo Nahle, que volver\u00e1n a tomar todas las instalaciones, si no les cumple los acuerdos a la que llegaron.&nbsp;<\/p>\n\n\n\n<p><strong>En El Higo, Ver.&nbsp;&nbsp;<\/strong><\/p>\n\n\n\n<p>Habitantes afectado de las comunidades fueron a CDMX, para pedir apoyo ya que en Veracruz luego de las inundaciones en octubre pasado ya se cumplieron 6 meses y nadie les a apoyado. Se trata de m\u00e1s m\u00e1s de 10 mil habitantes t\u00e9s de origen ca\u00f1ero.&nbsp;&nbsp;<\/p>\n\n\n\n<p><strong>En Fort\u00edn, Ver.&nbsp;&nbsp;<\/strong><\/p>\n\n\n\n<p>Que ya hay varios casos de gusano barrenador en perros de la comunidad de Monte Blanco Ver.<\/p>\n\n\n\n<p><strong>En Las Choapas, Ver.<\/strong><\/p>\n\n\n\n<p>El honorable ayuntamiento promovi\u00f3 un oficio ante el congreso de Veracruz, para la donaci\u00f3n de un terreno propiedad municipal a favor de la Universidad del Bienestar \u201cBenito Ju\u00e1rez Garc\u00eda\u201d, clave:&nbsp;&nbsp;30UBBJ0061.<\/p>\n\n\n\n<p><\/p>\n","protected":false},"excerpt":{"rendered":"<p>Rub\u00e9n Morales Aburto El Poder y La Pasi\u00f3n En las elecciones de agentes municipales en Veracruz, hay muchas quejas, inconsistencias, inconformidades, hasta tomas de protesta a puerta cerrada?, \u00f3igame usted?, de qu\u00e9 se trata?. Solo que sea miedo a las elecciones del 27?.&nbsp; No hay publicidad mala Deber\u00edan de agradecer que Atanacio Garc\u00eda (Tata Nacho), [&hellip;]<\/p>\n","protected":false},"author":2,"featured_media":143902,"comment_status":"closed","ping_status":"closed","sticky":false,"template":"","format":"standard","meta":{"tdm_status":"","tdm_grid_status":"","footnotes":""},"categories":[70],"tags":[62776,62679,62775,62729,3578,43802],"class_list":{"0":"post-170201","1":"post","2":"type-post","3":"status-publish","4":"format-standard","5":"has-post-thumbnail","7":"category-de-opinion","8":"tag-agentes-municipales-veracruz","9":"tag-atanasio-garcia-duran","10":"tag-chapopote-en-playas-veracruz","11":"tag-crisis-sector-salud-veracruz","12":"tag-rocio-nahle","13":"tag-ruben-morales-aburto"},"yoast_head":"<!-- This site is optimized with the Yoast SEO plugin v27.4 - https:\/\/yoast.com\/product\/yoast-seo-wordpress\/ -->\n<title>MUCHAS PAPAS CALIENTES - Los pol\u00edticos Veracruz<\/title>\n<meta name=\"robots\" content=\"index, follow, max-snippet:-1, max-image-preview:large, max-video-preview:-1\" \/>\n<link rel=\"canonical\" href=\"https:\/\/lospoliticosveracruz.com\/?p=170201\" \/>\n<meta property=\"og:locale\" content=\"es_ES\" \/>\n<meta property=\"og:type\" content=\"article\" \/>\n<meta property=\"og:title\" content=\"MUCHAS PAPAS CALIENTES - Los pol\u00edticos Veracruz\" \/>\n<meta property=\"og:description\" content=\"Rub\u00e9n Morales Aburto El Poder y La Pasi\u00f3n En las elecciones de agentes municipales en Veracruz, hay muchas quejas, inconsistencias, inconformidades, hasta tomas de protesta a puerta cerrada?, \u00f3igame usted?, de qu\u00e9 se trata?. Solo que sea miedo a las elecciones del 27?.&nbsp; No hay publicidad mala Deber\u00edan de agradecer que Atanacio Garc\u00eda (Tata Nacho), [&hellip;]\" \/>\n<meta property=\"og:url\" content=\"https:\/\/lospoliticosveracruz.com\/?p=170201\" \/>\n<meta property=\"og:site_name\" content=\"Los pol\u00edticos Veracruz\" \/>\n<meta property=\"article:publisher\" content=\"https:\/\/www.facebook.com\/people\/Notimemes-de-los-Polticos\/61565672886568\/\" \/>\n<meta property=\"article:published_time\" content=\"2026-04-30T00:10:23+00:00\" \/>\n<meta property=\"article:modified_time\" content=\"2026-04-30T00:10:25+00:00\" \/>\n<meta property=\"og:image\" content=\"https:\/\/lospoliticosveracruz.com\/wp-content\/uploads\/2025\/05\/Ruben-Morales-Aburto.jpg\" \/>\n\t<meta property=\"og:image:width\" content=\"1000\" \/>\n\t<meta property=\"og:image:height\" content=\"533\" \/>\n\t<meta property=\"og:image:type\" content=\"image\/jpeg\" \/>\n<meta name=\"author\" content=\"Lo viste en Los Pol\u00edticos\" \/>\n<meta name=\"twitter:card\" content=\"summary_large_image\" \/>\n<meta name=\"twitter:creator\" content=\"@LosPoliticosVer\" \/>\n<meta name=\"twitter:site\" content=\"@LosPoliticosVer\" \/>\n<meta name=\"twitter:label1\" content=\"Escrito por\" \/>\n\t<meta name=\"twitter:data1\" content=\"Lo viste en Los Pol\u00edticos\" \/>\n\t<meta name=\"twitter:label2\" content=\"Tiempo de lectura\" \/>\n\t<meta name=\"twitter:data2\" content=\"3 minutos\" \/>\n<script type=\"application\/ld+json\" class=\"yoast-schema-graph\">{\"@context\":\"https:\\\/\\\/schema.org\",\"@graph\":[{\"@type\":\"Article\",\"@id\":\"https:\\\/\\\/lospoliticosveracruz.com\\\/?p=170201#article\",\"isPartOf\":{\"@id\":\"https:\\\/\\\/lospoliticosveracruz.com\\\/?p=170201\"},\"author\":{\"name\":\"Lo viste en Los Pol\u00edticos\",\"@id\":\"https:\\\/\\\/lospoliticosveracruz.com\\\/#\\\/schema\\\/person\\\/b8702bb0e538456e6efd07080bf2a4a2\"},\"headline\":\"MUCHAS PAPAS CALIENTES\",\"datePublished\":\"2026-04-30T00:10:23+00:00\",\"dateModified\":\"2026-04-30T00:10:25+00:00\",\"mainEntityOfPage\":{\"@id\":\"https:\\\/\\\/lospoliticosveracruz.com\\\/?p=170201\"},\"wordCount\":615,\"publisher\":{\"@id\":\"https:\\\/\\\/lospoliticosveracruz.com\\\/#organization\"},\"image\":{\"@id\":\"https:\\\/\\\/lospoliticosveracruz.com\\\/?p=170201#primaryimage\"},\"thumbnailUrl\":\"https:\\\/\\\/lospoliticosveracruz.com\\\/wp-content\\\/uploads\\\/2025\\\/05\\\/Ruben-Morales-Aburto.jpg\",\"keywords\":[\"agentes municipales Veracruz\",\"Atanasio Garc\u00eda Dur\u00e1n\",\"chapopote en playas Veracruz\",\"crisis sector salud Veracruz\",\"Roc\u00edo Nahle\",\"Rub\u00e9n Morales Aburto\"],\"articleSection\":[\"De Opini\u00f3n\"],\"inLanguage\":\"es\"},{\"@type\":\"WebPage\",\"@id\":\"https:\\\/\\\/lospoliticosveracruz.com\\\/?p=170201\",\"url\":\"https:\\\/\\\/lospoliticosveracruz.com\\\/?p=170201\",\"name\":\"MUCHAS PAPAS CALIENTES - Los pol\u00edticos Veracruz\",\"isPartOf\":{\"@id\":\"https:\\\/\\\/lospoliticosveracruz.com\\\/#website\"},\"primaryImageOfPage\":{\"@id\":\"https:\\\/\\\/lospoliticosveracruz.com\\\/?p=170201#primaryimage\"},\"image\":{\"@id\":\"https:\\\/\\\/lospoliticosveracruz.com\\\/?p=170201#primaryimage\"},\"thumbnailUrl\":\"https:\\\/\\\/lospoliticosveracruz.com\\\/wp-content\\\/uploads\\\/2025\\\/05\\\/Ruben-Morales-Aburto.jpg\",\"datePublished\":\"2026-04-30T00:10:23+00:00\",\"dateModified\":\"2026-04-30T00:10:25+00:00\",\"breadcrumb\":{\"@id\":\"https:\\\/\\\/lospoliticosveracruz.com\\\/?p=170201#breadcrumb\"},\"inLanguage\":\"es\",\"potentialAction\":[{\"@type\":\"ReadAction\",\"target\":[\"https:\\\/\\\/lospoliticosveracruz.com\\\/?p=170201\"]}]},{\"@type\":\"ImageObject\",\"inLanguage\":\"es\",\"@id\":\"https:\\\/\\\/lospoliticosveracruz.com\\\/?p=170201#primaryimage\",\"url\":\"https:\\\/\\\/lospoliticosveracruz.com\\\/wp-content\\\/uploads\\\/2025\\\/05\\\/Ruben-Morales-Aburto.jpg\",\"contentUrl\":\"https:\\\/\\\/lospoliticosveracruz.com\\\/wp-content\\\/uploads\\\/2025\\\/05\\\/Ruben-Morales-Aburto.jpg\",\"width\":1000,\"height\":533},{\"@type\":\"BreadcrumbList\",\"@id\":\"https:\\\/\\\/lospoliticosveracruz.com\\\/?p=170201#breadcrumb\",\"itemListElement\":[{\"@type\":\"ListItem\",\"position\":1,\"name\":\"Portada\",\"item\":\"https:\\\/\\\/lospoliticosveracruz.com\\\/\"},{\"@type\":\"ListItem\",\"position\":2,\"name\":\"MUCHAS PAPAS CALIENTES\"}]},{\"@type\":\"WebSite\",\"@id\":\"https:\\\/\\\/lospoliticosveracruz.com\\\/#website\",\"url\":\"https:\\\/\\\/lospoliticosveracruz.com\\\/\",\"name\":\"Los pol\u00edticos Veracruz\",\"description\":\"\",\"publisher\":{\"@id\":\"https:\\\/\\\/lospoliticosveracruz.com\\\/#organization\"},\"potentialAction\":[{\"@type\":\"SearchAction\",\"target\":{\"@type\":\"EntryPoint\",\"urlTemplate\":\"https:\\\/\\\/lospoliticosveracruz.com\\\/?s={search_term_string}\"},\"query-input\":{\"@type\":\"PropertyValueSpecification\",\"valueRequired\":true,\"valueName\":\"search_term_string\"}}],\"inLanguage\":\"es\"},{\"@type\":\"Organization\",\"@id\":\"https:\\\/\\\/lospoliticosveracruz.com\\\/#organization\",\"name\":\"Los pol\u00edticos Veracruz\",\"url\":\"https:\\\/\\\/lospoliticosveracruz.com\\\/\",\"logo\":{\"@type\":\"ImageObject\",\"inLanguage\":\"es\",\"@id\":\"https:\\\/\\\/lospoliticosveracruz.com\\\/#\\\/schema\\\/logo\\\/image\\\/\",\"url\":\"https:\\\/\\\/lospoliticosveracruz.com\\\/wp-content\\\/uploads\\\/2025\\\/12\\\/Logo-Nuevo-LOS-POLITICOS-1.jpg\",\"contentUrl\":\"https:\\\/\\\/lospoliticosveracruz.com\\\/wp-content\\\/uploads\\\/2025\\\/12\\\/Logo-Nuevo-LOS-POLITICOS-1.jpg\",\"width\":260,\"height\":70,\"caption\":\"Los pol\u00edticos Veracruz\"},\"image\":{\"@id\":\"https:\\\/\\\/lospoliticosveracruz.com\\\/#\\\/schema\\\/logo\\\/image\\\/\"},\"sameAs\":[\"https:\\\/\\\/www.facebook.com\\\/people\\\/Notimemes-de-los-Polticos\\\/61565672886568\\\/\",\"https:\\\/\\\/x.com\\\/LosPoliticosVer\"]},{\"@type\":\"Person\",\"@id\":\"https:\\\/\\\/lospoliticosveracruz.com\\\/#\\\/schema\\\/person\\\/b8702bb0e538456e6efd07080bf2a4a2\",\"name\":\"Lo viste en Los Pol\u00edticos\",\"image\":{\"@type\":\"ImageObject\",\"inLanguage\":\"es\",\"@id\":\"https:\\\/\\\/secure.gravatar.com\\\/avatar\\\/3a8de04a2656d44082be478bd6c086daa447c4651605818287b9532d3d0bd435?s=96&d=mm&r=g\",\"url\":\"https:\\\/\\\/secure.gravatar.com\\\/avatar\\\/3a8de04a2656d44082be478bd6c086daa447c4651605818287b9532d3d0bd435?s=96&d=mm&r=g\",\"contentUrl\":\"https:\\\/\\\/secure.gravatar.com\\\/avatar\\\/3a8de04a2656d44082be478bd6c086daa447c4651605818287b9532d3d0bd435?s=96&d=mm&r=g\",\"caption\":\"Lo viste en Los Pol\u00edticos\"},\"url\":\"https:\\\/\\\/lospoliticosveracruz.com\\\/?author=2\"}]}<\/script>\n<!-- \/ Yoast SEO plugin. -->","yoast_head_json":{"title":"MUCHAS PAPAS CALIENTES - Los pol\u00edticos Veracruz","robots":{"index":"index","follow":"follow","max-snippet":"max-snippet:-1","max-image-preview":"max-image-preview:large","max-video-preview":"max-video-preview:-1"},"canonical":"https:\/\/lospoliticosveracruz.com\/?p=170201","og_locale":"es_ES","og_type":"article","og_title":"MUCHAS PAPAS CALIENTES - Los pol\u00edticos Veracruz","og_description":"Rub\u00e9n Morales Aburto El Poder y La Pasi\u00f3n En las elecciones de agentes municipales en Veracruz, hay muchas quejas, inconsistencias, inconformidades, hasta tomas de protesta a puerta cerrada?, \u00f3igame usted?, de qu\u00e9 se trata?. Solo que sea miedo a las elecciones del 27?.&nbsp; No hay publicidad mala Deber\u00edan de agradecer que Atanacio Garc\u00eda (Tata Nacho), [&hellip;]","og_url":"https:\/\/lospoliticosveracruz.com\/?p=170201","og_site_name":"Los pol\u00edticos Veracruz","article_publisher":"https:\/\/www.facebook.com\/people\/Notimemes-de-los-Polticos\/61565672886568\/","article_published_time":"2026-04-30T00:10:23+00:00","article_modified_time":"2026-04-30T00:10:25+00:00","og_image":[{"width":1000,"height":533,"url":"https:\/\/lospoliticosveracruz.com\/wp-content\/uploads\/2025\/05\/Ruben-Morales-Aburto.jpg","type":"image\/jpeg"}],"author":"Lo viste en Los Pol\u00edticos","twitter_card":"summary_large_image","twitter_creator":"@LosPoliticosVer","twitter_site":"@LosPoliticosVer","twitter_misc":{"Escrito por":"Lo viste en Los Pol\u00edticos","Tiempo de lectura":"3 minutos"},"schema":{"@context":"https:\/\/schema.org","@graph":[{"@type":"Article","@id":"https:\/\/lospoliticosveracruz.com\/?p=170201#article","isPartOf":{"@id":"https:\/\/lospoliticosveracruz.com\/?p=170201"},"author":{"name":"Lo viste en Los Pol\u00edticos","@id":"https:\/\/lospoliticosveracruz.com\/#\/schema\/person\/b8702bb0e538456e6efd07080bf2a4a2"},"headline":"MUCHAS PAPAS CALIENTES","datePublished":"2026-04-30T00:10:23+00:00","dateModified":"2026-04-30T00:10:25+00:00","mainEntityOfPage":{"@id":"https:\/\/lospoliticosveracruz.com\/?p=170201"},"wordCount":615,"publisher":{"@id":"https:\/\/lospoliticosveracruz.com\/#organization"},"image":{"@id":"https:\/\/lospoliticosveracruz.com\/?p=170201#primaryimage"},"thumbnailUrl":"https:\/\/lospoliticosveracruz.com\/wp-content\/uploads\/2025\/05\/Ruben-Morales-Aburto.jpg","keywords":["agentes municipales Veracruz","Atanasio Garc\u00eda Dur\u00e1n","chapopote en playas Veracruz","crisis sector salud Veracruz","Roc\u00edo Nahle","Rub\u00e9n Morales Aburto"],"articleSection":["De Opini\u00f3n"],"inLanguage":"es"},{"@type":"WebPage","@id":"https:\/\/lospoliticosveracruz.com\/?p=170201","url":"https:\/\/lospoliticosveracruz.com\/?p=170201","name":"MUCHAS PAPAS CALIENTES - Los pol\u00edticos Veracruz","isPartOf":{"@id":"https:\/\/lospoliticosveracruz.com\/#website"},"primaryImageOfPage":{"@id":"https:\/\/lospoliticosveracruz.com\/?p=170201#primaryimage"},"image":{"@id":"https:\/\/lospoliticosveracruz.com\/?p=170201#primaryimage"},"thumbnailUrl":"https:\/\/lospoliticosveracruz.com\/wp-content\/uploads\/2025\/05\/Ruben-Morales-Aburto.jpg","datePublished":"2026-04-30T00:10:23+00:00","dateModified":"2026-04-30T00:10:25+00:00","breadcrumb":{"@id":"https:\/\/lospoliticosveracruz.com\/?p=170201#breadcrumb"},"inLanguage":"es","potentialAction":[{"@type":"ReadAction","target":["https:\/\/lospoliticosveracruz.com\/?p=170201"]}]},{"@type":"ImageObject","inLanguage":"es","@id":"https:\/\/lospoliticosveracruz.com\/?p=170201#primaryimage","url":"https:\/\/lospoliticosveracruz.com\/wp-content\/uploads\/2025\/05\/Ruben-Morales-Aburto.jpg","contentUrl":"https:\/\/lospoliticosveracruz.com\/wp-content\/uploads\/2025\/05\/Ruben-Morales-Aburto.jpg","width":1000,"height":533},{"@type":"BreadcrumbList","@id":"https:\/\/lospoliticosveracruz.com\/?p=170201#breadcrumb","itemListElement":[{"@type":"ListItem","position":1,"name":"Portada","item":"https:\/\/lospoliticosveracruz.com\/"},{"@type":"ListItem","position":2,"name":"MUCHAS PAPAS CALIENTES"}]},{"@type":"WebSite","@id":"https:\/\/lospoliticosveracruz.com\/#website","url":"https:\/\/lospoliticosveracruz.com\/","name":"Los pol\u00edticos Veracruz","description":"","publisher":{"@id":"https:\/\/lospoliticosveracruz.com\/#organization"},"potentialAction":[{"@type":"SearchAction","target":{"@type":"EntryPoint","urlTemplate":"https:\/\/lospoliticosveracruz.com\/?s={search_term_string}"},"query-input":{"@type":"PropertyValueSpecification","valueRequired":true,"valueName":"search_term_string"}}],"inLanguage":"es"},{"@type":"Organization","@id":"https:\/\/lospoliticosveracruz.com\/#organization","name":"Los pol\u00edticos Veracruz","url":"https:\/\/lospoliticosveracruz.com\/","logo":{"@type":"ImageObject","inLanguage":"es","@id":"https:\/\/lospoliticosveracruz.com\/#\/schema\/logo\/image\/","url":"https:\/\/lospoliticosveracruz.com\/wp-content\/uploads\/2025\/12\/Logo-Nuevo-LOS-POLITICOS-1.jpg","contentUrl":"https:\/\/lospoliticosveracruz.com\/wp-content\/uploads\/2025\/12\/Logo-Nuevo-LOS-POLITICOS-1.jpg","width":260,"height":70,"caption":"Los pol\u00edticos Veracruz"},"image":{"@id":"https:\/\/lospoliticosveracruz.com\/#\/schema\/logo\/image\/"},"sameAs":["https:\/\/www.facebook.com\/people\/Notimemes-de-los-Polticos\/61565672886568\/","https:\/\/x.com\/LosPoliticosVer"]},{"@type":"Person","@id":"https:\/\/lospoliticosveracruz.com\/#\/schema\/person\/b8702bb0e538456e6efd07080bf2a4a2","name":"Lo viste en Los Pol\u00edticos","image":{"@type":"ImageObject","inLanguage":"es","@id":"https:\/\/secure.gravatar.com\/avatar\/3a8de04a2656d44082be478bd6c086daa447c4651605818287b9532d3d0bd435?s=96&d=mm&r=g","url":"https:\/\/secure.gravatar.com\/avatar\/3a8de04a2656d44082be478bd6c086daa447c4651605818287b9532d3d0bd435?s=96&d=mm&r=g","contentUrl":"https:\/\/secure.gravatar.com\/avatar\/3a8de04a2656d44082be478bd6c086daa447c4651605818287b9532d3d0bd435?s=96&d=mm&r=g","caption":"Lo viste en Los Pol\u00edticos"},"url":"https:\/\/lospoliticosveracruz.com\/?author=2"}]}},"_links":{"self":[{"href":"https:\/\/lospoliticosveracruz.com\/index.php?rest_route=\/wp\/v2\/posts\/170201","targetHints":{"allow":["GET"]}}],"collection":[{"href":"https:\/\/lospoliticosveracruz.com\/index.php?rest_route=\/wp\/v2\/posts"}],"about":[{"href":"https:\/\/lospoliticosveracruz.com\/index.php?rest_route=\/wp\/v2\/types\/post"}],"author":[{"embeddable":true,"href":"https:\/\/lospoliticosveracruz.com\/index.php?rest_route=\/wp\/v2\/users\/2"}],"replies":[{"embeddable":true,"href":"https:\/\/lospoliticosveracruz.com\/index.php?rest_route=%2Fwp%2Fv2%2Fcomments&post=170201"}],"version-history":[{"count":2,"href":"https:\/\/lospoliticosveracruz.com\/index.php?rest_route=\/wp\/v2\/posts\/170201\/revisions"}],"predecessor-version":[{"id":170203,"href":"https:\/\/lospoliticosveracruz.com\/index.php?rest_route=\/wp\/v2\/posts\/170201\/revisions\/170203"}],"wp:featuredmedia":[{"embeddable":true,"href":"https:\/\/lospoliticosveracruz.com\/index.php?rest_route=\/wp\/v2\/media\/143902"}],"wp:attachment":[{"href":"https:\/\/lospoliticosveracruz.com\/index.php?rest_route=%2Fwp%2Fv2%2Fmedia&parent=170201"}],"wp:term":[{"taxonomy":"category","embeddable":true,"href":"https:\/\/lospoliticosveracruz.com\/index.php?rest_route=%2Fwp%2Fv2%2Fcategories&post=170201"},{"taxonomy":"post_tag","embeddable":true,"href":"https:\/\/lospoliticosveracruz.com\/index.php?rest_route=%2Fwp%2Fv2%2Ftags&post=170201"}],"curies":[{"name":"wp","href":"https:\/\/api.w.org\/{rel}","templated":true}]}}