{"id":170220,"date":"2026-04-29T21:48:13","date_gmt":"2026-04-30T03:48:13","guid":{"rendered":"https:\/\/lospoliticosveracruz.com\/?p=170220"},"modified":"2026-04-29T21:48:14","modified_gmt":"2026-04-30T03:48:14","slug":"aprueban-pmd-2026-2029","status":"publish","type":"post","link":"https:\/\/lospoliticosveracruz.com\/?p=170220","title":{"rendered":"APRUEBAN PMD 2026-2029!"},"content":{"rendered":"<div class=\"wp-block-image\">\n<figure class=\"alignleft size-large is-resized\"><a href=\"https:\/\/lospoliticosveracruz.com\/wp-content\/uploads\/2026\/04\/LOSPOLITICOS_336X280PX_-01-e1776274861670.jpg\"><img loading=\"lazy\" decoding=\"async\" width=\"1024\" height=\"854\" src=\"https:\/\/lospoliticosveracruz.com\/wp-content\/uploads\/2026\/04\/LOSPOLITICOS_336X280PX_-01-1024x854.jpg\" alt=\"\" class=\"wp-image-168800\" style=\"aspect-ratio:1.1990751813760663;width:390px;height:auto\"\/><\/a><\/figure>\n<\/div>\n\n\n<p>En Sesi\u00f3n Ordinaria de Cabildo encabezada por la Alcaldesa, Lic. Daniela Griego Ceballos, se aprob\u00f3 el Plan Municipal de Desarrollo de Xalapa (PMD) 2026-2029, que ser\u00e1 el documento rector del trabajo que realizar\u00e1 el Ayuntamiento durante los pr\u00f3ximos cuatro a\u00f1os.<\/p>\n\n\n\n<p>Al respecto, la Presidenta Municipal destac\u00f3 que el PMD se construy\u00f3 con el equipo de trabajo del Gobierno Municipal, sin erogar onerosos recursos en la contrataci\u00f3n de consultoras.<\/p>\n\n\n\n<p>Reconoci\u00f3 la activa participaci\u00f3n ciudadana mediante Foros de Consulta, durante las jornadas del D\u00eda del Pueblo y el trabajo en territorio permanente que se realiza, logrando as\u00ed un documento que retrata las necesidades reales de la capital, \u201cpues este Ayuntamiento entiende que no se puede gobernar desde el escritorio\u201d, enfatiz\u00f3 la Presidenta Municipal.<\/p>\n\n\n\n<p>En Xalapa, dijo, se gobierna escuchando las necesidades, potencialidades y enorme fuerza de su gente, para integrar a las decisiones y pol\u00edticas p\u00fablicas un rostro humano, la sensibilidad social y la perspectiva de desarrollo a mediano y largo plazo.<\/p>\n\n\n\n<p>Explic\u00f3 que el PMD se basa en cinco ejes rectores: Desarrollo Social, Inclusi\u00f3n y Bienestar; Protecci\u00f3n del Medio Ambiente y Uso Racional de los Recursos Naturales; Desarrollo Urbano con Movilidad e Infraestructura Adecuada, Incluyente y Sostenible; Desarrollo Econ\u00f3mico y Recuperaci\u00f3n del Potencial Tur\u00edstico de Xalapa; y finalmente Seguridad Ciudadana y Cultura de Paz.<\/p>\n\n\n\n<p>A la Sesi\u00f3n asistieron el S\u00edndico \u00danico, Dr. Marco Aurelio Mart\u00ednez S\u00e1nchez; el Secretario del Ayuntamiento, Mtro. V\u00edctor Hugo Meza Cruz; la Regidora Primera, Lic. Diana Julieta Aguilar Ortega; el Regidor Segundo, Lic. Axel Fern\u00e1ndez Cambambia; la Regidora Tercera, Mtra. Susan Liliana Morales Segura; el Regidor Cuarto, Lic. Alfonso Osegueda Cruz, y la Regidora Quinta, Dra. Raquel Rosal\u00eda Casta\u00f1eda Gonz\u00e1lez.<\/p>\n\n\n\n<p>Tambi\u00e9n, la Regidora Sexta, Lic. Hilda Elvia Aguilar Arroyo; el Regidor S\u00e9ptimo, Lic. Diego Moreno Mart\u00ednez; la Regidora Octava, Lic. Clarissa Monserrat L\u00f3pez Morales; el Regidor Noveno, Lic. Joaqu\u00edn Alejandro Cano Hern\u00e1ndez; la Regidora D\u00e9cima, Dra. M\u00f3nica Mendoza Madrigal; el Regidor D\u00e9cimo Primero, Lic. Dalos Ulises Rodr\u00edguez Vargas; la Regidora D\u00e9cima Segunda, Dra. Flor de Mar\u00eda Mendoza Mu\u00f1iz, y la Regidora D\u00e9cima Tercera, Lic. Priscila Nataly Labastida Vega.<\/p>\n\n\n\n<p>Adem\u00e1s, se autoriz\u00f3 suscribir un Convenio de Colaboraci\u00f3n con la C\u00e1mara Mexicana de la Industria de la Construcci\u00f3n (CMIC) Delegaci\u00f3n Veracruz Centro, con el objetivo de establecer acciones conjuntas para el desarrollo de infraestructura en el municipio.<\/p>\n\n\n\n<p>Asimismo, se aval\u00f3 signar un Convenio de Colaboraci\u00f3n Administrativa en materia de Catastro con la Secretar\u00eda de Gobierno del Estado de Veracruz, para establecer las bases de colaboraci\u00f3n y coordinaci\u00f3n de acciones en materia de catastro.<\/p>\n\n\n\n<p>Y se suscribir\u00e1 un Convenio de Colaboraci\u00f3n con la Secretar\u00eda de Cultura del Gobierno de M\u00e9xico, a trav\u00e9s de la Direcci\u00f3n General de Bibliotecas y la Fonoteca Nacional, con el fin de instalar una Audioteca Remota en el municipio, lo que permitir\u00e1 acceder al acervo de la Fonoteca Nacional y fortalecer y ampliar los servicios que ofrece el Museo de la M\u00fasica Veracruzana.<\/p>\n\n\n\n<p>Por otra parte, se aprob\u00f3 el Programa de Apoyo a Creadores Art\u00edsticos, que contempla descuentos para el uso de espacios culturales y la emisi\u00f3n de distintas convocatorias para brindar est\u00edmulos a creadores de diversas disciplinas.<\/p>\n\n\n\n<p>Este mi\u00e9rcoles, las y los regidores autorizaron contratar un despacho especializado en materia de contribuciones de Seguridad Social registrado ante el Instituto Mexicano del Seguro Social (IMSS) como Contador P\u00fablico Autorizado, a efecto de realizar el dictamen del IMSS correspondiente al Ejercicio Fiscal 2025.<\/p>\n\n\n\n<p>Aunado a ello, se tom\u00f3 protesta a las y los integrantes del Consejo de la Cr\u00f3nica Municipal, quienes destacan por su trayectoria en investigaci\u00f3n y conservaci\u00f3n del patrimonio cultural municipal, que incluye \u00e1reas como la gastronom\u00eda, las letras, la historia y comunicaci\u00f3n.<\/p>\n\n\n\n<p>Finalmente, se aval\u00f3 el Acta de la Sesi\u00f3n Ordinaria de Cabildo del 15 abril del presente a\u00f1o y se aprob\u00f3 establecer distintos convenios de colaboraci\u00f3n con el DIF Estatal, a fin de operar iniciativas relacionadas con la atenci\u00f3n alimentaria, la salud, el bienestar comunitario y el programa DIF Pilares.<\/p>\n","protected":false},"excerpt":{"rendered":"<p>En Sesi\u00f3n Ordinaria de Cabildo encabezada por la Alcaldesa, Lic. Daniela Griego Ceballos, se aprob\u00f3 el Plan Municipal de Desarrollo de Xalapa (PMD) 2026-2029, que ser\u00e1 el documento rector del trabajo que realizar\u00e1 el Ayuntamiento durante los pr\u00f3ximos cuatro a\u00f1os. Al respecto, la Presidenta Municipal destac\u00f3 que el PMD se construy\u00f3 con el equipo de [&hellip;]<\/p>\n","protected":false},"author":2,"featured_media":170221,"comment_status":"closed","ping_status":"closed","sticky":false,"template":"","format":"standard","meta":{"tdm_status":"","tdm_grid_status":"","footnotes":""},"categories":[52572],"tags":[1534,9585,6657,62791,57427,62790,96],"class_list":{"0":"post-170220","1":"post","2":"type-post","3":"status-publish","4":"format-standard","5":"has-post-thumbnail","7":"category-desdelaatenas","8":"tag-ayuntamiento-de-xalapa","9":"tag-cabildo-de-xalapa","10":"tag-daniela-griego-ceballos","11":"tag-desarrollo-social-y-bienestar","12":"tag-plan-municipal-de-desarrollo-2026-2029","13":"tag-pmd-xalapa","14":"tag-xalapa"},"yoast_head":"<!-- This site is optimized with the Yoast SEO plugin v27.4 - https:\/\/yoast.com\/product\/yoast-seo-wordpress\/ -->\n<title>APRUEBAN PMD 2026-2029! - Los pol\u00edticos Veracruz<\/title>\n<meta name=\"robots\" content=\"index, follow, max-snippet:-1, max-image-preview:large, max-video-preview:-1\" \/>\n<link rel=\"canonical\" href=\"https:\/\/lospoliticosveracruz.com\/?p=170220\" \/>\n<meta property=\"og:locale\" content=\"es_ES\" \/>\n<meta property=\"og:type\" content=\"article\" \/>\n<meta property=\"og:title\" content=\"APRUEBAN PMD 2026-2029! - Los pol\u00edticos Veracruz\" \/>\n<meta property=\"og:description\" content=\"En Sesi\u00f3n Ordinaria de Cabildo encabezada por la Alcaldesa, Lic. Daniela Griego Ceballos, se aprob\u00f3 el Plan Municipal de Desarrollo de Xalapa (PMD) 2026-2029, que ser\u00e1 el documento rector del trabajo que realizar\u00e1 el Ayuntamiento durante los pr\u00f3ximos cuatro a\u00f1os. Al respecto, la Presidenta Municipal destac\u00f3 que el PMD se construy\u00f3 con el equipo de [&hellip;]\" \/>\n<meta property=\"og:url\" content=\"https:\/\/lospoliticosveracruz.com\/?p=170220\" \/>\n<meta property=\"og:site_name\" content=\"Los pol\u00edticos Veracruz\" \/>\n<meta property=\"article:publisher\" content=\"https:\/\/www.facebook.com\/people\/Notimemes-de-los-Polticos\/61565672886568\/\" \/>\n<meta property=\"article:published_time\" content=\"2026-04-30T03:48:13+00:00\" \/>\n<meta property=\"article:modified_time\" content=\"2026-04-30T03:48:14+00:00\" \/>\n<meta property=\"og:image\" content=\"https:\/\/lospoliticosveracruz.com\/wp-content\/uploads\/2026\/04\/Daniela-9.jpg\" \/>\n\t<meta property=\"og:image:width\" content=\"600\" \/>\n\t<meta property=\"og:image:height\" content=\"320\" \/>\n\t<meta property=\"og:image:type\" content=\"image\/jpeg\" \/>\n<meta name=\"author\" content=\"Lo viste en Los Pol\u00edticos\" \/>\n<meta name=\"twitter:card\" content=\"summary_large_image\" \/>\n<meta name=\"twitter:creator\" content=\"@LosPoliticosVer\" \/>\n<meta name=\"twitter:site\" content=\"@LosPoliticosVer\" \/>\n<meta name=\"twitter:label1\" content=\"Escrito por\" \/>\n\t<meta name=\"twitter:data1\" content=\"Lo viste en Los Pol\u00edticos\" \/>\n\t<meta name=\"twitter:label2\" content=\"Tiempo de lectura\" \/>\n\t<meta name=\"twitter:data2\" content=\"4 minutos\" \/>\n<script type=\"application\/ld+json\" class=\"yoast-schema-graph\">{\"@context\":\"https:\\\/\\\/schema.org\",\"@graph\":[{\"@type\":\"Article\",\"@id\":\"https:\\\/\\\/lospoliticosveracruz.com\\\/?p=170220#article\",\"isPartOf\":{\"@id\":\"https:\\\/\\\/lospoliticosveracruz.com\\\/?p=170220\"},\"author\":{\"name\":\"Lo viste en Los Pol\u00edticos\",\"@id\":\"https:\\\/\\\/lospoliticosveracruz.com\\\/#\\\/schema\\\/person\\\/b8702bb0e538456e6efd07080bf2a4a2\"},\"headline\":\"APRUEBAN PMD 2026-2029!\",\"datePublished\":\"2026-04-30T03:48:13+00:00\",\"dateModified\":\"2026-04-30T03:48:14+00:00\",\"mainEntityOfPage\":{\"@id\":\"https:\\\/\\\/lospoliticosveracruz.com\\\/?p=170220\"},\"wordCount\":713,\"publisher\":{\"@id\":\"https:\\\/\\\/lospoliticosveracruz.com\\\/#organization\"},\"image\":{\"@id\":\"https:\\\/\\\/lospoliticosveracruz.com\\\/?p=170220#primaryimage\"},\"thumbnailUrl\":\"https:\\\/\\\/lospoliticosveracruz.com\\\/wp-content\\\/uploads\\\/2026\\\/04\\\/Daniela-9.jpg\",\"keywords\":[\"ayuntamiento de Xalapa\",\"Cabildo de Xalapa\",\"Daniela Griego Ceballos\",\"desarrollo social y bienestar\",\"Plan Municipal de Desarrollo 2026-2029\",\"PMD Xalapa\",\"Xalapa\"],\"articleSection\":[\"Desde La Atenas\"],\"inLanguage\":\"es\"},{\"@type\":\"WebPage\",\"@id\":\"https:\\\/\\\/lospoliticosveracruz.com\\\/?p=170220\",\"url\":\"https:\\\/\\\/lospoliticosveracruz.com\\\/?p=170220\",\"name\":\"APRUEBAN PMD 2026-2029! - Los pol\u00edticos Veracruz\",\"isPartOf\":{\"@id\":\"https:\\\/\\\/lospoliticosveracruz.com\\\/#website\"},\"primaryImageOfPage\":{\"@id\":\"https:\\\/\\\/lospoliticosveracruz.com\\\/?p=170220#primaryimage\"},\"image\":{\"@id\":\"https:\\\/\\\/lospoliticosveracruz.com\\\/?p=170220#primaryimage\"},\"thumbnailUrl\":\"https:\\\/\\\/lospoliticosveracruz.com\\\/wp-content\\\/uploads\\\/2026\\\/04\\\/Daniela-9.jpg\",\"datePublished\":\"2026-04-30T03:48:13+00:00\",\"dateModified\":\"2026-04-30T03:48:14+00:00\",\"breadcrumb\":{\"@id\":\"https:\\\/\\\/lospoliticosveracruz.com\\\/?p=170220#breadcrumb\"},\"inLanguage\":\"es\",\"potentialAction\":[{\"@type\":\"ReadAction\",\"target\":[\"https:\\\/\\\/lospoliticosveracruz.com\\\/?p=170220\"]}]},{\"@type\":\"ImageObject\",\"inLanguage\":\"es\",\"@id\":\"https:\\\/\\\/lospoliticosveracruz.com\\\/?p=170220#primaryimage\",\"url\":\"https:\\\/\\\/lospoliticosveracruz.com\\\/wp-content\\\/uploads\\\/2026\\\/04\\\/Daniela-9.jpg\",\"contentUrl\":\"https:\\\/\\\/lospoliticosveracruz.com\\\/wp-content\\\/uploads\\\/2026\\\/04\\\/Daniela-9.jpg\",\"width\":600,\"height\":320},{\"@type\":\"BreadcrumbList\",\"@id\":\"https:\\\/\\\/lospoliticosveracruz.com\\\/?p=170220#breadcrumb\",\"itemListElement\":[{\"@type\":\"ListItem\",\"position\":1,\"name\":\"Portada\",\"item\":\"https:\\\/\\\/lospoliticosveracruz.com\\\/\"},{\"@type\":\"ListItem\",\"position\":2,\"name\":\"APRUEBAN PMD 2026-2029!\"}]},{\"@type\":\"WebSite\",\"@id\":\"https:\\\/\\\/lospoliticosveracruz.com\\\/#website\",\"url\":\"https:\\\/\\\/lospoliticosveracruz.com\\\/\",\"name\":\"Los pol\u00edticos Veracruz\",\"description\":\"\",\"publisher\":{\"@id\":\"https:\\\/\\\/lospoliticosveracruz.com\\\/#organization\"},\"potentialAction\":[{\"@type\":\"SearchAction\",\"target\":{\"@type\":\"EntryPoint\",\"urlTemplate\":\"https:\\\/\\\/lospoliticosveracruz.com\\\/?s={search_term_string}\"},\"query-input\":{\"@type\":\"PropertyValueSpecification\",\"valueRequired\":true,\"valueName\":\"search_term_string\"}}],\"inLanguage\":\"es\"},{\"@type\":\"Organization\",\"@id\":\"https:\\\/\\\/lospoliticosveracruz.com\\\/#organization\",\"name\":\"Los pol\u00edticos Veracruz\",\"url\":\"https:\\\/\\\/lospoliticosveracruz.com\\\/\",\"logo\":{\"@type\":\"ImageObject\",\"inLanguage\":\"es\",\"@id\":\"https:\\\/\\\/lospoliticosveracruz.com\\\/#\\\/schema\\\/logo\\\/image\\\/\",\"url\":\"https:\\\/\\\/lospoliticosveracruz.com\\\/wp-content\\\/uploads\\\/2025\\\/12\\\/Logo-Nuevo-LOS-POLITICOS-1.jpg\",\"contentUrl\":\"https:\\\/\\\/lospoliticosveracruz.com\\\/wp-content\\\/uploads\\\/2025\\\/12\\\/Logo-Nuevo-LOS-POLITICOS-1.jpg\",\"width\":260,\"height\":70,\"caption\":\"Los pol\u00edticos Veracruz\"},\"image\":{\"@id\":\"https:\\\/\\\/lospoliticosveracruz.com\\\/#\\\/schema\\\/logo\\\/image\\\/\"},\"sameAs\":[\"https:\\\/\\\/www.facebook.com\\\/people\\\/Notimemes-de-los-Polticos\\\/61565672886568\\\/\",\"https:\\\/\\\/x.com\\\/LosPoliticosVer\"]},{\"@type\":\"Person\",\"@id\":\"https:\\\/\\\/lospoliticosveracruz.com\\\/#\\\/schema\\\/person\\\/b8702bb0e538456e6efd07080bf2a4a2\",\"name\":\"Lo viste en Los Pol\u00edticos\",\"image\":{\"@type\":\"ImageObject\",\"inLanguage\":\"es\",\"@id\":\"https:\\\/\\\/secure.gravatar.com\\\/avatar\\\/3a8de04a2656d44082be478bd6c086daa447c4651605818287b9532d3d0bd435?s=96&d=mm&r=g\",\"url\":\"https:\\\/\\\/secure.gravatar.com\\\/avatar\\\/3a8de04a2656d44082be478bd6c086daa447c4651605818287b9532d3d0bd435?s=96&d=mm&r=g\",\"contentUrl\":\"https:\\\/\\\/secure.gravatar.com\\\/avatar\\\/3a8de04a2656d44082be478bd6c086daa447c4651605818287b9532d3d0bd435?s=96&d=mm&r=g\",\"caption\":\"Lo viste en Los Pol\u00edticos\"},\"url\":\"https:\\\/\\\/lospoliticosveracruz.com\\\/?author=2\"}]}<\/script>\n<!-- \/ Yoast SEO plugin. -->","yoast_head_json":{"title":"APRUEBAN PMD 2026-2029! - Los pol\u00edticos Veracruz","robots":{"index":"index","follow":"follow","max-snippet":"max-snippet:-1","max-image-preview":"max-image-preview:large","max-video-preview":"max-video-preview:-1"},"canonical":"https:\/\/lospoliticosveracruz.com\/?p=170220","og_locale":"es_ES","og_type":"article","og_title":"APRUEBAN PMD 2026-2029! - Los pol\u00edticos Veracruz","og_description":"En Sesi\u00f3n Ordinaria de Cabildo encabezada por la Alcaldesa, Lic. Daniela Griego Ceballos, se aprob\u00f3 el Plan Municipal de Desarrollo de Xalapa (PMD) 2026-2029, que ser\u00e1 el documento rector del trabajo que realizar\u00e1 el Ayuntamiento durante los pr\u00f3ximos cuatro a\u00f1os. Al respecto, la Presidenta Municipal destac\u00f3 que el PMD se construy\u00f3 con el equipo de [&hellip;]","og_url":"https:\/\/lospoliticosveracruz.com\/?p=170220","og_site_name":"Los pol\u00edticos Veracruz","article_publisher":"https:\/\/www.facebook.com\/people\/Notimemes-de-los-Polticos\/61565672886568\/","article_published_time":"2026-04-30T03:48:13+00:00","article_modified_time":"2026-04-30T03:48:14+00:00","og_image":[{"width":600,"height":320,"url":"https:\/\/lospoliticosveracruz.com\/wp-content\/uploads\/2026\/04\/Daniela-9.jpg","type":"image\/jpeg"}],"author":"Lo viste en Los Pol\u00edticos","twitter_card":"summary_large_image","twitter_creator":"@LosPoliticosVer","twitter_site":"@LosPoliticosVer","twitter_misc":{"Escrito por":"Lo viste en Los Pol\u00edticos","Tiempo de lectura":"4 minutos"},"schema":{"@context":"https:\/\/schema.org","@graph":[{"@type":"Article","@id":"https:\/\/lospoliticosveracruz.com\/?p=170220#article","isPartOf":{"@id":"https:\/\/lospoliticosveracruz.com\/?p=170220"},"author":{"name":"Lo viste en Los Pol\u00edticos","@id":"https:\/\/lospoliticosveracruz.com\/#\/schema\/person\/b8702bb0e538456e6efd07080bf2a4a2"},"headline":"APRUEBAN PMD 2026-2029!","datePublished":"2026-04-30T03:48:13+00:00","dateModified":"2026-04-30T03:48:14+00:00","mainEntityOfPage":{"@id":"https:\/\/lospoliticosveracruz.com\/?p=170220"},"wordCount":713,"publisher":{"@id":"https:\/\/lospoliticosveracruz.com\/#organization"},"image":{"@id":"https:\/\/lospoliticosveracruz.com\/?p=170220#primaryimage"},"thumbnailUrl":"https:\/\/lospoliticosveracruz.com\/wp-content\/uploads\/2026\/04\/Daniela-9.jpg","keywords":["ayuntamiento de Xalapa","Cabildo de Xalapa","Daniela Griego Ceballos","desarrollo social y bienestar","Plan Municipal de Desarrollo 2026-2029","PMD Xalapa","Xalapa"],"articleSection":["Desde La Atenas"],"inLanguage":"es"},{"@type":"WebPage","@id":"https:\/\/lospoliticosveracruz.com\/?p=170220","url":"https:\/\/lospoliticosveracruz.com\/?p=170220","name":"APRUEBAN PMD 2026-2029! - Los pol\u00edticos Veracruz","isPartOf":{"@id":"https:\/\/lospoliticosveracruz.com\/#website"},"primaryImageOfPage":{"@id":"https:\/\/lospoliticosveracruz.com\/?p=170220#primaryimage"},"image":{"@id":"https:\/\/lospoliticosveracruz.com\/?p=170220#primaryimage"},"thumbnailUrl":"https:\/\/lospoliticosveracruz.com\/wp-content\/uploads\/2026\/04\/Daniela-9.jpg","datePublished":"2026-04-30T03:48:13+00:00","dateModified":"2026-04-30T03:48:14+00:00","breadcrumb":{"@id":"https:\/\/lospoliticosveracruz.com\/?p=170220#breadcrumb"},"inLanguage":"es","potentialAction":[{"@type":"ReadAction","target":["https:\/\/lospoliticosveracruz.com\/?p=170220"]}]},{"@type":"ImageObject","inLanguage":"es","@id":"https:\/\/lospoliticosveracruz.com\/?p=170220#primaryimage","url":"https:\/\/lospoliticosveracruz.com\/wp-content\/uploads\/2026\/04\/Daniela-9.jpg","contentUrl":"https:\/\/lospoliticosveracruz.com\/wp-content\/uploads\/2026\/04\/Daniela-9.jpg","width":600,"height":320},{"@type":"BreadcrumbList","@id":"https:\/\/lospoliticosveracruz.com\/?p=170220#breadcrumb","itemListElement":[{"@type":"ListItem","position":1,"name":"Portada","item":"https:\/\/lospoliticosveracruz.com\/"},{"@type":"ListItem","position":2,"name":"APRUEBAN PMD 2026-2029!"}]},{"@type":"WebSite","@id":"https:\/\/lospoliticosveracruz.com\/#website","url":"https:\/\/lospoliticosveracruz.com\/","name":"Los pol\u00edticos Veracruz","description":"","publisher":{"@id":"https:\/\/lospoliticosveracruz.com\/#organization"},"potentialAction":[{"@type":"SearchAction","target":{"@type":"EntryPoint","urlTemplate":"https:\/\/lospoliticosveracruz.com\/?s={search_term_string}"},"query-input":{"@type":"PropertyValueSpecification","valueRequired":true,"valueName":"search_term_string"}}],"inLanguage":"es"},{"@type":"Organization","@id":"https:\/\/lospoliticosveracruz.com\/#organization","name":"Los pol\u00edticos Veracruz","url":"https:\/\/lospoliticosveracruz.com\/","logo":{"@type":"ImageObject","inLanguage":"es","@id":"https:\/\/lospoliticosveracruz.com\/#\/schema\/logo\/image\/","url":"https:\/\/lospoliticosveracruz.com\/wp-content\/uploads\/2025\/12\/Logo-Nuevo-LOS-POLITICOS-1.jpg","contentUrl":"https:\/\/lospoliticosveracruz.com\/wp-content\/uploads\/2025\/12\/Logo-Nuevo-LOS-POLITICOS-1.jpg","width":260,"height":70,"caption":"Los pol\u00edticos Veracruz"},"image":{"@id":"https:\/\/lospoliticosveracruz.com\/#\/schema\/logo\/image\/"},"sameAs":["https:\/\/www.facebook.com\/people\/Notimemes-de-los-Polticos\/61565672886568\/","https:\/\/x.com\/LosPoliticosVer"]},{"@type":"Person","@id":"https:\/\/lospoliticosveracruz.com\/#\/schema\/person\/b8702bb0e538456e6efd07080bf2a4a2","name":"Lo viste en Los Pol\u00edticos","image":{"@type":"ImageObject","inLanguage":"es","@id":"https:\/\/secure.gravatar.com\/avatar\/3a8de04a2656d44082be478bd6c086daa447c4651605818287b9532d3d0bd435?s=96&d=mm&r=g","url":"https:\/\/secure.gravatar.com\/avatar\/3a8de04a2656d44082be478bd6c086daa447c4651605818287b9532d3d0bd435?s=96&d=mm&r=g","contentUrl":"https:\/\/secure.gravatar.com\/avatar\/3a8de04a2656d44082be478bd6c086daa447c4651605818287b9532d3d0bd435?s=96&d=mm&r=g","caption":"Lo viste en Los Pol\u00edticos"},"url":"https:\/\/lospoliticosveracruz.com\/?author=2"}]}},"_links":{"self":[{"href":"https:\/\/lospoliticosveracruz.com\/index.php?rest_route=\/wp\/v2\/posts\/170220","targetHints":{"allow":["GET"]}}],"collection":[{"href":"https:\/\/lospoliticosveracruz.com\/index.php?rest_route=\/wp\/v2\/posts"}],"about":[{"href":"https:\/\/lospoliticosveracruz.com\/index.php?rest_route=\/wp\/v2\/types\/post"}],"author":[{"embeddable":true,"href":"https:\/\/lospoliticosveracruz.com\/index.php?rest_route=\/wp\/v2\/users\/2"}],"replies":[{"embeddable":true,"href":"https:\/\/lospoliticosveracruz.com\/index.php?rest_route=%2Fwp%2Fv2%2Fcomments&post=170220"}],"version-history":[{"count":1,"href":"https:\/\/lospoliticosveracruz.com\/index.php?rest_route=\/wp\/v2\/posts\/170220\/revisions"}],"predecessor-version":[{"id":170222,"href":"https:\/\/lospoliticosveracruz.com\/index.php?rest_route=\/wp\/v2\/posts\/170220\/revisions\/170222"}],"wp:featuredmedia":[{"embeddable":true,"href":"https:\/\/lospoliticosveracruz.com\/index.php?rest_route=\/wp\/v2\/media\/170221"}],"wp:attachment":[{"href":"https:\/\/lospoliticosveracruz.com\/index.php?rest_route=%2Fwp%2Fv2%2Fmedia&parent=170220"}],"wp:term":[{"taxonomy":"category","embeddable":true,"href":"https:\/\/lospoliticosveracruz.com\/index.php?rest_route=%2Fwp%2Fv2%2Fcategories&post=170220"},{"taxonomy":"post_tag","embeddable":true,"href":"https:\/\/lospoliticosveracruz.com\/index.php?rest_route=%2Fwp%2Fv2%2Ftags&post=170220"}],"curies":[{"name":"wp","href":"https:\/\/api.w.org\/{rel}","templated":true}]}}