{"id":170226,"date":"2026-04-29T23:02:07","date_gmt":"2026-04-30T05:02:07","guid":{"rendered":"https:\/\/lospoliticosveracruz.com\/?p=170226"},"modified":"2026-04-29T23:02:08","modified_gmt":"2026-04-30T05:02:08","slug":"catemaco-triunfa-en-acapulco","status":"publish","type":"post","link":"https:\/\/lospoliticosveracruz.com\/?p=170226","title":{"rendered":"CATEMACO TRIUNFA EN ACAPULCO!"},"content":{"rendered":"\n<p>En el marco de la 50 edici\u00f3n del Tianguis Tur\u00edstico de M\u00e9xico realizado en Acapulco, Gro. El estado de Veracruz obtuvo el primer lugar nacional en la categor\u00eda Mejor experiencia que combina naturaleza y espiritualidad, con la propuesta \u201cRituales y limpias con los brujos y curanderos de Catemaco\u201d, durante la Gala de Premiaci\u00f3n celebrada en el Forum Mundo Imperial.<br>Este importante reconocimiento, alcanzado frente a propuestas de alto valor provenientes de otros estados del pa\u00eds, coloca a Catemaco en el centro de la conversaci\u00f3n tur\u00edstica nacional, destacando la riqueza de sus tradiciones ancestrales y su profunda conexi\u00f3n con la naturaleza y la espiritualidad, elementos que dan identidad a la regi\u00f3n de Los Tuxtlas.<br>La obtenci\u00f3n de este primer lugar es reflejo del trabajo constante, la visi\u00f3n clara y el compromiso del presidente municipal, Manuel Eduardo Toscano, quien ha impulsado acciones firmes para posicionar a Catemaco como un destino aut\u00e9ntico, competitivo y con proyecci\u00f3n internacional.<\/p>\n\n\n\n<p>Bajo su liderazgo, se ha fortalecido la promoci\u00f3n de nuestras ra\u00edces culturales, reconociendo el valor de las pr\u00e1cticas tradicionales como parte fundamental de nuestra identidad y como un atractivo tur\u00edstico de gran relevancia, capaz de generar oportunidades para el desarrollo local.<br>Este logro no solo enaltece a Catemaco, sino que reafirma el rumbo de una administraci\u00f3n que trabaja con responsabilidad y cercan\u00eda, impulsando estrategias que permiten que nuestro municipio trascienda fronteras y sea reconocido en los escenarios m\u00e1s importantes del pa\u00eds.<br>El H. Ayuntamiento de Catemaco refrenda su compromiso de seguir promoviendo nuestras tradiciones, fortaleciendo el turismo y llevando con orgullo el nombre de nuestro municipio a nivel nacional e internacional.<\/p>\n\n\n\n<p><\/p>\n","protected":false},"excerpt":{"rendered":"<p>En el marco de la 50 edici\u00f3n del Tianguis Tur\u00edstico de M\u00e9xico realizado en Acapulco, Gro. El estado de Veracruz obtuvo el primer lugar nacional en la categor\u00eda Mejor experiencia que combina naturaleza y espiritualidad, con la propuesta \u201cRituales y limpias con los brujos y curanderos de Catemaco\u201d, durante la Gala de Premiaci\u00f3n celebrada en [&hellip;]<\/p>\n","protected":false},"author":2,"featured_media":170227,"comment_status":"closed","ping_status":"closed","sticky":false,"template":"","format":"standard","meta":{"tdm_status":"","tdm_grid_status":"","footnotes":""},"categories":[56120],"tags":[62322,158,62794,51776,62793,62792],"class_list":{"0":"post-170226","1":"post","2":"type-post","3":"status-publish","4":"format-standard","5":"has-post-thumbnail","7":"category-desde-la-suiza-veracruzana","8":"tag-acapulco","9":"tag-catemaco","10":"tag-forum-mundo-imperial","11":"tag-manuel-eduardo-toscano","12":"tag-rituales-y-limpias-con-los-brujos-y-curanderos-de-catemaco","13":"tag-tianguis-turistico-de-mexico"},"yoast_head":"<!-- This site is optimized with the Yoast SEO plugin v27.4 - https:\/\/yoast.com\/product\/yoast-seo-wordpress\/ -->\n<title>CATEMACO TRIUNFA EN ACAPULCO! - Los pol\u00edticos Veracruz<\/title>\n<meta name=\"robots\" content=\"index, follow, max-snippet:-1, max-image-preview:large, max-video-preview:-1\" \/>\n<link rel=\"canonical\" href=\"https:\/\/lospoliticosveracruz.com\/?p=170226\" \/>\n<meta property=\"og:locale\" content=\"es_ES\" \/>\n<meta property=\"og:type\" content=\"article\" \/>\n<meta property=\"og:title\" content=\"CATEMACO TRIUNFA EN ACAPULCO! - Los pol\u00edticos Veracruz\" \/>\n<meta property=\"og:description\" content=\"En el marco de la 50 edici\u00f3n del Tianguis Tur\u00edstico de M\u00e9xico realizado en Acapulco, Gro. El estado de Veracruz obtuvo el primer lugar nacional en la categor\u00eda Mejor experiencia que combina naturaleza y espiritualidad, con la propuesta \u201cRituales y limpias con los brujos y curanderos de Catemaco\u201d, durante la Gala de Premiaci\u00f3n celebrada en [&hellip;]\" \/>\n<meta property=\"og:url\" content=\"https:\/\/lospoliticosveracruz.com\/?p=170226\" \/>\n<meta property=\"og:site_name\" content=\"Los pol\u00edticos Veracruz\" \/>\n<meta property=\"article:publisher\" content=\"https:\/\/www.facebook.com\/people\/Notimemes-de-los-Polticos\/61565672886568\/\" \/>\n<meta property=\"article:published_time\" content=\"2026-04-30T05:02:07+00:00\" \/>\n<meta property=\"article:modified_time\" content=\"2026-04-30T05:02:08+00:00\" \/>\n<meta property=\"og:image\" content=\"https:\/\/lospoliticosveracruz.com\/wp-content\/uploads\/2026\/04\/be76aa77-8ee4-4e67-bba8-a2e88c97376c-e1777525217143.jpeg\" \/>\n\t<meta property=\"og:image:width\" content=\"600\" \/>\n\t<meta property=\"og:image:height\" content=\"400\" \/>\n\t<meta property=\"og:image:type\" content=\"image\/jpeg\" \/>\n<meta name=\"author\" content=\"Lo viste en Los Pol\u00edticos\" \/>\n<meta name=\"twitter:card\" content=\"summary_large_image\" \/>\n<meta name=\"twitter:creator\" content=\"@LosPoliticosVer\" \/>\n<meta name=\"twitter:site\" content=\"@LosPoliticosVer\" \/>\n<meta name=\"twitter:label1\" content=\"Escrito por\" \/>\n\t<meta name=\"twitter:data1\" content=\"Lo viste en Los Pol\u00edticos\" \/>\n\t<meta name=\"twitter:label2\" content=\"Tiempo de lectura\" \/>\n\t<meta name=\"twitter:data2\" content=\"2 minutos\" \/>\n<script type=\"application\/ld+json\" class=\"yoast-schema-graph\">{\"@context\":\"https:\\\/\\\/schema.org\",\"@graph\":[{\"@type\":\"Article\",\"@id\":\"https:\\\/\\\/lospoliticosveracruz.com\\\/?p=170226#article\",\"isPartOf\":{\"@id\":\"https:\\\/\\\/lospoliticosveracruz.com\\\/?p=170226\"},\"author\":{\"name\":\"Lo viste en Los Pol\u00edticos\",\"@id\":\"https:\\\/\\\/lospoliticosveracruz.com\\\/#\\\/schema\\\/person\\\/b8702bb0e538456e6efd07080bf2a4a2\"},\"headline\":\"CATEMACO TRIUNFA EN ACAPULCO!\",\"datePublished\":\"2026-04-30T05:02:07+00:00\",\"dateModified\":\"2026-04-30T05:02:08+00:00\",\"mainEntityOfPage\":{\"@id\":\"https:\\\/\\\/lospoliticosveracruz.com\\\/?p=170226\"},\"wordCount\":290,\"publisher\":{\"@id\":\"https:\\\/\\\/lospoliticosveracruz.com\\\/#organization\"},\"image\":{\"@id\":\"https:\\\/\\\/lospoliticosveracruz.com\\\/?p=170226#primaryimage\"},\"thumbnailUrl\":\"https:\\\/\\\/lospoliticosveracruz.com\\\/wp-content\\\/uploads\\\/2026\\\/04\\\/be76aa77-8ee4-4e67-bba8-a2e88c97376c-e1777525217143.jpeg\",\"keywords\":[\"Acapulco\",\"Catemaco\",\"Forum Mundo Imperial\",\"Manuel Eduardo Toscano\",\"Rituales y limpias con los brujos y curanderos de Catemaco\",\"Tianguis Tur\u00edstico de M\u00e9xico\"],\"articleSection\":[\"DESDE LA SUIZA VERACRUZANA\"],\"inLanguage\":\"es\"},{\"@type\":\"WebPage\",\"@id\":\"https:\\\/\\\/lospoliticosveracruz.com\\\/?p=170226\",\"url\":\"https:\\\/\\\/lospoliticosveracruz.com\\\/?p=170226\",\"name\":\"CATEMACO TRIUNFA EN ACAPULCO! - Los pol\u00edticos Veracruz\",\"isPartOf\":{\"@id\":\"https:\\\/\\\/lospoliticosveracruz.com\\\/#website\"},\"primaryImageOfPage\":{\"@id\":\"https:\\\/\\\/lospoliticosveracruz.com\\\/?p=170226#primaryimage\"},\"image\":{\"@id\":\"https:\\\/\\\/lospoliticosveracruz.com\\\/?p=170226#primaryimage\"},\"thumbnailUrl\":\"https:\\\/\\\/lospoliticosveracruz.com\\\/wp-content\\\/uploads\\\/2026\\\/04\\\/be76aa77-8ee4-4e67-bba8-a2e88c97376c-e1777525217143.jpeg\",\"datePublished\":\"2026-04-30T05:02:07+00:00\",\"dateModified\":\"2026-04-30T05:02:08+00:00\",\"breadcrumb\":{\"@id\":\"https:\\\/\\\/lospoliticosveracruz.com\\\/?p=170226#breadcrumb\"},\"inLanguage\":\"es\",\"potentialAction\":[{\"@type\":\"ReadAction\",\"target\":[\"https:\\\/\\\/lospoliticosveracruz.com\\\/?p=170226\"]}]},{\"@type\":\"ImageObject\",\"inLanguage\":\"es\",\"@id\":\"https:\\\/\\\/lospoliticosveracruz.com\\\/?p=170226#primaryimage\",\"url\":\"https:\\\/\\\/lospoliticosveracruz.com\\\/wp-content\\\/uploads\\\/2026\\\/04\\\/be76aa77-8ee4-4e67-bba8-a2e88c97376c-e1777525217143.jpeg\",\"contentUrl\":\"https:\\\/\\\/lospoliticosveracruz.com\\\/wp-content\\\/uploads\\\/2026\\\/04\\\/be76aa77-8ee4-4e67-bba8-a2e88c97376c-e1777525217143.jpeg\",\"width\":600,\"height\":400},{\"@type\":\"BreadcrumbList\",\"@id\":\"https:\\\/\\\/lospoliticosveracruz.com\\\/?p=170226#breadcrumb\",\"itemListElement\":[{\"@type\":\"ListItem\",\"position\":1,\"name\":\"Portada\",\"item\":\"https:\\\/\\\/lospoliticosveracruz.com\\\/\"},{\"@type\":\"ListItem\",\"position\":2,\"name\":\"CATEMACO TRIUNFA EN ACAPULCO!\"}]},{\"@type\":\"WebSite\",\"@id\":\"https:\\\/\\\/lospoliticosveracruz.com\\\/#website\",\"url\":\"https:\\\/\\\/lospoliticosveracruz.com\\\/\",\"name\":\"Los pol\u00edticos Veracruz\",\"description\":\"\",\"publisher\":{\"@id\":\"https:\\\/\\\/lospoliticosveracruz.com\\\/#organization\"},\"potentialAction\":[{\"@type\":\"SearchAction\",\"target\":{\"@type\":\"EntryPoint\",\"urlTemplate\":\"https:\\\/\\\/lospoliticosveracruz.com\\\/?s={search_term_string}\"},\"query-input\":{\"@type\":\"PropertyValueSpecification\",\"valueRequired\":true,\"valueName\":\"search_term_string\"}}],\"inLanguage\":\"es\"},{\"@type\":\"Organization\",\"@id\":\"https:\\\/\\\/lospoliticosveracruz.com\\\/#organization\",\"name\":\"Los pol\u00edticos Veracruz\",\"url\":\"https:\\\/\\\/lospoliticosveracruz.com\\\/\",\"logo\":{\"@type\":\"ImageObject\",\"inLanguage\":\"es\",\"@id\":\"https:\\\/\\\/lospoliticosveracruz.com\\\/#\\\/schema\\\/logo\\\/image\\\/\",\"url\":\"https:\\\/\\\/lospoliticosveracruz.com\\\/wp-content\\\/uploads\\\/2025\\\/12\\\/Logo-Nuevo-LOS-POLITICOS-1.jpg\",\"contentUrl\":\"https:\\\/\\\/lospoliticosveracruz.com\\\/wp-content\\\/uploads\\\/2025\\\/12\\\/Logo-Nuevo-LOS-POLITICOS-1.jpg\",\"width\":260,\"height\":70,\"caption\":\"Los pol\u00edticos Veracruz\"},\"image\":{\"@id\":\"https:\\\/\\\/lospoliticosveracruz.com\\\/#\\\/schema\\\/logo\\\/image\\\/\"},\"sameAs\":[\"https:\\\/\\\/www.facebook.com\\\/people\\\/Notimemes-de-los-Polticos\\\/61565672886568\\\/\",\"https:\\\/\\\/x.com\\\/LosPoliticosVer\"]},{\"@type\":\"Person\",\"@id\":\"https:\\\/\\\/lospoliticosveracruz.com\\\/#\\\/schema\\\/person\\\/b8702bb0e538456e6efd07080bf2a4a2\",\"name\":\"Lo viste en Los Pol\u00edticos\",\"image\":{\"@type\":\"ImageObject\",\"inLanguage\":\"es\",\"@id\":\"https:\\\/\\\/secure.gravatar.com\\\/avatar\\\/3a8de04a2656d44082be478bd6c086daa447c4651605818287b9532d3d0bd435?s=96&d=mm&r=g\",\"url\":\"https:\\\/\\\/secure.gravatar.com\\\/avatar\\\/3a8de04a2656d44082be478bd6c086daa447c4651605818287b9532d3d0bd435?s=96&d=mm&r=g\",\"contentUrl\":\"https:\\\/\\\/secure.gravatar.com\\\/avatar\\\/3a8de04a2656d44082be478bd6c086daa447c4651605818287b9532d3d0bd435?s=96&d=mm&r=g\",\"caption\":\"Lo viste en Los Pol\u00edticos\"},\"url\":\"https:\\\/\\\/lospoliticosveracruz.com\\\/?author=2\"}]}<\/script>\n<!-- \/ Yoast SEO plugin. -->","yoast_head_json":{"title":"CATEMACO TRIUNFA EN ACAPULCO! - Los pol\u00edticos Veracruz","robots":{"index":"index","follow":"follow","max-snippet":"max-snippet:-1","max-image-preview":"max-image-preview:large","max-video-preview":"max-video-preview:-1"},"canonical":"https:\/\/lospoliticosveracruz.com\/?p=170226","og_locale":"es_ES","og_type":"article","og_title":"CATEMACO TRIUNFA EN ACAPULCO! - Los pol\u00edticos Veracruz","og_description":"En el marco de la 50 edici\u00f3n del Tianguis Tur\u00edstico de M\u00e9xico realizado en Acapulco, Gro. El estado de Veracruz obtuvo el primer lugar nacional en la categor\u00eda Mejor experiencia que combina naturaleza y espiritualidad, con la propuesta \u201cRituales y limpias con los brujos y curanderos de Catemaco\u201d, durante la Gala de Premiaci\u00f3n celebrada en [&hellip;]","og_url":"https:\/\/lospoliticosveracruz.com\/?p=170226","og_site_name":"Los pol\u00edticos Veracruz","article_publisher":"https:\/\/www.facebook.com\/people\/Notimemes-de-los-Polticos\/61565672886568\/","article_published_time":"2026-04-30T05:02:07+00:00","article_modified_time":"2026-04-30T05:02:08+00:00","og_image":[{"width":600,"height":400,"url":"https:\/\/lospoliticosveracruz.com\/wp-content\/uploads\/2026\/04\/be76aa77-8ee4-4e67-bba8-a2e88c97376c-e1777525217143.jpeg","type":"image\/jpeg"}],"author":"Lo viste en Los Pol\u00edticos","twitter_card":"summary_large_image","twitter_creator":"@LosPoliticosVer","twitter_site":"@LosPoliticosVer","twitter_misc":{"Escrito por":"Lo viste en Los Pol\u00edticos","Tiempo de lectura":"2 minutos"},"schema":{"@context":"https:\/\/schema.org","@graph":[{"@type":"Article","@id":"https:\/\/lospoliticosveracruz.com\/?p=170226#article","isPartOf":{"@id":"https:\/\/lospoliticosveracruz.com\/?p=170226"},"author":{"name":"Lo viste en Los Pol\u00edticos","@id":"https:\/\/lospoliticosveracruz.com\/#\/schema\/person\/b8702bb0e538456e6efd07080bf2a4a2"},"headline":"CATEMACO TRIUNFA EN ACAPULCO!","datePublished":"2026-04-30T05:02:07+00:00","dateModified":"2026-04-30T05:02:08+00:00","mainEntityOfPage":{"@id":"https:\/\/lospoliticosveracruz.com\/?p=170226"},"wordCount":290,"publisher":{"@id":"https:\/\/lospoliticosveracruz.com\/#organization"},"image":{"@id":"https:\/\/lospoliticosveracruz.com\/?p=170226#primaryimage"},"thumbnailUrl":"https:\/\/lospoliticosveracruz.com\/wp-content\/uploads\/2026\/04\/be76aa77-8ee4-4e67-bba8-a2e88c97376c-e1777525217143.jpeg","keywords":["Acapulco","Catemaco","Forum Mundo Imperial","Manuel Eduardo Toscano","Rituales y limpias con los brujos y curanderos de Catemaco","Tianguis Tur\u00edstico de M\u00e9xico"],"articleSection":["DESDE LA SUIZA VERACRUZANA"],"inLanguage":"es"},{"@type":"WebPage","@id":"https:\/\/lospoliticosveracruz.com\/?p=170226","url":"https:\/\/lospoliticosveracruz.com\/?p=170226","name":"CATEMACO TRIUNFA EN ACAPULCO! - Los pol\u00edticos Veracruz","isPartOf":{"@id":"https:\/\/lospoliticosveracruz.com\/#website"},"primaryImageOfPage":{"@id":"https:\/\/lospoliticosveracruz.com\/?p=170226#primaryimage"},"image":{"@id":"https:\/\/lospoliticosveracruz.com\/?p=170226#primaryimage"},"thumbnailUrl":"https:\/\/lospoliticosveracruz.com\/wp-content\/uploads\/2026\/04\/be76aa77-8ee4-4e67-bba8-a2e88c97376c-e1777525217143.jpeg","datePublished":"2026-04-30T05:02:07+00:00","dateModified":"2026-04-30T05:02:08+00:00","breadcrumb":{"@id":"https:\/\/lospoliticosveracruz.com\/?p=170226#breadcrumb"},"inLanguage":"es","potentialAction":[{"@type":"ReadAction","target":["https:\/\/lospoliticosveracruz.com\/?p=170226"]}]},{"@type":"ImageObject","inLanguage":"es","@id":"https:\/\/lospoliticosveracruz.com\/?p=170226#primaryimage","url":"https:\/\/lospoliticosveracruz.com\/wp-content\/uploads\/2026\/04\/be76aa77-8ee4-4e67-bba8-a2e88c97376c-e1777525217143.jpeg","contentUrl":"https:\/\/lospoliticosveracruz.com\/wp-content\/uploads\/2026\/04\/be76aa77-8ee4-4e67-bba8-a2e88c97376c-e1777525217143.jpeg","width":600,"height":400},{"@type":"BreadcrumbList","@id":"https:\/\/lospoliticosveracruz.com\/?p=170226#breadcrumb","itemListElement":[{"@type":"ListItem","position":1,"name":"Portada","item":"https:\/\/lospoliticosveracruz.com\/"},{"@type":"ListItem","position":2,"name":"CATEMACO TRIUNFA EN ACAPULCO!"}]},{"@type":"WebSite","@id":"https:\/\/lospoliticosveracruz.com\/#website","url":"https:\/\/lospoliticosveracruz.com\/","name":"Los pol\u00edticos Veracruz","description":"","publisher":{"@id":"https:\/\/lospoliticosveracruz.com\/#organization"},"potentialAction":[{"@type":"SearchAction","target":{"@type":"EntryPoint","urlTemplate":"https:\/\/lospoliticosveracruz.com\/?s={search_term_string}"},"query-input":{"@type":"PropertyValueSpecification","valueRequired":true,"valueName":"search_term_string"}}],"inLanguage":"es"},{"@type":"Organization","@id":"https:\/\/lospoliticosveracruz.com\/#organization","name":"Los pol\u00edticos Veracruz","url":"https:\/\/lospoliticosveracruz.com\/","logo":{"@type":"ImageObject","inLanguage":"es","@id":"https:\/\/lospoliticosveracruz.com\/#\/schema\/logo\/image\/","url":"https:\/\/lospoliticosveracruz.com\/wp-content\/uploads\/2025\/12\/Logo-Nuevo-LOS-POLITICOS-1.jpg","contentUrl":"https:\/\/lospoliticosveracruz.com\/wp-content\/uploads\/2025\/12\/Logo-Nuevo-LOS-POLITICOS-1.jpg","width":260,"height":70,"caption":"Los pol\u00edticos Veracruz"},"image":{"@id":"https:\/\/lospoliticosveracruz.com\/#\/schema\/logo\/image\/"},"sameAs":["https:\/\/www.facebook.com\/people\/Notimemes-de-los-Polticos\/61565672886568\/","https:\/\/x.com\/LosPoliticosVer"]},{"@type":"Person","@id":"https:\/\/lospoliticosveracruz.com\/#\/schema\/person\/b8702bb0e538456e6efd07080bf2a4a2","name":"Lo viste en Los Pol\u00edticos","image":{"@type":"ImageObject","inLanguage":"es","@id":"https:\/\/secure.gravatar.com\/avatar\/3a8de04a2656d44082be478bd6c086daa447c4651605818287b9532d3d0bd435?s=96&d=mm&r=g","url":"https:\/\/secure.gravatar.com\/avatar\/3a8de04a2656d44082be478bd6c086daa447c4651605818287b9532d3d0bd435?s=96&d=mm&r=g","contentUrl":"https:\/\/secure.gravatar.com\/avatar\/3a8de04a2656d44082be478bd6c086daa447c4651605818287b9532d3d0bd435?s=96&d=mm&r=g","caption":"Lo viste en Los Pol\u00edticos"},"url":"https:\/\/lospoliticosveracruz.com\/?author=2"}]}},"_links":{"self":[{"href":"https:\/\/lospoliticosveracruz.com\/index.php?rest_route=\/wp\/v2\/posts\/170226","targetHints":{"allow":["GET"]}}],"collection":[{"href":"https:\/\/lospoliticosveracruz.com\/index.php?rest_route=\/wp\/v2\/posts"}],"about":[{"href":"https:\/\/lospoliticosveracruz.com\/index.php?rest_route=\/wp\/v2\/types\/post"}],"author":[{"embeddable":true,"href":"https:\/\/lospoliticosveracruz.com\/index.php?rest_route=\/wp\/v2\/users\/2"}],"replies":[{"embeddable":true,"href":"https:\/\/lospoliticosveracruz.com\/index.php?rest_route=%2Fwp%2Fv2%2Fcomments&post=170226"}],"version-history":[{"count":1,"href":"https:\/\/lospoliticosveracruz.com\/index.php?rest_route=\/wp\/v2\/posts\/170226\/revisions"}],"predecessor-version":[{"id":170228,"href":"https:\/\/lospoliticosveracruz.com\/index.php?rest_route=\/wp\/v2\/posts\/170226\/revisions\/170228"}],"wp:featuredmedia":[{"embeddable":true,"href":"https:\/\/lospoliticosveracruz.com\/index.php?rest_route=\/wp\/v2\/media\/170227"}],"wp:attachment":[{"href":"https:\/\/lospoliticosveracruz.com\/index.php?rest_route=%2Fwp%2Fv2%2Fmedia&parent=170226"}],"wp:term":[{"taxonomy":"category","embeddable":true,"href":"https:\/\/lospoliticosveracruz.com\/index.php?rest_route=%2Fwp%2Fv2%2Fcategories&post=170226"},{"taxonomy":"post_tag","embeddable":true,"href":"https:\/\/lospoliticosveracruz.com\/index.php?rest_route=%2Fwp%2Fv2%2Ftags&post=170226"}],"curies":[{"name":"wp","href":"https:\/\/api.w.org\/{rel}","templated":true}]}}