{"id":170232,"date":"2026-04-30T05:45:26","date_gmt":"2026-04-30T11:45:26","guid":{"rendered":"https:\/\/lospoliticosveracruz.com\/?p=170232"},"modified":"2026-04-30T05:45:27","modified_gmt":"2026-04-30T11:45:27","slug":"ine-y-ople-de-la-vista-gorda","status":"publish","type":"post","link":"https:\/\/lospoliticosveracruz.com\/?p=170232","title":{"rendered":"INE Y OPLE, DE LA VISTA GORDA"},"content":{"rendered":"\n<p><strong>Fanny Y\u00e9pez<\/strong><br><em>La Columna<\/em><br>En la primera semana de septiembre de 2026, el Instituto Nacional Electoral (INE) arrancar\u00e1 de manera formal con el proceso electoral 2027, en el cual, la mitad del pa\u00eds ir\u00e1 a las urnas.<br>En esta elecci\u00f3n estar\u00e1 en juego la nueva composici\u00f3n de la C\u00e1mara de Diputados federales, pero adem\u00e1s habr\u00e1 comicios en 17 entidades, y en 17 de ellas, se renovar\u00e1n igual n\u00famero de gubernaturas, 17 congresos locales y m\u00e1s de un centenar de alcald\u00edas.<br>Cuando faltan poco m\u00e1s de 120 de d\u00edas para el proceso electoral, algunos que aspiran y suspiran por ocupar un esca\u00f1o federal o estatal andan promocion\u00e1ndose con absoluto descaro, en tanto que las autoridades del INE y del OPLE, ni ven ni oyen, son omisas ante los actos anticipados de campa\u00f1a que est\u00e1n llevando a cabo varios aspirantes.<br>No hay m\u00e1s ciego que el que no quiere ver. Los titulares del INE y del OPLE en forma sospechosa guardan un silencio c\u00f3mplice, ante los evidentes casos de actos anticipados de campa\u00f1a, \u00bfser\u00e1 que con su sorderas y ceguera pretendan favorecer o al menos ocultar esta violaci\u00f3n a la normatividad, establecida en la Ley de Instituciones y Procedimientos Electorales.<br>\u201cLos actos anticipados de campa\u00f1a violan principalmente la Constituci\u00f3n Pol\u00edtica de los Estados Unidos Mexicanos (art\u00edculo 41), la Ley General de Instituciones y Procedimientos Electorales (LGIPE) (art\u00edculo 3), y leyes locales. Estas acciones rompen los principios de equidad, legalidad y certeza al solicitar el voto o apoyo antes de los plazos legales\u201d.<br>Cabe destacar que La Ley General de Instituciones y Procedimientos Electorales (LGIPE): Proh\u00edbe expresiones que contengan llamados expresos al voto en contra o a favor de una candidatura o partido fuera de los plazos establecidos.<br>Ley General en Materia de Delitos Electorales, regula infracciones graves que pueden derivar en sanciones penales o administrativas, incluyendo la adquisici\u00f3n ilegal de propaganda.<br>Tambi\u00e9n la Ley General de Partidos Pol\u00edticos: Incluye la responsabilidad de partidos y aspirantes por el uso de recursos fuera de los tiempos legales.<br>Entre las sanciones econ\u00f3micas, resaltan las multas a partidos y candidatos. Tambi\u00e9n incluye la p\u00e9rdida de la candidatura y el Tribunal Electoral del Poder Judicial de la Federaci\u00f3n (sitio web) puede cancelar el registro.<br>Pero tambi\u00e9n incluye hasta la nulidad de la elecci\u00f3n, si los actos anticipados implican un rebase de topes de gastos de campa\u00f1a.<br>Pero todas estas leyes no las toman en cuenta los aspirantes, al menos aqu\u00ed en el estado de Veracruz, son varios tiradores que ya se andan promocionando.<br>Los que andan \u201cmuy acelerados\u201d para ganar espacio rumbo a las elecciones intermedias son los hijos de Fidel Herrera Beltr\u00e1n: Se ha reportado que el diputado federal Javier Herrera Borunda (PVEM) y su hermana Rosita Herrera han estado activos, impulsando liderazgos locales y promoviendo la \u00abFundaci\u00f3n T\u00edo Fide\u00bb para posicionarse de cara a futuros comicios.<br>Para los distritos de Xalapa urbano y rural los que andan como pepita en comal son: Diego Casta\u00f1eda Aburto, Dorheny Garc\u00eda Cayetano, Antonio Ballesteros Grayeb, Eleazar Guerrero P\u00e9rez, estos personajes han organizado m\u00edtines, recorridos en colonias, entrega de apoyos y todo esto ante el soslayo y apat\u00eda de las autoridades electorales federales y estatales. Nadie ve, ni escucha, ni lee nada.<br>Resulta que ahora los vemos m\u00e1s que en el a\u00f1o y medio que llevan como legisladores, nada sab\u00edamos de estos elementos, pero de repente les sali\u00f3 la inquietud por ponerse activos y ah\u00ed andan todos sonrientes.<br>Algunos est\u00e1n agazapados, pero siguen haciendo el tejido fino rumbo a un esca\u00f1o en San L\u00e1zaro.<br>Un personaje del partido guinda que tambi\u00e9n busca con gran af\u00e1n una curul en el Congreso Federal es el exdirigente estatal del PRD, Juan Vergel Pacheco.<br>Tambi\u00e9n en la lista se encuentra el \u201cmulticolores\u201d, el subsecretario de Desarrollo Econ\u00f3mico, y ex militante de PRI, PAN, Nueva Alianza y Fuerza por M\u00e9xico, Eduardo Vega Yunes, quien igualmente aspira a la candidatura a la diputaci\u00f3n federal.<br>A todos los aspirantes les recordamos que la presidenta de M\u00e9xico, Claudia Sheinbaum, orden\u00f3 a los funcionarios p\u00fablicos de todos los niveles de gobierno que aspiren a una candidatura de elecci\u00f3n popular para 2027, renunciar a sus puestos actuales.<br>Prohibici\u00f3n de simultaneidad, la Presidenta Sheinbaum enfatiz\u00f3 que no se puede ser servidor p\u00fablico y candidato o precandidato al mismo tiempo, se\u00f1alando que \u00abno est\u00e1 bien que se hagan las dos cosas al mismo tiempo.<br>La presidenta pidi\u00f3 a los aspirantes a cargos como gobernadores, presidentes municipales o legisladores de Morena, dejar sus cargos con tiempo para evitar mezclar las funciones p\u00fablicas con actividades partidistas.<br>Porque salta la sospecha de que utilizan recursos p\u00fablicos para cubrir sus gastos personales, porque a sus seguidores muchas veces no les dan ni agua.<\/p>\n\n\n\n<p>Entre las mujeres, se menciona a Rosalinda Galindo Silva, directora del Instituto de la Defensor\u00eda P\u00fablica y tambi\u00e9n a la actual secretaria de Protecci\u00f3n Civil, Guadalupe Osorno Maldonado, quien ya cuenta con experiencia legislativa.<br>Se menciona que la dirigencia de Morena en Veracruz, encabezada por Esteban Ram\u00edrez Zepeta, est\u00e1 evaluando a trav\u00e9s de encuestas a los aspirantes a las diputaciones locales, distribuyendo peri\u00f3dicos para difundir el trabajo legislativo.<br>Cada partido pol\u00edtico tiene la libertad de proponer a las personas que mejor les parezcan, pero dec\u00eda el ex gobernador Miguel Alem\u00e1n Velasco \u201cLos que ya bailaron que se sienten\u201d, porque mucha gente se pregunta que no habr\u00e1 caras nuevas, j\u00f3venes talentosos y con una visi\u00f3n m\u00e1s despejada y menos viciada.<\/p>\n\n\n\n<p><\/p>\n","protected":false},"excerpt":{"rendered":"<p>Fanny Y\u00e9pezLa ColumnaEn la primera semana de septiembre de 2026, el Instituto Nacional Electoral (INE) arrancar\u00e1 de manera formal con el proceso electoral 2027, en el cual, la mitad del pa\u00eds ir\u00e1 a las urnas.En esta elecci\u00f3n estar\u00e1 en juego la nueva composici\u00f3n de la C\u00e1mara de Diputados federales, pero adem\u00e1s habr\u00e1 comicios en 17 [&hellip;]<\/p>\n","protected":false},"author":2,"featured_media":141383,"comment_status":"closed","ping_status":"closed","sticky":false,"template":"","format":"standard","meta":{"tdm_status":"","tdm_grid_status":"","footnotes":""},"categories":[70],"tags":[32354,62795,7968,15389,13952,13912,17053,554,1124,838,18704,4509,10669,56706,249,195],"class_list":{"0":"post-170232","1":"post","2":"type-post","3":"status-publish","4":"format-standard","5":"has-post-thumbnail","7":"category-de-opinion","8":"tag-antonio-ballesteros-grayeb","9":"tag-campanas-anticipadas","10":"tag-delitos-electorales","11":"tag-diego-castaneda-aburto","12":"tag-dorheny-garcia-cayetano","13":"tag-eleazar-guerrero-perez","14":"tag-esteban-ramirez-zepeta","15":"tag-ine","16":"tag-javier-herrera-borunda","17":"tag-juan-vergel-pacheco","18":"tag-ley-general-de-partidos-politicos","19":"tag-ople-de-veracruz","20":"tag-rosalinda-galindo-silva","21":"tag-rosita-herrera-borunda","22":"tag-tato-vega-yunes","23":"tag-veracruz"},"yoast_head":"<!-- This site is optimized with the Yoast SEO plugin v27.4 - https:\/\/yoast.com\/product\/yoast-seo-wordpress\/ -->\n<title>INE Y OPLE, DE LA VISTA GORDA - Los pol\u00edticos Veracruz<\/title>\n<meta name=\"robots\" content=\"index, follow, max-snippet:-1, max-image-preview:large, max-video-preview:-1\" \/>\n<link rel=\"canonical\" href=\"https:\/\/lospoliticosveracruz.com\/?p=170232\" \/>\n<meta property=\"og:locale\" content=\"es_ES\" \/>\n<meta property=\"og:type\" content=\"article\" \/>\n<meta property=\"og:title\" content=\"INE Y OPLE, DE LA VISTA GORDA - Los pol\u00edticos Veracruz\" \/>\n<meta property=\"og:description\" content=\"Fanny Y\u00e9pezLa ColumnaEn la primera semana de septiembre de 2026, el Instituto Nacional Electoral (INE) arrancar\u00e1 de manera formal con el proceso electoral 2027, en el cual, la mitad del pa\u00eds ir\u00e1 a las urnas.En esta elecci\u00f3n estar\u00e1 en juego la nueva composici\u00f3n de la C\u00e1mara de Diputados federales, pero adem\u00e1s habr\u00e1 comicios en 17 [&hellip;]\" \/>\n<meta property=\"og:url\" content=\"https:\/\/lospoliticosveracruz.com\/?p=170232\" \/>\n<meta property=\"og:site_name\" content=\"Los pol\u00edticos Veracruz\" \/>\n<meta property=\"article:publisher\" content=\"https:\/\/www.facebook.com\/people\/Notimemes-de-los-Polticos\/61565672886568\/\" \/>\n<meta property=\"article:published_time\" content=\"2026-04-30T11:45:26+00:00\" \/>\n<meta property=\"article:modified_time\" content=\"2026-04-30T11:45:27+00:00\" \/>\n<meta property=\"og:image\" content=\"https:\/\/lospoliticosveracruz.com\/wp-content\/uploads\/2025\/04\/Fanny-Yepez-Luna-e1768657334923.jpg\" \/>\n\t<meta property=\"og:image:width\" content=\"600\" \/>\n\t<meta property=\"og:image:height\" content=\"320\" \/>\n\t<meta property=\"og:image:type\" content=\"image\/jpeg\" \/>\n<meta name=\"author\" content=\"Lo viste en Los Pol\u00edticos\" \/>\n<meta name=\"twitter:card\" content=\"summary_large_image\" \/>\n<meta name=\"twitter:creator\" content=\"@LosPoliticosVer\" \/>\n<meta name=\"twitter:site\" content=\"@LosPoliticosVer\" \/>\n<meta name=\"twitter:label1\" content=\"Escrito por\" \/>\n\t<meta name=\"twitter:data1\" content=\"Lo viste en Los Pol\u00edticos\" \/>\n\t<meta name=\"twitter:label2\" content=\"Tiempo de lectura\" \/>\n\t<meta name=\"twitter:data2\" content=\"5 minutos\" \/>\n<script type=\"application\/ld+json\" class=\"yoast-schema-graph\">{\"@context\":\"https:\\\/\\\/schema.org\",\"@graph\":[{\"@type\":\"Article\",\"@id\":\"https:\\\/\\\/lospoliticosveracruz.com\\\/?p=170232#article\",\"isPartOf\":{\"@id\":\"https:\\\/\\\/lospoliticosveracruz.com\\\/?p=170232\"},\"author\":{\"name\":\"Lo viste en Los Pol\u00edticos\",\"@id\":\"https:\\\/\\\/lospoliticosveracruz.com\\\/#\\\/schema\\\/person\\\/b8702bb0e538456e6efd07080bf2a4a2\"},\"headline\":\"INE Y OPLE, DE LA VISTA GORDA\",\"datePublished\":\"2026-04-30T11:45:26+00:00\",\"dateModified\":\"2026-04-30T11:45:27+00:00\",\"mainEntityOfPage\":{\"@id\":\"https:\\\/\\\/lospoliticosveracruz.com\\\/?p=170232\"},\"wordCount\":971,\"publisher\":{\"@id\":\"https:\\\/\\\/lospoliticosveracruz.com\\\/#organization\"},\"image\":{\"@id\":\"https:\\\/\\\/lospoliticosveracruz.com\\\/?p=170232#primaryimage\"},\"thumbnailUrl\":\"https:\\\/\\\/lospoliticosveracruz.com\\\/wp-content\\\/uploads\\\/2025\\\/04\\\/Fanny-Yepez-Luna-e1768657334923.jpg\",\"keywords\":[\"Antonio Ballesteros Grayeb\",\"campa\u00f1as anticipadas\",\"Delitos electorales\",\"Diego Casta\u00f1eda Aburto\",\"Dorheny Garc\u00eda Cayetano\",\"Eleazar Guerrero P\u00e9rez\",\"Esteban Ram\u00edrez Zepeta\",\"INE\",\"Javier Herrera Borunda\",\"Juan Vergel Pacheco\",\"Ley General de Partidos Pol\u00edticos\",\"Ople de Veracruz\",\"Rosalinda Galindo Silva\",\"Rosita Herrera Borunda\",\"Tato Vega Yunes\",\"Veracruz\"],\"articleSection\":[\"De Opini\u00f3n\"],\"inLanguage\":\"es\"},{\"@type\":\"WebPage\",\"@id\":\"https:\\\/\\\/lospoliticosveracruz.com\\\/?p=170232\",\"url\":\"https:\\\/\\\/lospoliticosveracruz.com\\\/?p=170232\",\"name\":\"INE Y OPLE, DE LA VISTA GORDA - Los pol\u00edticos Veracruz\",\"isPartOf\":{\"@id\":\"https:\\\/\\\/lospoliticosveracruz.com\\\/#website\"},\"primaryImageOfPage\":{\"@id\":\"https:\\\/\\\/lospoliticosveracruz.com\\\/?p=170232#primaryimage\"},\"image\":{\"@id\":\"https:\\\/\\\/lospoliticosveracruz.com\\\/?p=170232#primaryimage\"},\"thumbnailUrl\":\"https:\\\/\\\/lospoliticosveracruz.com\\\/wp-content\\\/uploads\\\/2025\\\/04\\\/Fanny-Yepez-Luna-e1768657334923.jpg\",\"datePublished\":\"2026-04-30T11:45:26+00:00\",\"dateModified\":\"2026-04-30T11:45:27+00:00\",\"breadcrumb\":{\"@id\":\"https:\\\/\\\/lospoliticosveracruz.com\\\/?p=170232#breadcrumb\"},\"inLanguage\":\"es\",\"potentialAction\":[{\"@type\":\"ReadAction\",\"target\":[\"https:\\\/\\\/lospoliticosveracruz.com\\\/?p=170232\"]}]},{\"@type\":\"ImageObject\",\"inLanguage\":\"es\",\"@id\":\"https:\\\/\\\/lospoliticosveracruz.com\\\/?p=170232#primaryimage\",\"url\":\"https:\\\/\\\/lospoliticosveracruz.com\\\/wp-content\\\/uploads\\\/2025\\\/04\\\/Fanny-Yepez-Luna-e1768657334923.jpg\",\"contentUrl\":\"https:\\\/\\\/lospoliticosveracruz.com\\\/wp-content\\\/uploads\\\/2025\\\/04\\\/Fanny-Yepez-Luna-e1768657334923.jpg\",\"width\":600,\"height\":320},{\"@type\":\"BreadcrumbList\",\"@id\":\"https:\\\/\\\/lospoliticosveracruz.com\\\/?p=170232#breadcrumb\",\"itemListElement\":[{\"@type\":\"ListItem\",\"position\":1,\"name\":\"Portada\",\"item\":\"https:\\\/\\\/lospoliticosveracruz.com\\\/\"},{\"@type\":\"ListItem\",\"position\":2,\"name\":\"INE Y OPLE, DE LA VISTA GORDA\"}]},{\"@type\":\"WebSite\",\"@id\":\"https:\\\/\\\/lospoliticosveracruz.com\\\/#website\",\"url\":\"https:\\\/\\\/lospoliticosveracruz.com\\\/\",\"name\":\"Los pol\u00edticos Veracruz\",\"description\":\"\",\"publisher\":{\"@id\":\"https:\\\/\\\/lospoliticosveracruz.com\\\/#organization\"},\"potentialAction\":[{\"@type\":\"SearchAction\",\"target\":{\"@type\":\"EntryPoint\",\"urlTemplate\":\"https:\\\/\\\/lospoliticosveracruz.com\\\/?s={search_term_string}\"},\"query-input\":{\"@type\":\"PropertyValueSpecification\",\"valueRequired\":true,\"valueName\":\"search_term_string\"}}],\"inLanguage\":\"es\"},{\"@type\":\"Organization\",\"@id\":\"https:\\\/\\\/lospoliticosveracruz.com\\\/#organization\",\"name\":\"Los pol\u00edticos Veracruz\",\"url\":\"https:\\\/\\\/lospoliticosveracruz.com\\\/\",\"logo\":{\"@type\":\"ImageObject\",\"inLanguage\":\"es\",\"@id\":\"https:\\\/\\\/lospoliticosveracruz.com\\\/#\\\/schema\\\/logo\\\/image\\\/\",\"url\":\"https:\\\/\\\/lospoliticosveracruz.com\\\/wp-content\\\/uploads\\\/2025\\\/12\\\/Logo-Nuevo-LOS-POLITICOS-1.jpg\",\"contentUrl\":\"https:\\\/\\\/lospoliticosveracruz.com\\\/wp-content\\\/uploads\\\/2025\\\/12\\\/Logo-Nuevo-LOS-POLITICOS-1.jpg\",\"width\":260,\"height\":70,\"caption\":\"Los pol\u00edticos Veracruz\"},\"image\":{\"@id\":\"https:\\\/\\\/lospoliticosveracruz.com\\\/#\\\/schema\\\/logo\\\/image\\\/\"},\"sameAs\":[\"https:\\\/\\\/www.facebook.com\\\/people\\\/Notimemes-de-los-Polticos\\\/61565672886568\\\/\",\"https:\\\/\\\/x.com\\\/LosPoliticosVer\"]},{\"@type\":\"Person\",\"@id\":\"https:\\\/\\\/lospoliticosveracruz.com\\\/#\\\/schema\\\/person\\\/b8702bb0e538456e6efd07080bf2a4a2\",\"name\":\"Lo viste en Los Pol\u00edticos\",\"image\":{\"@type\":\"ImageObject\",\"inLanguage\":\"es\",\"@id\":\"https:\\\/\\\/secure.gravatar.com\\\/avatar\\\/3a8de04a2656d44082be478bd6c086daa447c4651605818287b9532d3d0bd435?s=96&d=mm&r=g\",\"url\":\"https:\\\/\\\/secure.gravatar.com\\\/avatar\\\/3a8de04a2656d44082be478bd6c086daa447c4651605818287b9532d3d0bd435?s=96&d=mm&r=g\",\"contentUrl\":\"https:\\\/\\\/secure.gravatar.com\\\/avatar\\\/3a8de04a2656d44082be478bd6c086daa447c4651605818287b9532d3d0bd435?s=96&d=mm&r=g\",\"caption\":\"Lo viste en Los Pol\u00edticos\"},\"url\":\"https:\\\/\\\/lospoliticosveracruz.com\\\/?author=2\"}]}<\/script>\n<!-- \/ Yoast SEO plugin. -->","yoast_head_json":{"title":"INE Y OPLE, DE LA VISTA GORDA - Los pol\u00edticos Veracruz","robots":{"index":"index","follow":"follow","max-snippet":"max-snippet:-1","max-image-preview":"max-image-preview:large","max-video-preview":"max-video-preview:-1"},"canonical":"https:\/\/lospoliticosveracruz.com\/?p=170232","og_locale":"es_ES","og_type":"article","og_title":"INE Y OPLE, DE LA VISTA GORDA - Los pol\u00edticos Veracruz","og_description":"Fanny Y\u00e9pezLa ColumnaEn la primera semana de septiembre de 2026, el Instituto Nacional Electoral (INE) arrancar\u00e1 de manera formal con el proceso electoral 2027, en el cual, la mitad del pa\u00eds ir\u00e1 a las urnas.En esta elecci\u00f3n estar\u00e1 en juego la nueva composici\u00f3n de la C\u00e1mara de Diputados federales, pero adem\u00e1s habr\u00e1 comicios en 17 [&hellip;]","og_url":"https:\/\/lospoliticosveracruz.com\/?p=170232","og_site_name":"Los pol\u00edticos Veracruz","article_publisher":"https:\/\/www.facebook.com\/people\/Notimemes-de-los-Polticos\/61565672886568\/","article_published_time":"2026-04-30T11:45:26+00:00","article_modified_time":"2026-04-30T11:45:27+00:00","og_image":[{"width":600,"height":320,"url":"https:\/\/lospoliticosveracruz.com\/wp-content\/uploads\/2025\/04\/Fanny-Yepez-Luna-e1768657334923.jpg","type":"image\/jpeg"}],"author":"Lo viste en Los Pol\u00edticos","twitter_card":"summary_large_image","twitter_creator":"@LosPoliticosVer","twitter_site":"@LosPoliticosVer","twitter_misc":{"Escrito por":"Lo viste en Los Pol\u00edticos","Tiempo de lectura":"5 minutos"},"schema":{"@context":"https:\/\/schema.org","@graph":[{"@type":"Article","@id":"https:\/\/lospoliticosveracruz.com\/?p=170232#article","isPartOf":{"@id":"https:\/\/lospoliticosveracruz.com\/?p=170232"},"author":{"name":"Lo viste en Los Pol\u00edticos","@id":"https:\/\/lospoliticosveracruz.com\/#\/schema\/person\/b8702bb0e538456e6efd07080bf2a4a2"},"headline":"INE Y OPLE, DE LA VISTA GORDA","datePublished":"2026-04-30T11:45:26+00:00","dateModified":"2026-04-30T11:45:27+00:00","mainEntityOfPage":{"@id":"https:\/\/lospoliticosveracruz.com\/?p=170232"},"wordCount":971,"publisher":{"@id":"https:\/\/lospoliticosveracruz.com\/#organization"},"image":{"@id":"https:\/\/lospoliticosveracruz.com\/?p=170232#primaryimage"},"thumbnailUrl":"https:\/\/lospoliticosveracruz.com\/wp-content\/uploads\/2025\/04\/Fanny-Yepez-Luna-e1768657334923.jpg","keywords":["Antonio Ballesteros Grayeb","campa\u00f1as anticipadas","Delitos electorales","Diego Casta\u00f1eda Aburto","Dorheny Garc\u00eda Cayetano","Eleazar Guerrero P\u00e9rez","Esteban Ram\u00edrez Zepeta","INE","Javier Herrera Borunda","Juan Vergel Pacheco","Ley General de Partidos Pol\u00edticos","Ople de Veracruz","Rosalinda Galindo Silva","Rosita Herrera Borunda","Tato Vega Yunes","Veracruz"],"articleSection":["De Opini\u00f3n"],"inLanguage":"es"},{"@type":"WebPage","@id":"https:\/\/lospoliticosveracruz.com\/?p=170232","url":"https:\/\/lospoliticosveracruz.com\/?p=170232","name":"INE Y OPLE, DE LA VISTA GORDA - Los pol\u00edticos Veracruz","isPartOf":{"@id":"https:\/\/lospoliticosveracruz.com\/#website"},"primaryImageOfPage":{"@id":"https:\/\/lospoliticosveracruz.com\/?p=170232#primaryimage"},"image":{"@id":"https:\/\/lospoliticosveracruz.com\/?p=170232#primaryimage"},"thumbnailUrl":"https:\/\/lospoliticosveracruz.com\/wp-content\/uploads\/2025\/04\/Fanny-Yepez-Luna-e1768657334923.jpg","datePublished":"2026-04-30T11:45:26+00:00","dateModified":"2026-04-30T11:45:27+00:00","breadcrumb":{"@id":"https:\/\/lospoliticosveracruz.com\/?p=170232#breadcrumb"},"inLanguage":"es","potentialAction":[{"@type":"ReadAction","target":["https:\/\/lospoliticosveracruz.com\/?p=170232"]}]},{"@type":"ImageObject","inLanguage":"es","@id":"https:\/\/lospoliticosveracruz.com\/?p=170232#primaryimage","url":"https:\/\/lospoliticosveracruz.com\/wp-content\/uploads\/2025\/04\/Fanny-Yepez-Luna-e1768657334923.jpg","contentUrl":"https:\/\/lospoliticosveracruz.com\/wp-content\/uploads\/2025\/04\/Fanny-Yepez-Luna-e1768657334923.jpg","width":600,"height":320},{"@type":"BreadcrumbList","@id":"https:\/\/lospoliticosveracruz.com\/?p=170232#breadcrumb","itemListElement":[{"@type":"ListItem","position":1,"name":"Portada","item":"https:\/\/lospoliticosveracruz.com\/"},{"@type":"ListItem","position":2,"name":"INE Y OPLE, DE LA VISTA GORDA"}]},{"@type":"WebSite","@id":"https:\/\/lospoliticosveracruz.com\/#website","url":"https:\/\/lospoliticosveracruz.com\/","name":"Los pol\u00edticos Veracruz","description":"","publisher":{"@id":"https:\/\/lospoliticosveracruz.com\/#organization"},"potentialAction":[{"@type":"SearchAction","target":{"@type":"EntryPoint","urlTemplate":"https:\/\/lospoliticosveracruz.com\/?s={search_term_string}"},"query-input":{"@type":"PropertyValueSpecification","valueRequired":true,"valueName":"search_term_string"}}],"inLanguage":"es"},{"@type":"Organization","@id":"https:\/\/lospoliticosveracruz.com\/#organization","name":"Los pol\u00edticos Veracruz","url":"https:\/\/lospoliticosveracruz.com\/","logo":{"@type":"ImageObject","inLanguage":"es","@id":"https:\/\/lospoliticosveracruz.com\/#\/schema\/logo\/image\/","url":"https:\/\/lospoliticosveracruz.com\/wp-content\/uploads\/2025\/12\/Logo-Nuevo-LOS-POLITICOS-1.jpg","contentUrl":"https:\/\/lospoliticosveracruz.com\/wp-content\/uploads\/2025\/12\/Logo-Nuevo-LOS-POLITICOS-1.jpg","width":260,"height":70,"caption":"Los pol\u00edticos Veracruz"},"image":{"@id":"https:\/\/lospoliticosveracruz.com\/#\/schema\/logo\/image\/"},"sameAs":["https:\/\/www.facebook.com\/people\/Notimemes-de-los-Polticos\/61565672886568\/","https:\/\/x.com\/LosPoliticosVer"]},{"@type":"Person","@id":"https:\/\/lospoliticosveracruz.com\/#\/schema\/person\/b8702bb0e538456e6efd07080bf2a4a2","name":"Lo viste en Los Pol\u00edticos","image":{"@type":"ImageObject","inLanguage":"es","@id":"https:\/\/secure.gravatar.com\/avatar\/3a8de04a2656d44082be478bd6c086daa447c4651605818287b9532d3d0bd435?s=96&d=mm&r=g","url":"https:\/\/secure.gravatar.com\/avatar\/3a8de04a2656d44082be478bd6c086daa447c4651605818287b9532d3d0bd435?s=96&d=mm&r=g","contentUrl":"https:\/\/secure.gravatar.com\/avatar\/3a8de04a2656d44082be478bd6c086daa447c4651605818287b9532d3d0bd435?s=96&d=mm&r=g","caption":"Lo viste en Los Pol\u00edticos"},"url":"https:\/\/lospoliticosveracruz.com\/?author=2"}]}},"_links":{"self":[{"href":"https:\/\/lospoliticosveracruz.com\/index.php?rest_route=\/wp\/v2\/posts\/170232","targetHints":{"allow":["GET"]}}],"collection":[{"href":"https:\/\/lospoliticosveracruz.com\/index.php?rest_route=\/wp\/v2\/posts"}],"about":[{"href":"https:\/\/lospoliticosveracruz.com\/index.php?rest_route=\/wp\/v2\/types\/post"}],"author":[{"embeddable":true,"href":"https:\/\/lospoliticosveracruz.com\/index.php?rest_route=\/wp\/v2\/users\/2"}],"replies":[{"embeddable":true,"href":"https:\/\/lospoliticosveracruz.com\/index.php?rest_route=%2Fwp%2Fv2%2Fcomments&post=170232"}],"version-history":[{"count":1,"href":"https:\/\/lospoliticosveracruz.com\/index.php?rest_route=\/wp\/v2\/posts\/170232\/revisions"}],"predecessor-version":[{"id":170233,"href":"https:\/\/lospoliticosveracruz.com\/index.php?rest_route=\/wp\/v2\/posts\/170232\/revisions\/170233"}],"wp:featuredmedia":[{"embeddable":true,"href":"https:\/\/lospoliticosveracruz.com\/index.php?rest_route=\/wp\/v2\/media\/141383"}],"wp:attachment":[{"href":"https:\/\/lospoliticosveracruz.com\/index.php?rest_route=%2Fwp%2Fv2%2Fmedia&parent=170232"}],"wp:term":[{"taxonomy":"category","embeddable":true,"href":"https:\/\/lospoliticosveracruz.com\/index.php?rest_route=%2Fwp%2Fv2%2Fcategories&post=170232"},{"taxonomy":"post_tag","embeddable":true,"href":"https:\/\/lospoliticosveracruz.com\/index.php?rest_route=%2Fwp%2Fv2%2Ftags&post=170232"}],"curies":[{"name":"wp","href":"https:\/\/api.w.org\/{rel}","templated":true}]}}