{"id":170239,"date":"2026-04-30T07:36:10","date_gmt":"2026-04-30T13:36:10","guid":{"rendered":"https:\/\/lospoliticosveracruz.com\/?p=170239"},"modified":"2026-04-30T07:39:24","modified_gmt":"2026-04-30T13:39:24","slug":"ser-nino-con-discapacidad","status":"publish","type":"post","link":"https:\/\/lospoliticosveracruz.com\/?p=170239","title":{"rendered":"SER NI\u00d1O CON DISCAPACIDAD"},"content":{"rendered":"\n<p><strong>Mar\u00eda Luisa Bandala Pantoja<br><\/strong><em>Voz sin Barreras<\/em><\/p>\n\n\n\n<p>Cada 30 de abril celebramos el D\u00eda del Ni\u00f1o con festivales, dulces y sonrisas. Pero hay una pregunta inc\u00f3moda que pocas veces se pone sobre la mesa: \u00bfqu\u00e9 significa realmente ser un ni\u00f1o o ni\u00f1a con discapacidad en M\u00e9xico y, particularmente, en Veracruz?<\/p>\n\n\n\n<p>Ser ni\u00f1o deber\u00eda ser sin\u00f3nimo de juego, aprendizaje y libertad, sin embargo, para miles de ni\u00f1as y ni\u00f1os con discapacidad la infancia tambi\u00e9n implica enfrentar barreras, exclusi\u00f3n y, en muchos casos, una lucha constante que comienza desde muy temprano.<\/p>\n\n\n\n<p>De acuerdo con el Instituto Nacional de Estad\u00edstica y Geograf\u00eda (INEGI), en M\u00e9xico alrededor de 9.5 millones de personas viven con discapacidad lo que representa m\u00e1s del 7% de la poblaci\u00f3n, de ellas, un porcentaje menor corresponde a ni\u00f1as, ni\u00f1os y adolescentes, quienes enfrentan mayores barreras desde el inicio de la vida.<\/p>\n\n\n\n<p>En Veracruz m\u00e1s de 468 mil personas viven con discapacidad, incluyendo cerca de 45 mil ni\u00f1as y ni\u00f1os, lo que evidencia que la inclusi\u00f3n no es un tema menor, sino una realidad que atraviesa la infancia de miles de familias.<\/p>\n\n\n\n<p>No hablamos de cifras peque\u00f1as, hablamos de infancias que todos los d\u00edas enfrentan un sistema que no est\u00e1 hecho para ellas. Cuando la infancia no es jugar para muchos ni\u00f1os con discapacidad f\u00edsica o motriz, la infancia no se parece a la que imaginamos.<\/p>\n\n\n\n<p>Mientras otros juegan, ellos est\u00e1n en terapias. Mientras otros corren, ellos est\u00e1n en rehabilitaci\u00f3n. Mientras otros van a fiestas, ellos est\u00e1n en hospitales o enfrentando cirug\u00edas.<\/p>\n\n\n\n<p>Son infancias marcadas por citas m\u00e9dicas, tratamientos y dolor f\u00edsico, pero tambi\u00e9n por una enorme fortaleza emocional que pocas veces se reconoce y aun as\u00ed, siguen siendo ni\u00f1os.<\/p>\n\n\n\n<p>Tambi\u00e9n quieren jugar, aprender, tener amigos, sentirse parte.<\/p>\n\n\n\n<p>El bullying que no siempre se ve<\/p>\n\n\n\n<p>Uno de los temas m\u00e1s delicados es el acoso escolar. Para un ni\u00f1o con discapacidad, el bullying no siempre es evidente: no solo son burlas o agresiones f\u00edsicas, tambi\u00e9n son miradas, exclusi\u00f3n, aislamiento o el simple hecho de no ser tomado en cuenta.<\/p>\n\n\n\n<p>Un ni\u00f1o con discapacidad motriz, visual, auditiva, intelectual o psicosocial no solo lucha por aprender, tambi\u00e9n lucha por ser aceptado y eso deja huellas profundas.<\/p>\n\n\n\n<p>Escuelas que incluyen\u2026 solo en el papel<\/p>\n\n\n\n<p>Durante a\u00f1os se ha hablado de inclusi\u00f3n educativa, pero la realidad es que muchas escuelas siguen sin estar preparadas. No basta con que exista una maestra o maestro de educaci\u00f3n especial.<\/p>\n\n\n\n<p>La inclusi\u00f3n real implica:<\/p>\n\n\n\n<p>infraestructura accesible (rampas, ba\u00f1os adecuados, se\u00f1alizaci\u00f3n)<\/p>\n\n\n\n<p>material did\u00e1ctico adaptado<\/p>\n\n\n\n<p>docentes capacitados en atenci\u00f3n a la diversidad y sensibilizaci\u00f3n de toda la comunidad escolar<\/p>\n\n\n\n<p>sensibilizaci\u00f3n de toda la comunidad escolar<\/p>\n\n\n\n<p>personal capacitado en Lengua de se\u00f1as mexicana (LSM)<\/p>\n\n\n\n<p>libros, materiales y se\u00f1alizaci\u00f3n en sistema braille.<\/p>\n\n\n\n<p>Pero, adem\u00e1s, hay un paso m\u00e1s que pocas veces se considera: ense\u00f1ar Lengua de Se\u00f1as Mexicana a todos los alumnos, no solo a quienes la necesitan porque la inclusi\u00f3n no deber\u00eda depender de que una ni\u00f1a o ni\u00f1o con discapacidad auditiva se adapte, sino de que toda la comunidad educativa pueda comunicarse.<\/p>\n\n\n\n<p>Ense\u00f1ar LSM en las escuelas no solo rompe barreras, tambi\u00e9n fomenta empat\u00eda, convivencia y una cultura de respeto desde la infancia porque sin comunicaci\u00f3n, no hay educaci\u00f3n y sin accesibilidad no hay inclusi\u00f3n.<\/p>\n\n\n\n<p>Una desigualdad que comienza desde la infancia<\/p>\n\n\n\n<p>La discapacidad en la ni\u00f1ez tambi\u00e9n est\u00e1 profundamente ligada a la desigualdad. Muchas familias enfrentan gastos constantes en medicamentos, terapias y traslados, en algunos casos, uno de los padres tiene que dejar de trabajar para cuidar al menor.<\/p>\n\n\n\n<p>Esto limita oportunidades desde el inicio de la vida.<\/p>\n\n\n\n<p>Un ni\u00f1o con discapacidad que no recibe educaci\u00f3n inclusiva y apoyos adecuados, dif\u00edcilmente tendr\u00e1 acceso a un empleo digno en el futuro, es un ciclo que se repite.<\/p>\n\n\n\n<p>Entonces, \u00bfqu\u00e9 nos falta?<\/p>\n\n\n\n<p>M\u00e1s que discursos, se necesita acci\u00f3n:<\/p>\n\n\n\n<p>Pol\u00edticas p\u00fablicas que s\u00ed se implementen<\/p>\n\n\n\n<p>presupuesto para accesibilidad escolar<\/p>\n\n\n\n<p>formaci\u00f3n docente obligatoria en inclusi\u00f3n<\/p>\n\n\n\n<p>programas contra el bullying con enfoque en discapacidad<\/p>\n\n\n\n<p>ense\u00f1anza b\u00e1sica de Lengua de Se\u00f1as Mexicana en escuelas<\/p>\n\n\n\n<p>apoyos reales para familias que enfrentan gastos m\u00e9dicos y terap\u00e9uticos y sobre todo, cambiar la forma en la que vemos la discapacidad porque no es el ni\u00f1o el que tiene que adaptarse al mundo, es el mundo el que tiene que adaptarse para que todos los ni\u00f1os quepan en \u00e9l.<\/p>\n\n\n\n<p>Una reflexi\u00f3n necesaria este 30 de abril<\/p>\n\n\n\n<p>Celebrar el D\u00eda del Ni\u00f1o tambi\u00e9n deber\u00eda ser cuestionarnos qu\u00e9 tan justa es la infancia que estamos construyendo, porque mientras haya ni\u00f1as y ni\u00f1os cuya infancia transcurre entre hospitales, terapias y exclusi\u00f3n; mientras haya quienes no pueden comunicarse en su propia escuela o acceder a materiales b\u00e1sicos para aprender, no podemos hablar de una celebraci\u00f3n completa.<\/p>\n\n\n\n<p>La inclusi\u00f3n no es un favor. Es un derecho. Y la infancia no deber\u00eda tener excepciones.<\/p>\n","protected":false},"excerpt":{"rendered":"<p>Mar\u00eda Luisa Bandala PantojaVoz sin Barreras Cada 30 de abril celebramos el D\u00eda del Ni\u00f1o con festivales, dulces y sonrisas. Pero hay una pregunta inc\u00f3moda que pocas veces se pone sobre la mesa: \u00bfqu\u00e9 significa realmente ser un ni\u00f1o o ni\u00f1a con discapacidad en M\u00e9xico y, particularmente, en Veracruz? Ser ni\u00f1o deber\u00eda ser sin\u00f3nimo de [&hellip;]<\/p>\n","protected":false},"author":2,"featured_media":170240,"comment_status":"closed","ping_status":"closed","sticky":false,"template":"","format":"standard","meta":{"tdm_status":"","tdm_grid_status":"","footnotes":""},"categories":[70],"tags":[62802,62799,62797,62798,47849,62800],"class_list":{"0":"post-170239","1":"post","2":"type-post","3":"status-publish","4":"format-standard","5":"has-post-thumbnail","7":"category-de-opinion","8":"tag-barreras-inclusion-infantil","9":"tag-dia-del-nino-discapacidad","10":"tag-inclusion-educativa-mexico","11":"tag-lengua-de-senas-mexicana-escuelas","12":"tag-maria-luisa-bandala-pantoja","13":"tag-ninos-con-discapacidad-veracruz"},"yoast_head":"<!-- This site is optimized with the Yoast SEO plugin v27.4 - https:\/\/yoast.com\/product\/yoast-seo-wordpress\/ -->\n<title>SER NI\u00d1O CON DISCAPACIDAD - Los pol\u00edticos Veracruz<\/title>\n<meta name=\"robots\" content=\"index, follow, max-snippet:-1, max-image-preview:large, max-video-preview:-1\" \/>\n<link rel=\"canonical\" href=\"https:\/\/lospoliticosveracruz.com\/?p=170239\" \/>\n<meta property=\"og:locale\" content=\"es_ES\" \/>\n<meta property=\"og:type\" content=\"article\" \/>\n<meta property=\"og:title\" content=\"SER NI\u00d1O CON DISCAPACIDAD - Los pol\u00edticos Veracruz\" \/>\n<meta property=\"og:description\" content=\"Mar\u00eda Luisa Bandala PantojaVoz sin Barreras Cada 30 de abril celebramos el D\u00eda del Ni\u00f1o con festivales, dulces y sonrisas. Pero hay una pregunta inc\u00f3moda que pocas veces se pone sobre la mesa: \u00bfqu\u00e9 significa realmente ser un ni\u00f1o o ni\u00f1a con discapacidad en M\u00e9xico y, particularmente, en Veracruz? Ser ni\u00f1o deber\u00eda ser sin\u00f3nimo de [&hellip;]\" \/>\n<meta property=\"og:url\" content=\"https:\/\/lospoliticosveracruz.com\/?p=170239\" \/>\n<meta property=\"og:site_name\" content=\"Los pol\u00edticos Veracruz\" \/>\n<meta property=\"article:publisher\" content=\"https:\/\/www.facebook.com\/people\/Notimemes-de-los-Polticos\/61565672886568\/\" \/>\n<meta property=\"article:published_time\" content=\"2026-04-30T13:36:10+00:00\" \/>\n<meta property=\"article:modified_time\" content=\"2026-04-30T13:39:24+00:00\" \/>\n<meta property=\"og:image\" content=\"https:\/\/lospoliticosveracruz.com\/wp-content\/uploads\/2026\/04\/Maria-Luisa-Bandala-Pantoja.jpg\" \/>\n\t<meta property=\"og:image:width\" content=\"1250\" \/>\n\t<meta property=\"og:image:height\" content=\"667\" \/>\n\t<meta property=\"og:image:type\" content=\"image\/jpeg\" \/>\n<meta name=\"author\" content=\"Lo viste en Los Pol\u00edticos\" \/>\n<meta name=\"twitter:card\" content=\"summary_large_image\" \/>\n<meta name=\"twitter:creator\" content=\"@LosPoliticosVer\" \/>\n<meta name=\"twitter:site\" content=\"@LosPoliticosVer\" \/>\n<meta name=\"twitter:label1\" content=\"Escrito por\" \/>\n\t<meta name=\"twitter:data1\" content=\"Lo viste en Los Pol\u00edticos\" \/>\n\t<meta name=\"twitter:label2\" content=\"Tiempo de lectura\" \/>\n\t<meta name=\"twitter:data2\" content=\"4 minutos\" \/>\n<script type=\"application\/ld+json\" class=\"yoast-schema-graph\">{\"@context\":\"https:\\\/\\\/schema.org\",\"@graph\":[{\"@type\":\"Article\",\"@id\":\"https:\\\/\\\/lospoliticosveracruz.com\\\/?p=170239#article\",\"isPartOf\":{\"@id\":\"https:\\\/\\\/lospoliticosveracruz.com\\\/?p=170239\"},\"author\":{\"name\":\"Lo viste en Los Pol\u00edticos\",\"@id\":\"https:\\\/\\\/lospoliticosveracruz.com\\\/#\\\/schema\\\/person\\\/b8702bb0e538456e6efd07080bf2a4a2\"},\"headline\":\"SER NI\u00d1O CON DISCAPACIDAD\",\"datePublished\":\"2026-04-30T13:36:10+00:00\",\"dateModified\":\"2026-04-30T13:39:24+00:00\",\"mainEntityOfPage\":{\"@id\":\"https:\\\/\\\/lospoliticosveracruz.com\\\/?p=170239\"},\"wordCount\":889,\"publisher\":{\"@id\":\"https:\\\/\\\/lospoliticosveracruz.com\\\/#organization\"},\"image\":{\"@id\":\"https:\\\/\\\/lospoliticosveracruz.com\\\/?p=170239#primaryimage\"},\"thumbnailUrl\":\"https:\\\/\\\/lospoliticosveracruz.com\\\/wp-content\\\/uploads\\\/2026\\\/04\\\/Maria-Luisa-Bandala-Pantoja.jpg\",\"keywords\":[\"barreras inclusi\u00f3n infantil\",\"D\u00eda del Ni\u00f1o discapacidad\",\"inclusi\u00f3n educativa M\u00e9xico\",\"Lengua de Se\u00f1as Mexicana escuelas\",\"Mar\u00eda Luisa Bandala Pantoja\",\"ni\u00f1os con discapacidad Veracruz\"],\"articleSection\":[\"De Opini\u00f3n\"],\"inLanguage\":\"es\"},{\"@type\":\"WebPage\",\"@id\":\"https:\\\/\\\/lospoliticosveracruz.com\\\/?p=170239\",\"url\":\"https:\\\/\\\/lospoliticosveracruz.com\\\/?p=170239\",\"name\":\"SER NI\u00d1O CON DISCAPACIDAD - Los pol\u00edticos Veracruz\",\"isPartOf\":{\"@id\":\"https:\\\/\\\/lospoliticosveracruz.com\\\/#website\"},\"primaryImageOfPage\":{\"@id\":\"https:\\\/\\\/lospoliticosveracruz.com\\\/?p=170239#primaryimage\"},\"image\":{\"@id\":\"https:\\\/\\\/lospoliticosveracruz.com\\\/?p=170239#primaryimage\"},\"thumbnailUrl\":\"https:\\\/\\\/lospoliticosveracruz.com\\\/wp-content\\\/uploads\\\/2026\\\/04\\\/Maria-Luisa-Bandala-Pantoja.jpg\",\"datePublished\":\"2026-04-30T13:36:10+00:00\",\"dateModified\":\"2026-04-30T13:39:24+00:00\",\"breadcrumb\":{\"@id\":\"https:\\\/\\\/lospoliticosveracruz.com\\\/?p=170239#breadcrumb\"},\"inLanguage\":\"es\",\"potentialAction\":[{\"@type\":\"ReadAction\",\"target\":[\"https:\\\/\\\/lospoliticosveracruz.com\\\/?p=170239\"]}]},{\"@type\":\"ImageObject\",\"inLanguage\":\"es\",\"@id\":\"https:\\\/\\\/lospoliticosveracruz.com\\\/?p=170239#primaryimage\",\"url\":\"https:\\\/\\\/lospoliticosveracruz.com\\\/wp-content\\\/uploads\\\/2026\\\/04\\\/Maria-Luisa-Bandala-Pantoja.jpg\",\"contentUrl\":\"https:\\\/\\\/lospoliticosveracruz.com\\\/wp-content\\\/uploads\\\/2026\\\/04\\\/Maria-Luisa-Bandala-Pantoja.jpg\",\"width\":1250,\"height\":667},{\"@type\":\"BreadcrumbList\",\"@id\":\"https:\\\/\\\/lospoliticosveracruz.com\\\/?p=170239#breadcrumb\",\"itemListElement\":[{\"@type\":\"ListItem\",\"position\":1,\"name\":\"Portada\",\"item\":\"https:\\\/\\\/lospoliticosveracruz.com\\\/\"},{\"@type\":\"ListItem\",\"position\":2,\"name\":\"SER NI\u00d1O CON DISCAPACIDAD\"}]},{\"@type\":\"WebSite\",\"@id\":\"https:\\\/\\\/lospoliticosveracruz.com\\\/#website\",\"url\":\"https:\\\/\\\/lospoliticosveracruz.com\\\/\",\"name\":\"Los pol\u00edticos Veracruz\",\"description\":\"\",\"publisher\":{\"@id\":\"https:\\\/\\\/lospoliticosveracruz.com\\\/#organization\"},\"potentialAction\":[{\"@type\":\"SearchAction\",\"target\":{\"@type\":\"EntryPoint\",\"urlTemplate\":\"https:\\\/\\\/lospoliticosveracruz.com\\\/?s={search_term_string}\"},\"query-input\":{\"@type\":\"PropertyValueSpecification\",\"valueRequired\":true,\"valueName\":\"search_term_string\"}}],\"inLanguage\":\"es\"},{\"@type\":\"Organization\",\"@id\":\"https:\\\/\\\/lospoliticosveracruz.com\\\/#organization\",\"name\":\"Los pol\u00edticos Veracruz\",\"url\":\"https:\\\/\\\/lospoliticosveracruz.com\\\/\",\"logo\":{\"@type\":\"ImageObject\",\"inLanguage\":\"es\",\"@id\":\"https:\\\/\\\/lospoliticosveracruz.com\\\/#\\\/schema\\\/logo\\\/image\\\/\",\"url\":\"https:\\\/\\\/lospoliticosveracruz.com\\\/wp-content\\\/uploads\\\/2025\\\/12\\\/Logo-Nuevo-LOS-POLITICOS-1.jpg\",\"contentUrl\":\"https:\\\/\\\/lospoliticosveracruz.com\\\/wp-content\\\/uploads\\\/2025\\\/12\\\/Logo-Nuevo-LOS-POLITICOS-1.jpg\",\"width\":260,\"height\":70,\"caption\":\"Los pol\u00edticos Veracruz\"},\"image\":{\"@id\":\"https:\\\/\\\/lospoliticosveracruz.com\\\/#\\\/schema\\\/logo\\\/image\\\/\"},\"sameAs\":[\"https:\\\/\\\/www.facebook.com\\\/people\\\/Notimemes-de-los-Polticos\\\/61565672886568\\\/\",\"https:\\\/\\\/x.com\\\/LosPoliticosVer\"]},{\"@type\":\"Person\",\"@id\":\"https:\\\/\\\/lospoliticosveracruz.com\\\/#\\\/schema\\\/person\\\/b8702bb0e538456e6efd07080bf2a4a2\",\"name\":\"Lo viste en Los Pol\u00edticos\",\"image\":{\"@type\":\"ImageObject\",\"inLanguage\":\"es\",\"@id\":\"https:\\\/\\\/secure.gravatar.com\\\/avatar\\\/3a8de04a2656d44082be478bd6c086daa447c4651605818287b9532d3d0bd435?s=96&d=mm&r=g\",\"url\":\"https:\\\/\\\/secure.gravatar.com\\\/avatar\\\/3a8de04a2656d44082be478bd6c086daa447c4651605818287b9532d3d0bd435?s=96&d=mm&r=g\",\"contentUrl\":\"https:\\\/\\\/secure.gravatar.com\\\/avatar\\\/3a8de04a2656d44082be478bd6c086daa447c4651605818287b9532d3d0bd435?s=96&d=mm&r=g\",\"caption\":\"Lo viste en Los Pol\u00edticos\"},\"url\":\"https:\\\/\\\/lospoliticosveracruz.com\\\/?author=2\"}]}<\/script>\n<!-- \/ Yoast SEO plugin. -->","yoast_head_json":{"title":"SER NI\u00d1O CON DISCAPACIDAD - Los pol\u00edticos Veracruz","robots":{"index":"index","follow":"follow","max-snippet":"max-snippet:-1","max-image-preview":"max-image-preview:large","max-video-preview":"max-video-preview:-1"},"canonical":"https:\/\/lospoliticosveracruz.com\/?p=170239","og_locale":"es_ES","og_type":"article","og_title":"SER NI\u00d1O CON DISCAPACIDAD - Los pol\u00edticos Veracruz","og_description":"Mar\u00eda Luisa Bandala PantojaVoz sin Barreras Cada 30 de abril celebramos el D\u00eda del Ni\u00f1o con festivales, dulces y sonrisas. Pero hay una pregunta inc\u00f3moda que pocas veces se pone sobre la mesa: \u00bfqu\u00e9 significa realmente ser un ni\u00f1o o ni\u00f1a con discapacidad en M\u00e9xico y, particularmente, en Veracruz? Ser ni\u00f1o deber\u00eda ser sin\u00f3nimo de [&hellip;]","og_url":"https:\/\/lospoliticosveracruz.com\/?p=170239","og_site_name":"Los pol\u00edticos Veracruz","article_publisher":"https:\/\/www.facebook.com\/people\/Notimemes-de-los-Polticos\/61565672886568\/","article_published_time":"2026-04-30T13:36:10+00:00","article_modified_time":"2026-04-30T13:39:24+00:00","og_image":[{"width":1250,"height":667,"url":"https:\/\/lospoliticosveracruz.com\/wp-content\/uploads\/2026\/04\/Maria-Luisa-Bandala-Pantoja.jpg","type":"image\/jpeg"}],"author":"Lo viste en Los Pol\u00edticos","twitter_card":"summary_large_image","twitter_creator":"@LosPoliticosVer","twitter_site":"@LosPoliticosVer","twitter_misc":{"Escrito por":"Lo viste en Los Pol\u00edticos","Tiempo de lectura":"4 minutos"},"schema":{"@context":"https:\/\/schema.org","@graph":[{"@type":"Article","@id":"https:\/\/lospoliticosveracruz.com\/?p=170239#article","isPartOf":{"@id":"https:\/\/lospoliticosveracruz.com\/?p=170239"},"author":{"name":"Lo viste en Los Pol\u00edticos","@id":"https:\/\/lospoliticosveracruz.com\/#\/schema\/person\/b8702bb0e538456e6efd07080bf2a4a2"},"headline":"SER NI\u00d1O CON DISCAPACIDAD","datePublished":"2026-04-30T13:36:10+00:00","dateModified":"2026-04-30T13:39:24+00:00","mainEntityOfPage":{"@id":"https:\/\/lospoliticosveracruz.com\/?p=170239"},"wordCount":889,"publisher":{"@id":"https:\/\/lospoliticosveracruz.com\/#organization"},"image":{"@id":"https:\/\/lospoliticosveracruz.com\/?p=170239#primaryimage"},"thumbnailUrl":"https:\/\/lospoliticosveracruz.com\/wp-content\/uploads\/2026\/04\/Maria-Luisa-Bandala-Pantoja.jpg","keywords":["barreras inclusi\u00f3n infantil","D\u00eda del Ni\u00f1o discapacidad","inclusi\u00f3n educativa M\u00e9xico","Lengua de Se\u00f1as Mexicana escuelas","Mar\u00eda Luisa Bandala Pantoja","ni\u00f1os con discapacidad Veracruz"],"articleSection":["De Opini\u00f3n"],"inLanguage":"es"},{"@type":"WebPage","@id":"https:\/\/lospoliticosveracruz.com\/?p=170239","url":"https:\/\/lospoliticosveracruz.com\/?p=170239","name":"SER NI\u00d1O CON DISCAPACIDAD - Los pol\u00edticos Veracruz","isPartOf":{"@id":"https:\/\/lospoliticosveracruz.com\/#website"},"primaryImageOfPage":{"@id":"https:\/\/lospoliticosveracruz.com\/?p=170239#primaryimage"},"image":{"@id":"https:\/\/lospoliticosveracruz.com\/?p=170239#primaryimage"},"thumbnailUrl":"https:\/\/lospoliticosveracruz.com\/wp-content\/uploads\/2026\/04\/Maria-Luisa-Bandala-Pantoja.jpg","datePublished":"2026-04-30T13:36:10+00:00","dateModified":"2026-04-30T13:39:24+00:00","breadcrumb":{"@id":"https:\/\/lospoliticosveracruz.com\/?p=170239#breadcrumb"},"inLanguage":"es","potentialAction":[{"@type":"ReadAction","target":["https:\/\/lospoliticosveracruz.com\/?p=170239"]}]},{"@type":"ImageObject","inLanguage":"es","@id":"https:\/\/lospoliticosveracruz.com\/?p=170239#primaryimage","url":"https:\/\/lospoliticosveracruz.com\/wp-content\/uploads\/2026\/04\/Maria-Luisa-Bandala-Pantoja.jpg","contentUrl":"https:\/\/lospoliticosveracruz.com\/wp-content\/uploads\/2026\/04\/Maria-Luisa-Bandala-Pantoja.jpg","width":1250,"height":667},{"@type":"BreadcrumbList","@id":"https:\/\/lospoliticosveracruz.com\/?p=170239#breadcrumb","itemListElement":[{"@type":"ListItem","position":1,"name":"Portada","item":"https:\/\/lospoliticosveracruz.com\/"},{"@type":"ListItem","position":2,"name":"SER NI\u00d1O CON DISCAPACIDAD"}]},{"@type":"WebSite","@id":"https:\/\/lospoliticosveracruz.com\/#website","url":"https:\/\/lospoliticosveracruz.com\/","name":"Los pol\u00edticos Veracruz","description":"","publisher":{"@id":"https:\/\/lospoliticosveracruz.com\/#organization"},"potentialAction":[{"@type":"SearchAction","target":{"@type":"EntryPoint","urlTemplate":"https:\/\/lospoliticosveracruz.com\/?s={search_term_string}"},"query-input":{"@type":"PropertyValueSpecification","valueRequired":true,"valueName":"search_term_string"}}],"inLanguage":"es"},{"@type":"Organization","@id":"https:\/\/lospoliticosveracruz.com\/#organization","name":"Los pol\u00edticos Veracruz","url":"https:\/\/lospoliticosveracruz.com\/","logo":{"@type":"ImageObject","inLanguage":"es","@id":"https:\/\/lospoliticosveracruz.com\/#\/schema\/logo\/image\/","url":"https:\/\/lospoliticosveracruz.com\/wp-content\/uploads\/2025\/12\/Logo-Nuevo-LOS-POLITICOS-1.jpg","contentUrl":"https:\/\/lospoliticosveracruz.com\/wp-content\/uploads\/2025\/12\/Logo-Nuevo-LOS-POLITICOS-1.jpg","width":260,"height":70,"caption":"Los pol\u00edticos Veracruz"},"image":{"@id":"https:\/\/lospoliticosveracruz.com\/#\/schema\/logo\/image\/"},"sameAs":["https:\/\/www.facebook.com\/people\/Notimemes-de-los-Polticos\/61565672886568\/","https:\/\/x.com\/LosPoliticosVer"]},{"@type":"Person","@id":"https:\/\/lospoliticosveracruz.com\/#\/schema\/person\/b8702bb0e538456e6efd07080bf2a4a2","name":"Lo viste en Los Pol\u00edticos","image":{"@type":"ImageObject","inLanguage":"es","@id":"https:\/\/secure.gravatar.com\/avatar\/3a8de04a2656d44082be478bd6c086daa447c4651605818287b9532d3d0bd435?s=96&d=mm&r=g","url":"https:\/\/secure.gravatar.com\/avatar\/3a8de04a2656d44082be478bd6c086daa447c4651605818287b9532d3d0bd435?s=96&d=mm&r=g","contentUrl":"https:\/\/secure.gravatar.com\/avatar\/3a8de04a2656d44082be478bd6c086daa447c4651605818287b9532d3d0bd435?s=96&d=mm&r=g","caption":"Lo viste en Los Pol\u00edticos"},"url":"https:\/\/lospoliticosveracruz.com\/?author=2"}]}},"_links":{"self":[{"href":"https:\/\/lospoliticosveracruz.com\/index.php?rest_route=\/wp\/v2\/posts\/170239","targetHints":{"allow":["GET"]}}],"collection":[{"href":"https:\/\/lospoliticosveracruz.com\/index.php?rest_route=\/wp\/v2\/posts"}],"about":[{"href":"https:\/\/lospoliticosveracruz.com\/index.php?rest_route=\/wp\/v2\/types\/post"}],"author":[{"embeddable":true,"href":"https:\/\/lospoliticosveracruz.com\/index.php?rest_route=\/wp\/v2\/users\/2"}],"replies":[{"embeddable":true,"href":"https:\/\/lospoliticosveracruz.com\/index.php?rest_route=%2Fwp%2Fv2%2Fcomments&post=170239"}],"version-history":[{"count":1,"href":"https:\/\/lospoliticosveracruz.com\/index.php?rest_route=\/wp\/v2\/posts\/170239\/revisions"}],"predecessor-version":[{"id":170241,"href":"https:\/\/lospoliticosveracruz.com\/index.php?rest_route=\/wp\/v2\/posts\/170239\/revisions\/170241"}],"wp:featuredmedia":[{"embeddable":true,"href":"https:\/\/lospoliticosveracruz.com\/index.php?rest_route=\/wp\/v2\/media\/170240"}],"wp:attachment":[{"href":"https:\/\/lospoliticosveracruz.com\/index.php?rest_route=%2Fwp%2Fv2%2Fmedia&parent=170239"}],"wp:term":[{"taxonomy":"category","embeddable":true,"href":"https:\/\/lospoliticosveracruz.com\/index.php?rest_route=%2Fwp%2Fv2%2Fcategories&post=170239"},{"taxonomy":"post_tag","embeddable":true,"href":"https:\/\/lospoliticosveracruz.com\/index.php?rest_route=%2Fwp%2Fv2%2Ftags&post=170239"}],"curies":[{"name":"wp","href":"https:\/\/api.w.org\/{rel}","templated":true}]}}