{"id":170242,"date":"2026-04-30T07:45:21","date_gmt":"2026-04-30T13:45:21","guid":{"rendered":"https:\/\/lospoliticosveracruz.com\/?p=170242"},"modified":"2026-04-30T07:47:07","modified_gmt":"2026-04-30T13:47:07","slug":"marlon-botas-al-banquillo","status":"publish","type":"post","link":"https:\/\/lospoliticosveracruz.com\/?p=170242","title":{"rendered":"MARLON BOTAS, AL BANQUILLO!"},"content":{"rendered":"\n<p><strong>\u00c1ngeles Gonz\u00e1lez Ceballos<\/strong><\/p>\n\n\n\n<p>Este jueves a las 14:30 horas dar\u00e1 inicio el juicio de apertura contra Marlon Botas, por el feminicidio de Montserrat Bendimes Rold\u00e1n, ocurrido en abril del 2021, cuando ella apenas ten\u00eda 20 a\u00f1os de edad.<\/p>\n\n\n\n<p>La colectiva feminista Brujas del Mar, que a lo largo de estos a\u00f1os ha acompa\u00f1ado a la familia de la joven, pidi\u00f3 que el proceso se lleve apegado a Derecho.<\/p>\n\n\n\n<p>\u00abHan pasado ya cinco a\u00f1os de espera, desde nuestra colectiva exigimos que el juicio se lleve a cabo conforme a derecho, sin m\u00e1s retrasos ni pospuestos.<\/p>\n\n\n\n<p>La familia Bendimes Rold\u00e1n lleva ya mucho tiempo en la espera de justicia, ya basta de tanta revictimizaci\u00f3n, ya basta de tanta protecci\u00f3n a delincuentes\u00bb, externaron a trav\u00e9s de sus redes sociales.<\/p>\n\n\n\n<p>Recordaron que el d\u00eda que Botas se entreg\u00f3, estuvieron ah\u00ed, c\u00f3mo lleg\u00f3 con una c\u00ednica sonrisa, c\u00f3mo le gui\u00f1\u00f3 el ojo a una fotoreportera, \u00abcomo quien se sabe impune\u00bb.<\/p>\n\n\n\n<p>La colectiva defensora de los derechos de las mujeres, se\u00f1al\u00f3 que ese d\u00eda el feminicida de Montserrat Bendimes se burl\u00f3 del dolor de una familia y el de una sociedad entera.<\/p>\n\n\n\n<p>\u00abRecordamos c\u00f3mo poco antes de entregarse, distribuy\u00f3 un video donde pretend\u00eda negociar con las autoridades de Veracruz su entrega a cambio de la libertad de sus padres, Diana y Jorge. Recordamos el d\u00eda que los liberaron\u00bb, agregaron.<\/p>\n\n\n\n<p>Finalmente, hicieron un respetuoso llamado a los compa\u00f1eros y compa\u00f1eras de prensa, a la sociedad en general, a que sigan vigilando el proceso y se unan a seguir exigiendo justicia para Monse.<\/p>\n\n\n\n<p>El feminicidio de esta joven, estudiante de Ingenier\u00eda Civil, impact\u00f3 a la sociedad veracruzana y de todo el pa\u00eds, pero tambi\u00e9n a diputadas y diputados que a iniciativa de la colectiva y la familia de Monse, aprobado por unanimidad la llamada Ley Monse.<\/p>\n\n\n\n<p>Y es que hay que recordar que los padres de Marlon Botas lo ayudaron a huir, por lo que inici\u00f3 una lucha por tratar de que tanto Marlon como sus padres recibieran un castigo.<\/p>\n\n\n\n<p>Fue as\u00ed que tras varios a\u00f1os de espera, en octubre de 2025, la iniciativa que despu\u00e9s retom\u00f3 el grupo legislativo de Morena, fue aprobada.<\/p>\n\n\n\n<p>Arussi Unda, vocera del colectivo feminista Brujas del Mar, se congratul\u00f3 de la aprobaci\u00f3n de la Ley Montse que se propuso en el Congreso del Estado en el 2022 y que se retom\u00f3 en la presente legislatura.<\/p>\n\n\n\n<p>\u00abAhora que ya vimos el dictamen y que ya tuvimos el acercamiento con algunos diputados, que son los que van a sacarla el d\u00eda de hoy, ya hay un poco m\u00e1s de tranquilidad con respecto de las modificaciones que se hicieron.<\/p>\n\n\n\n<p>B\u00e1sicamente lo que hicieron fue endurecerla y hacerla un poco m\u00e1s\u2026 no hay tanto tema, sin embargo, seguimos en el entendido de que se reconozca la participaci\u00f3n de todas las mujeres y, sobre todo, de la familia Bendimes Rold\u00e1n para la propuesta inicial de esta reforma\u00bb, manifest\u00f3 en 2025.<\/p>\n\n\n\n<p>La Ley Monse define sanciones para quienes encubran a feminicidas, tipificando como delito el hecho de ayudar a un agresor a escapar o esconderse.<\/p>\n\n\n\n<p>La familia de Monserrat, asesinada a golpes por su novio, consider\u00f3 como positivo que se apruebe este d\u00eda la iniciativa para evitar que otras familias pasen por lo que ellos han pasado, que todav\u00eda andan en un \u00abperegrinaje\u00bb en la b\u00fasqueda de justicia para la joven.<\/p>\n\n\n\n<p>\u00abNo termina con la aprobaci\u00f3n de la Ley Monse, sigue pendiente el tema de la sentencia condenatoria\u00bb, afirm\u00f3 Arussi Unda.<\/p>\n","protected":false},"excerpt":{"rendered":"<p>\u00c1ngeles Gonz\u00e1lez Ceballos Este jueves a las 14:30 horas dar\u00e1 inicio el juicio de apertura contra Marlon Botas, por el feminicidio de Montserrat Bendimes Rold\u00e1n, ocurrido en abril del 2021, cuando ella apenas ten\u00eda 20 a\u00f1os de edad. La colectiva feminista Brujas del Mar, que a lo largo de estos a\u00f1os ha acompa\u00f1ado a la [&hellip;]<\/p>\n","protected":false},"author":2,"featured_media":170243,"comment_status":"closed","ping_status":"closed","sticky":false,"template":"","format":"standard","meta":{"tdm_status":"","tdm_grid_status":"","footnotes":""},"categories":[48940],"tags":[16621,46335,62804,36435,33547,30464,62803],"class_list":{"0":"post-170242","1":"post","2":"type-post","3":"status-publish","4":"format-standard","5":"has-post-thumbnail","7":"category-la-ley-y-el-orden","8":"tag-brujas-del-mar","9":"tag-feminicidio-veracruz","10":"tag-juicio-marlon-botas","11":"tag-justicia-para-monse","12":"tag-ley-monse","13":"tag-marlon-botas","14":"tag-montserrat-bendimes"},"yoast_head":"<!-- This site is optimized with the Yoast SEO plugin v27.4 - https:\/\/yoast.com\/product\/yoast-seo-wordpress\/ -->\n<title>MARLON BOTAS, AL BANQUILLO! - Los pol\u00edticos Veracruz<\/title>\n<meta name=\"robots\" content=\"index, follow, max-snippet:-1, max-image-preview:large, max-video-preview:-1\" \/>\n<link rel=\"canonical\" href=\"https:\/\/lospoliticosveracruz.com\/?p=170242\" \/>\n<meta property=\"og:locale\" content=\"es_ES\" \/>\n<meta property=\"og:type\" content=\"article\" \/>\n<meta property=\"og:title\" content=\"MARLON BOTAS, AL BANQUILLO! - Los pol\u00edticos Veracruz\" \/>\n<meta property=\"og:description\" content=\"\u00c1ngeles Gonz\u00e1lez Ceballos Este jueves a las 14:30 horas dar\u00e1 inicio el juicio de apertura contra Marlon Botas, por el feminicidio de Montserrat Bendimes Rold\u00e1n, ocurrido en abril del 2021, cuando ella apenas ten\u00eda 20 a\u00f1os de edad. La colectiva feminista Brujas del Mar, que a lo largo de estos a\u00f1os ha acompa\u00f1ado a la [&hellip;]\" \/>\n<meta property=\"og:url\" content=\"https:\/\/lospoliticosveracruz.com\/?p=170242\" \/>\n<meta property=\"og:site_name\" content=\"Los pol\u00edticos Veracruz\" \/>\n<meta property=\"article:publisher\" content=\"https:\/\/www.facebook.com\/people\/Notimemes-de-los-Polticos\/61565672886568\/\" \/>\n<meta property=\"article:published_time\" content=\"2026-04-30T13:45:21+00:00\" \/>\n<meta property=\"article:modified_time\" content=\"2026-04-30T13:47:07+00:00\" \/>\n<meta property=\"og:image\" content=\"https:\/\/lospoliticosveracruz.com\/wp-content\/uploads\/2026\/04\/Marlon-Botas.jpg\" \/>\n\t<meta property=\"og:image:width\" content=\"600\" \/>\n\t<meta property=\"og:image:height\" content=\"320\" \/>\n\t<meta property=\"og:image:type\" content=\"image\/jpeg\" \/>\n<meta name=\"author\" content=\"Lo viste en Los Pol\u00edticos\" \/>\n<meta name=\"twitter:card\" content=\"summary_large_image\" \/>\n<meta name=\"twitter:creator\" content=\"@LosPoliticosVer\" \/>\n<meta name=\"twitter:site\" content=\"@LosPoliticosVer\" \/>\n<meta name=\"twitter:label1\" content=\"Escrito por\" \/>\n\t<meta name=\"twitter:data1\" content=\"Lo viste en Los Pol\u00edticos\" \/>\n\t<meta name=\"twitter:label2\" content=\"Tiempo de lectura\" \/>\n\t<meta name=\"twitter:data2\" content=\"3 minutos\" \/>\n<script type=\"application\/ld+json\" class=\"yoast-schema-graph\">{\"@context\":\"https:\\\/\\\/schema.org\",\"@graph\":[{\"@type\":\"Article\",\"@id\":\"https:\\\/\\\/lospoliticosveracruz.com\\\/?p=170242#article\",\"isPartOf\":{\"@id\":\"https:\\\/\\\/lospoliticosveracruz.com\\\/?p=170242\"},\"author\":{\"name\":\"Lo viste en Los Pol\u00edticos\",\"@id\":\"https:\\\/\\\/lospoliticosveracruz.com\\\/#\\\/schema\\\/person\\\/b8702bb0e538456e6efd07080bf2a4a2\"},\"headline\":\"MARLON BOTAS, AL BANQUILLO!\",\"datePublished\":\"2026-04-30T13:45:21+00:00\",\"dateModified\":\"2026-04-30T13:47:07+00:00\",\"mainEntityOfPage\":{\"@id\":\"https:\\\/\\\/lospoliticosveracruz.com\\\/?p=170242\"},\"wordCount\":610,\"publisher\":{\"@id\":\"https:\\\/\\\/lospoliticosveracruz.com\\\/#organization\"},\"image\":{\"@id\":\"https:\\\/\\\/lospoliticosveracruz.com\\\/?p=170242#primaryimage\"},\"thumbnailUrl\":\"https:\\\/\\\/lospoliticosveracruz.com\\\/wp-content\\\/uploads\\\/2026\\\/04\\\/Marlon-Botas.jpg\",\"keywords\":[\"Brujas del Mar\",\"feminicidio Veracruz\",\"juicio Marlon Botas\",\"justicia para Monse\",\"Ley Monse\",\"Marlon Botas\",\"Montserrat Bendimes\"],\"articleSection\":[\"La Ley y el Orden\"],\"inLanguage\":\"es\"},{\"@type\":\"WebPage\",\"@id\":\"https:\\\/\\\/lospoliticosveracruz.com\\\/?p=170242\",\"url\":\"https:\\\/\\\/lospoliticosveracruz.com\\\/?p=170242\",\"name\":\"MARLON BOTAS, AL BANQUILLO! - Los pol\u00edticos Veracruz\",\"isPartOf\":{\"@id\":\"https:\\\/\\\/lospoliticosveracruz.com\\\/#website\"},\"primaryImageOfPage\":{\"@id\":\"https:\\\/\\\/lospoliticosveracruz.com\\\/?p=170242#primaryimage\"},\"image\":{\"@id\":\"https:\\\/\\\/lospoliticosveracruz.com\\\/?p=170242#primaryimage\"},\"thumbnailUrl\":\"https:\\\/\\\/lospoliticosveracruz.com\\\/wp-content\\\/uploads\\\/2026\\\/04\\\/Marlon-Botas.jpg\",\"datePublished\":\"2026-04-30T13:45:21+00:00\",\"dateModified\":\"2026-04-30T13:47:07+00:00\",\"breadcrumb\":{\"@id\":\"https:\\\/\\\/lospoliticosveracruz.com\\\/?p=170242#breadcrumb\"},\"inLanguage\":\"es\",\"potentialAction\":[{\"@type\":\"ReadAction\",\"target\":[\"https:\\\/\\\/lospoliticosveracruz.com\\\/?p=170242\"]}]},{\"@type\":\"ImageObject\",\"inLanguage\":\"es\",\"@id\":\"https:\\\/\\\/lospoliticosveracruz.com\\\/?p=170242#primaryimage\",\"url\":\"https:\\\/\\\/lospoliticosveracruz.com\\\/wp-content\\\/uploads\\\/2026\\\/04\\\/Marlon-Botas.jpg\",\"contentUrl\":\"https:\\\/\\\/lospoliticosveracruz.com\\\/wp-content\\\/uploads\\\/2026\\\/04\\\/Marlon-Botas.jpg\",\"width\":600,\"height\":320,\"caption\":\"Fotos de redes sociales \\\/ cr\u00e9dito a quien corresponda\"},{\"@type\":\"BreadcrumbList\",\"@id\":\"https:\\\/\\\/lospoliticosveracruz.com\\\/?p=170242#breadcrumb\",\"itemListElement\":[{\"@type\":\"ListItem\",\"position\":1,\"name\":\"Portada\",\"item\":\"https:\\\/\\\/lospoliticosveracruz.com\\\/\"},{\"@type\":\"ListItem\",\"position\":2,\"name\":\"MARLON BOTAS, AL BANQUILLO!\"}]},{\"@type\":\"WebSite\",\"@id\":\"https:\\\/\\\/lospoliticosveracruz.com\\\/#website\",\"url\":\"https:\\\/\\\/lospoliticosveracruz.com\\\/\",\"name\":\"Los pol\u00edticos Veracruz\",\"description\":\"\",\"publisher\":{\"@id\":\"https:\\\/\\\/lospoliticosveracruz.com\\\/#organization\"},\"potentialAction\":[{\"@type\":\"SearchAction\",\"target\":{\"@type\":\"EntryPoint\",\"urlTemplate\":\"https:\\\/\\\/lospoliticosveracruz.com\\\/?s={search_term_string}\"},\"query-input\":{\"@type\":\"PropertyValueSpecification\",\"valueRequired\":true,\"valueName\":\"search_term_string\"}}],\"inLanguage\":\"es\"},{\"@type\":\"Organization\",\"@id\":\"https:\\\/\\\/lospoliticosveracruz.com\\\/#organization\",\"name\":\"Los pol\u00edticos Veracruz\",\"url\":\"https:\\\/\\\/lospoliticosveracruz.com\\\/\",\"logo\":{\"@type\":\"ImageObject\",\"inLanguage\":\"es\",\"@id\":\"https:\\\/\\\/lospoliticosveracruz.com\\\/#\\\/schema\\\/logo\\\/image\\\/\",\"url\":\"https:\\\/\\\/lospoliticosveracruz.com\\\/wp-content\\\/uploads\\\/2025\\\/12\\\/Logo-Nuevo-LOS-POLITICOS-1.jpg\",\"contentUrl\":\"https:\\\/\\\/lospoliticosveracruz.com\\\/wp-content\\\/uploads\\\/2025\\\/12\\\/Logo-Nuevo-LOS-POLITICOS-1.jpg\",\"width\":260,\"height\":70,\"caption\":\"Los pol\u00edticos Veracruz\"},\"image\":{\"@id\":\"https:\\\/\\\/lospoliticosveracruz.com\\\/#\\\/schema\\\/logo\\\/image\\\/\"},\"sameAs\":[\"https:\\\/\\\/www.facebook.com\\\/people\\\/Notimemes-de-los-Polticos\\\/61565672886568\\\/\",\"https:\\\/\\\/x.com\\\/LosPoliticosVer\"]},{\"@type\":\"Person\",\"@id\":\"https:\\\/\\\/lospoliticosveracruz.com\\\/#\\\/schema\\\/person\\\/b8702bb0e538456e6efd07080bf2a4a2\",\"name\":\"Lo viste en Los Pol\u00edticos\",\"image\":{\"@type\":\"ImageObject\",\"inLanguage\":\"es\",\"@id\":\"https:\\\/\\\/secure.gravatar.com\\\/avatar\\\/3a8de04a2656d44082be478bd6c086daa447c4651605818287b9532d3d0bd435?s=96&d=mm&r=g\",\"url\":\"https:\\\/\\\/secure.gravatar.com\\\/avatar\\\/3a8de04a2656d44082be478bd6c086daa447c4651605818287b9532d3d0bd435?s=96&d=mm&r=g\",\"contentUrl\":\"https:\\\/\\\/secure.gravatar.com\\\/avatar\\\/3a8de04a2656d44082be478bd6c086daa447c4651605818287b9532d3d0bd435?s=96&d=mm&r=g\",\"caption\":\"Lo viste en Los Pol\u00edticos\"},\"url\":\"https:\\\/\\\/lospoliticosveracruz.com\\\/?author=2\"}]}<\/script>\n<!-- \/ Yoast SEO plugin. -->","yoast_head_json":{"title":"MARLON BOTAS, AL BANQUILLO! - Los pol\u00edticos Veracruz","robots":{"index":"index","follow":"follow","max-snippet":"max-snippet:-1","max-image-preview":"max-image-preview:large","max-video-preview":"max-video-preview:-1"},"canonical":"https:\/\/lospoliticosveracruz.com\/?p=170242","og_locale":"es_ES","og_type":"article","og_title":"MARLON BOTAS, AL BANQUILLO! - Los pol\u00edticos Veracruz","og_description":"\u00c1ngeles Gonz\u00e1lez Ceballos Este jueves a las 14:30 horas dar\u00e1 inicio el juicio de apertura contra Marlon Botas, por el feminicidio de Montserrat Bendimes Rold\u00e1n, ocurrido en abril del 2021, cuando ella apenas ten\u00eda 20 a\u00f1os de edad. La colectiva feminista Brujas del Mar, que a lo largo de estos a\u00f1os ha acompa\u00f1ado a la [&hellip;]","og_url":"https:\/\/lospoliticosveracruz.com\/?p=170242","og_site_name":"Los pol\u00edticos Veracruz","article_publisher":"https:\/\/www.facebook.com\/people\/Notimemes-de-los-Polticos\/61565672886568\/","article_published_time":"2026-04-30T13:45:21+00:00","article_modified_time":"2026-04-30T13:47:07+00:00","og_image":[{"width":600,"height":320,"url":"https:\/\/lospoliticosveracruz.com\/wp-content\/uploads\/2026\/04\/Marlon-Botas.jpg","type":"image\/jpeg"}],"author":"Lo viste en Los Pol\u00edticos","twitter_card":"summary_large_image","twitter_creator":"@LosPoliticosVer","twitter_site":"@LosPoliticosVer","twitter_misc":{"Escrito por":"Lo viste en Los Pol\u00edticos","Tiempo de lectura":"3 minutos"},"schema":{"@context":"https:\/\/schema.org","@graph":[{"@type":"Article","@id":"https:\/\/lospoliticosveracruz.com\/?p=170242#article","isPartOf":{"@id":"https:\/\/lospoliticosveracruz.com\/?p=170242"},"author":{"name":"Lo viste en Los Pol\u00edticos","@id":"https:\/\/lospoliticosveracruz.com\/#\/schema\/person\/b8702bb0e538456e6efd07080bf2a4a2"},"headline":"MARLON BOTAS, AL BANQUILLO!","datePublished":"2026-04-30T13:45:21+00:00","dateModified":"2026-04-30T13:47:07+00:00","mainEntityOfPage":{"@id":"https:\/\/lospoliticosveracruz.com\/?p=170242"},"wordCount":610,"publisher":{"@id":"https:\/\/lospoliticosveracruz.com\/#organization"},"image":{"@id":"https:\/\/lospoliticosveracruz.com\/?p=170242#primaryimage"},"thumbnailUrl":"https:\/\/lospoliticosveracruz.com\/wp-content\/uploads\/2026\/04\/Marlon-Botas.jpg","keywords":["Brujas del Mar","feminicidio Veracruz","juicio Marlon Botas","justicia para Monse","Ley Monse","Marlon Botas","Montserrat Bendimes"],"articleSection":["La Ley y el Orden"],"inLanguage":"es"},{"@type":"WebPage","@id":"https:\/\/lospoliticosveracruz.com\/?p=170242","url":"https:\/\/lospoliticosveracruz.com\/?p=170242","name":"MARLON BOTAS, AL BANQUILLO! - Los pol\u00edticos Veracruz","isPartOf":{"@id":"https:\/\/lospoliticosveracruz.com\/#website"},"primaryImageOfPage":{"@id":"https:\/\/lospoliticosveracruz.com\/?p=170242#primaryimage"},"image":{"@id":"https:\/\/lospoliticosveracruz.com\/?p=170242#primaryimage"},"thumbnailUrl":"https:\/\/lospoliticosveracruz.com\/wp-content\/uploads\/2026\/04\/Marlon-Botas.jpg","datePublished":"2026-04-30T13:45:21+00:00","dateModified":"2026-04-30T13:47:07+00:00","breadcrumb":{"@id":"https:\/\/lospoliticosveracruz.com\/?p=170242#breadcrumb"},"inLanguage":"es","potentialAction":[{"@type":"ReadAction","target":["https:\/\/lospoliticosveracruz.com\/?p=170242"]}]},{"@type":"ImageObject","inLanguage":"es","@id":"https:\/\/lospoliticosveracruz.com\/?p=170242#primaryimage","url":"https:\/\/lospoliticosveracruz.com\/wp-content\/uploads\/2026\/04\/Marlon-Botas.jpg","contentUrl":"https:\/\/lospoliticosveracruz.com\/wp-content\/uploads\/2026\/04\/Marlon-Botas.jpg","width":600,"height":320,"caption":"Fotos de redes sociales \/ cr\u00e9dito a quien corresponda"},{"@type":"BreadcrumbList","@id":"https:\/\/lospoliticosveracruz.com\/?p=170242#breadcrumb","itemListElement":[{"@type":"ListItem","position":1,"name":"Portada","item":"https:\/\/lospoliticosveracruz.com\/"},{"@type":"ListItem","position":2,"name":"MARLON BOTAS, AL BANQUILLO!"}]},{"@type":"WebSite","@id":"https:\/\/lospoliticosveracruz.com\/#website","url":"https:\/\/lospoliticosveracruz.com\/","name":"Los pol\u00edticos Veracruz","description":"","publisher":{"@id":"https:\/\/lospoliticosveracruz.com\/#organization"},"potentialAction":[{"@type":"SearchAction","target":{"@type":"EntryPoint","urlTemplate":"https:\/\/lospoliticosveracruz.com\/?s={search_term_string}"},"query-input":{"@type":"PropertyValueSpecification","valueRequired":true,"valueName":"search_term_string"}}],"inLanguage":"es"},{"@type":"Organization","@id":"https:\/\/lospoliticosveracruz.com\/#organization","name":"Los pol\u00edticos Veracruz","url":"https:\/\/lospoliticosveracruz.com\/","logo":{"@type":"ImageObject","inLanguage":"es","@id":"https:\/\/lospoliticosveracruz.com\/#\/schema\/logo\/image\/","url":"https:\/\/lospoliticosveracruz.com\/wp-content\/uploads\/2025\/12\/Logo-Nuevo-LOS-POLITICOS-1.jpg","contentUrl":"https:\/\/lospoliticosveracruz.com\/wp-content\/uploads\/2025\/12\/Logo-Nuevo-LOS-POLITICOS-1.jpg","width":260,"height":70,"caption":"Los pol\u00edticos Veracruz"},"image":{"@id":"https:\/\/lospoliticosveracruz.com\/#\/schema\/logo\/image\/"},"sameAs":["https:\/\/www.facebook.com\/people\/Notimemes-de-los-Polticos\/61565672886568\/","https:\/\/x.com\/LosPoliticosVer"]},{"@type":"Person","@id":"https:\/\/lospoliticosveracruz.com\/#\/schema\/person\/b8702bb0e538456e6efd07080bf2a4a2","name":"Lo viste en Los Pol\u00edticos","image":{"@type":"ImageObject","inLanguage":"es","@id":"https:\/\/secure.gravatar.com\/avatar\/3a8de04a2656d44082be478bd6c086daa447c4651605818287b9532d3d0bd435?s=96&d=mm&r=g","url":"https:\/\/secure.gravatar.com\/avatar\/3a8de04a2656d44082be478bd6c086daa447c4651605818287b9532d3d0bd435?s=96&d=mm&r=g","contentUrl":"https:\/\/secure.gravatar.com\/avatar\/3a8de04a2656d44082be478bd6c086daa447c4651605818287b9532d3d0bd435?s=96&d=mm&r=g","caption":"Lo viste en Los Pol\u00edticos"},"url":"https:\/\/lospoliticosveracruz.com\/?author=2"}]}},"_links":{"self":[{"href":"https:\/\/lospoliticosveracruz.com\/index.php?rest_route=\/wp\/v2\/posts\/170242","targetHints":{"allow":["GET"]}}],"collection":[{"href":"https:\/\/lospoliticosveracruz.com\/index.php?rest_route=\/wp\/v2\/posts"}],"about":[{"href":"https:\/\/lospoliticosveracruz.com\/index.php?rest_route=\/wp\/v2\/types\/post"}],"author":[{"embeddable":true,"href":"https:\/\/lospoliticosveracruz.com\/index.php?rest_route=\/wp\/v2\/users\/2"}],"replies":[{"embeddable":true,"href":"https:\/\/lospoliticosveracruz.com\/index.php?rest_route=%2Fwp%2Fv2%2Fcomments&post=170242"}],"version-history":[{"count":1,"href":"https:\/\/lospoliticosveracruz.com\/index.php?rest_route=\/wp\/v2\/posts\/170242\/revisions"}],"predecessor-version":[{"id":170244,"href":"https:\/\/lospoliticosveracruz.com\/index.php?rest_route=\/wp\/v2\/posts\/170242\/revisions\/170244"}],"wp:featuredmedia":[{"embeddable":true,"href":"https:\/\/lospoliticosveracruz.com\/index.php?rest_route=\/wp\/v2\/media\/170243"}],"wp:attachment":[{"href":"https:\/\/lospoliticosveracruz.com\/index.php?rest_route=%2Fwp%2Fv2%2Fmedia&parent=170242"}],"wp:term":[{"taxonomy":"category","embeddable":true,"href":"https:\/\/lospoliticosveracruz.com\/index.php?rest_route=%2Fwp%2Fv2%2Fcategories&post=170242"},{"taxonomy":"post_tag","embeddable":true,"href":"https:\/\/lospoliticosveracruz.com\/index.php?rest_route=%2Fwp%2Fv2%2Ftags&post=170242"}],"curies":[{"name":"wp","href":"https:\/\/api.w.org\/{rel}","templated":true}]}}