{"id":170251,"date":"2026-04-30T08:46:59","date_gmt":"2026-04-30T14:46:59","guid":{"rendered":"https:\/\/lospoliticosveracruz.com\/?p=170251"},"modified":"2026-04-30T08:47:00","modified_gmt":"2026-04-30T14:47:00","slug":"se-toparon-con-coyol","status":"publish","type":"post","link":"https:\/\/lospoliticosveracruz.com\/?p=170251","title":{"rendered":"SE TOPARON CON COYOL"},"content":{"rendered":"\n<p><strong>Oved Contreras<\/strong><\/p>\n\n\n\n<p><em>Secas Mecas<br><\/em><\/p>\n\n\n\n<p>Los socios de la Comisi\u00f3n del Agua de Boca del R\u00edo pensaron que seguir\u00edan con el negocio con la nueva administraci\u00f3n municipal boque\u00f1a, cobrando lo que quieren y dando un mal servicio, pero se toparon con coyol: la alcaldesa Maryjose Gamboa ayer les dio una lecci\u00f3n de valent\u00eda y dignidad al retirarse de la reuni\u00f3n que la empresa concesionaria pretend\u00eda celebrar de manera privada\u2026Maryjose Gamboa les dijo: \u201cEstoy aqu\u00ed para defender los intereses de los boque\u00f1os y si esto no se transparenta pues all\u00ed se ven\u201d.<\/p>\n\n\n\n<p>La transmisi\u00f3n en vivo que hizo la Alcaldesa boque\u00f1a sobre la asamblea de accionistas de CAB, donde los representantes de la concesionaria intentaron impedir que el equipo de Maryjose Gamboa pudiera grabar y transmitir la sesi\u00f3n, alcanz\u00f3 cerca de diez mil likes en Facebook\u2026la edil no se dej\u00f3 y advirti\u00f3 que si no se hac\u00eda p\u00fablica se retiraba del lugar y se los cumpli\u00f3\u2026Paco Ruiz estaba conectado al parecer v\u00eda zoom, se molest\u00f3 porque Maryjose los puso en su lugar y termin\u00f3 su participaci\u00f3n de manera abrupta.<\/p>\n\n\n\n<p>La Presidenta Municipal de Boca del R\u00edo, acudi\u00f3 a la Asamblea General Ordinaria de Accionistas de la Compa\u00f1\u00eda de Agua del Municipio de Boca del R\u00edo (CAB), en la que dej\u00f3 en claro que su gobierno no permitir\u00e1 incrementos ilegales en las tarifas del servicio de agua potable y exigir\u00e1 adem\u00e1s el cumplimiento de las inversiones en infraestructura hidr\u00e1ulica y pluvial comprometidas al momento de firmar la concesi\u00f3n.<\/p>\n\n\n\n<p>\u201cLo que esta gente pretende es incrementar en casi 50% las tarifas de agua y no se va a permitir pues requieren el permiso del gobierno municipal. Con el servicio p\u00e9simo que dan, con la atenci\u00f3n p\u00e9sima que brindan a la gente, quieren incrementar 50% las tarifas\u201d, expres\u00f3 la alcaldesa.<\/p>\n\n\n\n<p>Adem\u00e1s, se\u00f1al\u00f3 que CAB tiene la obligaci\u00f3n contractual de realizar una inversi\u00f3n cercana a los 680 millones de pesos en infraestructura hidr\u00e1ulica; sin embargo, explic\u00f3 que mientras la compa\u00f1\u00eda asegura haber destinado alrededor de 180 millones de pesos en obras, la inversi\u00f3n real ni siquiera alcanzar\u00eda los 100 millones, al incluir dentro de sus reportes gastos, mantenimiento y tr\u00e1mites administrativos que no corresponden a lo que se establece.<\/p>\n\n\n\n<p>Maryjose Gamboa adelant\u00f3 que a trav\u00e9s de una Sesi\u00f3n Extraordinaria de Cabildo, solicitar\u00e1 al \u00d3rgano de Fiscalizaci\u00f3n Superior del Estado de Veracruz (ORFIS) la realizaci\u00f3n de una auditor\u00eda externa para revisar a detalle las cuentas y el cumplimiento financiero de CAB, adem\u00e1s que mantiene la firme disposici\u00f3n de impulsar el retiro de la concesi\u00f3n si la empresa no cumple cabalmente con lo estipulado en el contrato, aunque reconoci\u00f3 que dicho procedimiento depender\u00eda de instancias legislativas del estado de Veracruz.<\/p>\n\n\n\n<p>Maryjose Gamboa enfrent\u00f3 de manera valiente y firme a los concesionarios a quienes aclar\u00f3 que est\u00e1 para defender los intereses de la ciudadan\u00eda y no de la empresa, y pidi\u00f3 a los boque\u00f1os \u201cque no me dejen sola en esta batalla, porque va a ser dura, pero con la ayuda de ustedes la vamos a ganar\u201d.<\/p>\n\n\n\n<p><strong>LES GAN\u00d3 TATANACHO\u2026<\/strong> no se sabe si vino una orden para atacar a Tatanacho por haberse atrevido a criticar a la t\u00eda Ch\u00edo, pero ayer todo el d\u00eda no dejaron de confrontar al padre de Cuitl\u00e1huac Garc\u00eda para demostrarle qui\u00e9n manda en Veracruz\u2026el nado sincronizado en todo su esplendor desde secretarios de despacho hasta diputados y alcaldes morenistas\u2026montoneros al fin pero no pudieron con Atanasio Garc\u00eda.<\/p>\n\n\n\n<p>Todos se le echaron encima a Tatanacho pero hoy en el imaginario colectivo sigue pesando m\u00e1s lo que dijo el pap\u00e1 del Ku\u00edkaras, que las descalificaciones en su contra por defender a la mandataria\u2026un solo hombre les vino grande porque les pudo m\u00e1s su soberbia por confirmarle su lealtad a la gobernadora que entrar en raz\u00f3n y al menos reconocer que Tatanacho dice lo que dice porque hay libertad de expresi\u00f3n.<\/p>\n\n\n\n<p>Algunas defensas a ultranza de la gobernadora medio desproporcionadas como Polo Deschamps a quien se le ocurri\u00f3 hablar de calidad moral, cuando dej\u00f3 el PAN para ser candidato de Movimiento Ciudadano a la gubernatura y despu\u00e9s brinc\u00f3 a<br>Morena para ser candidato a alcalde en Alvarado y hoy funcionario de tercer pelo en el gobierno estatal.<\/p>\n\n\n\n<p>No hay que perder de vista que Roc\u00edo Nahle le cort\u00f3 las alitas a los cuitlahuistas que pensaron que mantendr\u00edan su coto de poder: el primo Eleazar Guerrero, Zenya, Lima Franco, Sergio Rodr\u00edguez y a ellos se suma Patros\u00edsmico Cisneros, algunos exiliados, ni la cabeza asoman porque saben que les puede tocar martillazo. \u00bfPor ellos habl\u00f3 Tatanacho o cu\u00e1ntos de ellos coinciden con Tatanacho, aunque digan de dientes para fuera que hay total apoyo a la gobernadora de Veracruz?<\/p>\n\n\n\n<p><strong>SIGUEN SIN APOYOS\u2026 <\/strong>Pescadores de Tuxpan, Tamiahua, Cazones y del sur de Veracruz se manifestaron por la falta de apoyo luego del derrame de hidrocarburo que afect\u00f3 a miles en su actividad\u2026ante una contingencia natural, la gobernadora Roc\u00edo Nahle dijo que el problema no era el dinero pero ya vemos que s\u00ed adem\u00e1s la mandataria fue contundente que siempre defender\u00e1 a Pemex, pese a los desastres provocados con sus derrames.<\/p>\n\n\n\n<p>Desesperados porque pasa el tiempo y siguen sin recibir ning\u00fan tipo de apoyo luego del derrame que afect\u00f3 las costas veracruzanas, los pescadores se\u00f1alaron que ninguna dependencia estatal les ha dado los apoyos que prometi\u00f3 la presidenta Claudia Sheinbaum.<\/p>\n\n\n\n<p>En Xalapa, frente a Palacio de Gobierno, un grupo de&nbsp;pescadores independientes&nbsp;de la congregaci\u00f3n de&nbsp;Tonal\u00e1, perteneciente al municipio de&nbsp;Agua Dulce en el sur de la entidad, exigieron al gobierno de Roc\u00edo de Nahle los apoyos por la afectaci\u00f3n que ha provocado la gran cantidad de chapopote en las aguas seriamente contaminadas, y afirman que han sido&nbsp;excluidos&nbsp;de los&nbsp;beneficios&nbsp;anunciados para&nbsp;productores afectados&nbsp;por el&nbsp;derrame&nbsp;de&nbsp;petr\u00f3leo&nbsp;en el&nbsp;Golfo de M\u00e9xico, por no formar parte de&nbsp;cooperativas formalmente reconocidas y culpan a SEDARPA de la falta de atenci\u00f3n.<\/p>\n","protected":false},"excerpt":{"rendered":"<p>Oved Contreras Secas Mecas Los socios de la Comisi\u00f3n del Agua de Boca del R\u00edo pensaron que seguir\u00edan con el negocio con la nueva administraci\u00f3n municipal boque\u00f1a, cobrando lo que quieren y dando un mal servicio, pero se toparon con coyol: la alcaldesa Maryjose Gamboa ayer les dio una lecci\u00f3n de valent\u00eda y dignidad al [&hellip;]<\/p>\n","protected":false},"author":2,"featured_media":141426,"comment_status":"closed","ping_status":"closed","sticky":false,"template":"","format":"standard","meta":{"tdm_status":"","tdm_grid_status":"","footnotes":""},"categories":[70],"tags":[62679,62814,27136,50427,62816,4386,62815],"class_list":{"0":"post-170251","1":"post","2":"type-post","3":"status-publish","4":"format-standard","5":"has-post-thumbnail","7":"category-de-opinion","8":"tag-atanasio-garcia-duran","9":"tag-cab-boca-del-rio","10":"tag-maryjose-gamboa-torales-2","11":"tag-oved-contreras-secas-mecas","12":"tag-pescadores-veracruz-derrame","13":"tag-rocio-nahle-garcia","14":"tag-tarifas-de-agua-boca-del-rio"},"yoast_head":"<!-- This site is optimized with the Yoast SEO plugin v27.4 - https:\/\/yoast.com\/product\/yoast-seo-wordpress\/ -->\n<title>SE TOPARON CON COYOL - Los pol\u00edticos Veracruz<\/title>\n<meta name=\"robots\" content=\"index, follow, max-snippet:-1, max-image-preview:large, max-video-preview:-1\" \/>\n<link rel=\"canonical\" href=\"https:\/\/lospoliticosveracruz.com\/?p=170251\" \/>\n<meta property=\"og:locale\" content=\"es_ES\" \/>\n<meta property=\"og:type\" content=\"article\" \/>\n<meta property=\"og:title\" content=\"SE TOPARON CON COYOL - Los pol\u00edticos Veracruz\" \/>\n<meta property=\"og:description\" content=\"Oved Contreras Secas Mecas Los socios de la Comisi\u00f3n del Agua de Boca del R\u00edo pensaron que seguir\u00edan con el negocio con la nueva administraci\u00f3n municipal boque\u00f1a, cobrando lo que quieren y dando un mal servicio, pero se toparon con coyol: la alcaldesa Maryjose Gamboa ayer les dio una lecci\u00f3n de valent\u00eda y dignidad al [&hellip;]\" \/>\n<meta property=\"og:url\" content=\"https:\/\/lospoliticosveracruz.com\/?p=170251\" \/>\n<meta property=\"og:site_name\" content=\"Los pol\u00edticos Veracruz\" \/>\n<meta property=\"article:publisher\" content=\"https:\/\/www.facebook.com\/people\/Notimemes-de-los-Polticos\/61565672886568\/\" \/>\n<meta property=\"article:published_time\" content=\"2026-04-30T14:46:59+00:00\" \/>\n<meta property=\"article:modified_time\" content=\"2026-04-30T14:47:00+00:00\" \/>\n<meta property=\"og:image\" content=\"https:\/\/lospoliticosveracruz.com\/wp-content\/uploads\/2025\/04\/Oved-Contreras-e1768066319253.jpg\" \/>\n\t<meta property=\"og:image:width\" content=\"600\" \/>\n\t<meta property=\"og:image:height\" content=\"320\" \/>\n\t<meta property=\"og:image:type\" content=\"image\/jpeg\" \/>\n<meta name=\"author\" content=\"Lo viste en Los Pol\u00edticos\" \/>\n<meta name=\"twitter:card\" content=\"summary_large_image\" \/>\n<meta name=\"twitter:creator\" content=\"@LosPoliticosVer\" \/>\n<meta name=\"twitter:site\" content=\"@LosPoliticosVer\" \/>\n<meta name=\"twitter:label1\" content=\"Escrito por\" \/>\n\t<meta name=\"twitter:data1\" content=\"Lo viste en Los Pol\u00edticos\" \/>\n\t<meta name=\"twitter:label2\" content=\"Tiempo de lectura\" \/>\n\t<meta name=\"twitter:data2\" content=\"5 minutos\" \/>\n<script type=\"application\/ld+json\" class=\"yoast-schema-graph\">{\"@context\":\"https:\\\/\\\/schema.org\",\"@graph\":[{\"@type\":\"Article\",\"@id\":\"https:\\\/\\\/lospoliticosveracruz.com\\\/?p=170251#article\",\"isPartOf\":{\"@id\":\"https:\\\/\\\/lospoliticosveracruz.com\\\/?p=170251\"},\"author\":{\"name\":\"Lo viste en Los Pol\u00edticos\",\"@id\":\"https:\\\/\\\/lospoliticosveracruz.com\\\/#\\\/schema\\\/person\\\/b8702bb0e538456e6efd07080bf2a4a2\"},\"headline\":\"SE TOPARON CON COYOL\",\"datePublished\":\"2026-04-30T14:46:59+00:00\",\"dateModified\":\"2026-04-30T14:47:00+00:00\",\"mainEntityOfPage\":{\"@id\":\"https:\\\/\\\/lospoliticosveracruz.com\\\/?p=170251\"},\"wordCount\":1068,\"publisher\":{\"@id\":\"https:\\\/\\\/lospoliticosveracruz.com\\\/#organization\"},\"image\":{\"@id\":\"https:\\\/\\\/lospoliticosveracruz.com\\\/?p=170251#primaryimage\"},\"thumbnailUrl\":\"https:\\\/\\\/lospoliticosveracruz.com\\\/wp-content\\\/uploads\\\/2025\\\/04\\\/Oved-Contreras-e1768066319253.jpg\",\"keywords\":[\"Atanasio Garc\u00eda Dur\u00e1n\",\"CAB Boca del R\u00edo\",\"Maryjose Gamboa Torales\",\"Oved Contreras Secas Mecas\",\"pescadores Veracruz derrame\",\"Roc\u00edo Nahle Garc\u00eda\",\"tarifas de agua Boca del R\u00edo\"],\"articleSection\":[\"De Opini\u00f3n\"],\"inLanguage\":\"es\"},{\"@type\":\"WebPage\",\"@id\":\"https:\\\/\\\/lospoliticosveracruz.com\\\/?p=170251\",\"url\":\"https:\\\/\\\/lospoliticosveracruz.com\\\/?p=170251\",\"name\":\"SE TOPARON CON COYOL - Los pol\u00edticos Veracruz\",\"isPartOf\":{\"@id\":\"https:\\\/\\\/lospoliticosveracruz.com\\\/#website\"},\"primaryImageOfPage\":{\"@id\":\"https:\\\/\\\/lospoliticosveracruz.com\\\/?p=170251#primaryimage\"},\"image\":{\"@id\":\"https:\\\/\\\/lospoliticosveracruz.com\\\/?p=170251#primaryimage\"},\"thumbnailUrl\":\"https:\\\/\\\/lospoliticosveracruz.com\\\/wp-content\\\/uploads\\\/2025\\\/04\\\/Oved-Contreras-e1768066319253.jpg\",\"datePublished\":\"2026-04-30T14:46:59+00:00\",\"dateModified\":\"2026-04-30T14:47:00+00:00\",\"breadcrumb\":{\"@id\":\"https:\\\/\\\/lospoliticosveracruz.com\\\/?p=170251#breadcrumb\"},\"inLanguage\":\"es\",\"potentialAction\":[{\"@type\":\"ReadAction\",\"target\":[\"https:\\\/\\\/lospoliticosveracruz.com\\\/?p=170251\"]}]},{\"@type\":\"ImageObject\",\"inLanguage\":\"es\",\"@id\":\"https:\\\/\\\/lospoliticosveracruz.com\\\/?p=170251#primaryimage\",\"url\":\"https:\\\/\\\/lospoliticosveracruz.com\\\/wp-content\\\/uploads\\\/2025\\\/04\\\/Oved-Contreras-e1768066319253.jpg\",\"contentUrl\":\"https:\\\/\\\/lospoliticosveracruz.com\\\/wp-content\\\/uploads\\\/2025\\\/04\\\/Oved-Contreras-e1768066319253.jpg\",\"width\":600,\"height\":320},{\"@type\":\"BreadcrumbList\",\"@id\":\"https:\\\/\\\/lospoliticosveracruz.com\\\/?p=170251#breadcrumb\",\"itemListElement\":[{\"@type\":\"ListItem\",\"position\":1,\"name\":\"Portada\",\"item\":\"https:\\\/\\\/lospoliticosveracruz.com\\\/\"},{\"@type\":\"ListItem\",\"position\":2,\"name\":\"SE TOPARON CON COYOL\"}]},{\"@type\":\"WebSite\",\"@id\":\"https:\\\/\\\/lospoliticosveracruz.com\\\/#website\",\"url\":\"https:\\\/\\\/lospoliticosveracruz.com\\\/\",\"name\":\"Los pol\u00edticos Veracruz\",\"description\":\"\",\"publisher\":{\"@id\":\"https:\\\/\\\/lospoliticosveracruz.com\\\/#organization\"},\"potentialAction\":[{\"@type\":\"SearchAction\",\"target\":{\"@type\":\"EntryPoint\",\"urlTemplate\":\"https:\\\/\\\/lospoliticosveracruz.com\\\/?s={search_term_string}\"},\"query-input\":{\"@type\":\"PropertyValueSpecification\",\"valueRequired\":true,\"valueName\":\"search_term_string\"}}],\"inLanguage\":\"es\"},{\"@type\":\"Organization\",\"@id\":\"https:\\\/\\\/lospoliticosveracruz.com\\\/#organization\",\"name\":\"Los pol\u00edticos Veracruz\",\"url\":\"https:\\\/\\\/lospoliticosveracruz.com\\\/\",\"logo\":{\"@type\":\"ImageObject\",\"inLanguage\":\"es\",\"@id\":\"https:\\\/\\\/lospoliticosveracruz.com\\\/#\\\/schema\\\/logo\\\/image\\\/\",\"url\":\"https:\\\/\\\/lospoliticosveracruz.com\\\/wp-content\\\/uploads\\\/2025\\\/12\\\/Logo-Nuevo-LOS-POLITICOS-1.jpg\",\"contentUrl\":\"https:\\\/\\\/lospoliticosveracruz.com\\\/wp-content\\\/uploads\\\/2025\\\/12\\\/Logo-Nuevo-LOS-POLITICOS-1.jpg\",\"width\":260,\"height\":70,\"caption\":\"Los pol\u00edticos Veracruz\"},\"image\":{\"@id\":\"https:\\\/\\\/lospoliticosveracruz.com\\\/#\\\/schema\\\/logo\\\/image\\\/\"},\"sameAs\":[\"https:\\\/\\\/www.facebook.com\\\/people\\\/Notimemes-de-los-Polticos\\\/61565672886568\\\/\",\"https:\\\/\\\/x.com\\\/LosPoliticosVer\"]},{\"@type\":\"Person\",\"@id\":\"https:\\\/\\\/lospoliticosveracruz.com\\\/#\\\/schema\\\/person\\\/b8702bb0e538456e6efd07080bf2a4a2\",\"name\":\"Lo viste en Los Pol\u00edticos\",\"image\":{\"@type\":\"ImageObject\",\"inLanguage\":\"es\",\"@id\":\"https:\\\/\\\/secure.gravatar.com\\\/avatar\\\/3a8de04a2656d44082be478bd6c086daa447c4651605818287b9532d3d0bd435?s=96&d=mm&r=g\",\"url\":\"https:\\\/\\\/secure.gravatar.com\\\/avatar\\\/3a8de04a2656d44082be478bd6c086daa447c4651605818287b9532d3d0bd435?s=96&d=mm&r=g\",\"contentUrl\":\"https:\\\/\\\/secure.gravatar.com\\\/avatar\\\/3a8de04a2656d44082be478bd6c086daa447c4651605818287b9532d3d0bd435?s=96&d=mm&r=g\",\"caption\":\"Lo viste en Los Pol\u00edticos\"},\"url\":\"https:\\\/\\\/lospoliticosveracruz.com\\\/?author=2\"}]}<\/script>\n<!-- \/ Yoast SEO plugin. -->","yoast_head_json":{"title":"SE TOPARON CON COYOL - Los pol\u00edticos Veracruz","robots":{"index":"index","follow":"follow","max-snippet":"max-snippet:-1","max-image-preview":"max-image-preview:large","max-video-preview":"max-video-preview:-1"},"canonical":"https:\/\/lospoliticosveracruz.com\/?p=170251","og_locale":"es_ES","og_type":"article","og_title":"SE TOPARON CON COYOL - Los pol\u00edticos Veracruz","og_description":"Oved Contreras Secas Mecas Los socios de la Comisi\u00f3n del Agua de Boca del R\u00edo pensaron que seguir\u00edan con el negocio con la nueva administraci\u00f3n municipal boque\u00f1a, cobrando lo que quieren y dando un mal servicio, pero se toparon con coyol: la alcaldesa Maryjose Gamboa ayer les dio una lecci\u00f3n de valent\u00eda y dignidad al [&hellip;]","og_url":"https:\/\/lospoliticosveracruz.com\/?p=170251","og_site_name":"Los pol\u00edticos Veracruz","article_publisher":"https:\/\/www.facebook.com\/people\/Notimemes-de-los-Polticos\/61565672886568\/","article_published_time":"2026-04-30T14:46:59+00:00","article_modified_time":"2026-04-30T14:47:00+00:00","og_image":[{"width":600,"height":320,"url":"https:\/\/lospoliticosveracruz.com\/wp-content\/uploads\/2025\/04\/Oved-Contreras-e1768066319253.jpg","type":"image\/jpeg"}],"author":"Lo viste en Los Pol\u00edticos","twitter_card":"summary_large_image","twitter_creator":"@LosPoliticosVer","twitter_site":"@LosPoliticosVer","twitter_misc":{"Escrito por":"Lo viste en Los Pol\u00edticos","Tiempo de lectura":"5 minutos"},"schema":{"@context":"https:\/\/schema.org","@graph":[{"@type":"Article","@id":"https:\/\/lospoliticosveracruz.com\/?p=170251#article","isPartOf":{"@id":"https:\/\/lospoliticosveracruz.com\/?p=170251"},"author":{"name":"Lo viste en Los Pol\u00edticos","@id":"https:\/\/lospoliticosveracruz.com\/#\/schema\/person\/b8702bb0e538456e6efd07080bf2a4a2"},"headline":"SE TOPARON CON COYOL","datePublished":"2026-04-30T14:46:59+00:00","dateModified":"2026-04-30T14:47:00+00:00","mainEntityOfPage":{"@id":"https:\/\/lospoliticosveracruz.com\/?p=170251"},"wordCount":1068,"publisher":{"@id":"https:\/\/lospoliticosveracruz.com\/#organization"},"image":{"@id":"https:\/\/lospoliticosveracruz.com\/?p=170251#primaryimage"},"thumbnailUrl":"https:\/\/lospoliticosveracruz.com\/wp-content\/uploads\/2025\/04\/Oved-Contreras-e1768066319253.jpg","keywords":["Atanasio Garc\u00eda Dur\u00e1n","CAB Boca del R\u00edo","Maryjose Gamboa Torales","Oved Contreras Secas Mecas","pescadores Veracruz derrame","Roc\u00edo Nahle Garc\u00eda","tarifas de agua Boca del R\u00edo"],"articleSection":["De Opini\u00f3n"],"inLanguage":"es"},{"@type":"WebPage","@id":"https:\/\/lospoliticosveracruz.com\/?p=170251","url":"https:\/\/lospoliticosveracruz.com\/?p=170251","name":"SE TOPARON CON COYOL - Los pol\u00edticos Veracruz","isPartOf":{"@id":"https:\/\/lospoliticosveracruz.com\/#website"},"primaryImageOfPage":{"@id":"https:\/\/lospoliticosveracruz.com\/?p=170251#primaryimage"},"image":{"@id":"https:\/\/lospoliticosveracruz.com\/?p=170251#primaryimage"},"thumbnailUrl":"https:\/\/lospoliticosveracruz.com\/wp-content\/uploads\/2025\/04\/Oved-Contreras-e1768066319253.jpg","datePublished":"2026-04-30T14:46:59+00:00","dateModified":"2026-04-30T14:47:00+00:00","breadcrumb":{"@id":"https:\/\/lospoliticosveracruz.com\/?p=170251#breadcrumb"},"inLanguage":"es","potentialAction":[{"@type":"ReadAction","target":["https:\/\/lospoliticosveracruz.com\/?p=170251"]}]},{"@type":"ImageObject","inLanguage":"es","@id":"https:\/\/lospoliticosveracruz.com\/?p=170251#primaryimage","url":"https:\/\/lospoliticosveracruz.com\/wp-content\/uploads\/2025\/04\/Oved-Contreras-e1768066319253.jpg","contentUrl":"https:\/\/lospoliticosveracruz.com\/wp-content\/uploads\/2025\/04\/Oved-Contreras-e1768066319253.jpg","width":600,"height":320},{"@type":"BreadcrumbList","@id":"https:\/\/lospoliticosveracruz.com\/?p=170251#breadcrumb","itemListElement":[{"@type":"ListItem","position":1,"name":"Portada","item":"https:\/\/lospoliticosveracruz.com\/"},{"@type":"ListItem","position":2,"name":"SE TOPARON CON COYOL"}]},{"@type":"WebSite","@id":"https:\/\/lospoliticosveracruz.com\/#website","url":"https:\/\/lospoliticosveracruz.com\/","name":"Los pol\u00edticos Veracruz","description":"","publisher":{"@id":"https:\/\/lospoliticosveracruz.com\/#organization"},"potentialAction":[{"@type":"SearchAction","target":{"@type":"EntryPoint","urlTemplate":"https:\/\/lospoliticosveracruz.com\/?s={search_term_string}"},"query-input":{"@type":"PropertyValueSpecification","valueRequired":true,"valueName":"search_term_string"}}],"inLanguage":"es"},{"@type":"Organization","@id":"https:\/\/lospoliticosveracruz.com\/#organization","name":"Los pol\u00edticos Veracruz","url":"https:\/\/lospoliticosveracruz.com\/","logo":{"@type":"ImageObject","inLanguage":"es","@id":"https:\/\/lospoliticosveracruz.com\/#\/schema\/logo\/image\/","url":"https:\/\/lospoliticosveracruz.com\/wp-content\/uploads\/2025\/12\/Logo-Nuevo-LOS-POLITICOS-1.jpg","contentUrl":"https:\/\/lospoliticosveracruz.com\/wp-content\/uploads\/2025\/12\/Logo-Nuevo-LOS-POLITICOS-1.jpg","width":260,"height":70,"caption":"Los pol\u00edticos Veracruz"},"image":{"@id":"https:\/\/lospoliticosveracruz.com\/#\/schema\/logo\/image\/"},"sameAs":["https:\/\/www.facebook.com\/people\/Notimemes-de-los-Polticos\/61565672886568\/","https:\/\/x.com\/LosPoliticosVer"]},{"@type":"Person","@id":"https:\/\/lospoliticosveracruz.com\/#\/schema\/person\/b8702bb0e538456e6efd07080bf2a4a2","name":"Lo viste en Los Pol\u00edticos","image":{"@type":"ImageObject","inLanguage":"es","@id":"https:\/\/secure.gravatar.com\/avatar\/3a8de04a2656d44082be478bd6c086daa447c4651605818287b9532d3d0bd435?s=96&d=mm&r=g","url":"https:\/\/secure.gravatar.com\/avatar\/3a8de04a2656d44082be478bd6c086daa447c4651605818287b9532d3d0bd435?s=96&d=mm&r=g","contentUrl":"https:\/\/secure.gravatar.com\/avatar\/3a8de04a2656d44082be478bd6c086daa447c4651605818287b9532d3d0bd435?s=96&d=mm&r=g","caption":"Lo viste en Los Pol\u00edticos"},"url":"https:\/\/lospoliticosveracruz.com\/?author=2"}]}},"_links":{"self":[{"href":"https:\/\/lospoliticosveracruz.com\/index.php?rest_route=\/wp\/v2\/posts\/170251","targetHints":{"allow":["GET"]}}],"collection":[{"href":"https:\/\/lospoliticosveracruz.com\/index.php?rest_route=\/wp\/v2\/posts"}],"about":[{"href":"https:\/\/lospoliticosveracruz.com\/index.php?rest_route=\/wp\/v2\/types\/post"}],"author":[{"embeddable":true,"href":"https:\/\/lospoliticosveracruz.com\/index.php?rest_route=\/wp\/v2\/users\/2"}],"replies":[{"embeddable":true,"href":"https:\/\/lospoliticosveracruz.com\/index.php?rest_route=%2Fwp%2Fv2%2Fcomments&post=170251"}],"version-history":[{"count":1,"href":"https:\/\/lospoliticosveracruz.com\/index.php?rest_route=\/wp\/v2\/posts\/170251\/revisions"}],"predecessor-version":[{"id":170252,"href":"https:\/\/lospoliticosveracruz.com\/index.php?rest_route=\/wp\/v2\/posts\/170251\/revisions\/170252"}],"wp:featuredmedia":[{"embeddable":true,"href":"https:\/\/lospoliticosveracruz.com\/index.php?rest_route=\/wp\/v2\/media\/141426"}],"wp:attachment":[{"href":"https:\/\/lospoliticosveracruz.com\/index.php?rest_route=%2Fwp%2Fv2%2Fmedia&parent=170251"}],"wp:term":[{"taxonomy":"category","embeddable":true,"href":"https:\/\/lospoliticosveracruz.com\/index.php?rest_route=%2Fwp%2Fv2%2Fcategories&post=170251"},{"taxonomy":"post_tag","embeddable":true,"href":"https:\/\/lospoliticosveracruz.com\/index.php?rest_route=%2Fwp%2Fv2%2Ftags&post=170251"}],"curies":[{"name":"wp","href":"https:\/\/api.w.org\/{rel}","templated":true}]}}