{"id":170253,"date":"2026-04-30T09:44:12","date_gmt":"2026-04-30T15:44:12","guid":{"rendered":"https:\/\/lospoliticosveracruz.com\/?p=170253"},"modified":"2026-04-30T09:44:13","modified_gmt":"2026-04-30T15:44:13","slug":"recado-de-eu-al-mejor-presidente-de-mexico-y-su-pandilla","status":"publish","type":"post","link":"https:\/\/lospoliticosveracruz.com\/?p=170253","title":{"rendered":"RECADO DE EU AL MEJOR PRESIDENTE DE M\u00c9XICO Y SU PANDILLA"},"content":{"rendered":"\n<p><strong>Bernardo Guti\u00e9rrez Parra<\/strong><\/p>\n\n\n\n<p><em>Desde el Caf\u00e9<br><\/em><\/p>\n\n\n\n<p>Este martes a las seis de la tarde, mientras el profe Atanasio Garc\u00eda cimbraba a Veracruz con sus declaraciones contra la gobernadora Roc\u00edo Nahle, en la Canciller\u00eda mexicana recibieron una misiva procedente del Departamento de Justicia de Estados Unidos, donde piden al gobierno de nuestro pa\u00eds la detenci\u00f3n con fines de extradici\u00f3n del gobernador de Sinaloa, Rub\u00e9n Rocha Moya; del senador Enrique Inzunza C\u00e1zares (su candidato a sucederlo en el cargo) y de otros ocho sujetos. Todos acusados de narcotr\u00e1fico.<\/p>\n\n\n\n<p>La misiva fue llevada de inmediato a la presidenta Sheinbaum que se cimbr\u00f3. Claudia orden\u00f3 que no se filtrara la informaci\u00f3n y no mencion\u00f3 ni media palabra en su ma\u00f1anera de ayer que dur\u00f3 apenas 45 minutos. Pero para mediod\u00eda el esc\u00e1ndalo se hab\u00eda desatado.<\/p>\n\n\n\n<p>Mientras la Canciller\u00eda contest\u00f3 que el Departamento de Estado \u201cno present\u00f3 pruebas\u201d contra los se\u00f1alados, Rub\u00e9n Rocha neg\u00f3 \u201ccateg\u00f3rica y absolutamente\u201d las imputaciones que dijo, ser\u00e1n desmentidas \u201ccon toda contundencia en el momento oportuno,\u201d adem\u00e1s de que aprovech\u00f3 para victimizarse y embarrar a terceros: \u201cEl ataque no es \u00fanicamente a mi persona, sino al movimiento de la Cuarta Transformaci\u00f3n, a sus liderazgos y a las y los mexicanos que representamos esa causa\u201d.<\/p>\n\n\n\n<p>El senador Inzunza tambi\u00e9n neg\u00f3 las acusaciones que calific\u00f3 de \u201cfalsas y dolosas\u201d y tambi\u00e9n se solt\u00f3 el pelo: \u201cEste ataque tiene intenciones muy claras. No es solo en contra nuestra, es en contra de la Cuarta Transformaci\u00f3n y de los valores y principios que enarbolamos y en que los que no transigimos (\u2026) Es tambi\u00e9n un ataque y una insidia dirigida al @PartidoMorenaMx y a nuestro m\u00e1ximo referente pol\u00edtico y mexicano de excepci\u00f3n: el Presidente Andr\u00e9s Manuel L\u00f3pez Obrador. No lo toleraremos\u201d.<\/p>\n\n\n\n<p>Pues ser\u00e1 el sereno lector, pero estos dos tipos junto con casi la mitad del gabinete de Rub\u00e9n Rocha, est\u00e1n bien trabados porque una vez que el gobierno norteamericano le pone el ojo a un delincuente aguas\u2026<\/p>\n\n\n\n<p>Hace unos d\u00edas escrib\u00ed que la justicia norteamericana es tan perseverante como obstinada y terca. Y esto lo sabr\u00e1n muy pronto Rub\u00e9n Rocha, Enrique Inzunza y los otros ocho de la lista.<\/p>\n\n\n\n<p>Hoy, la mayor\u00eda de los mexicanos estaremos pegados al televisor o a la radio para saber la contestaci\u00f3n de la presidenta que est\u00e1 en una encrucijada. Si dice que colaborar\u00e1 con las autoridades de aquel pa\u00eds, sus bonos subir\u00e1n como la espuma y al fin tendremos presidenta. Si por el contrario, dice que no permitir\u00e1 la injerencia extranjera en asuntos que s\u00f3lo competen a los mexicanos, le estar\u00e1 dando la raz\u00f3n a quienes aseguran que protege a delincuentes principiando por su jefe. Y sus bonos comenzar\u00e1n a venirse para abajo.<\/p>\n\n\n\n<p>Pero independientemente de la posici\u00f3n que adopte una cosa es clara: Estados Unidos lanz\u00f3 una bomba que le peg\u00f3 en la jeta a un gobernador en funciones (y a sus secuaces tambi\u00e9n en funciones) de cuya culpabilidad con el crimen organizado hay pruebas para aventar pa\u2019 arriba.<\/p>\n\n\n\n<p>Las esquirlas de esta bomba cimbraron a la naci\u00f3n y dieron en el centro de la 4T y de Morena. Adem\u00e1s de cimbrar un rancho en Palenque cuyo due\u00f1o, m\u00e1s temprano que tarde saldr\u00e1 a relucir como el jefe de la banda que al abrazar a los criminales, les permiti\u00f3 que se apropiaran de buena parte del pa\u00eds y provoc\u00f3 el ba\u00f1o de sangre y violencia en el que vivimos desde que lleg\u00f3 a la presidencia.<\/p>\n\n\n\n<p>bernagup28@gmail.com<\/p>\n","protected":false},"excerpt":{"rendered":"<p>Bernardo Guti\u00e9rrez Parra Desde el Caf\u00e9 Este martes a las seis de la tarde, mientras el profe Atanasio Garc\u00eda cimbraba a Veracruz con sus declaraciones contra la gobernadora Roc\u00edo Nahle, en la Canciller\u00eda mexicana recibieron una misiva procedente del Departamento de Justicia de Estados Unidos, donde piden al gobierno de nuestro pa\u00eds la detenci\u00f3n con [&hellip;]<\/p>\n","protected":false},"author":2,"featured_media":141479,"comment_status":"closed","ping_status":"closed","sticky":false,"template":"","format":"standard","meta":{"tdm_status":"","tdm_grid_status":"","footnotes":""},"categories":[70],"tags":[34206,17763,62817,62820,62819,62818,38440],"class_list":{"0":"post-170253","1":"post","2":"type-post","3":"status-publish","4":"format-standard","5":"has-post-thumbnail","7":"category-de-opinion","8":"tag-bernardo-gutierrez-parra","9":"tag-claudia-sheinbaum-pardo","10":"tag-departamento-de-justicia-de-estados-unidos","11":"tag-enrique-inzunza-cazares","12":"tag-extradicion-ruben-rocha-moya","13":"tag-narcotrafico-en-sinaloa","14":"tag-ruben-rocha-moya"},"yoast_head":"<!-- This site is optimized with the Yoast SEO plugin v27.4 - https:\/\/yoast.com\/product\/yoast-seo-wordpress\/ -->\n<title>RECADO DE EU AL MEJOR PRESIDENTE DE M\u00c9XICO Y SU PANDILLA - Los pol\u00edticos Veracruz<\/title>\n<meta name=\"robots\" content=\"index, follow, max-snippet:-1, max-image-preview:large, max-video-preview:-1\" \/>\n<link rel=\"canonical\" href=\"https:\/\/lospoliticosveracruz.com\/?p=170253\" \/>\n<meta property=\"og:locale\" content=\"es_ES\" \/>\n<meta property=\"og:type\" content=\"article\" \/>\n<meta property=\"og:title\" content=\"RECADO DE EU AL MEJOR PRESIDENTE DE M\u00c9XICO Y SU PANDILLA - Los pol\u00edticos Veracruz\" \/>\n<meta property=\"og:description\" content=\"Bernardo Guti\u00e9rrez Parra Desde el Caf\u00e9 Este martes a las seis de la tarde, mientras el profe Atanasio Garc\u00eda cimbraba a Veracruz con sus declaraciones contra la gobernadora Roc\u00edo Nahle, en la Canciller\u00eda mexicana recibieron una misiva procedente del Departamento de Justicia de Estados Unidos, donde piden al gobierno de nuestro pa\u00eds la detenci\u00f3n con [&hellip;]\" \/>\n<meta property=\"og:url\" content=\"https:\/\/lospoliticosveracruz.com\/?p=170253\" \/>\n<meta property=\"og:site_name\" content=\"Los pol\u00edticos Veracruz\" \/>\n<meta property=\"article:publisher\" content=\"https:\/\/www.facebook.com\/people\/Notimemes-de-los-Polticos\/61565672886568\/\" \/>\n<meta property=\"article:published_time\" content=\"2026-04-30T15:44:12+00:00\" \/>\n<meta property=\"article:modified_time\" content=\"2026-04-30T15:44:13+00:00\" \/>\n<meta property=\"og:image\" content=\"https:\/\/lospoliticosveracruz.com\/wp-content\/uploads\/2025\/04\/Bernardo-Gutierrez-Parra.jpg\" \/>\n\t<meta property=\"og:image:width\" content=\"1250\" \/>\n\t<meta property=\"og:image:height\" content=\"667\" \/>\n\t<meta property=\"og:image:type\" content=\"image\/jpeg\" \/>\n<meta name=\"author\" content=\"Lo viste en Los Pol\u00edticos\" \/>\n<meta name=\"twitter:card\" content=\"summary_large_image\" \/>\n<meta name=\"twitter:creator\" content=\"@LosPoliticosVer\" \/>\n<meta name=\"twitter:site\" content=\"@LosPoliticosVer\" \/>\n<meta name=\"twitter:label1\" content=\"Escrito por\" \/>\n\t<meta name=\"twitter:data1\" content=\"Lo viste en Los Pol\u00edticos\" \/>\n\t<meta name=\"twitter:label2\" content=\"Tiempo de lectura\" \/>\n\t<meta name=\"twitter:data2\" content=\"3 minutos\" \/>\n<script type=\"application\/ld+json\" class=\"yoast-schema-graph\">{\"@context\":\"https:\\\/\\\/schema.org\",\"@graph\":[{\"@type\":\"Article\",\"@id\":\"https:\\\/\\\/lospoliticosveracruz.com\\\/?p=170253#article\",\"isPartOf\":{\"@id\":\"https:\\\/\\\/lospoliticosveracruz.com\\\/?p=170253\"},\"author\":{\"name\":\"Lo viste en Los Pol\u00edticos\",\"@id\":\"https:\\\/\\\/lospoliticosveracruz.com\\\/#\\\/schema\\\/person\\\/b8702bb0e538456e6efd07080bf2a4a2\"},\"headline\":\"RECADO DE EU AL MEJOR PRESIDENTE DE M\u00c9XICO Y SU PANDILLA\",\"datePublished\":\"2026-04-30T15:44:12+00:00\",\"dateModified\":\"2026-04-30T15:44:13+00:00\",\"mainEntityOfPage\":{\"@id\":\"https:\\\/\\\/lospoliticosveracruz.com\\\/?p=170253\"},\"wordCount\":632,\"publisher\":{\"@id\":\"https:\\\/\\\/lospoliticosveracruz.com\\\/#organization\"},\"image\":{\"@id\":\"https:\\\/\\\/lospoliticosveracruz.com\\\/?p=170253#primaryimage\"},\"thumbnailUrl\":\"https:\\\/\\\/lospoliticosveracruz.com\\\/wp-content\\\/uploads\\\/2025\\\/04\\\/Bernardo-Gutierrez-Parra.jpg\",\"keywords\":[\"Bernardo Guti\u00e9rrez Parra\",\"Claudia Sheinbaum Pardo\",\"Departamento de Justicia de Estados Unidos\",\"Enrique Inzunza C\u00e1zares\",\"extradici\u00f3n Rub\u00e9n Rocha Moya\",\"narcotr\u00e1fico en Sinaloa\",\"Rub\u00e9n Rocha Moya\"],\"articleSection\":[\"De Opini\u00f3n\"],\"inLanguage\":\"es\"},{\"@type\":\"WebPage\",\"@id\":\"https:\\\/\\\/lospoliticosveracruz.com\\\/?p=170253\",\"url\":\"https:\\\/\\\/lospoliticosveracruz.com\\\/?p=170253\",\"name\":\"RECADO DE EU AL MEJOR PRESIDENTE DE M\u00c9XICO Y SU PANDILLA - Los pol\u00edticos Veracruz\",\"isPartOf\":{\"@id\":\"https:\\\/\\\/lospoliticosveracruz.com\\\/#website\"},\"primaryImageOfPage\":{\"@id\":\"https:\\\/\\\/lospoliticosveracruz.com\\\/?p=170253#primaryimage\"},\"image\":{\"@id\":\"https:\\\/\\\/lospoliticosveracruz.com\\\/?p=170253#primaryimage\"},\"thumbnailUrl\":\"https:\\\/\\\/lospoliticosveracruz.com\\\/wp-content\\\/uploads\\\/2025\\\/04\\\/Bernardo-Gutierrez-Parra.jpg\",\"datePublished\":\"2026-04-30T15:44:12+00:00\",\"dateModified\":\"2026-04-30T15:44:13+00:00\",\"breadcrumb\":{\"@id\":\"https:\\\/\\\/lospoliticosveracruz.com\\\/?p=170253#breadcrumb\"},\"inLanguage\":\"es\",\"potentialAction\":[{\"@type\":\"ReadAction\",\"target\":[\"https:\\\/\\\/lospoliticosveracruz.com\\\/?p=170253\"]}]},{\"@type\":\"ImageObject\",\"inLanguage\":\"es\",\"@id\":\"https:\\\/\\\/lospoliticosveracruz.com\\\/?p=170253#primaryimage\",\"url\":\"https:\\\/\\\/lospoliticosveracruz.com\\\/wp-content\\\/uploads\\\/2025\\\/04\\\/Bernardo-Gutierrez-Parra.jpg\",\"contentUrl\":\"https:\\\/\\\/lospoliticosveracruz.com\\\/wp-content\\\/uploads\\\/2025\\\/04\\\/Bernardo-Gutierrez-Parra.jpg\",\"width\":1250,\"height\":667},{\"@type\":\"BreadcrumbList\",\"@id\":\"https:\\\/\\\/lospoliticosveracruz.com\\\/?p=170253#breadcrumb\",\"itemListElement\":[{\"@type\":\"ListItem\",\"position\":1,\"name\":\"Portada\",\"item\":\"https:\\\/\\\/lospoliticosveracruz.com\\\/\"},{\"@type\":\"ListItem\",\"position\":2,\"name\":\"RECADO DE EU AL MEJOR PRESIDENTE DE M\u00c9XICO Y SU PANDILLA\"}]},{\"@type\":\"WebSite\",\"@id\":\"https:\\\/\\\/lospoliticosveracruz.com\\\/#website\",\"url\":\"https:\\\/\\\/lospoliticosveracruz.com\\\/\",\"name\":\"Los pol\u00edticos Veracruz\",\"description\":\"\",\"publisher\":{\"@id\":\"https:\\\/\\\/lospoliticosveracruz.com\\\/#organization\"},\"potentialAction\":[{\"@type\":\"SearchAction\",\"target\":{\"@type\":\"EntryPoint\",\"urlTemplate\":\"https:\\\/\\\/lospoliticosveracruz.com\\\/?s={search_term_string}\"},\"query-input\":{\"@type\":\"PropertyValueSpecification\",\"valueRequired\":true,\"valueName\":\"search_term_string\"}}],\"inLanguage\":\"es\"},{\"@type\":\"Organization\",\"@id\":\"https:\\\/\\\/lospoliticosveracruz.com\\\/#organization\",\"name\":\"Los pol\u00edticos Veracruz\",\"url\":\"https:\\\/\\\/lospoliticosveracruz.com\\\/\",\"logo\":{\"@type\":\"ImageObject\",\"inLanguage\":\"es\",\"@id\":\"https:\\\/\\\/lospoliticosveracruz.com\\\/#\\\/schema\\\/logo\\\/image\\\/\",\"url\":\"https:\\\/\\\/lospoliticosveracruz.com\\\/wp-content\\\/uploads\\\/2025\\\/12\\\/Logo-Nuevo-LOS-POLITICOS-1.jpg\",\"contentUrl\":\"https:\\\/\\\/lospoliticosveracruz.com\\\/wp-content\\\/uploads\\\/2025\\\/12\\\/Logo-Nuevo-LOS-POLITICOS-1.jpg\",\"width\":260,\"height\":70,\"caption\":\"Los pol\u00edticos Veracruz\"},\"image\":{\"@id\":\"https:\\\/\\\/lospoliticosveracruz.com\\\/#\\\/schema\\\/logo\\\/image\\\/\"},\"sameAs\":[\"https:\\\/\\\/www.facebook.com\\\/people\\\/Notimemes-de-los-Polticos\\\/61565672886568\\\/\",\"https:\\\/\\\/x.com\\\/LosPoliticosVer\"]},{\"@type\":\"Person\",\"@id\":\"https:\\\/\\\/lospoliticosveracruz.com\\\/#\\\/schema\\\/person\\\/b8702bb0e538456e6efd07080bf2a4a2\",\"name\":\"Lo viste en Los Pol\u00edticos\",\"image\":{\"@type\":\"ImageObject\",\"inLanguage\":\"es\",\"@id\":\"https:\\\/\\\/secure.gravatar.com\\\/avatar\\\/3a8de04a2656d44082be478bd6c086daa447c4651605818287b9532d3d0bd435?s=96&d=mm&r=g\",\"url\":\"https:\\\/\\\/secure.gravatar.com\\\/avatar\\\/3a8de04a2656d44082be478bd6c086daa447c4651605818287b9532d3d0bd435?s=96&d=mm&r=g\",\"contentUrl\":\"https:\\\/\\\/secure.gravatar.com\\\/avatar\\\/3a8de04a2656d44082be478bd6c086daa447c4651605818287b9532d3d0bd435?s=96&d=mm&r=g\",\"caption\":\"Lo viste en Los Pol\u00edticos\"},\"url\":\"https:\\\/\\\/lospoliticosveracruz.com\\\/?author=2\"}]}<\/script>\n<!-- \/ Yoast SEO plugin. -->","yoast_head_json":{"title":"RECADO DE EU AL MEJOR PRESIDENTE DE M\u00c9XICO Y SU PANDILLA - Los pol\u00edticos Veracruz","robots":{"index":"index","follow":"follow","max-snippet":"max-snippet:-1","max-image-preview":"max-image-preview:large","max-video-preview":"max-video-preview:-1"},"canonical":"https:\/\/lospoliticosveracruz.com\/?p=170253","og_locale":"es_ES","og_type":"article","og_title":"RECADO DE EU AL MEJOR PRESIDENTE DE M\u00c9XICO Y SU PANDILLA - Los pol\u00edticos Veracruz","og_description":"Bernardo Guti\u00e9rrez Parra Desde el Caf\u00e9 Este martes a las seis de la tarde, mientras el profe Atanasio Garc\u00eda cimbraba a Veracruz con sus declaraciones contra la gobernadora Roc\u00edo Nahle, en la Canciller\u00eda mexicana recibieron una misiva procedente del Departamento de Justicia de Estados Unidos, donde piden al gobierno de nuestro pa\u00eds la detenci\u00f3n con [&hellip;]","og_url":"https:\/\/lospoliticosveracruz.com\/?p=170253","og_site_name":"Los pol\u00edticos Veracruz","article_publisher":"https:\/\/www.facebook.com\/people\/Notimemes-de-los-Polticos\/61565672886568\/","article_published_time":"2026-04-30T15:44:12+00:00","article_modified_time":"2026-04-30T15:44:13+00:00","og_image":[{"width":1250,"height":667,"url":"https:\/\/lospoliticosveracruz.com\/wp-content\/uploads\/2025\/04\/Bernardo-Gutierrez-Parra.jpg","type":"image\/jpeg"}],"author":"Lo viste en Los Pol\u00edticos","twitter_card":"summary_large_image","twitter_creator":"@LosPoliticosVer","twitter_site":"@LosPoliticosVer","twitter_misc":{"Escrito por":"Lo viste en Los Pol\u00edticos","Tiempo de lectura":"3 minutos"},"schema":{"@context":"https:\/\/schema.org","@graph":[{"@type":"Article","@id":"https:\/\/lospoliticosveracruz.com\/?p=170253#article","isPartOf":{"@id":"https:\/\/lospoliticosveracruz.com\/?p=170253"},"author":{"name":"Lo viste en Los Pol\u00edticos","@id":"https:\/\/lospoliticosveracruz.com\/#\/schema\/person\/b8702bb0e538456e6efd07080bf2a4a2"},"headline":"RECADO DE EU AL MEJOR PRESIDENTE DE M\u00c9XICO Y SU PANDILLA","datePublished":"2026-04-30T15:44:12+00:00","dateModified":"2026-04-30T15:44:13+00:00","mainEntityOfPage":{"@id":"https:\/\/lospoliticosveracruz.com\/?p=170253"},"wordCount":632,"publisher":{"@id":"https:\/\/lospoliticosveracruz.com\/#organization"},"image":{"@id":"https:\/\/lospoliticosveracruz.com\/?p=170253#primaryimage"},"thumbnailUrl":"https:\/\/lospoliticosveracruz.com\/wp-content\/uploads\/2025\/04\/Bernardo-Gutierrez-Parra.jpg","keywords":["Bernardo Guti\u00e9rrez Parra","Claudia Sheinbaum Pardo","Departamento de Justicia de Estados Unidos","Enrique Inzunza C\u00e1zares","extradici\u00f3n Rub\u00e9n Rocha Moya","narcotr\u00e1fico en Sinaloa","Rub\u00e9n Rocha Moya"],"articleSection":["De Opini\u00f3n"],"inLanguage":"es"},{"@type":"WebPage","@id":"https:\/\/lospoliticosveracruz.com\/?p=170253","url":"https:\/\/lospoliticosveracruz.com\/?p=170253","name":"RECADO DE EU AL MEJOR PRESIDENTE DE M\u00c9XICO Y SU PANDILLA - Los pol\u00edticos Veracruz","isPartOf":{"@id":"https:\/\/lospoliticosveracruz.com\/#website"},"primaryImageOfPage":{"@id":"https:\/\/lospoliticosveracruz.com\/?p=170253#primaryimage"},"image":{"@id":"https:\/\/lospoliticosveracruz.com\/?p=170253#primaryimage"},"thumbnailUrl":"https:\/\/lospoliticosveracruz.com\/wp-content\/uploads\/2025\/04\/Bernardo-Gutierrez-Parra.jpg","datePublished":"2026-04-30T15:44:12+00:00","dateModified":"2026-04-30T15:44:13+00:00","breadcrumb":{"@id":"https:\/\/lospoliticosveracruz.com\/?p=170253#breadcrumb"},"inLanguage":"es","potentialAction":[{"@type":"ReadAction","target":["https:\/\/lospoliticosveracruz.com\/?p=170253"]}]},{"@type":"ImageObject","inLanguage":"es","@id":"https:\/\/lospoliticosveracruz.com\/?p=170253#primaryimage","url":"https:\/\/lospoliticosveracruz.com\/wp-content\/uploads\/2025\/04\/Bernardo-Gutierrez-Parra.jpg","contentUrl":"https:\/\/lospoliticosveracruz.com\/wp-content\/uploads\/2025\/04\/Bernardo-Gutierrez-Parra.jpg","width":1250,"height":667},{"@type":"BreadcrumbList","@id":"https:\/\/lospoliticosveracruz.com\/?p=170253#breadcrumb","itemListElement":[{"@type":"ListItem","position":1,"name":"Portada","item":"https:\/\/lospoliticosveracruz.com\/"},{"@type":"ListItem","position":2,"name":"RECADO DE EU AL MEJOR PRESIDENTE DE M\u00c9XICO Y SU PANDILLA"}]},{"@type":"WebSite","@id":"https:\/\/lospoliticosveracruz.com\/#website","url":"https:\/\/lospoliticosveracruz.com\/","name":"Los pol\u00edticos Veracruz","description":"","publisher":{"@id":"https:\/\/lospoliticosveracruz.com\/#organization"},"potentialAction":[{"@type":"SearchAction","target":{"@type":"EntryPoint","urlTemplate":"https:\/\/lospoliticosveracruz.com\/?s={search_term_string}"},"query-input":{"@type":"PropertyValueSpecification","valueRequired":true,"valueName":"search_term_string"}}],"inLanguage":"es"},{"@type":"Organization","@id":"https:\/\/lospoliticosveracruz.com\/#organization","name":"Los pol\u00edticos Veracruz","url":"https:\/\/lospoliticosveracruz.com\/","logo":{"@type":"ImageObject","inLanguage":"es","@id":"https:\/\/lospoliticosveracruz.com\/#\/schema\/logo\/image\/","url":"https:\/\/lospoliticosveracruz.com\/wp-content\/uploads\/2025\/12\/Logo-Nuevo-LOS-POLITICOS-1.jpg","contentUrl":"https:\/\/lospoliticosveracruz.com\/wp-content\/uploads\/2025\/12\/Logo-Nuevo-LOS-POLITICOS-1.jpg","width":260,"height":70,"caption":"Los pol\u00edticos Veracruz"},"image":{"@id":"https:\/\/lospoliticosveracruz.com\/#\/schema\/logo\/image\/"},"sameAs":["https:\/\/www.facebook.com\/people\/Notimemes-de-los-Polticos\/61565672886568\/","https:\/\/x.com\/LosPoliticosVer"]},{"@type":"Person","@id":"https:\/\/lospoliticosveracruz.com\/#\/schema\/person\/b8702bb0e538456e6efd07080bf2a4a2","name":"Lo viste en Los Pol\u00edticos","image":{"@type":"ImageObject","inLanguage":"es","@id":"https:\/\/secure.gravatar.com\/avatar\/3a8de04a2656d44082be478bd6c086daa447c4651605818287b9532d3d0bd435?s=96&d=mm&r=g","url":"https:\/\/secure.gravatar.com\/avatar\/3a8de04a2656d44082be478bd6c086daa447c4651605818287b9532d3d0bd435?s=96&d=mm&r=g","contentUrl":"https:\/\/secure.gravatar.com\/avatar\/3a8de04a2656d44082be478bd6c086daa447c4651605818287b9532d3d0bd435?s=96&d=mm&r=g","caption":"Lo viste en Los Pol\u00edticos"},"url":"https:\/\/lospoliticosveracruz.com\/?author=2"}]}},"_links":{"self":[{"href":"https:\/\/lospoliticosveracruz.com\/index.php?rest_route=\/wp\/v2\/posts\/170253","targetHints":{"allow":["GET"]}}],"collection":[{"href":"https:\/\/lospoliticosveracruz.com\/index.php?rest_route=\/wp\/v2\/posts"}],"about":[{"href":"https:\/\/lospoliticosveracruz.com\/index.php?rest_route=\/wp\/v2\/types\/post"}],"author":[{"embeddable":true,"href":"https:\/\/lospoliticosveracruz.com\/index.php?rest_route=\/wp\/v2\/users\/2"}],"replies":[{"embeddable":true,"href":"https:\/\/lospoliticosveracruz.com\/index.php?rest_route=%2Fwp%2Fv2%2Fcomments&post=170253"}],"version-history":[{"count":1,"href":"https:\/\/lospoliticosveracruz.com\/index.php?rest_route=\/wp\/v2\/posts\/170253\/revisions"}],"predecessor-version":[{"id":170254,"href":"https:\/\/lospoliticosveracruz.com\/index.php?rest_route=\/wp\/v2\/posts\/170253\/revisions\/170254"}],"wp:featuredmedia":[{"embeddable":true,"href":"https:\/\/lospoliticosveracruz.com\/index.php?rest_route=\/wp\/v2\/media\/141479"}],"wp:attachment":[{"href":"https:\/\/lospoliticosveracruz.com\/index.php?rest_route=%2Fwp%2Fv2%2Fmedia&parent=170253"}],"wp:term":[{"taxonomy":"category","embeddable":true,"href":"https:\/\/lospoliticosveracruz.com\/index.php?rest_route=%2Fwp%2Fv2%2Fcategories&post=170253"},{"taxonomy":"post_tag","embeddable":true,"href":"https:\/\/lospoliticosveracruz.com\/index.php?rest_route=%2Fwp%2Fv2%2Ftags&post=170253"}],"curies":[{"name":"wp","href":"https:\/\/api.w.org\/{rel}","templated":true}]}}