{"id":170258,"date":"2026-04-30T09:57:32","date_gmt":"2026-04-30T15:57:32","guid":{"rendered":"https:\/\/lospoliticosveracruz.com\/?p=170258"},"modified":"2026-04-30T09:57:34","modified_gmt":"2026-04-30T15:57:34","slug":"los-sabuesos-tras-rocha","status":"publish","type":"post","link":"https:\/\/lospoliticosveracruz.com\/?p=170258","title":{"rendered":"LOS SABUESOS TRAS ROCHA"},"content":{"rendered":"\n<p><strong>Sergio Gonz\u00e1lez Levet<\/strong><\/p>\n\n\n\n<p><em>Sin tacto<br><\/em><\/p>\n\n\n\n<p>La solicitud de extradici\u00f3n de Rub\u00e9n Rocha Moya y otros nueve c\u00f3mplices de Sinaloa formulada por Estados Unidos al Gobierno de M\u00e9xico, es una bomba que ha detonado en las m\u00e1s delicadas venas de la Cuarta Transformaci\u00f3n.<\/p>\n\n\n\n<pre class=\"wp-block-code\"><code> Una vez recibida la petici\u00f3n en la Secretar\u00eda de Relaciones Exteriores, se echaron a andar todos los pretextos posibles para no entregar al Gobernador morenista, porque el hecho en s\u00ed destroza todos los argumentos que han enarbolado los gobiernos de Andr\u00e9s Manuel L\u00f3pez Obrador y Claudia Sheinbaum en contra de las sospechas de que est\u00e1n vinculados con los c\u00e1rteles mexicanos del narcotr\u00e1fico.\n\n El comunicado de la SER, lo dicho en la conferencia de prensa por el fiscal Ulises Lara L\u00f3pez, las declaraciones de los coordinadores de la c\u00e1mara de diputados y la de senadores, los gritos hist\u00e9ricos de Arturo \u00c1vila y Gerardo Fern\u00e1ndez Noro\u00f1a, m\u00e1s el silencio sepulcral de la presidenta Claudia Sheinbaum, son prueba fehaciente de que el torpedo dio por debajo de la l\u00ednea de flotaci\u00f3n del morenismo.\n\n Hasta el momento en que redact\u00e9 estas l\u00edneas, el mi\u00e9rcoles por la noche, la \u00fanica l\u00ednea de respuesta del Gobierno de la Rep\u00fablica ante la solicitud gringa era que se \u201cten\u00edan que aportar pruebas claras y verdaderas\u201d, que es lo mismo que ha respondido la Presidenta ante cualquier revelaci\u00f3n de alguno de los tantos delitos o corruptelas que han cometido los funcionarios designados y los representantes electos del r\u00e9gimen.\n\n Lo que tiene temblando a todos los obradoristas es que en contra de Rocha Moya, del senador Enrique Inzunza C\u00e1zares, del alcalde de Culiac\u00e1n Juan de Dios G\u00e1mez, del Fiscal General Adjunto D\u00e1maso Castro Saavedra y de varios expolic\u00edas, es que la administraci\u00f3n Trump puso en contra de ellos una bater\u00eda de gran peso, en la que participa Jay Clayton, Fiscal de los Estados Unidos para el Distrito Sur de Nueva York, que ha llevado casos internacionales de alto perfil, como el enjuiciamiento de Nicol\u00e1s Maduro y su esposa Cilia Flores, ni m\u00e1s ni menos. Adem\u00e1s, Clayton se ha enfocado en las investigaciones en contra de narco-pol\u00edticos mexicanos.\n\n  La jueza federal que lleva el caso es Katherine Polk Failla, del Distrito Sur de Nueva York, que tambi\u00e9n tiene experiencia en casos de alto octanaje. \u201cFailla es conocida por ser una jueza rigurosa y meticulosa en derecho corporativo y penal, con un enfoque en la aplicaci\u00f3n estricta de los plazos y la preparaci\u00f3n de los abogados.\u201d\n\n Y con ellos est\u00e1 pendiente el Administrador de la DEA, Terrance C. Cole, que acompa\u00f1\u00f3 al fiscal Clayton cuando se anunci\u00f3 la acusaci\u00f3n contra Rub\u00e9n Rocha.<\/code><\/pre>\n\n\n\n<p>V\u00e9ase lo que se dice de \u00e9l: \u201cSu trayectoria se ha centrado en operaciones internacionales, particularmente en Latinoam\u00e9rica, destacando por su enfoque agresivo contra los c\u00e1rteles mexicanos y el fentanilo\u201d.<\/p>\n\n\n\n<pre class=\"wp-block-code\"><code> Otro dato que pone a temblar a los pol\u00edticos cuatroteros es que Cole supervis\u00f3 la extracci\u00f3n de Nicol\u00e1s Maduro en Caracas, lider\u00f3 la operaci\u00f3n en que se apres\u00f3 al exol\u00edmpico canadiense Ryan Wedding en la Ciudad de M\u00e9xico, y tambi\u00e9n detuvo en Montevideo y traslad\u00f3 a EEUU al narcotraficante uruguayo Sebasti\u00e1n Marset, considerado uno de los m\u00e1s peligrosos de Sudam\u00e9rica.\n\n Dif\u00edcilmente Rocha y sus c\u00f3mplices se les van a escapar a esos expertos, por m\u00e1s \u00f3rdenes y rega\u00f1os que salgan desde Palenque.<\/code><\/pre>\n\n\n\n<p>sglevet@gmail.com<\/p>\n","protected":false},"excerpt":{"rendered":"<p>Sergio Gonz\u00e1lez Levet Sin tacto La solicitud de extradici\u00f3n de Rub\u00e9n Rocha Moya y otros nueve c\u00f3mplices de Sinaloa formulada por Estados Unidos al Gobierno de M\u00e9xico, es una bomba que ha detonado en las m\u00e1s delicadas venas de la Cuarta Transformaci\u00f3n. V\u00e9ase lo que se dice de \u00e9l: \u201cSu trayectoria se ha centrado en [&hellip;]<\/p>\n","protected":false},"author":2,"featured_media":141432,"comment_status":"closed","ping_status":"closed","sticky":false,"template":"","format":"standard","meta":{"tdm_status":"","tdm_grid_status":"","footnotes":""},"categories":[70],"tags":[12744,62819,62827,44702,38440,1282,62826],"class_list":{"0":"post-170258","1":"post","2":"type-post","3":"status-publish","4":"format-standard","5":"has-post-thumbnail","7":"category-de-opinion","8":"tag-cuarta-transformacion","9":"tag-extradicion-ruben-rocha-moya","10":"tag-jay-clayton","11":"tag-narcopolitica-mexico","12":"tag-ruben-rocha-moya","13":"tag-sergio-gonzalez-levet","14":"tag-sin-tacto"},"yoast_head":"<!-- This site is optimized with the Yoast SEO plugin v27.4 - https:\/\/yoast.com\/product\/yoast-seo-wordpress\/ -->\n<title>LOS SABUESOS TRAS ROCHA - Los pol\u00edticos Veracruz<\/title>\n<meta name=\"robots\" content=\"index, follow, max-snippet:-1, max-image-preview:large, max-video-preview:-1\" \/>\n<link rel=\"canonical\" href=\"https:\/\/lospoliticosveracruz.com\/?p=170258\" \/>\n<meta property=\"og:locale\" content=\"es_ES\" \/>\n<meta property=\"og:type\" content=\"article\" \/>\n<meta property=\"og:title\" content=\"LOS SABUESOS TRAS ROCHA - Los pol\u00edticos Veracruz\" \/>\n<meta property=\"og:description\" content=\"Sergio Gonz\u00e1lez Levet Sin tacto La solicitud de extradici\u00f3n de Rub\u00e9n Rocha Moya y otros nueve c\u00f3mplices de Sinaloa formulada por Estados Unidos al Gobierno de M\u00e9xico, es una bomba que ha detonado en las m\u00e1s delicadas venas de la Cuarta Transformaci\u00f3n. V\u00e9ase lo que se dice de \u00e9l: \u201cSu trayectoria se ha centrado en [&hellip;]\" \/>\n<meta property=\"og:url\" content=\"https:\/\/lospoliticosveracruz.com\/?p=170258\" \/>\n<meta property=\"og:site_name\" content=\"Los pol\u00edticos Veracruz\" \/>\n<meta property=\"article:publisher\" content=\"https:\/\/www.facebook.com\/people\/Notimemes-de-los-Polticos\/61565672886568\/\" \/>\n<meta property=\"article:published_time\" content=\"2026-04-30T15:57:32+00:00\" \/>\n<meta property=\"article:modified_time\" content=\"2026-04-30T15:57:34+00:00\" \/>\n<meta property=\"og:image\" content=\"https:\/\/lospoliticosveracruz.com\/wp-content\/uploads\/2025\/04\/Levet-e1773931000156.jpg\" \/>\n\t<meta property=\"og:image:width\" content=\"600\" \/>\n\t<meta property=\"og:image:height\" content=\"320\" \/>\n\t<meta property=\"og:image:type\" content=\"image\/jpeg\" \/>\n<meta name=\"author\" content=\"Lo viste en Los Pol\u00edticos\" \/>\n<meta name=\"twitter:card\" content=\"summary_large_image\" \/>\n<meta name=\"twitter:creator\" content=\"@LosPoliticosVer\" \/>\n<meta name=\"twitter:site\" content=\"@LosPoliticosVer\" \/>\n<meta name=\"twitter:label1\" content=\"Escrito por\" \/>\n\t<meta name=\"twitter:data1\" content=\"Lo viste en Los Pol\u00edticos\" \/>\n\t<meta name=\"twitter:label2\" content=\"Tiempo de lectura\" \/>\n\t<meta name=\"twitter:data2\" content=\"1 minuto\" \/>\n<script type=\"application\/ld+json\" class=\"yoast-schema-graph\">{\"@context\":\"https:\\\/\\\/schema.org\",\"@graph\":[{\"@type\":\"Article\",\"@id\":\"https:\\\/\\\/lospoliticosveracruz.com\\\/?p=170258#article\",\"isPartOf\":{\"@id\":\"https:\\\/\\\/lospoliticosveracruz.com\\\/?p=170258\"},\"author\":{\"name\":\"Lo viste en Los Pol\u00edticos\",\"@id\":\"https:\\\/\\\/lospoliticosveracruz.com\\\/#\\\/schema\\\/person\\\/b8702bb0e538456e6efd07080bf2a4a2\"},\"headline\":\"LOS SABUESOS TRAS ROCHA\",\"datePublished\":\"2026-04-30T15:57:32+00:00\",\"dateModified\":\"2026-04-30T15:57:34+00:00\",\"mainEntityOfPage\":{\"@id\":\"https:\\\/\\\/lospoliticosveracruz.com\\\/?p=170258\"},\"wordCount\":89,\"publisher\":{\"@id\":\"https:\\\/\\\/lospoliticosveracruz.com\\\/#organization\"},\"image\":{\"@id\":\"https:\\\/\\\/lospoliticosveracruz.com\\\/?p=170258#primaryimage\"},\"thumbnailUrl\":\"https:\\\/\\\/lospoliticosveracruz.com\\\/wp-content\\\/uploads\\\/2025\\\/04\\\/Levet-e1773931000156.jpg\",\"keywords\":[\"Cuarta Transformaci\u00f3n\",\"extradici\u00f3n Rub\u00e9n Rocha Moya\",\"Jay Clayton\",\"narcopol\u00edtica M\u00e9xico\",\"Rub\u00e9n Rocha Moya\",\"Sergio Gonz\u00e1lez Levet\",\"Sin tacto\"],\"articleSection\":[\"De Opini\u00f3n\"],\"inLanguage\":\"es\"},{\"@type\":\"WebPage\",\"@id\":\"https:\\\/\\\/lospoliticosveracruz.com\\\/?p=170258\",\"url\":\"https:\\\/\\\/lospoliticosveracruz.com\\\/?p=170258\",\"name\":\"LOS SABUESOS TRAS ROCHA - Los pol\u00edticos Veracruz\",\"isPartOf\":{\"@id\":\"https:\\\/\\\/lospoliticosveracruz.com\\\/#website\"},\"primaryImageOfPage\":{\"@id\":\"https:\\\/\\\/lospoliticosveracruz.com\\\/?p=170258#primaryimage\"},\"image\":{\"@id\":\"https:\\\/\\\/lospoliticosveracruz.com\\\/?p=170258#primaryimage\"},\"thumbnailUrl\":\"https:\\\/\\\/lospoliticosveracruz.com\\\/wp-content\\\/uploads\\\/2025\\\/04\\\/Levet-e1773931000156.jpg\",\"datePublished\":\"2026-04-30T15:57:32+00:00\",\"dateModified\":\"2026-04-30T15:57:34+00:00\",\"breadcrumb\":{\"@id\":\"https:\\\/\\\/lospoliticosveracruz.com\\\/?p=170258#breadcrumb\"},\"inLanguage\":\"es\",\"potentialAction\":[{\"@type\":\"ReadAction\",\"target\":[\"https:\\\/\\\/lospoliticosveracruz.com\\\/?p=170258\"]}]},{\"@type\":\"ImageObject\",\"inLanguage\":\"es\",\"@id\":\"https:\\\/\\\/lospoliticosveracruz.com\\\/?p=170258#primaryimage\",\"url\":\"https:\\\/\\\/lospoliticosveracruz.com\\\/wp-content\\\/uploads\\\/2025\\\/04\\\/Levet-e1773931000156.jpg\",\"contentUrl\":\"https:\\\/\\\/lospoliticosveracruz.com\\\/wp-content\\\/uploads\\\/2025\\\/04\\\/Levet-e1773931000156.jpg\",\"width\":600,\"height\":320},{\"@type\":\"BreadcrumbList\",\"@id\":\"https:\\\/\\\/lospoliticosveracruz.com\\\/?p=170258#breadcrumb\",\"itemListElement\":[{\"@type\":\"ListItem\",\"position\":1,\"name\":\"Portada\",\"item\":\"https:\\\/\\\/lospoliticosveracruz.com\\\/\"},{\"@type\":\"ListItem\",\"position\":2,\"name\":\"LOS SABUESOS TRAS ROCHA\"}]},{\"@type\":\"WebSite\",\"@id\":\"https:\\\/\\\/lospoliticosveracruz.com\\\/#website\",\"url\":\"https:\\\/\\\/lospoliticosveracruz.com\\\/\",\"name\":\"Los pol\u00edticos Veracruz\",\"description\":\"\",\"publisher\":{\"@id\":\"https:\\\/\\\/lospoliticosveracruz.com\\\/#organization\"},\"potentialAction\":[{\"@type\":\"SearchAction\",\"target\":{\"@type\":\"EntryPoint\",\"urlTemplate\":\"https:\\\/\\\/lospoliticosveracruz.com\\\/?s={search_term_string}\"},\"query-input\":{\"@type\":\"PropertyValueSpecification\",\"valueRequired\":true,\"valueName\":\"search_term_string\"}}],\"inLanguage\":\"es\"},{\"@type\":\"Organization\",\"@id\":\"https:\\\/\\\/lospoliticosveracruz.com\\\/#organization\",\"name\":\"Los pol\u00edticos Veracruz\",\"url\":\"https:\\\/\\\/lospoliticosveracruz.com\\\/\",\"logo\":{\"@type\":\"ImageObject\",\"inLanguage\":\"es\",\"@id\":\"https:\\\/\\\/lospoliticosveracruz.com\\\/#\\\/schema\\\/logo\\\/image\\\/\",\"url\":\"https:\\\/\\\/lospoliticosveracruz.com\\\/wp-content\\\/uploads\\\/2025\\\/12\\\/Logo-Nuevo-LOS-POLITICOS-1.jpg\",\"contentUrl\":\"https:\\\/\\\/lospoliticosveracruz.com\\\/wp-content\\\/uploads\\\/2025\\\/12\\\/Logo-Nuevo-LOS-POLITICOS-1.jpg\",\"width\":260,\"height\":70,\"caption\":\"Los pol\u00edticos Veracruz\"},\"image\":{\"@id\":\"https:\\\/\\\/lospoliticosveracruz.com\\\/#\\\/schema\\\/logo\\\/image\\\/\"},\"sameAs\":[\"https:\\\/\\\/www.facebook.com\\\/people\\\/Notimemes-de-los-Polticos\\\/61565672886568\\\/\",\"https:\\\/\\\/x.com\\\/LosPoliticosVer\"]},{\"@type\":\"Person\",\"@id\":\"https:\\\/\\\/lospoliticosveracruz.com\\\/#\\\/schema\\\/person\\\/b8702bb0e538456e6efd07080bf2a4a2\",\"name\":\"Lo viste en Los Pol\u00edticos\",\"image\":{\"@type\":\"ImageObject\",\"inLanguage\":\"es\",\"@id\":\"https:\\\/\\\/secure.gravatar.com\\\/avatar\\\/3a8de04a2656d44082be478bd6c086daa447c4651605818287b9532d3d0bd435?s=96&d=mm&r=g\",\"url\":\"https:\\\/\\\/secure.gravatar.com\\\/avatar\\\/3a8de04a2656d44082be478bd6c086daa447c4651605818287b9532d3d0bd435?s=96&d=mm&r=g\",\"contentUrl\":\"https:\\\/\\\/secure.gravatar.com\\\/avatar\\\/3a8de04a2656d44082be478bd6c086daa447c4651605818287b9532d3d0bd435?s=96&d=mm&r=g\",\"caption\":\"Lo viste en Los Pol\u00edticos\"},\"url\":\"https:\\\/\\\/lospoliticosveracruz.com\\\/?author=2\"}]}<\/script>\n<!-- \/ Yoast SEO plugin. -->","yoast_head_json":{"title":"LOS SABUESOS TRAS ROCHA - Los pol\u00edticos Veracruz","robots":{"index":"index","follow":"follow","max-snippet":"max-snippet:-1","max-image-preview":"max-image-preview:large","max-video-preview":"max-video-preview:-1"},"canonical":"https:\/\/lospoliticosveracruz.com\/?p=170258","og_locale":"es_ES","og_type":"article","og_title":"LOS SABUESOS TRAS ROCHA - Los pol\u00edticos Veracruz","og_description":"Sergio Gonz\u00e1lez Levet Sin tacto La solicitud de extradici\u00f3n de Rub\u00e9n Rocha Moya y otros nueve c\u00f3mplices de Sinaloa formulada por Estados Unidos al Gobierno de M\u00e9xico, es una bomba que ha detonado en las m\u00e1s delicadas venas de la Cuarta Transformaci\u00f3n. V\u00e9ase lo que se dice de \u00e9l: \u201cSu trayectoria se ha centrado en [&hellip;]","og_url":"https:\/\/lospoliticosveracruz.com\/?p=170258","og_site_name":"Los pol\u00edticos Veracruz","article_publisher":"https:\/\/www.facebook.com\/people\/Notimemes-de-los-Polticos\/61565672886568\/","article_published_time":"2026-04-30T15:57:32+00:00","article_modified_time":"2026-04-30T15:57:34+00:00","og_image":[{"width":600,"height":320,"url":"https:\/\/lospoliticosveracruz.com\/wp-content\/uploads\/2025\/04\/Levet-e1773931000156.jpg","type":"image\/jpeg"}],"author":"Lo viste en Los Pol\u00edticos","twitter_card":"summary_large_image","twitter_creator":"@LosPoliticosVer","twitter_site":"@LosPoliticosVer","twitter_misc":{"Escrito por":"Lo viste en Los Pol\u00edticos","Tiempo de lectura":"1 minuto"},"schema":{"@context":"https:\/\/schema.org","@graph":[{"@type":"Article","@id":"https:\/\/lospoliticosveracruz.com\/?p=170258#article","isPartOf":{"@id":"https:\/\/lospoliticosveracruz.com\/?p=170258"},"author":{"name":"Lo viste en Los Pol\u00edticos","@id":"https:\/\/lospoliticosveracruz.com\/#\/schema\/person\/b8702bb0e538456e6efd07080bf2a4a2"},"headline":"LOS SABUESOS TRAS ROCHA","datePublished":"2026-04-30T15:57:32+00:00","dateModified":"2026-04-30T15:57:34+00:00","mainEntityOfPage":{"@id":"https:\/\/lospoliticosveracruz.com\/?p=170258"},"wordCount":89,"publisher":{"@id":"https:\/\/lospoliticosveracruz.com\/#organization"},"image":{"@id":"https:\/\/lospoliticosveracruz.com\/?p=170258#primaryimage"},"thumbnailUrl":"https:\/\/lospoliticosveracruz.com\/wp-content\/uploads\/2025\/04\/Levet-e1773931000156.jpg","keywords":["Cuarta Transformaci\u00f3n","extradici\u00f3n Rub\u00e9n Rocha Moya","Jay Clayton","narcopol\u00edtica M\u00e9xico","Rub\u00e9n Rocha Moya","Sergio Gonz\u00e1lez Levet","Sin tacto"],"articleSection":["De Opini\u00f3n"],"inLanguage":"es"},{"@type":"WebPage","@id":"https:\/\/lospoliticosveracruz.com\/?p=170258","url":"https:\/\/lospoliticosveracruz.com\/?p=170258","name":"LOS SABUESOS TRAS ROCHA - Los pol\u00edticos Veracruz","isPartOf":{"@id":"https:\/\/lospoliticosveracruz.com\/#website"},"primaryImageOfPage":{"@id":"https:\/\/lospoliticosveracruz.com\/?p=170258#primaryimage"},"image":{"@id":"https:\/\/lospoliticosveracruz.com\/?p=170258#primaryimage"},"thumbnailUrl":"https:\/\/lospoliticosveracruz.com\/wp-content\/uploads\/2025\/04\/Levet-e1773931000156.jpg","datePublished":"2026-04-30T15:57:32+00:00","dateModified":"2026-04-30T15:57:34+00:00","breadcrumb":{"@id":"https:\/\/lospoliticosveracruz.com\/?p=170258#breadcrumb"},"inLanguage":"es","potentialAction":[{"@type":"ReadAction","target":["https:\/\/lospoliticosveracruz.com\/?p=170258"]}]},{"@type":"ImageObject","inLanguage":"es","@id":"https:\/\/lospoliticosveracruz.com\/?p=170258#primaryimage","url":"https:\/\/lospoliticosveracruz.com\/wp-content\/uploads\/2025\/04\/Levet-e1773931000156.jpg","contentUrl":"https:\/\/lospoliticosveracruz.com\/wp-content\/uploads\/2025\/04\/Levet-e1773931000156.jpg","width":600,"height":320},{"@type":"BreadcrumbList","@id":"https:\/\/lospoliticosveracruz.com\/?p=170258#breadcrumb","itemListElement":[{"@type":"ListItem","position":1,"name":"Portada","item":"https:\/\/lospoliticosveracruz.com\/"},{"@type":"ListItem","position":2,"name":"LOS SABUESOS TRAS ROCHA"}]},{"@type":"WebSite","@id":"https:\/\/lospoliticosveracruz.com\/#website","url":"https:\/\/lospoliticosveracruz.com\/","name":"Los pol\u00edticos Veracruz","description":"","publisher":{"@id":"https:\/\/lospoliticosveracruz.com\/#organization"},"potentialAction":[{"@type":"SearchAction","target":{"@type":"EntryPoint","urlTemplate":"https:\/\/lospoliticosveracruz.com\/?s={search_term_string}"},"query-input":{"@type":"PropertyValueSpecification","valueRequired":true,"valueName":"search_term_string"}}],"inLanguage":"es"},{"@type":"Organization","@id":"https:\/\/lospoliticosveracruz.com\/#organization","name":"Los pol\u00edticos Veracruz","url":"https:\/\/lospoliticosveracruz.com\/","logo":{"@type":"ImageObject","inLanguage":"es","@id":"https:\/\/lospoliticosveracruz.com\/#\/schema\/logo\/image\/","url":"https:\/\/lospoliticosveracruz.com\/wp-content\/uploads\/2025\/12\/Logo-Nuevo-LOS-POLITICOS-1.jpg","contentUrl":"https:\/\/lospoliticosveracruz.com\/wp-content\/uploads\/2025\/12\/Logo-Nuevo-LOS-POLITICOS-1.jpg","width":260,"height":70,"caption":"Los pol\u00edticos Veracruz"},"image":{"@id":"https:\/\/lospoliticosveracruz.com\/#\/schema\/logo\/image\/"},"sameAs":["https:\/\/www.facebook.com\/people\/Notimemes-de-los-Polticos\/61565672886568\/","https:\/\/x.com\/LosPoliticosVer"]},{"@type":"Person","@id":"https:\/\/lospoliticosveracruz.com\/#\/schema\/person\/b8702bb0e538456e6efd07080bf2a4a2","name":"Lo viste en Los Pol\u00edticos","image":{"@type":"ImageObject","inLanguage":"es","@id":"https:\/\/secure.gravatar.com\/avatar\/3a8de04a2656d44082be478bd6c086daa447c4651605818287b9532d3d0bd435?s=96&d=mm&r=g","url":"https:\/\/secure.gravatar.com\/avatar\/3a8de04a2656d44082be478bd6c086daa447c4651605818287b9532d3d0bd435?s=96&d=mm&r=g","contentUrl":"https:\/\/secure.gravatar.com\/avatar\/3a8de04a2656d44082be478bd6c086daa447c4651605818287b9532d3d0bd435?s=96&d=mm&r=g","caption":"Lo viste en Los Pol\u00edticos"},"url":"https:\/\/lospoliticosveracruz.com\/?author=2"}]}},"_links":{"self":[{"href":"https:\/\/lospoliticosveracruz.com\/index.php?rest_route=\/wp\/v2\/posts\/170258","targetHints":{"allow":["GET"]}}],"collection":[{"href":"https:\/\/lospoliticosveracruz.com\/index.php?rest_route=\/wp\/v2\/posts"}],"about":[{"href":"https:\/\/lospoliticosveracruz.com\/index.php?rest_route=\/wp\/v2\/types\/post"}],"author":[{"embeddable":true,"href":"https:\/\/lospoliticosveracruz.com\/index.php?rest_route=\/wp\/v2\/users\/2"}],"replies":[{"embeddable":true,"href":"https:\/\/lospoliticosveracruz.com\/index.php?rest_route=%2Fwp%2Fv2%2Fcomments&post=170258"}],"version-history":[{"count":1,"href":"https:\/\/lospoliticosveracruz.com\/index.php?rest_route=\/wp\/v2\/posts\/170258\/revisions"}],"predecessor-version":[{"id":170259,"href":"https:\/\/lospoliticosveracruz.com\/index.php?rest_route=\/wp\/v2\/posts\/170258\/revisions\/170259"}],"wp:featuredmedia":[{"embeddable":true,"href":"https:\/\/lospoliticosveracruz.com\/index.php?rest_route=\/wp\/v2\/media\/141432"}],"wp:attachment":[{"href":"https:\/\/lospoliticosveracruz.com\/index.php?rest_route=%2Fwp%2Fv2%2Fmedia&parent=170258"}],"wp:term":[{"taxonomy":"category","embeddable":true,"href":"https:\/\/lospoliticosveracruz.com\/index.php?rest_route=%2Fwp%2Fv2%2Fcategories&post=170258"},{"taxonomy":"post_tag","embeddable":true,"href":"https:\/\/lospoliticosveracruz.com\/index.php?rest_route=%2Fwp%2Fv2%2Ftags&post=170258"}],"curies":[{"name":"wp","href":"https:\/\/api.w.org\/{rel}","templated":true}]}}