{"id":170260,"date":"2026-04-30T09:59:10","date_gmt":"2026-04-30T15:59:10","guid":{"rendered":"https:\/\/lospoliticosveracruz.com\/?p=170260"},"modified":"2026-04-30T09:59:11","modified_gmt":"2026-04-30T15:59:11","slug":"confunde-atanasio-los-tiempos-politicos","status":"publish","type":"post","link":"https:\/\/lospoliticosveracruz.com\/?p=170260","title":{"rendered":"CONFUNDE ATANASIO LOS TIEMPOS POL\u00cdTICOS"},"content":{"rendered":"\n<p><strong>Alejandra Herrera<br><\/strong><em>Resulta y Resalta<\/em><\/p>\n\n\n\n<p>RESULTA que ya sali\u00f3 el peine del por qu\u00e9 de las declaraciones del pap\u00e1 del ex gobernador Cuitl\u00e1huac Garc\u00eda en contra de la gobernadora de Veracruz, Roc\u00edo Nahle. Cuentan que en los pasillos de Palacio de Gobierno se le ha visto recurrentemente al se\u00f1or Atanasio Garc\u00eda Dur\u00e1n pidiendo audiencia, pero como hasta ahora no ha sido recibido, decidi\u00f3 arremeter en contra de la mandataria estatal, provocando que su propio hijo se deslindara de \u00e9l.<\/p>\n\n\n\n<p>Y no es para menos, que Cuitl\u00e1huac Garc\u00eda haya salido en sus redes sociales a asegurar que \u00e9l ha sido \u201cextremadamente respetuoso del actual gobierno en Veracruz\u201d, cuando recientemente el \u00d3rgano de Fiscalizaci\u00f3n Superior del Estado, inform\u00f3 que se presentaron dos denuncias penales contra la pasada administraci\u00f3n por presunto da\u00f1o patrimonial.<\/p>\n\n\n\n<p>De acuerdo con el ORFIS, durante el gobierno de Garc\u00eda Jim\u00e9nez se presentaron m\u00e1s de 300 denuncias por supuesto da\u00f1o patrimonial que supera los 35 mil millones de pesos. Tan s\u00f3lo en la revisi\u00f3n de la cuenta p\u00fablica 2024, el \u00faltimo a\u00f1o de su gesti\u00f3n, hay un presunto da\u00f1o por 241 millones de pesos por anomal\u00edas en las obras de remodelaci\u00f3n del estadio Luis \u201cPirata\u201d Fuente, el Nido del Halc\u00f3n en Xalapa y el Aquarium del Puerto de Veracruz.<\/p>\n\n\n\n<p>Pero volviendo a las declaraciones de su padre, tal pareciera que don Atanasio se emberrinch\u00f3 por falta de atenci\u00f3n, seguramente para sus propios intereses. Err\u00f3neamente crey\u00f3 que al ser su hijo un ex gobernador tendr\u00eda las puertas de Palacio abiertas de par en par en el momento que \u00e9l quisiera, lo cual no fue as\u00ed.<\/p>\n\n\n\n<p>La gobernadora Roc\u00edo Nahle ha andado con mucho trabajo, como para abrirle un espacio en su apretada agenda al acad\u00e9mico, quien definitivamente se qued\u00f3 viviendo en el pasado, pero esos tiempos ya se fueron.<\/p>\n\n\n\n<p>RESALTA que mientras el pap\u00e1 del ex gobernador declaraba que Roc\u00edo Nahle no conoce Veracruz, ella estaba inaugurando la reconstrucci\u00f3n del tramo carretero Santiago Tuxtla \u2013 entronque con la carretera federal 145 D, lo que permitir\u00e1 una mejor conexi\u00f3n entre los municipios de Isla y Santiago Tuxtla.<\/p>\n\n\n\n<p>Y mientras ayer el tema segu\u00eda generando pol\u00e9mica, la gobernadora encabezaba una extensa gira de trabajo en la zona norte, donde inaugur\u00f3 el tramo carretero Papantla \u2013 Espinal de m\u00e1s de 26 kil\u00f3metros de longitud, obra estrat\u00e9gica para la sierra del Totonacapan, as\u00ed como tambi\u00e9n supervis\u00f3 el cuartel de la Guardia Nacional en Coyutla.<\/p>\n\n\n\n<p>Garc\u00eda Dur\u00e1n, dijo que a la gobernadora tambi\u00e9n le falta visi\u00f3n, lo cierto es que en la pasada administraci\u00f3n no se logr\u00f3 promover a Veracruz como ahora se est\u00e1 haciendo, como por ejemplo en el Tianguis Tur\u00edstico de Acapulco, la renovaci\u00f3n de las unidades de transporte en las principales ciudades, como la zona conurbada Veracruz \u2013 Boca del R\u00edo, y ahora en Poza Rica con el transporte Huasteco.<\/p>\n\n\n\n<p>Tampoco se tuvieron en el pasado avances en materia de bienestar social, desarrollo econ\u00f3mico, infraestructura y principalmente obras. No se vio ninguna importante en el estado, salvo las que est\u00e1n observadas por millones de pesos de presunto da\u00f1o patrimonial como arriba se coment\u00f3.<\/p>\n\n\n\n<p>Parece que tener visi\u00f3n y conocer Veracruz va m\u00e1s all\u00e1, principalmente consiste en tener el control del estado y ejercer la autoridad que conlleva estar frente a una entidad tan compleja como es la veracruzana, no dejando el destino de los ciudadanos en manos de terceros, como se hizo en el pasado.<\/p>\n","protected":false},"excerpt":{"rendered":"<p>Alejandra HerreraResulta y Resalta RESULTA que ya sali\u00f3 el peine del por qu\u00e9 de las declaraciones del pap\u00e1 del ex gobernador Cuitl\u00e1huac Garc\u00eda en contra de la gobernadora de Veracruz, Roc\u00edo Nahle. Cuentan que en los pasillos de Palacio de Gobierno se le ha visto recurrentemente al se\u00f1or Atanasio Garc\u00eda Dur\u00e1n pidiendo audiencia, pero como [&hellip;]<\/p>\n","protected":false},"author":2,"featured_media":169900,"comment_status":"closed","ping_status":"closed","sticky":false,"template":"","format":"standard","meta":{"tdm_status":"","tdm_grid_status":"","footnotes":""},"categories":[70],"tags":[62514,62679,1563,46399,29832,35813,3578],"class_list":{"0":"post-170260","1":"post","2":"type-post","3":"status-publish","4":"format-standard","5":"has-post-thumbnail","7":"category-de-opinion","8":"tag-alejandra-herrera","9":"tag-atanasio-garcia-duran","10":"tag-cuitlahuac-garcia-jimenez","11":"tag-dano-patrimonial-veracruz","12":"tag-estadio-luis-pirata-fuente-2","13":"tag-orfis-veracruz","14":"tag-rocio-nahle"},"yoast_head":"<!-- This site is optimized with the Yoast SEO plugin v27.4 - https:\/\/yoast.com\/product\/yoast-seo-wordpress\/ -->\n<title>CONFUNDE ATANASIO LOS TIEMPOS POL\u00cdTICOS - Los pol\u00edticos Veracruz<\/title>\n<meta name=\"robots\" content=\"index, follow, max-snippet:-1, max-image-preview:large, max-video-preview:-1\" \/>\n<link rel=\"canonical\" href=\"https:\/\/lospoliticosveracruz.com\/?p=170260\" \/>\n<meta property=\"og:locale\" content=\"es_ES\" \/>\n<meta property=\"og:type\" content=\"article\" \/>\n<meta property=\"og:title\" content=\"CONFUNDE ATANASIO LOS TIEMPOS POL\u00cdTICOS - Los pol\u00edticos Veracruz\" \/>\n<meta property=\"og:description\" content=\"Alejandra HerreraResulta y Resalta RESULTA que ya sali\u00f3 el peine del por qu\u00e9 de las declaraciones del pap\u00e1 del ex gobernador Cuitl\u00e1huac Garc\u00eda en contra de la gobernadora de Veracruz, Roc\u00edo Nahle. Cuentan que en los pasillos de Palacio de Gobierno se le ha visto recurrentemente al se\u00f1or Atanasio Garc\u00eda Dur\u00e1n pidiendo audiencia, pero como [&hellip;]\" \/>\n<meta property=\"og:url\" content=\"https:\/\/lospoliticosveracruz.com\/?p=170260\" \/>\n<meta property=\"og:site_name\" content=\"Los pol\u00edticos Veracruz\" \/>\n<meta property=\"article:publisher\" content=\"https:\/\/www.facebook.com\/people\/Notimemes-de-los-Polticos\/61565672886568\/\" \/>\n<meta property=\"article:published_time\" content=\"2026-04-30T15:59:10+00:00\" \/>\n<meta property=\"article:modified_time\" content=\"2026-04-30T15:59:11+00:00\" \/>\n<meta property=\"og:image\" content=\"https:\/\/lospoliticosveracruz.com\/wp-content\/uploads\/2026\/04\/Alejandra-Herrera.jpg\" \/>\n\t<meta property=\"og:image:width\" content=\"1250\" \/>\n\t<meta property=\"og:image:height\" content=\"667\" \/>\n\t<meta property=\"og:image:type\" content=\"image\/jpeg\" \/>\n<meta name=\"author\" content=\"Lo viste en Los Pol\u00edticos\" \/>\n<meta name=\"twitter:card\" content=\"summary_large_image\" \/>\n<meta name=\"twitter:creator\" content=\"@LosPoliticosVer\" \/>\n<meta name=\"twitter:site\" content=\"@LosPoliticosVer\" \/>\n<meta name=\"twitter:label1\" content=\"Escrito por\" \/>\n\t<meta name=\"twitter:data1\" content=\"Lo viste en Los Pol\u00edticos\" \/>\n\t<meta name=\"twitter:label2\" content=\"Tiempo de lectura\" \/>\n\t<meta name=\"twitter:data2\" content=\"3 minutos\" \/>\n<script type=\"application\/ld+json\" class=\"yoast-schema-graph\">{\"@context\":\"https:\\\/\\\/schema.org\",\"@graph\":[{\"@type\":\"Article\",\"@id\":\"https:\\\/\\\/lospoliticosveracruz.com\\\/?p=170260#article\",\"isPartOf\":{\"@id\":\"https:\\\/\\\/lospoliticosveracruz.com\\\/?p=170260\"},\"author\":{\"name\":\"Lo viste en Los Pol\u00edticos\",\"@id\":\"https:\\\/\\\/lospoliticosveracruz.com\\\/#\\\/schema\\\/person\\\/b8702bb0e538456e6efd07080bf2a4a2\"},\"headline\":\"CONFUNDE ATANASIO LOS TIEMPOS POL\u00cdTICOS\",\"datePublished\":\"2026-04-30T15:59:10+00:00\",\"dateModified\":\"2026-04-30T15:59:11+00:00\",\"mainEntityOfPage\":{\"@id\":\"https:\\\/\\\/lospoliticosveracruz.com\\\/?p=170260\"},\"wordCount\":610,\"publisher\":{\"@id\":\"https:\\\/\\\/lospoliticosveracruz.com\\\/#organization\"},\"image\":{\"@id\":\"https:\\\/\\\/lospoliticosveracruz.com\\\/?p=170260#primaryimage\"},\"thumbnailUrl\":\"https:\\\/\\\/lospoliticosveracruz.com\\\/wp-content\\\/uploads\\\/2026\\\/04\\\/Alejandra-Herrera.jpg\",\"keywords\":[\"Alejandra Herrera\",\"Atanasio Garc\u00eda Dur\u00e1n\",\"Cuitl\u00e1huac Garc\u00eda Jim\u00e9nez\",\"da\u00f1o patrimonial Veracruz\",\"Estadio Luis Pirata Fuente\",\"ORFIS Veracruz\",\"Roc\u00edo Nahle\"],\"articleSection\":[\"De Opini\u00f3n\"],\"inLanguage\":\"es\"},{\"@type\":\"WebPage\",\"@id\":\"https:\\\/\\\/lospoliticosveracruz.com\\\/?p=170260\",\"url\":\"https:\\\/\\\/lospoliticosveracruz.com\\\/?p=170260\",\"name\":\"CONFUNDE ATANASIO LOS TIEMPOS POL\u00cdTICOS - Los pol\u00edticos Veracruz\",\"isPartOf\":{\"@id\":\"https:\\\/\\\/lospoliticosveracruz.com\\\/#website\"},\"primaryImageOfPage\":{\"@id\":\"https:\\\/\\\/lospoliticosveracruz.com\\\/?p=170260#primaryimage\"},\"image\":{\"@id\":\"https:\\\/\\\/lospoliticosveracruz.com\\\/?p=170260#primaryimage\"},\"thumbnailUrl\":\"https:\\\/\\\/lospoliticosveracruz.com\\\/wp-content\\\/uploads\\\/2026\\\/04\\\/Alejandra-Herrera.jpg\",\"datePublished\":\"2026-04-30T15:59:10+00:00\",\"dateModified\":\"2026-04-30T15:59:11+00:00\",\"breadcrumb\":{\"@id\":\"https:\\\/\\\/lospoliticosveracruz.com\\\/?p=170260#breadcrumb\"},\"inLanguage\":\"es\",\"potentialAction\":[{\"@type\":\"ReadAction\",\"target\":[\"https:\\\/\\\/lospoliticosveracruz.com\\\/?p=170260\"]}]},{\"@type\":\"ImageObject\",\"inLanguage\":\"es\",\"@id\":\"https:\\\/\\\/lospoliticosveracruz.com\\\/?p=170260#primaryimage\",\"url\":\"https:\\\/\\\/lospoliticosveracruz.com\\\/wp-content\\\/uploads\\\/2026\\\/04\\\/Alejandra-Herrera.jpg\",\"contentUrl\":\"https:\\\/\\\/lospoliticosveracruz.com\\\/wp-content\\\/uploads\\\/2026\\\/04\\\/Alejandra-Herrera.jpg\",\"width\":1250,\"height\":667},{\"@type\":\"BreadcrumbList\",\"@id\":\"https:\\\/\\\/lospoliticosveracruz.com\\\/?p=170260#breadcrumb\",\"itemListElement\":[{\"@type\":\"ListItem\",\"position\":1,\"name\":\"Portada\",\"item\":\"https:\\\/\\\/lospoliticosveracruz.com\\\/\"},{\"@type\":\"ListItem\",\"position\":2,\"name\":\"CONFUNDE ATANASIO LOS TIEMPOS POL\u00cdTICOS\"}]},{\"@type\":\"WebSite\",\"@id\":\"https:\\\/\\\/lospoliticosveracruz.com\\\/#website\",\"url\":\"https:\\\/\\\/lospoliticosveracruz.com\\\/\",\"name\":\"Los pol\u00edticos Veracruz\",\"description\":\"\",\"publisher\":{\"@id\":\"https:\\\/\\\/lospoliticosveracruz.com\\\/#organization\"},\"potentialAction\":[{\"@type\":\"SearchAction\",\"target\":{\"@type\":\"EntryPoint\",\"urlTemplate\":\"https:\\\/\\\/lospoliticosveracruz.com\\\/?s={search_term_string}\"},\"query-input\":{\"@type\":\"PropertyValueSpecification\",\"valueRequired\":true,\"valueName\":\"search_term_string\"}}],\"inLanguage\":\"es\"},{\"@type\":\"Organization\",\"@id\":\"https:\\\/\\\/lospoliticosveracruz.com\\\/#organization\",\"name\":\"Los pol\u00edticos Veracruz\",\"url\":\"https:\\\/\\\/lospoliticosveracruz.com\\\/\",\"logo\":{\"@type\":\"ImageObject\",\"inLanguage\":\"es\",\"@id\":\"https:\\\/\\\/lospoliticosveracruz.com\\\/#\\\/schema\\\/logo\\\/image\\\/\",\"url\":\"https:\\\/\\\/lospoliticosveracruz.com\\\/wp-content\\\/uploads\\\/2025\\\/12\\\/Logo-Nuevo-LOS-POLITICOS-1.jpg\",\"contentUrl\":\"https:\\\/\\\/lospoliticosveracruz.com\\\/wp-content\\\/uploads\\\/2025\\\/12\\\/Logo-Nuevo-LOS-POLITICOS-1.jpg\",\"width\":260,\"height\":70,\"caption\":\"Los pol\u00edticos Veracruz\"},\"image\":{\"@id\":\"https:\\\/\\\/lospoliticosveracruz.com\\\/#\\\/schema\\\/logo\\\/image\\\/\"},\"sameAs\":[\"https:\\\/\\\/www.facebook.com\\\/people\\\/Notimemes-de-los-Polticos\\\/61565672886568\\\/\",\"https:\\\/\\\/x.com\\\/LosPoliticosVer\"]},{\"@type\":\"Person\",\"@id\":\"https:\\\/\\\/lospoliticosveracruz.com\\\/#\\\/schema\\\/person\\\/b8702bb0e538456e6efd07080bf2a4a2\",\"name\":\"Lo viste en Los Pol\u00edticos\",\"image\":{\"@type\":\"ImageObject\",\"inLanguage\":\"es\",\"@id\":\"https:\\\/\\\/secure.gravatar.com\\\/avatar\\\/3a8de04a2656d44082be478bd6c086daa447c4651605818287b9532d3d0bd435?s=96&d=mm&r=g\",\"url\":\"https:\\\/\\\/secure.gravatar.com\\\/avatar\\\/3a8de04a2656d44082be478bd6c086daa447c4651605818287b9532d3d0bd435?s=96&d=mm&r=g\",\"contentUrl\":\"https:\\\/\\\/secure.gravatar.com\\\/avatar\\\/3a8de04a2656d44082be478bd6c086daa447c4651605818287b9532d3d0bd435?s=96&d=mm&r=g\",\"caption\":\"Lo viste en Los Pol\u00edticos\"},\"url\":\"https:\\\/\\\/lospoliticosveracruz.com\\\/?author=2\"}]}<\/script>\n<!-- \/ Yoast SEO plugin. -->","yoast_head_json":{"title":"CONFUNDE ATANASIO LOS TIEMPOS POL\u00cdTICOS - Los pol\u00edticos Veracruz","robots":{"index":"index","follow":"follow","max-snippet":"max-snippet:-1","max-image-preview":"max-image-preview:large","max-video-preview":"max-video-preview:-1"},"canonical":"https:\/\/lospoliticosveracruz.com\/?p=170260","og_locale":"es_ES","og_type":"article","og_title":"CONFUNDE ATANASIO LOS TIEMPOS POL\u00cdTICOS - Los pol\u00edticos Veracruz","og_description":"Alejandra HerreraResulta y Resalta RESULTA que ya sali\u00f3 el peine del por qu\u00e9 de las declaraciones del pap\u00e1 del ex gobernador Cuitl\u00e1huac Garc\u00eda en contra de la gobernadora de Veracruz, Roc\u00edo Nahle. Cuentan que en los pasillos de Palacio de Gobierno se le ha visto recurrentemente al se\u00f1or Atanasio Garc\u00eda Dur\u00e1n pidiendo audiencia, pero como [&hellip;]","og_url":"https:\/\/lospoliticosveracruz.com\/?p=170260","og_site_name":"Los pol\u00edticos Veracruz","article_publisher":"https:\/\/www.facebook.com\/people\/Notimemes-de-los-Polticos\/61565672886568\/","article_published_time":"2026-04-30T15:59:10+00:00","article_modified_time":"2026-04-30T15:59:11+00:00","og_image":[{"width":1250,"height":667,"url":"https:\/\/lospoliticosveracruz.com\/wp-content\/uploads\/2026\/04\/Alejandra-Herrera.jpg","type":"image\/jpeg"}],"author":"Lo viste en Los Pol\u00edticos","twitter_card":"summary_large_image","twitter_creator":"@LosPoliticosVer","twitter_site":"@LosPoliticosVer","twitter_misc":{"Escrito por":"Lo viste en Los Pol\u00edticos","Tiempo de lectura":"3 minutos"},"schema":{"@context":"https:\/\/schema.org","@graph":[{"@type":"Article","@id":"https:\/\/lospoliticosveracruz.com\/?p=170260#article","isPartOf":{"@id":"https:\/\/lospoliticosveracruz.com\/?p=170260"},"author":{"name":"Lo viste en Los Pol\u00edticos","@id":"https:\/\/lospoliticosveracruz.com\/#\/schema\/person\/b8702bb0e538456e6efd07080bf2a4a2"},"headline":"CONFUNDE ATANASIO LOS TIEMPOS POL\u00cdTICOS","datePublished":"2026-04-30T15:59:10+00:00","dateModified":"2026-04-30T15:59:11+00:00","mainEntityOfPage":{"@id":"https:\/\/lospoliticosveracruz.com\/?p=170260"},"wordCount":610,"publisher":{"@id":"https:\/\/lospoliticosveracruz.com\/#organization"},"image":{"@id":"https:\/\/lospoliticosveracruz.com\/?p=170260#primaryimage"},"thumbnailUrl":"https:\/\/lospoliticosveracruz.com\/wp-content\/uploads\/2026\/04\/Alejandra-Herrera.jpg","keywords":["Alejandra Herrera","Atanasio Garc\u00eda Dur\u00e1n","Cuitl\u00e1huac Garc\u00eda Jim\u00e9nez","da\u00f1o patrimonial Veracruz","Estadio Luis Pirata Fuente","ORFIS Veracruz","Roc\u00edo Nahle"],"articleSection":["De Opini\u00f3n"],"inLanguage":"es"},{"@type":"WebPage","@id":"https:\/\/lospoliticosveracruz.com\/?p=170260","url":"https:\/\/lospoliticosveracruz.com\/?p=170260","name":"CONFUNDE ATANASIO LOS TIEMPOS POL\u00cdTICOS - Los pol\u00edticos Veracruz","isPartOf":{"@id":"https:\/\/lospoliticosveracruz.com\/#website"},"primaryImageOfPage":{"@id":"https:\/\/lospoliticosveracruz.com\/?p=170260#primaryimage"},"image":{"@id":"https:\/\/lospoliticosveracruz.com\/?p=170260#primaryimage"},"thumbnailUrl":"https:\/\/lospoliticosveracruz.com\/wp-content\/uploads\/2026\/04\/Alejandra-Herrera.jpg","datePublished":"2026-04-30T15:59:10+00:00","dateModified":"2026-04-30T15:59:11+00:00","breadcrumb":{"@id":"https:\/\/lospoliticosveracruz.com\/?p=170260#breadcrumb"},"inLanguage":"es","potentialAction":[{"@type":"ReadAction","target":["https:\/\/lospoliticosveracruz.com\/?p=170260"]}]},{"@type":"ImageObject","inLanguage":"es","@id":"https:\/\/lospoliticosveracruz.com\/?p=170260#primaryimage","url":"https:\/\/lospoliticosveracruz.com\/wp-content\/uploads\/2026\/04\/Alejandra-Herrera.jpg","contentUrl":"https:\/\/lospoliticosveracruz.com\/wp-content\/uploads\/2026\/04\/Alejandra-Herrera.jpg","width":1250,"height":667},{"@type":"BreadcrumbList","@id":"https:\/\/lospoliticosveracruz.com\/?p=170260#breadcrumb","itemListElement":[{"@type":"ListItem","position":1,"name":"Portada","item":"https:\/\/lospoliticosveracruz.com\/"},{"@type":"ListItem","position":2,"name":"CONFUNDE ATANASIO LOS TIEMPOS POL\u00cdTICOS"}]},{"@type":"WebSite","@id":"https:\/\/lospoliticosveracruz.com\/#website","url":"https:\/\/lospoliticosveracruz.com\/","name":"Los pol\u00edticos Veracruz","description":"","publisher":{"@id":"https:\/\/lospoliticosveracruz.com\/#organization"},"potentialAction":[{"@type":"SearchAction","target":{"@type":"EntryPoint","urlTemplate":"https:\/\/lospoliticosveracruz.com\/?s={search_term_string}"},"query-input":{"@type":"PropertyValueSpecification","valueRequired":true,"valueName":"search_term_string"}}],"inLanguage":"es"},{"@type":"Organization","@id":"https:\/\/lospoliticosveracruz.com\/#organization","name":"Los pol\u00edticos Veracruz","url":"https:\/\/lospoliticosveracruz.com\/","logo":{"@type":"ImageObject","inLanguage":"es","@id":"https:\/\/lospoliticosveracruz.com\/#\/schema\/logo\/image\/","url":"https:\/\/lospoliticosveracruz.com\/wp-content\/uploads\/2025\/12\/Logo-Nuevo-LOS-POLITICOS-1.jpg","contentUrl":"https:\/\/lospoliticosveracruz.com\/wp-content\/uploads\/2025\/12\/Logo-Nuevo-LOS-POLITICOS-1.jpg","width":260,"height":70,"caption":"Los pol\u00edticos Veracruz"},"image":{"@id":"https:\/\/lospoliticosveracruz.com\/#\/schema\/logo\/image\/"},"sameAs":["https:\/\/www.facebook.com\/people\/Notimemes-de-los-Polticos\/61565672886568\/","https:\/\/x.com\/LosPoliticosVer"]},{"@type":"Person","@id":"https:\/\/lospoliticosveracruz.com\/#\/schema\/person\/b8702bb0e538456e6efd07080bf2a4a2","name":"Lo viste en Los Pol\u00edticos","image":{"@type":"ImageObject","inLanguage":"es","@id":"https:\/\/secure.gravatar.com\/avatar\/3a8de04a2656d44082be478bd6c086daa447c4651605818287b9532d3d0bd435?s=96&d=mm&r=g","url":"https:\/\/secure.gravatar.com\/avatar\/3a8de04a2656d44082be478bd6c086daa447c4651605818287b9532d3d0bd435?s=96&d=mm&r=g","contentUrl":"https:\/\/secure.gravatar.com\/avatar\/3a8de04a2656d44082be478bd6c086daa447c4651605818287b9532d3d0bd435?s=96&d=mm&r=g","caption":"Lo viste en Los Pol\u00edticos"},"url":"https:\/\/lospoliticosveracruz.com\/?author=2"}]}},"_links":{"self":[{"href":"https:\/\/lospoliticosveracruz.com\/index.php?rest_route=\/wp\/v2\/posts\/170260","targetHints":{"allow":["GET"]}}],"collection":[{"href":"https:\/\/lospoliticosveracruz.com\/index.php?rest_route=\/wp\/v2\/posts"}],"about":[{"href":"https:\/\/lospoliticosveracruz.com\/index.php?rest_route=\/wp\/v2\/types\/post"}],"author":[{"embeddable":true,"href":"https:\/\/lospoliticosveracruz.com\/index.php?rest_route=\/wp\/v2\/users\/2"}],"replies":[{"embeddable":true,"href":"https:\/\/lospoliticosveracruz.com\/index.php?rest_route=%2Fwp%2Fv2%2Fcomments&post=170260"}],"version-history":[{"count":1,"href":"https:\/\/lospoliticosveracruz.com\/index.php?rest_route=\/wp\/v2\/posts\/170260\/revisions"}],"predecessor-version":[{"id":170261,"href":"https:\/\/lospoliticosveracruz.com\/index.php?rest_route=\/wp\/v2\/posts\/170260\/revisions\/170261"}],"wp:featuredmedia":[{"embeddable":true,"href":"https:\/\/lospoliticosveracruz.com\/index.php?rest_route=\/wp\/v2\/media\/169900"}],"wp:attachment":[{"href":"https:\/\/lospoliticosveracruz.com\/index.php?rest_route=%2Fwp%2Fv2%2Fmedia&parent=170260"}],"wp:term":[{"taxonomy":"category","embeddable":true,"href":"https:\/\/lospoliticosveracruz.com\/index.php?rest_route=%2Fwp%2Fv2%2Fcategories&post=170260"},{"taxonomy":"post_tag","embeddable":true,"href":"https:\/\/lospoliticosveracruz.com\/index.php?rest_route=%2Fwp%2Fv2%2Ftags&post=170260"}],"curies":[{"name":"wp","href":"https:\/\/api.w.org\/{rel}","templated":true}]}}