{"id":170265,"date":"2026-04-30T10:34:28","date_gmt":"2026-04-30T16:34:28","guid":{"rendered":"https:\/\/lospoliticosveracruz.com\/?p=170265"},"modified":"2026-04-30T10:34:29","modified_gmt":"2026-04-30T16:34:29","slug":"atanasio-irrumpe-cuitlahuac-evade-y-nahle","status":"publish","type":"post","link":"https:\/\/lospoliticosveracruz.com\/?p=170265","title":{"rendered":"ATANASIO IRRUMPE; CUITL\u00c1HUAC EVADE Y NAHLE\u2026"},"content":{"rendered":"\n<p><strong>Alejandro Aguirre Guerrero<br><\/strong><em>Al Respecto<\/em><\/p>\n\n\n\n<p><\/p>\n\n\n\n<p>Hay momentos en pol\u00edtica que revelan m\u00e1s de lo que aparentan.<\/p>\n\n\n\n<p>El se\u00f1alamiento de Atanasio Garc\u00eda Dur\u00e1n contra la gobernadora Roc\u00edo Nahle Garc\u00eda fue uno de esos momentos. No por su contenido, sino por el contexto en el que ocurre.<\/p>\n\n\n\n<p>Porque no se trata de una cr\u00edtica aislada.<br>Se trata de una declaraci\u00f3n que surge desde un entorno pol\u00edtico con antecedentes complejos, marcados por se\u00f1alamientos persistentes sobre el manejo de recursos p\u00fablicos y una administraci\u00f3n que dej\u00f3 m\u00e1s dudas que certezas.<\/p>\n\n\n\n<p>Y eso cambia todo.<\/p>\n\n\n\n<p>En pol\u00edtica, no todos hablan desde el mismo lugar.<\/p>\n\n\n\n<p>Algunos lo hacen desde la legitimidad construida.<br>Otros, desde la carga del pasado.<\/p>\n\n\n\n<p>Por eso, la reacci\u00f3n del sistema pol\u00edtico fue inmediata.<\/p>\n\n\n\n<p>No en forma de confrontaci\u00f3n abierta, sino en forma de delimitaci\u00f3n.<\/p>\n\n\n\n<p>Porque hay una regla no escrita que sigue vigente:<br>las diferencias se procesan, pero los excesos se contienen.<\/p>\n\n\n\n<p>El posicionamiento del exgobernador Cuitl\u00e1huac Garc\u00eda Jim\u00e9nez llega despu\u00e9s. Llama a la unidad, reconoce la legitimidad del gobierno actual y se distancia de la declaraci\u00f3n inicial.<\/p>\n\n\n\n<p>Pero en pol\u00edtica, el orden de los factores s\u00ed altera la lectura.<\/p>\n\n\n\n<p>Cuando una postura llega despu\u00e9s de que el escenario ya cambi\u00f3, deja de ser conducci\u00f3n\u2026<br>y se convierte en correcci\u00f3n.<\/p>\n\n\n\n<p>Y eso es lo que estamos viendo.<\/p>\n\n\n\n<p>Mientras tanto, la gobernadora mantiene el control del momento: sin estridencias, sin confrontaciones p\u00fablicas, pero con claridad en el ejercicio del poder.<\/p>\n\n\n\n<p>Porque aqu\u00ed no se trata de debatir qui\u00e9n tiene la raz\u00f3n.<\/p>\n\n\n\n<p>Se trata de entender que hay l\u00edmites.<\/p>\n\n\n\n<p>Y que cuando esos l\u00edmites se cruzan, el poder no se explica\u2026<\/p>\n\n\n\n<p>Se ejerce.<\/p>\n","protected":false},"excerpt":{"rendered":"<p>Alejandro Aguirre GuerreroAl Respecto Hay momentos en pol\u00edtica que revelan m\u00e1s de lo que aparentan. El se\u00f1alamiento de Atanasio Garc\u00eda Dur\u00e1n contra la gobernadora Roc\u00edo Nahle Garc\u00eda fue uno de esos momentos. No por su contenido, sino por el contexto en el que ocurre. Porque no se trata de una cr\u00edtica aislada.Se trata de una [&hellip;]<\/p>\n","protected":false},"author":2,"featured_media":141373,"comment_status":"closed","ping_status":"closed","sticky":false,"template":"","format":"standard","meta":{"tdm_status":"","tdm_grid_status":"","footnotes":""},"categories":[70],"tags":[47893,62679,62830,1563,2932,25510,4386],"class_list":{"0":"post-170265","1":"post","2":"type-post","3":"status-publish","4":"format-standard","5":"has-post-thumbnail","7":"category-de-opinion","8":"tag-alejandro-aguirre-guerrero","9":"tag-atanasio-garcia-duran","10":"tag-conflicto-morena-veracruz","11":"tag-cuitlahuac-garcia-jimenez","12":"tag-gobierno-de-veracruz","13":"tag-politica-en-veracruz","14":"tag-rocio-nahle-garcia"},"yoast_head":"<!-- This site is optimized with the Yoast SEO plugin v27.4 - https:\/\/yoast.com\/product\/yoast-seo-wordpress\/ -->\n<title>ATANASIO IRRUMPE; CUITL\u00c1HUAC EVADE Y NAHLE\u2026 - Los pol\u00edticos Veracruz<\/title>\n<meta name=\"robots\" content=\"index, follow, max-snippet:-1, max-image-preview:large, max-video-preview:-1\" \/>\n<link rel=\"canonical\" href=\"https:\/\/lospoliticosveracruz.com\/?p=170265\" \/>\n<meta property=\"og:locale\" content=\"es_ES\" \/>\n<meta property=\"og:type\" content=\"article\" \/>\n<meta property=\"og:title\" content=\"ATANASIO IRRUMPE; CUITL\u00c1HUAC EVADE Y NAHLE\u2026 - Los pol\u00edticos Veracruz\" \/>\n<meta property=\"og:description\" content=\"Alejandro Aguirre GuerreroAl Respecto Hay momentos en pol\u00edtica que revelan m\u00e1s de lo que aparentan. El se\u00f1alamiento de Atanasio Garc\u00eda Dur\u00e1n contra la gobernadora Roc\u00edo Nahle Garc\u00eda fue uno de esos momentos. No por su contenido, sino por el contexto en el que ocurre. Porque no se trata de una cr\u00edtica aislada.Se trata de una [&hellip;]\" \/>\n<meta property=\"og:url\" content=\"https:\/\/lospoliticosveracruz.com\/?p=170265\" \/>\n<meta property=\"og:site_name\" content=\"Los pol\u00edticos Veracruz\" \/>\n<meta property=\"article:publisher\" content=\"https:\/\/www.facebook.com\/people\/Notimemes-de-los-Polticos\/61565672886568\/\" \/>\n<meta property=\"article:published_time\" content=\"2026-04-30T16:34:28+00:00\" \/>\n<meta property=\"article:modified_time\" content=\"2026-04-30T16:34:29+00:00\" \/>\n<meta property=\"og:image\" content=\"https:\/\/lospoliticosveracruz.com\/wp-content\/uploads\/2025\/04\/Alejandro-Aguirre-Guerrero.jpg\" \/>\n\t<meta property=\"og:image:width\" content=\"1250\" \/>\n\t<meta property=\"og:image:height\" content=\"667\" \/>\n\t<meta property=\"og:image:type\" content=\"image\/jpeg\" \/>\n<meta name=\"author\" content=\"Lo viste en Los Pol\u00edticos\" \/>\n<meta name=\"twitter:card\" content=\"summary_large_image\" \/>\n<meta name=\"twitter:creator\" content=\"@LosPoliticosVer\" \/>\n<meta name=\"twitter:site\" content=\"@LosPoliticosVer\" \/>\n<meta name=\"twitter:label1\" content=\"Escrito por\" \/>\n\t<meta name=\"twitter:data1\" content=\"Lo viste en Los Pol\u00edticos\" \/>\n\t<meta name=\"twitter:label2\" content=\"Tiempo de lectura\" \/>\n\t<meta name=\"twitter:data2\" content=\"2 minutos\" \/>\n<script type=\"application\/ld+json\" class=\"yoast-schema-graph\">{\"@context\":\"https:\\\/\\\/schema.org\",\"@graph\":[{\"@type\":\"Article\",\"@id\":\"https:\\\/\\\/lospoliticosveracruz.com\\\/?p=170265#article\",\"isPartOf\":{\"@id\":\"https:\\\/\\\/lospoliticosveracruz.com\\\/?p=170265\"},\"author\":{\"name\":\"Lo viste en Los Pol\u00edticos\",\"@id\":\"https:\\\/\\\/lospoliticosveracruz.com\\\/#\\\/schema\\\/person\\\/b8702bb0e538456e6efd07080bf2a4a2\"},\"headline\":\"ATANASIO IRRUMPE; CUITL\u00c1HUAC EVADE Y NAHLE\u2026\",\"datePublished\":\"2026-04-30T16:34:28+00:00\",\"dateModified\":\"2026-04-30T16:34:29+00:00\",\"mainEntityOfPage\":{\"@id\":\"https:\\\/\\\/lospoliticosveracruz.com\\\/?p=170265\"},\"wordCount\":309,\"publisher\":{\"@id\":\"https:\\\/\\\/lospoliticosveracruz.com\\\/#organization\"},\"image\":{\"@id\":\"https:\\\/\\\/lospoliticosveracruz.com\\\/?p=170265#primaryimage\"},\"thumbnailUrl\":\"https:\\\/\\\/lospoliticosveracruz.com\\\/wp-content\\\/uploads\\\/2025\\\/04\\\/Alejandro-Aguirre-Guerrero.jpg\",\"keywords\":[\"Alejandro Aguirre Guerrero\",\"Atanasio Garc\u00eda Dur\u00e1n\",\"conflicto Morena Veracruz\",\"Cuitl\u00e1huac Garc\u00eda Jim\u00e9nez\",\"gobierno de Veracruz\",\"pol\u00edtica en Veracruz\",\"Roc\u00edo Nahle Garc\u00eda\"],\"articleSection\":[\"De Opini\u00f3n\"],\"inLanguage\":\"es\"},{\"@type\":\"WebPage\",\"@id\":\"https:\\\/\\\/lospoliticosveracruz.com\\\/?p=170265\",\"url\":\"https:\\\/\\\/lospoliticosveracruz.com\\\/?p=170265\",\"name\":\"ATANASIO IRRUMPE; CUITL\u00c1HUAC EVADE Y NAHLE\u2026 - Los pol\u00edticos Veracruz\",\"isPartOf\":{\"@id\":\"https:\\\/\\\/lospoliticosveracruz.com\\\/#website\"},\"primaryImageOfPage\":{\"@id\":\"https:\\\/\\\/lospoliticosveracruz.com\\\/?p=170265#primaryimage\"},\"image\":{\"@id\":\"https:\\\/\\\/lospoliticosveracruz.com\\\/?p=170265#primaryimage\"},\"thumbnailUrl\":\"https:\\\/\\\/lospoliticosveracruz.com\\\/wp-content\\\/uploads\\\/2025\\\/04\\\/Alejandro-Aguirre-Guerrero.jpg\",\"datePublished\":\"2026-04-30T16:34:28+00:00\",\"dateModified\":\"2026-04-30T16:34:29+00:00\",\"breadcrumb\":{\"@id\":\"https:\\\/\\\/lospoliticosveracruz.com\\\/?p=170265#breadcrumb\"},\"inLanguage\":\"es\",\"potentialAction\":[{\"@type\":\"ReadAction\",\"target\":[\"https:\\\/\\\/lospoliticosveracruz.com\\\/?p=170265\"]}]},{\"@type\":\"ImageObject\",\"inLanguage\":\"es\",\"@id\":\"https:\\\/\\\/lospoliticosveracruz.com\\\/?p=170265#primaryimage\",\"url\":\"https:\\\/\\\/lospoliticosveracruz.com\\\/wp-content\\\/uploads\\\/2025\\\/04\\\/Alejandro-Aguirre-Guerrero.jpg\",\"contentUrl\":\"https:\\\/\\\/lospoliticosveracruz.com\\\/wp-content\\\/uploads\\\/2025\\\/04\\\/Alejandro-Aguirre-Guerrero.jpg\",\"width\":1250,\"height\":667},{\"@type\":\"BreadcrumbList\",\"@id\":\"https:\\\/\\\/lospoliticosveracruz.com\\\/?p=170265#breadcrumb\",\"itemListElement\":[{\"@type\":\"ListItem\",\"position\":1,\"name\":\"Portada\",\"item\":\"https:\\\/\\\/lospoliticosveracruz.com\\\/\"},{\"@type\":\"ListItem\",\"position\":2,\"name\":\"ATANASIO IRRUMPE; CUITL\u00c1HUAC EVADE Y NAHLE\u2026\"}]},{\"@type\":\"WebSite\",\"@id\":\"https:\\\/\\\/lospoliticosveracruz.com\\\/#website\",\"url\":\"https:\\\/\\\/lospoliticosveracruz.com\\\/\",\"name\":\"Los pol\u00edticos Veracruz\",\"description\":\"\",\"publisher\":{\"@id\":\"https:\\\/\\\/lospoliticosveracruz.com\\\/#organization\"},\"potentialAction\":[{\"@type\":\"SearchAction\",\"target\":{\"@type\":\"EntryPoint\",\"urlTemplate\":\"https:\\\/\\\/lospoliticosveracruz.com\\\/?s={search_term_string}\"},\"query-input\":{\"@type\":\"PropertyValueSpecification\",\"valueRequired\":true,\"valueName\":\"search_term_string\"}}],\"inLanguage\":\"es\"},{\"@type\":\"Organization\",\"@id\":\"https:\\\/\\\/lospoliticosveracruz.com\\\/#organization\",\"name\":\"Los pol\u00edticos Veracruz\",\"url\":\"https:\\\/\\\/lospoliticosveracruz.com\\\/\",\"logo\":{\"@type\":\"ImageObject\",\"inLanguage\":\"es\",\"@id\":\"https:\\\/\\\/lospoliticosveracruz.com\\\/#\\\/schema\\\/logo\\\/image\\\/\",\"url\":\"https:\\\/\\\/lospoliticosveracruz.com\\\/wp-content\\\/uploads\\\/2025\\\/12\\\/Logo-Nuevo-LOS-POLITICOS-1.jpg\",\"contentUrl\":\"https:\\\/\\\/lospoliticosveracruz.com\\\/wp-content\\\/uploads\\\/2025\\\/12\\\/Logo-Nuevo-LOS-POLITICOS-1.jpg\",\"width\":260,\"height\":70,\"caption\":\"Los pol\u00edticos Veracruz\"},\"image\":{\"@id\":\"https:\\\/\\\/lospoliticosveracruz.com\\\/#\\\/schema\\\/logo\\\/image\\\/\"},\"sameAs\":[\"https:\\\/\\\/www.facebook.com\\\/people\\\/Notimemes-de-los-Polticos\\\/61565672886568\\\/\",\"https:\\\/\\\/x.com\\\/LosPoliticosVer\"]},{\"@type\":\"Person\",\"@id\":\"https:\\\/\\\/lospoliticosveracruz.com\\\/#\\\/schema\\\/person\\\/b8702bb0e538456e6efd07080bf2a4a2\",\"name\":\"Lo viste en Los Pol\u00edticos\",\"image\":{\"@type\":\"ImageObject\",\"inLanguage\":\"es\",\"@id\":\"https:\\\/\\\/secure.gravatar.com\\\/avatar\\\/3a8de04a2656d44082be478bd6c086daa447c4651605818287b9532d3d0bd435?s=96&d=mm&r=g\",\"url\":\"https:\\\/\\\/secure.gravatar.com\\\/avatar\\\/3a8de04a2656d44082be478bd6c086daa447c4651605818287b9532d3d0bd435?s=96&d=mm&r=g\",\"contentUrl\":\"https:\\\/\\\/secure.gravatar.com\\\/avatar\\\/3a8de04a2656d44082be478bd6c086daa447c4651605818287b9532d3d0bd435?s=96&d=mm&r=g\",\"caption\":\"Lo viste en Los Pol\u00edticos\"},\"url\":\"https:\\\/\\\/lospoliticosveracruz.com\\\/?author=2\"}]}<\/script>\n<!-- \/ Yoast SEO plugin. -->","yoast_head_json":{"title":"ATANASIO IRRUMPE; CUITL\u00c1HUAC EVADE Y NAHLE\u2026 - Los pol\u00edticos Veracruz","robots":{"index":"index","follow":"follow","max-snippet":"max-snippet:-1","max-image-preview":"max-image-preview:large","max-video-preview":"max-video-preview:-1"},"canonical":"https:\/\/lospoliticosveracruz.com\/?p=170265","og_locale":"es_ES","og_type":"article","og_title":"ATANASIO IRRUMPE; CUITL\u00c1HUAC EVADE Y NAHLE\u2026 - Los pol\u00edticos Veracruz","og_description":"Alejandro Aguirre GuerreroAl Respecto Hay momentos en pol\u00edtica que revelan m\u00e1s de lo que aparentan. El se\u00f1alamiento de Atanasio Garc\u00eda Dur\u00e1n contra la gobernadora Roc\u00edo Nahle Garc\u00eda fue uno de esos momentos. No por su contenido, sino por el contexto en el que ocurre. Porque no se trata de una cr\u00edtica aislada.Se trata de una [&hellip;]","og_url":"https:\/\/lospoliticosveracruz.com\/?p=170265","og_site_name":"Los pol\u00edticos Veracruz","article_publisher":"https:\/\/www.facebook.com\/people\/Notimemes-de-los-Polticos\/61565672886568\/","article_published_time":"2026-04-30T16:34:28+00:00","article_modified_time":"2026-04-30T16:34:29+00:00","og_image":[{"width":1250,"height":667,"url":"https:\/\/lospoliticosveracruz.com\/wp-content\/uploads\/2025\/04\/Alejandro-Aguirre-Guerrero.jpg","type":"image\/jpeg"}],"author":"Lo viste en Los Pol\u00edticos","twitter_card":"summary_large_image","twitter_creator":"@LosPoliticosVer","twitter_site":"@LosPoliticosVer","twitter_misc":{"Escrito por":"Lo viste en Los Pol\u00edticos","Tiempo de lectura":"2 minutos"},"schema":{"@context":"https:\/\/schema.org","@graph":[{"@type":"Article","@id":"https:\/\/lospoliticosveracruz.com\/?p=170265#article","isPartOf":{"@id":"https:\/\/lospoliticosveracruz.com\/?p=170265"},"author":{"name":"Lo viste en Los Pol\u00edticos","@id":"https:\/\/lospoliticosveracruz.com\/#\/schema\/person\/b8702bb0e538456e6efd07080bf2a4a2"},"headline":"ATANASIO IRRUMPE; CUITL\u00c1HUAC EVADE Y NAHLE\u2026","datePublished":"2026-04-30T16:34:28+00:00","dateModified":"2026-04-30T16:34:29+00:00","mainEntityOfPage":{"@id":"https:\/\/lospoliticosveracruz.com\/?p=170265"},"wordCount":309,"publisher":{"@id":"https:\/\/lospoliticosveracruz.com\/#organization"},"image":{"@id":"https:\/\/lospoliticosveracruz.com\/?p=170265#primaryimage"},"thumbnailUrl":"https:\/\/lospoliticosveracruz.com\/wp-content\/uploads\/2025\/04\/Alejandro-Aguirre-Guerrero.jpg","keywords":["Alejandro Aguirre Guerrero","Atanasio Garc\u00eda Dur\u00e1n","conflicto Morena Veracruz","Cuitl\u00e1huac Garc\u00eda Jim\u00e9nez","gobierno de Veracruz","pol\u00edtica en Veracruz","Roc\u00edo Nahle Garc\u00eda"],"articleSection":["De Opini\u00f3n"],"inLanguage":"es"},{"@type":"WebPage","@id":"https:\/\/lospoliticosveracruz.com\/?p=170265","url":"https:\/\/lospoliticosveracruz.com\/?p=170265","name":"ATANASIO IRRUMPE; CUITL\u00c1HUAC EVADE Y NAHLE\u2026 - Los pol\u00edticos Veracruz","isPartOf":{"@id":"https:\/\/lospoliticosveracruz.com\/#website"},"primaryImageOfPage":{"@id":"https:\/\/lospoliticosveracruz.com\/?p=170265#primaryimage"},"image":{"@id":"https:\/\/lospoliticosveracruz.com\/?p=170265#primaryimage"},"thumbnailUrl":"https:\/\/lospoliticosveracruz.com\/wp-content\/uploads\/2025\/04\/Alejandro-Aguirre-Guerrero.jpg","datePublished":"2026-04-30T16:34:28+00:00","dateModified":"2026-04-30T16:34:29+00:00","breadcrumb":{"@id":"https:\/\/lospoliticosveracruz.com\/?p=170265#breadcrumb"},"inLanguage":"es","potentialAction":[{"@type":"ReadAction","target":["https:\/\/lospoliticosveracruz.com\/?p=170265"]}]},{"@type":"ImageObject","inLanguage":"es","@id":"https:\/\/lospoliticosveracruz.com\/?p=170265#primaryimage","url":"https:\/\/lospoliticosveracruz.com\/wp-content\/uploads\/2025\/04\/Alejandro-Aguirre-Guerrero.jpg","contentUrl":"https:\/\/lospoliticosveracruz.com\/wp-content\/uploads\/2025\/04\/Alejandro-Aguirre-Guerrero.jpg","width":1250,"height":667},{"@type":"BreadcrumbList","@id":"https:\/\/lospoliticosveracruz.com\/?p=170265#breadcrumb","itemListElement":[{"@type":"ListItem","position":1,"name":"Portada","item":"https:\/\/lospoliticosveracruz.com\/"},{"@type":"ListItem","position":2,"name":"ATANASIO IRRUMPE; CUITL\u00c1HUAC EVADE Y NAHLE\u2026"}]},{"@type":"WebSite","@id":"https:\/\/lospoliticosveracruz.com\/#website","url":"https:\/\/lospoliticosveracruz.com\/","name":"Los pol\u00edticos Veracruz","description":"","publisher":{"@id":"https:\/\/lospoliticosveracruz.com\/#organization"},"potentialAction":[{"@type":"SearchAction","target":{"@type":"EntryPoint","urlTemplate":"https:\/\/lospoliticosveracruz.com\/?s={search_term_string}"},"query-input":{"@type":"PropertyValueSpecification","valueRequired":true,"valueName":"search_term_string"}}],"inLanguage":"es"},{"@type":"Organization","@id":"https:\/\/lospoliticosveracruz.com\/#organization","name":"Los pol\u00edticos Veracruz","url":"https:\/\/lospoliticosveracruz.com\/","logo":{"@type":"ImageObject","inLanguage":"es","@id":"https:\/\/lospoliticosveracruz.com\/#\/schema\/logo\/image\/","url":"https:\/\/lospoliticosveracruz.com\/wp-content\/uploads\/2025\/12\/Logo-Nuevo-LOS-POLITICOS-1.jpg","contentUrl":"https:\/\/lospoliticosveracruz.com\/wp-content\/uploads\/2025\/12\/Logo-Nuevo-LOS-POLITICOS-1.jpg","width":260,"height":70,"caption":"Los pol\u00edticos Veracruz"},"image":{"@id":"https:\/\/lospoliticosveracruz.com\/#\/schema\/logo\/image\/"},"sameAs":["https:\/\/www.facebook.com\/people\/Notimemes-de-los-Polticos\/61565672886568\/","https:\/\/x.com\/LosPoliticosVer"]},{"@type":"Person","@id":"https:\/\/lospoliticosveracruz.com\/#\/schema\/person\/b8702bb0e538456e6efd07080bf2a4a2","name":"Lo viste en Los Pol\u00edticos","image":{"@type":"ImageObject","inLanguage":"es","@id":"https:\/\/secure.gravatar.com\/avatar\/3a8de04a2656d44082be478bd6c086daa447c4651605818287b9532d3d0bd435?s=96&d=mm&r=g","url":"https:\/\/secure.gravatar.com\/avatar\/3a8de04a2656d44082be478bd6c086daa447c4651605818287b9532d3d0bd435?s=96&d=mm&r=g","contentUrl":"https:\/\/secure.gravatar.com\/avatar\/3a8de04a2656d44082be478bd6c086daa447c4651605818287b9532d3d0bd435?s=96&d=mm&r=g","caption":"Lo viste en Los Pol\u00edticos"},"url":"https:\/\/lospoliticosveracruz.com\/?author=2"}]}},"_links":{"self":[{"href":"https:\/\/lospoliticosveracruz.com\/index.php?rest_route=\/wp\/v2\/posts\/170265","targetHints":{"allow":["GET"]}}],"collection":[{"href":"https:\/\/lospoliticosveracruz.com\/index.php?rest_route=\/wp\/v2\/posts"}],"about":[{"href":"https:\/\/lospoliticosveracruz.com\/index.php?rest_route=\/wp\/v2\/types\/post"}],"author":[{"embeddable":true,"href":"https:\/\/lospoliticosveracruz.com\/index.php?rest_route=\/wp\/v2\/users\/2"}],"replies":[{"embeddable":true,"href":"https:\/\/lospoliticosveracruz.com\/index.php?rest_route=%2Fwp%2Fv2%2Fcomments&post=170265"}],"version-history":[{"count":1,"href":"https:\/\/lospoliticosveracruz.com\/index.php?rest_route=\/wp\/v2\/posts\/170265\/revisions"}],"predecessor-version":[{"id":170266,"href":"https:\/\/lospoliticosveracruz.com\/index.php?rest_route=\/wp\/v2\/posts\/170265\/revisions\/170266"}],"wp:featuredmedia":[{"embeddable":true,"href":"https:\/\/lospoliticosveracruz.com\/index.php?rest_route=\/wp\/v2\/media\/141373"}],"wp:attachment":[{"href":"https:\/\/lospoliticosveracruz.com\/index.php?rest_route=%2Fwp%2Fv2%2Fmedia&parent=170265"}],"wp:term":[{"taxonomy":"category","embeddable":true,"href":"https:\/\/lospoliticosveracruz.com\/index.php?rest_route=%2Fwp%2Fv2%2Fcategories&post=170265"},{"taxonomy":"post_tag","embeddable":true,"href":"https:\/\/lospoliticosveracruz.com\/index.php?rest_route=%2Fwp%2Fv2%2Ftags&post=170265"}],"curies":[{"name":"wp","href":"https:\/\/api.w.org\/{rel}","templated":true}]}}