{"id":170286,"date":"2026-04-30T13:24:16","date_gmt":"2026-04-30T19:24:16","guid":{"rendered":"https:\/\/lospoliticosveracruz.com\/?p=170286"},"modified":"2026-04-30T13:24:21","modified_gmt":"2026-04-30T19:24:21","slug":"xalapa-la-hace-en-acapulco","status":"publish","type":"post","link":"https:\/\/lospoliticosveracruz.com\/?p=170286","title":{"rendered":"XALAPA LA HACE EN ACAPULCO!"},"content":{"rendered":"<div class=\"wp-block-image\">\n<figure class=\"alignleft size-large is-resized\"><a href=\"https:\/\/lospoliticosveracruz.com\/wp-content\/uploads\/2026\/04\/LOSPOLITICOS_336X280PX_-01-e1776274861670.jpg\"><img loading=\"lazy\" decoding=\"async\" width=\"1024\" height=\"854\" src=\"https:\/\/lospoliticosveracruz.com\/wp-content\/uploads\/2026\/04\/LOSPOLITICOS_336X280PX_-01-1024x854.jpg\" alt=\"\" class=\"wp-image-168800\" style=\"aspect-ratio:1.1990751813760663;width:390px;height:auto\"\/><\/a><\/figure>\n<\/div>\n\n\n<p>En su regreso al Tianguis Tur\u00edstico M\u00e9xico 2026, en s\u00f3lo tres d\u00edas Xalapa concret\u00f3 importantes citas de negocios con agencias y operadores tur\u00edsticos interesados en la regi\u00f3n, lo que ha permitido posicionar al municipio como destino, abrir oportunidades e incidir en la movilidad econ\u00f3mica y la reactivaci\u00f3n del sector.&nbsp;<\/p>\n\n\n\n<p>Luego de cinco a\u00f1os de ausencia en este aparador, el regreso al evento representa un paso relevante para retomar proyectos y reconstruir relaciones comerciales, refieren autoridades de la Direcci\u00f3n de Turismo del Ayuntamiento de Xalapa.&nbsp;&nbsp;<\/p>\n\n\n\n<p>Este impulso ha favorecido que agencias y operadores vean la ciudad como un pr\u00f3ximo destino vacacional, al reconocer su belleza natural, as\u00ed como condiciones para el descanso y recreo.&nbsp;&nbsp;<\/p>\n\n\n\n<p>En el \u00faltimo d\u00eda de actividades, se prev\u00e9 concertar tres citas m\u00e1s de negocios para establecer v\u00ednculos con empresas que buscan abrir mercado y retomar contacto con agencias que ya no operaban y que hoy manifiestan nuevamente su inter\u00e9s.&nbsp;<\/p>\n\n\n\n<p>Adem\u00e1s de las citas de negocio, se realiz\u00f3 un acercamiento con actores del sector interesados en difundir el destino mediante estrategias de promoci\u00f3n.&nbsp;&nbsp;<\/p>\n\n\n\n<p>La oferta de Xalapa, que incluye su riqueza cultural y musical con la proyecci\u00f3n de la Orquesta Sinf\u00f3nica, as\u00ed como su entorno natural y la cercan\u00eda con Pueblos M\u00e1gicos, gener\u00f3 expectativas positivas entre quienes participaron.&nbsp;&nbsp;<\/p>\n\n\n\n<p>Desde el inicio del Tianguis, la delegaci\u00f3n de Xalapa mantuvo una agenda activa con reuniones previamente programadas y nuevas citas que se integraron conforme avanz\u00f3 el evento.&nbsp;<\/p>\n\n\n\n<p>Promoviendo as\u00ed la agenda tur\u00edstica de la capital, generando oportunidades de promoci\u00f3n, alianzas y bases para consolidar el destino con el respaldo de la Gobernadora, Ing. Roc\u00edo Nahle Garc\u00eda, y prestadores de servicios tur\u00edsticos.&nbsp;&nbsp;<\/p>\n\n\n\n<p>El evento inici\u00f3 el 27 de abril y concluye este viernes 30 en Acapulco, Guerrero, con un balance favorable para Xalapa.<\/p>\n","protected":false},"excerpt":{"rendered":"<p>En su regreso al Tianguis Tur\u00edstico M\u00e9xico 2026, en s\u00f3lo tres d\u00edas Xalapa concret\u00f3 importantes citas de negocios con agencias y operadores tur\u00edsticos interesados en la regi\u00f3n, lo que ha permitido posicionar al municipio como destino, abrir oportunidades e incidir en la movilidad econ\u00f3mica y la reactivaci\u00f3n del sector.&nbsp; Luego de cinco a\u00f1os de ausencia [&hellip;]<\/p>\n","protected":false},"author":2,"featured_media":170287,"comment_status":"closed","ping_status":"closed","sticky":false,"template":"","format":"standard","meta":{"tdm_status":"","tdm_grid_status":"","footnotes":""},"categories":[52572],"tags":[62322,1534,45243,4386,62321,62852,96],"class_list":{"0":"post-170286","1":"post","2":"type-post","3":"status-publish","4":"format-standard","5":"has-post-thumbnail","7":"category-desdelaatenas","8":"tag-acapulco","9":"tag-ayuntamiento-de-xalapa","10":"tag-promocion-turistica-veracruz","11":"tag-rocio-nahle-garcia","12":"tag-tianguis-turistico-mexico-2026","13":"tag-turismo-en-xalapa","14":"tag-xalapa"},"yoast_head":"<!-- This site is optimized with the Yoast SEO plugin v27.4 - https:\/\/yoast.com\/product\/yoast-seo-wordpress\/ -->\n<title>XALAPA LA HACE EN ACAPULCO! - Los pol\u00edticos Veracruz<\/title>\n<meta name=\"robots\" content=\"index, follow, max-snippet:-1, max-image-preview:large, max-video-preview:-1\" \/>\n<link rel=\"canonical\" href=\"https:\/\/lospoliticosveracruz.com\/?p=170286\" \/>\n<meta property=\"og:locale\" content=\"es_ES\" \/>\n<meta property=\"og:type\" content=\"article\" \/>\n<meta property=\"og:title\" content=\"XALAPA LA HACE EN ACAPULCO! - Los pol\u00edticos Veracruz\" \/>\n<meta property=\"og:description\" content=\"En su regreso al Tianguis Tur\u00edstico M\u00e9xico 2026, en s\u00f3lo tres d\u00edas Xalapa concret\u00f3 importantes citas de negocios con agencias y operadores tur\u00edsticos interesados en la regi\u00f3n, lo que ha permitido posicionar al municipio como destino, abrir oportunidades e incidir en la movilidad econ\u00f3mica y la reactivaci\u00f3n del sector.&nbsp; Luego de cinco a\u00f1os de ausencia [&hellip;]\" \/>\n<meta property=\"og:url\" content=\"https:\/\/lospoliticosveracruz.com\/?p=170286\" \/>\n<meta property=\"og:site_name\" content=\"Los pol\u00edticos Veracruz\" \/>\n<meta property=\"article:publisher\" content=\"https:\/\/www.facebook.com\/people\/Notimemes-de-los-Polticos\/61565672886568\/\" \/>\n<meta property=\"article:published_time\" content=\"2026-04-30T19:24:16+00:00\" \/>\n<meta property=\"article:modified_time\" content=\"2026-04-30T19:24:21+00:00\" \/>\n<meta property=\"og:image\" content=\"https:\/\/lospoliticosveracruz.com\/wp-content\/uploads\/2026\/04\/IMG_5604.jpeg\" \/>\n\t<meta property=\"og:image:width\" content=\"600\" \/>\n\t<meta property=\"og:image:height\" content=\"320\" \/>\n\t<meta property=\"og:image:type\" content=\"image\/jpeg\" \/>\n<meta name=\"author\" content=\"Lo viste en Los Pol\u00edticos\" \/>\n<meta name=\"twitter:card\" content=\"summary_large_image\" \/>\n<meta name=\"twitter:creator\" content=\"@LosPoliticosVer\" \/>\n<meta name=\"twitter:site\" content=\"@LosPoliticosVer\" \/>\n<meta name=\"twitter:label1\" content=\"Escrito por\" \/>\n\t<meta name=\"twitter:data1\" content=\"Lo viste en Los Pol\u00edticos\" \/>\n\t<meta name=\"twitter:label2\" content=\"Tiempo de lectura\" \/>\n\t<meta name=\"twitter:data2\" content=\"2 minutos\" \/>\n<script type=\"application\/ld+json\" class=\"yoast-schema-graph\">{\"@context\":\"https:\\\/\\\/schema.org\",\"@graph\":[{\"@type\":\"Article\",\"@id\":\"https:\\\/\\\/lospoliticosveracruz.com\\\/?p=170286#article\",\"isPartOf\":{\"@id\":\"https:\\\/\\\/lospoliticosveracruz.com\\\/?p=170286\"},\"author\":{\"name\":\"Lo viste en Los Pol\u00edticos\",\"@id\":\"https:\\\/\\\/lospoliticosveracruz.com\\\/#\\\/schema\\\/person\\\/b8702bb0e538456e6efd07080bf2a4a2\"},\"headline\":\"XALAPA LA HACE EN ACAPULCO!\",\"datePublished\":\"2026-04-30T19:24:16+00:00\",\"dateModified\":\"2026-04-30T19:24:21+00:00\",\"mainEntityOfPage\":{\"@id\":\"https:\\\/\\\/lospoliticosveracruz.com\\\/?p=170286\"},\"wordCount\":334,\"publisher\":{\"@id\":\"https:\\\/\\\/lospoliticosveracruz.com\\\/#organization\"},\"image\":{\"@id\":\"https:\\\/\\\/lospoliticosveracruz.com\\\/?p=170286#primaryimage\"},\"thumbnailUrl\":\"https:\\\/\\\/lospoliticosveracruz.com\\\/wp-content\\\/uploads\\\/2026\\\/04\\\/IMG_5604.jpeg\",\"keywords\":[\"Acapulco\",\"ayuntamiento de Xalapa\",\"promoci\u00f3n tur\u00edstica Veracruz\",\"Roc\u00edo Nahle Garc\u00eda\",\"Tianguis Tur\u00edstico M\u00e9xico 2026\",\"Turismo en Xalapa\",\"Xalapa\"],\"articleSection\":[\"Desde La Atenas\"],\"inLanguage\":\"es\"},{\"@type\":\"WebPage\",\"@id\":\"https:\\\/\\\/lospoliticosveracruz.com\\\/?p=170286\",\"url\":\"https:\\\/\\\/lospoliticosveracruz.com\\\/?p=170286\",\"name\":\"XALAPA LA HACE EN ACAPULCO! - Los pol\u00edticos Veracruz\",\"isPartOf\":{\"@id\":\"https:\\\/\\\/lospoliticosveracruz.com\\\/#website\"},\"primaryImageOfPage\":{\"@id\":\"https:\\\/\\\/lospoliticosveracruz.com\\\/?p=170286#primaryimage\"},\"image\":{\"@id\":\"https:\\\/\\\/lospoliticosveracruz.com\\\/?p=170286#primaryimage\"},\"thumbnailUrl\":\"https:\\\/\\\/lospoliticosveracruz.com\\\/wp-content\\\/uploads\\\/2026\\\/04\\\/IMG_5604.jpeg\",\"datePublished\":\"2026-04-30T19:24:16+00:00\",\"dateModified\":\"2026-04-30T19:24:21+00:00\",\"breadcrumb\":{\"@id\":\"https:\\\/\\\/lospoliticosveracruz.com\\\/?p=170286#breadcrumb\"},\"inLanguage\":\"es\",\"potentialAction\":[{\"@type\":\"ReadAction\",\"target\":[\"https:\\\/\\\/lospoliticosveracruz.com\\\/?p=170286\"]}]},{\"@type\":\"ImageObject\",\"inLanguage\":\"es\",\"@id\":\"https:\\\/\\\/lospoliticosveracruz.com\\\/?p=170286#primaryimage\",\"url\":\"https:\\\/\\\/lospoliticosveracruz.com\\\/wp-content\\\/uploads\\\/2026\\\/04\\\/IMG_5604.jpeg\",\"contentUrl\":\"https:\\\/\\\/lospoliticosveracruz.com\\\/wp-content\\\/uploads\\\/2026\\\/04\\\/IMG_5604.jpeg\",\"width\":600,\"height\":320},{\"@type\":\"BreadcrumbList\",\"@id\":\"https:\\\/\\\/lospoliticosveracruz.com\\\/?p=170286#breadcrumb\",\"itemListElement\":[{\"@type\":\"ListItem\",\"position\":1,\"name\":\"Portada\",\"item\":\"https:\\\/\\\/lospoliticosveracruz.com\\\/\"},{\"@type\":\"ListItem\",\"position\":2,\"name\":\"XALAPA LA HACE EN ACAPULCO!\"}]},{\"@type\":\"WebSite\",\"@id\":\"https:\\\/\\\/lospoliticosveracruz.com\\\/#website\",\"url\":\"https:\\\/\\\/lospoliticosveracruz.com\\\/\",\"name\":\"Los pol\u00edticos Veracruz\",\"description\":\"\",\"publisher\":{\"@id\":\"https:\\\/\\\/lospoliticosveracruz.com\\\/#organization\"},\"potentialAction\":[{\"@type\":\"SearchAction\",\"target\":{\"@type\":\"EntryPoint\",\"urlTemplate\":\"https:\\\/\\\/lospoliticosveracruz.com\\\/?s={search_term_string}\"},\"query-input\":{\"@type\":\"PropertyValueSpecification\",\"valueRequired\":true,\"valueName\":\"search_term_string\"}}],\"inLanguage\":\"es\"},{\"@type\":\"Organization\",\"@id\":\"https:\\\/\\\/lospoliticosveracruz.com\\\/#organization\",\"name\":\"Los pol\u00edticos Veracruz\",\"url\":\"https:\\\/\\\/lospoliticosveracruz.com\\\/\",\"logo\":{\"@type\":\"ImageObject\",\"inLanguage\":\"es\",\"@id\":\"https:\\\/\\\/lospoliticosveracruz.com\\\/#\\\/schema\\\/logo\\\/image\\\/\",\"url\":\"https:\\\/\\\/lospoliticosveracruz.com\\\/wp-content\\\/uploads\\\/2025\\\/12\\\/Logo-Nuevo-LOS-POLITICOS-1.jpg\",\"contentUrl\":\"https:\\\/\\\/lospoliticosveracruz.com\\\/wp-content\\\/uploads\\\/2025\\\/12\\\/Logo-Nuevo-LOS-POLITICOS-1.jpg\",\"width\":260,\"height\":70,\"caption\":\"Los pol\u00edticos Veracruz\"},\"image\":{\"@id\":\"https:\\\/\\\/lospoliticosveracruz.com\\\/#\\\/schema\\\/logo\\\/image\\\/\"},\"sameAs\":[\"https:\\\/\\\/www.facebook.com\\\/people\\\/Notimemes-de-los-Polticos\\\/61565672886568\\\/\",\"https:\\\/\\\/x.com\\\/LosPoliticosVer\"]},{\"@type\":\"Person\",\"@id\":\"https:\\\/\\\/lospoliticosveracruz.com\\\/#\\\/schema\\\/person\\\/b8702bb0e538456e6efd07080bf2a4a2\",\"name\":\"Lo viste en Los Pol\u00edticos\",\"image\":{\"@type\":\"ImageObject\",\"inLanguage\":\"es\",\"@id\":\"https:\\\/\\\/secure.gravatar.com\\\/avatar\\\/3a8de04a2656d44082be478bd6c086daa447c4651605818287b9532d3d0bd435?s=96&d=mm&r=g\",\"url\":\"https:\\\/\\\/secure.gravatar.com\\\/avatar\\\/3a8de04a2656d44082be478bd6c086daa447c4651605818287b9532d3d0bd435?s=96&d=mm&r=g\",\"contentUrl\":\"https:\\\/\\\/secure.gravatar.com\\\/avatar\\\/3a8de04a2656d44082be478bd6c086daa447c4651605818287b9532d3d0bd435?s=96&d=mm&r=g\",\"caption\":\"Lo viste en Los Pol\u00edticos\"},\"url\":\"https:\\\/\\\/lospoliticosveracruz.com\\\/?author=2\"}]}<\/script>\n<!-- \/ Yoast SEO plugin. -->","yoast_head_json":{"title":"XALAPA LA HACE EN ACAPULCO! - Los pol\u00edticos Veracruz","robots":{"index":"index","follow":"follow","max-snippet":"max-snippet:-1","max-image-preview":"max-image-preview:large","max-video-preview":"max-video-preview:-1"},"canonical":"https:\/\/lospoliticosveracruz.com\/?p=170286","og_locale":"es_ES","og_type":"article","og_title":"XALAPA LA HACE EN ACAPULCO! - Los pol\u00edticos Veracruz","og_description":"En su regreso al Tianguis Tur\u00edstico M\u00e9xico 2026, en s\u00f3lo tres d\u00edas Xalapa concret\u00f3 importantes citas de negocios con agencias y operadores tur\u00edsticos interesados en la regi\u00f3n, lo que ha permitido posicionar al municipio como destino, abrir oportunidades e incidir en la movilidad econ\u00f3mica y la reactivaci\u00f3n del sector.&nbsp; Luego de cinco a\u00f1os de ausencia [&hellip;]","og_url":"https:\/\/lospoliticosveracruz.com\/?p=170286","og_site_name":"Los pol\u00edticos Veracruz","article_publisher":"https:\/\/www.facebook.com\/people\/Notimemes-de-los-Polticos\/61565672886568\/","article_published_time":"2026-04-30T19:24:16+00:00","article_modified_time":"2026-04-30T19:24:21+00:00","og_image":[{"width":600,"height":320,"url":"https:\/\/lospoliticosveracruz.com\/wp-content\/uploads\/2026\/04\/IMG_5604.jpeg","type":"image\/jpeg"}],"author":"Lo viste en Los Pol\u00edticos","twitter_card":"summary_large_image","twitter_creator":"@LosPoliticosVer","twitter_site":"@LosPoliticosVer","twitter_misc":{"Escrito por":"Lo viste en Los Pol\u00edticos","Tiempo de lectura":"2 minutos"},"schema":{"@context":"https:\/\/schema.org","@graph":[{"@type":"Article","@id":"https:\/\/lospoliticosveracruz.com\/?p=170286#article","isPartOf":{"@id":"https:\/\/lospoliticosveracruz.com\/?p=170286"},"author":{"name":"Lo viste en Los Pol\u00edticos","@id":"https:\/\/lospoliticosveracruz.com\/#\/schema\/person\/b8702bb0e538456e6efd07080bf2a4a2"},"headline":"XALAPA LA HACE EN ACAPULCO!","datePublished":"2026-04-30T19:24:16+00:00","dateModified":"2026-04-30T19:24:21+00:00","mainEntityOfPage":{"@id":"https:\/\/lospoliticosveracruz.com\/?p=170286"},"wordCount":334,"publisher":{"@id":"https:\/\/lospoliticosveracruz.com\/#organization"},"image":{"@id":"https:\/\/lospoliticosveracruz.com\/?p=170286#primaryimage"},"thumbnailUrl":"https:\/\/lospoliticosveracruz.com\/wp-content\/uploads\/2026\/04\/IMG_5604.jpeg","keywords":["Acapulco","ayuntamiento de Xalapa","promoci\u00f3n tur\u00edstica Veracruz","Roc\u00edo Nahle Garc\u00eda","Tianguis Tur\u00edstico M\u00e9xico 2026","Turismo en Xalapa","Xalapa"],"articleSection":["Desde La Atenas"],"inLanguage":"es"},{"@type":"WebPage","@id":"https:\/\/lospoliticosveracruz.com\/?p=170286","url":"https:\/\/lospoliticosveracruz.com\/?p=170286","name":"XALAPA LA HACE EN ACAPULCO! - Los pol\u00edticos Veracruz","isPartOf":{"@id":"https:\/\/lospoliticosveracruz.com\/#website"},"primaryImageOfPage":{"@id":"https:\/\/lospoliticosveracruz.com\/?p=170286#primaryimage"},"image":{"@id":"https:\/\/lospoliticosveracruz.com\/?p=170286#primaryimage"},"thumbnailUrl":"https:\/\/lospoliticosveracruz.com\/wp-content\/uploads\/2026\/04\/IMG_5604.jpeg","datePublished":"2026-04-30T19:24:16+00:00","dateModified":"2026-04-30T19:24:21+00:00","breadcrumb":{"@id":"https:\/\/lospoliticosveracruz.com\/?p=170286#breadcrumb"},"inLanguage":"es","potentialAction":[{"@type":"ReadAction","target":["https:\/\/lospoliticosveracruz.com\/?p=170286"]}]},{"@type":"ImageObject","inLanguage":"es","@id":"https:\/\/lospoliticosveracruz.com\/?p=170286#primaryimage","url":"https:\/\/lospoliticosveracruz.com\/wp-content\/uploads\/2026\/04\/IMG_5604.jpeg","contentUrl":"https:\/\/lospoliticosveracruz.com\/wp-content\/uploads\/2026\/04\/IMG_5604.jpeg","width":600,"height":320},{"@type":"BreadcrumbList","@id":"https:\/\/lospoliticosveracruz.com\/?p=170286#breadcrumb","itemListElement":[{"@type":"ListItem","position":1,"name":"Portada","item":"https:\/\/lospoliticosveracruz.com\/"},{"@type":"ListItem","position":2,"name":"XALAPA LA HACE EN ACAPULCO!"}]},{"@type":"WebSite","@id":"https:\/\/lospoliticosveracruz.com\/#website","url":"https:\/\/lospoliticosveracruz.com\/","name":"Los pol\u00edticos Veracruz","description":"","publisher":{"@id":"https:\/\/lospoliticosveracruz.com\/#organization"},"potentialAction":[{"@type":"SearchAction","target":{"@type":"EntryPoint","urlTemplate":"https:\/\/lospoliticosveracruz.com\/?s={search_term_string}"},"query-input":{"@type":"PropertyValueSpecification","valueRequired":true,"valueName":"search_term_string"}}],"inLanguage":"es"},{"@type":"Organization","@id":"https:\/\/lospoliticosveracruz.com\/#organization","name":"Los pol\u00edticos Veracruz","url":"https:\/\/lospoliticosveracruz.com\/","logo":{"@type":"ImageObject","inLanguage":"es","@id":"https:\/\/lospoliticosveracruz.com\/#\/schema\/logo\/image\/","url":"https:\/\/lospoliticosveracruz.com\/wp-content\/uploads\/2025\/12\/Logo-Nuevo-LOS-POLITICOS-1.jpg","contentUrl":"https:\/\/lospoliticosveracruz.com\/wp-content\/uploads\/2025\/12\/Logo-Nuevo-LOS-POLITICOS-1.jpg","width":260,"height":70,"caption":"Los pol\u00edticos Veracruz"},"image":{"@id":"https:\/\/lospoliticosveracruz.com\/#\/schema\/logo\/image\/"},"sameAs":["https:\/\/www.facebook.com\/people\/Notimemes-de-los-Polticos\/61565672886568\/","https:\/\/x.com\/LosPoliticosVer"]},{"@type":"Person","@id":"https:\/\/lospoliticosveracruz.com\/#\/schema\/person\/b8702bb0e538456e6efd07080bf2a4a2","name":"Lo viste en Los Pol\u00edticos","image":{"@type":"ImageObject","inLanguage":"es","@id":"https:\/\/secure.gravatar.com\/avatar\/3a8de04a2656d44082be478bd6c086daa447c4651605818287b9532d3d0bd435?s=96&d=mm&r=g","url":"https:\/\/secure.gravatar.com\/avatar\/3a8de04a2656d44082be478bd6c086daa447c4651605818287b9532d3d0bd435?s=96&d=mm&r=g","contentUrl":"https:\/\/secure.gravatar.com\/avatar\/3a8de04a2656d44082be478bd6c086daa447c4651605818287b9532d3d0bd435?s=96&d=mm&r=g","caption":"Lo viste en Los Pol\u00edticos"},"url":"https:\/\/lospoliticosveracruz.com\/?author=2"}]}},"_links":{"self":[{"href":"https:\/\/lospoliticosveracruz.com\/index.php?rest_route=\/wp\/v2\/posts\/170286","targetHints":{"allow":["GET"]}}],"collection":[{"href":"https:\/\/lospoliticosveracruz.com\/index.php?rest_route=\/wp\/v2\/posts"}],"about":[{"href":"https:\/\/lospoliticosveracruz.com\/index.php?rest_route=\/wp\/v2\/types\/post"}],"author":[{"embeddable":true,"href":"https:\/\/lospoliticosveracruz.com\/index.php?rest_route=\/wp\/v2\/users\/2"}],"replies":[{"embeddable":true,"href":"https:\/\/lospoliticosveracruz.com\/index.php?rest_route=%2Fwp%2Fv2%2Fcomments&post=170286"}],"version-history":[{"count":1,"href":"https:\/\/lospoliticosveracruz.com\/index.php?rest_route=\/wp\/v2\/posts\/170286\/revisions"}],"predecessor-version":[{"id":170288,"href":"https:\/\/lospoliticosveracruz.com\/index.php?rest_route=\/wp\/v2\/posts\/170286\/revisions\/170288"}],"wp:featuredmedia":[{"embeddable":true,"href":"https:\/\/lospoliticosveracruz.com\/index.php?rest_route=\/wp\/v2\/media\/170287"}],"wp:attachment":[{"href":"https:\/\/lospoliticosveracruz.com\/index.php?rest_route=%2Fwp%2Fv2%2Fmedia&parent=170286"}],"wp:term":[{"taxonomy":"category","embeddable":true,"href":"https:\/\/lospoliticosveracruz.com\/index.php?rest_route=%2Fwp%2Fv2%2Fcategories&post=170286"},{"taxonomy":"post_tag","embeddable":true,"href":"https:\/\/lospoliticosveracruz.com\/index.php?rest_route=%2Fwp%2Fv2%2Ftags&post=170286"}],"curies":[{"name":"wp","href":"https:\/\/api.w.org\/{rel}","templated":true}]}}