{"id":170296,"date":"2026-04-30T16:23:34","date_gmt":"2026-04-30T22:23:34","guid":{"rendered":"https:\/\/lospoliticosveracruz.com\/?p=170296"},"modified":"2026-04-30T16:23:35","modified_gmt":"2026-04-30T22:23:35","slug":"la-mera-hora","status":"publish","type":"post","link":"https:\/\/lospoliticosveracruz.com\/?p=170296","title":{"rendered":"LA MERA HORA!"},"content":{"rendered":"\n<p><strong>Jair Clodoaldo Xilotl S\u00e1nchez<\/strong><\/p>\n\n\n\n<p>Ya dec\u00edamos ayer la importancia de la relaci\u00f3n o de la buena relaci\u00f3n mejor dicho que debemos tener con los Estados Unidos; la vecindad no es gratis, cuesta y cuesta mucho.<\/p>\n\n\n\n<p>Ahora que los dichos del peri\u00f3dico Los \u00c1ngeles Times, donde se revelaba que se iban a incrementar las acciones por parte del gobierno estadounidense en contra de pol\u00edticos cuestionables en nuestro pa\u00eds, la presidenta de la Rep\u00fablica enfrenta un dilema enorme por resolver, en el cual puede existir un parteaguas que le brinde a la naci\u00f3n una oportunidad de reencontrarse consigo misma viendo la luz al final del t\u00fanel.<\/p>\n\n\n\n<p>Una vez visto el comunicado nos hemos detenido en tecnicismos, detalles y matices de lo que para unos es suficiente argumento de cargo, para otros no representa m\u00e1s que una burda persecuci\u00f3n pol\u00edtica, sin embargo, es necesario recordar que lo que une en di\u00e1logo a dos naciones es el reconocimiento, respeto y la soberan\u00eda que se reconocen cada una de ellas, a partir de las cuales se aceptan las posiciones y disposiciones que una a la otra se hacen referencia con tal de construir un di\u00e1logo, es decir, el gobierno mexicano le debe el voto de confianza o el beneficio de la duda si gusta al gobierno norteamericano, simple y llanamente por ser una naci\u00f3n soberana, toda vez que el tema se dirimir\u00e1 ante un juez, donde la fiscal\u00eda de aquel pa\u00eds presentar\u00e1 las pruebas que dice son suficientes para comprobar los dichos; entonces se ratificar\u00e1 lo que en la carta diplom\u00e1tica o comunicado se le haya informado al gobierno mexicano.<\/p>\n\n\n\n<p>El gobierno mexicano no puede volverse defensor del se\u00f1alado por el simple hecho de ser un correligionario partidista, en esas aguas turbulentas la presidenta puede perder la br\u00fajula de lo que significa ser la primera mandataria de 150 millones de mexicanos y pretender ser \u00fanicamente la l\u00edder de un partido pol\u00edtico que representa su pensamiento ideol\u00f3gico, antes que eso es presidenta de todos nosotros.<\/p>\n\n\n\n<p>Sin embargo, tambi\u00e9n hay que considerar que en ese llamado ideol\u00f3gico que hizo el expresidente de la Rep\u00fablica, desde antes de su periodo de gobierno, habr\u00e1 construido compromisos, acuerdos o amarres, vaya usted a saber, que probablemente hoy los tenga, a m\u00e1s de uno, con el rosario en la mano, pero para la primera mandataria es una oportunidad dorada de, ahora s\u00ed, pasar a la historia bas\u00e1ndose en sus ideales de no robar, no mentir y no traicionar, lo que le dar\u00eda legitimidad al movimiento y fortaleza a su gobierno, m\u00e1s all\u00e1 de la cuesti\u00f3n electoral.<\/p>\n\n\n\n<p>Estando en lo dicho es hecho, podr\u00e1 moverse por aguas mucho menos turbulentas en el desempe\u00f1o de sus funciones, no por quedar bien con los estadounidenses, sino permitiendo el desenvolvimiento de las cosas.<\/p>\n\n\n\n<p>Ojal\u00e1 y la se\u00f1ora Claudia encuentre la lucidez y la valent\u00eda para tomar esa estafeta tan peligrosa pero tan necesaria; deber\u00e1 ser con valent\u00eda y fortaleza para que rompa de una vez con el pasado, ser\u00eda un ejemplo de decencia, de congruencia, de estadista.<\/p>\n\n\n\n<p>Espero a\u00fan que comience as\u00ed una nueva etapa para todos nosotros, erradicando la corrupci\u00f3n que tanto nos detiene y cuyos efectos nos hacen da\u00f1o generaci\u00f3n tras generaci\u00f3n.<\/p>\n","protected":false},"excerpt":{"rendered":"<p>Jair Clodoaldo Xilotl S\u00e1nchez Ya dec\u00edamos ayer la importancia de la relaci\u00f3n o de la buena relaci\u00f3n mejor dicho que debemos tener con los Estados Unidos; la vecindad no es gratis, cuesta y cuesta mucho. Ahora que los dichos del peri\u00f3dico Los \u00c1ngeles Times, donde se revelaba que se iban a incrementar las acciones por [&hellip;]<\/p>\n","protected":false},"author":2,"featured_media":166404,"comment_status":"closed","ping_status":"closed","sticky":false,"template":"","format":"standard","meta":{"tdm_status":"","tdm_grid_status":"","footnotes":""},"categories":[70],"tags":[17763,13669,62856,56320,62787,38440,26782],"class_list":{"0":"post-170296","1":"post","2":"type-post","3":"status-publish","4":"format-standard","5":"has-post-thumbnail","7":"category-de-opinion","8":"tag-claudia-sheinbaum-pardo","9":"tag-combate-a-la-corrupcion","10":"tag-extradicion-de-politicos-mexicanos","11":"tag-jair-clodoaldo-xilotl-sanchez","12":"tag-relacion-mexico-estados-unidos-2","13":"tag-ruben-rocha-moya","14":"tag-soberania-nacional"},"yoast_head":"<!-- This site is optimized with the Yoast SEO plugin v27.4 - https:\/\/yoast.com\/product\/yoast-seo-wordpress\/ -->\n<title>LA MERA HORA! - Los pol\u00edticos Veracruz<\/title>\n<meta name=\"robots\" content=\"index, follow, max-snippet:-1, max-image-preview:large, max-video-preview:-1\" \/>\n<link rel=\"canonical\" href=\"https:\/\/lospoliticosveracruz.com\/?p=170296\" \/>\n<meta property=\"og:locale\" content=\"es_ES\" \/>\n<meta property=\"og:type\" content=\"article\" \/>\n<meta property=\"og:title\" content=\"LA MERA HORA! - Los pol\u00edticos Veracruz\" \/>\n<meta property=\"og:description\" content=\"Jair Clodoaldo Xilotl S\u00e1nchez Ya dec\u00edamos ayer la importancia de la relaci\u00f3n o de la buena relaci\u00f3n mejor dicho que debemos tener con los Estados Unidos; la vecindad no es gratis, cuesta y cuesta mucho. Ahora que los dichos del peri\u00f3dico Los \u00c1ngeles Times, donde se revelaba que se iban a incrementar las acciones por [&hellip;]\" \/>\n<meta property=\"og:url\" content=\"https:\/\/lospoliticosveracruz.com\/?p=170296\" \/>\n<meta property=\"og:site_name\" content=\"Los pol\u00edticos Veracruz\" \/>\n<meta property=\"article:publisher\" content=\"https:\/\/www.facebook.com\/people\/Notimemes-de-los-Polticos\/61565672886568\/\" \/>\n<meta property=\"article:published_time\" content=\"2026-04-30T22:23:34+00:00\" \/>\n<meta property=\"article:modified_time\" content=\"2026-04-30T22:23:35+00:00\" \/>\n<meta property=\"og:image\" content=\"https:\/\/lospoliticosveracruz.com\/wp-content\/uploads\/2026\/03\/Jair-Clodoaldo-Xilotl-Sanchez.jpg\" \/>\n\t<meta property=\"og:image:width\" content=\"1250\" \/>\n\t<meta property=\"og:image:height\" content=\"667\" \/>\n\t<meta property=\"og:image:type\" content=\"image\/jpeg\" \/>\n<meta name=\"author\" content=\"Lo viste en Los Pol\u00edticos\" \/>\n<meta name=\"twitter:card\" content=\"summary_large_image\" \/>\n<meta name=\"twitter:creator\" content=\"@LosPoliticosVer\" \/>\n<meta name=\"twitter:site\" content=\"@LosPoliticosVer\" \/>\n<meta name=\"twitter:label1\" content=\"Escrito por\" \/>\n\t<meta name=\"twitter:data1\" content=\"Lo viste en Los Pol\u00edticos\" \/>\n\t<meta name=\"twitter:label2\" content=\"Tiempo de lectura\" \/>\n\t<meta name=\"twitter:data2\" content=\"3 minutos\" \/>\n<script type=\"application\/ld+json\" class=\"yoast-schema-graph\">{\"@context\":\"https:\\\/\\\/schema.org\",\"@graph\":[{\"@type\":\"Article\",\"@id\":\"https:\\\/\\\/lospoliticosveracruz.com\\\/?p=170296#article\",\"isPartOf\":{\"@id\":\"https:\\\/\\\/lospoliticosveracruz.com\\\/?p=170296\"},\"author\":{\"name\":\"Lo viste en Los Pol\u00edticos\",\"@id\":\"https:\\\/\\\/lospoliticosveracruz.com\\\/#\\\/schema\\\/person\\\/b8702bb0e538456e6efd07080bf2a4a2\"},\"headline\":\"LA MERA HORA!\",\"datePublished\":\"2026-04-30T22:23:34+00:00\",\"dateModified\":\"2026-04-30T22:23:35+00:00\",\"mainEntityOfPage\":{\"@id\":\"https:\\\/\\\/lospoliticosveracruz.com\\\/?p=170296\"},\"wordCount\":574,\"publisher\":{\"@id\":\"https:\\\/\\\/lospoliticosveracruz.com\\\/#organization\"},\"image\":{\"@id\":\"https:\\\/\\\/lospoliticosveracruz.com\\\/?p=170296#primaryimage\"},\"thumbnailUrl\":\"https:\\\/\\\/lospoliticosveracruz.com\\\/wp-content\\\/uploads\\\/2026\\\/03\\\/Jair-Clodoaldo-Xilotl-Sanchez.jpg\",\"keywords\":[\"Claudia Sheinbaum Pardo\",\"Combate a la Corrupci\u00f3n\",\"Extradici\u00f3n de pol\u00edticos mexicanos\",\"Jair Clodoaldo Xilotl S\u00e1nchez\",\"relaci\u00f3n M\u00e9xico-Estados Unidos\",\"Rub\u00e9n Rocha Moya\",\"Soberan\u00eda Nacional\"],\"articleSection\":[\"De Opini\u00f3n\"],\"inLanguage\":\"es\"},{\"@type\":\"WebPage\",\"@id\":\"https:\\\/\\\/lospoliticosveracruz.com\\\/?p=170296\",\"url\":\"https:\\\/\\\/lospoliticosveracruz.com\\\/?p=170296\",\"name\":\"LA MERA HORA! - Los pol\u00edticos Veracruz\",\"isPartOf\":{\"@id\":\"https:\\\/\\\/lospoliticosveracruz.com\\\/#website\"},\"primaryImageOfPage\":{\"@id\":\"https:\\\/\\\/lospoliticosveracruz.com\\\/?p=170296#primaryimage\"},\"image\":{\"@id\":\"https:\\\/\\\/lospoliticosveracruz.com\\\/?p=170296#primaryimage\"},\"thumbnailUrl\":\"https:\\\/\\\/lospoliticosveracruz.com\\\/wp-content\\\/uploads\\\/2026\\\/03\\\/Jair-Clodoaldo-Xilotl-Sanchez.jpg\",\"datePublished\":\"2026-04-30T22:23:34+00:00\",\"dateModified\":\"2026-04-30T22:23:35+00:00\",\"breadcrumb\":{\"@id\":\"https:\\\/\\\/lospoliticosveracruz.com\\\/?p=170296#breadcrumb\"},\"inLanguage\":\"es\",\"potentialAction\":[{\"@type\":\"ReadAction\",\"target\":[\"https:\\\/\\\/lospoliticosveracruz.com\\\/?p=170296\"]}]},{\"@type\":\"ImageObject\",\"inLanguage\":\"es\",\"@id\":\"https:\\\/\\\/lospoliticosveracruz.com\\\/?p=170296#primaryimage\",\"url\":\"https:\\\/\\\/lospoliticosveracruz.com\\\/wp-content\\\/uploads\\\/2026\\\/03\\\/Jair-Clodoaldo-Xilotl-Sanchez.jpg\",\"contentUrl\":\"https:\\\/\\\/lospoliticosveracruz.com\\\/wp-content\\\/uploads\\\/2026\\\/03\\\/Jair-Clodoaldo-Xilotl-Sanchez.jpg\",\"width\":1250,\"height\":667},{\"@type\":\"BreadcrumbList\",\"@id\":\"https:\\\/\\\/lospoliticosveracruz.com\\\/?p=170296#breadcrumb\",\"itemListElement\":[{\"@type\":\"ListItem\",\"position\":1,\"name\":\"Portada\",\"item\":\"https:\\\/\\\/lospoliticosveracruz.com\\\/\"},{\"@type\":\"ListItem\",\"position\":2,\"name\":\"LA MERA HORA!\"}]},{\"@type\":\"WebSite\",\"@id\":\"https:\\\/\\\/lospoliticosveracruz.com\\\/#website\",\"url\":\"https:\\\/\\\/lospoliticosveracruz.com\\\/\",\"name\":\"Los pol\u00edticos Veracruz\",\"description\":\"\",\"publisher\":{\"@id\":\"https:\\\/\\\/lospoliticosveracruz.com\\\/#organization\"},\"potentialAction\":[{\"@type\":\"SearchAction\",\"target\":{\"@type\":\"EntryPoint\",\"urlTemplate\":\"https:\\\/\\\/lospoliticosveracruz.com\\\/?s={search_term_string}\"},\"query-input\":{\"@type\":\"PropertyValueSpecification\",\"valueRequired\":true,\"valueName\":\"search_term_string\"}}],\"inLanguage\":\"es\"},{\"@type\":\"Organization\",\"@id\":\"https:\\\/\\\/lospoliticosveracruz.com\\\/#organization\",\"name\":\"Los pol\u00edticos Veracruz\",\"url\":\"https:\\\/\\\/lospoliticosveracruz.com\\\/\",\"logo\":{\"@type\":\"ImageObject\",\"inLanguage\":\"es\",\"@id\":\"https:\\\/\\\/lospoliticosveracruz.com\\\/#\\\/schema\\\/logo\\\/image\\\/\",\"url\":\"https:\\\/\\\/lospoliticosveracruz.com\\\/wp-content\\\/uploads\\\/2025\\\/12\\\/Logo-Nuevo-LOS-POLITICOS-1.jpg\",\"contentUrl\":\"https:\\\/\\\/lospoliticosveracruz.com\\\/wp-content\\\/uploads\\\/2025\\\/12\\\/Logo-Nuevo-LOS-POLITICOS-1.jpg\",\"width\":260,\"height\":70,\"caption\":\"Los pol\u00edticos Veracruz\"},\"image\":{\"@id\":\"https:\\\/\\\/lospoliticosveracruz.com\\\/#\\\/schema\\\/logo\\\/image\\\/\"},\"sameAs\":[\"https:\\\/\\\/www.facebook.com\\\/people\\\/Notimemes-de-los-Polticos\\\/61565672886568\\\/\",\"https:\\\/\\\/x.com\\\/LosPoliticosVer\"]},{\"@type\":\"Person\",\"@id\":\"https:\\\/\\\/lospoliticosveracruz.com\\\/#\\\/schema\\\/person\\\/b8702bb0e538456e6efd07080bf2a4a2\",\"name\":\"Lo viste en Los Pol\u00edticos\",\"image\":{\"@type\":\"ImageObject\",\"inLanguage\":\"es\",\"@id\":\"https:\\\/\\\/secure.gravatar.com\\\/avatar\\\/3a8de04a2656d44082be478bd6c086daa447c4651605818287b9532d3d0bd435?s=96&d=mm&r=g\",\"url\":\"https:\\\/\\\/secure.gravatar.com\\\/avatar\\\/3a8de04a2656d44082be478bd6c086daa447c4651605818287b9532d3d0bd435?s=96&d=mm&r=g\",\"contentUrl\":\"https:\\\/\\\/secure.gravatar.com\\\/avatar\\\/3a8de04a2656d44082be478bd6c086daa447c4651605818287b9532d3d0bd435?s=96&d=mm&r=g\",\"caption\":\"Lo viste en Los Pol\u00edticos\"},\"url\":\"https:\\\/\\\/lospoliticosveracruz.com\\\/?author=2\"}]}<\/script>\n<!-- \/ Yoast SEO plugin. -->","yoast_head_json":{"title":"LA MERA HORA! - Los pol\u00edticos Veracruz","robots":{"index":"index","follow":"follow","max-snippet":"max-snippet:-1","max-image-preview":"max-image-preview:large","max-video-preview":"max-video-preview:-1"},"canonical":"https:\/\/lospoliticosveracruz.com\/?p=170296","og_locale":"es_ES","og_type":"article","og_title":"LA MERA HORA! - Los pol\u00edticos Veracruz","og_description":"Jair Clodoaldo Xilotl S\u00e1nchez Ya dec\u00edamos ayer la importancia de la relaci\u00f3n o de la buena relaci\u00f3n mejor dicho que debemos tener con los Estados Unidos; la vecindad no es gratis, cuesta y cuesta mucho. Ahora que los dichos del peri\u00f3dico Los \u00c1ngeles Times, donde se revelaba que se iban a incrementar las acciones por [&hellip;]","og_url":"https:\/\/lospoliticosveracruz.com\/?p=170296","og_site_name":"Los pol\u00edticos Veracruz","article_publisher":"https:\/\/www.facebook.com\/people\/Notimemes-de-los-Polticos\/61565672886568\/","article_published_time":"2026-04-30T22:23:34+00:00","article_modified_time":"2026-04-30T22:23:35+00:00","og_image":[{"width":1250,"height":667,"url":"https:\/\/lospoliticosveracruz.com\/wp-content\/uploads\/2026\/03\/Jair-Clodoaldo-Xilotl-Sanchez.jpg","type":"image\/jpeg"}],"author":"Lo viste en Los Pol\u00edticos","twitter_card":"summary_large_image","twitter_creator":"@LosPoliticosVer","twitter_site":"@LosPoliticosVer","twitter_misc":{"Escrito por":"Lo viste en Los Pol\u00edticos","Tiempo de lectura":"3 minutos"},"schema":{"@context":"https:\/\/schema.org","@graph":[{"@type":"Article","@id":"https:\/\/lospoliticosveracruz.com\/?p=170296#article","isPartOf":{"@id":"https:\/\/lospoliticosveracruz.com\/?p=170296"},"author":{"name":"Lo viste en Los Pol\u00edticos","@id":"https:\/\/lospoliticosveracruz.com\/#\/schema\/person\/b8702bb0e538456e6efd07080bf2a4a2"},"headline":"LA MERA HORA!","datePublished":"2026-04-30T22:23:34+00:00","dateModified":"2026-04-30T22:23:35+00:00","mainEntityOfPage":{"@id":"https:\/\/lospoliticosveracruz.com\/?p=170296"},"wordCount":574,"publisher":{"@id":"https:\/\/lospoliticosveracruz.com\/#organization"},"image":{"@id":"https:\/\/lospoliticosveracruz.com\/?p=170296#primaryimage"},"thumbnailUrl":"https:\/\/lospoliticosveracruz.com\/wp-content\/uploads\/2026\/03\/Jair-Clodoaldo-Xilotl-Sanchez.jpg","keywords":["Claudia Sheinbaum Pardo","Combate a la Corrupci\u00f3n","Extradici\u00f3n de pol\u00edticos mexicanos","Jair Clodoaldo Xilotl S\u00e1nchez","relaci\u00f3n M\u00e9xico-Estados Unidos","Rub\u00e9n Rocha Moya","Soberan\u00eda Nacional"],"articleSection":["De Opini\u00f3n"],"inLanguage":"es"},{"@type":"WebPage","@id":"https:\/\/lospoliticosveracruz.com\/?p=170296","url":"https:\/\/lospoliticosveracruz.com\/?p=170296","name":"LA MERA HORA! - Los pol\u00edticos Veracruz","isPartOf":{"@id":"https:\/\/lospoliticosveracruz.com\/#website"},"primaryImageOfPage":{"@id":"https:\/\/lospoliticosveracruz.com\/?p=170296#primaryimage"},"image":{"@id":"https:\/\/lospoliticosveracruz.com\/?p=170296#primaryimage"},"thumbnailUrl":"https:\/\/lospoliticosveracruz.com\/wp-content\/uploads\/2026\/03\/Jair-Clodoaldo-Xilotl-Sanchez.jpg","datePublished":"2026-04-30T22:23:34+00:00","dateModified":"2026-04-30T22:23:35+00:00","breadcrumb":{"@id":"https:\/\/lospoliticosveracruz.com\/?p=170296#breadcrumb"},"inLanguage":"es","potentialAction":[{"@type":"ReadAction","target":["https:\/\/lospoliticosveracruz.com\/?p=170296"]}]},{"@type":"ImageObject","inLanguage":"es","@id":"https:\/\/lospoliticosveracruz.com\/?p=170296#primaryimage","url":"https:\/\/lospoliticosveracruz.com\/wp-content\/uploads\/2026\/03\/Jair-Clodoaldo-Xilotl-Sanchez.jpg","contentUrl":"https:\/\/lospoliticosveracruz.com\/wp-content\/uploads\/2026\/03\/Jair-Clodoaldo-Xilotl-Sanchez.jpg","width":1250,"height":667},{"@type":"BreadcrumbList","@id":"https:\/\/lospoliticosveracruz.com\/?p=170296#breadcrumb","itemListElement":[{"@type":"ListItem","position":1,"name":"Portada","item":"https:\/\/lospoliticosveracruz.com\/"},{"@type":"ListItem","position":2,"name":"LA MERA HORA!"}]},{"@type":"WebSite","@id":"https:\/\/lospoliticosveracruz.com\/#website","url":"https:\/\/lospoliticosveracruz.com\/","name":"Los pol\u00edticos Veracruz","description":"","publisher":{"@id":"https:\/\/lospoliticosveracruz.com\/#organization"},"potentialAction":[{"@type":"SearchAction","target":{"@type":"EntryPoint","urlTemplate":"https:\/\/lospoliticosveracruz.com\/?s={search_term_string}"},"query-input":{"@type":"PropertyValueSpecification","valueRequired":true,"valueName":"search_term_string"}}],"inLanguage":"es"},{"@type":"Organization","@id":"https:\/\/lospoliticosveracruz.com\/#organization","name":"Los pol\u00edticos Veracruz","url":"https:\/\/lospoliticosveracruz.com\/","logo":{"@type":"ImageObject","inLanguage":"es","@id":"https:\/\/lospoliticosveracruz.com\/#\/schema\/logo\/image\/","url":"https:\/\/lospoliticosveracruz.com\/wp-content\/uploads\/2025\/12\/Logo-Nuevo-LOS-POLITICOS-1.jpg","contentUrl":"https:\/\/lospoliticosveracruz.com\/wp-content\/uploads\/2025\/12\/Logo-Nuevo-LOS-POLITICOS-1.jpg","width":260,"height":70,"caption":"Los pol\u00edticos Veracruz"},"image":{"@id":"https:\/\/lospoliticosveracruz.com\/#\/schema\/logo\/image\/"},"sameAs":["https:\/\/www.facebook.com\/people\/Notimemes-de-los-Polticos\/61565672886568\/","https:\/\/x.com\/LosPoliticosVer"]},{"@type":"Person","@id":"https:\/\/lospoliticosveracruz.com\/#\/schema\/person\/b8702bb0e538456e6efd07080bf2a4a2","name":"Lo viste en Los Pol\u00edticos","image":{"@type":"ImageObject","inLanguage":"es","@id":"https:\/\/secure.gravatar.com\/avatar\/3a8de04a2656d44082be478bd6c086daa447c4651605818287b9532d3d0bd435?s=96&d=mm&r=g","url":"https:\/\/secure.gravatar.com\/avatar\/3a8de04a2656d44082be478bd6c086daa447c4651605818287b9532d3d0bd435?s=96&d=mm&r=g","contentUrl":"https:\/\/secure.gravatar.com\/avatar\/3a8de04a2656d44082be478bd6c086daa447c4651605818287b9532d3d0bd435?s=96&d=mm&r=g","caption":"Lo viste en Los Pol\u00edticos"},"url":"https:\/\/lospoliticosveracruz.com\/?author=2"}]}},"_links":{"self":[{"href":"https:\/\/lospoliticosveracruz.com\/index.php?rest_route=\/wp\/v2\/posts\/170296","targetHints":{"allow":["GET"]}}],"collection":[{"href":"https:\/\/lospoliticosveracruz.com\/index.php?rest_route=\/wp\/v2\/posts"}],"about":[{"href":"https:\/\/lospoliticosveracruz.com\/index.php?rest_route=\/wp\/v2\/types\/post"}],"author":[{"embeddable":true,"href":"https:\/\/lospoliticosveracruz.com\/index.php?rest_route=\/wp\/v2\/users\/2"}],"replies":[{"embeddable":true,"href":"https:\/\/lospoliticosveracruz.com\/index.php?rest_route=%2Fwp%2Fv2%2Fcomments&post=170296"}],"version-history":[{"count":1,"href":"https:\/\/lospoliticosveracruz.com\/index.php?rest_route=\/wp\/v2\/posts\/170296\/revisions"}],"predecessor-version":[{"id":170297,"href":"https:\/\/lospoliticosveracruz.com\/index.php?rest_route=\/wp\/v2\/posts\/170296\/revisions\/170297"}],"wp:featuredmedia":[{"embeddable":true,"href":"https:\/\/lospoliticosveracruz.com\/index.php?rest_route=\/wp\/v2\/media\/166404"}],"wp:attachment":[{"href":"https:\/\/lospoliticosveracruz.com\/index.php?rest_route=%2Fwp%2Fv2%2Fmedia&parent=170296"}],"wp:term":[{"taxonomy":"category","embeddable":true,"href":"https:\/\/lospoliticosveracruz.com\/index.php?rest_route=%2Fwp%2Fv2%2Fcategories&post=170296"},{"taxonomy":"post_tag","embeddable":true,"href":"https:\/\/lospoliticosveracruz.com\/index.php?rest_route=%2Fwp%2Fv2%2Ftags&post=170296"}],"curies":[{"name":"wp","href":"https:\/\/api.w.org\/{rel}","templated":true}]}}