{"id":170304,"date":"2026-04-30T18:31:01","date_gmt":"2026-05-01T00:31:01","guid":{"rendered":"https:\/\/lospoliticosveracruz.com\/?p=170304"},"modified":"2026-04-30T18:31:02","modified_gmt":"2026-05-01T00:31:02","slug":"muertes-en-el-sector-agropecuario","status":"publish","type":"post","link":"https:\/\/lospoliticosveracruz.com\/?p=170304","title":{"rendered":"MUERTES EN EL SECTOR AGROPECUARIO"},"content":{"rendered":"\n<p><strong>Agust\u00edn Torres Delgado<\/strong><\/p>\n\n\n\n<p><em>Pa\u2019 Vivir a gusto<\/em><\/p>\n\n\n\n<p>El pasado 22 de abril le\u00ed con tristeza la noticia del asesinato de la l\u00edder ganadera Lina Alejandra Rodr\u00edguez Castillo, quien fue cobardemente atacada en el municipio de Cuauht\u00e9moc, Chihuahua. Lina Rodr\u00edguez era secretaria nacional de Mujeres Ganaderas de M\u00e9xico (MUGAM). Era muy reconocida por su liderazgo en el sector ganadero y, sobre todo, porque hab\u00eda trabajado arduamente por la participaci\u00f3n de las mujeres en la industria agropecuaria (un sector que hist\u00f3ricamente ha sido dominado por hombres), en el que busc\u00f3 oportunidades para que las mujeres ganaderas de dicha organizaci\u00f3n se desarrollaran mejor.<\/p>\n\n\n\n<p>La violencia contra las personas l\u00edderes del sector agropecuario no siempre ocupa los encabezados nacionales ni tiene el alboroto de los grandes operativos. No existe un registro p\u00fablico \u00fanico y completo de \u201cl\u00edderes ganaderos asesinados\u201d en M\u00e9xico; la informaci\u00f3n est\u00e1 dispersa en notas de medios y en uno que otro portal oficial. Aun as\u00ed, con base en casos documentados, se puede reconstruir un panorama bastante claro y, al mismo tiempo, desolador, porque todos ellos terminan en impunidad.<\/p>\n\n\n\n<p>Desde el sexenio de la llamada Guerra contra el narcotr\u00e1fico, los productores pecuarios se convirtieron tambi\u00e9n en objetivos del crimen organizado. Es desgastante, pero necesario, recordarle al gobierno federal que no son n\u00fameros: son personas, son familias.<\/p>\n\n\n\n<p>El recuento es lamentablemente amplio. En Morelos, en 2014, los l\u00edderes ganaderos de la zona sur, Rub\u00e9n Bar\u00f3n L\u00f3pez y Roberto Carlos Mill\u00e1n Capistr\u00e1n, fueron secuestrados y d\u00edas despu\u00e9s encontrados sin vida; ellos representaban a peque\u00f1os productores.<\/p>\n\n\n\n<p>En Sinaloa (\u00bfqu\u00e9 podemos decir de un estado en el que la violencia es el d\u00eda a d\u00eda?) Faustino Hern\u00e1ndez \u00c1lvarez, Ram\u00f3n Alberto Vel\u00e1zquez Ontiveros y otros dirigentes del sector fueron asesinados en un contexto donde el control territorial tiene m\u00e1s valor que la propia vida. Eran activistas y defensores valientes de su gremio en un estado en donde predomina el crimen.<\/p>\n\n\n\n<p>En Chihuahua se repite el escenario con una crudeza casi de rutina: van diez ganaderos asesinados desde 2017; Lina Rodr\u00edguez es el tercer caso en lo que va de 2026. Diez familias truncadas, diez casos sin resolver, diez casos indignantes en espera de justicia.<\/p>\n\n\n\n<p>El l\u00edder ganadero Samuel Gonz\u00e1lez Rodr\u00edguez, de 69 a\u00f1os, fue asesinado a balazos en el municipio de Cuauht\u00e9moc, Colima, en marzo de este a\u00f1o, tras ser interceptado por hombres armados cuando sal\u00eda de un rancho. Ten\u00eda una destacada trayectoria vinculada al campo, la representaci\u00f3n de productores y la defensa de apoyos para el sector rural.<\/p>\n\n\n\n<p>En Zacatecas, en 2023, fue asesinado a tiros el l\u00edder ganadero Cuauht\u00e9moc Rayas, presidente de la Uni\u00f3n Ganadera Regional local. En 2017 hab\u00eda sufrido el asesinato de su hijo de 23 a\u00f1os, \u00d3scar Rosendo Rayas Valdez, en un intento de secuestro. El l\u00edder ganadero era conocido por su activismo en la defensa de los intereses de los productores de ganado de esa regi\u00f3n.<\/p>\n\n\n\n<p>Veracruz tampoco escapa, Rub\u00e9n Cruz Sagastume fue un destacado l\u00edder campesino y ganadero en el norte del estado, integrante de la Confederaci\u00f3n Nacional Campesina (CNC). Fue asesinado a balazos el 11 de abril de 2025 dentro de sus oficinas en Tuxpan. En agosto del mismo a\u00f1o, Gustavo Hern\u00e1ndez Viru\u00e9s, l\u00edder ganadero y m\u00e9dico veterinario en Xico, muri\u00f3 a golpes en su rancho, en lo que se dijo fue un robo violento. Diferentes contextos, s\u00ed; mismo resultado: la vida arrebatada y la justicia ausente.<\/p>\n\n\n\n<p>Podr\u00edamos mencionar muchos otros casos en todo el pa\u00eds. Esto es solo una muestra, y es lamentable que lo que une a estos casos, adem\u00e1s de lo obvio, sea la impunidad. En la mayor\u00eda de estos asesinatos no hay detenidos y, si los hay, es por delitos menores. La cadena de responsabilidad nunca llega a quienes ordenaron, financiaron o permitieron los cr\u00edmenes. El Estado aparece tarde, mal o nunca; o, cuando lo hace, es para dar comunicados, pero sin resultados.<\/p>\n\n\n\n<p>La narrativa oficial siempre habla de \u201chechos aislados\u201d, aunque se repitan en Sinaloa, Veracruz, Chihuahua, Jalisco, Sonora y Colima. No solo es el crimen organizado; es tambi\u00e9n la ausencia del Estado, la normalizaci\u00f3n de la extorsi\u00f3n y del control territorial. Es incapacidad, es falta de voluntad.<\/p>\n\n\n\n<p>Las mujeres y los hombres l\u00edderes ganaderos y del sector agropecuario son personas cercanas a su gente, conocidas por su comunidad; gente que organiza, gestiona apoyos y defiende a sus comunidades. Su liderazgo no viene del poder pol\u00edtico, sino del reconocimiento directo de su gente. Un Estado que permite que sus l\u00edderes rurales y agropecuarios sean asesinados sin consecuencias est\u00e1 fall\u00e1ndole profundamente a miles de familias que pertenecen a uno de los pilares de la econom\u00eda nacional. Eso no solo es una falla en otorgar seguridad: es abandono al campo y a su gente.<\/p>\n\n\n\n<p>Agust\u00edn Torres Delgado<\/p>\n\n\n\n<p>Secretario General de Acuerdos<\/p>\n\n\n\n<p>Movimiento Ciudadano<\/p>\n","protected":false},"excerpt":{"rendered":"<p>Agust\u00edn Torres Delgado Pa\u2019 Vivir a gusto El pasado 22 de abril le\u00ed con tristeza la noticia del asesinato de la l\u00edder ganadera Lina Alejandra Rodr\u00edguez Castillo, quien fue cobardemente atacada en el municipio de Cuauht\u00e9moc, Chihuahua. Lina Rodr\u00edguez era secretaria nacional de Mujeres Ganaderas de M\u00e9xico (MUGAM). Era muy reconocida por su liderazgo en [&hellip;]<\/p>\n","protected":false},"author":2,"featured_media":151473,"comment_status":"closed","ping_status":"closed","sticky":false,"template":"","format":"standard","meta":{"tdm_status":"","tdm_grid_status":"","footnotes":""},"categories":[70],"tags":[1534,62863,6657,62860,62861,62862,11054],"class_list":{"0":"post-170304","1":"post","2":"type-post","3":"status-publish","4":"format-standard","5":"has-post-thumbnail","7":"category-de-opinion","8":"tag-ayuntamiento-de-xalapa","9":"tag-cam-55-xalapa","10":"tag-daniela-griego-ceballos","11":"tag-huertos-comunitarios-xalapa","12":"tag-huertos-por-el-bien-de-xalapa","13":"tag-juventud-xalapa","14":"tag-rafael-alarcon-barrientos"},"yoast_head":"<!-- This site is optimized with the Yoast SEO plugin v27.4 - https:\/\/yoast.com\/product\/yoast-seo-wordpress\/ -->\n<title>MUERTES EN EL SECTOR AGROPECUARIO - Los pol\u00edticos Veracruz<\/title>\n<meta name=\"robots\" content=\"index, follow, max-snippet:-1, max-image-preview:large, max-video-preview:-1\" \/>\n<link rel=\"canonical\" href=\"https:\/\/lospoliticosveracruz.com\/?p=170304\" \/>\n<meta property=\"og:locale\" content=\"es_ES\" \/>\n<meta property=\"og:type\" content=\"article\" \/>\n<meta property=\"og:title\" content=\"MUERTES EN EL SECTOR AGROPECUARIO - Los pol\u00edticos Veracruz\" \/>\n<meta property=\"og:description\" content=\"Agust\u00edn Torres Delgado Pa\u2019 Vivir a gusto El pasado 22 de abril le\u00ed con tristeza la noticia del asesinato de la l\u00edder ganadera Lina Alejandra Rodr\u00edguez Castillo, quien fue cobardemente atacada en el municipio de Cuauht\u00e9moc, Chihuahua. Lina Rodr\u00edguez era secretaria nacional de Mujeres Ganaderas de M\u00e9xico (MUGAM). Era muy reconocida por su liderazgo en [&hellip;]\" \/>\n<meta property=\"og:url\" content=\"https:\/\/lospoliticosveracruz.com\/?p=170304\" \/>\n<meta property=\"og:site_name\" content=\"Los pol\u00edticos Veracruz\" \/>\n<meta property=\"article:publisher\" content=\"https:\/\/www.facebook.com\/people\/Notimemes-de-los-Polticos\/61565672886568\/\" \/>\n<meta property=\"article:published_time\" content=\"2026-05-01T00:31:01+00:00\" \/>\n<meta property=\"article:modified_time\" content=\"2026-05-01T00:31:02+00:00\" \/>\n<meta property=\"og:image\" content=\"https:\/\/lospoliticosveracruz.com\/wp-content\/uploads\/2025\/08\/Agustin-Torres-Delgado.jpg\" \/>\n\t<meta property=\"og:image:width\" content=\"1250\" \/>\n\t<meta property=\"og:image:height\" content=\"667\" \/>\n\t<meta property=\"og:image:type\" content=\"image\/jpeg\" \/>\n<meta name=\"author\" content=\"Lo viste en Los Pol\u00edticos\" \/>\n<meta name=\"twitter:card\" content=\"summary_large_image\" \/>\n<meta name=\"twitter:creator\" content=\"@LosPoliticosVer\" \/>\n<meta name=\"twitter:site\" content=\"@LosPoliticosVer\" \/>\n<meta name=\"twitter:label1\" content=\"Escrito por\" \/>\n\t<meta name=\"twitter:data1\" content=\"Lo viste en Los Pol\u00edticos\" \/>\n\t<meta name=\"twitter:label2\" content=\"Tiempo de lectura\" \/>\n\t<meta name=\"twitter:data2\" content=\"4 minutos\" \/>\n<script type=\"application\/ld+json\" class=\"yoast-schema-graph\">{\"@context\":\"https:\\\/\\\/schema.org\",\"@graph\":[{\"@type\":\"Article\",\"@id\":\"https:\\\/\\\/lospoliticosveracruz.com\\\/?p=170304#article\",\"isPartOf\":{\"@id\":\"https:\\\/\\\/lospoliticosveracruz.com\\\/?p=170304\"},\"author\":{\"name\":\"Lo viste en Los Pol\u00edticos\",\"@id\":\"https:\\\/\\\/lospoliticosveracruz.com\\\/#\\\/schema\\\/person\\\/b8702bb0e538456e6efd07080bf2a4a2\"},\"headline\":\"MUERTES EN EL SECTOR AGROPECUARIO\",\"datePublished\":\"2026-05-01T00:31:01+00:00\",\"dateModified\":\"2026-05-01T00:31:02+00:00\",\"mainEntityOfPage\":{\"@id\":\"https:\\\/\\\/lospoliticosveracruz.com\\\/?p=170304\"},\"wordCount\":854,\"publisher\":{\"@id\":\"https:\\\/\\\/lospoliticosveracruz.com\\\/#organization\"},\"image\":{\"@id\":\"https:\\\/\\\/lospoliticosveracruz.com\\\/?p=170304#primaryimage\"},\"thumbnailUrl\":\"https:\\\/\\\/lospoliticosveracruz.com\\\/wp-content\\\/uploads\\\/2025\\\/08\\\/Agustin-Torres-Delgado.jpg\",\"keywords\":[\"ayuntamiento de Xalapa\",\"CAM 55 Xalapa\",\"Daniela Griego Ceballos\",\"Huertos comunitarios Xalapa\",\"Huertos por el Bien de Xalapa\",\"Juventud Xalapa\",\"Rafael Alarc\u00f3n Barrientos\"],\"articleSection\":[\"De Opini\u00f3n\"],\"inLanguage\":\"es\"},{\"@type\":\"WebPage\",\"@id\":\"https:\\\/\\\/lospoliticosveracruz.com\\\/?p=170304\",\"url\":\"https:\\\/\\\/lospoliticosveracruz.com\\\/?p=170304\",\"name\":\"MUERTES EN EL SECTOR AGROPECUARIO - Los pol\u00edticos Veracruz\",\"isPartOf\":{\"@id\":\"https:\\\/\\\/lospoliticosveracruz.com\\\/#website\"},\"primaryImageOfPage\":{\"@id\":\"https:\\\/\\\/lospoliticosveracruz.com\\\/?p=170304#primaryimage\"},\"image\":{\"@id\":\"https:\\\/\\\/lospoliticosveracruz.com\\\/?p=170304#primaryimage\"},\"thumbnailUrl\":\"https:\\\/\\\/lospoliticosveracruz.com\\\/wp-content\\\/uploads\\\/2025\\\/08\\\/Agustin-Torres-Delgado.jpg\",\"datePublished\":\"2026-05-01T00:31:01+00:00\",\"dateModified\":\"2026-05-01T00:31:02+00:00\",\"breadcrumb\":{\"@id\":\"https:\\\/\\\/lospoliticosveracruz.com\\\/?p=170304#breadcrumb\"},\"inLanguage\":\"es\",\"potentialAction\":[{\"@type\":\"ReadAction\",\"target\":[\"https:\\\/\\\/lospoliticosveracruz.com\\\/?p=170304\"]}]},{\"@type\":\"ImageObject\",\"inLanguage\":\"es\",\"@id\":\"https:\\\/\\\/lospoliticosveracruz.com\\\/?p=170304#primaryimage\",\"url\":\"https:\\\/\\\/lospoliticosveracruz.com\\\/wp-content\\\/uploads\\\/2025\\\/08\\\/Agustin-Torres-Delgado.jpg\",\"contentUrl\":\"https:\\\/\\\/lospoliticosveracruz.com\\\/wp-content\\\/uploads\\\/2025\\\/08\\\/Agustin-Torres-Delgado.jpg\",\"width\":1250,\"height\":667},{\"@type\":\"BreadcrumbList\",\"@id\":\"https:\\\/\\\/lospoliticosveracruz.com\\\/?p=170304#breadcrumb\",\"itemListElement\":[{\"@type\":\"ListItem\",\"position\":1,\"name\":\"Portada\",\"item\":\"https:\\\/\\\/lospoliticosveracruz.com\\\/\"},{\"@type\":\"ListItem\",\"position\":2,\"name\":\"MUERTES EN EL SECTOR AGROPECUARIO\"}]},{\"@type\":\"WebSite\",\"@id\":\"https:\\\/\\\/lospoliticosveracruz.com\\\/#website\",\"url\":\"https:\\\/\\\/lospoliticosveracruz.com\\\/\",\"name\":\"Los pol\u00edticos Veracruz\",\"description\":\"\",\"publisher\":{\"@id\":\"https:\\\/\\\/lospoliticosveracruz.com\\\/#organization\"},\"potentialAction\":[{\"@type\":\"SearchAction\",\"target\":{\"@type\":\"EntryPoint\",\"urlTemplate\":\"https:\\\/\\\/lospoliticosveracruz.com\\\/?s={search_term_string}\"},\"query-input\":{\"@type\":\"PropertyValueSpecification\",\"valueRequired\":true,\"valueName\":\"search_term_string\"}}],\"inLanguage\":\"es\"},{\"@type\":\"Organization\",\"@id\":\"https:\\\/\\\/lospoliticosveracruz.com\\\/#organization\",\"name\":\"Los pol\u00edticos Veracruz\",\"url\":\"https:\\\/\\\/lospoliticosveracruz.com\\\/\",\"logo\":{\"@type\":\"ImageObject\",\"inLanguage\":\"es\",\"@id\":\"https:\\\/\\\/lospoliticosveracruz.com\\\/#\\\/schema\\\/logo\\\/image\\\/\",\"url\":\"https:\\\/\\\/lospoliticosveracruz.com\\\/wp-content\\\/uploads\\\/2025\\\/12\\\/Logo-Nuevo-LOS-POLITICOS-1.jpg\",\"contentUrl\":\"https:\\\/\\\/lospoliticosveracruz.com\\\/wp-content\\\/uploads\\\/2025\\\/12\\\/Logo-Nuevo-LOS-POLITICOS-1.jpg\",\"width\":260,\"height\":70,\"caption\":\"Los pol\u00edticos Veracruz\"},\"image\":{\"@id\":\"https:\\\/\\\/lospoliticosveracruz.com\\\/#\\\/schema\\\/logo\\\/image\\\/\"},\"sameAs\":[\"https:\\\/\\\/www.facebook.com\\\/people\\\/Notimemes-de-los-Polticos\\\/61565672886568\\\/\",\"https:\\\/\\\/x.com\\\/LosPoliticosVer\"]},{\"@type\":\"Person\",\"@id\":\"https:\\\/\\\/lospoliticosveracruz.com\\\/#\\\/schema\\\/person\\\/b8702bb0e538456e6efd07080bf2a4a2\",\"name\":\"Lo viste en Los Pol\u00edticos\",\"image\":{\"@type\":\"ImageObject\",\"inLanguage\":\"es\",\"@id\":\"https:\\\/\\\/secure.gravatar.com\\\/avatar\\\/3a8de04a2656d44082be478bd6c086daa447c4651605818287b9532d3d0bd435?s=96&d=mm&r=g\",\"url\":\"https:\\\/\\\/secure.gravatar.com\\\/avatar\\\/3a8de04a2656d44082be478bd6c086daa447c4651605818287b9532d3d0bd435?s=96&d=mm&r=g\",\"contentUrl\":\"https:\\\/\\\/secure.gravatar.com\\\/avatar\\\/3a8de04a2656d44082be478bd6c086daa447c4651605818287b9532d3d0bd435?s=96&d=mm&r=g\",\"caption\":\"Lo viste en Los Pol\u00edticos\"},\"url\":\"https:\\\/\\\/lospoliticosveracruz.com\\\/?author=2\"}]}<\/script>\n<!-- \/ Yoast SEO plugin. -->","yoast_head_json":{"title":"MUERTES EN EL SECTOR AGROPECUARIO - Los pol\u00edticos Veracruz","robots":{"index":"index","follow":"follow","max-snippet":"max-snippet:-1","max-image-preview":"max-image-preview:large","max-video-preview":"max-video-preview:-1"},"canonical":"https:\/\/lospoliticosveracruz.com\/?p=170304","og_locale":"es_ES","og_type":"article","og_title":"MUERTES EN EL SECTOR AGROPECUARIO - Los pol\u00edticos Veracruz","og_description":"Agust\u00edn Torres Delgado Pa\u2019 Vivir a gusto El pasado 22 de abril le\u00ed con tristeza la noticia del asesinato de la l\u00edder ganadera Lina Alejandra Rodr\u00edguez Castillo, quien fue cobardemente atacada en el municipio de Cuauht\u00e9moc, Chihuahua. Lina Rodr\u00edguez era secretaria nacional de Mujeres Ganaderas de M\u00e9xico (MUGAM). Era muy reconocida por su liderazgo en [&hellip;]","og_url":"https:\/\/lospoliticosveracruz.com\/?p=170304","og_site_name":"Los pol\u00edticos Veracruz","article_publisher":"https:\/\/www.facebook.com\/people\/Notimemes-de-los-Polticos\/61565672886568\/","article_published_time":"2026-05-01T00:31:01+00:00","article_modified_time":"2026-05-01T00:31:02+00:00","og_image":[{"width":1250,"height":667,"url":"https:\/\/lospoliticosveracruz.com\/wp-content\/uploads\/2025\/08\/Agustin-Torres-Delgado.jpg","type":"image\/jpeg"}],"author":"Lo viste en Los Pol\u00edticos","twitter_card":"summary_large_image","twitter_creator":"@LosPoliticosVer","twitter_site":"@LosPoliticosVer","twitter_misc":{"Escrito por":"Lo viste en Los Pol\u00edticos","Tiempo de lectura":"4 minutos"},"schema":{"@context":"https:\/\/schema.org","@graph":[{"@type":"Article","@id":"https:\/\/lospoliticosveracruz.com\/?p=170304#article","isPartOf":{"@id":"https:\/\/lospoliticosveracruz.com\/?p=170304"},"author":{"name":"Lo viste en Los Pol\u00edticos","@id":"https:\/\/lospoliticosveracruz.com\/#\/schema\/person\/b8702bb0e538456e6efd07080bf2a4a2"},"headline":"MUERTES EN EL SECTOR AGROPECUARIO","datePublished":"2026-05-01T00:31:01+00:00","dateModified":"2026-05-01T00:31:02+00:00","mainEntityOfPage":{"@id":"https:\/\/lospoliticosveracruz.com\/?p=170304"},"wordCount":854,"publisher":{"@id":"https:\/\/lospoliticosveracruz.com\/#organization"},"image":{"@id":"https:\/\/lospoliticosveracruz.com\/?p=170304#primaryimage"},"thumbnailUrl":"https:\/\/lospoliticosveracruz.com\/wp-content\/uploads\/2025\/08\/Agustin-Torres-Delgado.jpg","keywords":["ayuntamiento de Xalapa","CAM 55 Xalapa","Daniela Griego Ceballos","Huertos comunitarios Xalapa","Huertos por el Bien de Xalapa","Juventud Xalapa","Rafael Alarc\u00f3n Barrientos"],"articleSection":["De Opini\u00f3n"],"inLanguage":"es"},{"@type":"WebPage","@id":"https:\/\/lospoliticosveracruz.com\/?p=170304","url":"https:\/\/lospoliticosveracruz.com\/?p=170304","name":"MUERTES EN EL SECTOR AGROPECUARIO - Los pol\u00edticos Veracruz","isPartOf":{"@id":"https:\/\/lospoliticosveracruz.com\/#website"},"primaryImageOfPage":{"@id":"https:\/\/lospoliticosveracruz.com\/?p=170304#primaryimage"},"image":{"@id":"https:\/\/lospoliticosveracruz.com\/?p=170304#primaryimage"},"thumbnailUrl":"https:\/\/lospoliticosveracruz.com\/wp-content\/uploads\/2025\/08\/Agustin-Torres-Delgado.jpg","datePublished":"2026-05-01T00:31:01+00:00","dateModified":"2026-05-01T00:31:02+00:00","breadcrumb":{"@id":"https:\/\/lospoliticosveracruz.com\/?p=170304#breadcrumb"},"inLanguage":"es","potentialAction":[{"@type":"ReadAction","target":["https:\/\/lospoliticosveracruz.com\/?p=170304"]}]},{"@type":"ImageObject","inLanguage":"es","@id":"https:\/\/lospoliticosveracruz.com\/?p=170304#primaryimage","url":"https:\/\/lospoliticosveracruz.com\/wp-content\/uploads\/2025\/08\/Agustin-Torres-Delgado.jpg","contentUrl":"https:\/\/lospoliticosveracruz.com\/wp-content\/uploads\/2025\/08\/Agustin-Torres-Delgado.jpg","width":1250,"height":667},{"@type":"BreadcrumbList","@id":"https:\/\/lospoliticosveracruz.com\/?p=170304#breadcrumb","itemListElement":[{"@type":"ListItem","position":1,"name":"Portada","item":"https:\/\/lospoliticosveracruz.com\/"},{"@type":"ListItem","position":2,"name":"MUERTES EN EL SECTOR AGROPECUARIO"}]},{"@type":"WebSite","@id":"https:\/\/lospoliticosveracruz.com\/#website","url":"https:\/\/lospoliticosveracruz.com\/","name":"Los pol\u00edticos Veracruz","description":"","publisher":{"@id":"https:\/\/lospoliticosveracruz.com\/#organization"},"potentialAction":[{"@type":"SearchAction","target":{"@type":"EntryPoint","urlTemplate":"https:\/\/lospoliticosveracruz.com\/?s={search_term_string}"},"query-input":{"@type":"PropertyValueSpecification","valueRequired":true,"valueName":"search_term_string"}}],"inLanguage":"es"},{"@type":"Organization","@id":"https:\/\/lospoliticosveracruz.com\/#organization","name":"Los pol\u00edticos Veracruz","url":"https:\/\/lospoliticosveracruz.com\/","logo":{"@type":"ImageObject","inLanguage":"es","@id":"https:\/\/lospoliticosveracruz.com\/#\/schema\/logo\/image\/","url":"https:\/\/lospoliticosveracruz.com\/wp-content\/uploads\/2025\/12\/Logo-Nuevo-LOS-POLITICOS-1.jpg","contentUrl":"https:\/\/lospoliticosveracruz.com\/wp-content\/uploads\/2025\/12\/Logo-Nuevo-LOS-POLITICOS-1.jpg","width":260,"height":70,"caption":"Los pol\u00edticos Veracruz"},"image":{"@id":"https:\/\/lospoliticosveracruz.com\/#\/schema\/logo\/image\/"},"sameAs":["https:\/\/www.facebook.com\/people\/Notimemes-de-los-Polticos\/61565672886568\/","https:\/\/x.com\/LosPoliticosVer"]},{"@type":"Person","@id":"https:\/\/lospoliticosveracruz.com\/#\/schema\/person\/b8702bb0e538456e6efd07080bf2a4a2","name":"Lo viste en Los Pol\u00edticos","image":{"@type":"ImageObject","inLanguage":"es","@id":"https:\/\/secure.gravatar.com\/avatar\/3a8de04a2656d44082be478bd6c086daa447c4651605818287b9532d3d0bd435?s=96&d=mm&r=g","url":"https:\/\/secure.gravatar.com\/avatar\/3a8de04a2656d44082be478bd6c086daa447c4651605818287b9532d3d0bd435?s=96&d=mm&r=g","contentUrl":"https:\/\/secure.gravatar.com\/avatar\/3a8de04a2656d44082be478bd6c086daa447c4651605818287b9532d3d0bd435?s=96&d=mm&r=g","caption":"Lo viste en Los Pol\u00edticos"},"url":"https:\/\/lospoliticosveracruz.com\/?author=2"}]}},"_links":{"self":[{"href":"https:\/\/lospoliticosveracruz.com\/index.php?rest_route=\/wp\/v2\/posts\/170304","targetHints":{"allow":["GET"]}}],"collection":[{"href":"https:\/\/lospoliticosveracruz.com\/index.php?rest_route=\/wp\/v2\/posts"}],"about":[{"href":"https:\/\/lospoliticosveracruz.com\/index.php?rest_route=\/wp\/v2\/types\/post"}],"author":[{"embeddable":true,"href":"https:\/\/lospoliticosveracruz.com\/index.php?rest_route=\/wp\/v2\/users\/2"}],"replies":[{"embeddable":true,"href":"https:\/\/lospoliticosveracruz.com\/index.php?rest_route=%2Fwp%2Fv2%2Fcomments&post=170304"}],"version-history":[{"count":1,"href":"https:\/\/lospoliticosveracruz.com\/index.php?rest_route=\/wp\/v2\/posts\/170304\/revisions"}],"predecessor-version":[{"id":170305,"href":"https:\/\/lospoliticosveracruz.com\/index.php?rest_route=\/wp\/v2\/posts\/170304\/revisions\/170305"}],"wp:featuredmedia":[{"embeddable":true,"href":"https:\/\/lospoliticosveracruz.com\/index.php?rest_route=\/wp\/v2\/media\/151473"}],"wp:attachment":[{"href":"https:\/\/lospoliticosveracruz.com\/index.php?rest_route=%2Fwp%2Fv2%2Fmedia&parent=170304"}],"wp:term":[{"taxonomy":"category","embeddable":true,"href":"https:\/\/lospoliticosveracruz.com\/index.php?rest_route=%2Fwp%2Fv2%2Fcategories&post=170304"},{"taxonomy":"post_tag","embeddable":true,"href":"https:\/\/lospoliticosveracruz.com\/index.php?rest_route=%2Fwp%2Fv2%2Ftags&post=170304"}],"curies":[{"name":"wp","href":"https:\/\/api.w.org\/{rel}","templated":true}]}}