{"id":170317,"date":"2026-04-30T19:47:15","date_gmt":"2026-05-01T01:47:15","guid":{"rendered":"https:\/\/lospoliticosveracruz.com\/?p=170317"},"modified":"2026-04-30T19:58:33","modified_gmt":"2026-05-01T01:58:33","slug":"morena-en-veracruz","status":"publish","type":"post","link":"https:\/\/lospoliticosveracruz.com\/?p=170317","title":{"rendered":"MORENA EN VERACRUZ"},"content":{"rendered":"\n<p><\/p>\n\n\n\n<p><strong>Carlos Miguel Acosta Bravo<br><\/strong><em>Impronta<\/em><\/p>\n\n\n\n<p>Las cr\u00edticas contra la gobernadora no son un hecho aislado, son el s\u00edntoma de una tensi\u00f3n interna que, si no se contiene, puede reconfigurar el mapa pol\u00edtico en Veracruz.<br>En pol\u00edtica, las declaraciones nunca son inocentes. Cuando una figura como la del padre del exgobernador Cuit\u00e1huac Garc\u00eda Jim\u00e9nez, con peso local cuestiona a la gobernadora Roc\u00edo Nahle, el mensaje va mucho m\u00e1s all\u00e1 de una diferencia personal, exhibe fisuras dentro de Morena que podr\u00edan escalar en un momento clave para el futuro del partido en el estado.<br>Lo que est\u00e1 en juego no es solo la narrativa p\u00fablica, sino el control pol\u00edtico rumbo a 2027. Una fractura que no es nueva, pero s\u00ed m\u00e1s visible, las cr\u00edticas sobre el arraigo o el conocimiento del estado no son casuales. Apuntan a una tensi\u00f3n de fondo, la disputa entre liderazgos locales y estructuras vinculadas al poder central.<br>Este tipo de se\u00f1alamientos suele aparecer cuando hay inconformidad en temas sensibles, la distribuci\u00f3n de posiciones, el acceso a candidaturas y la toma de decisiones estrat\u00e9gicas. En otras palabras, cuando los equilibrios internos empiezan a romperse.<br>Y ah\u00ed est\u00e1 el verdadero riesgo, que la discusi\u00f3n deje de ser interna y se convierta en una confrontaci\u00f3n abierta.<br>El proceso interno, donde se gana o se pierde todo, antes que en las urnas, los partidos ganan o pierden en su propio proceso interno.<br>Si estas tensiones crecen, Morena podr\u00eda enfrentar un escenario complicado, bloques enfrentados, disputas por candidaturas y decisiones que ya no se resuelven por consenso, sino por presi\u00f3n o ruptura.<br>En ese contexto, el liderazgo de la gobernadora puede verse debilitado, no necesariamente por la oposici\u00f3n, sino por la incapacidad de cohesionar al propio partido.<br>La historia pol\u00edtica reciente en M\u00e9xico lo confirma, los partidos dominantes no se fracturan de un d\u00eda para otro, pero s\u00ed comienzan a desgastarse desde dentro.Basta asomarse a la historia reciente del PRI, del PRD para tener una idea.<br>En 2027, el riesgo no es perder, sino dividirse, Morena mantiene una base electoral s\u00f3lida, pero eso no lo vuelve inmune.<br>El mayor peligro no es una derrota inmediata, sino una erosi\u00f3n progresiva, Menor capacidad de movilizaci\u00f3n territorial, candidaturas sin respaldo unificado, liderazgos que operan por separado o incluso en contra.<br>Ese tipo de fracturas no siempre se reflejan de inmediato en las urnas, pero s\u00ed debilitan la estructura pol\u00edtica que sostiene al partido.<br>Hasta el momento la oposici\u00f3n esta de espectadora\u2026 hasta que deje de serlo cuando el partido en el poder se divide, la oposici\u00f3n no necesita hacer demasiado.<br>Las disputas internas generan narrativas de crisis, desorden o imposici\u00f3n que terminan siendo m\u00e1s efectivas que cualquier campa\u00f1a. Incluso una oposici\u00f3n d\u00e9bil puede capitalizar el desgaste si el conflicto se vuelve constante y visible.<br>Porque en pol\u00edtica, muchas veces se pierde m\u00e1s por errores propios que por aciertos ajenos. Gobernar en medio del conflicto, M\u00e1s all\u00e1 del terreno electoral, estas tensiones tienen efectos inmediatos.<br>Impactan la percepci\u00f3n de liderazgo, generan dudas sobre la estabilidad pol\u00edtica y pueden complicar la relaci\u00f3n con actores clave: alcaldes, empresarios o sectores sociales.<br>Si el conflicto escala, el costo no solo es pol\u00edtico, sino tambi\u00e9n en la capacidad de gobernar con eficacia. El fondo del problema, nada de esto es casual. Estas declaraciones forman parte de una disputa anticipada por el poder.<br>En estados donde un solo partido concentra fuerza, la verdadera competencia no est\u00e1 afuera, sino adentro. Y ah\u00ed es donde se definen las candidaturas, los liderazgos\u2026 y muchas veces, el resultado final.<br>El reto de Morena consiste en que la cr\u00edtica contra Roc\u00edo Nahle puede ser un episodio m\u00e1s\u2026 o el inicio de una fractura mayor. Todo depender\u00e1 de la capacidad de Morena y de la propia Gobernadora para procesar sus conflictos internos y lograr la unidad interna.<br>Si logra contenerlos, el impacto ser\u00e1 limitado. Si no, el riesgo es claro, desgaste, divisi\u00f3n y una ventana abierta para que otros actores pol\u00edticos avancen.<br>Porque al final, en pol\u00edtica, el mayor enemigo de un partido en el poder no siempre est\u00e1 enfrente\u2026 sino dentro de sus propias filas.<br>Comente u opine a:<br>cacostabravo@yahoo.com.mx<br>Maestro en Comunicaci\u00f3n por la Universidad Iberoamericana. Form\u00f3 parte del cuerpo acad\u00e9mico en comunicaci\u00f3n en la Ibero y en la Universidad An\u00e1huac, campus norte CDMX.<\/p>\n","protected":false},"excerpt":{"rendered":"<p>Carlos Miguel Acosta BravoImpronta Las cr\u00edticas contra la gobernadora no son un hecho aislado, son el s\u00edntoma de una tensi\u00f3n interna que, si no se contiene, puede reconfigurar el mapa pol\u00edtico en Veracruz.En pol\u00edtica, las declaraciones nunca son inocentes. Cuando una figura como la del padre del exgobernador Cuit\u00e1huac Garc\u00eda Jim\u00e9nez, con peso local cuestiona [&hellip;]<\/p>\n","protected":false},"author":2,"featured_media":141377,"comment_status":"closed","ping_status":"closed","sticky":false,"template":"","format":"standard","meta":{"tdm_status":"","tdm_grid_status":"","footnotes":""},"categories":[70],"tags":[62679,43303,50972,1563,46524,20351,3578],"class_list":{"0":"post-170317","1":"post","2":"type-post","3":"status-publish","4":"format-standard","5":"has-post-thumbnail","7":"category-de-opinion","8":"tag-atanasio-garcia-duran","9":"tag-carlos-miguel-acosta-bravo-2","10":"tag-crisis-interna-morena-veracruz","11":"tag-cuitlahuac-garcia-jimenez","12":"tag-elecciones-2027-veracruz","13":"tag-morena-en-veracruz","14":"tag-rocio-nahle"},"yoast_head":"<!-- This site is optimized with the Yoast SEO plugin v27.4 - https:\/\/yoast.com\/product\/yoast-seo-wordpress\/ -->\n<title>MORENA EN VERACRUZ - Los pol\u00edticos Veracruz<\/title>\n<meta name=\"robots\" content=\"index, follow, max-snippet:-1, max-image-preview:large, max-video-preview:-1\" \/>\n<link rel=\"canonical\" href=\"https:\/\/lospoliticosveracruz.com\/?p=170317\" \/>\n<meta property=\"og:locale\" content=\"es_ES\" \/>\n<meta property=\"og:type\" content=\"article\" \/>\n<meta property=\"og:title\" content=\"MORENA EN VERACRUZ - Los pol\u00edticos Veracruz\" \/>\n<meta property=\"og:description\" content=\"Carlos Miguel Acosta BravoImpronta Las cr\u00edticas contra la gobernadora no son un hecho aislado, son el s\u00edntoma de una tensi\u00f3n interna que, si no se contiene, puede reconfigurar el mapa pol\u00edtico en Veracruz.En pol\u00edtica, las declaraciones nunca son inocentes. Cuando una figura como la del padre del exgobernador Cuit\u00e1huac Garc\u00eda Jim\u00e9nez, con peso local cuestiona [&hellip;]\" \/>\n<meta property=\"og:url\" content=\"https:\/\/lospoliticosveracruz.com\/?p=170317\" \/>\n<meta property=\"og:site_name\" content=\"Los pol\u00edticos Veracruz\" \/>\n<meta property=\"article:publisher\" content=\"https:\/\/www.facebook.com\/people\/Notimemes-de-los-Polticos\/61565672886568\/\" \/>\n<meta property=\"article:published_time\" content=\"2026-05-01T01:47:15+00:00\" \/>\n<meta property=\"article:modified_time\" content=\"2026-05-01T01:58:33+00:00\" \/>\n<meta property=\"og:image\" content=\"https:\/\/lospoliticosveracruz.com\/wp-content\/uploads\/2025\/04\/Carlos-Miguel-Acosta-Bravo.jpg\" \/>\n\t<meta property=\"og:image:width\" content=\"1250\" \/>\n\t<meta property=\"og:image:height\" content=\"667\" \/>\n\t<meta property=\"og:image:type\" content=\"image\/jpeg\" \/>\n<meta name=\"author\" content=\"Lo viste en Los Pol\u00edticos\" \/>\n<meta name=\"twitter:card\" content=\"summary_large_image\" \/>\n<meta name=\"twitter:creator\" content=\"@LosPoliticosVer\" \/>\n<meta name=\"twitter:site\" content=\"@LosPoliticosVer\" \/>\n<meta name=\"twitter:label1\" content=\"Escrito por\" \/>\n\t<meta name=\"twitter:data1\" content=\"Lo viste en Los Pol\u00edticos\" \/>\n\t<meta name=\"twitter:label2\" content=\"Tiempo de lectura\" \/>\n\t<meta name=\"twitter:data2\" content=\"4 minutos\" \/>\n<script type=\"application\/ld+json\" class=\"yoast-schema-graph\">{\"@context\":\"https:\\\/\\\/schema.org\",\"@graph\":[{\"@type\":\"Article\",\"@id\":\"https:\\\/\\\/lospoliticosveracruz.com\\\/?p=170317#article\",\"isPartOf\":{\"@id\":\"https:\\\/\\\/lospoliticosveracruz.com\\\/?p=170317\"},\"author\":{\"name\":\"Lo viste en Los Pol\u00edticos\",\"@id\":\"https:\\\/\\\/lospoliticosveracruz.com\\\/#\\\/schema\\\/person\\\/b8702bb0e538456e6efd07080bf2a4a2\"},\"headline\":\"MORENA EN VERACRUZ\",\"datePublished\":\"2026-05-01T01:47:15+00:00\",\"dateModified\":\"2026-05-01T01:58:33+00:00\",\"mainEntityOfPage\":{\"@id\":\"https:\\\/\\\/lospoliticosveracruz.com\\\/?p=170317\"},\"wordCount\":769,\"publisher\":{\"@id\":\"https:\\\/\\\/lospoliticosveracruz.com\\\/#organization\"},\"image\":{\"@id\":\"https:\\\/\\\/lospoliticosveracruz.com\\\/?p=170317#primaryimage\"},\"thumbnailUrl\":\"https:\\\/\\\/lospoliticosveracruz.com\\\/wp-content\\\/uploads\\\/2025\\\/04\\\/Carlos-Miguel-Acosta-Bravo.jpg\",\"keywords\":[\"Atanasio Garc\u00eda Dur\u00e1n\",\"Carlos Miguel Acosta Bravo\",\"crisis interna Morena Veracruz\",\"Cuitl\u00e1huac Garc\u00eda Jim\u00e9nez\",\"elecciones 2027 Veracruz\",\"Morena en Veracruz\",\"Roc\u00edo Nahle\"],\"articleSection\":[\"De Opini\u00f3n\"],\"inLanguage\":\"es\"},{\"@type\":\"WebPage\",\"@id\":\"https:\\\/\\\/lospoliticosveracruz.com\\\/?p=170317\",\"url\":\"https:\\\/\\\/lospoliticosveracruz.com\\\/?p=170317\",\"name\":\"MORENA EN VERACRUZ - Los pol\u00edticos Veracruz\",\"isPartOf\":{\"@id\":\"https:\\\/\\\/lospoliticosveracruz.com\\\/#website\"},\"primaryImageOfPage\":{\"@id\":\"https:\\\/\\\/lospoliticosveracruz.com\\\/?p=170317#primaryimage\"},\"image\":{\"@id\":\"https:\\\/\\\/lospoliticosveracruz.com\\\/?p=170317#primaryimage\"},\"thumbnailUrl\":\"https:\\\/\\\/lospoliticosveracruz.com\\\/wp-content\\\/uploads\\\/2025\\\/04\\\/Carlos-Miguel-Acosta-Bravo.jpg\",\"datePublished\":\"2026-05-01T01:47:15+00:00\",\"dateModified\":\"2026-05-01T01:58:33+00:00\",\"breadcrumb\":{\"@id\":\"https:\\\/\\\/lospoliticosveracruz.com\\\/?p=170317#breadcrumb\"},\"inLanguage\":\"es\",\"potentialAction\":[{\"@type\":\"ReadAction\",\"target\":[\"https:\\\/\\\/lospoliticosveracruz.com\\\/?p=170317\"]}]},{\"@type\":\"ImageObject\",\"inLanguage\":\"es\",\"@id\":\"https:\\\/\\\/lospoliticosveracruz.com\\\/?p=170317#primaryimage\",\"url\":\"https:\\\/\\\/lospoliticosveracruz.com\\\/wp-content\\\/uploads\\\/2025\\\/04\\\/Carlos-Miguel-Acosta-Bravo.jpg\",\"contentUrl\":\"https:\\\/\\\/lospoliticosveracruz.com\\\/wp-content\\\/uploads\\\/2025\\\/04\\\/Carlos-Miguel-Acosta-Bravo.jpg\",\"width\":1250,\"height\":667},{\"@type\":\"BreadcrumbList\",\"@id\":\"https:\\\/\\\/lospoliticosveracruz.com\\\/?p=170317#breadcrumb\",\"itemListElement\":[{\"@type\":\"ListItem\",\"position\":1,\"name\":\"Portada\",\"item\":\"https:\\\/\\\/lospoliticosveracruz.com\\\/\"},{\"@type\":\"ListItem\",\"position\":2,\"name\":\"MORENA EN VERACRUZ\"}]},{\"@type\":\"WebSite\",\"@id\":\"https:\\\/\\\/lospoliticosveracruz.com\\\/#website\",\"url\":\"https:\\\/\\\/lospoliticosveracruz.com\\\/\",\"name\":\"Los pol\u00edticos Veracruz\",\"description\":\"\",\"publisher\":{\"@id\":\"https:\\\/\\\/lospoliticosveracruz.com\\\/#organization\"},\"potentialAction\":[{\"@type\":\"SearchAction\",\"target\":{\"@type\":\"EntryPoint\",\"urlTemplate\":\"https:\\\/\\\/lospoliticosveracruz.com\\\/?s={search_term_string}\"},\"query-input\":{\"@type\":\"PropertyValueSpecification\",\"valueRequired\":true,\"valueName\":\"search_term_string\"}}],\"inLanguage\":\"es\"},{\"@type\":\"Organization\",\"@id\":\"https:\\\/\\\/lospoliticosveracruz.com\\\/#organization\",\"name\":\"Los pol\u00edticos Veracruz\",\"url\":\"https:\\\/\\\/lospoliticosveracruz.com\\\/\",\"logo\":{\"@type\":\"ImageObject\",\"inLanguage\":\"es\",\"@id\":\"https:\\\/\\\/lospoliticosveracruz.com\\\/#\\\/schema\\\/logo\\\/image\\\/\",\"url\":\"https:\\\/\\\/lospoliticosveracruz.com\\\/wp-content\\\/uploads\\\/2025\\\/12\\\/Logo-Nuevo-LOS-POLITICOS-1.jpg\",\"contentUrl\":\"https:\\\/\\\/lospoliticosveracruz.com\\\/wp-content\\\/uploads\\\/2025\\\/12\\\/Logo-Nuevo-LOS-POLITICOS-1.jpg\",\"width\":260,\"height\":70,\"caption\":\"Los pol\u00edticos Veracruz\"},\"image\":{\"@id\":\"https:\\\/\\\/lospoliticosveracruz.com\\\/#\\\/schema\\\/logo\\\/image\\\/\"},\"sameAs\":[\"https:\\\/\\\/www.facebook.com\\\/people\\\/Notimemes-de-los-Polticos\\\/61565672886568\\\/\",\"https:\\\/\\\/x.com\\\/LosPoliticosVer\"]},{\"@type\":\"Person\",\"@id\":\"https:\\\/\\\/lospoliticosveracruz.com\\\/#\\\/schema\\\/person\\\/b8702bb0e538456e6efd07080bf2a4a2\",\"name\":\"Lo viste en Los Pol\u00edticos\",\"image\":{\"@type\":\"ImageObject\",\"inLanguage\":\"es\",\"@id\":\"https:\\\/\\\/secure.gravatar.com\\\/avatar\\\/3a8de04a2656d44082be478bd6c086daa447c4651605818287b9532d3d0bd435?s=96&d=mm&r=g\",\"url\":\"https:\\\/\\\/secure.gravatar.com\\\/avatar\\\/3a8de04a2656d44082be478bd6c086daa447c4651605818287b9532d3d0bd435?s=96&d=mm&r=g\",\"contentUrl\":\"https:\\\/\\\/secure.gravatar.com\\\/avatar\\\/3a8de04a2656d44082be478bd6c086daa447c4651605818287b9532d3d0bd435?s=96&d=mm&r=g\",\"caption\":\"Lo viste en Los Pol\u00edticos\"},\"url\":\"https:\\\/\\\/lospoliticosveracruz.com\\\/?author=2\"}]}<\/script>\n<!-- \/ Yoast SEO plugin. -->","yoast_head_json":{"title":"MORENA EN VERACRUZ - Los pol\u00edticos Veracruz","robots":{"index":"index","follow":"follow","max-snippet":"max-snippet:-1","max-image-preview":"max-image-preview:large","max-video-preview":"max-video-preview:-1"},"canonical":"https:\/\/lospoliticosveracruz.com\/?p=170317","og_locale":"es_ES","og_type":"article","og_title":"MORENA EN VERACRUZ - Los pol\u00edticos Veracruz","og_description":"Carlos Miguel Acosta BravoImpronta Las cr\u00edticas contra la gobernadora no son un hecho aislado, son el s\u00edntoma de una tensi\u00f3n interna que, si no se contiene, puede reconfigurar el mapa pol\u00edtico en Veracruz.En pol\u00edtica, las declaraciones nunca son inocentes. Cuando una figura como la del padre del exgobernador Cuit\u00e1huac Garc\u00eda Jim\u00e9nez, con peso local cuestiona [&hellip;]","og_url":"https:\/\/lospoliticosveracruz.com\/?p=170317","og_site_name":"Los pol\u00edticos Veracruz","article_publisher":"https:\/\/www.facebook.com\/people\/Notimemes-de-los-Polticos\/61565672886568\/","article_published_time":"2026-05-01T01:47:15+00:00","article_modified_time":"2026-05-01T01:58:33+00:00","og_image":[{"width":1250,"height":667,"url":"https:\/\/lospoliticosveracruz.com\/wp-content\/uploads\/2025\/04\/Carlos-Miguel-Acosta-Bravo.jpg","type":"image\/jpeg"}],"author":"Lo viste en Los Pol\u00edticos","twitter_card":"summary_large_image","twitter_creator":"@LosPoliticosVer","twitter_site":"@LosPoliticosVer","twitter_misc":{"Escrito por":"Lo viste en Los Pol\u00edticos","Tiempo de lectura":"4 minutos"},"schema":{"@context":"https:\/\/schema.org","@graph":[{"@type":"Article","@id":"https:\/\/lospoliticosveracruz.com\/?p=170317#article","isPartOf":{"@id":"https:\/\/lospoliticosveracruz.com\/?p=170317"},"author":{"name":"Lo viste en Los Pol\u00edticos","@id":"https:\/\/lospoliticosveracruz.com\/#\/schema\/person\/b8702bb0e538456e6efd07080bf2a4a2"},"headline":"MORENA EN VERACRUZ","datePublished":"2026-05-01T01:47:15+00:00","dateModified":"2026-05-01T01:58:33+00:00","mainEntityOfPage":{"@id":"https:\/\/lospoliticosveracruz.com\/?p=170317"},"wordCount":769,"publisher":{"@id":"https:\/\/lospoliticosveracruz.com\/#organization"},"image":{"@id":"https:\/\/lospoliticosveracruz.com\/?p=170317#primaryimage"},"thumbnailUrl":"https:\/\/lospoliticosveracruz.com\/wp-content\/uploads\/2025\/04\/Carlos-Miguel-Acosta-Bravo.jpg","keywords":["Atanasio Garc\u00eda Dur\u00e1n","Carlos Miguel Acosta Bravo","crisis interna Morena Veracruz","Cuitl\u00e1huac Garc\u00eda Jim\u00e9nez","elecciones 2027 Veracruz","Morena en Veracruz","Roc\u00edo Nahle"],"articleSection":["De Opini\u00f3n"],"inLanguage":"es"},{"@type":"WebPage","@id":"https:\/\/lospoliticosveracruz.com\/?p=170317","url":"https:\/\/lospoliticosveracruz.com\/?p=170317","name":"MORENA EN VERACRUZ - Los pol\u00edticos Veracruz","isPartOf":{"@id":"https:\/\/lospoliticosveracruz.com\/#website"},"primaryImageOfPage":{"@id":"https:\/\/lospoliticosveracruz.com\/?p=170317#primaryimage"},"image":{"@id":"https:\/\/lospoliticosveracruz.com\/?p=170317#primaryimage"},"thumbnailUrl":"https:\/\/lospoliticosveracruz.com\/wp-content\/uploads\/2025\/04\/Carlos-Miguel-Acosta-Bravo.jpg","datePublished":"2026-05-01T01:47:15+00:00","dateModified":"2026-05-01T01:58:33+00:00","breadcrumb":{"@id":"https:\/\/lospoliticosveracruz.com\/?p=170317#breadcrumb"},"inLanguage":"es","potentialAction":[{"@type":"ReadAction","target":["https:\/\/lospoliticosveracruz.com\/?p=170317"]}]},{"@type":"ImageObject","inLanguage":"es","@id":"https:\/\/lospoliticosveracruz.com\/?p=170317#primaryimage","url":"https:\/\/lospoliticosveracruz.com\/wp-content\/uploads\/2025\/04\/Carlos-Miguel-Acosta-Bravo.jpg","contentUrl":"https:\/\/lospoliticosveracruz.com\/wp-content\/uploads\/2025\/04\/Carlos-Miguel-Acosta-Bravo.jpg","width":1250,"height":667},{"@type":"BreadcrumbList","@id":"https:\/\/lospoliticosveracruz.com\/?p=170317#breadcrumb","itemListElement":[{"@type":"ListItem","position":1,"name":"Portada","item":"https:\/\/lospoliticosveracruz.com\/"},{"@type":"ListItem","position":2,"name":"MORENA EN VERACRUZ"}]},{"@type":"WebSite","@id":"https:\/\/lospoliticosveracruz.com\/#website","url":"https:\/\/lospoliticosveracruz.com\/","name":"Los pol\u00edticos Veracruz","description":"","publisher":{"@id":"https:\/\/lospoliticosveracruz.com\/#organization"},"potentialAction":[{"@type":"SearchAction","target":{"@type":"EntryPoint","urlTemplate":"https:\/\/lospoliticosveracruz.com\/?s={search_term_string}"},"query-input":{"@type":"PropertyValueSpecification","valueRequired":true,"valueName":"search_term_string"}}],"inLanguage":"es"},{"@type":"Organization","@id":"https:\/\/lospoliticosveracruz.com\/#organization","name":"Los pol\u00edticos Veracruz","url":"https:\/\/lospoliticosveracruz.com\/","logo":{"@type":"ImageObject","inLanguage":"es","@id":"https:\/\/lospoliticosveracruz.com\/#\/schema\/logo\/image\/","url":"https:\/\/lospoliticosveracruz.com\/wp-content\/uploads\/2025\/12\/Logo-Nuevo-LOS-POLITICOS-1.jpg","contentUrl":"https:\/\/lospoliticosveracruz.com\/wp-content\/uploads\/2025\/12\/Logo-Nuevo-LOS-POLITICOS-1.jpg","width":260,"height":70,"caption":"Los pol\u00edticos Veracruz"},"image":{"@id":"https:\/\/lospoliticosveracruz.com\/#\/schema\/logo\/image\/"},"sameAs":["https:\/\/www.facebook.com\/people\/Notimemes-de-los-Polticos\/61565672886568\/","https:\/\/x.com\/LosPoliticosVer"]},{"@type":"Person","@id":"https:\/\/lospoliticosveracruz.com\/#\/schema\/person\/b8702bb0e538456e6efd07080bf2a4a2","name":"Lo viste en Los Pol\u00edticos","image":{"@type":"ImageObject","inLanguage":"es","@id":"https:\/\/secure.gravatar.com\/avatar\/3a8de04a2656d44082be478bd6c086daa447c4651605818287b9532d3d0bd435?s=96&d=mm&r=g","url":"https:\/\/secure.gravatar.com\/avatar\/3a8de04a2656d44082be478bd6c086daa447c4651605818287b9532d3d0bd435?s=96&d=mm&r=g","contentUrl":"https:\/\/secure.gravatar.com\/avatar\/3a8de04a2656d44082be478bd6c086daa447c4651605818287b9532d3d0bd435?s=96&d=mm&r=g","caption":"Lo viste en Los Pol\u00edticos"},"url":"https:\/\/lospoliticosveracruz.com\/?author=2"}]}},"_links":{"self":[{"href":"https:\/\/lospoliticosveracruz.com\/index.php?rest_route=\/wp\/v2\/posts\/170317","targetHints":{"allow":["GET"]}}],"collection":[{"href":"https:\/\/lospoliticosveracruz.com\/index.php?rest_route=\/wp\/v2\/posts"}],"about":[{"href":"https:\/\/lospoliticosveracruz.com\/index.php?rest_route=\/wp\/v2\/types\/post"}],"author":[{"embeddable":true,"href":"https:\/\/lospoliticosveracruz.com\/index.php?rest_route=\/wp\/v2\/users\/2"}],"replies":[{"embeddable":true,"href":"https:\/\/lospoliticosveracruz.com\/index.php?rest_route=%2Fwp%2Fv2%2Fcomments&post=170317"}],"version-history":[{"count":1,"href":"https:\/\/lospoliticosveracruz.com\/index.php?rest_route=\/wp\/v2\/posts\/170317\/revisions"}],"predecessor-version":[{"id":170318,"href":"https:\/\/lospoliticosveracruz.com\/index.php?rest_route=\/wp\/v2\/posts\/170317\/revisions\/170318"}],"wp:featuredmedia":[{"embeddable":true,"href":"https:\/\/lospoliticosveracruz.com\/index.php?rest_route=\/wp\/v2\/media\/141377"}],"wp:attachment":[{"href":"https:\/\/lospoliticosveracruz.com\/index.php?rest_route=%2Fwp%2Fv2%2Fmedia&parent=170317"}],"wp:term":[{"taxonomy":"category","embeddable":true,"href":"https:\/\/lospoliticosveracruz.com\/index.php?rest_route=%2Fwp%2Fv2%2Fcategories&post=170317"},{"taxonomy":"post_tag","embeddable":true,"href":"https:\/\/lospoliticosveracruz.com\/index.php?rest_route=%2Fwp%2Fv2%2Ftags&post=170317"}],"curies":[{"name":"wp","href":"https:\/\/api.w.org\/{rel}","templated":true}]}}