{"id":170321,"date":"2026-04-30T19:56:34","date_gmt":"2026-05-01T01:56:34","guid":{"rendered":"https:\/\/lospoliticosveracruz.com\/?p=170321"},"modified":"2026-04-30T19:56:51","modified_gmt":"2026-05-01T01:56:51","slug":"ellos-mandan","status":"publish","type":"post","link":"https:\/\/lospoliticosveracruz.com\/?p=170321","title":{"rendered":"ELLOS MANDAN!"},"content":{"rendered":"\n<p><\/p>\n\n\n\n<p>Con la visi\u00f3n de que la ni\u00f1ez de la ciudad de Veracruz es un motor fundamental para la vida p\u00fablica y el desarrollo comunitario, la alcaldesa Rosa Mar\u00eda Hern\u00e1ndez Espejo atestigu\u00f3 el primer Cabildo Infantil de su administraci\u00f3n, en el que nuevas generaciones de l\u00edderes expresaron ideas y propuestas orientadas a mejorar su entorno y las condiciones de vida en el municipio.<\/p>\n\n\n\n<p>El ejercicio se desarroll\u00f3 en la Sala de Cabildo del Palacio Municipal, donde las y los ni\u00f1os asumieron la estructura del gobierno local, instalando el \u00f3rgano edilicio con una presidenta municipal, el s\u00edndico \u00fanico, el secretario, trece regidoras y regidores y una maestra de ceremonias, replicando la din\u00e1mica formal de funcionamiento del Ayuntamiento y sus procesos de deliberaci\u00f3n.<\/p>\n\n\n\n<p>Tras escuchar las participaciones de cada miembro del cuerpo edilicio infantil, la presidenta municipal asegur\u00f3 que las propuestas \u201cson valiosas y coinciden con lo que buscamos para la ciudad\u201d, y afirm\u00f3 que ser\u00e1n tomadas en cuenta e incorporadas en la planeaci\u00f3n del gobierno municipal que encabeza, sobre todo en los ejes relacionados con espacios p\u00fablicos, convivencia y bienestar de la ni\u00f1ez.<\/p>\n\n\n\n<p>En ese contexto, destac\u00f3 que \u201clas ni\u00f1as y los ni\u00f1os son el motor que impulsa el trabajo cotidiano por una ciudad con mejores condiciones para vivir y ser felices\u201d, al subrayar la importancia de no limitar el bienestar \u00fanicamente a las necesidades b\u00e1sicas, sino tambi\u00e9n a las oportunidades de desarrollo y escucha ciudadana.<\/p>\n\n\n\n<p>En el marco de la conmemoraci\u00f3n del D\u00eda del Ni\u00f1o y de la Ni\u00f1a, la jornada concluy\u00f3 con un gesto simb\u00f3lico hacia las y los integrantes del Cabildo Infantil, a quienes se les entregaron obsequios y reconocimientos por su participaci\u00f3n en este ejercicio c\u00edvico.<br>Participaron como integrantes del Cabildo Infantil Veracruz 2026: Tanairi Canales Herrera, presidenta municipal infantil; Ra\u00fal Villa Triana, s\u00edndico \u00fanico infantil; Lisandro Maximiliano Romero Tagano, secretario del Ayuntamiento Infantil y Julieta Malpica Sosa fungi\u00f3 como maestra de ceremonias.<\/p>\n\n\n\n<p>Asimismo, Aitana Ivet Rosales Uscanga, Jos\u00e9 Francisco Rom\u00e1n Morales, G\u00e9nesis L\u00f3pez Estudillo, Sebasti\u00e1n Mac\u00edas Covarrubias, Alice Narumi Gudi\u00f1o Torres, Diego Coyolt Coyolt, Luis Marion Torres Villanueva, Johana Larissa Hermida Mart\u00ednez, Alberto Reyes Hern\u00e1ndez, Zury Sadai Reyes Cabrera, Abraham de Jes\u00fas Serrano Portilla, Rodrigo Daniel P\u00e9rez Aguilar y Mar\u00eda Paula Villa Lily, integraron el cuerpo edilicio infantil.<\/p>\n\n\n\n<p><\/p>\n","protected":false},"excerpt":{"rendered":"<p>Con la visi\u00f3n de que la ni\u00f1ez de la ciudad de Veracruz es un motor fundamental para la vida p\u00fablica y el desarrollo comunitario, la alcaldesa Rosa Mar\u00eda Hern\u00e1ndez Espejo atestigu\u00f3 el primer Cabildo Infantil de su administraci\u00f3n, en el que nuevas generaciones de l\u00edderes expresaron ideas y propuestas orientadas a mejorar su entorno y [&hellip;]<\/p>\n","protected":false},"author":2,"featured_media":170322,"comment_status":"closed","ping_status":"closed","sticky":false,"template":"","format":"standard","meta":{"tdm_status":"","tdm_grid_status":"","footnotes":""},"categories":[56121],"tags":[51498,62878,62880,62879,62877,62881,11900],"class_list":{"0":"post-170321","1":"post","2":"type-post","3":"status-publish","4":"format-standard","5":"has-post-thumbnail","7":"category-desde-jarochilandia","8":"tag-ayuntamiento-de-veracruz","9":"tag-cabildo-infantil-veracruz","10":"tag-dia-del-nino-en-veracruz","11":"tag-ninez-veracruzana","12":"tag-participacion-ciudadana-infantil","13":"tag-propuestas-infantiles-de-gobierno","14":"tag-rosa-maria-hernandez-espejo"},"yoast_head":"<!-- This site is optimized with the Yoast SEO plugin v27.4 - https:\/\/yoast.com\/product\/yoast-seo-wordpress\/ -->\n<title>ELLOS MANDAN! - Los pol\u00edticos Veracruz<\/title>\n<meta name=\"robots\" content=\"index, follow, max-snippet:-1, max-image-preview:large, max-video-preview:-1\" \/>\n<link rel=\"canonical\" href=\"https:\/\/lospoliticosveracruz.com\/?p=170321\" \/>\n<meta property=\"og:locale\" content=\"es_ES\" \/>\n<meta property=\"og:type\" content=\"article\" \/>\n<meta property=\"og:title\" content=\"ELLOS MANDAN! - Los pol\u00edticos Veracruz\" \/>\n<meta property=\"og:description\" content=\"Con la visi\u00f3n de que la ni\u00f1ez de la ciudad de Veracruz es un motor fundamental para la vida p\u00fablica y el desarrollo comunitario, la alcaldesa Rosa Mar\u00eda Hern\u00e1ndez Espejo atestigu\u00f3 el primer Cabildo Infantil de su administraci\u00f3n, en el que nuevas generaciones de l\u00edderes expresaron ideas y propuestas orientadas a mejorar su entorno y [&hellip;]\" \/>\n<meta property=\"og:url\" content=\"https:\/\/lospoliticosveracruz.com\/?p=170321\" \/>\n<meta property=\"og:site_name\" content=\"Los pol\u00edticos Veracruz\" \/>\n<meta property=\"article:publisher\" content=\"https:\/\/www.facebook.com\/people\/Notimemes-de-los-Polticos\/61565672886568\/\" \/>\n<meta property=\"article:published_time\" content=\"2026-05-01T01:56:34+00:00\" \/>\n<meta property=\"article:modified_time\" content=\"2026-05-01T01:56:51+00:00\" \/>\n<meta property=\"og:image\" content=\"https:\/\/lospoliticosveracruz.com\/wp-content\/uploads\/2026\/04\/Ver-5.jpg\" \/>\n\t<meta property=\"og:image:width\" content=\"600\" \/>\n\t<meta property=\"og:image:height\" content=\"320\" \/>\n\t<meta property=\"og:image:type\" content=\"image\/jpeg\" \/>\n<meta name=\"author\" content=\"Lo viste en Los Pol\u00edticos\" \/>\n<meta name=\"twitter:card\" content=\"summary_large_image\" \/>\n<meta name=\"twitter:creator\" content=\"@LosPoliticosVer\" \/>\n<meta name=\"twitter:site\" content=\"@LosPoliticosVer\" \/>\n<meta name=\"twitter:label1\" content=\"Escrito por\" \/>\n\t<meta name=\"twitter:data1\" content=\"Lo viste en Los Pol\u00edticos\" \/>\n\t<meta name=\"twitter:label2\" content=\"Tiempo de lectura\" \/>\n\t<meta name=\"twitter:data2\" content=\"2 minutos\" \/>\n<script type=\"application\/ld+json\" class=\"yoast-schema-graph\">{\"@context\":\"https:\\\/\\\/schema.org\",\"@graph\":[{\"@type\":\"Article\",\"@id\":\"https:\\\/\\\/lospoliticosveracruz.com\\\/?p=170321#article\",\"isPartOf\":{\"@id\":\"https:\\\/\\\/lospoliticosveracruz.com\\\/?p=170321\"},\"author\":{\"name\":\"Lo viste en Los Pol\u00edticos\",\"@id\":\"https:\\\/\\\/lospoliticosveracruz.com\\\/#\\\/schema\\\/person\\\/b8702bb0e538456e6efd07080bf2a4a2\"},\"headline\":\"ELLOS MANDAN!\",\"datePublished\":\"2026-05-01T01:56:34+00:00\",\"dateModified\":\"2026-05-01T01:56:51+00:00\",\"mainEntityOfPage\":{\"@id\":\"https:\\\/\\\/lospoliticosveracruz.com\\\/?p=170321\"},\"wordCount\":411,\"publisher\":{\"@id\":\"https:\\\/\\\/lospoliticosveracruz.com\\\/#organization\"},\"image\":{\"@id\":\"https:\\\/\\\/lospoliticosveracruz.com\\\/?p=170321#primaryimage\"},\"thumbnailUrl\":\"https:\\\/\\\/lospoliticosveracruz.com\\\/wp-content\\\/uploads\\\/2026\\\/04\\\/Ver-5.jpg\",\"keywords\":[\"Ayuntamiento de Veracruz\",\"Cabildo Infantil Veracruz\",\"D\u00eda del Ni\u00f1o en Veracruz\",\"ni\u00f1ez veracruzana\",\"participaci\u00f3n ciudadana infantil\",\"propuestas infantiles de gobierno\",\"Rosa Mar\u00eda Hern\u00e1ndez Espejo\"],\"articleSection\":[\"DESDE JAROCHILANDIA\"],\"inLanguage\":\"es\"},{\"@type\":\"WebPage\",\"@id\":\"https:\\\/\\\/lospoliticosveracruz.com\\\/?p=170321\",\"url\":\"https:\\\/\\\/lospoliticosveracruz.com\\\/?p=170321\",\"name\":\"ELLOS MANDAN! - Los pol\u00edticos Veracruz\",\"isPartOf\":{\"@id\":\"https:\\\/\\\/lospoliticosveracruz.com\\\/#website\"},\"primaryImageOfPage\":{\"@id\":\"https:\\\/\\\/lospoliticosveracruz.com\\\/?p=170321#primaryimage\"},\"image\":{\"@id\":\"https:\\\/\\\/lospoliticosveracruz.com\\\/?p=170321#primaryimage\"},\"thumbnailUrl\":\"https:\\\/\\\/lospoliticosveracruz.com\\\/wp-content\\\/uploads\\\/2026\\\/04\\\/Ver-5.jpg\",\"datePublished\":\"2026-05-01T01:56:34+00:00\",\"dateModified\":\"2026-05-01T01:56:51+00:00\",\"breadcrumb\":{\"@id\":\"https:\\\/\\\/lospoliticosveracruz.com\\\/?p=170321#breadcrumb\"},\"inLanguage\":\"es\",\"potentialAction\":[{\"@type\":\"ReadAction\",\"target\":[\"https:\\\/\\\/lospoliticosveracruz.com\\\/?p=170321\"]}]},{\"@type\":\"ImageObject\",\"inLanguage\":\"es\",\"@id\":\"https:\\\/\\\/lospoliticosveracruz.com\\\/?p=170321#primaryimage\",\"url\":\"https:\\\/\\\/lospoliticosveracruz.com\\\/wp-content\\\/uploads\\\/2026\\\/04\\\/Ver-5.jpg\",\"contentUrl\":\"https:\\\/\\\/lospoliticosveracruz.com\\\/wp-content\\\/uploads\\\/2026\\\/04\\\/Ver-5.jpg\",\"width\":600,\"height\":320},{\"@type\":\"BreadcrumbList\",\"@id\":\"https:\\\/\\\/lospoliticosveracruz.com\\\/?p=170321#breadcrumb\",\"itemListElement\":[{\"@type\":\"ListItem\",\"position\":1,\"name\":\"Portada\",\"item\":\"https:\\\/\\\/lospoliticosveracruz.com\\\/\"},{\"@type\":\"ListItem\",\"position\":2,\"name\":\"ELLOS MANDAN!\"}]},{\"@type\":\"WebSite\",\"@id\":\"https:\\\/\\\/lospoliticosveracruz.com\\\/#website\",\"url\":\"https:\\\/\\\/lospoliticosveracruz.com\\\/\",\"name\":\"Los pol\u00edticos Veracruz\",\"description\":\"\",\"publisher\":{\"@id\":\"https:\\\/\\\/lospoliticosveracruz.com\\\/#organization\"},\"potentialAction\":[{\"@type\":\"SearchAction\",\"target\":{\"@type\":\"EntryPoint\",\"urlTemplate\":\"https:\\\/\\\/lospoliticosveracruz.com\\\/?s={search_term_string}\"},\"query-input\":{\"@type\":\"PropertyValueSpecification\",\"valueRequired\":true,\"valueName\":\"search_term_string\"}}],\"inLanguage\":\"es\"},{\"@type\":\"Organization\",\"@id\":\"https:\\\/\\\/lospoliticosveracruz.com\\\/#organization\",\"name\":\"Los pol\u00edticos Veracruz\",\"url\":\"https:\\\/\\\/lospoliticosveracruz.com\\\/\",\"logo\":{\"@type\":\"ImageObject\",\"inLanguage\":\"es\",\"@id\":\"https:\\\/\\\/lospoliticosveracruz.com\\\/#\\\/schema\\\/logo\\\/image\\\/\",\"url\":\"https:\\\/\\\/lospoliticosveracruz.com\\\/wp-content\\\/uploads\\\/2025\\\/12\\\/Logo-Nuevo-LOS-POLITICOS-1.jpg\",\"contentUrl\":\"https:\\\/\\\/lospoliticosveracruz.com\\\/wp-content\\\/uploads\\\/2025\\\/12\\\/Logo-Nuevo-LOS-POLITICOS-1.jpg\",\"width\":260,\"height\":70,\"caption\":\"Los pol\u00edticos Veracruz\"},\"image\":{\"@id\":\"https:\\\/\\\/lospoliticosveracruz.com\\\/#\\\/schema\\\/logo\\\/image\\\/\"},\"sameAs\":[\"https:\\\/\\\/www.facebook.com\\\/people\\\/Notimemes-de-los-Polticos\\\/61565672886568\\\/\",\"https:\\\/\\\/x.com\\\/LosPoliticosVer\"]},{\"@type\":\"Person\",\"@id\":\"https:\\\/\\\/lospoliticosveracruz.com\\\/#\\\/schema\\\/person\\\/b8702bb0e538456e6efd07080bf2a4a2\",\"name\":\"Lo viste en Los Pol\u00edticos\",\"image\":{\"@type\":\"ImageObject\",\"inLanguage\":\"es\",\"@id\":\"https:\\\/\\\/secure.gravatar.com\\\/avatar\\\/3a8de04a2656d44082be478bd6c086daa447c4651605818287b9532d3d0bd435?s=96&d=mm&r=g\",\"url\":\"https:\\\/\\\/secure.gravatar.com\\\/avatar\\\/3a8de04a2656d44082be478bd6c086daa447c4651605818287b9532d3d0bd435?s=96&d=mm&r=g\",\"contentUrl\":\"https:\\\/\\\/secure.gravatar.com\\\/avatar\\\/3a8de04a2656d44082be478bd6c086daa447c4651605818287b9532d3d0bd435?s=96&d=mm&r=g\",\"caption\":\"Lo viste en Los Pol\u00edticos\"},\"url\":\"https:\\\/\\\/lospoliticosveracruz.com\\\/?author=2\"}]}<\/script>\n<!-- \/ Yoast SEO plugin. -->","yoast_head_json":{"title":"ELLOS MANDAN! - Los pol\u00edticos Veracruz","robots":{"index":"index","follow":"follow","max-snippet":"max-snippet:-1","max-image-preview":"max-image-preview:large","max-video-preview":"max-video-preview:-1"},"canonical":"https:\/\/lospoliticosveracruz.com\/?p=170321","og_locale":"es_ES","og_type":"article","og_title":"ELLOS MANDAN! - Los pol\u00edticos Veracruz","og_description":"Con la visi\u00f3n de que la ni\u00f1ez de la ciudad de Veracruz es un motor fundamental para la vida p\u00fablica y el desarrollo comunitario, la alcaldesa Rosa Mar\u00eda Hern\u00e1ndez Espejo atestigu\u00f3 el primer Cabildo Infantil de su administraci\u00f3n, en el que nuevas generaciones de l\u00edderes expresaron ideas y propuestas orientadas a mejorar su entorno y [&hellip;]","og_url":"https:\/\/lospoliticosveracruz.com\/?p=170321","og_site_name":"Los pol\u00edticos Veracruz","article_publisher":"https:\/\/www.facebook.com\/people\/Notimemes-de-los-Polticos\/61565672886568\/","article_published_time":"2026-05-01T01:56:34+00:00","article_modified_time":"2026-05-01T01:56:51+00:00","og_image":[{"width":600,"height":320,"url":"https:\/\/lospoliticosveracruz.com\/wp-content\/uploads\/2026\/04\/Ver-5.jpg","type":"image\/jpeg"}],"author":"Lo viste en Los Pol\u00edticos","twitter_card":"summary_large_image","twitter_creator":"@LosPoliticosVer","twitter_site":"@LosPoliticosVer","twitter_misc":{"Escrito por":"Lo viste en Los Pol\u00edticos","Tiempo de lectura":"2 minutos"},"schema":{"@context":"https:\/\/schema.org","@graph":[{"@type":"Article","@id":"https:\/\/lospoliticosveracruz.com\/?p=170321#article","isPartOf":{"@id":"https:\/\/lospoliticosveracruz.com\/?p=170321"},"author":{"name":"Lo viste en Los Pol\u00edticos","@id":"https:\/\/lospoliticosveracruz.com\/#\/schema\/person\/b8702bb0e538456e6efd07080bf2a4a2"},"headline":"ELLOS MANDAN!","datePublished":"2026-05-01T01:56:34+00:00","dateModified":"2026-05-01T01:56:51+00:00","mainEntityOfPage":{"@id":"https:\/\/lospoliticosveracruz.com\/?p=170321"},"wordCount":411,"publisher":{"@id":"https:\/\/lospoliticosveracruz.com\/#organization"},"image":{"@id":"https:\/\/lospoliticosveracruz.com\/?p=170321#primaryimage"},"thumbnailUrl":"https:\/\/lospoliticosveracruz.com\/wp-content\/uploads\/2026\/04\/Ver-5.jpg","keywords":["Ayuntamiento de Veracruz","Cabildo Infantil Veracruz","D\u00eda del Ni\u00f1o en Veracruz","ni\u00f1ez veracruzana","participaci\u00f3n ciudadana infantil","propuestas infantiles de gobierno","Rosa Mar\u00eda Hern\u00e1ndez Espejo"],"articleSection":["DESDE JAROCHILANDIA"],"inLanguage":"es"},{"@type":"WebPage","@id":"https:\/\/lospoliticosveracruz.com\/?p=170321","url":"https:\/\/lospoliticosveracruz.com\/?p=170321","name":"ELLOS MANDAN! - Los pol\u00edticos Veracruz","isPartOf":{"@id":"https:\/\/lospoliticosveracruz.com\/#website"},"primaryImageOfPage":{"@id":"https:\/\/lospoliticosveracruz.com\/?p=170321#primaryimage"},"image":{"@id":"https:\/\/lospoliticosveracruz.com\/?p=170321#primaryimage"},"thumbnailUrl":"https:\/\/lospoliticosveracruz.com\/wp-content\/uploads\/2026\/04\/Ver-5.jpg","datePublished":"2026-05-01T01:56:34+00:00","dateModified":"2026-05-01T01:56:51+00:00","breadcrumb":{"@id":"https:\/\/lospoliticosveracruz.com\/?p=170321#breadcrumb"},"inLanguage":"es","potentialAction":[{"@type":"ReadAction","target":["https:\/\/lospoliticosveracruz.com\/?p=170321"]}]},{"@type":"ImageObject","inLanguage":"es","@id":"https:\/\/lospoliticosveracruz.com\/?p=170321#primaryimage","url":"https:\/\/lospoliticosveracruz.com\/wp-content\/uploads\/2026\/04\/Ver-5.jpg","contentUrl":"https:\/\/lospoliticosveracruz.com\/wp-content\/uploads\/2026\/04\/Ver-5.jpg","width":600,"height":320},{"@type":"BreadcrumbList","@id":"https:\/\/lospoliticosveracruz.com\/?p=170321#breadcrumb","itemListElement":[{"@type":"ListItem","position":1,"name":"Portada","item":"https:\/\/lospoliticosveracruz.com\/"},{"@type":"ListItem","position":2,"name":"ELLOS MANDAN!"}]},{"@type":"WebSite","@id":"https:\/\/lospoliticosveracruz.com\/#website","url":"https:\/\/lospoliticosveracruz.com\/","name":"Los pol\u00edticos Veracruz","description":"","publisher":{"@id":"https:\/\/lospoliticosveracruz.com\/#organization"},"potentialAction":[{"@type":"SearchAction","target":{"@type":"EntryPoint","urlTemplate":"https:\/\/lospoliticosveracruz.com\/?s={search_term_string}"},"query-input":{"@type":"PropertyValueSpecification","valueRequired":true,"valueName":"search_term_string"}}],"inLanguage":"es"},{"@type":"Organization","@id":"https:\/\/lospoliticosveracruz.com\/#organization","name":"Los pol\u00edticos Veracruz","url":"https:\/\/lospoliticosveracruz.com\/","logo":{"@type":"ImageObject","inLanguage":"es","@id":"https:\/\/lospoliticosveracruz.com\/#\/schema\/logo\/image\/","url":"https:\/\/lospoliticosveracruz.com\/wp-content\/uploads\/2025\/12\/Logo-Nuevo-LOS-POLITICOS-1.jpg","contentUrl":"https:\/\/lospoliticosveracruz.com\/wp-content\/uploads\/2025\/12\/Logo-Nuevo-LOS-POLITICOS-1.jpg","width":260,"height":70,"caption":"Los pol\u00edticos Veracruz"},"image":{"@id":"https:\/\/lospoliticosveracruz.com\/#\/schema\/logo\/image\/"},"sameAs":["https:\/\/www.facebook.com\/people\/Notimemes-de-los-Polticos\/61565672886568\/","https:\/\/x.com\/LosPoliticosVer"]},{"@type":"Person","@id":"https:\/\/lospoliticosveracruz.com\/#\/schema\/person\/b8702bb0e538456e6efd07080bf2a4a2","name":"Lo viste en Los Pol\u00edticos","image":{"@type":"ImageObject","inLanguage":"es","@id":"https:\/\/secure.gravatar.com\/avatar\/3a8de04a2656d44082be478bd6c086daa447c4651605818287b9532d3d0bd435?s=96&d=mm&r=g","url":"https:\/\/secure.gravatar.com\/avatar\/3a8de04a2656d44082be478bd6c086daa447c4651605818287b9532d3d0bd435?s=96&d=mm&r=g","contentUrl":"https:\/\/secure.gravatar.com\/avatar\/3a8de04a2656d44082be478bd6c086daa447c4651605818287b9532d3d0bd435?s=96&d=mm&r=g","caption":"Lo viste en Los Pol\u00edticos"},"url":"https:\/\/lospoliticosveracruz.com\/?author=2"}]}},"_links":{"self":[{"href":"https:\/\/lospoliticosveracruz.com\/index.php?rest_route=\/wp\/v2\/posts\/170321","targetHints":{"allow":["GET"]}}],"collection":[{"href":"https:\/\/lospoliticosveracruz.com\/index.php?rest_route=\/wp\/v2\/posts"}],"about":[{"href":"https:\/\/lospoliticosveracruz.com\/index.php?rest_route=\/wp\/v2\/types\/post"}],"author":[{"embeddable":true,"href":"https:\/\/lospoliticosveracruz.com\/index.php?rest_route=\/wp\/v2\/users\/2"}],"replies":[{"embeddable":true,"href":"https:\/\/lospoliticosveracruz.com\/index.php?rest_route=%2Fwp%2Fv2%2Fcomments&post=170321"}],"version-history":[{"count":1,"href":"https:\/\/lospoliticosveracruz.com\/index.php?rest_route=\/wp\/v2\/posts\/170321\/revisions"}],"predecessor-version":[{"id":170323,"href":"https:\/\/lospoliticosveracruz.com\/index.php?rest_route=\/wp\/v2\/posts\/170321\/revisions\/170323"}],"wp:featuredmedia":[{"embeddable":true,"href":"https:\/\/lospoliticosveracruz.com\/index.php?rest_route=\/wp\/v2\/media\/170322"}],"wp:attachment":[{"href":"https:\/\/lospoliticosveracruz.com\/index.php?rest_route=%2Fwp%2Fv2%2Fmedia&parent=170321"}],"wp:term":[{"taxonomy":"category","embeddable":true,"href":"https:\/\/lospoliticosveracruz.com\/index.php?rest_route=%2Fwp%2Fv2%2Fcategories&post=170321"},{"taxonomy":"post_tag","embeddable":true,"href":"https:\/\/lospoliticosveracruz.com\/index.php?rest_route=%2Fwp%2Fv2%2Ftags&post=170321"}],"curies":[{"name":"wp","href":"https:\/\/api.w.org\/{rel}","templated":true}]}}