{"id":170324,"date":"2026-04-30T20:33:08","date_gmt":"2026-05-01T02:33:08","guid":{"rendered":"https:\/\/lospoliticosveracruz.com\/?p=170324"},"modified":"2026-04-30T20:33:09","modified_gmt":"2026-05-01T02:33:09","slug":"alzaron-la-voz-por-un-mejor-futuro","status":"publish","type":"post","link":"https:\/\/lospoliticosveracruz.com\/?p=170324","title":{"rendered":"ALZARON LA VOZ POR UN MEJOR FUTURO!"},"content":{"rendered":"\n<p><\/p>\n\n\n\n<p>El Gobierno de Xalapa trabaja por las infancias, adolescencias y juventudes, pues su voz es muy importante para mejorar el quehacer de esta Administraci\u00f3n, afirm\u00f3 la Alcaldesa, Lic. Daniela Griego Ceballos, durante la Sesi\u00f3n Extraordinaria de Cabildo en la que se tom\u00f3 protesta e instal\u00f3 el Primer Cabildo Infantil del Ayuntamiento.<\/p>\n\n\n\n<p>Ante el S\u00edndico \u00danico, Dr. Marco Aurelio Mart\u00ednez S\u00e1nchez, y el Secretario del Ayuntamiento, Mtro. V\u00edctor Hugo Meza Cruz, reconoci\u00f3 el inter\u00e9s por participar en este ejercicio que mostraron decenas de ni\u00f1as y ni\u00f1os, lo que permiti\u00f3 conocer su opini\u00f3n sobre c\u00f3mo viven en sus colonias, sus reflexiones y aspiraciones.<\/p>\n\n\n\n<p>La Presidenta Municipal coment\u00f3 que algunas de estas propuestas ya est\u00e1n consideradas en el Plan Municipal de Desarrollo (PMD) 2026-2029, pues sus preocupaciones e iniciativas son insumos para mejorar el actuar del gobierno y garantizar que la ni\u00f1ez viva en una ciudad con seguridad, educaci\u00f3n y en condiciones de paz.<\/p>\n\n\n\n<p>A esta Sesi\u00f3n asistieron la Regidora Primera, Lic. Diana Julieta Aguilar Ortega; el Regidor Segundo, Lic. Axel Fern\u00e1ndez Cambambia; la Regidora Tercera, Mtra. Susan Liliana Morales Segura; el Regidor Cuarto, Lic. Alfonso Osegueda Cruz, y la Regidora Quinta, Dra. Raquel Rosal\u00eda Casta\u00f1eda Gonz\u00e1lez.<\/p>\n\n\n\n<p>Tambi\u00e9n, la Regidora Sexta, Lic. Hilda Elvia Aguilar Arroyo; el Regidor S\u00e9ptimo, Lic. Diego Moreno Mart\u00ednez; la Regidora Octava, Lic. Clarissa Monserrat L\u00f3pez Morales; el Regidor Noveno, Lic. Joaqu\u00edn Alejandro Cano Hern\u00e1ndez; la Regidora D\u00e9cima, Dra. M\u00f3nica Mendoza Madrigal; el Regidor D\u00e9cimo Primero, Lic. Dalos Ulises Rodr\u00edguez Vargas; la Regidora D\u00e9cima Segunda, Dra. Flor de Mar\u00eda Mendoza Mu\u00f1iz, y la Regidora D\u00e9cima Tercera, Lic. Priscila Nataly Labastida Vega; as\u00ed como la Secretaria Ejecutiva del Sistema de Protecci\u00f3n Integral de Ni\u00f1as, Ni\u00f1os y Adolescentes (SIPINNA) de Xalapa, Lic. Sonia Contreras Brito y Titulares de las Direcciones Municipales.<\/p>\n\n\n\n<p>La Regidora Sexta y Titular de la Comisi\u00f3n Edilicia de la Ni\u00f1ez y la Familia, Lic. Hilda Elvia Aguilar Arroyo, enfatiz\u00f3 que, tras casi diez a\u00f1os de no realizar tal actividad, con este Cabildo Xalapa considera la voz y opini\u00f3n de la ni\u00f1ez para garantizar el ejercicio de sus derechos.<\/p>\n\n\n\n<p>El Cabildo Infantil 2026 lo integran Pedro Huerta Hern\u00e1ndez, Aremy Guevara Castillo, Sebasti\u00e1n Ascencio Rivera, Josu\u00e9 Jim\u00e9nez Hern\u00e1ndez, Erik Zamora Carmona, Diego Hern\u00e1ndez Hern\u00e1ndez, Camila Arriaga Huerta, Vania G\u00e1ndara Huesca, Samantha Blanco Mota, Manuel del Monte Mart\u00ednez, Mart\u00edn Hern\u00e1ndez Garc\u00eda, Maximiliano Silvia Acu\u00f1a, Pagme Aguilar, Michille Aguilera, M\u00eda Ruiz Dom\u00ednguez y Victoria Vega Aburto.<\/p>\n\n\n\n<p>Las y los ediles infantiles presentaron diversas iniciativas relacionadas con la reutilizaci\u00f3n de los residuos urbanos, la instalaci\u00f3n de rampas para personas con discapacidad, el cuidado del medio ambiente y el agua, la conservaci\u00f3n de las \u00e1reas verdes, la prevenci\u00f3n de situaciones de riesgo, la reducci\u00f3n en el uso de aparatos electr\u00f3nicos y educaci\u00f3n vial, entre otros temas.<\/p>\n\n\n\n<p>Como parte del acto protocolario se entregaron constancias de participaci\u00f3n y presentes a las y los integrantes.<\/p>\n","protected":false},"excerpt":{"rendered":"<p>El Gobierno de Xalapa trabaja por las infancias, adolescencias y juventudes, pues su voz es muy importante para mejorar el quehacer de esta Administraci\u00f3n, afirm\u00f3 la Alcaldesa, Lic. Daniela Griego Ceballos, durante la Sesi\u00f3n Extraordinaria de Cabildo en la que se tom\u00f3 protesta e instal\u00f3 el Primer Cabildo Infantil del Ayuntamiento. Ante el S\u00edndico \u00danico, [&hellip;]<\/p>\n","protected":false},"author":2,"featured_media":170325,"comment_status":"closed","ping_status":"closed","sticky":false,"template":"","format":"standard","meta":{"tdm_status":"","tdm_grid_status":"","footnotes":""},"categories":[52572],"tags":[1534,62882,6657,62883,62877,52146],"class_list":{"0":"post-170324","1":"post","2":"type-post","3":"status-publish","4":"format-standard","5":"has-post-thumbnail","7":"category-desdelaatenas","8":"tag-ayuntamiento-de-xalapa","9":"tag-cabildo-infantil-xalapa","10":"tag-daniela-griego-ceballos","11":"tag-derechos-de-la-ninez-xalapa","12":"tag-participacion-ciudadana-infantil","13":"tag-sipinna-xalapa"},"yoast_head":"<!-- This site is optimized with the Yoast SEO plugin v27.4 - https:\/\/yoast.com\/product\/yoast-seo-wordpress\/ -->\n<title>ALZARON LA VOZ POR UN MEJOR FUTURO! - Los pol\u00edticos Veracruz<\/title>\n<meta name=\"robots\" content=\"index, follow, max-snippet:-1, max-image-preview:large, max-video-preview:-1\" \/>\n<link rel=\"canonical\" href=\"https:\/\/lospoliticosveracruz.com\/?p=170324\" \/>\n<meta property=\"og:locale\" content=\"es_ES\" \/>\n<meta property=\"og:type\" content=\"article\" \/>\n<meta property=\"og:title\" content=\"ALZARON LA VOZ POR UN MEJOR FUTURO! - Los pol\u00edticos Veracruz\" \/>\n<meta property=\"og:description\" content=\"El Gobierno de Xalapa trabaja por las infancias, adolescencias y juventudes, pues su voz es muy importante para mejorar el quehacer de esta Administraci\u00f3n, afirm\u00f3 la Alcaldesa, Lic. Daniela Griego Ceballos, durante la Sesi\u00f3n Extraordinaria de Cabildo en la que se tom\u00f3 protesta e instal\u00f3 el Primer Cabildo Infantil del Ayuntamiento. Ante el S\u00edndico \u00danico, [&hellip;]\" \/>\n<meta property=\"og:url\" content=\"https:\/\/lospoliticosveracruz.com\/?p=170324\" \/>\n<meta property=\"og:site_name\" content=\"Los pol\u00edticos Veracruz\" \/>\n<meta property=\"article:publisher\" content=\"https:\/\/www.facebook.com\/people\/Notimemes-de-los-Polticos\/61565672886568\/\" \/>\n<meta property=\"article:published_time\" content=\"2026-05-01T02:33:08+00:00\" \/>\n<meta property=\"article:modified_time\" content=\"2026-05-01T02:33:09+00:00\" \/>\n<meta property=\"og:image\" content=\"https:\/\/lospoliticosveracruz.com\/wp-content\/uploads\/2026\/04\/Xalapa-3.jpg\" \/>\n\t<meta property=\"og:image:width\" content=\"600\" \/>\n\t<meta property=\"og:image:height\" content=\"320\" \/>\n\t<meta property=\"og:image:type\" content=\"image\/jpeg\" \/>\n<meta name=\"author\" content=\"Lo viste en Los Pol\u00edticos\" \/>\n<meta name=\"twitter:card\" content=\"summary_large_image\" \/>\n<meta name=\"twitter:creator\" content=\"@LosPoliticosVer\" \/>\n<meta name=\"twitter:site\" content=\"@LosPoliticosVer\" \/>\n<meta name=\"twitter:label1\" content=\"Escrito por\" \/>\n\t<meta name=\"twitter:data1\" content=\"Lo viste en Los Pol\u00edticos\" \/>\n\t<meta name=\"twitter:label2\" content=\"Tiempo de lectura\" \/>\n\t<meta name=\"twitter:data2\" content=\"3 minutos\" \/>\n<script type=\"application\/ld+json\" class=\"yoast-schema-graph\">{\"@context\":\"https:\\\/\\\/schema.org\",\"@graph\":[{\"@type\":\"Article\",\"@id\":\"https:\\\/\\\/lospoliticosveracruz.com\\\/?p=170324#article\",\"isPartOf\":{\"@id\":\"https:\\\/\\\/lospoliticosveracruz.com\\\/?p=170324\"},\"author\":{\"name\":\"Lo viste en Los Pol\u00edticos\",\"@id\":\"https:\\\/\\\/lospoliticosveracruz.com\\\/#\\\/schema\\\/person\\\/b8702bb0e538456e6efd07080bf2a4a2\"},\"headline\":\"ALZARON LA VOZ POR UN MEJOR FUTURO!\",\"datePublished\":\"2026-05-01T02:33:08+00:00\",\"dateModified\":\"2026-05-01T02:33:09+00:00\",\"mainEntityOfPage\":{\"@id\":\"https:\\\/\\\/lospoliticosveracruz.com\\\/?p=170324\"},\"wordCount\":538,\"publisher\":{\"@id\":\"https:\\\/\\\/lospoliticosveracruz.com\\\/#organization\"},\"image\":{\"@id\":\"https:\\\/\\\/lospoliticosveracruz.com\\\/?p=170324#primaryimage\"},\"thumbnailUrl\":\"https:\\\/\\\/lospoliticosveracruz.com\\\/wp-content\\\/uploads\\\/2026\\\/04\\\/Xalapa-3.jpg\",\"keywords\":[\"ayuntamiento de Xalapa\",\"Cabildo Infantil Xalapa\",\"Daniela Griego Ceballos\",\"Derechos de la ni\u00f1ez Xalapa\",\"participaci\u00f3n ciudadana infantil\",\"SIPINNA Xalapa\"],\"articleSection\":[\"Desde La Atenas\"],\"inLanguage\":\"es\"},{\"@type\":\"WebPage\",\"@id\":\"https:\\\/\\\/lospoliticosveracruz.com\\\/?p=170324\",\"url\":\"https:\\\/\\\/lospoliticosveracruz.com\\\/?p=170324\",\"name\":\"ALZARON LA VOZ POR UN MEJOR FUTURO! - Los pol\u00edticos Veracruz\",\"isPartOf\":{\"@id\":\"https:\\\/\\\/lospoliticosveracruz.com\\\/#website\"},\"primaryImageOfPage\":{\"@id\":\"https:\\\/\\\/lospoliticosveracruz.com\\\/?p=170324#primaryimage\"},\"image\":{\"@id\":\"https:\\\/\\\/lospoliticosveracruz.com\\\/?p=170324#primaryimage\"},\"thumbnailUrl\":\"https:\\\/\\\/lospoliticosveracruz.com\\\/wp-content\\\/uploads\\\/2026\\\/04\\\/Xalapa-3.jpg\",\"datePublished\":\"2026-05-01T02:33:08+00:00\",\"dateModified\":\"2026-05-01T02:33:09+00:00\",\"breadcrumb\":{\"@id\":\"https:\\\/\\\/lospoliticosveracruz.com\\\/?p=170324#breadcrumb\"},\"inLanguage\":\"es\",\"potentialAction\":[{\"@type\":\"ReadAction\",\"target\":[\"https:\\\/\\\/lospoliticosveracruz.com\\\/?p=170324\"]}]},{\"@type\":\"ImageObject\",\"inLanguage\":\"es\",\"@id\":\"https:\\\/\\\/lospoliticosveracruz.com\\\/?p=170324#primaryimage\",\"url\":\"https:\\\/\\\/lospoliticosveracruz.com\\\/wp-content\\\/uploads\\\/2026\\\/04\\\/Xalapa-3.jpg\",\"contentUrl\":\"https:\\\/\\\/lospoliticosveracruz.com\\\/wp-content\\\/uploads\\\/2026\\\/04\\\/Xalapa-3.jpg\",\"width\":600,\"height\":320},{\"@type\":\"BreadcrumbList\",\"@id\":\"https:\\\/\\\/lospoliticosveracruz.com\\\/?p=170324#breadcrumb\",\"itemListElement\":[{\"@type\":\"ListItem\",\"position\":1,\"name\":\"Portada\",\"item\":\"https:\\\/\\\/lospoliticosveracruz.com\\\/\"},{\"@type\":\"ListItem\",\"position\":2,\"name\":\"ALZARON LA VOZ POR UN MEJOR FUTURO!\"}]},{\"@type\":\"WebSite\",\"@id\":\"https:\\\/\\\/lospoliticosveracruz.com\\\/#website\",\"url\":\"https:\\\/\\\/lospoliticosveracruz.com\\\/\",\"name\":\"Los pol\u00edticos Veracruz\",\"description\":\"\",\"publisher\":{\"@id\":\"https:\\\/\\\/lospoliticosveracruz.com\\\/#organization\"},\"potentialAction\":[{\"@type\":\"SearchAction\",\"target\":{\"@type\":\"EntryPoint\",\"urlTemplate\":\"https:\\\/\\\/lospoliticosveracruz.com\\\/?s={search_term_string}\"},\"query-input\":{\"@type\":\"PropertyValueSpecification\",\"valueRequired\":true,\"valueName\":\"search_term_string\"}}],\"inLanguage\":\"es\"},{\"@type\":\"Organization\",\"@id\":\"https:\\\/\\\/lospoliticosveracruz.com\\\/#organization\",\"name\":\"Los pol\u00edticos Veracruz\",\"url\":\"https:\\\/\\\/lospoliticosveracruz.com\\\/\",\"logo\":{\"@type\":\"ImageObject\",\"inLanguage\":\"es\",\"@id\":\"https:\\\/\\\/lospoliticosveracruz.com\\\/#\\\/schema\\\/logo\\\/image\\\/\",\"url\":\"https:\\\/\\\/lospoliticosveracruz.com\\\/wp-content\\\/uploads\\\/2025\\\/12\\\/Logo-Nuevo-LOS-POLITICOS-1.jpg\",\"contentUrl\":\"https:\\\/\\\/lospoliticosveracruz.com\\\/wp-content\\\/uploads\\\/2025\\\/12\\\/Logo-Nuevo-LOS-POLITICOS-1.jpg\",\"width\":260,\"height\":70,\"caption\":\"Los pol\u00edticos Veracruz\"},\"image\":{\"@id\":\"https:\\\/\\\/lospoliticosveracruz.com\\\/#\\\/schema\\\/logo\\\/image\\\/\"},\"sameAs\":[\"https:\\\/\\\/www.facebook.com\\\/people\\\/Notimemes-de-los-Polticos\\\/61565672886568\\\/\",\"https:\\\/\\\/x.com\\\/LosPoliticosVer\"]},{\"@type\":\"Person\",\"@id\":\"https:\\\/\\\/lospoliticosveracruz.com\\\/#\\\/schema\\\/person\\\/b8702bb0e538456e6efd07080bf2a4a2\",\"name\":\"Lo viste en Los Pol\u00edticos\",\"image\":{\"@type\":\"ImageObject\",\"inLanguage\":\"es\",\"@id\":\"https:\\\/\\\/secure.gravatar.com\\\/avatar\\\/3a8de04a2656d44082be478bd6c086daa447c4651605818287b9532d3d0bd435?s=96&d=mm&r=g\",\"url\":\"https:\\\/\\\/secure.gravatar.com\\\/avatar\\\/3a8de04a2656d44082be478bd6c086daa447c4651605818287b9532d3d0bd435?s=96&d=mm&r=g\",\"contentUrl\":\"https:\\\/\\\/secure.gravatar.com\\\/avatar\\\/3a8de04a2656d44082be478bd6c086daa447c4651605818287b9532d3d0bd435?s=96&d=mm&r=g\",\"caption\":\"Lo viste en Los Pol\u00edticos\"},\"url\":\"https:\\\/\\\/lospoliticosveracruz.com\\\/?author=2\"}]}<\/script>\n<!-- \/ Yoast SEO plugin. -->","yoast_head_json":{"title":"ALZARON LA VOZ POR UN MEJOR FUTURO! - Los pol\u00edticos Veracruz","robots":{"index":"index","follow":"follow","max-snippet":"max-snippet:-1","max-image-preview":"max-image-preview:large","max-video-preview":"max-video-preview:-1"},"canonical":"https:\/\/lospoliticosveracruz.com\/?p=170324","og_locale":"es_ES","og_type":"article","og_title":"ALZARON LA VOZ POR UN MEJOR FUTURO! - Los pol\u00edticos Veracruz","og_description":"El Gobierno de Xalapa trabaja por las infancias, adolescencias y juventudes, pues su voz es muy importante para mejorar el quehacer de esta Administraci\u00f3n, afirm\u00f3 la Alcaldesa, Lic. Daniela Griego Ceballos, durante la Sesi\u00f3n Extraordinaria de Cabildo en la que se tom\u00f3 protesta e instal\u00f3 el Primer Cabildo Infantil del Ayuntamiento. Ante el S\u00edndico \u00danico, [&hellip;]","og_url":"https:\/\/lospoliticosveracruz.com\/?p=170324","og_site_name":"Los pol\u00edticos Veracruz","article_publisher":"https:\/\/www.facebook.com\/people\/Notimemes-de-los-Polticos\/61565672886568\/","article_published_time":"2026-05-01T02:33:08+00:00","article_modified_time":"2026-05-01T02:33:09+00:00","og_image":[{"width":600,"height":320,"url":"https:\/\/lospoliticosveracruz.com\/wp-content\/uploads\/2026\/04\/Xalapa-3.jpg","type":"image\/jpeg"}],"author":"Lo viste en Los Pol\u00edticos","twitter_card":"summary_large_image","twitter_creator":"@LosPoliticosVer","twitter_site":"@LosPoliticosVer","twitter_misc":{"Escrito por":"Lo viste en Los Pol\u00edticos","Tiempo de lectura":"3 minutos"},"schema":{"@context":"https:\/\/schema.org","@graph":[{"@type":"Article","@id":"https:\/\/lospoliticosveracruz.com\/?p=170324#article","isPartOf":{"@id":"https:\/\/lospoliticosveracruz.com\/?p=170324"},"author":{"name":"Lo viste en Los Pol\u00edticos","@id":"https:\/\/lospoliticosveracruz.com\/#\/schema\/person\/b8702bb0e538456e6efd07080bf2a4a2"},"headline":"ALZARON LA VOZ POR UN MEJOR FUTURO!","datePublished":"2026-05-01T02:33:08+00:00","dateModified":"2026-05-01T02:33:09+00:00","mainEntityOfPage":{"@id":"https:\/\/lospoliticosveracruz.com\/?p=170324"},"wordCount":538,"publisher":{"@id":"https:\/\/lospoliticosveracruz.com\/#organization"},"image":{"@id":"https:\/\/lospoliticosveracruz.com\/?p=170324#primaryimage"},"thumbnailUrl":"https:\/\/lospoliticosveracruz.com\/wp-content\/uploads\/2026\/04\/Xalapa-3.jpg","keywords":["ayuntamiento de Xalapa","Cabildo Infantil Xalapa","Daniela Griego Ceballos","Derechos de la ni\u00f1ez Xalapa","participaci\u00f3n ciudadana infantil","SIPINNA Xalapa"],"articleSection":["Desde La Atenas"],"inLanguage":"es"},{"@type":"WebPage","@id":"https:\/\/lospoliticosveracruz.com\/?p=170324","url":"https:\/\/lospoliticosveracruz.com\/?p=170324","name":"ALZARON LA VOZ POR UN MEJOR FUTURO! - Los pol\u00edticos Veracruz","isPartOf":{"@id":"https:\/\/lospoliticosveracruz.com\/#website"},"primaryImageOfPage":{"@id":"https:\/\/lospoliticosveracruz.com\/?p=170324#primaryimage"},"image":{"@id":"https:\/\/lospoliticosveracruz.com\/?p=170324#primaryimage"},"thumbnailUrl":"https:\/\/lospoliticosveracruz.com\/wp-content\/uploads\/2026\/04\/Xalapa-3.jpg","datePublished":"2026-05-01T02:33:08+00:00","dateModified":"2026-05-01T02:33:09+00:00","breadcrumb":{"@id":"https:\/\/lospoliticosveracruz.com\/?p=170324#breadcrumb"},"inLanguage":"es","potentialAction":[{"@type":"ReadAction","target":["https:\/\/lospoliticosveracruz.com\/?p=170324"]}]},{"@type":"ImageObject","inLanguage":"es","@id":"https:\/\/lospoliticosveracruz.com\/?p=170324#primaryimage","url":"https:\/\/lospoliticosveracruz.com\/wp-content\/uploads\/2026\/04\/Xalapa-3.jpg","contentUrl":"https:\/\/lospoliticosveracruz.com\/wp-content\/uploads\/2026\/04\/Xalapa-3.jpg","width":600,"height":320},{"@type":"BreadcrumbList","@id":"https:\/\/lospoliticosveracruz.com\/?p=170324#breadcrumb","itemListElement":[{"@type":"ListItem","position":1,"name":"Portada","item":"https:\/\/lospoliticosveracruz.com\/"},{"@type":"ListItem","position":2,"name":"ALZARON LA VOZ POR UN MEJOR FUTURO!"}]},{"@type":"WebSite","@id":"https:\/\/lospoliticosveracruz.com\/#website","url":"https:\/\/lospoliticosveracruz.com\/","name":"Los pol\u00edticos Veracruz","description":"","publisher":{"@id":"https:\/\/lospoliticosveracruz.com\/#organization"},"potentialAction":[{"@type":"SearchAction","target":{"@type":"EntryPoint","urlTemplate":"https:\/\/lospoliticosveracruz.com\/?s={search_term_string}"},"query-input":{"@type":"PropertyValueSpecification","valueRequired":true,"valueName":"search_term_string"}}],"inLanguage":"es"},{"@type":"Organization","@id":"https:\/\/lospoliticosveracruz.com\/#organization","name":"Los pol\u00edticos Veracruz","url":"https:\/\/lospoliticosveracruz.com\/","logo":{"@type":"ImageObject","inLanguage":"es","@id":"https:\/\/lospoliticosveracruz.com\/#\/schema\/logo\/image\/","url":"https:\/\/lospoliticosveracruz.com\/wp-content\/uploads\/2025\/12\/Logo-Nuevo-LOS-POLITICOS-1.jpg","contentUrl":"https:\/\/lospoliticosveracruz.com\/wp-content\/uploads\/2025\/12\/Logo-Nuevo-LOS-POLITICOS-1.jpg","width":260,"height":70,"caption":"Los pol\u00edticos Veracruz"},"image":{"@id":"https:\/\/lospoliticosveracruz.com\/#\/schema\/logo\/image\/"},"sameAs":["https:\/\/www.facebook.com\/people\/Notimemes-de-los-Polticos\/61565672886568\/","https:\/\/x.com\/LosPoliticosVer"]},{"@type":"Person","@id":"https:\/\/lospoliticosveracruz.com\/#\/schema\/person\/b8702bb0e538456e6efd07080bf2a4a2","name":"Lo viste en Los Pol\u00edticos","image":{"@type":"ImageObject","inLanguage":"es","@id":"https:\/\/secure.gravatar.com\/avatar\/3a8de04a2656d44082be478bd6c086daa447c4651605818287b9532d3d0bd435?s=96&d=mm&r=g","url":"https:\/\/secure.gravatar.com\/avatar\/3a8de04a2656d44082be478bd6c086daa447c4651605818287b9532d3d0bd435?s=96&d=mm&r=g","contentUrl":"https:\/\/secure.gravatar.com\/avatar\/3a8de04a2656d44082be478bd6c086daa447c4651605818287b9532d3d0bd435?s=96&d=mm&r=g","caption":"Lo viste en Los Pol\u00edticos"},"url":"https:\/\/lospoliticosveracruz.com\/?author=2"}]}},"_links":{"self":[{"href":"https:\/\/lospoliticosveracruz.com\/index.php?rest_route=\/wp\/v2\/posts\/170324","targetHints":{"allow":["GET"]}}],"collection":[{"href":"https:\/\/lospoliticosveracruz.com\/index.php?rest_route=\/wp\/v2\/posts"}],"about":[{"href":"https:\/\/lospoliticosveracruz.com\/index.php?rest_route=\/wp\/v2\/types\/post"}],"author":[{"embeddable":true,"href":"https:\/\/lospoliticosveracruz.com\/index.php?rest_route=\/wp\/v2\/users\/2"}],"replies":[{"embeddable":true,"href":"https:\/\/lospoliticosveracruz.com\/index.php?rest_route=%2Fwp%2Fv2%2Fcomments&post=170324"}],"version-history":[{"count":1,"href":"https:\/\/lospoliticosveracruz.com\/index.php?rest_route=\/wp\/v2\/posts\/170324\/revisions"}],"predecessor-version":[{"id":170326,"href":"https:\/\/lospoliticosveracruz.com\/index.php?rest_route=\/wp\/v2\/posts\/170324\/revisions\/170326"}],"wp:featuredmedia":[{"embeddable":true,"href":"https:\/\/lospoliticosveracruz.com\/index.php?rest_route=\/wp\/v2\/media\/170325"}],"wp:attachment":[{"href":"https:\/\/lospoliticosveracruz.com\/index.php?rest_route=%2Fwp%2Fv2%2Fmedia&parent=170324"}],"wp:term":[{"taxonomy":"category","embeddable":true,"href":"https:\/\/lospoliticosveracruz.com\/index.php?rest_route=%2Fwp%2Fv2%2Fcategories&post=170324"},{"taxonomy":"post_tag","embeddable":true,"href":"https:\/\/lospoliticosveracruz.com\/index.php?rest_route=%2Fwp%2Fv2%2Ftags&post=170324"}],"curies":[{"name":"wp","href":"https:\/\/api.w.org\/{rel}","templated":true}]}}