{"id":170330,"date":"2026-04-30T21:05:50","date_gmt":"2026-05-01T03:05:50","guid":{"rendered":"https:\/\/lospoliticosveracruz.com\/?p=170330"},"modified":"2026-04-30T21:05:51","modified_gmt":"2026-05-01T03:05:51","slug":"hay-que-hablar-bien-de-veracruz","status":"publish","type":"post","link":"https:\/\/lospoliticosveracruz.com\/?p=170330","title":{"rendered":"HAY QUE HABLAR BIEN DE VERACRUZ"},"content":{"rendered":"\n<p><\/p>\n\n\n\n<p>Coatepec: Al pronunciarse sobre el desempe\u00f1o del gobierno estatal, el coordinador del Grupo Legislativo del Partido Verde Ecologista de M\u00e9xico en el Congreso local, Carlos Marcelo Ruiz S\u00e1nchez, afirm\u00f3 que m\u00e1s all\u00e1 de posturas pol\u00edticas, es momento de reconocer con objetividad el trabajo que realiza la gobernadora de Veracruz, ingeniera Roc\u00edo Nahle Garc\u00eda, en favor de las y los veracruzanos.<\/p>\n\n\n\n<p>En el marco de la Feria Nacional del Caf\u00e9 que se celebra en el municipio de Coatepec del 30 de abril al 10 de mayo, el legislador local destac\u00f3 que la mandataria estatal mantiene una agenda permanente de trabajo, recorriendo de manera incansable cada regi\u00f3n de Veracruz y atendiendo de frente las necesidades ciudadanas los 365 d\u00edas del a\u00f1o.<\/p>\n\n\n\n<p>Subray\u00f3 que, en materia legislativa, la gobernadora ha impulsado 21 iniciativas enviadas al Congreso del Estado, propuestas que, dijo, contienen reformas de gran relevancia para la vida p\u00fablica de Veracruz, entre ellas la reforma al Poder Judicial, la armonizaci\u00f3n constitucional para reconocer plenamente los derechos de los pueblos ind\u00edgenas, as\u00ed como adecuaciones legales para fortalecer el combate al feminicidio, la extorsi\u00f3n, la transparencia y nuevos mecanismos de soluci\u00f3n de conflictos.<\/p>\n\n\n\n<p>Asimismo, se\u00f1al\u00f3 que la administraci\u00f3n estatal ha respondido con oportunidad ante contingencias ambientales y sociales, atendiendo con responsabilidad temas sensibles como la situaci\u00f3n en Poza Rica y otros desaf\u00edos que han requerido acci\u00f3n inmediata del gobierno.<\/p>\n\n\n\n<p>Ruiz S\u00e1nchez tambi\u00e9n resalt\u00f3 la transformaci\u00f3n en infraestructura carretera que hoy puede apreciarse a lo largo del territorio veracruzano, desde la Huasteca hasta el sur del estado, beneficiando la conectividad, el desarrollo regional y la calidad de vida de miles de familias.<\/p>\n\n\n\n<p>Abund\u00f3 que como ciudadano -que recorro todo el Estado, lo he recorrido muchas, muchas, muchas veces a lo largo de m\u00e1s de 20 a\u00f1os de caminar mi querido Veracruz y desde P\u00e1nuco hasta Las Choapas-, hay una transformaci\u00f3n carretera impresionante, pasando por San Sebasti\u00e1n en Chicontepec, Tantoyuca, P\u00e1nuco, hasta Soteapan, Oteapan, por la riviera veracruzana del lado de la carretera de Veracruz, de Orizaba, por la zona de las monta\u00f1as, Totutla y todas estas regiones de las carreteras estatales.<\/p>\n\n\n\n<p>Finalmente, hizo un llamado a reconocer lo que consider\u00f3 un trabajo responsable, puntual y comprometido con Veracruz. A nombre de la bancada del PVEM expres\u00f3 su respaldo institucional a la gobernadora Roc\u00edo Nahle Garc\u00eda, al se\u00f1alar que en Veracruz \u201cdebe prevalecer la verdad, el reconocimiento al esfuerzo y la visi\u00f3n de construir un Estado con mejores oportunidades para todos\u201d.<\/p>\n","protected":false},"excerpt":{"rendered":"<p>Coatepec: Al pronunciarse sobre el desempe\u00f1o del gobierno estatal, el coordinador del Grupo Legislativo del Partido Verde Ecologista de M\u00e9xico en el Congreso local, Carlos Marcelo Ruiz S\u00e1nchez, afirm\u00f3 que m\u00e1s all\u00e1 de posturas pol\u00edticas, es momento de reconocer con objetividad el trabajo que realiza la gobernadora de Veracruz, ingeniera Roc\u00edo Nahle Garc\u00eda, en favor [&hellip;]<\/p>\n","protected":false},"author":2,"featured_media":170331,"comment_status":"closed","ping_status":"closed","sticky":false,"template":"","format":"standard","meta":{"tdm_status":"","tdm_grid_status":"","footnotes":""},"categories":[73],"tags":[17123,16970,62889,2932,62888,43344,4386],"class_list":{"0":"post-170330","1":"post","2":"type-post","3":"status-publish","4":"format-standard","5":"has-post-thumbnail","7":"category-de-boleto","8":"tag-carlos-marcelo-ruiz-sanchez","9":"tag-congreso-del-estado-de-veracruz","10":"tag-feria-nacional-del-cafe-coatepec","11":"tag-gobierno-de-veracruz","12":"tag-infraestructura-carretera-veracruz","13":"tag-pvem-veracruz","14":"tag-rocio-nahle-garcia"},"yoast_head":"<!-- This site is optimized with the Yoast SEO plugin v27.4 - https:\/\/yoast.com\/product\/yoast-seo-wordpress\/ -->\n<title>HAY QUE HABLAR BIEN DE VERACRUZ - Los pol\u00edticos Veracruz<\/title>\n<meta name=\"robots\" content=\"index, follow, max-snippet:-1, max-image-preview:large, max-video-preview:-1\" \/>\n<link rel=\"canonical\" href=\"https:\/\/lospoliticosveracruz.com\/?p=170330\" \/>\n<meta property=\"og:locale\" content=\"es_ES\" \/>\n<meta property=\"og:type\" content=\"article\" \/>\n<meta property=\"og:title\" content=\"HAY QUE HABLAR BIEN DE VERACRUZ - Los pol\u00edticos Veracruz\" \/>\n<meta property=\"og:description\" content=\"Coatepec: Al pronunciarse sobre el desempe\u00f1o del gobierno estatal, el coordinador del Grupo Legislativo del Partido Verde Ecologista de M\u00e9xico en el Congreso local, Carlos Marcelo Ruiz S\u00e1nchez, afirm\u00f3 que m\u00e1s all\u00e1 de posturas pol\u00edticas, es momento de reconocer con objetividad el trabajo que realiza la gobernadora de Veracruz, ingeniera Roc\u00edo Nahle Garc\u00eda, en favor [&hellip;]\" \/>\n<meta property=\"og:url\" content=\"https:\/\/lospoliticosveracruz.com\/?p=170330\" \/>\n<meta property=\"og:site_name\" content=\"Los pol\u00edticos Veracruz\" \/>\n<meta property=\"article:publisher\" content=\"https:\/\/www.facebook.com\/people\/Notimemes-de-los-Polticos\/61565672886568\/\" \/>\n<meta property=\"article:published_time\" content=\"2026-05-01T03:05:50+00:00\" \/>\n<meta property=\"article:modified_time\" content=\"2026-05-01T03:05:51+00:00\" \/>\n<meta property=\"og:image\" content=\"https:\/\/lospoliticosveracruz.com\/wp-content\/uploads\/2026\/04\/Carlos-Marcelo-1.jpg\" \/>\n\t<meta property=\"og:image:width\" content=\"600\" \/>\n\t<meta property=\"og:image:height\" content=\"320\" \/>\n\t<meta property=\"og:image:type\" content=\"image\/jpeg\" \/>\n<meta name=\"author\" content=\"Lo viste en Los Pol\u00edticos\" \/>\n<meta name=\"twitter:card\" content=\"summary_large_image\" \/>\n<meta name=\"twitter:creator\" content=\"@LosPoliticosVer\" \/>\n<meta name=\"twitter:site\" content=\"@LosPoliticosVer\" \/>\n<meta name=\"twitter:label1\" content=\"Escrito por\" \/>\n\t<meta name=\"twitter:data1\" content=\"Lo viste en Los Pol\u00edticos\" \/>\n\t<meta name=\"twitter:label2\" content=\"Tiempo de lectura\" \/>\n\t<meta name=\"twitter:data2\" content=\"3 minutos\" \/>\n<script type=\"application\/ld+json\" class=\"yoast-schema-graph\">{\"@context\":\"https:\\\/\\\/schema.org\",\"@graph\":[{\"@type\":\"Article\",\"@id\":\"https:\\\/\\\/lospoliticosveracruz.com\\\/?p=170330#article\",\"isPartOf\":{\"@id\":\"https:\\\/\\\/lospoliticosveracruz.com\\\/?p=170330\"},\"author\":{\"name\":\"Lo viste en Los Pol\u00edticos\",\"@id\":\"https:\\\/\\\/lospoliticosveracruz.com\\\/#\\\/schema\\\/person\\\/b8702bb0e538456e6efd07080bf2a4a2\"},\"headline\":\"HAY QUE HABLAR BIEN DE VERACRUZ\",\"datePublished\":\"2026-05-01T03:05:50+00:00\",\"dateModified\":\"2026-05-01T03:05:51+00:00\",\"mainEntityOfPage\":{\"@id\":\"https:\\\/\\\/lospoliticosveracruz.com\\\/?p=170330\"},\"wordCount\":440,\"publisher\":{\"@id\":\"https:\\\/\\\/lospoliticosveracruz.com\\\/#organization\"},\"image\":{\"@id\":\"https:\\\/\\\/lospoliticosveracruz.com\\\/?p=170330#primaryimage\"},\"thumbnailUrl\":\"https:\\\/\\\/lospoliticosveracruz.com\\\/wp-content\\\/uploads\\\/2026\\\/04\\\/Carlos-Marcelo-1.jpg\",\"keywords\":[\"Carlos Marcelo Ruiz S\u00e1nchez\",\"Congreso del Estado de Veracruz\",\"Feria Nacional del Caf\u00e9 Coatepec\",\"gobierno de Veracruz\",\"Infraestructura carretera Veracruz\",\"PVEM Veracruz\",\"Roc\u00edo Nahle Garc\u00eda\"],\"articleSection\":[\"De Boleto\"],\"inLanguage\":\"es\"},{\"@type\":\"WebPage\",\"@id\":\"https:\\\/\\\/lospoliticosveracruz.com\\\/?p=170330\",\"url\":\"https:\\\/\\\/lospoliticosveracruz.com\\\/?p=170330\",\"name\":\"HAY QUE HABLAR BIEN DE VERACRUZ - Los pol\u00edticos Veracruz\",\"isPartOf\":{\"@id\":\"https:\\\/\\\/lospoliticosveracruz.com\\\/#website\"},\"primaryImageOfPage\":{\"@id\":\"https:\\\/\\\/lospoliticosveracruz.com\\\/?p=170330#primaryimage\"},\"image\":{\"@id\":\"https:\\\/\\\/lospoliticosveracruz.com\\\/?p=170330#primaryimage\"},\"thumbnailUrl\":\"https:\\\/\\\/lospoliticosveracruz.com\\\/wp-content\\\/uploads\\\/2026\\\/04\\\/Carlos-Marcelo-1.jpg\",\"datePublished\":\"2026-05-01T03:05:50+00:00\",\"dateModified\":\"2026-05-01T03:05:51+00:00\",\"breadcrumb\":{\"@id\":\"https:\\\/\\\/lospoliticosveracruz.com\\\/?p=170330#breadcrumb\"},\"inLanguage\":\"es\",\"potentialAction\":[{\"@type\":\"ReadAction\",\"target\":[\"https:\\\/\\\/lospoliticosveracruz.com\\\/?p=170330\"]}]},{\"@type\":\"ImageObject\",\"inLanguage\":\"es\",\"@id\":\"https:\\\/\\\/lospoliticosveracruz.com\\\/?p=170330#primaryimage\",\"url\":\"https:\\\/\\\/lospoliticosveracruz.com\\\/wp-content\\\/uploads\\\/2026\\\/04\\\/Carlos-Marcelo-1.jpg\",\"contentUrl\":\"https:\\\/\\\/lospoliticosveracruz.com\\\/wp-content\\\/uploads\\\/2026\\\/04\\\/Carlos-Marcelo-1.jpg\",\"width\":600,\"height\":320},{\"@type\":\"BreadcrumbList\",\"@id\":\"https:\\\/\\\/lospoliticosveracruz.com\\\/?p=170330#breadcrumb\",\"itemListElement\":[{\"@type\":\"ListItem\",\"position\":1,\"name\":\"Portada\",\"item\":\"https:\\\/\\\/lospoliticosveracruz.com\\\/\"},{\"@type\":\"ListItem\",\"position\":2,\"name\":\"HAY QUE HABLAR BIEN DE VERACRUZ\"}]},{\"@type\":\"WebSite\",\"@id\":\"https:\\\/\\\/lospoliticosveracruz.com\\\/#website\",\"url\":\"https:\\\/\\\/lospoliticosveracruz.com\\\/\",\"name\":\"Los pol\u00edticos Veracruz\",\"description\":\"\",\"publisher\":{\"@id\":\"https:\\\/\\\/lospoliticosveracruz.com\\\/#organization\"},\"potentialAction\":[{\"@type\":\"SearchAction\",\"target\":{\"@type\":\"EntryPoint\",\"urlTemplate\":\"https:\\\/\\\/lospoliticosveracruz.com\\\/?s={search_term_string}\"},\"query-input\":{\"@type\":\"PropertyValueSpecification\",\"valueRequired\":true,\"valueName\":\"search_term_string\"}}],\"inLanguage\":\"es\"},{\"@type\":\"Organization\",\"@id\":\"https:\\\/\\\/lospoliticosveracruz.com\\\/#organization\",\"name\":\"Los pol\u00edticos Veracruz\",\"url\":\"https:\\\/\\\/lospoliticosveracruz.com\\\/\",\"logo\":{\"@type\":\"ImageObject\",\"inLanguage\":\"es\",\"@id\":\"https:\\\/\\\/lospoliticosveracruz.com\\\/#\\\/schema\\\/logo\\\/image\\\/\",\"url\":\"https:\\\/\\\/lospoliticosveracruz.com\\\/wp-content\\\/uploads\\\/2025\\\/12\\\/Logo-Nuevo-LOS-POLITICOS-1.jpg\",\"contentUrl\":\"https:\\\/\\\/lospoliticosveracruz.com\\\/wp-content\\\/uploads\\\/2025\\\/12\\\/Logo-Nuevo-LOS-POLITICOS-1.jpg\",\"width\":260,\"height\":70,\"caption\":\"Los pol\u00edticos Veracruz\"},\"image\":{\"@id\":\"https:\\\/\\\/lospoliticosveracruz.com\\\/#\\\/schema\\\/logo\\\/image\\\/\"},\"sameAs\":[\"https:\\\/\\\/www.facebook.com\\\/people\\\/Notimemes-de-los-Polticos\\\/61565672886568\\\/\",\"https:\\\/\\\/x.com\\\/LosPoliticosVer\"]},{\"@type\":\"Person\",\"@id\":\"https:\\\/\\\/lospoliticosveracruz.com\\\/#\\\/schema\\\/person\\\/b8702bb0e538456e6efd07080bf2a4a2\",\"name\":\"Lo viste en Los Pol\u00edticos\",\"image\":{\"@type\":\"ImageObject\",\"inLanguage\":\"es\",\"@id\":\"https:\\\/\\\/secure.gravatar.com\\\/avatar\\\/3a8de04a2656d44082be478bd6c086daa447c4651605818287b9532d3d0bd435?s=96&d=mm&r=g\",\"url\":\"https:\\\/\\\/secure.gravatar.com\\\/avatar\\\/3a8de04a2656d44082be478bd6c086daa447c4651605818287b9532d3d0bd435?s=96&d=mm&r=g\",\"contentUrl\":\"https:\\\/\\\/secure.gravatar.com\\\/avatar\\\/3a8de04a2656d44082be478bd6c086daa447c4651605818287b9532d3d0bd435?s=96&d=mm&r=g\",\"caption\":\"Lo viste en Los Pol\u00edticos\"},\"url\":\"https:\\\/\\\/lospoliticosveracruz.com\\\/?author=2\"}]}<\/script>\n<!-- \/ Yoast SEO plugin. -->","yoast_head_json":{"title":"HAY QUE HABLAR BIEN DE VERACRUZ - Los pol\u00edticos Veracruz","robots":{"index":"index","follow":"follow","max-snippet":"max-snippet:-1","max-image-preview":"max-image-preview:large","max-video-preview":"max-video-preview:-1"},"canonical":"https:\/\/lospoliticosveracruz.com\/?p=170330","og_locale":"es_ES","og_type":"article","og_title":"HAY QUE HABLAR BIEN DE VERACRUZ - Los pol\u00edticos Veracruz","og_description":"Coatepec: Al pronunciarse sobre el desempe\u00f1o del gobierno estatal, el coordinador del Grupo Legislativo del Partido Verde Ecologista de M\u00e9xico en el Congreso local, Carlos Marcelo Ruiz S\u00e1nchez, afirm\u00f3 que m\u00e1s all\u00e1 de posturas pol\u00edticas, es momento de reconocer con objetividad el trabajo que realiza la gobernadora de Veracruz, ingeniera Roc\u00edo Nahle Garc\u00eda, en favor [&hellip;]","og_url":"https:\/\/lospoliticosveracruz.com\/?p=170330","og_site_name":"Los pol\u00edticos Veracruz","article_publisher":"https:\/\/www.facebook.com\/people\/Notimemes-de-los-Polticos\/61565672886568\/","article_published_time":"2026-05-01T03:05:50+00:00","article_modified_time":"2026-05-01T03:05:51+00:00","og_image":[{"width":600,"height":320,"url":"https:\/\/lospoliticosveracruz.com\/wp-content\/uploads\/2026\/04\/Carlos-Marcelo-1.jpg","type":"image\/jpeg"}],"author":"Lo viste en Los Pol\u00edticos","twitter_card":"summary_large_image","twitter_creator":"@LosPoliticosVer","twitter_site":"@LosPoliticosVer","twitter_misc":{"Escrito por":"Lo viste en Los Pol\u00edticos","Tiempo de lectura":"3 minutos"},"schema":{"@context":"https:\/\/schema.org","@graph":[{"@type":"Article","@id":"https:\/\/lospoliticosveracruz.com\/?p=170330#article","isPartOf":{"@id":"https:\/\/lospoliticosveracruz.com\/?p=170330"},"author":{"name":"Lo viste en Los Pol\u00edticos","@id":"https:\/\/lospoliticosveracruz.com\/#\/schema\/person\/b8702bb0e538456e6efd07080bf2a4a2"},"headline":"HAY QUE HABLAR BIEN DE VERACRUZ","datePublished":"2026-05-01T03:05:50+00:00","dateModified":"2026-05-01T03:05:51+00:00","mainEntityOfPage":{"@id":"https:\/\/lospoliticosveracruz.com\/?p=170330"},"wordCount":440,"publisher":{"@id":"https:\/\/lospoliticosveracruz.com\/#organization"},"image":{"@id":"https:\/\/lospoliticosveracruz.com\/?p=170330#primaryimage"},"thumbnailUrl":"https:\/\/lospoliticosveracruz.com\/wp-content\/uploads\/2026\/04\/Carlos-Marcelo-1.jpg","keywords":["Carlos Marcelo Ruiz S\u00e1nchez","Congreso del Estado de Veracruz","Feria Nacional del Caf\u00e9 Coatepec","gobierno de Veracruz","Infraestructura carretera Veracruz","PVEM Veracruz","Roc\u00edo Nahle Garc\u00eda"],"articleSection":["De Boleto"],"inLanguage":"es"},{"@type":"WebPage","@id":"https:\/\/lospoliticosveracruz.com\/?p=170330","url":"https:\/\/lospoliticosveracruz.com\/?p=170330","name":"HAY QUE HABLAR BIEN DE VERACRUZ - Los pol\u00edticos Veracruz","isPartOf":{"@id":"https:\/\/lospoliticosveracruz.com\/#website"},"primaryImageOfPage":{"@id":"https:\/\/lospoliticosveracruz.com\/?p=170330#primaryimage"},"image":{"@id":"https:\/\/lospoliticosveracruz.com\/?p=170330#primaryimage"},"thumbnailUrl":"https:\/\/lospoliticosveracruz.com\/wp-content\/uploads\/2026\/04\/Carlos-Marcelo-1.jpg","datePublished":"2026-05-01T03:05:50+00:00","dateModified":"2026-05-01T03:05:51+00:00","breadcrumb":{"@id":"https:\/\/lospoliticosveracruz.com\/?p=170330#breadcrumb"},"inLanguage":"es","potentialAction":[{"@type":"ReadAction","target":["https:\/\/lospoliticosveracruz.com\/?p=170330"]}]},{"@type":"ImageObject","inLanguage":"es","@id":"https:\/\/lospoliticosveracruz.com\/?p=170330#primaryimage","url":"https:\/\/lospoliticosveracruz.com\/wp-content\/uploads\/2026\/04\/Carlos-Marcelo-1.jpg","contentUrl":"https:\/\/lospoliticosveracruz.com\/wp-content\/uploads\/2026\/04\/Carlos-Marcelo-1.jpg","width":600,"height":320},{"@type":"BreadcrumbList","@id":"https:\/\/lospoliticosveracruz.com\/?p=170330#breadcrumb","itemListElement":[{"@type":"ListItem","position":1,"name":"Portada","item":"https:\/\/lospoliticosveracruz.com\/"},{"@type":"ListItem","position":2,"name":"HAY QUE HABLAR BIEN DE VERACRUZ"}]},{"@type":"WebSite","@id":"https:\/\/lospoliticosveracruz.com\/#website","url":"https:\/\/lospoliticosveracruz.com\/","name":"Los pol\u00edticos Veracruz","description":"","publisher":{"@id":"https:\/\/lospoliticosveracruz.com\/#organization"},"potentialAction":[{"@type":"SearchAction","target":{"@type":"EntryPoint","urlTemplate":"https:\/\/lospoliticosveracruz.com\/?s={search_term_string}"},"query-input":{"@type":"PropertyValueSpecification","valueRequired":true,"valueName":"search_term_string"}}],"inLanguage":"es"},{"@type":"Organization","@id":"https:\/\/lospoliticosveracruz.com\/#organization","name":"Los pol\u00edticos Veracruz","url":"https:\/\/lospoliticosveracruz.com\/","logo":{"@type":"ImageObject","inLanguage":"es","@id":"https:\/\/lospoliticosveracruz.com\/#\/schema\/logo\/image\/","url":"https:\/\/lospoliticosveracruz.com\/wp-content\/uploads\/2025\/12\/Logo-Nuevo-LOS-POLITICOS-1.jpg","contentUrl":"https:\/\/lospoliticosveracruz.com\/wp-content\/uploads\/2025\/12\/Logo-Nuevo-LOS-POLITICOS-1.jpg","width":260,"height":70,"caption":"Los pol\u00edticos Veracruz"},"image":{"@id":"https:\/\/lospoliticosveracruz.com\/#\/schema\/logo\/image\/"},"sameAs":["https:\/\/www.facebook.com\/people\/Notimemes-de-los-Polticos\/61565672886568\/","https:\/\/x.com\/LosPoliticosVer"]},{"@type":"Person","@id":"https:\/\/lospoliticosveracruz.com\/#\/schema\/person\/b8702bb0e538456e6efd07080bf2a4a2","name":"Lo viste en Los Pol\u00edticos","image":{"@type":"ImageObject","inLanguage":"es","@id":"https:\/\/secure.gravatar.com\/avatar\/3a8de04a2656d44082be478bd6c086daa447c4651605818287b9532d3d0bd435?s=96&d=mm&r=g","url":"https:\/\/secure.gravatar.com\/avatar\/3a8de04a2656d44082be478bd6c086daa447c4651605818287b9532d3d0bd435?s=96&d=mm&r=g","contentUrl":"https:\/\/secure.gravatar.com\/avatar\/3a8de04a2656d44082be478bd6c086daa447c4651605818287b9532d3d0bd435?s=96&d=mm&r=g","caption":"Lo viste en Los Pol\u00edticos"},"url":"https:\/\/lospoliticosveracruz.com\/?author=2"}]}},"_links":{"self":[{"href":"https:\/\/lospoliticosveracruz.com\/index.php?rest_route=\/wp\/v2\/posts\/170330","targetHints":{"allow":["GET"]}}],"collection":[{"href":"https:\/\/lospoliticosveracruz.com\/index.php?rest_route=\/wp\/v2\/posts"}],"about":[{"href":"https:\/\/lospoliticosveracruz.com\/index.php?rest_route=\/wp\/v2\/types\/post"}],"author":[{"embeddable":true,"href":"https:\/\/lospoliticosveracruz.com\/index.php?rest_route=\/wp\/v2\/users\/2"}],"replies":[{"embeddable":true,"href":"https:\/\/lospoliticosveracruz.com\/index.php?rest_route=%2Fwp%2Fv2%2Fcomments&post=170330"}],"version-history":[{"count":1,"href":"https:\/\/lospoliticosveracruz.com\/index.php?rest_route=\/wp\/v2\/posts\/170330\/revisions"}],"predecessor-version":[{"id":170332,"href":"https:\/\/lospoliticosveracruz.com\/index.php?rest_route=\/wp\/v2\/posts\/170330\/revisions\/170332"}],"wp:featuredmedia":[{"embeddable":true,"href":"https:\/\/lospoliticosveracruz.com\/index.php?rest_route=\/wp\/v2\/media\/170331"}],"wp:attachment":[{"href":"https:\/\/lospoliticosveracruz.com\/index.php?rest_route=%2Fwp%2Fv2%2Fmedia&parent=170330"}],"wp:term":[{"taxonomy":"category","embeddable":true,"href":"https:\/\/lospoliticosveracruz.com\/index.php?rest_route=%2Fwp%2Fv2%2Fcategories&post=170330"},{"taxonomy":"post_tag","embeddable":true,"href":"https:\/\/lospoliticosveracruz.com\/index.php?rest_route=%2Fwp%2Fv2%2Ftags&post=170330"}],"curies":[{"name":"wp","href":"https:\/\/api.w.org\/{rel}","templated":true}]}}