{"id":170336,"date":"2026-04-30T21:52:38","date_gmt":"2026-05-01T03:52:38","guid":{"rendered":"https:\/\/lospoliticosveracruz.com\/?p=170336"},"modified":"2026-04-30T21:52:40","modified_gmt":"2026-05-01T03:52:40","slug":"hoy-juego-manana-soy","status":"publish","type":"post","link":"https:\/\/lospoliticosveracruz.com\/?p=170336","title":{"rendered":"\u00a1HOY JUEGO, MA\u00d1ANA SOY!"},"content":{"rendered":"\n<p><\/p>\n\n\n\n<p>Poza Rica: Con una jornada llena de emoci\u00f3n, alegr\u00eda y cientos de sonrisas, el Gobierno de Poza Rica, en coordinaci\u00f3n con el DIF Municipal, celebr\u00f3 a lo grande el D\u00eda de la Ni\u00f1ez con el evento \u201cCiudad Esperanza: \u00a1Hoy juego, ma\u00f1ana soy!\u201d, realizado en la Plaza C\u00edvica como el gran cierre de una serie de actividades que llevaron felicidad a distintos sectores de la ciudad.<\/p>\n\n\n\n<p>Desde temprana hora, ni\u00f1as y ni\u00f1os acompa\u00f1ados de sus familias se dieron cita en un espacio que se transform\u00f3 en un universo de imaginaci\u00f3n, donde pudieron convertirse en doctores, bomberos, astronautas y muchos otros personajes, explorando sus sue\u00f1os a trav\u00e9s del juego. Cada actividad fue pensada para inspirar, divertir y fortalecer la confianza de las nuevas generaciones.<\/p>\n\n\n\n<p>La celebraci\u00f3n, organizada de manera conjunta por el Gobierno Municipal y el DIF Poza Rica, destac\u00f3 por su ambiente festivo, con espect\u00e1culos infantiles, din\u00e1micas interactivas, juegos y la entrega de premios, generando momentos inolvidables para las familias asistentes.<\/p>\n\n\n\n<p>Este magno evento fue encabezado por la Presidenta Municipal, Adanely Rodr\u00edguez, acompa\u00f1ada de la Presidenta Honor\u00edfica del DIF Municipal, la Sra. Concepci\u00f3n Rodr\u00edguez, as\u00ed como de Andr\u00e9s Francisco Aguilar Ceballos, secretario de la Secci\u00f3n N\u00famero 30, quienes, junto a las y los regidores del Ayuntamiento, sumaron esfuerzos para hacer posible esta celebraci\u00f3n dedicada a la ni\u00f1ez pozarricense.<\/p>\n\n\n\n<p>En su mensaje, la Presidenta Municipal destac\u00f3 que cada sonrisa de las ni\u00f1as y ni\u00f1os es reflejo del compromiso de su administraci\u00f3n por construir un mejor presente y un futuro lleno de oportunidades. Subray\u00f3 que este festejo no solo representa un momento de alegr\u00eda, sino tambi\u00e9n una muestra del trabajo coordinado entre instituciones para fortalecer el bienestar de las familias.<\/p>\n\n\n\n<p>Cabe destacar que esta celebraci\u00f3n forma parte de una estrategia integral que previamente recorri\u00f3 al menos 15 colonias del municipio, acercando actividades recreativas y espacios de convivencia a miles de ni\u00f1as y ni\u00f1os, consolidando un gobierno cercano y sensible.<\/p>\n\n\n\n<p>Con acciones como esta, el Gobierno de Poza Rica y el DIF Municipal reafirman su compromiso con la ni\u00f1ez, impulsando entornos seguros, incluyentes y llenos de esperanza, donde cada juego de hoy se convierta en el sue\u00f1o cumplido del ma\u00f1ana.<\/p>\n","protected":false},"excerpt":{"rendered":"<p>Poza Rica: Con una jornada llena de emoci\u00f3n, alegr\u00eda y cientos de sonrisas, el Gobierno de Poza Rica, en coordinaci\u00f3n con el DIF Municipal, celebr\u00f3 a lo grande el D\u00eda de la Ni\u00f1ez con el evento \u201cCiudad Esperanza: \u00a1Hoy juego, ma\u00f1ana soy!\u201d, realizado en la Plaza C\u00edvica como el gran cierre de una serie de [&hellip;]<\/p>\n","protected":false},"author":2,"featured_media":170337,"comment_status":"closed","ping_status":"closed","sticky":false,"template":"","format":"standard","meta":{"tdm_status":"","tdm_grid_status":"","footnotes":""},"categories":[73],"tags":[47880,52475,62896,62895,62894,1267],"class_list":{"0":"post-170336","1":"post","2":"type-post","3":"status-publish","4":"format-standard","5":"has-post-thumbnail","7":"category-de-boleto","8":"tag-adanely-rodriguez","9":"tag-ayuntamiento-de-poza-rica","10":"tag-ciudad-esperanza","11":"tag-dia-del-nino-poza-rica","12":"tag-dif-poza-rica","13":"tag-poza-rica"},"yoast_head":"<!-- This site is optimized with the Yoast SEO plugin v27.4 - https:\/\/yoast.com\/product\/yoast-seo-wordpress\/ -->\n<title>\u00a1HOY JUEGO, MA\u00d1ANA SOY! - Los pol\u00edticos Veracruz<\/title>\n<meta name=\"robots\" content=\"index, follow, max-snippet:-1, max-image-preview:large, max-video-preview:-1\" \/>\n<link rel=\"canonical\" href=\"https:\/\/lospoliticosveracruz.com\/?p=170336\" \/>\n<meta property=\"og:locale\" content=\"es_ES\" \/>\n<meta property=\"og:type\" content=\"article\" \/>\n<meta property=\"og:title\" content=\"\u00a1HOY JUEGO, MA\u00d1ANA SOY! - Los pol\u00edticos Veracruz\" \/>\n<meta property=\"og:description\" content=\"Poza Rica: Con una jornada llena de emoci\u00f3n, alegr\u00eda y cientos de sonrisas, el Gobierno de Poza Rica, en coordinaci\u00f3n con el DIF Municipal, celebr\u00f3 a lo grande el D\u00eda de la Ni\u00f1ez con el evento \u201cCiudad Esperanza: \u00a1Hoy juego, ma\u00f1ana soy!\u201d, realizado en la Plaza C\u00edvica como el gran cierre de una serie de [&hellip;]\" \/>\n<meta property=\"og:url\" content=\"https:\/\/lospoliticosveracruz.com\/?p=170336\" \/>\n<meta property=\"og:site_name\" content=\"Los pol\u00edticos Veracruz\" \/>\n<meta property=\"article:publisher\" content=\"https:\/\/www.facebook.com\/people\/Notimemes-de-los-Polticos\/61565672886568\/\" \/>\n<meta property=\"article:published_time\" content=\"2026-05-01T03:52:38+00:00\" \/>\n<meta property=\"article:modified_time\" content=\"2026-05-01T03:52:40+00:00\" \/>\n<meta property=\"og:image\" content=\"https:\/\/lospoliticosveracruz.com\/wp-content\/uploads\/2026\/04\/PR-5.jpg\" \/>\n\t<meta property=\"og:image:width\" content=\"600\" \/>\n\t<meta property=\"og:image:height\" content=\"320\" \/>\n\t<meta property=\"og:image:type\" content=\"image\/jpeg\" \/>\n<meta name=\"author\" content=\"Lo viste en Los Pol\u00edticos\" \/>\n<meta name=\"twitter:card\" content=\"summary_large_image\" \/>\n<meta name=\"twitter:creator\" content=\"@LosPoliticosVer\" \/>\n<meta name=\"twitter:site\" content=\"@LosPoliticosVer\" \/>\n<meta name=\"twitter:label1\" content=\"Escrito por\" \/>\n\t<meta name=\"twitter:data1\" content=\"Lo viste en Los Pol\u00edticos\" \/>\n\t<meta name=\"twitter:label2\" content=\"Tiempo de lectura\" \/>\n\t<meta name=\"twitter:data2\" content=\"2 minutos\" \/>\n<script type=\"application\/ld+json\" class=\"yoast-schema-graph\">{\"@context\":\"https:\\\/\\\/schema.org\",\"@graph\":[{\"@type\":\"Article\",\"@id\":\"https:\\\/\\\/lospoliticosveracruz.com\\\/?p=170336#article\",\"isPartOf\":{\"@id\":\"https:\\\/\\\/lospoliticosveracruz.com\\\/?p=170336\"},\"author\":{\"name\":\"Lo viste en Los Pol\u00edticos\",\"@id\":\"https:\\\/\\\/lospoliticosveracruz.com\\\/#\\\/schema\\\/person\\\/b8702bb0e538456e6efd07080bf2a4a2\"},\"headline\":\"\u00a1HOY JUEGO, MA\u00d1ANA SOY!\",\"datePublished\":\"2026-05-01T03:52:38+00:00\",\"dateModified\":\"2026-05-01T03:52:40+00:00\",\"mainEntityOfPage\":{\"@id\":\"https:\\\/\\\/lospoliticosveracruz.com\\\/?p=170336\"},\"wordCount\":396,\"publisher\":{\"@id\":\"https:\\\/\\\/lospoliticosveracruz.com\\\/#organization\"},\"image\":{\"@id\":\"https:\\\/\\\/lospoliticosveracruz.com\\\/?p=170336#primaryimage\"},\"thumbnailUrl\":\"https:\\\/\\\/lospoliticosveracruz.com\\\/wp-content\\\/uploads\\\/2026\\\/04\\\/PR-5.jpg\",\"keywords\":[\"Adanely Rodr\u00edguez\",\"Ayuntamiento de Poza Rica\",\"Ciudad Esperanza\",\"D\u00eda del Ni\u00f1o Poza Rica\",\"DIF Poza Rica\",\"Poza Rica\"],\"articleSection\":[\"De Boleto\"],\"inLanguage\":\"es\"},{\"@type\":\"WebPage\",\"@id\":\"https:\\\/\\\/lospoliticosveracruz.com\\\/?p=170336\",\"url\":\"https:\\\/\\\/lospoliticosveracruz.com\\\/?p=170336\",\"name\":\"\u00a1HOY JUEGO, MA\u00d1ANA SOY! - Los pol\u00edticos Veracruz\",\"isPartOf\":{\"@id\":\"https:\\\/\\\/lospoliticosveracruz.com\\\/#website\"},\"primaryImageOfPage\":{\"@id\":\"https:\\\/\\\/lospoliticosveracruz.com\\\/?p=170336#primaryimage\"},\"image\":{\"@id\":\"https:\\\/\\\/lospoliticosveracruz.com\\\/?p=170336#primaryimage\"},\"thumbnailUrl\":\"https:\\\/\\\/lospoliticosveracruz.com\\\/wp-content\\\/uploads\\\/2026\\\/04\\\/PR-5.jpg\",\"datePublished\":\"2026-05-01T03:52:38+00:00\",\"dateModified\":\"2026-05-01T03:52:40+00:00\",\"breadcrumb\":{\"@id\":\"https:\\\/\\\/lospoliticosveracruz.com\\\/?p=170336#breadcrumb\"},\"inLanguage\":\"es\",\"potentialAction\":[{\"@type\":\"ReadAction\",\"target\":[\"https:\\\/\\\/lospoliticosveracruz.com\\\/?p=170336\"]}]},{\"@type\":\"ImageObject\",\"inLanguage\":\"es\",\"@id\":\"https:\\\/\\\/lospoliticosveracruz.com\\\/?p=170336#primaryimage\",\"url\":\"https:\\\/\\\/lospoliticosveracruz.com\\\/wp-content\\\/uploads\\\/2026\\\/04\\\/PR-5.jpg\",\"contentUrl\":\"https:\\\/\\\/lospoliticosveracruz.com\\\/wp-content\\\/uploads\\\/2026\\\/04\\\/PR-5.jpg\",\"width\":600,\"height\":320},{\"@type\":\"BreadcrumbList\",\"@id\":\"https:\\\/\\\/lospoliticosveracruz.com\\\/?p=170336#breadcrumb\",\"itemListElement\":[{\"@type\":\"ListItem\",\"position\":1,\"name\":\"Portada\",\"item\":\"https:\\\/\\\/lospoliticosveracruz.com\\\/\"},{\"@type\":\"ListItem\",\"position\":2,\"name\":\"\u00a1HOY JUEGO, MA\u00d1ANA SOY!\"}]},{\"@type\":\"WebSite\",\"@id\":\"https:\\\/\\\/lospoliticosveracruz.com\\\/#website\",\"url\":\"https:\\\/\\\/lospoliticosveracruz.com\\\/\",\"name\":\"Los pol\u00edticos Veracruz\",\"description\":\"\",\"publisher\":{\"@id\":\"https:\\\/\\\/lospoliticosveracruz.com\\\/#organization\"},\"potentialAction\":[{\"@type\":\"SearchAction\",\"target\":{\"@type\":\"EntryPoint\",\"urlTemplate\":\"https:\\\/\\\/lospoliticosveracruz.com\\\/?s={search_term_string}\"},\"query-input\":{\"@type\":\"PropertyValueSpecification\",\"valueRequired\":true,\"valueName\":\"search_term_string\"}}],\"inLanguage\":\"es\"},{\"@type\":\"Organization\",\"@id\":\"https:\\\/\\\/lospoliticosveracruz.com\\\/#organization\",\"name\":\"Los pol\u00edticos Veracruz\",\"url\":\"https:\\\/\\\/lospoliticosveracruz.com\\\/\",\"logo\":{\"@type\":\"ImageObject\",\"inLanguage\":\"es\",\"@id\":\"https:\\\/\\\/lospoliticosveracruz.com\\\/#\\\/schema\\\/logo\\\/image\\\/\",\"url\":\"https:\\\/\\\/lospoliticosveracruz.com\\\/wp-content\\\/uploads\\\/2025\\\/12\\\/Logo-Nuevo-LOS-POLITICOS-1.jpg\",\"contentUrl\":\"https:\\\/\\\/lospoliticosveracruz.com\\\/wp-content\\\/uploads\\\/2025\\\/12\\\/Logo-Nuevo-LOS-POLITICOS-1.jpg\",\"width\":260,\"height\":70,\"caption\":\"Los pol\u00edticos Veracruz\"},\"image\":{\"@id\":\"https:\\\/\\\/lospoliticosveracruz.com\\\/#\\\/schema\\\/logo\\\/image\\\/\"},\"sameAs\":[\"https:\\\/\\\/www.facebook.com\\\/people\\\/Notimemes-de-los-Polticos\\\/61565672886568\\\/\",\"https:\\\/\\\/x.com\\\/LosPoliticosVer\"]},{\"@type\":\"Person\",\"@id\":\"https:\\\/\\\/lospoliticosveracruz.com\\\/#\\\/schema\\\/person\\\/b8702bb0e538456e6efd07080bf2a4a2\",\"name\":\"Lo viste en Los Pol\u00edticos\",\"image\":{\"@type\":\"ImageObject\",\"inLanguage\":\"es\",\"@id\":\"https:\\\/\\\/secure.gravatar.com\\\/avatar\\\/3a8de04a2656d44082be478bd6c086daa447c4651605818287b9532d3d0bd435?s=96&d=mm&r=g\",\"url\":\"https:\\\/\\\/secure.gravatar.com\\\/avatar\\\/3a8de04a2656d44082be478bd6c086daa447c4651605818287b9532d3d0bd435?s=96&d=mm&r=g\",\"contentUrl\":\"https:\\\/\\\/secure.gravatar.com\\\/avatar\\\/3a8de04a2656d44082be478bd6c086daa447c4651605818287b9532d3d0bd435?s=96&d=mm&r=g\",\"caption\":\"Lo viste en Los Pol\u00edticos\"},\"url\":\"https:\\\/\\\/lospoliticosveracruz.com\\\/?author=2\"}]}<\/script>\n<!-- \/ Yoast SEO plugin. -->","yoast_head_json":{"title":"\u00a1HOY JUEGO, MA\u00d1ANA SOY! - Los pol\u00edticos Veracruz","robots":{"index":"index","follow":"follow","max-snippet":"max-snippet:-1","max-image-preview":"max-image-preview:large","max-video-preview":"max-video-preview:-1"},"canonical":"https:\/\/lospoliticosveracruz.com\/?p=170336","og_locale":"es_ES","og_type":"article","og_title":"\u00a1HOY JUEGO, MA\u00d1ANA SOY! - Los pol\u00edticos Veracruz","og_description":"Poza Rica: Con una jornada llena de emoci\u00f3n, alegr\u00eda y cientos de sonrisas, el Gobierno de Poza Rica, en coordinaci\u00f3n con el DIF Municipal, celebr\u00f3 a lo grande el D\u00eda de la Ni\u00f1ez con el evento \u201cCiudad Esperanza: \u00a1Hoy juego, ma\u00f1ana soy!\u201d, realizado en la Plaza C\u00edvica como el gran cierre de una serie de [&hellip;]","og_url":"https:\/\/lospoliticosveracruz.com\/?p=170336","og_site_name":"Los pol\u00edticos Veracruz","article_publisher":"https:\/\/www.facebook.com\/people\/Notimemes-de-los-Polticos\/61565672886568\/","article_published_time":"2026-05-01T03:52:38+00:00","article_modified_time":"2026-05-01T03:52:40+00:00","og_image":[{"width":600,"height":320,"url":"https:\/\/lospoliticosveracruz.com\/wp-content\/uploads\/2026\/04\/PR-5.jpg","type":"image\/jpeg"}],"author":"Lo viste en Los Pol\u00edticos","twitter_card":"summary_large_image","twitter_creator":"@LosPoliticosVer","twitter_site":"@LosPoliticosVer","twitter_misc":{"Escrito por":"Lo viste en Los Pol\u00edticos","Tiempo de lectura":"2 minutos"},"schema":{"@context":"https:\/\/schema.org","@graph":[{"@type":"Article","@id":"https:\/\/lospoliticosveracruz.com\/?p=170336#article","isPartOf":{"@id":"https:\/\/lospoliticosveracruz.com\/?p=170336"},"author":{"name":"Lo viste en Los Pol\u00edticos","@id":"https:\/\/lospoliticosveracruz.com\/#\/schema\/person\/b8702bb0e538456e6efd07080bf2a4a2"},"headline":"\u00a1HOY JUEGO, MA\u00d1ANA SOY!","datePublished":"2026-05-01T03:52:38+00:00","dateModified":"2026-05-01T03:52:40+00:00","mainEntityOfPage":{"@id":"https:\/\/lospoliticosveracruz.com\/?p=170336"},"wordCount":396,"publisher":{"@id":"https:\/\/lospoliticosveracruz.com\/#organization"},"image":{"@id":"https:\/\/lospoliticosveracruz.com\/?p=170336#primaryimage"},"thumbnailUrl":"https:\/\/lospoliticosveracruz.com\/wp-content\/uploads\/2026\/04\/PR-5.jpg","keywords":["Adanely Rodr\u00edguez","Ayuntamiento de Poza Rica","Ciudad Esperanza","D\u00eda del Ni\u00f1o Poza Rica","DIF Poza Rica","Poza Rica"],"articleSection":["De Boleto"],"inLanguage":"es"},{"@type":"WebPage","@id":"https:\/\/lospoliticosveracruz.com\/?p=170336","url":"https:\/\/lospoliticosveracruz.com\/?p=170336","name":"\u00a1HOY JUEGO, MA\u00d1ANA SOY! - Los pol\u00edticos Veracruz","isPartOf":{"@id":"https:\/\/lospoliticosveracruz.com\/#website"},"primaryImageOfPage":{"@id":"https:\/\/lospoliticosveracruz.com\/?p=170336#primaryimage"},"image":{"@id":"https:\/\/lospoliticosveracruz.com\/?p=170336#primaryimage"},"thumbnailUrl":"https:\/\/lospoliticosveracruz.com\/wp-content\/uploads\/2026\/04\/PR-5.jpg","datePublished":"2026-05-01T03:52:38+00:00","dateModified":"2026-05-01T03:52:40+00:00","breadcrumb":{"@id":"https:\/\/lospoliticosveracruz.com\/?p=170336#breadcrumb"},"inLanguage":"es","potentialAction":[{"@type":"ReadAction","target":["https:\/\/lospoliticosveracruz.com\/?p=170336"]}]},{"@type":"ImageObject","inLanguage":"es","@id":"https:\/\/lospoliticosveracruz.com\/?p=170336#primaryimage","url":"https:\/\/lospoliticosveracruz.com\/wp-content\/uploads\/2026\/04\/PR-5.jpg","contentUrl":"https:\/\/lospoliticosveracruz.com\/wp-content\/uploads\/2026\/04\/PR-5.jpg","width":600,"height":320},{"@type":"BreadcrumbList","@id":"https:\/\/lospoliticosveracruz.com\/?p=170336#breadcrumb","itemListElement":[{"@type":"ListItem","position":1,"name":"Portada","item":"https:\/\/lospoliticosveracruz.com\/"},{"@type":"ListItem","position":2,"name":"\u00a1HOY JUEGO, MA\u00d1ANA SOY!"}]},{"@type":"WebSite","@id":"https:\/\/lospoliticosveracruz.com\/#website","url":"https:\/\/lospoliticosveracruz.com\/","name":"Los pol\u00edticos Veracruz","description":"","publisher":{"@id":"https:\/\/lospoliticosveracruz.com\/#organization"},"potentialAction":[{"@type":"SearchAction","target":{"@type":"EntryPoint","urlTemplate":"https:\/\/lospoliticosveracruz.com\/?s={search_term_string}"},"query-input":{"@type":"PropertyValueSpecification","valueRequired":true,"valueName":"search_term_string"}}],"inLanguage":"es"},{"@type":"Organization","@id":"https:\/\/lospoliticosveracruz.com\/#organization","name":"Los pol\u00edticos Veracruz","url":"https:\/\/lospoliticosveracruz.com\/","logo":{"@type":"ImageObject","inLanguage":"es","@id":"https:\/\/lospoliticosveracruz.com\/#\/schema\/logo\/image\/","url":"https:\/\/lospoliticosveracruz.com\/wp-content\/uploads\/2025\/12\/Logo-Nuevo-LOS-POLITICOS-1.jpg","contentUrl":"https:\/\/lospoliticosveracruz.com\/wp-content\/uploads\/2025\/12\/Logo-Nuevo-LOS-POLITICOS-1.jpg","width":260,"height":70,"caption":"Los pol\u00edticos Veracruz"},"image":{"@id":"https:\/\/lospoliticosveracruz.com\/#\/schema\/logo\/image\/"},"sameAs":["https:\/\/www.facebook.com\/people\/Notimemes-de-los-Polticos\/61565672886568\/","https:\/\/x.com\/LosPoliticosVer"]},{"@type":"Person","@id":"https:\/\/lospoliticosveracruz.com\/#\/schema\/person\/b8702bb0e538456e6efd07080bf2a4a2","name":"Lo viste en Los Pol\u00edticos","image":{"@type":"ImageObject","inLanguage":"es","@id":"https:\/\/secure.gravatar.com\/avatar\/3a8de04a2656d44082be478bd6c086daa447c4651605818287b9532d3d0bd435?s=96&d=mm&r=g","url":"https:\/\/secure.gravatar.com\/avatar\/3a8de04a2656d44082be478bd6c086daa447c4651605818287b9532d3d0bd435?s=96&d=mm&r=g","contentUrl":"https:\/\/secure.gravatar.com\/avatar\/3a8de04a2656d44082be478bd6c086daa447c4651605818287b9532d3d0bd435?s=96&d=mm&r=g","caption":"Lo viste en Los Pol\u00edticos"},"url":"https:\/\/lospoliticosveracruz.com\/?author=2"}]}},"_links":{"self":[{"href":"https:\/\/lospoliticosveracruz.com\/index.php?rest_route=\/wp\/v2\/posts\/170336","targetHints":{"allow":["GET"]}}],"collection":[{"href":"https:\/\/lospoliticosveracruz.com\/index.php?rest_route=\/wp\/v2\/posts"}],"about":[{"href":"https:\/\/lospoliticosveracruz.com\/index.php?rest_route=\/wp\/v2\/types\/post"}],"author":[{"embeddable":true,"href":"https:\/\/lospoliticosveracruz.com\/index.php?rest_route=\/wp\/v2\/users\/2"}],"replies":[{"embeddable":true,"href":"https:\/\/lospoliticosveracruz.com\/index.php?rest_route=%2Fwp%2Fv2%2Fcomments&post=170336"}],"version-history":[{"count":1,"href":"https:\/\/lospoliticosveracruz.com\/index.php?rest_route=\/wp\/v2\/posts\/170336\/revisions"}],"predecessor-version":[{"id":170338,"href":"https:\/\/lospoliticosveracruz.com\/index.php?rest_route=\/wp\/v2\/posts\/170336\/revisions\/170338"}],"wp:featuredmedia":[{"embeddable":true,"href":"https:\/\/lospoliticosveracruz.com\/index.php?rest_route=\/wp\/v2\/media\/170337"}],"wp:attachment":[{"href":"https:\/\/lospoliticosveracruz.com\/index.php?rest_route=%2Fwp%2Fv2%2Fmedia&parent=170336"}],"wp:term":[{"taxonomy":"category","embeddable":true,"href":"https:\/\/lospoliticosveracruz.com\/index.php?rest_route=%2Fwp%2Fv2%2Fcategories&post=170336"},{"taxonomy":"post_tag","embeddable":true,"href":"https:\/\/lospoliticosveracruz.com\/index.php?rest_route=%2Fwp%2Fv2%2Ftags&post=170336"}],"curies":[{"name":"wp","href":"https:\/\/api.w.org\/{rel}","templated":true}]}}