{"id":170339,"date":"2026-05-01T06:13:39","date_gmt":"2026-05-01T12:13:39","guid":{"rendered":"https:\/\/lospoliticosveracruz.com\/?p=170339"},"modified":"2026-05-01T06:13:40","modified_gmt":"2026-05-01T12:13:40","slug":"intensos-calores-y-sin-agua","status":"publish","type":"post","link":"https:\/\/lospoliticosveracruz.com\/?p=170339","title":{"rendered":"INTENSOS CALORES Y SIN AGUA!"},"content":{"rendered":"\n<p><strong>Fanny Y\u00e9pez<\/strong><br><em>La Columna<\/em><br>La advertencia de los especialistas sobre la \u00abguerra por el agua\u00bb no es un escenario lejano, sino una crisis que ya se est\u00e1 manifestando y se intensificar\u00e1, convirtiendo al agua en el recurso m\u00e1s cr\u00edtico del siglo XXI. Diversos an\u00e1lisis indican que el estr\u00e9s h\u00eddrico, impulsado por el cambio clim\u00e1tico, el aumento poblacional y la mala gesti\u00f3n, est\u00e1 transformando el agua en un arma de guerra y una fuente de conflictos internacionales.<br>El calentamiento global, que provoca el derretimiento de glaciares y la desertificaci\u00f3n, hace m\u00e1s intensa la pelea por el recurso y es necesario el replanteamiento de la gesti\u00f3n del agua, adem\u00e1s de la cultura de sembrar m\u00e1s \u00e1rboles, pero en serio.<br>El estado de Veracruz no est\u00e1 exento de este grave problema, en esta entidad se enfrenta una severa crisis h\u00eddrica con sequ\u00edas que intensifican la escasez de agua, ya es 2026 uno de los a\u00f1os m\u00e1s secos registrados. El norte del estado presenta presas vac\u00edas, afectando a miles de ollas ganaderas, mientras que la zona central, incluyendo Xalapa, sufre desabasto cr\u00f3nico por estiaje y, en algunos casos, por una mala gesti\u00f3n del recurso.<br>La temporada de estiaje 2026 en Veracruz presenta una situaci\u00f3n cr\u00edtica, con pron\u00f3sticos que la sit\u00faan como una de las m\u00e1s intensas, con 1 municipio en sequ\u00eda moderada y 2 con condiciones anormalmente secas a principios de abril, seg\u00fan el Monitor de Sequ\u00eda en M\u00e9xico (MSM).<br>Se anticipa que los meses m\u00e1s dif\u00edciles ser\u00e1n abril y mayo, con un posible tercer a\u00f1o m\u00e1s seco consecutivo y alto riesgo de escasez. La zona de las altas monta\u00f1as, incluyendo el Pico de Orizaba, es de las m\u00e1s afectadas por la falta de agua.<br>Todo esto aunado al d\u00e9ficit de lluvias, porque el estado inici\u00f3 el a\u00f1o con una falta significativa de precipitaci\u00f3n, acumulando solo el 58.4% de lo normal en los primeros meses, lo que genera alertas sobre la disponibilidad h\u00eddrica.<br>Las zonas de mayor riesgo, son las regiones de las Altas Monta\u00f1as, la cuenca del P\u00e1nuco, Nautla y Misantla son las m\u00e1s vulnerables a la falta de agua este a\u00f1o.<br>Para este a\u00f1o, la deforestaci\u00f3n en Veracruz contin\u00faa siendo un problema cr\u00edtico, con estimaciones que indican una p\u00e9rdida promedio de 13,320 hect\u00e1reas de bosques y selvas al a\u00f1o. Esta p\u00e9rdida se deriva de una combinaci\u00f3n de tala inmoderada (clandestina), cambio de uso de suelo y los efectos de los incendios forestales.<br>Se reportan intensas actividades de tala clandestina, especialmente en la regi\u00f3n del Cofre de Perote, donde se han identificado redes que provocan incendios para posteriormente extraer madera.<br>Lo m\u00e1s delicado es que a principios de abril de este a\u00f1o, se registraron, al menos, 53 incendios forestales en el estado, afectando un total de 961.66 hect\u00e1reas de zonas boscosas.<br>De acuerdo a la Organizaci\u00f3n Mundial de la Salud (OMS), una persona requiere de 100 litros de agua al d\u00eda (5 o 6 cubetas grandes) para satisfacer sus necesidades diarias, tanto de consumo como de higiene.<\/p>\n\n\n\n<p>En la actualidad cuando muchos estamos resintiendo los escasez del vital l\u00edquido y los tandeos, es necesario que retomemos la cultura del uso racional del agua.<\/p>\n\n\n\n<p>Por ello recomendamos la construcci\u00f3n de una cultura de uso responsable del agua, seguramente habr\u00e1 usted escuchado recomendaciones como: cierra la llave de la regadera mientras te enjabonas, utiliza cubeta para lavar el coche o un vaso para lavarte los dientes, etc.<\/p>\n\n\n\n<p>Y hablando del agua, cabe se\u00f1alar que muchos vivales est\u00e1n utilizando esta necesidad para hacer grandes negocios a costillas de los consumidores, uno de ellos es el Grupo Metropolitano de Agua y Saneamiento (Grupo MAS) en el puerto de Veracruz, que enfrenta actualmente una crisis de legitimidad marcada por m\u00e1s de 5,000 denuncias ciudadanas y procesos legales de gran escala.<\/p>\n\n\n\n<p>Las anomal\u00edas reportadas se dividen principalmente en deficiencias del servicio, presuntos delitos ambientales y controversias legales sobre su concesi\u00f3n.<\/p>\n\n\n\n<p>Los usuarios han documentado sistem\u00e1ticamente las siguientes fallas en el servicio:<\/p>\n\n\n\n<p>Calidad del Agua, las denuncias recurrentes de suministro de agua turbia o con sedimentos (descrita como \u00abagua de chocolate\u00bb), que ha provocado infecciones gastrointestinales y problemas en la piel.<\/p>\n\n\n\n<p>Reportes constantes de tarifas excesivas, aumentos injustificados<\/p>\n\n\n\n<p>Infraestructura e Inacci\u00f3n, falta de inversi\u00f3n en la red hidr\u00e1ulica, lo que resulta en fugas interminables y cortes de agua prolongados sin previo aviso.<\/p>\n\n\n\n<p>Cortes Injustificados, tambi\u00e9n se han denunciado cortes de drenaje y agua incluso en establecimientos ic\u00f3nicos o viviendas bajo protecci\u00f3n legal (amparos).<\/p>\n\n\n\n<p>La alcaldesa de Veracruz, Rosa Mar\u00eda Hern\u00e1ndez Espejo (quien asumi\u00f3 el cargo para el periodo 2026-2029), mantiene una postura de revisi\u00f3n estricta hacia Grupo MAS. Desde el inicio de su administraci\u00f3n en enero de 2026, ha impulsado acciones legales y financieras para auditar a la empresa debido a las constantes quejas por el mal servicio y las altas tarifas.<\/p>\n\n\n\n<p>El Cabildo de Veracruz encabezado por la presidenta municipal, R osa Mar\u00eda Hern\u00e1ndez Espejo, aprob\u00f3 por unanimidad realizar una auditor\u00eda t\u00e9cnica, jur\u00eddica, financiera y operativa a Grupo MAS para revisar el cumplimiento de su contrato de concesi\u00f3n.<\/p>\n\n\n\n<p>La alcaldesa ha exhortado a los ciudadanos a no realizar el pago anual anticipado, sugiriendo en su lugar el pago mensual. Argumenta que el pago anual ya incluye incrementos tarifarios y que no representa un beneficio real para el usuario mientras se revisa la concesi\u00f3n.<\/p>\n\n\n\n<p>En el pasado mes de marzo, denunci\u00f3 la detecci\u00f3n de una presunta conexi\u00f3n ilegal que desviaba aproximadamente 4 millones de litros diarios de agua desde el sistema de Veracruz hacia el municipio de Boca del R\u00edo.<\/p>\n\n\n\n<p>Hern\u00e1ndez Espejo ha calificado el contrato actual como \u00abopaco\u00bb y ha responsabilizado a administraciones anteriores de entregar el servicio a una empresa que, seg\u00fan sus declaraciones, agrede la salud y seguridad de los usuarios.<\/p>\n\n\n\n<p>Rosa Mar\u00eda ha entablado una f\u00e9rrea defensa a favor de los consumidores, ha implementado diversas acciones para defender a los usuarios ante las problem\u00e1ticas del servicio de agua potable. Su postura se centra en la revisi\u00f3n y posible revocaci\u00f3n de la concesi\u00f3n otorgada a Grupo MAS, debido a las altas tarifas y la falta de transparencia.<\/p>\n\n\n\n<p>Esas y otras acciones que ha emprendido en tan solo cuatro meses, ubican a la alcaldesa de Veracruz en uno de los primeros lugares a nivel estatal, como la mejor posicionada ante la opini\u00f3n p\u00fablica, porque es evidente la forma en\u00e9rgica como est\u00e1 llevando a cabo esos trabajos.<\/p>\n\n\n\n<p><\/p>\n","protected":false},"excerpt":{"rendered":"<p>Fanny Y\u00e9pezLa ColumnaLa advertencia de los especialistas sobre la \u00abguerra por el agua\u00bb no es un escenario lejano, sino una crisis que ya se est\u00e1 manifestando y se intensificar\u00e1, convirtiendo al agua en el recurso m\u00e1s cr\u00edtico del siglo XXI. Diversos an\u00e1lisis indican que el estr\u00e9s h\u00eddrico, impulsado por el cambio clim\u00e1tico, el aumento poblacional [&hellip;]<\/p>\n","protected":false},"author":2,"featured_media":141383,"comment_status":"closed","ping_status":"closed","sticky":false,"template":"","format":"standard","meta":{"tdm_status":"","tdm_grid_status":"","footnotes":""},"categories":[70],"tags":[62899,33239,8028,62898,9162,11900,195],"class_list":{"0":"post-170339","1":"post","2":"type-post","3":"status-publish","4":"format-standard","5":"has-post-thumbnail","7":"category-de-opinion","8":"tag-altas-montanas","9":"tag-escasez-de-agua","10":"tag-grupo-mas","11":"tag-guerra-por-el-agua","12":"tag-nautla","13":"tag-rosa-maria-hernandez-espejo","14":"tag-veracruz"},"yoast_head":"<!-- This site is optimized with the Yoast SEO plugin v27.4 - https:\/\/yoast.com\/product\/yoast-seo-wordpress\/ -->\n<title>INTENSOS CALORES Y SIN AGUA! - Los pol\u00edticos Veracruz<\/title>\n<meta name=\"robots\" content=\"index, follow, max-snippet:-1, max-image-preview:large, max-video-preview:-1\" \/>\n<link rel=\"canonical\" href=\"https:\/\/lospoliticosveracruz.com\/?p=170339\" \/>\n<meta property=\"og:locale\" content=\"es_ES\" \/>\n<meta property=\"og:type\" content=\"article\" \/>\n<meta property=\"og:title\" content=\"INTENSOS CALORES Y SIN AGUA! - Los pol\u00edticos Veracruz\" \/>\n<meta property=\"og:description\" content=\"Fanny Y\u00e9pezLa ColumnaLa advertencia de los especialistas sobre la \u00abguerra por el agua\u00bb no es un escenario lejano, sino una crisis que ya se est\u00e1 manifestando y se intensificar\u00e1, convirtiendo al agua en el recurso m\u00e1s cr\u00edtico del siglo XXI. Diversos an\u00e1lisis indican que el estr\u00e9s h\u00eddrico, impulsado por el cambio clim\u00e1tico, el aumento poblacional [&hellip;]\" \/>\n<meta property=\"og:url\" content=\"https:\/\/lospoliticosveracruz.com\/?p=170339\" \/>\n<meta property=\"og:site_name\" content=\"Los pol\u00edticos Veracruz\" \/>\n<meta property=\"article:publisher\" content=\"https:\/\/www.facebook.com\/people\/Notimemes-de-los-Polticos\/61565672886568\/\" \/>\n<meta property=\"article:published_time\" content=\"2026-05-01T12:13:39+00:00\" \/>\n<meta property=\"article:modified_time\" content=\"2026-05-01T12:13:40+00:00\" \/>\n<meta property=\"og:image\" content=\"https:\/\/lospoliticosveracruz.com\/wp-content\/uploads\/2025\/04\/Fanny-Yepez-Luna-e1768657334923.jpg\" \/>\n\t<meta property=\"og:image:width\" content=\"600\" \/>\n\t<meta property=\"og:image:height\" content=\"320\" \/>\n\t<meta property=\"og:image:type\" content=\"image\/jpeg\" \/>\n<meta name=\"author\" content=\"Lo viste en Los Pol\u00edticos\" \/>\n<meta name=\"twitter:card\" content=\"summary_large_image\" \/>\n<meta name=\"twitter:creator\" content=\"@LosPoliticosVer\" \/>\n<meta name=\"twitter:site\" content=\"@LosPoliticosVer\" \/>\n<meta name=\"twitter:label1\" content=\"Escrito por\" \/>\n\t<meta name=\"twitter:data1\" content=\"Lo viste en Los Pol\u00edticos\" \/>\n\t<meta name=\"twitter:label2\" content=\"Tiempo de lectura\" \/>\n\t<meta name=\"twitter:data2\" content=\"6 minutos\" \/>\n<script type=\"application\/ld+json\" class=\"yoast-schema-graph\">{\"@context\":\"https:\\\/\\\/schema.org\",\"@graph\":[{\"@type\":\"Article\",\"@id\":\"https:\\\/\\\/lospoliticosveracruz.com\\\/?p=170339#article\",\"isPartOf\":{\"@id\":\"https:\\\/\\\/lospoliticosveracruz.com\\\/?p=170339\"},\"author\":{\"name\":\"Lo viste en Los Pol\u00edticos\",\"@id\":\"https:\\\/\\\/lospoliticosveracruz.com\\\/#\\\/schema\\\/person\\\/b8702bb0e538456e6efd07080bf2a4a2\"},\"headline\":\"INTENSOS CALORES Y SIN AGUA!\",\"datePublished\":\"2026-05-01T12:13:39+00:00\",\"dateModified\":\"2026-05-01T12:13:40+00:00\",\"mainEntityOfPage\":{\"@id\":\"https:\\\/\\\/lospoliticosveracruz.com\\\/?p=170339\"},\"wordCount\":1137,\"publisher\":{\"@id\":\"https:\\\/\\\/lospoliticosveracruz.com\\\/#organization\"},\"image\":{\"@id\":\"https:\\\/\\\/lospoliticosveracruz.com\\\/?p=170339#primaryimage\"},\"thumbnailUrl\":\"https:\\\/\\\/lospoliticosveracruz.com\\\/wp-content\\\/uploads\\\/2025\\\/04\\\/Fanny-Yepez-Luna-e1768657334923.jpg\",\"keywords\":[\"Altas Monta\u00f1as\",\"escasez de agua\",\"Grupo MAS\",\"guerra por el agua\",\"Nautla\",\"Rosa Mar\u00eda Hern\u00e1ndez Espejo\",\"Veracruz\"],\"articleSection\":[\"De Opini\u00f3n\"],\"inLanguage\":\"es\"},{\"@type\":\"WebPage\",\"@id\":\"https:\\\/\\\/lospoliticosveracruz.com\\\/?p=170339\",\"url\":\"https:\\\/\\\/lospoliticosveracruz.com\\\/?p=170339\",\"name\":\"INTENSOS CALORES Y SIN AGUA! - Los pol\u00edticos Veracruz\",\"isPartOf\":{\"@id\":\"https:\\\/\\\/lospoliticosveracruz.com\\\/#website\"},\"primaryImageOfPage\":{\"@id\":\"https:\\\/\\\/lospoliticosveracruz.com\\\/?p=170339#primaryimage\"},\"image\":{\"@id\":\"https:\\\/\\\/lospoliticosveracruz.com\\\/?p=170339#primaryimage\"},\"thumbnailUrl\":\"https:\\\/\\\/lospoliticosveracruz.com\\\/wp-content\\\/uploads\\\/2025\\\/04\\\/Fanny-Yepez-Luna-e1768657334923.jpg\",\"datePublished\":\"2026-05-01T12:13:39+00:00\",\"dateModified\":\"2026-05-01T12:13:40+00:00\",\"breadcrumb\":{\"@id\":\"https:\\\/\\\/lospoliticosveracruz.com\\\/?p=170339#breadcrumb\"},\"inLanguage\":\"es\",\"potentialAction\":[{\"@type\":\"ReadAction\",\"target\":[\"https:\\\/\\\/lospoliticosveracruz.com\\\/?p=170339\"]}]},{\"@type\":\"ImageObject\",\"inLanguage\":\"es\",\"@id\":\"https:\\\/\\\/lospoliticosveracruz.com\\\/?p=170339#primaryimage\",\"url\":\"https:\\\/\\\/lospoliticosveracruz.com\\\/wp-content\\\/uploads\\\/2025\\\/04\\\/Fanny-Yepez-Luna-e1768657334923.jpg\",\"contentUrl\":\"https:\\\/\\\/lospoliticosveracruz.com\\\/wp-content\\\/uploads\\\/2025\\\/04\\\/Fanny-Yepez-Luna-e1768657334923.jpg\",\"width\":600,\"height\":320},{\"@type\":\"BreadcrumbList\",\"@id\":\"https:\\\/\\\/lospoliticosveracruz.com\\\/?p=170339#breadcrumb\",\"itemListElement\":[{\"@type\":\"ListItem\",\"position\":1,\"name\":\"Portada\",\"item\":\"https:\\\/\\\/lospoliticosveracruz.com\\\/\"},{\"@type\":\"ListItem\",\"position\":2,\"name\":\"INTENSOS CALORES Y SIN AGUA!\"}]},{\"@type\":\"WebSite\",\"@id\":\"https:\\\/\\\/lospoliticosveracruz.com\\\/#website\",\"url\":\"https:\\\/\\\/lospoliticosveracruz.com\\\/\",\"name\":\"Los pol\u00edticos Veracruz\",\"description\":\"\",\"publisher\":{\"@id\":\"https:\\\/\\\/lospoliticosveracruz.com\\\/#organization\"},\"potentialAction\":[{\"@type\":\"SearchAction\",\"target\":{\"@type\":\"EntryPoint\",\"urlTemplate\":\"https:\\\/\\\/lospoliticosveracruz.com\\\/?s={search_term_string}\"},\"query-input\":{\"@type\":\"PropertyValueSpecification\",\"valueRequired\":true,\"valueName\":\"search_term_string\"}}],\"inLanguage\":\"es\"},{\"@type\":\"Organization\",\"@id\":\"https:\\\/\\\/lospoliticosveracruz.com\\\/#organization\",\"name\":\"Los pol\u00edticos Veracruz\",\"url\":\"https:\\\/\\\/lospoliticosveracruz.com\\\/\",\"logo\":{\"@type\":\"ImageObject\",\"inLanguage\":\"es\",\"@id\":\"https:\\\/\\\/lospoliticosveracruz.com\\\/#\\\/schema\\\/logo\\\/image\\\/\",\"url\":\"https:\\\/\\\/lospoliticosveracruz.com\\\/wp-content\\\/uploads\\\/2025\\\/12\\\/Logo-Nuevo-LOS-POLITICOS-1.jpg\",\"contentUrl\":\"https:\\\/\\\/lospoliticosveracruz.com\\\/wp-content\\\/uploads\\\/2025\\\/12\\\/Logo-Nuevo-LOS-POLITICOS-1.jpg\",\"width\":260,\"height\":70,\"caption\":\"Los pol\u00edticos Veracruz\"},\"image\":{\"@id\":\"https:\\\/\\\/lospoliticosveracruz.com\\\/#\\\/schema\\\/logo\\\/image\\\/\"},\"sameAs\":[\"https:\\\/\\\/www.facebook.com\\\/people\\\/Notimemes-de-los-Polticos\\\/61565672886568\\\/\",\"https:\\\/\\\/x.com\\\/LosPoliticosVer\"]},{\"@type\":\"Person\",\"@id\":\"https:\\\/\\\/lospoliticosveracruz.com\\\/#\\\/schema\\\/person\\\/b8702bb0e538456e6efd07080bf2a4a2\",\"name\":\"Lo viste en Los Pol\u00edticos\",\"image\":{\"@type\":\"ImageObject\",\"inLanguage\":\"es\",\"@id\":\"https:\\\/\\\/secure.gravatar.com\\\/avatar\\\/3a8de04a2656d44082be478bd6c086daa447c4651605818287b9532d3d0bd435?s=96&d=mm&r=g\",\"url\":\"https:\\\/\\\/secure.gravatar.com\\\/avatar\\\/3a8de04a2656d44082be478bd6c086daa447c4651605818287b9532d3d0bd435?s=96&d=mm&r=g\",\"contentUrl\":\"https:\\\/\\\/secure.gravatar.com\\\/avatar\\\/3a8de04a2656d44082be478bd6c086daa447c4651605818287b9532d3d0bd435?s=96&d=mm&r=g\",\"caption\":\"Lo viste en Los Pol\u00edticos\"},\"url\":\"https:\\\/\\\/lospoliticosveracruz.com\\\/?author=2\"}]}<\/script>\n<!-- \/ Yoast SEO plugin. -->","yoast_head_json":{"title":"INTENSOS CALORES Y SIN AGUA! - Los pol\u00edticos Veracruz","robots":{"index":"index","follow":"follow","max-snippet":"max-snippet:-1","max-image-preview":"max-image-preview:large","max-video-preview":"max-video-preview:-1"},"canonical":"https:\/\/lospoliticosveracruz.com\/?p=170339","og_locale":"es_ES","og_type":"article","og_title":"INTENSOS CALORES Y SIN AGUA! - Los pol\u00edticos Veracruz","og_description":"Fanny Y\u00e9pezLa ColumnaLa advertencia de los especialistas sobre la \u00abguerra por el agua\u00bb no es un escenario lejano, sino una crisis que ya se est\u00e1 manifestando y se intensificar\u00e1, convirtiendo al agua en el recurso m\u00e1s cr\u00edtico del siglo XXI. Diversos an\u00e1lisis indican que el estr\u00e9s h\u00eddrico, impulsado por el cambio clim\u00e1tico, el aumento poblacional [&hellip;]","og_url":"https:\/\/lospoliticosveracruz.com\/?p=170339","og_site_name":"Los pol\u00edticos Veracruz","article_publisher":"https:\/\/www.facebook.com\/people\/Notimemes-de-los-Polticos\/61565672886568\/","article_published_time":"2026-05-01T12:13:39+00:00","article_modified_time":"2026-05-01T12:13:40+00:00","og_image":[{"width":600,"height":320,"url":"https:\/\/lospoliticosveracruz.com\/wp-content\/uploads\/2025\/04\/Fanny-Yepez-Luna-e1768657334923.jpg","type":"image\/jpeg"}],"author":"Lo viste en Los Pol\u00edticos","twitter_card":"summary_large_image","twitter_creator":"@LosPoliticosVer","twitter_site":"@LosPoliticosVer","twitter_misc":{"Escrito por":"Lo viste en Los Pol\u00edticos","Tiempo de lectura":"6 minutos"},"schema":{"@context":"https:\/\/schema.org","@graph":[{"@type":"Article","@id":"https:\/\/lospoliticosveracruz.com\/?p=170339#article","isPartOf":{"@id":"https:\/\/lospoliticosveracruz.com\/?p=170339"},"author":{"name":"Lo viste en Los Pol\u00edticos","@id":"https:\/\/lospoliticosveracruz.com\/#\/schema\/person\/b8702bb0e538456e6efd07080bf2a4a2"},"headline":"INTENSOS CALORES Y SIN AGUA!","datePublished":"2026-05-01T12:13:39+00:00","dateModified":"2026-05-01T12:13:40+00:00","mainEntityOfPage":{"@id":"https:\/\/lospoliticosveracruz.com\/?p=170339"},"wordCount":1137,"publisher":{"@id":"https:\/\/lospoliticosveracruz.com\/#organization"},"image":{"@id":"https:\/\/lospoliticosveracruz.com\/?p=170339#primaryimage"},"thumbnailUrl":"https:\/\/lospoliticosveracruz.com\/wp-content\/uploads\/2025\/04\/Fanny-Yepez-Luna-e1768657334923.jpg","keywords":["Altas Monta\u00f1as","escasez de agua","Grupo MAS","guerra por el agua","Nautla","Rosa Mar\u00eda Hern\u00e1ndez Espejo","Veracruz"],"articleSection":["De Opini\u00f3n"],"inLanguage":"es"},{"@type":"WebPage","@id":"https:\/\/lospoliticosveracruz.com\/?p=170339","url":"https:\/\/lospoliticosveracruz.com\/?p=170339","name":"INTENSOS CALORES Y SIN AGUA! - Los pol\u00edticos Veracruz","isPartOf":{"@id":"https:\/\/lospoliticosveracruz.com\/#website"},"primaryImageOfPage":{"@id":"https:\/\/lospoliticosveracruz.com\/?p=170339#primaryimage"},"image":{"@id":"https:\/\/lospoliticosveracruz.com\/?p=170339#primaryimage"},"thumbnailUrl":"https:\/\/lospoliticosveracruz.com\/wp-content\/uploads\/2025\/04\/Fanny-Yepez-Luna-e1768657334923.jpg","datePublished":"2026-05-01T12:13:39+00:00","dateModified":"2026-05-01T12:13:40+00:00","breadcrumb":{"@id":"https:\/\/lospoliticosveracruz.com\/?p=170339#breadcrumb"},"inLanguage":"es","potentialAction":[{"@type":"ReadAction","target":["https:\/\/lospoliticosveracruz.com\/?p=170339"]}]},{"@type":"ImageObject","inLanguage":"es","@id":"https:\/\/lospoliticosveracruz.com\/?p=170339#primaryimage","url":"https:\/\/lospoliticosveracruz.com\/wp-content\/uploads\/2025\/04\/Fanny-Yepez-Luna-e1768657334923.jpg","contentUrl":"https:\/\/lospoliticosveracruz.com\/wp-content\/uploads\/2025\/04\/Fanny-Yepez-Luna-e1768657334923.jpg","width":600,"height":320},{"@type":"BreadcrumbList","@id":"https:\/\/lospoliticosveracruz.com\/?p=170339#breadcrumb","itemListElement":[{"@type":"ListItem","position":1,"name":"Portada","item":"https:\/\/lospoliticosveracruz.com\/"},{"@type":"ListItem","position":2,"name":"INTENSOS CALORES Y SIN AGUA!"}]},{"@type":"WebSite","@id":"https:\/\/lospoliticosveracruz.com\/#website","url":"https:\/\/lospoliticosveracruz.com\/","name":"Los pol\u00edticos Veracruz","description":"","publisher":{"@id":"https:\/\/lospoliticosveracruz.com\/#organization"},"potentialAction":[{"@type":"SearchAction","target":{"@type":"EntryPoint","urlTemplate":"https:\/\/lospoliticosveracruz.com\/?s={search_term_string}"},"query-input":{"@type":"PropertyValueSpecification","valueRequired":true,"valueName":"search_term_string"}}],"inLanguage":"es"},{"@type":"Organization","@id":"https:\/\/lospoliticosveracruz.com\/#organization","name":"Los pol\u00edticos Veracruz","url":"https:\/\/lospoliticosveracruz.com\/","logo":{"@type":"ImageObject","inLanguage":"es","@id":"https:\/\/lospoliticosveracruz.com\/#\/schema\/logo\/image\/","url":"https:\/\/lospoliticosveracruz.com\/wp-content\/uploads\/2025\/12\/Logo-Nuevo-LOS-POLITICOS-1.jpg","contentUrl":"https:\/\/lospoliticosveracruz.com\/wp-content\/uploads\/2025\/12\/Logo-Nuevo-LOS-POLITICOS-1.jpg","width":260,"height":70,"caption":"Los pol\u00edticos Veracruz"},"image":{"@id":"https:\/\/lospoliticosveracruz.com\/#\/schema\/logo\/image\/"},"sameAs":["https:\/\/www.facebook.com\/people\/Notimemes-de-los-Polticos\/61565672886568\/","https:\/\/x.com\/LosPoliticosVer"]},{"@type":"Person","@id":"https:\/\/lospoliticosveracruz.com\/#\/schema\/person\/b8702bb0e538456e6efd07080bf2a4a2","name":"Lo viste en Los Pol\u00edticos","image":{"@type":"ImageObject","inLanguage":"es","@id":"https:\/\/secure.gravatar.com\/avatar\/3a8de04a2656d44082be478bd6c086daa447c4651605818287b9532d3d0bd435?s=96&d=mm&r=g","url":"https:\/\/secure.gravatar.com\/avatar\/3a8de04a2656d44082be478bd6c086daa447c4651605818287b9532d3d0bd435?s=96&d=mm&r=g","contentUrl":"https:\/\/secure.gravatar.com\/avatar\/3a8de04a2656d44082be478bd6c086daa447c4651605818287b9532d3d0bd435?s=96&d=mm&r=g","caption":"Lo viste en Los Pol\u00edticos"},"url":"https:\/\/lospoliticosveracruz.com\/?author=2"}]}},"_links":{"self":[{"href":"https:\/\/lospoliticosveracruz.com\/index.php?rest_route=\/wp\/v2\/posts\/170339","targetHints":{"allow":["GET"]}}],"collection":[{"href":"https:\/\/lospoliticosveracruz.com\/index.php?rest_route=\/wp\/v2\/posts"}],"about":[{"href":"https:\/\/lospoliticosveracruz.com\/index.php?rest_route=\/wp\/v2\/types\/post"}],"author":[{"embeddable":true,"href":"https:\/\/lospoliticosveracruz.com\/index.php?rest_route=\/wp\/v2\/users\/2"}],"replies":[{"embeddable":true,"href":"https:\/\/lospoliticosveracruz.com\/index.php?rest_route=%2Fwp%2Fv2%2Fcomments&post=170339"}],"version-history":[{"count":1,"href":"https:\/\/lospoliticosveracruz.com\/index.php?rest_route=\/wp\/v2\/posts\/170339\/revisions"}],"predecessor-version":[{"id":170340,"href":"https:\/\/lospoliticosveracruz.com\/index.php?rest_route=\/wp\/v2\/posts\/170339\/revisions\/170340"}],"wp:featuredmedia":[{"embeddable":true,"href":"https:\/\/lospoliticosveracruz.com\/index.php?rest_route=\/wp\/v2\/media\/141383"}],"wp:attachment":[{"href":"https:\/\/lospoliticosveracruz.com\/index.php?rest_route=%2Fwp%2Fv2%2Fmedia&parent=170339"}],"wp:term":[{"taxonomy":"category","embeddable":true,"href":"https:\/\/lospoliticosveracruz.com\/index.php?rest_route=%2Fwp%2Fv2%2Fcategories&post=170339"},{"taxonomy":"post_tag","embeddable":true,"href":"https:\/\/lospoliticosveracruz.com\/index.php?rest_route=%2Fwp%2Fv2%2Ftags&post=170339"}],"curies":[{"name":"wp","href":"https:\/\/api.w.org\/{rel}","templated":true}]}}