{"id":170341,"date":"2026-05-01T06:21:24","date_gmt":"2026-05-01T12:21:24","guid":{"rendered":"https:\/\/lospoliticosveracruz.com\/?p=170341"},"modified":"2026-05-01T06:21:25","modified_gmt":"2026-05-01T12:21:25","slug":"los-gobernadores-y-la-percepcion-publica","status":"publish","type":"post","link":"https:\/\/lospoliticosveracruz.com\/?p=170341","title":{"rendered":"LOS GOBERNADORES Y LA PERCEPCI\u00d3N P\u00daBLICA"},"content":{"rendered":"\n<p><strong>Felipe de Jes\u00fas Fern\u00e1ndez Basilio<\/strong><br><em>Desde a Janela<\/em><\/p>\n\n\n\n<p>Estos \u00faltimos d\u00edas se caracterizaron por el protagonismo de varios gobernadores, quienes para bien o para mal han influido en la opini\u00f3n p\u00fablica nacional.<\/p>\n\n\n\n<p>Pero no solo eso, tambi\u00e9n han sido determinantes en la percepci\u00f3n social del gobierno en general y de la presidente en particular en relaci\u00f3n al tema que m\u00e1s angustia a los mexicanos: la inseguridad provocada por la impunidad con la que se conducen las mafias del crimen organizado.<\/p>\n\n\n\n<p>Y as\u00ed tenemos a la gobernadora de&nbsp;Chihuahua, quien fue duramente criticada desde el programa matutino de la presidente por supuestamente permitir que agentes estadounidenses participaran en un operativo para destruir varios laboratorios en los que se produc\u00edan drogas sint\u00e9ticas.<\/p>\n\n\n\n<p>La mera verdad hasta el momento de escribir estas l\u00edneas no se sabe a ciencia cierta si estos participaron o no en dicho operativo, porque lo que los coloc\u00f3 en el lugar de los hechos&nbsp;fue&nbsp;el accidente fatal en que perecieron dos de ellos.<\/p>\n\n\n\n<p>Realmente es intrascendente saber&nbsp;si tuvieron participaci\u00f3n en los eventos de combate al crimen organizado debido a que, aunque lo pretenda negar el gobierno federal, desde hace muchas d\u00e9cadas han operado agentes estadounidenses en M\u00e9xico con y sin permiso del gobierno federal.<\/p>\n\n\n\n<p>Pero lo m\u00e1s curioso de todo es que al fijar su postura, la presidente gener\u00f3 la impresi\u00f3n de que est\u00e1 de parte de los criminales debido a que repudi\u00f3 con argumentos legaloides y con una ret\u00f3rica pseudonacionalista el hecho de que los operativos fueron exitosos.<\/p>\n\n\n\n<p>S\u00ed, tanto la presidente como los senadores oficialistas han dado lugar a pensar que les doli\u00f3 m\u00e1s la destrucci\u00f3n de los laboratorios clandestinos que la participaci\u00f3n de los agentes extranjeros.<\/p>\n\n\n\n<p>Y el dolor fue mayor, porque el \u00e9xito de los operativos corresponde a una gobernadora emanada de la oposici\u00f3n.<\/p>\n\n\n\n<p>Pero si eso de por s\u00ed ya era complicado de digerir para el gobierno de la transformaci\u00f3n que no fue y ni tampoco ser\u00e1, la cuesti\u00f3n de la percepci\u00f3n p\u00fablica&nbsp;relativa a que est\u00e1n coludidos con el crimen organizado se complic\u00f3 a\u00fan m\u00e1s cuando el gobierno de los Estados Unidos de Am\u00e9rica solicit\u00f3 formalmente la extradici\u00f3n del gobernador de Sinaloa y de varios funcionarios m\u00e1s de la misma entidad para que&nbsp;respondan ante sus tribunales por una serie delitos relacionados con las mafias del crimen organizado.<\/p>\n\n\n\n<p>Y es que a pesar de que este gobernador es totalmente indefendible debido a que en m\u00e1s que evidente que est\u00e1 coludido con la mafia sinaloense, incluso est\u00e1 confeso debido a que acept\u00f3 que sin la venia de los criminales nunca hubiera podido ser gobernador del estado.&nbsp;<\/p>\n\n\n\n<p>Pero resulta que, pese a la evidencia de la responsabilidad criminal del referido gobernador, la presidente niega tajantemente la posibilidad de llevar a cabo la extradici\u00f3n aduciendo falta de pruebas, cuando eso es lo que m\u00e1s hay.<\/p>\n\n\n\n<p>Por donde se le busque, el gobernador sinaloense se encuentra en situaci\u00f3n de jaque mate y solo sobrevive pol\u00edticamente por la resistencia de la transformaci\u00f3n que no fue y ni tampoco ser\u00e1 para llevarlo ante la justicia.<\/p>\n\n\n\n<p>Y la \u00fanica raz\u00f3n v\u00e1lida que existe para demorar su extradici\u00f3n es que se le finquen responsabilidades penales en M\u00e9xico, para lo cual hay demasiados elementos a la vista de todo mundo menos de la Fiscal\u00eda General de la Rep\u00fablica y, por supuesto, de la presidente que hasta le ha levantado el brazo en se\u00f1al de apoyo varias veces.<\/p>\n\n\n\n<p>Pero lo de&nbsp;Sinaloa no queda solo en el gobernador, tambi\u00e9n solicitaron la extradici\u00f3n de un senador que es el principal candidato de la transformaci\u00f3n que no fue y ni tampoco ser\u00e1 para gobernar el estado a partir del pr\u00f3ximo a\u00f1o y de muchos funcionarios de primer nivel en Sinaloa.<\/p>\n\n\n\n<p>As\u00ed es, con su defensa a ultranza del gobernador de Sinaloa y&nbsp;de&nbsp;su secuaces, se abona a\u00fan m\u00e1s a la percepci\u00f3n p\u00fablica de que el gobierno federal est\u00e1 coludido con las mafias del crimen organizado, ya que es injustificado e incongruente el que los defienda a capa y espada cuando es absolutamente notoria la responsabilidad penal en la que han incurrido.<\/p>\n\n\n\n<p>Y es que con todos estos acontecimientos, al final del d\u00eda la impresi\u00f3n que&nbsp;prevalece&nbsp;en la opini\u00f3n p\u00fablica es que el gobierno federal y la presidente censuran a quienes&nbsp;combaten a las mafias y protegen a quienes forman parte de ellas.<\/p>\n\n\n\n<p><a href=\"mailto:felfebas@gmail.com\">felfebas@gmail.com<\/a><\/p>\n\n\n\n<p>X: @FelipeFBasilio<\/p>\n\n\n\n<p><\/p>\n","protected":false},"excerpt":{"rendered":"<p>Felipe de Jes\u00fas Fern\u00e1ndez BasilioDesde a Janela Estos \u00faltimos d\u00edas se caracterizaron por el protagonismo de varios gobernadores, quienes para bien o para mal han influido en la opini\u00f3n p\u00fablica nacional. Pero no solo eso, tambi\u00e9n han sido determinantes en la percepci\u00f3n social del gobierno en general y de la presidente en particular en relaci\u00f3n [&hellip;]<\/p>\n","protected":false},"author":2,"featured_media":141384,"comment_status":"closed","ping_status":"closed","sticky":false,"template":"","format":"standard","meta":{"tdm_status":"","tdm_grid_status":"","footnotes":""},"categories":[70],"tags":[2354,1100,123,1026,6868],"class_list":{"0":"post-170341","1":"post","2":"type-post","3":"status-publish","4":"format-standard","5":"has-post-thumbnail","7":"category-de-opinion","8":"tag-chihuahua","9":"tag-crimen-organizado","10":"tag-estados-unidos","11":"tag-morena","12":"tag-sinaloa"},"yoast_head":"<!-- This site is optimized with the Yoast SEO plugin v27.4 - https:\/\/yoast.com\/product\/yoast-seo-wordpress\/ -->\n<title>LOS GOBERNADORES Y LA PERCEPCI\u00d3N P\u00daBLICA - Los pol\u00edticos Veracruz<\/title>\n<meta name=\"robots\" content=\"index, follow, max-snippet:-1, max-image-preview:large, max-video-preview:-1\" \/>\n<link rel=\"canonical\" href=\"https:\/\/lospoliticosveracruz.com\/?p=170341\" \/>\n<meta property=\"og:locale\" content=\"es_ES\" \/>\n<meta property=\"og:type\" content=\"article\" \/>\n<meta property=\"og:title\" content=\"LOS GOBERNADORES Y LA PERCEPCI\u00d3N P\u00daBLICA - Los pol\u00edticos Veracruz\" \/>\n<meta property=\"og:description\" content=\"Felipe de Jes\u00fas Fern\u00e1ndez BasilioDesde a Janela Estos \u00faltimos d\u00edas se caracterizaron por el protagonismo de varios gobernadores, quienes para bien o para mal han influido en la opini\u00f3n p\u00fablica nacional. Pero no solo eso, tambi\u00e9n han sido determinantes en la percepci\u00f3n social del gobierno en general y de la presidente en particular en relaci\u00f3n [&hellip;]\" \/>\n<meta property=\"og:url\" content=\"https:\/\/lospoliticosveracruz.com\/?p=170341\" \/>\n<meta property=\"og:site_name\" content=\"Los pol\u00edticos Veracruz\" \/>\n<meta property=\"article:publisher\" content=\"https:\/\/www.facebook.com\/people\/Notimemes-de-los-Polticos\/61565672886568\/\" \/>\n<meta property=\"article:published_time\" content=\"2026-05-01T12:21:24+00:00\" \/>\n<meta property=\"article:modified_time\" content=\"2026-05-01T12:21:25+00:00\" \/>\n<meta property=\"og:image\" content=\"https:\/\/lospoliticosveracruz.com\/wp-content\/uploads\/2025\/04\/Felipe-Fernandez-Basilio-e1767959429910.jpg\" \/>\n\t<meta property=\"og:image:width\" content=\"600\" \/>\n\t<meta property=\"og:image:height\" content=\"320\" \/>\n\t<meta property=\"og:image:type\" content=\"image\/jpeg\" \/>\n<meta name=\"author\" content=\"Lo viste en Los Pol\u00edticos\" \/>\n<meta name=\"twitter:card\" content=\"summary_large_image\" \/>\n<meta name=\"twitter:creator\" content=\"@LosPoliticosVer\" \/>\n<meta name=\"twitter:site\" content=\"@LosPoliticosVer\" \/>\n<meta name=\"twitter:label1\" content=\"Escrito por\" \/>\n\t<meta name=\"twitter:data1\" content=\"Lo viste en Los Pol\u00edticos\" \/>\n\t<meta name=\"twitter:label2\" content=\"Tiempo de lectura\" \/>\n\t<meta name=\"twitter:data2\" content=\"4 minutos\" \/>\n<script type=\"application\/ld+json\" class=\"yoast-schema-graph\">{\"@context\":\"https:\\\/\\\/schema.org\",\"@graph\":[{\"@type\":\"Article\",\"@id\":\"https:\\\/\\\/lospoliticosveracruz.com\\\/?p=170341#article\",\"isPartOf\":{\"@id\":\"https:\\\/\\\/lospoliticosveracruz.com\\\/?p=170341\"},\"author\":{\"name\":\"Lo viste en Los Pol\u00edticos\",\"@id\":\"https:\\\/\\\/lospoliticosveracruz.com\\\/#\\\/schema\\\/person\\\/b8702bb0e538456e6efd07080bf2a4a2\"},\"headline\":\"LOS GOBERNADORES Y LA PERCEPCI\u00d3N P\u00daBLICA\",\"datePublished\":\"2026-05-01T12:21:24+00:00\",\"dateModified\":\"2026-05-01T12:21:25+00:00\",\"mainEntityOfPage\":{\"@id\":\"https:\\\/\\\/lospoliticosveracruz.com\\\/?p=170341\"},\"wordCount\":805,\"publisher\":{\"@id\":\"https:\\\/\\\/lospoliticosveracruz.com\\\/#organization\"},\"image\":{\"@id\":\"https:\\\/\\\/lospoliticosveracruz.com\\\/?p=170341#primaryimage\"},\"thumbnailUrl\":\"https:\\\/\\\/lospoliticosveracruz.com\\\/wp-content\\\/uploads\\\/2025\\\/04\\\/Felipe-Fernandez-Basilio-e1767959429910.jpg\",\"keywords\":[\"Chihuahua\",\"crimen organizado\",\"Estados Unidos\",\"Morena\",\"Sinaloa\"],\"articleSection\":[\"De Opini\u00f3n\"],\"inLanguage\":\"es\"},{\"@type\":\"WebPage\",\"@id\":\"https:\\\/\\\/lospoliticosveracruz.com\\\/?p=170341\",\"url\":\"https:\\\/\\\/lospoliticosveracruz.com\\\/?p=170341\",\"name\":\"LOS GOBERNADORES Y LA PERCEPCI\u00d3N P\u00daBLICA - Los pol\u00edticos Veracruz\",\"isPartOf\":{\"@id\":\"https:\\\/\\\/lospoliticosveracruz.com\\\/#website\"},\"primaryImageOfPage\":{\"@id\":\"https:\\\/\\\/lospoliticosveracruz.com\\\/?p=170341#primaryimage\"},\"image\":{\"@id\":\"https:\\\/\\\/lospoliticosveracruz.com\\\/?p=170341#primaryimage\"},\"thumbnailUrl\":\"https:\\\/\\\/lospoliticosveracruz.com\\\/wp-content\\\/uploads\\\/2025\\\/04\\\/Felipe-Fernandez-Basilio-e1767959429910.jpg\",\"datePublished\":\"2026-05-01T12:21:24+00:00\",\"dateModified\":\"2026-05-01T12:21:25+00:00\",\"breadcrumb\":{\"@id\":\"https:\\\/\\\/lospoliticosveracruz.com\\\/?p=170341#breadcrumb\"},\"inLanguage\":\"es\",\"potentialAction\":[{\"@type\":\"ReadAction\",\"target\":[\"https:\\\/\\\/lospoliticosveracruz.com\\\/?p=170341\"]}]},{\"@type\":\"ImageObject\",\"inLanguage\":\"es\",\"@id\":\"https:\\\/\\\/lospoliticosveracruz.com\\\/?p=170341#primaryimage\",\"url\":\"https:\\\/\\\/lospoliticosveracruz.com\\\/wp-content\\\/uploads\\\/2025\\\/04\\\/Felipe-Fernandez-Basilio-e1767959429910.jpg\",\"contentUrl\":\"https:\\\/\\\/lospoliticosveracruz.com\\\/wp-content\\\/uploads\\\/2025\\\/04\\\/Felipe-Fernandez-Basilio-e1767959429910.jpg\",\"width\":600,\"height\":320},{\"@type\":\"BreadcrumbList\",\"@id\":\"https:\\\/\\\/lospoliticosveracruz.com\\\/?p=170341#breadcrumb\",\"itemListElement\":[{\"@type\":\"ListItem\",\"position\":1,\"name\":\"Portada\",\"item\":\"https:\\\/\\\/lospoliticosveracruz.com\\\/\"},{\"@type\":\"ListItem\",\"position\":2,\"name\":\"LOS GOBERNADORES Y LA PERCEPCI\u00d3N P\u00daBLICA\"}]},{\"@type\":\"WebSite\",\"@id\":\"https:\\\/\\\/lospoliticosveracruz.com\\\/#website\",\"url\":\"https:\\\/\\\/lospoliticosveracruz.com\\\/\",\"name\":\"Los pol\u00edticos Veracruz\",\"description\":\"\",\"publisher\":{\"@id\":\"https:\\\/\\\/lospoliticosveracruz.com\\\/#organization\"},\"potentialAction\":[{\"@type\":\"SearchAction\",\"target\":{\"@type\":\"EntryPoint\",\"urlTemplate\":\"https:\\\/\\\/lospoliticosveracruz.com\\\/?s={search_term_string}\"},\"query-input\":{\"@type\":\"PropertyValueSpecification\",\"valueRequired\":true,\"valueName\":\"search_term_string\"}}],\"inLanguage\":\"es\"},{\"@type\":\"Organization\",\"@id\":\"https:\\\/\\\/lospoliticosveracruz.com\\\/#organization\",\"name\":\"Los pol\u00edticos Veracruz\",\"url\":\"https:\\\/\\\/lospoliticosveracruz.com\\\/\",\"logo\":{\"@type\":\"ImageObject\",\"inLanguage\":\"es\",\"@id\":\"https:\\\/\\\/lospoliticosveracruz.com\\\/#\\\/schema\\\/logo\\\/image\\\/\",\"url\":\"https:\\\/\\\/lospoliticosveracruz.com\\\/wp-content\\\/uploads\\\/2025\\\/12\\\/Logo-Nuevo-LOS-POLITICOS-1.jpg\",\"contentUrl\":\"https:\\\/\\\/lospoliticosveracruz.com\\\/wp-content\\\/uploads\\\/2025\\\/12\\\/Logo-Nuevo-LOS-POLITICOS-1.jpg\",\"width\":260,\"height\":70,\"caption\":\"Los pol\u00edticos Veracruz\"},\"image\":{\"@id\":\"https:\\\/\\\/lospoliticosveracruz.com\\\/#\\\/schema\\\/logo\\\/image\\\/\"},\"sameAs\":[\"https:\\\/\\\/www.facebook.com\\\/people\\\/Notimemes-de-los-Polticos\\\/61565672886568\\\/\",\"https:\\\/\\\/x.com\\\/LosPoliticosVer\"]},{\"@type\":\"Person\",\"@id\":\"https:\\\/\\\/lospoliticosveracruz.com\\\/#\\\/schema\\\/person\\\/b8702bb0e538456e6efd07080bf2a4a2\",\"name\":\"Lo viste en Los Pol\u00edticos\",\"image\":{\"@type\":\"ImageObject\",\"inLanguage\":\"es\",\"@id\":\"https:\\\/\\\/secure.gravatar.com\\\/avatar\\\/3a8de04a2656d44082be478bd6c086daa447c4651605818287b9532d3d0bd435?s=96&d=mm&r=g\",\"url\":\"https:\\\/\\\/secure.gravatar.com\\\/avatar\\\/3a8de04a2656d44082be478bd6c086daa447c4651605818287b9532d3d0bd435?s=96&d=mm&r=g\",\"contentUrl\":\"https:\\\/\\\/secure.gravatar.com\\\/avatar\\\/3a8de04a2656d44082be478bd6c086daa447c4651605818287b9532d3d0bd435?s=96&d=mm&r=g\",\"caption\":\"Lo viste en Los Pol\u00edticos\"},\"url\":\"https:\\\/\\\/lospoliticosveracruz.com\\\/?author=2\"}]}<\/script>\n<!-- \/ Yoast SEO plugin. -->","yoast_head_json":{"title":"LOS GOBERNADORES Y LA PERCEPCI\u00d3N P\u00daBLICA - Los pol\u00edticos Veracruz","robots":{"index":"index","follow":"follow","max-snippet":"max-snippet:-1","max-image-preview":"max-image-preview:large","max-video-preview":"max-video-preview:-1"},"canonical":"https:\/\/lospoliticosveracruz.com\/?p=170341","og_locale":"es_ES","og_type":"article","og_title":"LOS GOBERNADORES Y LA PERCEPCI\u00d3N P\u00daBLICA - Los pol\u00edticos Veracruz","og_description":"Felipe de Jes\u00fas Fern\u00e1ndez BasilioDesde a Janela Estos \u00faltimos d\u00edas se caracterizaron por el protagonismo de varios gobernadores, quienes para bien o para mal han influido en la opini\u00f3n p\u00fablica nacional. Pero no solo eso, tambi\u00e9n han sido determinantes en la percepci\u00f3n social del gobierno en general y de la presidente en particular en relaci\u00f3n [&hellip;]","og_url":"https:\/\/lospoliticosveracruz.com\/?p=170341","og_site_name":"Los pol\u00edticos Veracruz","article_publisher":"https:\/\/www.facebook.com\/people\/Notimemes-de-los-Polticos\/61565672886568\/","article_published_time":"2026-05-01T12:21:24+00:00","article_modified_time":"2026-05-01T12:21:25+00:00","og_image":[{"width":600,"height":320,"url":"https:\/\/lospoliticosveracruz.com\/wp-content\/uploads\/2025\/04\/Felipe-Fernandez-Basilio-e1767959429910.jpg","type":"image\/jpeg"}],"author":"Lo viste en Los Pol\u00edticos","twitter_card":"summary_large_image","twitter_creator":"@LosPoliticosVer","twitter_site":"@LosPoliticosVer","twitter_misc":{"Escrito por":"Lo viste en Los Pol\u00edticos","Tiempo de lectura":"4 minutos"},"schema":{"@context":"https:\/\/schema.org","@graph":[{"@type":"Article","@id":"https:\/\/lospoliticosveracruz.com\/?p=170341#article","isPartOf":{"@id":"https:\/\/lospoliticosveracruz.com\/?p=170341"},"author":{"name":"Lo viste en Los Pol\u00edticos","@id":"https:\/\/lospoliticosveracruz.com\/#\/schema\/person\/b8702bb0e538456e6efd07080bf2a4a2"},"headline":"LOS GOBERNADORES Y LA PERCEPCI\u00d3N P\u00daBLICA","datePublished":"2026-05-01T12:21:24+00:00","dateModified":"2026-05-01T12:21:25+00:00","mainEntityOfPage":{"@id":"https:\/\/lospoliticosveracruz.com\/?p=170341"},"wordCount":805,"publisher":{"@id":"https:\/\/lospoliticosveracruz.com\/#organization"},"image":{"@id":"https:\/\/lospoliticosveracruz.com\/?p=170341#primaryimage"},"thumbnailUrl":"https:\/\/lospoliticosveracruz.com\/wp-content\/uploads\/2025\/04\/Felipe-Fernandez-Basilio-e1767959429910.jpg","keywords":["Chihuahua","crimen organizado","Estados Unidos","Morena","Sinaloa"],"articleSection":["De Opini\u00f3n"],"inLanguage":"es"},{"@type":"WebPage","@id":"https:\/\/lospoliticosveracruz.com\/?p=170341","url":"https:\/\/lospoliticosveracruz.com\/?p=170341","name":"LOS GOBERNADORES Y LA PERCEPCI\u00d3N P\u00daBLICA - Los pol\u00edticos Veracruz","isPartOf":{"@id":"https:\/\/lospoliticosveracruz.com\/#website"},"primaryImageOfPage":{"@id":"https:\/\/lospoliticosveracruz.com\/?p=170341#primaryimage"},"image":{"@id":"https:\/\/lospoliticosveracruz.com\/?p=170341#primaryimage"},"thumbnailUrl":"https:\/\/lospoliticosveracruz.com\/wp-content\/uploads\/2025\/04\/Felipe-Fernandez-Basilio-e1767959429910.jpg","datePublished":"2026-05-01T12:21:24+00:00","dateModified":"2026-05-01T12:21:25+00:00","breadcrumb":{"@id":"https:\/\/lospoliticosveracruz.com\/?p=170341#breadcrumb"},"inLanguage":"es","potentialAction":[{"@type":"ReadAction","target":["https:\/\/lospoliticosveracruz.com\/?p=170341"]}]},{"@type":"ImageObject","inLanguage":"es","@id":"https:\/\/lospoliticosveracruz.com\/?p=170341#primaryimage","url":"https:\/\/lospoliticosveracruz.com\/wp-content\/uploads\/2025\/04\/Felipe-Fernandez-Basilio-e1767959429910.jpg","contentUrl":"https:\/\/lospoliticosveracruz.com\/wp-content\/uploads\/2025\/04\/Felipe-Fernandez-Basilio-e1767959429910.jpg","width":600,"height":320},{"@type":"BreadcrumbList","@id":"https:\/\/lospoliticosveracruz.com\/?p=170341#breadcrumb","itemListElement":[{"@type":"ListItem","position":1,"name":"Portada","item":"https:\/\/lospoliticosveracruz.com\/"},{"@type":"ListItem","position":2,"name":"LOS GOBERNADORES Y LA PERCEPCI\u00d3N P\u00daBLICA"}]},{"@type":"WebSite","@id":"https:\/\/lospoliticosveracruz.com\/#website","url":"https:\/\/lospoliticosveracruz.com\/","name":"Los pol\u00edticos Veracruz","description":"","publisher":{"@id":"https:\/\/lospoliticosveracruz.com\/#organization"},"potentialAction":[{"@type":"SearchAction","target":{"@type":"EntryPoint","urlTemplate":"https:\/\/lospoliticosveracruz.com\/?s={search_term_string}"},"query-input":{"@type":"PropertyValueSpecification","valueRequired":true,"valueName":"search_term_string"}}],"inLanguage":"es"},{"@type":"Organization","@id":"https:\/\/lospoliticosveracruz.com\/#organization","name":"Los pol\u00edticos Veracruz","url":"https:\/\/lospoliticosveracruz.com\/","logo":{"@type":"ImageObject","inLanguage":"es","@id":"https:\/\/lospoliticosveracruz.com\/#\/schema\/logo\/image\/","url":"https:\/\/lospoliticosveracruz.com\/wp-content\/uploads\/2025\/12\/Logo-Nuevo-LOS-POLITICOS-1.jpg","contentUrl":"https:\/\/lospoliticosveracruz.com\/wp-content\/uploads\/2025\/12\/Logo-Nuevo-LOS-POLITICOS-1.jpg","width":260,"height":70,"caption":"Los pol\u00edticos Veracruz"},"image":{"@id":"https:\/\/lospoliticosveracruz.com\/#\/schema\/logo\/image\/"},"sameAs":["https:\/\/www.facebook.com\/people\/Notimemes-de-los-Polticos\/61565672886568\/","https:\/\/x.com\/LosPoliticosVer"]},{"@type":"Person","@id":"https:\/\/lospoliticosveracruz.com\/#\/schema\/person\/b8702bb0e538456e6efd07080bf2a4a2","name":"Lo viste en Los Pol\u00edticos","image":{"@type":"ImageObject","inLanguage":"es","@id":"https:\/\/secure.gravatar.com\/avatar\/3a8de04a2656d44082be478bd6c086daa447c4651605818287b9532d3d0bd435?s=96&d=mm&r=g","url":"https:\/\/secure.gravatar.com\/avatar\/3a8de04a2656d44082be478bd6c086daa447c4651605818287b9532d3d0bd435?s=96&d=mm&r=g","contentUrl":"https:\/\/secure.gravatar.com\/avatar\/3a8de04a2656d44082be478bd6c086daa447c4651605818287b9532d3d0bd435?s=96&d=mm&r=g","caption":"Lo viste en Los Pol\u00edticos"},"url":"https:\/\/lospoliticosveracruz.com\/?author=2"}]}},"_links":{"self":[{"href":"https:\/\/lospoliticosveracruz.com\/index.php?rest_route=\/wp\/v2\/posts\/170341","targetHints":{"allow":["GET"]}}],"collection":[{"href":"https:\/\/lospoliticosveracruz.com\/index.php?rest_route=\/wp\/v2\/posts"}],"about":[{"href":"https:\/\/lospoliticosveracruz.com\/index.php?rest_route=\/wp\/v2\/types\/post"}],"author":[{"embeddable":true,"href":"https:\/\/lospoliticosveracruz.com\/index.php?rest_route=\/wp\/v2\/users\/2"}],"replies":[{"embeddable":true,"href":"https:\/\/lospoliticosveracruz.com\/index.php?rest_route=%2Fwp%2Fv2%2Fcomments&post=170341"}],"version-history":[{"count":1,"href":"https:\/\/lospoliticosveracruz.com\/index.php?rest_route=\/wp\/v2\/posts\/170341\/revisions"}],"predecessor-version":[{"id":170342,"href":"https:\/\/lospoliticosveracruz.com\/index.php?rest_route=\/wp\/v2\/posts\/170341\/revisions\/170342"}],"wp:featuredmedia":[{"embeddable":true,"href":"https:\/\/lospoliticosveracruz.com\/index.php?rest_route=\/wp\/v2\/media\/141384"}],"wp:attachment":[{"href":"https:\/\/lospoliticosveracruz.com\/index.php?rest_route=%2Fwp%2Fv2%2Fmedia&parent=170341"}],"wp:term":[{"taxonomy":"category","embeddable":true,"href":"https:\/\/lospoliticosveracruz.com\/index.php?rest_route=%2Fwp%2Fv2%2Fcategories&post=170341"},{"taxonomy":"post_tag","embeddable":true,"href":"https:\/\/lospoliticosveracruz.com\/index.php?rest_route=%2Fwp%2Fv2%2Ftags&post=170341"}],"curies":[{"name":"wp","href":"https:\/\/api.w.org\/{rel}","templated":true}]}}