{"id":170343,"date":"2026-05-01T07:05:17","date_gmt":"2026-05-01T13:05:17","guid":{"rendered":"https:\/\/lospoliticosveracruz.com\/?p=170343"},"modified":"2026-05-01T07:05:18","modified_gmt":"2026-05-01T13:05:18","slug":"el-nino-heroe-ruben-rocha-moya","status":"publish","type":"post","link":"https:\/\/lospoliticosveracruz.com\/?p=170343","title":{"rendered":"EL NI\u00d1O H\u00c9ROE RUB\u00c9N ROCHA MOYA"},"content":{"rendered":"\n<p><strong>Bernardo Guti\u00e9rrez Parra<\/strong><br><em>Desde el Caf\u00e9<\/em><br>Ayer en entrevista con Carmen Aristegui, el ex gobernador de Sinaloa, Francisco Labastida Ochoa, dijo que seg\u00fan la ONU, los c\u00e1rteles m\u00e1s importantes del mundo son los mexicanos que est\u00e1n exportando hacia Estados Unidos doce veces m\u00e1s droga que la que exporta Colombia. Seg\u00fan la ONU, de las 25 ciudades m\u00e1s peligrosas del mundo 12 son mexicanas y la que ocupa el lugar n\u00famero uno como la m\u00e1s violenta y sangrienta del planeta es Culiac\u00e1n.<\/p>\n\n\n\n<p>Estos datos ya los hab\u00eda visto antes, lector. Pero cobran relevancia porque hasta antes del 2018 s\u00f3lo dos ciudades mexicanas eran consideradas entre las m\u00e1s peligrosas del mundo. Y el n\u00famero comenz\u00f3 a crecer desde 2019 cuando gobernaba ya sabes qui\u00e9n.<\/p>\n\n\n\n<p>Quiz\u00e1 este panorama sirva para dimensionar la sensaci\u00f3n de abandono y orfandad que debieron sentir los mexicanos cuando escucharon decir a su presidenta, aunque no con estas palabras: \u201cRub\u00e9n Rocha seguir\u00e1 bajo nuestra protecci\u00f3n y h\u00e1ganle como quieran\u201d.<\/p>\n\n\n\n<p>El esc\u00e1ndalo que estall\u00f3 el martes cuando se dio a conocer que el gobierno norteamericano hab\u00eda pedido al nuestro detener (con fines de extradici\u00f3n) al gobernador de Sinaloa, Rub\u00e9n Rocha Moya y a nueve sujetos m\u00e1s, era la oportunidad de oro que la vida le estaba brindando a Claudia Sheinbaum para limpiar al pa\u00eds de narcopol\u00edticos\u2026 y la dej\u00f3 pasar.<\/p>\n\n\n\n<p>En una parte del mensaje que ley\u00f3 ayer dijo: \u201cDebe quedar sumamente claro: bajo ning\u00fan motivo vamos a permitir la intromisi\u00f3n o injerencia de un gobierno extranjero en las decisiones que le competen exclusivamente al pueblo de M\u00e9xico. Verdad, justicia y defensa de la soberan\u00eda. Esta es nuestra posici\u00f3n\u201d. Es decir, en lugar de hablarle a la naci\u00f3n, le habl\u00f3 al grader\u00edo de Morena que como siempre le brind\u00f3 su aplauso.<\/p>\n\n\n\n<p>Pero qued\u00f3 atrapada (y estigmatizada quiz\u00e1 para siempre) porque en el imaginario colectivo pas\u00f3 en autom\u00e1tico de ser presidenta a c\u00f3mplice y encubridora de narcos.<\/p>\n\n\n\n<p>Y es que es incre\u00edble lo que pide.<\/p>\n\n\n\n<p>A pesar de las pruebas que muestran que para llegar a la gubernatura, Rub\u00e9n Rocha Moya fue apoyado por el narco (que secuestr\u00f3 a militantes de otros partidos y a sus familias, a funcionarios de casilla, a representantes del INE, que quem\u00f3 papeler\u00eda electoral, que anduvo casi casa por casa amenazando gente), la se\u00f1ora quiere pruebas de que Rub\u00e9n es guarro de los narcos.<\/p>\n\n\n\n<p>Aparte de atrapada, la presidenta est\u00e1 entrampada. Si entrega a Rocha caer\u00e1n como zapotes sobre el pavimento todos los narcopol\u00edticos de Morena que se han beneficiado con dinero del crimen organizado. Y si no lo entrega se caer\u00e1 el T-MEC, adem\u00e1s de que las apuestas est\u00e1n mil a uno a favor de que Donald Trump vendr\u00e1 por ese individuo y por los que sigan, hasta llegar a Palenque por la cabeza del narco mayor.<\/p>\n\n\n\n<p>Y es que \u00bfcu\u00e1nto durar\u00e1 el apoyo a Rocha antes de que Trump, que ahorita est\u00e1 escupiendo fuego contra Ir\u00e1n, vuelva otra vez sus ojos hacia M\u00e9xico?<\/p>\n\n\n\n<p>\u201cVerdad, justicia y defensa de la soberan\u00eda\u201d dijo la presidenta y aqu\u00ed me quiero detener. Pr\u00e1cticamente no hay ma\u00f1anera donde no hable de soberan\u00eda. Su obsesi\u00f3n es que M\u00e9xico pueda perder la soberan\u00eda lo que ser\u00eda el fracaso m\u00e1s grande de su vida.<\/p>\n\n\n\n<p>\u00bfPero qu\u00e9 entiende por perder la soberan\u00eda?<\/p>\n\n\n\n<p>Lo pregunto porque ninguna naci\u00f3n la pierde cuando le pide ayuda a otra naci\u00f3n para luchar contra el narco. Por otra parte, \u00bfde qu\u00e9 soberan\u00eda habla cuando su antecesor entreg\u00f3 casi la mitad del territorio nacional a los delincuentes? Si eso no es perder la soberan\u00eda no s\u00e9 c\u00f3mo se llamar\u00e1.<\/p>\n\n\n\n<p>\u00bfC\u00f3mo entender su concepto de soberan\u00eda cuando hubo un momento, en la serie de preguntas y respuestas, en que casi defendi\u00f3 al gobernador criminal?<\/p>\n\n\n\n<p>Un analista dijo que para la presidenta result\u00f3 m\u00e1s c\u00f3modo el argumento del nacionalismo que en asumir una posici\u00f3n de Estado.<\/p>\n\n\n\n<p>Esto \u00faltimo es imposible porque la presidenta no es una estadista, sino una mujer a la que le interesa m\u00e1s obedecer las \u00f3rdenes de Palenque, que la seguridad que jur\u00f3 brindar a los mexicanos.<\/p>\n\n\n\n<p>\u00bfQu\u00e9 sigue?<\/p>\n\n\n\n<p>Esperar la reacci\u00f3n de aquel lado del Bravo. Y si la presidenta insiste en vestir de Ni\u00f1o H\u00e9roe a Rocha Moya all\u00e1 ella, pero que no embarre a los mexicanos.<\/p>\n\n\n\n<p>bernagup28@gmail.com<\/p>\n\n\n\n<p><\/p>\n","protected":false},"excerpt":{"rendered":"<p>Bernardo Guti\u00e9rrez ParraDesde el Caf\u00e9Ayer en entrevista con Carmen Aristegui, el ex gobernador de Sinaloa, Francisco Labastida Ochoa, dijo que seg\u00fan la ONU, los c\u00e1rteles m\u00e1s importantes del mundo son los mexicanos que est\u00e1n exportando hacia Estados Unidos doce veces m\u00e1s droga que la que exporta Colombia. Seg\u00fan la ONU, de las 25 ciudades m\u00e1s [&hellip;]<\/p>\n","protected":false},"author":2,"featured_media":141479,"comment_status":"closed","ping_status":"closed","sticky":false,"template":"","format":"standard","meta":{"tdm_status":"","tdm_grid_status":"","footnotes":""},"categories":[70],"tags":[34206,9627,1026,38440],"class_list":{"0":"post-170343","1":"post","2":"type-post","3":"status-publish","4":"format-standard","5":"has-post-thumbnail","7":"category-de-opinion","8":"tag-bernardo-gutierrez-parra","9":"tag-claudia-sheinbaum","10":"tag-morena","11":"tag-ruben-rocha-moya"},"yoast_head":"<!-- This site is optimized with the Yoast SEO plugin v27.4 - https:\/\/yoast.com\/product\/yoast-seo-wordpress\/ -->\n<title>EL NI\u00d1O H\u00c9ROE RUB\u00c9N ROCHA MOYA - Los pol\u00edticos Veracruz<\/title>\n<meta name=\"robots\" content=\"index, follow, max-snippet:-1, max-image-preview:large, max-video-preview:-1\" \/>\n<link rel=\"canonical\" href=\"https:\/\/lospoliticosveracruz.com\/?p=170343\" \/>\n<meta property=\"og:locale\" content=\"es_ES\" \/>\n<meta property=\"og:type\" content=\"article\" \/>\n<meta property=\"og:title\" content=\"EL NI\u00d1O H\u00c9ROE RUB\u00c9N ROCHA MOYA - Los pol\u00edticos Veracruz\" \/>\n<meta property=\"og:description\" content=\"Bernardo Guti\u00e9rrez ParraDesde el Caf\u00e9Ayer en entrevista con Carmen Aristegui, el ex gobernador de Sinaloa, Francisco Labastida Ochoa, dijo que seg\u00fan la ONU, los c\u00e1rteles m\u00e1s importantes del mundo son los mexicanos que est\u00e1n exportando hacia Estados Unidos doce veces m\u00e1s droga que la que exporta Colombia. Seg\u00fan la ONU, de las 25 ciudades m\u00e1s [&hellip;]\" \/>\n<meta property=\"og:url\" content=\"https:\/\/lospoliticosveracruz.com\/?p=170343\" \/>\n<meta property=\"og:site_name\" content=\"Los pol\u00edticos Veracruz\" \/>\n<meta property=\"article:publisher\" content=\"https:\/\/www.facebook.com\/people\/Notimemes-de-los-Polticos\/61565672886568\/\" \/>\n<meta property=\"article:published_time\" content=\"2026-05-01T13:05:17+00:00\" \/>\n<meta property=\"article:modified_time\" content=\"2026-05-01T13:05:18+00:00\" \/>\n<meta property=\"og:image\" content=\"https:\/\/lospoliticosveracruz.com\/wp-content\/uploads\/2025\/04\/Bernardo-Gutierrez-Parra.jpg\" \/>\n\t<meta property=\"og:image:width\" content=\"1250\" \/>\n\t<meta property=\"og:image:height\" content=\"667\" \/>\n\t<meta property=\"og:image:type\" content=\"image\/jpeg\" \/>\n<meta name=\"author\" content=\"Lo viste en Los Pol\u00edticos\" \/>\n<meta name=\"twitter:card\" content=\"summary_large_image\" \/>\n<meta name=\"twitter:creator\" content=\"@LosPoliticosVer\" \/>\n<meta name=\"twitter:site\" content=\"@LosPoliticosVer\" \/>\n<meta name=\"twitter:label1\" content=\"Escrito por\" \/>\n\t<meta name=\"twitter:data1\" content=\"Lo viste en Los Pol\u00edticos\" \/>\n\t<meta name=\"twitter:label2\" content=\"Tiempo de lectura\" \/>\n\t<meta name=\"twitter:data2\" content=\"4 minutos\" \/>\n<script type=\"application\/ld+json\" class=\"yoast-schema-graph\">{\"@context\":\"https:\\\/\\\/schema.org\",\"@graph\":[{\"@type\":\"Article\",\"@id\":\"https:\\\/\\\/lospoliticosveracruz.com\\\/?p=170343#article\",\"isPartOf\":{\"@id\":\"https:\\\/\\\/lospoliticosveracruz.com\\\/?p=170343\"},\"author\":{\"name\":\"Lo viste en Los Pol\u00edticos\",\"@id\":\"https:\\\/\\\/lospoliticosveracruz.com\\\/#\\\/schema\\\/person\\\/b8702bb0e538456e6efd07080bf2a4a2\"},\"headline\":\"EL NI\u00d1O H\u00c9ROE RUB\u00c9N ROCHA MOYA\",\"datePublished\":\"2026-05-01T13:05:17+00:00\",\"dateModified\":\"2026-05-01T13:05:18+00:00\",\"mainEntityOfPage\":{\"@id\":\"https:\\\/\\\/lospoliticosveracruz.com\\\/?p=170343\"},\"wordCount\":781,\"publisher\":{\"@id\":\"https:\\\/\\\/lospoliticosveracruz.com\\\/#organization\"},\"image\":{\"@id\":\"https:\\\/\\\/lospoliticosveracruz.com\\\/?p=170343#primaryimage\"},\"thumbnailUrl\":\"https:\\\/\\\/lospoliticosveracruz.com\\\/wp-content\\\/uploads\\\/2025\\\/04\\\/Bernardo-Gutierrez-Parra.jpg\",\"keywords\":[\"Bernardo Guti\u00e9rrez Parra\",\"Claudia Sheinbaum\",\"Morena\",\"Rub\u00e9n Rocha Moya\"],\"articleSection\":[\"De Opini\u00f3n\"],\"inLanguage\":\"es\"},{\"@type\":\"WebPage\",\"@id\":\"https:\\\/\\\/lospoliticosveracruz.com\\\/?p=170343\",\"url\":\"https:\\\/\\\/lospoliticosveracruz.com\\\/?p=170343\",\"name\":\"EL NI\u00d1O H\u00c9ROE RUB\u00c9N ROCHA MOYA - Los pol\u00edticos Veracruz\",\"isPartOf\":{\"@id\":\"https:\\\/\\\/lospoliticosveracruz.com\\\/#website\"},\"primaryImageOfPage\":{\"@id\":\"https:\\\/\\\/lospoliticosveracruz.com\\\/?p=170343#primaryimage\"},\"image\":{\"@id\":\"https:\\\/\\\/lospoliticosveracruz.com\\\/?p=170343#primaryimage\"},\"thumbnailUrl\":\"https:\\\/\\\/lospoliticosveracruz.com\\\/wp-content\\\/uploads\\\/2025\\\/04\\\/Bernardo-Gutierrez-Parra.jpg\",\"datePublished\":\"2026-05-01T13:05:17+00:00\",\"dateModified\":\"2026-05-01T13:05:18+00:00\",\"breadcrumb\":{\"@id\":\"https:\\\/\\\/lospoliticosveracruz.com\\\/?p=170343#breadcrumb\"},\"inLanguage\":\"es\",\"potentialAction\":[{\"@type\":\"ReadAction\",\"target\":[\"https:\\\/\\\/lospoliticosveracruz.com\\\/?p=170343\"]}]},{\"@type\":\"ImageObject\",\"inLanguage\":\"es\",\"@id\":\"https:\\\/\\\/lospoliticosveracruz.com\\\/?p=170343#primaryimage\",\"url\":\"https:\\\/\\\/lospoliticosveracruz.com\\\/wp-content\\\/uploads\\\/2025\\\/04\\\/Bernardo-Gutierrez-Parra.jpg\",\"contentUrl\":\"https:\\\/\\\/lospoliticosveracruz.com\\\/wp-content\\\/uploads\\\/2025\\\/04\\\/Bernardo-Gutierrez-Parra.jpg\",\"width\":1250,\"height\":667},{\"@type\":\"BreadcrumbList\",\"@id\":\"https:\\\/\\\/lospoliticosveracruz.com\\\/?p=170343#breadcrumb\",\"itemListElement\":[{\"@type\":\"ListItem\",\"position\":1,\"name\":\"Portada\",\"item\":\"https:\\\/\\\/lospoliticosveracruz.com\\\/\"},{\"@type\":\"ListItem\",\"position\":2,\"name\":\"EL NI\u00d1O H\u00c9ROE RUB\u00c9N ROCHA MOYA\"}]},{\"@type\":\"WebSite\",\"@id\":\"https:\\\/\\\/lospoliticosveracruz.com\\\/#website\",\"url\":\"https:\\\/\\\/lospoliticosveracruz.com\\\/\",\"name\":\"Los pol\u00edticos Veracruz\",\"description\":\"\",\"publisher\":{\"@id\":\"https:\\\/\\\/lospoliticosveracruz.com\\\/#organization\"},\"potentialAction\":[{\"@type\":\"SearchAction\",\"target\":{\"@type\":\"EntryPoint\",\"urlTemplate\":\"https:\\\/\\\/lospoliticosveracruz.com\\\/?s={search_term_string}\"},\"query-input\":{\"@type\":\"PropertyValueSpecification\",\"valueRequired\":true,\"valueName\":\"search_term_string\"}}],\"inLanguage\":\"es\"},{\"@type\":\"Organization\",\"@id\":\"https:\\\/\\\/lospoliticosveracruz.com\\\/#organization\",\"name\":\"Los pol\u00edticos Veracruz\",\"url\":\"https:\\\/\\\/lospoliticosveracruz.com\\\/\",\"logo\":{\"@type\":\"ImageObject\",\"inLanguage\":\"es\",\"@id\":\"https:\\\/\\\/lospoliticosveracruz.com\\\/#\\\/schema\\\/logo\\\/image\\\/\",\"url\":\"https:\\\/\\\/lospoliticosveracruz.com\\\/wp-content\\\/uploads\\\/2025\\\/12\\\/Logo-Nuevo-LOS-POLITICOS-1.jpg\",\"contentUrl\":\"https:\\\/\\\/lospoliticosveracruz.com\\\/wp-content\\\/uploads\\\/2025\\\/12\\\/Logo-Nuevo-LOS-POLITICOS-1.jpg\",\"width\":260,\"height\":70,\"caption\":\"Los pol\u00edticos Veracruz\"},\"image\":{\"@id\":\"https:\\\/\\\/lospoliticosveracruz.com\\\/#\\\/schema\\\/logo\\\/image\\\/\"},\"sameAs\":[\"https:\\\/\\\/www.facebook.com\\\/people\\\/Notimemes-de-los-Polticos\\\/61565672886568\\\/\",\"https:\\\/\\\/x.com\\\/LosPoliticosVer\"]},{\"@type\":\"Person\",\"@id\":\"https:\\\/\\\/lospoliticosveracruz.com\\\/#\\\/schema\\\/person\\\/b8702bb0e538456e6efd07080bf2a4a2\",\"name\":\"Lo viste en Los Pol\u00edticos\",\"image\":{\"@type\":\"ImageObject\",\"inLanguage\":\"es\",\"@id\":\"https:\\\/\\\/secure.gravatar.com\\\/avatar\\\/3a8de04a2656d44082be478bd6c086daa447c4651605818287b9532d3d0bd435?s=96&d=mm&r=g\",\"url\":\"https:\\\/\\\/secure.gravatar.com\\\/avatar\\\/3a8de04a2656d44082be478bd6c086daa447c4651605818287b9532d3d0bd435?s=96&d=mm&r=g\",\"contentUrl\":\"https:\\\/\\\/secure.gravatar.com\\\/avatar\\\/3a8de04a2656d44082be478bd6c086daa447c4651605818287b9532d3d0bd435?s=96&d=mm&r=g\",\"caption\":\"Lo viste en Los Pol\u00edticos\"},\"url\":\"https:\\\/\\\/lospoliticosveracruz.com\\\/?author=2\"}]}<\/script>\n<!-- \/ Yoast SEO plugin. -->","yoast_head_json":{"title":"EL NI\u00d1O H\u00c9ROE RUB\u00c9N ROCHA MOYA - Los pol\u00edticos Veracruz","robots":{"index":"index","follow":"follow","max-snippet":"max-snippet:-1","max-image-preview":"max-image-preview:large","max-video-preview":"max-video-preview:-1"},"canonical":"https:\/\/lospoliticosveracruz.com\/?p=170343","og_locale":"es_ES","og_type":"article","og_title":"EL NI\u00d1O H\u00c9ROE RUB\u00c9N ROCHA MOYA - Los pol\u00edticos Veracruz","og_description":"Bernardo Guti\u00e9rrez ParraDesde el Caf\u00e9Ayer en entrevista con Carmen Aristegui, el ex gobernador de Sinaloa, Francisco Labastida Ochoa, dijo que seg\u00fan la ONU, los c\u00e1rteles m\u00e1s importantes del mundo son los mexicanos que est\u00e1n exportando hacia Estados Unidos doce veces m\u00e1s droga que la que exporta Colombia. Seg\u00fan la ONU, de las 25 ciudades m\u00e1s [&hellip;]","og_url":"https:\/\/lospoliticosveracruz.com\/?p=170343","og_site_name":"Los pol\u00edticos Veracruz","article_publisher":"https:\/\/www.facebook.com\/people\/Notimemes-de-los-Polticos\/61565672886568\/","article_published_time":"2026-05-01T13:05:17+00:00","article_modified_time":"2026-05-01T13:05:18+00:00","og_image":[{"width":1250,"height":667,"url":"https:\/\/lospoliticosveracruz.com\/wp-content\/uploads\/2025\/04\/Bernardo-Gutierrez-Parra.jpg","type":"image\/jpeg"}],"author":"Lo viste en Los Pol\u00edticos","twitter_card":"summary_large_image","twitter_creator":"@LosPoliticosVer","twitter_site":"@LosPoliticosVer","twitter_misc":{"Escrito por":"Lo viste en Los Pol\u00edticos","Tiempo de lectura":"4 minutos"},"schema":{"@context":"https:\/\/schema.org","@graph":[{"@type":"Article","@id":"https:\/\/lospoliticosveracruz.com\/?p=170343#article","isPartOf":{"@id":"https:\/\/lospoliticosveracruz.com\/?p=170343"},"author":{"name":"Lo viste en Los Pol\u00edticos","@id":"https:\/\/lospoliticosveracruz.com\/#\/schema\/person\/b8702bb0e538456e6efd07080bf2a4a2"},"headline":"EL NI\u00d1O H\u00c9ROE RUB\u00c9N ROCHA MOYA","datePublished":"2026-05-01T13:05:17+00:00","dateModified":"2026-05-01T13:05:18+00:00","mainEntityOfPage":{"@id":"https:\/\/lospoliticosveracruz.com\/?p=170343"},"wordCount":781,"publisher":{"@id":"https:\/\/lospoliticosveracruz.com\/#organization"},"image":{"@id":"https:\/\/lospoliticosveracruz.com\/?p=170343#primaryimage"},"thumbnailUrl":"https:\/\/lospoliticosveracruz.com\/wp-content\/uploads\/2025\/04\/Bernardo-Gutierrez-Parra.jpg","keywords":["Bernardo Guti\u00e9rrez Parra","Claudia Sheinbaum","Morena","Rub\u00e9n Rocha Moya"],"articleSection":["De Opini\u00f3n"],"inLanguage":"es"},{"@type":"WebPage","@id":"https:\/\/lospoliticosveracruz.com\/?p=170343","url":"https:\/\/lospoliticosveracruz.com\/?p=170343","name":"EL NI\u00d1O H\u00c9ROE RUB\u00c9N ROCHA MOYA - Los pol\u00edticos Veracruz","isPartOf":{"@id":"https:\/\/lospoliticosveracruz.com\/#website"},"primaryImageOfPage":{"@id":"https:\/\/lospoliticosveracruz.com\/?p=170343#primaryimage"},"image":{"@id":"https:\/\/lospoliticosveracruz.com\/?p=170343#primaryimage"},"thumbnailUrl":"https:\/\/lospoliticosveracruz.com\/wp-content\/uploads\/2025\/04\/Bernardo-Gutierrez-Parra.jpg","datePublished":"2026-05-01T13:05:17+00:00","dateModified":"2026-05-01T13:05:18+00:00","breadcrumb":{"@id":"https:\/\/lospoliticosveracruz.com\/?p=170343#breadcrumb"},"inLanguage":"es","potentialAction":[{"@type":"ReadAction","target":["https:\/\/lospoliticosveracruz.com\/?p=170343"]}]},{"@type":"ImageObject","inLanguage":"es","@id":"https:\/\/lospoliticosveracruz.com\/?p=170343#primaryimage","url":"https:\/\/lospoliticosveracruz.com\/wp-content\/uploads\/2025\/04\/Bernardo-Gutierrez-Parra.jpg","contentUrl":"https:\/\/lospoliticosveracruz.com\/wp-content\/uploads\/2025\/04\/Bernardo-Gutierrez-Parra.jpg","width":1250,"height":667},{"@type":"BreadcrumbList","@id":"https:\/\/lospoliticosveracruz.com\/?p=170343#breadcrumb","itemListElement":[{"@type":"ListItem","position":1,"name":"Portada","item":"https:\/\/lospoliticosveracruz.com\/"},{"@type":"ListItem","position":2,"name":"EL NI\u00d1O H\u00c9ROE RUB\u00c9N ROCHA MOYA"}]},{"@type":"WebSite","@id":"https:\/\/lospoliticosveracruz.com\/#website","url":"https:\/\/lospoliticosveracruz.com\/","name":"Los pol\u00edticos Veracruz","description":"","publisher":{"@id":"https:\/\/lospoliticosveracruz.com\/#organization"},"potentialAction":[{"@type":"SearchAction","target":{"@type":"EntryPoint","urlTemplate":"https:\/\/lospoliticosveracruz.com\/?s={search_term_string}"},"query-input":{"@type":"PropertyValueSpecification","valueRequired":true,"valueName":"search_term_string"}}],"inLanguage":"es"},{"@type":"Organization","@id":"https:\/\/lospoliticosveracruz.com\/#organization","name":"Los pol\u00edticos Veracruz","url":"https:\/\/lospoliticosveracruz.com\/","logo":{"@type":"ImageObject","inLanguage":"es","@id":"https:\/\/lospoliticosveracruz.com\/#\/schema\/logo\/image\/","url":"https:\/\/lospoliticosveracruz.com\/wp-content\/uploads\/2025\/12\/Logo-Nuevo-LOS-POLITICOS-1.jpg","contentUrl":"https:\/\/lospoliticosveracruz.com\/wp-content\/uploads\/2025\/12\/Logo-Nuevo-LOS-POLITICOS-1.jpg","width":260,"height":70,"caption":"Los pol\u00edticos Veracruz"},"image":{"@id":"https:\/\/lospoliticosveracruz.com\/#\/schema\/logo\/image\/"},"sameAs":["https:\/\/www.facebook.com\/people\/Notimemes-de-los-Polticos\/61565672886568\/","https:\/\/x.com\/LosPoliticosVer"]},{"@type":"Person","@id":"https:\/\/lospoliticosveracruz.com\/#\/schema\/person\/b8702bb0e538456e6efd07080bf2a4a2","name":"Lo viste en Los Pol\u00edticos","image":{"@type":"ImageObject","inLanguage":"es","@id":"https:\/\/secure.gravatar.com\/avatar\/3a8de04a2656d44082be478bd6c086daa447c4651605818287b9532d3d0bd435?s=96&d=mm&r=g","url":"https:\/\/secure.gravatar.com\/avatar\/3a8de04a2656d44082be478bd6c086daa447c4651605818287b9532d3d0bd435?s=96&d=mm&r=g","contentUrl":"https:\/\/secure.gravatar.com\/avatar\/3a8de04a2656d44082be478bd6c086daa447c4651605818287b9532d3d0bd435?s=96&d=mm&r=g","caption":"Lo viste en Los Pol\u00edticos"},"url":"https:\/\/lospoliticosveracruz.com\/?author=2"}]}},"_links":{"self":[{"href":"https:\/\/lospoliticosveracruz.com\/index.php?rest_route=\/wp\/v2\/posts\/170343","targetHints":{"allow":["GET"]}}],"collection":[{"href":"https:\/\/lospoliticosveracruz.com\/index.php?rest_route=\/wp\/v2\/posts"}],"about":[{"href":"https:\/\/lospoliticosveracruz.com\/index.php?rest_route=\/wp\/v2\/types\/post"}],"author":[{"embeddable":true,"href":"https:\/\/lospoliticosveracruz.com\/index.php?rest_route=\/wp\/v2\/users\/2"}],"replies":[{"embeddable":true,"href":"https:\/\/lospoliticosveracruz.com\/index.php?rest_route=%2Fwp%2Fv2%2Fcomments&post=170343"}],"version-history":[{"count":1,"href":"https:\/\/lospoliticosveracruz.com\/index.php?rest_route=\/wp\/v2\/posts\/170343\/revisions"}],"predecessor-version":[{"id":170344,"href":"https:\/\/lospoliticosveracruz.com\/index.php?rest_route=\/wp\/v2\/posts\/170343\/revisions\/170344"}],"wp:featuredmedia":[{"embeddable":true,"href":"https:\/\/lospoliticosveracruz.com\/index.php?rest_route=\/wp\/v2\/media\/141479"}],"wp:attachment":[{"href":"https:\/\/lospoliticosveracruz.com\/index.php?rest_route=%2Fwp%2Fv2%2Fmedia&parent=170343"}],"wp:term":[{"taxonomy":"category","embeddable":true,"href":"https:\/\/lospoliticosveracruz.com\/index.php?rest_route=%2Fwp%2Fv2%2Fcategories&post=170343"},{"taxonomy":"post_tag","embeddable":true,"href":"https:\/\/lospoliticosveracruz.com\/index.php?rest_route=%2Fwp%2Fv2%2Ftags&post=170343"}],"curies":[{"name":"wp","href":"https:\/\/api.w.org\/{rel}","templated":true}]}}