{"id":170362,"date":"2026-05-01T10:27:32","date_gmt":"2026-05-01T16:27:32","guid":{"rendered":"https:\/\/lospoliticosveracruz.com\/?p=170362"},"modified":"2026-05-01T10:27:34","modified_gmt":"2026-05-01T16:27:34","slug":"vacilada-pruebas-contra-rocha-moya","status":"publish","type":"post","link":"https:\/\/lospoliticosveracruz.com\/?p=170362","title":{"rendered":"VACILADA, PRUEBAS CONTRA ROCHA MOYA!"},"content":{"rendered":"\n<p><\/p>\n\n\n\n<p><\/p>\n\n\n\n<p><strong>\u00c1ngeles Gonz\u00e1lez Ceballos<\/strong><\/p>\n\n\n\n<p>El senador de la Rep\u00fablica por Morena, Manuel Huerta Ladr\u00f3n de Guevara, expres\u00f3 que la Fiscal\u00eda General de la Rep\u00fablica (FGR) deber\u00e1 hacer una investigaci\u00f3n a fondo sobre las acusaciones en contra del gobernador de Sinaloa, Rub\u00e9n Rocha Moya, pero opin\u00f3 que una \u00abhojita\u00bb con la lista de nombres y presuntos sobornos no es suficiente, incluso dijo que es una vacilada.<\/p>\n\n\n\n<p>\u00abLa prueba que presentaron es una vacilada, esa nota de remisi\u00f3n de una taquer\u00eda, de no s\u00e9 d\u00f3nde, con 30 mil pesos, con eso se le abri\u00f3 la puerta (al crimen organizado)\u00bb, minimiz\u00f3.<\/p>\n\n\n\n<p>Sostuvo que su partido no encubrir\u00e1 a nadie ni obstaculizar\u00e1 ninguna investigaci\u00f3n, pero se\u00f1al\u00f3 que en este caso se violaron preceptos internacionales al hacer p\u00fablica informaci\u00f3n.<\/p>\n\n\n\n<p>El legislador de Veracruz, extern\u00f3 que en este asunto hay una injerencia del Embajador de Estados Unidos en M\u00e9xico, Ronald Johnson, muy fuerte.<\/p>\n\n\n\n<p>\u00abCon sinceridad no creo que sea as\u00ed tan inefable el tema, pero ahora ya tiene un cauce a trav\u00e9s de la Fiscal\u00eda ese tema.<\/p>\n\n\n\n<p>Creo que hay que estar atentos, pero no puede uno dejar de decir que hay el injerencismo\u00bb, insisti\u00f3.<\/p>\n\n\n\n<p>Se pronunci\u00f3 porque se abra lo que tenga que abrir y recalc\u00f3 que no van a ocultar nada y se pronunci\u00f3 porque se investigue lo que se tenga que investigar.<\/p>\n\n\n\n<p>Huerta Ladr\u00f3n de Guevara neg\u00f3 que estos hechos hayan obligado al gobierno de M\u00e9xico a que se hiciera una investigaci\u00f3n, toda vez que no hab\u00eda denuncias.<\/p>\n\n\n\n<p>Insisti\u00f3 en que la Fiscal\u00eda deber\u00e1 decir si hay pruebas suficientes en contra del mandatario sinaloense.<\/p>\n\n\n\n<p>\u00abEs rid\u00edculo, con sinceridad\u2026 yo no s\u00e9, yo soy un mexicano igual y no siempre he sido senador por eso del fuero, es decir, no es siempre, hemos estado denunciando cosas mal y s\u00ed, s\u00e9 que hay una cifra negra.<\/p>\n\n\n\n<p>S\u00e9 que hay una cruenta batalla en Sinaloa de las bandas criminales. No se puede tapar el sol con un dedo\u00bb, admiti\u00f3.<\/p>\n\n\n\n<p>El Senador acus\u00f3 que el tema de los narcopartidos, narcopresidentes o narcogobernadores son \u00abpautas de redes sociales\u00bb, de estrategias que hubo desde antes de la campa\u00f1a presidencial actual pagado con dinero del extranjero.<\/p>\n\n\n\n<p>\u00abHay muchos intereses en el Pa\u00eds que se est\u00e1n jugando d\u00eda con d\u00eda y aqu\u00ed lo que hemos hecho en la Cuarta Transformaci\u00f3n defender al pueblo\u00bb, manifest\u00f3.<\/p>\n\n\n\n<p>En el caso del exsecretario de Seguridad P\u00fablica, Genaro Garc\u00eda Luna, expres\u00f3 que en Estados Unidos hubo un juicio, una extradici\u00f3n y hab\u00eda muchos elementos de prueba en su contra.<\/p>\n\n\n\n<p>\u00abEn ese caso y en otros, en el Pa\u00eds no nos vamos a negar nunca, aunque por la v\u00eda legal, de acuerdo a los tratados internacionales, con las pruebas, con la reacci\u00f3n, con las leyes mexicanas, se est\u00e9 juzgando\u00bb, pidi\u00f3.<\/p>\n\n\n\n<p>\u00abNo lo puedo decir de esa manera (que si Estados Unidos no hubiera acusado al Gobernador no se habr\u00eda sabido), porque el Morena, en Tabasco meti\u00f3 la denuncia y el seguimiento a los de La Barredora, no creo que sea as\u00ed tan inefable el tema\u00bb, se\u00f1al\u00f3.<\/p>\n\n\n\n<p>Por otra parte, el Senador critic\u00f3 la manera \u00abirregular\u00bb de haber entrado a M\u00e9xico por parte de la CIA, esto luego de que fallecieran en Chihuahua dos agentes, que no contaban con acreditaci\u00f3n.<\/p>\n\n\n\n<p>\u00abQued\u00f3 demostrada la violaci\u00f3n a nuestra soberan\u00eda, la apertura que le dio un gobierno estatal (Mar\u00eda Eugenia Campos Galv\u00e1n), a este hecho y no lo \u00edbamos a dejar pasar, qu\u00e9 bueno que qued\u00f3 en manos de la Fiscal\u00eda General de la Rep\u00fablica\u00bb, expres\u00f3.<\/p>\n\n\n\n<p>Hay que referir que en este asunto, uno de los agentes que muri\u00f3 tras presuntamente participar en un operativo con autoridades chihuahuenses declar\u00f3 que ingresaba al pa\u00eds en calidad de visitante, es decir, no ten\u00eda permiso para realizar actividades remuneradas.<\/p>\n\n\n\n<p>El segundo de los fallecidos utiliz\u00f3 su pasaporte diplom\u00e1tico, aunque tambi\u00e9n la Fiscal\u00eda de Chihuahua inform\u00f3 que los funcionarios estadounidenses que fallecieron eran instructores de la Embajada de Estados Unidos.<\/p>\n","protected":false},"excerpt":{"rendered":"<p>\u00c1ngeles Gonz\u00e1lez Ceballos El senador de la Rep\u00fablica por Morena, Manuel Huerta Ladr\u00f3n de Guevara, expres\u00f3 que la Fiscal\u00eda General de la Rep\u00fablica (FGR) deber\u00e1 hacer una investigaci\u00f3n a fondo sobre las acusaciones en contra del gobernador de Sinaloa, Rub\u00e9n Rocha Moya, pero opin\u00f3 que una \u00abhojita\u00bb con la lista de nombres y presuntos sobornos [&hellip;]<\/p>\n","protected":false},"author":2,"featured_media":170363,"comment_status":"closed","ping_status":"closed","sticky":false,"template":"","format":"standard","meta":{"tdm_status":"","tdm_grid_status":"","footnotes":""},"categories":[6446],"tags":[62904,13731,62903,1850,61934,38440,26782],"class_list":{"0":"post-170362","1":"post","2":"type-post","3":"status-publish","4":"format-standard","5":"has-post-thumbnail","7":"category-la-nota","8":"tag-agentes-de-la-cia-en-chihuahua","9":"tag-fgr","10":"tag-injerencismo-de-estados-unidos","11":"tag-manuel-huerta-ladron-de-guevara","12":"tag-maru-campos","13":"tag-ruben-rocha-moya","14":"tag-soberania-nacional"},"yoast_head":"<!-- This site is optimized with the Yoast SEO plugin v27.4 - https:\/\/yoast.com\/product\/yoast-seo-wordpress\/ -->\n<title>VACILADA, PRUEBAS CONTRA ROCHA MOYA! - Los pol\u00edticos Veracruz<\/title>\n<meta name=\"robots\" content=\"index, follow, max-snippet:-1, max-image-preview:large, max-video-preview:-1\" \/>\n<link rel=\"canonical\" href=\"https:\/\/lospoliticosveracruz.com\/?p=170362\" \/>\n<meta property=\"og:locale\" content=\"es_ES\" \/>\n<meta property=\"og:type\" content=\"article\" \/>\n<meta property=\"og:title\" content=\"VACILADA, PRUEBAS CONTRA ROCHA MOYA! - Los pol\u00edticos Veracruz\" \/>\n<meta property=\"og:description\" content=\"\u00c1ngeles Gonz\u00e1lez Ceballos El senador de la Rep\u00fablica por Morena, Manuel Huerta Ladr\u00f3n de Guevara, expres\u00f3 que la Fiscal\u00eda General de la Rep\u00fablica (FGR) deber\u00e1 hacer una investigaci\u00f3n a fondo sobre las acusaciones en contra del gobernador de Sinaloa, Rub\u00e9n Rocha Moya, pero opin\u00f3 que una \u00abhojita\u00bb con la lista de nombres y presuntos sobornos [&hellip;]\" \/>\n<meta property=\"og:url\" content=\"https:\/\/lospoliticosveracruz.com\/?p=170362\" \/>\n<meta property=\"og:site_name\" content=\"Los pol\u00edticos Veracruz\" \/>\n<meta property=\"article:publisher\" content=\"https:\/\/www.facebook.com\/people\/Notimemes-de-los-Polticos\/61565672886568\/\" \/>\n<meta property=\"article:published_time\" content=\"2026-05-01T16:27:32+00:00\" \/>\n<meta property=\"article:modified_time\" content=\"2026-05-01T16:27:34+00:00\" \/>\n<meta property=\"og:image\" content=\"https:\/\/lospoliticosveracruz.com\/wp-content\/uploads\/2026\/05\/Manuel-Huerta.jpg\" \/>\n\t<meta property=\"og:image:width\" content=\"600\" \/>\n\t<meta property=\"og:image:height\" content=\"320\" \/>\n\t<meta property=\"og:image:type\" content=\"image\/jpeg\" \/>\n<meta name=\"author\" content=\"Lo viste en Los Pol\u00edticos\" \/>\n<meta name=\"twitter:card\" content=\"summary_large_image\" \/>\n<meta name=\"twitter:creator\" content=\"@LosPoliticosVer\" \/>\n<meta name=\"twitter:site\" content=\"@LosPoliticosVer\" \/>\n<meta name=\"twitter:label1\" content=\"Escrito por\" \/>\n\t<meta name=\"twitter:data1\" content=\"Lo viste en Los Pol\u00edticos\" \/>\n\t<meta name=\"twitter:label2\" content=\"Tiempo de lectura\" \/>\n\t<meta name=\"twitter:data2\" content=\"4 minutos\" \/>\n<script type=\"application\/ld+json\" class=\"yoast-schema-graph\">{\"@context\":\"https:\\\/\\\/schema.org\",\"@graph\":[{\"@type\":\"Article\",\"@id\":\"https:\\\/\\\/lospoliticosveracruz.com\\\/?p=170362#article\",\"isPartOf\":{\"@id\":\"https:\\\/\\\/lospoliticosveracruz.com\\\/?p=170362\"},\"author\":{\"name\":\"Lo viste en Los Pol\u00edticos\",\"@id\":\"https:\\\/\\\/lospoliticosveracruz.com\\\/#\\\/schema\\\/person\\\/b8702bb0e538456e6efd07080bf2a4a2\"},\"headline\":\"VACILADA, PRUEBAS CONTRA ROCHA MOYA!\",\"datePublished\":\"2026-05-01T16:27:32+00:00\",\"dateModified\":\"2026-05-01T16:27:34+00:00\",\"mainEntityOfPage\":{\"@id\":\"https:\\\/\\\/lospoliticosveracruz.com\\\/?p=170362\"},\"wordCount\":699,\"publisher\":{\"@id\":\"https:\\\/\\\/lospoliticosveracruz.com\\\/#organization\"},\"image\":{\"@id\":\"https:\\\/\\\/lospoliticosveracruz.com\\\/?p=170362#primaryimage\"},\"thumbnailUrl\":\"https:\\\/\\\/lospoliticosveracruz.com\\\/wp-content\\\/uploads\\\/2026\\\/05\\\/Manuel-Huerta.jpg\",\"keywords\":[\"Agentes de la CIA en Chihuahua\",\"FGR\",\"Injerencismo de Estados Unidos\",\"Manuel Huerta Ladr\u00f3n de Guevara\",\"Maru Campos\",\"Rub\u00e9n Rocha Moya\",\"Soberan\u00eda Nacional\"],\"articleSection\":[\"La Nota\"],\"inLanguage\":\"es\"},{\"@type\":\"WebPage\",\"@id\":\"https:\\\/\\\/lospoliticosveracruz.com\\\/?p=170362\",\"url\":\"https:\\\/\\\/lospoliticosveracruz.com\\\/?p=170362\",\"name\":\"VACILADA, PRUEBAS CONTRA ROCHA MOYA! - Los pol\u00edticos Veracruz\",\"isPartOf\":{\"@id\":\"https:\\\/\\\/lospoliticosveracruz.com\\\/#website\"},\"primaryImageOfPage\":{\"@id\":\"https:\\\/\\\/lospoliticosveracruz.com\\\/?p=170362#primaryimage\"},\"image\":{\"@id\":\"https:\\\/\\\/lospoliticosveracruz.com\\\/?p=170362#primaryimage\"},\"thumbnailUrl\":\"https:\\\/\\\/lospoliticosveracruz.com\\\/wp-content\\\/uploads\\\/2026\\\/05\\\/Manuel-Huerta.jpg\",\"datePublished\":\"2026-05-01T16:27:32+00:00\",\"dateModified\":\"2026-05-01T16:27:34+00:00\",\"breadcrumb\":{\"@id\":\"https:\\\/\\\/lospoliticosveracruz.com\\\/?p=170362#breadcrumb\"},\"inLanguage\":\"es\",\"potentialAction\":[{\"@type\":\"ReadAction\",\"target\":[\"https:\\\/\\\/lospoliticosveracruz.com\\\/?p=170362\"]}]},{\"@type\":\"ImageObject\",\"inLanguage\":\"es\",\"@id\":\"https:\\\/\\\/lospoliticosveracruz.com\\\/?p=170362#primaryimage\",\"url\":\"https:\\\/\\\/lospoliticosveracruz.com\\\/wp-content\\\/uploads\\\/2026\\\/05\\\/Manuel-Huerta.jpg\",\"contentUrl\":\"https:\\\/\\\/lospoliticosveracruz.com\\\/wp-content\\\/uploads\\\/2026\\\/05\\\/Manuel-Huerta.jpg\",\"width\":600,\"height\":320},{\"@type\":\"BreadcrumbList\",\"@id\":\"https:\\\/\\\/lospoliticosveracruz.com\\\/?p=170362#breadcrumb\",\"itemListElement\":[{\"@type\":\"ListItem\",\"position\":1,\"name\":\"Portada\",\"item\":\"https:\\\/\\\/lospoliticosveracruz.com\\\/\"},{\"@type\":\"ListItem\",\"position\":2,\"name\":\"VACILADA, PRUEBAS CONTRA ROCHA MOYA!\"}]},{\"@type\":\"WebSite\",\"@id\":\"https:\\\/\\\/lospoliticosveracruz.com\\\/#website\",\"url\":\"https:\\\/\\\/lospoliticosveracruz.com\\\/\",\"name\":\"Los pol\u00edticos Veracruz\",\"description\":\"\",\"publisher\":{\"@id\":\"https:\\\/\\\/lospoliticosveracruz.com\\\/#organization\"},\"potentialAction\":[{\"@type\":\"SearchAction\",\"target\":{\"@type\":\"EntryPoint\",\"urlTemplate\":\"https:\\\/\\\/lospoliticosveracruz.com\\\/?s={search_term_string}\"},\"query-input\":{\"@type\":\"PropertyValueSpecification\",\"valueRequired\":true,\"valueName\":\"search_term_string\"}}],\"inLanguage\":\"es\"},{\"@type\":\"Organization\",\"@id\":\"https:\\\/\\\/lospoliticosveracruz.com\\\/#organization\",\"name\":\"Los pol\u00edticos Veracruz\",\"url\":\"https:\\\/\\\/lospoliticosveracruz.com\\\/\",\"logo\":{\"@type\":\"ImageObject\",\"inLanguage\":\"es\",\"@id\":\"https:\\\/\\\/lospoliticosveracruz.com\\\/#\\\/schema\\\/logo\\\/image\\\/\",\"url\":\"https:\\\/\\\/lospoliticosveracruz.com\\\/wp-content\\\/uploads\\\/2025\\\/12\\\/Logo-Nuevo-LOS-POLITICOS-1.jpg\",\"contentUrl\":\"https:\\\/\\\/lospoliticosveracruz.com\\\/wp-content\\\/uploads\\\/2025\\\/12\\\/Logo-Nuevo-LOS-POLITICOS-1.jpg\",\"width\":260,\"height\":70,\"caption\":\"Los pol\u00edticos Veracruz\"},\"image\":{\"@id\":\"https:\\\/\\\/lospoliticosveracruz.com\\\/#\\\/schema\\\/logo\\\/image\\\/\"},\"sameAs\":[\"https:\\\/\\\/www.facebook.com\\\/people\\\/Notimemes-de-los-Polticos\\\/61565672886568\\\/\",\"https:\\\/\\\/x.com\\\/LosPoliticosVer\"]},{\"@type\":\"Person\",\"@id\":\"https:\\\/\\\/lospoliticosveracruz.com\\\/#\\\/schema\\\/person\\\/b8702bb0e538456e6efd07080bf2a4a2\",\"name\":\"Lo viste en Los Pol\u00edticos\",\"image\":{\"@type\":\"ImageObject\",\"inLanguage\":\"es\",\"@id\":\"https:\\\/\\\/secure.gravatar.com\\\/avatar\\\/3a8de04a2656d44082be478bd6c086daa447c4651605818287b9532d3d0bd435?s=96&d=mm&r=g\",\"url\":\"https:\\\/\\\/secure.gravatar.com\\\/avatar\\\/3a8de04a2656d44082be478bd6c086daa447c4651605818287b9532d3d0bd435?s=96&d=mm&r=g\",\"contentUrl\":\"https:\\\/\\\/secure.gravatar.com\\\/avatar\\\/3a8de04a2656d44082be478bd6c086daa447c4651605818287b9532d3d0bd435?s=96&d=mm&r=g\",\"caption\":\"Lo viste en Los Pol\u00edticos\"},\"url\":\"https:\\\/\\\/lospoliticosveracruz.com\\\/?author=2\"}]}<\/script>\n<!-- \/ Yoast SEO plugin. -->","yoast_head_json":{"title":"VACILADA, PRUEBAS CONTRA ROCHA MOYA! - Los pol\u00edticos Veracruz","robots":{"index":"index","follow":"follow","max-snippet":"max-snippet:-1","max-image-preview":"max-image-preview:large","max-video-preview":"max-video-preview:-1"},"canonical":"https:\/\/lospoliticosveracruz.com\/?p=170362","og_locale":"es_ES","og_type":"article","og_title":"VACILADA, PRUEBAS CONTRA ROCHA MOYA! - Los pol\u00edticos Veracruz","og_description":"\u00c1ngeles Gonz\u00e1lez Ceballos El senador de la Rep\u00fablica por Morena, Manuel Huerta Ladr\u00f3n de Guevara, expres\u00f3 que la Fiscal\u00eda General de la Rep\u00fablica (FGR) deber\u00e1 hacer una investigaci\u00f3n a fondo sobre las acusaciones en contra del gobernador de Sinaloa, Rub\u00e9n Rocha Moya, pero opin\u00f3 que una \u00abhojita\u00bb con la lista de nombres y presuntos sobornos [&hellip;]","og_url":"https:\/\/lospoliticosveracruz.com\/?p=170362","og_site_name":"Los pol\u00edticos Veracruz","article_publisher":"https:\/\/www.facebook.com\/people\/Notimemes-de-los-Polticos\/61565672886568\/","article_published_time":"2026-05-01T16:27:32+00:00","article_modified_time":"2026-05-01T16:27:34+00:00","og_image":[{"width":600,"height":320,"url":"https:\/\/lospoliticosveracruz.com\/wp-content\/uploads\/2026\/05\/Manuel-Huerta.jpg","type":"image\/jpeg"}],"author":"Lo viste en Los Pol\u00edticos","twitter_card":"summary_large_image","twitter_creator":"@LosPoliticosVer","twitter_site":"@LosPoliticosVer","twitter_misc":{"Escrito por":"Lo viste en Los Pol\u00edticos","Tiempo de lectura":"4 minutos"},"schema":{"@context":"https:\/\/schema.org","@graph":[{"@type":"Article","@id":"https:\/\/lospoliticosveracruz.com\/?p=170362#article","isPartOf":{"@id":"https:\/\/lospoliticosveracruz.com\/?p=170362"},"author":{"name":"Lo viste en Los Pol\u00edticos","@id":"https:\/\/lospoliticosveracruz.com\/#\/schema\/person\/b8702bb0e538456e6efd07080bf2a4a2"},"headline":"VACILADA, PRUEBAS CONTRA ROCHA MOYA!","datePublished":"2026-05-01T16:27:32+00:00","dateModified":"2026-05-01T16:27:34+00:00","mainEntityOfPage":{"@id":"https:\/\/lospoliticosveracruz.com\/?p=170362"},"wordCount":699,"publisher":{"@id":"https:\/\/lospoliticosveracruz.com\/#organization"},"image":{"@id":"https:\/\/lospoliticosveracruz.com\/?p=170362#primaryimage"},"thumbnailUrl":"https:\/\/lospoliticosveracruz.com\/wp-content\/uploads\/2026\/05\/Manuel-Huerta.jpg","keywords":["Agentes de la CIA en Chihuahua","FGR","Injerencismo de Estados Unidos","Manuel Huerta Ladr\u00f3n de Guevara","Maru Campos","Rub\u00e9n Rocha Moya","Soberan\u00eda Nacional"],"articleSection":["La Nota"],"inLanguage":"es"},{"@type":"WebPage","@id":"https:\/\/lospoliticosveracruz.com\/?p=170362","url":"https:\/\/lospoliticosveracruz.com\/?p=170362","name":"VACILADA, PRUEBAS CONTRA ROCHA MOYA! - Los pol\u00edticos Veracruz","isPartOf":{"@id":"https:\/\/lospoliticosveracruz.com\/#website"},"primaryImageOfPage":{"@id":"https:\/\/lospoliticosveracruz.com\/?p=170362#primaryimage"},"image":{"@id":"https:\/\/lospoliticosveracruz.com\/?p=170362#primaryimage"},"thumbnailUrl":"https:\/\/lospoliticosveracruz.com\/wp-content\/uploads\/2026\/05\/Manuel-Huerta.jpg","datePublished":"2026-05-01T16:27:32+00:00","dateModified":"2026-05-01T16:27:34+00:00","breadcrumb":{"@id":"https:\/\/lospoliticosveracruz.com\/?p=170362#breadcrumb"},"inLanguage":"es","potentialAction":[{"@type":"ReadAction","target":["https:\/\/lospoliticosveracruz.com\/?p=170362"]}]},{"@type":"ImageObject","inLanguage":"es","@id":"https:\/\/lospoliticosveracruz.com\/?p=170362#primaryimage","url":"https:\/\/lospoliticosveracruz.com\/wp-content\/uploads\/2026\/05\/Manuel-Huerta.jpg","contentUrl":"https:\/\/lospoliticosveracruz.com\/wp-content\/uploads\/2026\/05\/Manuel-Huerta.jpg","width":600,"height":320},{"@type":"BreadcrumbList","@id":"https:\/\/lospoliticosveracruz.com\/?p=170362#breadcrumb","itemListElement":[{"@type":"ListItem","position":1,"name":"Portada","item":"https:\/\/lospoliticosveracruz.com\/"},{"@type":"ListItem","position":2,"name":"VACILADA, PRUEBAS CONTRA ROCHA MOYA!"}]},{"@type":"WebSite","@id":"https:\/\/lospoliticosveracruz.com\/#website","url":"https:\/\/lospoliticosveracruz.com\/","name":"Los pol\u00edticos Veracruz","description":"","publisher":{"@id":"https:\/\/lospoliticosveracruz.com\/#organization"},"potentialAction":[{"@type":"SearchAction","target":{"@type":"EntryPoint","urlTemplate":"https:\/\/lospoliticosveracruz.com\/?s={search_term_string}"},"query-input":{"@type":"PropertyValueSpecification","valueRequired":true,"valueName":"search_term_string"}}],"inLanguage":"es"},{"@type":"Organization","@id":"https:\/\/lospoliticosveracruz.com\/#organization","name":"Los pol\u00edticos Veracruz","url":"https:\/\/lospoliticosveracruz.com\/","logo":{"@type":"ImageObject","inLanguage":"es","@id":"https:\/\/lospoliticosveracruz.com\/#\/schema\/logo\/image\/","url":"https:\/\/lospoliticosveracruz.com\/wp-content\/uploads\/2025\/12\/Logo-Nuevo-LOS-POLITICOS-1.jpg","contentUrl":"https:\/\/lospoliticosveracruz.com\/wp-content\/uploads\/2025\/12\/Logo-Nuevo-LOS-POLITICOS-1.jpg","width":260,"height":70,"caption":"Los pol\u00edticos Veracruz"},"image":{"@id":"https:\/\/lospoliticosveracruz.com\/#\/schema\/logo\/image\/"},"sameAs":["https:\/\/www.facebook.com\/people\/Notimemes-de-los-Polticos\/61565672886568\/","https:\/\/x.com\/LosPoliticosVer"]},{"@type":"Person","@id":"https:\/\/lospoliticosveracruz.com\/#\/schema\/person\/b8702bb0e538456e6efd07080bf2a4a2","name":"Lo viste en Los Pol\u00edticos","image":{"@type":"ImageObject","inLanguage":"es","@id":"https:\/\/secure.gravatar.com\/avatar\/3a8de04a2656d44082be478bd6c086daa447c4651605818287b9532d3d0bd435?s=96&d=mm&r=g","url":"https:\/\/secure.gravatar.com\/avatar\/3a8de04a2656d44082be478bd6c086daa447c4651605818287b9532d3d0bd435?s=96&d=mm&r=g","contentUrl":"https:\/\/secure.gravatar.com\/avatar\/3a8de04a2656d44082be478bd6c086daa447c4651605818287b9532d3d0bd435?s=96&d=mm&r=g","caption":"Lo viste en Los Pol\u00edticos"},"url":"https:\/\/lospoliticosveracruz.com\/?author=2"}]}},"_links":{"self":[{"href":"https:\/\/lospoliticosveracruz.com\/index.php?rest_route=\/wp\/v2\/posts\/170362","targetHints":{"allow":["GET"]}}],"collection":[{"href":"https:\/\/lospoliticosveracruz.com\/index.php?rest_route=\/wp\/v2\/posts"}],"about":[{"href":"https:\/\/lospoliticosveracruz.com\/index.php?rest_route=\/wp\/v2\/types\/post"}],"author":[{"embeddable":true,"href":"https:\/\/lospoliticosveracruz.com\/index.php?rest_route=\/wp\/v2\/users\/2"}],"replies":[{"embeddable":true,"href":"https:\/\/lospoliticosveracruz.com\/index.php?rest_route=%2Fwp%2Fv2%2Fcomments&post=170362"}],"version-history":[{"count":1,"href":"https:\/\/lospoliticosveracruz.com\/index.php?rest_route=\/wp\/v2\/posts\/170362\/revisions"}],"predecessor-version":[{"id":170364,"href":"https:\/\/lospoliticosveracruz.com\/index.php?rest_route=\/wp\/v2\/posts\/170362\/revisions\/170364"}],"wp:featuredmedia":[{"embeddable":true,"href":"https:\/\/lospoliticosveracruz.com\/index.php?rest_route=\/wp\/v2\/media\/170363"}],"wp:attachment":[{"href":"https:\/\/lospoliticosveracruz.com\/index.php?rest_route=%2Fwp%2Fv2%2Fmedia&parent=170362"}],"wp:term":[{"taxonomy":"category","embeddable":true,"href":"https:\/\/lospoliticosveracruz.com\/index.php?rest_route=%2Fwp%2Fv2%2Fcategories&post=170362"},{"taxonomy":"post_tag","embeddable":true,"href":"https:\/\/lospoliticosveracruz.com\/index.php?rest_route=%2Fwp%2Fv2%2Ftags&post=170362"}],"curies":[{"name":"wp","href":"https:\/\/api.w.org\/{rel}","templated":true}]}}