{"id":170375,"date":"2026-05-01T11:59:51","date_gmt":"2026-05-01T17:59:51","guid":{"rendered":"https:\/\/lospoliticosveracruz.com\/?p=170375"},"modified":"2026-05-01T11:59:54","modified_gmt":"2026-05-01T17:59:54","slug":"se-la-sentencia-yeya-a-marlon-botas","status":"publish","type":"post","link":"https:\/\/lospoliticosveracruz.com\/?p=170375","title":{"rendered":"SE LA SENTENCIA YEYA A MARLON BOTAS!"},"content":{"rendered":"\n<p><strong>Angeles Gonz\u00e1lez Ceballos<\/strong><\/p>\n\n\n\n<p>Luego de que se iniciara el juicio en contra de Marlon Botas, por el feminicidio de quien fuera su pareja, Montserrat Bendimes Rold\u00e1n, la fiscal general del Estado, Lisbeth Aurelia Jim\u00e9nez Aguirre, expres\u00f3 que ser\u00e1 un juicio largo.<\/p>\n\n\n\n<p>En entrevista, la Fiscal revel\u00f3 que hay \u00a8much\u00edsimos\u00a8 testigos que desahogar, por lo que ser\u00e1n varias audiencias de este crimen ocurrido en abril del 2021 y que deriv\u00f3 en la creaci\u00f3n de la llamada Ley Montse, debido a que los padres del presunto feminicida, lo apoyaron para escapar.<\/p>\n\n\n\n<p>\u00a8Es un juicio que ser\u00e1 muy largo, todav\u00eda va a tardar\u00a8, expres\u00f3 y pidi\u00f3 esperar a que se llegue a un buen fin, toda vez que se trata de un feminicidio, pero confi\u00f3 en que Marlon Botas ser\u00e1 condenado.<\/p>\n\n\n\n<p>Jim\u00e9nez Aguirre resalt\u00f3 que apenas este jueves inici\u00f3 la etapa de juicio, pero debido a que hay muchos testigos y muchas periciales, por lo que \u00a8va para largo\u00a8.<\/p>\n\n\n\n<p>En otro tema, respecto del grupo delictivo llamado \u00a8Grupo Sombra\u00a8 y otros que integran diversas c\u00e9lulas delictivas, la Fiscal manifest\u00f3 que para poder hablar al respecto ser\u00eda necesario preguntarle de casos espec\u00edficos porque se han hecho detenciones en Tuxpan, Coatzacoalcos y otros municipios.&nbsp;<\/p>\n\n\n\n<p>Rechaz\u00f3 que los cateos que se han estado haciendo son equivocados, en domicilios que no tienen nada que ver con actividades il\u00edcitas y explic\u00f3 que se trata de cateos positivos o cateos negativos.<\/p>\n\n\n\n<p>\u00a8Los cateos han sido muy positivos porque se han desarticulado c\u00e9lulas tanto de Gente Nueva como de Grupo Sombra, C\u00e1rtel Jalisco. Creo que ah\u00ed hay un planteamiento incorrecto, no hay cateos equivocados, cuando se va a un cateo, se tiene el domicilio muy preciso, se llega al domicilio y se hace el cateo. Hay cateos positivos y cateos negativos.<\/p>\n\n\n\n<p>Nosotros tenemos una serie de indicios de que se est\u00e1n realizando actividades il\u00edcitas, se llega, a lo mejor no hay, por ejemplo, una detenci\u00f3n en flagrancia, no se encuentra droga, no se encuentra a alguien que est\u00e9 haciendo una actividad il\u00edcita, pero el domicilio est\u00e1 muy bien ubicado\u00a8, recalc\u00f3.<\/p>\n\n\n\n<p>Jim\u00e9nez Aguirre manifest\u00f3 que los cateos les permiten hacer detenciones en flagrancia, ejecutar \u00f3rdenes de aprehensi\u00f3n contra presuntos delincuentes que tienen \u00f3rdenes de aprehensi\u00f3n por homicidio, por narcomenudeo, adem\u00e1s de que los cateos les permiten encontrar drogas y prevenir diversos delitos como la extorsi\u00f3n telef\u00f3nica, entre otros.<\/p>\n\n\n\n<p>\u00a8A estas personas que se les detiene se les han encontrado tel\u00e9fonos celulares, equipos donde ya hay amenazas claras entre grupos, entre c\u00e9lulas, entre estos mismos sujetos que se amenazan.&nbsp;&nbsp;ha pasado que se hacen cateos en domicilios, se encuentran a sujetos que traen amenazas\u2026muchas veces se han prevenido homicidios, la verdad es que son positivos y se pueden ver en la p\u00e1gina de la Fiscal\u00eda estos resultados\u00a8, asever\u00f3.<\/p>\n","protected":false},"excerpt":{"rendered":"<p>Angeles Gonz\u00e1lez Ceballos Luego de que se iniciara el juicio en contra de Marlon Botas, por el feminicidio de quien fuera su pareja, Montserrat Bendimes Rold\u00e1n, la fiscal general del Estado, Lisbeth Aurelia Jim\u00e9nez Aguirre, expres\u00f3 que ser\u00e1 un juicio largo. En entrevista, la Fiscal revel\u00f3 que hay \u00a8much\u00edsimos\u00a8 testigos que desahogar, por lo que [&hellip;]<\/p>\n","protected":false},"author":2,"featured_media":170376,"comment_status":"closed","ping_status":"closed","sticky":false,"template":"","format":"standard","meta":{"tdm_status":"","tdm_grid_status":"","footnotes":""},"categories":[48940],"tags":[62916,24159,33171,36463,30464,33169],"class_list":{"0":"post-170375","1":"post","2":"type-post","3":"status-publish","4":"format-standard","5":"has-post-thumbnail","7":"category-la-ley-y-el-orden","8":"tag-feminicidio-de-montserrat-bendimes","9":"tag-fiscalia-general-del-estado-de-veracruz","10":"tag-ley-montse","11":"tag-lisbeth-aurelia-jimenez-aguirre","12":"tag-marlon-botas","13":"tag-montserrat-bendimes-roldan-2"},"yoast_head":"<!-- This site is optimized with the Yoast SEO plugin v27.4 - https:\/\/yoast.com\/product\/yoast-seo-wordpress\/ -->\n<title>SE LA SENTENCIA YEYA A MARLON BOTAS! - Los pol\u00edticos Veracruz<\/title>\n<meta name=\"robots\" content=\"index, follow, max-snippet:-1, max-image-preview:large, max-video-preview:-1\" \/>\n<link rel=\"canonical\" href=\"https:\/\/lospoliticosveracruz.com\/?p=170375\" \/>\n<meta property=\"og:locale\" content=\"es_ES\" \/>\n<meta property=\"og:type\" content=\"article\" \/>\n<meta property=\"og:title\" content=\"SE LA SENTENCIA YEYA A MARLON BOTAS! - Los pol\u00edticos Veracruz\" \/>\n<meta property=\"og:description\" content=\"Angeles Gonz\u00e1lez Ceballos Luego de que se iniciara el juicio en contra de Marlon Botas, por el feminicidio de quien fuera su pareja, Montserrat Bendimes Rold\u00e1n, la fiscal general del Estado, Lisbeth Aurelia Jim\u00e9nez Aguirre, expres\u00f3 que ser\u00e1 un juicio largo. En entrevista, la Fiscal revel\u00f3 que hay \u00a8much\u00edsimos\u00a8 testigos que desahogar, por lo que [&hellip;]\" \/>\n<meta property=\"og:url\" content=\"https:\/\/lospoliticosveracruz.com\/?p=170375\" \/>\n<meta property=\"og:site_name\" content=\"Los pol\u00edticos Veracruz\" \/>\n<meta property=\"article:publisher\" content=\"https:\/\/www.facebook.com\/people\/Notimemes-de-los-Polticos\/61565672886568\/\" \/>\n<meta property=\"article:published_time\" content=\"2026-05-01T17:59:51+00:00\" \/>\n<meta property=\"article:modified_time\" content=\"2026-05-01T17:59:54+00:00\" \/>\n<meta property=\"og:image\" content=\"https:\/\/lospoliticosveracruz.com\/wp-content\/uploads\/2026\/05\/IMG_5638.jpeg\" \/>\n\t<meta property=\"og:image:width\" content=\"600\" \/>\n\t<meta property=\"og:image:height\" content=\"320\" \/>\n\t<meta property=\"og:image:type\" content=\"image\/jpeg\" \/>\n<meta name=\"author\" content=\"Lo viste en Los Pol\u00edticos\" \/>\n<meta name=\"twitter:card\" content=\"summary_large_image\" \/>\n<meta name=\"twitter:creator\" content=\"@LosPoliticosVer\" \/>\n<meta name=\"twitter:site\" content=\"@LosPoliticosVer\" \/>\n<meta name=\"twitter:label1\" content=\"Escrito por\" \/>\n\t<meta name=\"twitter:data1\" content=\"Lo viste en Los Pol\u00edticos\" \/>\n\t<meta name=\"twitter:label2\" content=\"Tiempo de lectura\" \/>\n\t<meta name=\"twitter:data2\" content=\"3 minutos\" \/>\n<script type=\"application\/ld+json\" class=\"yoast-schema-graph\">{\"@context\":\"https:\\\/\\\/schema.org\",\"@graph\":[{\"@type\":\"Article\",\"@id\":\"https:\\\/\\\/lospoliticosveracruz.com\\\/?p=170375#article\",\"isPartOf\":{\"@id\":\"https:\\\/\\\/lospoliticosveracruz.com\\\/?p=170375\"},\"author\":{\"name\":\"Lo viste en Los Pol\u00edticos\",\"@id\":\"https:\\\/\\\/lospoliticosveracruz.com\\\/#\\\/schema\\\/person\\\/b8702bb0e538456e6efd07080bf2a4a2\"},\"headline\":\"SE LA SENTENCIA YEYA A MARLON BOTAS!\",\"datePublished\":\"2026-05-01T17:59:51+00:00\",\"dateModified\":\"2026-05-01T17:59:54+00:00\",\"mainEntityOfPage\":{\"@id\":\"https:\\\/\\\/lospoliticosveracruz.com\\\/?p=170375\"},\"wordCount\":494,\"publisher\":{\"@id\":\"https:\\\/\\\/lospoliticosveracruz.com\\\/#organization\"},\"image\":{\"@id\":\"https:\\\/\\\/lospoliticosveracruz.com\\\/?p=170375#primaryimage\"},\"thumbnailUrl\":\"https:\\\/\\\/lospoliticosveracruz.com\\\/wp-content\\\/uploads\\\/2026\\\/05\\\/IMG_5638.jpeg\",\"keywords\":[\"Feminicidio de Montserrat Bendimes\",\"Fiscal\u00eda General del Estado de Veracruz\",\"Ley Montse\",\"Lisbeth Aurelia Jim\u00e9nez Aguirre\",\"Marlon Botas\",\"Montserrat Bendimes Rold\u00e1n\"],\"articleSection\":[\"La Ley y el Orden\"],\"inLanguage\":\"es\"},{\"@type\":\"WebPage\",\"@id\":\"https:\\\/\\\/lospoliticosveracruz.com\\\/?p=170375\",\"url\":\"https:\\\/\\\/lospoliticosveracruz.com\\\/?p=170375\",\"name\":\"SE LA SENTENCIA YEYA A MARLON BOTAS! - Los pol\u00edticos Veracruz\",\"isPartOf\":{\"@id\":\"https:\\\/\\\/lospoliticosveracruz.com\\\/#website\"},\"primaryImageOfPage\":{\"@id\":\"https:\\\/\\\/lospoliticosveracruz.com\\\/?p=170375#primaryimage\"},\"image\":{\"@id\":\"https:\\\/\\\/lospoliticosveracruz.com\\\/?p=170375#primaryimage\"},\"thumbnailUrl\":\"https:\\\/\\\/lospoliticosveracruz.com\\\/wp-content\\\/uploads\\\/2026\\\/05\\\/IMG_5638.jpeg\",\"datePublished\":\"2026-05-01T17:59:51+00:00\",\"dateModified\":\"2026-05-01T17:59:54+00:00\",\"breadcrumb\":{\"@id\":\"https:\\\/\\\/lospoliticosveracruz.com\\\/?p=170375#breadcrumb\"},\"inLanguage\":\"es\",\"potentialAction\":[{\"@type\":\"ReadAction\",\"target\":[\"https:\\\/\\\/lospoliticosveracruz.com\\\/?p=170375\"]}]},{\"@type\":\"ImageObject\",\"inLanguage\":\"es\",\"@id\":\"https:\\\/\\\/lospoliticosveracruz.com\\\/?p=170375#primaryimage\",\"url\":\"https:\\\/\\\/lospoliticosveracruz.com\\\/wp-content\\\/uploads\\\/2026\\\/05\\\/IMG_5638.jpeg\",\"contentUrl\":\"https:\\\/\\\/lospoliticosveracruz.com\\\/wp-content\\\/uploads\\\/2026\\\/05\\\/IMG_5638.jpeg\",\"width\":600,\"height\":320},{\"@type\":\"BreadcrumbList\",\"@id\":\"https:\\\/\\\/lospoliticosveracruz.com\\\/?p=170375#breadcrumb\",\"itemListElement\":[{\"@type\":\"ListItem\",\"position\":1,\"name\":\"Portada\",\"item\":\"https:\\\/\\\/lospoliticosveracruz.com\\\/\"},{\"@type\":\"ListItem\",\"position\":2,\"name\":\"SE LA SENTENCIA YEYA A MARLON BOTAS!\"}]},{\"@type\":\"WebSite\",\"@id\":\"https:\\\/\\\/lospoliticosveracruz.com\\\/#website\",\"url\":\"https:\\\/\\\/lospoliticosveracruz.com\\\/\",\"name\":\"Los pol\u00edticos Veracruz\",\"description\":\"\",\"publisher\":{\"@id\":\"https:\\\/\\\/lospoliticosveracruz.com\\\/#organization\"},\"potentialAction\":[{\"@type\":\"SearchAction\",\"target\":{\"@type\":\"EntryPoint\",\"urlTemplate\":\"https:\\\/\\\/lospoliticosveracruz.com\\\/?s={search_term_string}\"},\"query-input\":{\"@type\":\"PropertyValueSpecification\",\"valueRequired\":true,\"valueName\":\"search_term_string\"}}],\"inLanguage\":\"es\"},{\"@type\":\"Organization\",\"@id\":\"https:\\\/\\\/lospoliticosveracruz.com\\\/#organization\",\"name\":\"Los pol\u00edticos Veracruz\",\"url\":\"https:\\\/\\\/lospoliticosveracruz.com\\\/\",\"logo\":{\"@type\":\"ImageObject\",\"inLanguage\":\"es\",\"@id\":\"https:\\\/\\\/lospoliticosveracruz.com\\\/#\\\/schema\\\/logo\\\/image\\\/\",\"url\":\"https:\\\/\\\/lospoliticosveracruz.com\\\/wp-content\\\/uploads\\\/2025\\\/12\\\/Logo-Nuevo-LOS-POLITICOS-1.jpg\",\"contentUrl\":\"https:\\\/\\\/lospoliticosveracruz.com\\\/wp-content\\\/uploads\\\/2025\\\/12\\\/Logo-Nuevo-LOS-POLITICOS-1.jpg\",\"width\":260,\"height\":70,\"caption\":\"Los pol\u00edticos Veracruz\"},\"image\":{\"@id\":\"https:\\\/\\\/lospoliticosveracruz.com\\\/#\\\/schema\\\/logo\\\/image\\\/\"},\"sameAs\":[\"https:\\\/\\\/www.facebook.com\\\/people\\\/Notimemes-de-los-Polticos\\\/61565672886568\\\/\",\"https:\\\/\\\/x.com\\\/LosPoliticosVer\"]},{\"@type\":\"Person\",\"@id\":\"https:\\\/\\\/lospoliticosveracruz.com\\\/#\\\/schema\\\/person\\\/b8702bb0e538456e6efd07080bf2a4a2\",\"name\":\"Lo viste en Los Pol\u00edticos\",\"image\":{\"@type\":\"ImageObject\",\"inLanguage\":\"es\",\"@id\":\"https:\\\/\\\/secure.gravatar.com\\\/avatar\\\/3a8de04a2656d44082be478bd6c086daa447c4651605818287b9532d3d0bd435?s=96&d=mm&r=g\",\"url\":\"https:\\\/\\\/secure.gravatar.com\\\/avatar\\\/3a8de04a2656d44082be478bd6c086daa447c4651605818287b9532d3d0bd435?s=96&d=mm&r=g\",\"contentUrl\":\"https:\\\/\\\/secure.gravatar.com\\\/avatar\\\/3a8de04a2656d44082be478bd6c086daa447c4651605818287b9532d3d0bd435?s=96&d=mm&r=g\",\"caption\":\"Lo viste en Los Pol\u00edticos\"},\"url\":\"https:\\\/\\\/lospoliticosveracruz.com\\\/?author=2\"}]}<\/script>\n<!-- \/ Yoast SEO plugin. -->","yoast_head_json":{"title":"SE LA SENTENCIA YEYA A MARLON BOTAS! - Los pol\u00edticos Veracruz","robots":{"index":"index","follow":"follow","max-snippet":"max-snippet:-1","max-image-preview":"max-image-preview:large","max-video-preview":"max-video-preview:-1"},"canonical":"https:\/\/lospoliticosveracruz.com\/?p=170375","og_locale":"es_ES","og_type":"article","og_title":"SE LA SENTENCIA YEYA A MARLON BOTAS! - Los pol\u00edticos Veracruz","og_description":"Angeles Gonz\u00e1lez Ceballos Luego de que se iniciara el juicio en contra de Marlon Botas, por el feminicidio de quien fuera su pareja, Montserrat Bendimes Rold\u00e1n, la fiscal general del Estado, Lisbeth Aurelia Jim\u00e9nez Aguirre, expres\u00f3 que ser\u00e1 un juicio largo. En entrevista, la Fiscal revel\u00f3 que hay \u00a8much\u00edsimos\u00a8 testigos que desahogar, por lo que [&hellip;]","og_url":"https:\/\/lospoliticosveracruz.com\/?p=170375","og_site_name":"Los pol\u00edticos Veracruz","article_publisher":"https:\/\/www.facebook.com\/people\/Notimemes-de-los-Polticos\/61565672886568\/","article_published_time":"2026-05-01T17:59:51+00:00","article_modified_time":"2026-05-01T17:59:54+00:00","og_image":[{"width":600,"height":320,"url":"https:\/\/lospoliticosveracruz.com\/wp-content\/uploads\/2026\/05\/IMG_5638.jpeg","type":"image\/jpeg"}],"author":"Lo viste en Los Pol\u00edticos","twitter_card":"summary_large_image","twitter_creator":"@LosPoliticosVer","twitter_site":"@LosPoliticosVer","twitter_misc":{"Escrito por":"Lo viste en Los Pol\u00edticos","Tiempo de lectura":"3 minutos"},"schema":{"@context":"https:\/\/schema.org","@graph":[{"@type":"Article","@id":"https:\/\/lospoliticosveracruz.com\/?p=170375#article","isPartOf":{"@id":"https:\/\/lospoliticosveracruz.com\/?p=170375"},"author":{"name":"Lo viste en Los Pol\u00edticos","@id":"https:\/\/lospoliticosveracruz.com\/#\/schema\/person\/b8702bb0e538456e6efd07080bf2a4a2"},"headline":"SE LA SENTENCIA YEYA A MARLON BOTAS!","datePublished":"2026-05-01T17:59:51+00:00","dateModified":"2026-05-01T17:59:54+00:00","mainEntityOfPage":{"@id":"https:\/\/lospoliticosveracruz.com\/?p=170375"},"wordCount":494,"publisher":{"@id":"https:\/\/lospoliticosveracruz.com\/#organization"},"image":{"@id":"https:\/\/lospoliticosveracruz.com\/?p=170375#primaryimage"},"thumbnailUrl":"https:\/\/lospoliticosveracruz.com\/wp-content\/uploads\/2026\/05\/IMG_5638.jpeg","keywords":["Feminicidio de Montserrat Bendimes","Fiscal\u00eda General del Estado de Veracruz","Ley Montse","Lisbeth Aurelia Jim\u00e9nez Aguirre","Marlon Botas","Montserrat Bendimes Rold\u00e1n"],"articleSection":["La Ley y el Orden"],"inLanguage":"es"},{"@type":"WebPage","@id":"https:\/\/lospoliticosveracruz.com\/?p=170375","url":"https:\/\/lospoliticosveracruz.com\/?p=170375","name":"SE LA SENTENCIA YEYA A MARLON BOTAS! - Los pol\u00edticos Veracruz","isPartOf":{"@id":"https:\/\/lospoliticosveracruz.com\/#website"},"primaryImageOfPage":{"@id":"https:\/\/lospoliticosveracruz.com\/?p=170375#primaryimage"},"image":{"@id":"https:\/\/lospoliticosveracruz.com\/?p=170375#primaryimage"},"thumbnailUrl":"https:\/\/lospoliticosveracruz.com\/wp-content\/uploads\/2026\/05\/IMG_5638.jpeg","datePublished":"2026-05-01T17:59:51+00:00","dateModified":"2026-05-01T17:59:54+00:00","breadcrumb":{"@id":"https:\/\/lospoliticosveracruz.com\/?p=170375#breadcrumb"},"inLanguage":"es","potentialAction":[{"@type":"ReadAction","target":["https:\/\/lospoliticosveracruz.com\/?p=170375"]}]},{"@type":"ImageObject","inLanguage":"es","@id":"https:\/\/lospoliticosveracruz.com\/?p=170375#primaryimage","url":"https:\/\/lospoliticosveracruz.com\/wp-content\/uploads\/2026\/05\/IMG_5638.jpeg","contentUrl":"https:\/\/lospoliticosveracruz.com\/wp-content\/uploads\/2026\/05\/IMG_5638.jpeg","width":600,"height":320},{"@type":"BreadcrumbList","@id":"https:\/\/lospoliticosveracruz.com\/?p=170375#breadcrumb","itemListElement":[{"@type":"ListItem","position":1,"name":"Portada","item":"https:\/\/lospoliticosveracruz.com\/"},{"@type":"ListItem","position":2,"name":"SE LA SENTENCIA YEYA A MARLON BOTAS!"}]},{"@type":"WebSite","@id":"https:\/\/lospoliticosveracruz.com\/#website","url":"https:\/\/lospoliticosveracruz.com\/","name":"Los pol\u00edticos Veracruz","description":"","publisher":{"@id":"https:\/\/lospoliticosveracruz.com\/#organization"},"potentialAction":[{"@type":"SearchAction","target":{"@type":"EntryPoint","urlTemplate":"https:\/\/lospoliticosveracruz.com\/?s={search_term_string}"},"query-input":{"@type":"PropertyValueSpecification","valueRequired":true,"valueName":"search_term_string"}}],"inLanguage":"es"},{"@type":"Organization","@id":"https:\/\/lospoliticosveracruz.com\/#organization","name":"Los pol\u00edticos Veracruz","url":"https:\/\/lospoliticosveracruz.com\/","logo":{"@type":"ImageObject","inLanguage":"es","@id":"https:\/\/lospoliticosveracruz.com\/#\/schema\/logo\/image\/","url":"https:\/\/lospoliticosveracruz.com\/wp-content\/uploads\/2025\/12\/Logo-Nuevo-LOS-POLITICOS-1.jpg","contentUrl":"https:\/\/lospoliticosveracruz.com\/wp-content\/uploads\/2025\/12\/Logo-Nuevo-LOS-POLITICOS-1.jpg","width":260,"height":70,"caption":"Los pol\u00edticos Veracruz"},"image":{"@id":"https:\/\/lospoliticosveracruz.com\/#\/schema\/logo\/image\/"},"sameAs":["https:\/\/www.facebook.com\/people\/Notimemes-de-los-Polticos\/61565672886568\/","https:\/\/x.com\/LosPoliticosVer"]},{"@type":"Person","@id":"https:\/\/lospoliticosveracruz.com\/#\/schema\/person\/b8702bb0e538456e6efd07080bf2a4a2","name":"Lo viste en Los Pol\u00edticos","image":{"@type":"ImageObject","inLanguage":"es","@id":"https:\/\/secure.gravatar.com\/avatar\/3a8de04a2656d44082be478bd6c086daa447c4651605818287b9532d3d0bd435?s=96&d=mm&r=g","url":"https:\/\/secure.gravatar.com\/avatar\/3a8de04a2656d44082be478bd6c086daa447c4651605818287b9532d3d0bd435?s=96&d=mm&r=g","contentUrl":"https:\/\/secure.gravatar.com\/avatar\/3a8de04a2656d44082be478bd6c086daa447c4651605818287b9532d3d0bd435?s=96&d=mm&r=g","caption":"Lo viste en Los Pol\u00edticos"},"url":"https:\/\/lospoliticosveracruz.com\/?author=2"}]}},"_links":{"self":[{"href":"https:\/\/lospoliticosveracruz.com\/index.php?rest_route=\/wp\/v2\/posts\/170375","targetHints":{"allow":["GET"]}}],"collection":[{"href":"https:\/\/lospoliticosveracruz.com\/index.php?rest_route=\/wp\/v2\/posts"}],"about":[{"href":"https:\/\/lospoliticosveracruz.com\/index.php?rest_route=\/wp\/v2\/types\/post"}],"author":[{"embeddable":true,"href":"https:\/\/lospoliticosveracruz.com\/index.php?rest_route=\/wp\/v2\/users\/2"}],"replies":[{"embeddable":true,"href":"https:\/\/lospoliticosveracruz.com\/index.php?rest_route=%2Fwp%2Fv2%2Fcomments&post=170375"}],"version-history":[{"count":2,"href":"https:\/\/lospoliticosveracruz.com\/index.php?rest_route=\/wp\/v2\/posts\/170375\/revisions"}],"predecessor-version":[{"id":170378,"href":"https:\/\/lospoliticosveracruz.com\/index.php?rest_route=\/wp\/v2\/posts\/170375\/revisions\/170378"}],"wp:featuredmedia":[{"embeddable":true,"href":"https:\/\/lospoliticosveracruz.com\/index.php?rest_route=\/wp\/v2\/media\/170376"}],"wp:attachment":[{"href":"https:\/\/lospoliticosveracruz.com\/index.php?rest_route=%2Fwp%2Fv2%2Fmedia&parent=170375"}],"wp:term":[{"taxonomy":"category","embeddable":true,"href":"https:\/\/lospoliticosveracruz.com\/index.php?rest_route=%2Fwp%2Fv2%2Fcategories&post=170375"},{"taxonomy":"post_tag","embeddable":true,"href":"https:\/\/lospoliticosveracruz.com\/index.php?rest_route=%2Fwp%2Fv2%2Ftags&post=170375"}],"curies":[{"name":"wp","href":"https:\/\/api.w.org\/{rel}","templated":true}]}}