{"id":170379,"date":"2026-05-01T12:06:07","date_gmt":"2026-05-01T18:06:07","guid":{"rendered":"https:\/\/lospoliticosveracruz.com\/?p=170379"},"modified":"2026-05-01T12:06:08","modified_gmt":"2026-05-01T18:06:08","slug":"de-pelicula-festejo-a-boquenitos","status":"publish","type":"post","link":"https:\/\/lospoliticosveracruz.com\/?p=170379","title":{"rendered":"DE PEL\u00cdCULA, FESTEJO A BOQUE\u00d1ITOS!"},"content":{"rendered":"\n<p>Con gran entusiasmo y una destacada participaci\u00f3n familiar, el DIF Municipal de Boca del R\u00edo llev\u00f3 a cabo los festejos del D\u00eda del Ni\u00f1o con el \u201cMegacine para peques\u201d, una iniciativa que recorri\u00f3 distintas colonias del municipio y que este d\u00eda culmin\u00f3 en Plaza Banderas.<\/p>\n\n\n\n<p>Durante tres d\u00edas consecutivos, el Megacine para peques visit\u00f3 la colonia TAMSA, Las Vegas II y cerr\u00f3 con \u00e9xito en este emblem\u00e1tico espacio p\u00fablico, acercando momentos de alegr\u00eda, convivencia y entretenimiento a cerca de mil ni\u00f1as y ni\u00f1os boque\u00f1os.<\/p>\n\n\n\n<p>Los asistentes disfrutaron de funciones de cine al aire libre, as\u00ed como de jugos, palomitas, chicharrones, esquites, nieves y juguetes, generando un ambiente festivo y familiar.<\/p>\n\n\n\n<p>La presidenta del DIF Municipal, Mar\u00eda Paula Hakim Gamboa, destac\u00f3 que este tipo de actividades tienen como principal objetivo garantizar espacios de esparcimiento para la ni\u00f1ez.<\/p>\n\n\n\n<p>\u201cHoy cerramos con mucha alegr\u00eda nuestro Megacine para peques, un espacio que durante estos d\u00edas llen\u00f3 de sonrisas, diversi\u00f3n y momentos inolvidables a muchas familias de Boca del R\u00edo. Me da mucho gusto verlos disfrutar, compartir y re\u00edr, porque eso es lo que queremos para ustedes: infancias felices, seguras y llenas de amor\u201d, dijo.<\/p>\n\n\n\n<p>En este contexto, reconoci\u00f3 el respaldo y compromiso de la alcaldesa, Maryjos\u00e9 Gamboa, quien ha impulsado acciones enfocadas en el bienestar de las ni\u00f1as y los ni\u00f1os.&nbsp;<\/p>\n\n\n\n<p>\u00abPor primera vez decidimos festejar el D\u00eda del ni\u00f1o 3 d\u00edas, es que es muy dif\u00edcil llevar esto a varios lugares, les acercamos los festejos primero en casas Tamsa, despu\u00e9s en las Vegas y ahora aqu\u00ed en plaza Banderas que qued\u00f3 muy bonita, todo especialmente dise\u00f1ado para ustedes\u00bb, dijo la alcaldesa.&nbsp;<\/p>\n\n\n\n<p>El DIF Municipal reiter\u00f3 su compromiso de continuar generando acciones que contribuyan al desarrollo integral de la ni\u00f1ez, fortaleciendo valores, promoviendo la convivencia familiar y llevando alegr\u00eda a cada rinc\u00f3n de Boca del R\u00edo.<\/p>\n\n\n\n<p>Con este cierre en Plaza Banderas, el Megacine para peques concluye dejando sonrisas, recuerdos inolvidables y el firme prop\u00f3sito de seguir construyendo una infancia feliz para todas y todos.<\/p>\n","protected":false},"excerpt":{"rendered":"<p>Con gran entusiasmo y una destacada participaci\u00f3n familiar, el DIF Municipal de Boca del R\u00edo llev\u00f3 a cabo los festejos del D\u00eda del Ni\u00f1o con el \u201cMegacine para peques\u201d, una iniciativa que recorri\u00f3 distintas colonias del municipio y que este d\u00eda culmin\u00f3 en Plaza Banderas. Durante tres d\u00edas consecutivos, el Megacine para peques visit\u00f3 la [&hellip;]<\/p>\n","protected":false},"author":2,"featured_media":170380,"comment_status":"closed","ping_status":"closed","sticky":false,"template":"","format":"standard","meta":{"tdm_status":"","tdm_grid_status":"","footnotes":""},"categories":[73],"tags":[601,62919,34236,49055,31756,62918],"class_list":{"0":"post-170379","1":"post","2":"type-post","3":"status-publish","4":"format-standard","5":"has-post-thumbnail","7":"category-de-boleto","8":"tag-boca-del-rio","9":"tag-dia-del-nino-en-boca-del-rio","10":"tag-dif-municipal-de-boca-del-rio","11":"tag-maria-paula-hakim-gamboa","12":"tag-maryjose-gamboa-2","13":"tag-megacine-para-peques"},"yoast_head":"<!-- This site is optimized with the Yoast SEO plugin v27.4 - https:\/\/yoast.com\/product\/yoast-seo-wordpress\/ -->\n<title>DE PEL\u00cdCULA, FESTEJO A BOQUE\u00d1ITOS! - Los pol\u00edticos Veracruz<\/title>\n<meta name=\"robots\" content=\"index, follow, max-snippet:-1, max-image-preview:large, max-video-preview:-1\" \/>\n<link rel=\"canonical\" href=\"https:\/\/lospoliticosveracruz.com\/?p=170379\" \/>\n<meta property=\"og:locale\" content=\"es_ES\" \/>\n<meta property=\"og:type\" content=\"article\" \/>\n<meta property=\"og:title\" content=\"DE PEL\u00cdCULA, FESTEJO A BOQUE\u00d1ITOS! - Los pol\u00edticos Veracruz\" \/>\n<meta property=\"og:description\" content=\"Con gran entusiasmo y una destacada participaci\u00f3n familiar, el DIF Municipal de Boca del R\u00edo llev\u00f3 a cabo los festejos del D\u00eda del Ni\u00f1o con el \u201cMegacine para peques\u201d, una iniciativa que recorri\u00f3 distintas colonias del municipio y que este d\u00eda culmin\u00f3 en Plaza Banderas. Durante tres d\u00edas consecutivos, el Megacine para peques visit\u00f3 la [&hellip;]\" \/>\n<meta property=\"og:url\" content=\"https:\/\/lospoliticosveracruz.com\/?p=170379\" \/>\n<meta property=\"og:site_name\" content=\"Los pol\u00edticos Veracruz\" \/>\n<meta property=\"article:publisher\" content=\"https:\/\/www.facebook.com\/people\/Notimemes-de-los-Polticos\/61565672886568\/\" \/>\n<meta property=\"article:published_time\" content=\"2026-05-01T18:06:07+00:00\" \/>\n<meta property=\"article:modified_time\" content=\"2026-05-01T18:06:08+00:00\" \/>\n<meta property=\"og:image\" content=\"https:\/\/lospoliticosveracruz.com\/wp-content\/uploads\/2026\/05\/IMG_5640.jpeg\" \/>\n\t<meta property=\"og:image:width\" content=\"600\" \/>\n\t<meta property=\"og:image:height\" content=\"320\" \/>\n\t<meta property=\"og:image:type\" content=\"image\/jpeg\" \/>\n<meta name=\"author\" content=\"Lo viste en Los Pol\u00edticos\" \/>\n<meta name=\"twitter:card\" content=\"summary_large_image\" \/>\n<meta name=\"twitter:creator\" content=\"@LosPoliticosVer\" \/>\n<meta name=\"twitter:site\" content=\"@LosPoliticosVer\" \/>\n<meta name=\"twitter:label1\" content=\"Escrito por\" \/>\n\t<meta name=\"twitter:data1\" content=\"Lo viste en Los Pol\u00edticos\" \/>\n\t<meta name=\"twitter:label2\" content=\"Tiempo de lectura\" \/>\n\t<meta name=\"twitter:data2\" content=\"2 minutos\" \/>\n<script type=\"application\/ld+json\" class=\"yoast-schema-graph\">{\"@context\":\"https:\\\/\\\/schema.org\",\"@graph\":[{\"@type\":\"Article\",\"@id\":\"https:\\\/\\\/lospoliticosveracruz.com\\\/?p=170379#article\",\"isPartOf\":{\"@id\":\"https:\\\/\\\/lospoliticosveracruz.com\\\/?p=170379\"},\"author\":{\"name\":\"Lo viste en Los Pol\u00edticos\",\"@id\":\"https:\\\/\\\/lospoliticosveracruz.com\\\/#\\\/schema\\\/person\\\/b8702bb0e538456e6efd07080bf2a4a2\"},\"headline\":\"DE PEL\u00cdCULA, FESTEJO A BOQUE\u00d1ITOS!\",\"datePublished\":\"2026-05-01T18:06:07+00:00\",\"dateModified\":\"2026-05-01T18:06:08+00:00\",\"mainEntityOfPage\":{\"@id\":\"https:\\\/\\\/lospoliticosveracruz.com\\\/?p=170379\"},\"wordCount\":371,\"publisher\":{\"@id\":\"https:\\\/\\\/lospoliticosveracruz.com\\\/#organization\"},\"image\":{\"@id\":\"https:\\\/\\\/lospoliticosveracruz.com\\\/?p=170379#primaryimage\"},\"thumbnailUrl\":\"https:\\\/\\\/lospoliticosveracruz.com\\\/wp-content\\\/uploads\\\/2026\\\/05\\\/IMG_5640.jpeg\",\"keywords\":[\"Boca del R\u00edo\",\"D\u00eda del Ni\u00f1o en Boca del R\u00edo\",\"DIF municipal de Boca del R\u00edo\",\"Mar\u00eda Paula Hakim Gamboa\",\"Maryjos\u00e9 Gamboa\",\"Megacine para peques\"],\"articleSection\":[\"De Boleto\"],\"inLanguage\":\"es\"},{\"@type\":\"WebPage\",\"@id\":\"https:\\\/\\\/lospoliticosveracruz.com\\\/?p=170379\",\"url\":\"https:\\\/\\\/lospoliticosveracruz.com\\\/?p=170379\",\"name\":\"DE PEL\u00cdCULA, FESTEJO A BOQUE\u00d1ITOS! - Los pol\u00edticos Veracruz\",\"isPartOf\":{\"@id\":\"https:\\\/\\\/lospoliticosveracruz.com\\\/#website\"},\"primaryImageOfPage\":{\"@id\":\"https:\\\/\\\/lospoliticosveracruz.com\\\/?p=170379#primaryimage\"},\"image\":{\"@id\":\"https:\\\/\\\/lospoliticosveracruz.com\\\/?p=170379#primaryimage\"},\"thumbnailUrl\":\"https:\\\/\\\/lospoliticosveracruz.com\\\/wp-content\\\/uploads\\\/2026\\\/05\\\/IMG_5640.jpeg\",\"datePublished\":\"2026-05-01T18:06:07+00:00\",\"dateModified\":\"2026-05-01T18:06:08+00:00\",\"breadcrumb\":{\"@id\":\"https:\\\/\\\/lospoliticosveracruz.com\\\/?p=170379#breadcrumb\"},\"inLanguage\":\"es\",\"potentialAction\":[{\"@type\":\"ReadAction\",\"target\":[\"https:\\\/\\\/lospoliticosveracruz.com\\\/?p=170379\"]}]},{\"@type\":\"ImageObject\",\"inLanguage\":\"es\",\"@id\":\"https:\\\/\\\/lospoliticosveracruz.com\\\/?p=170379#primaryimage\",\"url\":\"https:\\\/\\\/lospoliticosveracruz.com\\\/wp-content\\\/uploads\\\/2026\\\/05\\\/IMG_5640.jpeg\",\"contentUrl\":\"https:\\\/\\\/lospoliticosveracruz.com\\\/wp-content\\\/uploads\\\/2026\\\/05\\\/IMG_5640.jpeg\",\"width\":600,\"height\":320},{\"@type\":\"BreadcrumbList\",\"@id\":\"https:\\\/\\\/lospoliticosveracruz.com\\\/?p=170379#breadcrumb\",\"itemListElement\":[{\"@type\":\"ListItem\",\"position\":1,\"name\":\"Portada\",\"item\":\"https:\\\/\\\/lospoliticosveracruz.com\\\/\"},{\"@type\":\"ListItem\",\"position\":2,\"name\":\"DE PEL\u00cdCULA, FESTEJO A BOQUE\u00d1ITOS!\"}]},{\"@type\":\"WebSite\",\"@id\":\"https:\\\/\\\/lospoliticosveracruz.com\\\/#website\",\"url\":\"https:\\\/\\\/lospoliticosveracruz.com\\\/\",\"name\":\"Los pol\u00edticos Veracruz\",\"description\":\"\",\"publisher\":{\"@id\":\"https:\\\/\\\/lospoliticosveracruz.com\\\/#organization\"},\"potentialAction\":[{\"@type\":\"SearchAction\",\"target\":{\"@type\":\"EntryPoint\",\"urlTemplate\":\"https:\\\/\\\/lospoliticosveracruz.com\\\/?s={search_term_string}\"},\"query-input\":{\"@type\":\"PropertyValueSpecification\",\"valueRequired\":true,\"valueName\":\"search_term_string\"}}],\"inLanguage\":\"es\"},{\"@type\":\"Organization\",\"@id\":\"https:\\\/\\\/lospoliticosveracruz.com\\\/#organization\",\"name\":\"Los pol\u00edticos Veracruz\",\"url\":\"https:\\\/\\\/lospoliticosveracruz.com\\\/\",\"logo\":{\"@type\":\"ImageObject\",\"inLanguage\":\"es\",\"@id\":\"https:\\\/\\\/lospoliticosveracruz.com\\\/#\\\/schema\\\/logo\\\/image\\\/\",\"url\":\"https:\\\/\\\/lospoliticosveracruz.com\\\/wp-content\\\/uploads\\\/2025\\\/12\\\/Logo-Nuevo-LOS-POLITICOS-1.jpg\",\"contentUrl\":\"https:\\\/\\\/lospoliticosveracruz.com\\\/wp-content\\\/uploads\\\/2025\\\/12\\\/Logo-Nuevo-LOS-POLITICOS-1.jpg\",\"width\":260,\"height\":70,\"caption\":\"Los pol\u00edticos Veracruz\"},\"image\":{\"@id\":\"https:\\\/\\\/lospoliticosveracruz.com\\\/#\\\/schema\\\/logo\\\/image\\\/\"},\"sameAs\":[\"https:\\\/\\\/www.facebook.com\\\/people\\\/Notimemes-de-los-Polticos\\\/61565672886568\\\/\",\"https:\\\/\\\/x.com\\\/LosPoliticosVer\"]},{\"@type\":\"Person\",\"@id\":\"https:\\\/\\\/lospoliticosveracruz.com\\\/#\\\/schema\\\/person\\\/b8702bb0e538456e6efd07080bf2a4a2\",\"name\":\"Lo viste en Los Pol\u00edticos\",\"image\":{\"@type\":\"ImageObject\",\"inLanguage\":\"es\",\"@id\":\"https:\\\/\\\/secure.gravatar.com\\\/avatar\\\/3a8de04a2656d44082be478bd6c086daa447c4651605818287b9532d3d0bd435?s=96&d=mm&r=g\",\"url\":\"https:\\\/\\\/secure.gravatar.com\\\/avatar\\\/3a8de04a2656d44082be478bd6c086daa447c4651605818287b9532d3d0bd435?s=96&d=mm&r=g\",\"contentUrl\":\"https:\\\/\\\/secure.gravatar.com\\\/avatar\\\/3a8de04a2656d44082be478bd6c086daa447c4651605818287b9532d3d0bd435?s=96&d=mm&r=g\",\"caption\":\"Lo viste en Los Pol\u00edticos\"},\"url\":\"https:\\\/\\\/lospoliticosveracruz.com\\\/?author=2\"}]}<\/script>\n<!-- \/ Yoast SEO plugin. -->","yoast_head_json":{"title":"DE PEL\u00cdCULA, FESTEJO A BOQUE\u00d1ITOS! - Los pol\u00edticos Veracruz","robots":{"index":"index","follow":"follow","max-snippet":"max-snippet:-1","max-image-preview":"max-image-preview:large","max-video-preview":"max-video-preview:-1"},"canonical":"https:\/\/lospoliticosveracruz.com\/?p=170379","og_locale":"es_ES","og_type":"article","og_title":"DE PEL\u00cdCULA, FESTEJO A BOQUE\u00d1ITOS! - Los pol\u00edticos Veracruz","og_description":"Con gran entusiasmo y una destacada participaci\u00f3n familiar, el DIF Municipal de Boca del R\u00edo llev\u00f3 a cabo los festejos del D\u00eda del Ni\u00f1o con el \u201cMegacine para peques\u201d, una iniciativa que recorri\u00f3 distintas colonias del municipio y que este d\u00eda culmin\u00f3 en Plaza Banderas. Durante tres d\u00edas consecutivos, el Megacine para peques visit\u00f3 la [&hellip;]","og_url":"https:\/\/lospoliticosveracruz.com\/?p=170379","og_site_name":"Los pol\u00edticos Veracruz","article_publisher":"https:\/\/www.facebook.com\/people\/Notimemes-de-los-Polticos\/61565672886568\/","article_published_time":"2026-05-01T18:06:07+00:00","article_modified_time":"2026-05-01T18:06:08+00:00","og_image":[{"width":600,"height":320,"url":"https:\/\/lospoliticosveracruz.com\/wp-content\/uploads\/2026\/05\/IMG_5640.jpeg","type":"image\/jpeg"}],"author":"Lo viste en Los Pol\u00edticos","twitter_card":"summary_large_image","twitter_creator":"@LosPoliticosVer","twitter_site":"@LosPoliticosVer","twitter_misc":{"Escrito por":"Lo viste en Los Pol\u00edticos","Tiempo de lectura":"2 minutos"},"schema":{"@context":"https:\/\/schema.org","@graph":[{"@type":"Article","@id":"https:\/\/lospoliticosveracruz.com\/?p=170379#article","isPartOf":{"@id":"https:\/\/lospoliticosveracruz.com\/?p=170379"},"author":{"name":"Lo viste en Los Pol\u00edticos","@id":"https:\/\/lospoliticosveracruz.com\/#\/schema\/person\/b8702bb0e538456e6efd07080bf2a4a2"},"headline":"DE PEL\u00cdCULA, FESTEJO A BOQUE\u00d1ITOS!","datePublished":"2026-05-01T18:06:07+00:00","dateModified":"2026-05-01T18:06:08+00:00","mainEntityOfPage":{"@id":"https:\/\/lospoliticosveracruz.com\/?p=170379"},"wordCount":371,"publisher":{"@id":"https:\/\/lospoliticosveracruz.com\/#organization"},"image":{"@id":"https:\/\/lospoliticosveracruz.com\/?p=170379#primaryimage"},"thumbnailUrl":"https:\/\/lospoliticosveracruz.com\/wp-content\/uploads\/2026\/05\/IMG_5640.jpeg","keywords":["Boca del R\u00edo","D\u00eda del Ni\u00f1o en Boca del R\u00edo","DIF municipal de Boca del R\u00edo","Mar\u00eda Paula Hakim Gamboa","Maryjos\u00e9 Gamboa","Megacine para peques"],"articleSection":["De Boleto"],"inLanguage":"es"},{"@type":"WebPage","@id":"https:\/\/lospoliticosveracruz.com\/?p=170379","url":"https:\/\/lospoliticosveracruz.com\/?p=170379","name":"DE PEL\u00cdCULA, FESTEJO A BOQUE\u00d1ITOS! - Los pol\u00edticos Veracruz","isPartOf":{"@id":"https:\/\/lospoliticosveracruz.com\/#website"},"primaryImageOfPage":{"@id":"https:\/\/lospoliticosveracruz.com\/?p=170379#primaryimage"},"image":{"@id":"https:\/\/lospoliticosveracruz.com\/?p=170379#primaryimage"},"thumbnailUrl":"https:\/\/lospoliticosveracruz.com\/wp-content\/uploads\/2026\/05\/IMG_5640.jpeg","datePublished":"2026-05-01T18:06:07+00:00","dateModified":"2026-05-01T18:06:08+00:00","breadcrumb":{"@id":"https:\/\/lospoliticosveracruz.com\/?p=170379#breadcrumb"},"inLanguage":"es","potentialAction":[{"@type":"ReadAction","target":["https:\/\/lospoliticosveracruz.com\/?p=170379"]}]},{"@type":"ImageObject","inLanguage":"es","@id":"https:\/\/lospoliticosveracruz.com\/?p=170379#primaryimage","url":"https:\/\/lospoliticosveracruz.com\/wp-content\/uploads\/2026\/05\/IMG_5640.jpeg","contentUrl":"https:\/\/lospoliticosveracruz.com\/wp-content\/uploads\/2026\/05\/IMG_5640.jpeg","width":600,"height":320},{"@type":"BreadcrumbList","@id":"https:\/\/lospoliticosveracruz.com\/?p=170379#breadcrumb","itemListElement":[{"@type":"ListItem","position":1,"name":"Portada","item":"https:\/\/lospoliticosveracruz.com\/"},{"@type":"ListItem","position":2,"name":"DE PEL\u00cdCULA, FESTEJO A BOQUE\u00d1ITOS!"}]},{"@type":"WebSite","@id":"https:\/\/lospoliticosveracruz.com\/#website","url":"https:\/\/lospoliticosveracruz.com\/","name":"Los pol\u00edticos Veracruz","description":"","publisher":{"@id":"https:\/\/lospoliticosveracruz.com\/#organization"},"potentialAction":[{"@type":"SearchAction","target":{"@type":"EntryPoint","urlTemplate":"https:\/\/lospoliticosveracruz.com\/?s={search_term_string}"},"query-input":{"@type":"PropertyValueSpecification","valueRequired":true,"valueName":"search_term_string"}}],"inLanguage":"es"},{"@type":"Organization","@id":"https:\/\/lospoliticosveracruz.com\/#organization","name":"Los pol\u00edticos Veracruz","url":"https:\/\/lospoliticosveracruz.com\/","logo":{"@type":"ImageObject","inLanguage":"es","@id":"https:\/\/lospoliticosveracruz.com\/#\/schema\/logo\/image\/","url":"https:\/\/lospoliticosveracruz.com\/wp-content\/uploads\/2025\/12\/Logo-Nuevo-LOS-POLITICOS-1.jpg","contentUrl":"https:\/\/lospoliticosveracruz.com\/wp-content\/uploads\/2025\/12\/Logo-Nuevo-LOS-POLITICOS-1.jpg","width":260,"height":70,"caption":"Los pol\u00edticos Veracruz"},"image":{"@id":"https:\/\/lospoliticosveracruz.com\/#\/schema\/logo\/image\/"},"sameAs":["https:\/\/www.facebook.com\/people\/Notimemes-de-los-Polticos\/61565672886568\/","https:\/\/x.com\/LosPoliticosVer"]},{"@type":"Person","@id":"https:\/\/lospoliticosveracruz.com\/#\/schema\/person\/b8702bb0e538456e6efd07080bf2a4a2","name":"Lo viste en Los Pol\u00edticos","image":{"@type":"ImageObject","inLanguage":"es","@id":"https:\/\/secure.gravatar.com\/avatar\/3a8de04a2656d44082be478bd6c086daa447c4651605818287b9532d3d0bd435?s=96&d=mm&r=g","url":"https:\/\/secure.gravatar.com\/avatar\/3a8de04a2656d44082be478bd6c086daa447c4651605818287b9532d3d0bd435?s=96&d=mm&r=g","contentUrl":"https:\/\/secure.gravatar.com\/avatar\/3a8de04a2656d44082be478bd6c086daa447c4651605818287b9532d3d0bd435?s=96&d=mm&r=g","caption":"Lo viste en Los Pol\u00edticos"},"url":"https:\/\/lospoliticosveracruz.com\/?author=2"}]}},"_links":{"self":[{"href":"https:\/\/lospoliticosveracruz.com\/index.php?rest_route=\/wp\/v2\/posts\/170379","targetHints":{"allow":["GET"]}}],"collection":[{"href":"https:\/\/lospoliticosveracruz.com\/index.php?rest_route=\/wp\/v2\/posts"}],"about":[{"href":"https:\/\/lospoliticosveracruz.com\/index.php?rest_route=\/wp\/v2\/types\/post"}],"author":[{"embeddable":true,"href":"https:\/\/lospoliticosveracruz.com\/index.php?rest_route=\/wp\/v2\/users\/2"}],"replies":[{"embeddable":true,"href":"https:\/\/lospoliticosveracruz.com\/index.php?rest_route=%2Fwp%2Fv2%2Fcomments&post=170379"}],"version-history":[{"count":1,"href":"https:\/\/lospoliticosveracruz.com\/index.php?rest_route=\/wp\/v2\/posts\/170379\/revisions"}],"predecessor-version":[{"id":170381,"href":"https:\/\/lospoliticosveracruz.com\/index.php?rest_route=\/wp\/v2\/posts\/170379\/revisions\/170381"}],"wp:featuredmedia":[{"embeddable":true,"href":"https:\/\/lospoliticosveracruz.com\/index.php?rest_route=\/wp\/v2\/media\/170380"}],"wp:attachment":[{"href":"https:\/\/lospoliticosveracruz.com\/index.php?rest_route=%2Fwp%2Fv2%2Fmedia&parent=170379"}],"wp:term":[{"taxonomy":"category","embeddable":true,"href":"https:\/\/lospoliticosveracruz.com\/index.php?rest_route=%2Fwp%2Fv2%2Fcategories&post=170379"},{"taxonomy":"post_tag","embeddable":true,"href":"https:\/\/lospoliticosveracruz.com\/index.php?rest_route=%2Fwp%2Fv2%2Ftags&post=170379"}],"curies":[{"name":"wp","href":"https:\/\/api.w.org\/{rel}","templated":true}]}}