{"id":170382,"date":"2026-05-01T12:45:54","date_gmt":"2026-05-01T18:45:54","guid":{"rendered":"https:\/\/lospoliticosveracruz.com\/?p=170382"},"modified":"2026-05-01T12:45:55","modified_gmt":"2026-05-01T18:45:55","slug":"yeya-da-la-cara","status":"publish","type":"post","link":"https:\/\/lospoliticosveracruz.com\/?p=170382","title":{"rendered":"YEYA DA LA CARA!"},"content":{"rendered":"\n<p><\/p>\n\n\n\n<p><strong>\u00c1ngeles Gonz\u00e1lez Ceballos<\/strong><\/p>\n\n\n\n<p>La fiscal general del Estado, Lisbeth Aurelia Jim\u00e9nez Aguirre, asegur\u00f3 que no tiene ning\u00fan problema en dar la cara, reconocer que en las pasadas gestiones de los otros fiscales generales de Veracruz hubo equ\u00edvocos y por ello, salir a pedir una disculpa p\u00fablica a las v\u00edctimas.<\/p>\n\n\n\n<p>Entrevistada sobre lo dicho por la titular de la Comisi\u00f3n Estatal de Derechos Humanos (CEDH), Minerva Regina P\u00e9rez L\u00f3pez, en el sentido de que la Fiscal\u00eda ya ha aceptado diversas recomendaciones que antes no se quisieron aceptar; la Fiscal expres\u00f3 que se trata de un tema institucional y se debe reconocer que hubo equivocaciones.<\/p>\n\n\n\n<p>\u00a8Para m\u00ed es muy importante ese tema de los derechos humanos, se debe reconocer que desde el punto institucional hubo equivocaciones, hay que corregir y perfilar un rumbo desde la Fiscal\u00eda en donde se respeten los derechos humanos.<\/p>\n\n\n\n<p>Ese es el mensaje, que la Fiscal\u00eda respeta los derechos humanos y vamos sobre ese rumbo, se corrige, se capacita, pero sobre todo, se reconocen esos errores y estamos en la mejor postura de enderezar el paso, sin duda yo no tengo ning\u00fan problema en salir, dar la cara y pedir una disculpa p\u00fablica y reconocer que hubo equ\u00edvocos en el pasado y pedir una disculpa a las v\u00edctimas\u00a8, defini\u00f3.<\/p>\n\n\n\n<p>Por otra parte, asegur\u00f3 que ya se han ejecutado \u00f3rdenes de aprehensi\u00f3n en contra de exfuncionarios involucrados en el caso del llamado c\u00e1rtel inmobiliario de Xalapa.<\/p>\n\n\n\n<p>\u00a8Se ha estado procediendo. Ya est\u00e1 judicializado por ejemplo el de algunos exfuncionarios del Registro P\u00fablico de la Propiedad, se ejecutaron algunas \u00f3rdenes de aprehensi\u00f3n porque han falseado documentos y dem\u00e1s, en los municipios\u00a8, indic\u00f3.<\/p>\n\n\n\n<p>La Fiscal destac\u00f3 que su administraci\u00f3n no hace distingo y revel\u00f3 que las detenciones que han hecho han sido en varios municipios.<\/p>\n\n\n\n<p>En relaci\u00f3n al desfalco millonario que se cometi\u00f3 en contra de la Universidad Popular Aut\u00f3noma de Veracruz (UPAV), Aguirre Jim\u00e9nez, resalt\u00f3 que es un tema que le corresponde a la Fiscal\u00eda Anticorrupci\u00f3n, pero asegur\u00f3 que s\u00ed han procedido en contra de los malos servidores p\u00fablicos, porque \u00a8no se protege a nadie y no habr\u00e1 impunidad\u00a8.<\/p>\n\n\n\n<p>En otro tema, luego de que la auditora general del ORFIS, Delia Gonz\u00e1lez Cobos se\u00f1alara que desconocen la situaci\u00f3n que guardan las denuncias, que en su momento fueron presentadas ante la hoy extinta Fiscal\u00eda especializada en delitos relacionados con hechos de corrupci\u00f3n y cometidos por servidores p\u00fablicos, la Fiscal defini\u00f3 que tambi\u00e9n es un caso que atiende la Fiscal\u00eda Anticorrupci\u00f3n.<\/p>\n\n\n\n<p>\u00a8Este tema corresponde a la Fiscal\u00eda Anticorrupci\u00f3n\u2026se ha estado procediendo\u00a8, asegur\u00f3 Jim\u00e9nez Aguirre.<\/p>\n","protected":false},"excerpt":{"rendered":"<p>\u00c1ngeles Gonz\u00e1lez Ceballos La fiscal general del Estado, Lisbeth Aurelia Jim\u00e9nez Aguirre, asegur\u00f3 que no tiene ning\u00fan problema en dar la cara, reconocer que en las pasadas gestiones de los otros fiscales generales de Veracruz hubo equ\u00edvocos y por ello, salir a pedir una disculpa p\u00fablica a las v\u00edctimas. Entrevistada sobre lo dicho por la [&hellip;]<\/p>\n","protected":false},"author":2,"featured_media":170383,"comment_status":"closed","ping_status":"closed","sticky":false,"template":"","format":"standard","meta":{"tdm_status":"","tdm_grid_status":"","footnotes":""},"categories":[6446],"tags":[44010,47320,62920,51407,24159,36463,51145],"class_list":{"0":"post-170382","1":"post","2":"type-post","3":"status-publish","4":"format-standard","5":"has-post-thumbnail","7":"category-la-nota","8":"tag-cartel-inmobiliario","9":"tag-derechos-humanos-veracruz","10":"tag-disculpa-publica-victimas","11":"tag-fiscalia-anticorrupcion-veracruz","12":"tag-fiscalia-general-del-estado-de-veracruz","13":"tag-lisbeth-aurelia-jimenez-aguirre","14":"tag-upav-veracruz"},"yoast_head":"<!-- This site is optimized with the Yoast SEO plugin v27.4 - https:\/\/yoast.com\/product\/yoast-seo-wordpress\/ -->\n<title>YEYA DA LA CARA! - Los pol\u00edticos Veracruz<\/title>\n<meta name=\"robots\" content=\"index, follow, max-snippet:-1, max-image-preview:large, max-video-preview:-1\" \/>\n<link rel=\"canonical\" href=\"https:\/\/lospoliticosveracruz.com\/?p=170382\" \/>\n<meta property=\"og:locale\" content=\"es_ES\" \/>\n<meta property=\"og:type\" content=\"article\" \/>\n<meta property=\"og:title\" content=\"YEYA DA LA CARA! - Los pol\u00edticos Veracruz\" \/>\n<meta property=\"og:description\" content=\"\u00c1ngeles Gonz\u00e1lez Ceballos La fiscal general del Estado, Lisbeth Aurelia Jim\u00e9nez Aguirre, asegur\u00f3 que no tiene ning\u00fan problema en dar la cara, reconocer que en las pasadas gestiones de los otros fiscales generales de Veracruz hubo equ\u00edvocos y por ello, salir a pedir una disculpa p\u00fablica a las v\u00edctimas. Entrevistada sobre lo dicho por la [&hellip;]\" \/>\n<meta property=\"og:url\" content=\"https:\/\/lospoliticosveracruz.com\/?p=170382\" \/>\n<meta property=\"og:site_name\" content=\"Los pol\u00edticos Veracruz\" \/>\n<meta property=\"article:publisher\" content=\"https:\/\/www.facebook.com\/people\/Notimemes-de-los-Polticos\/61565672886568\/\" \/>\n<meta property=\"article:published_time\" content=\"2026-05-01T18:45:54+00:00\" \/>\n<meta property=\"article:modified_time\" content=\"2026-05-01T18:45:55+00:00\" \/>\n<meta property=\"og:image\" content=\"https:\/\/lospoliticosveracruz.com\/wp-content\/uploads\/2026\/05\/Aurelia-Yeya.jpg\" \/>\n\t<meta property=\"og:image:width\" content=\"600\" \/>\n\t<meta property=\"og:image:height\" content=\"320\" \/>\n\t<meta property=\"og:image:type\" content=\"image\/jpeg\" \/>\n<meta name=\"author\" content=\"Lo viste en Los Pol\u00edticos\" \/>\n<meta name=\"twitter:card\" content=\"summary_large_image\" \/>\n<meta name=\"twitter:creator\" content=\"@LosPoliticosVer\" \/>\n<meta name=\"twitter:site\" content=\"@LosPoliticosVer\" \/>\n<meta name=\"twitter:label1\" content=\"Escrito por\" \/>\n\t<meta name=\"twitter:data1\" content=\"Lo viste en Los Pol\u00edticos\" \/>\n\t<meta name=\"twitter:label2\" content=\"Tiempo de lectura\" \/>\n\t<meta name=\"twitter:data2\" content=\"3 minutos\" \/>\n<script type=\"application\/ld+json\" class=\"yoast-schema-graph\">{\"@context\":\"https:\\\/\\\/schema.org\",\"@graph\":[{\"@type\":\"Article\",\"@id\":\"https:\\\/\\\/lospoliticosveracruz.com\\\/?p=170382#article\",\"isPartOf\":{\"@id\":\"https:\\\/\\\/lospoliticosveracruz.com\\\/?p=170382\"},\"author\":{\"name\":\"Lo viste en Los Pol\u00edticos\",\"@id\":\"https:\\\/\\\/lospoliticosveracruz.com\\\/#\\\/schema\\\/person\\\/b8702bb0e538456e6efd07080bf2a4a2\"},\"headline\":\"YEYA DA LA CARA!\",\"datePublished\":\"2026-05-01T18:45:54+00:00\",\"dateModified\":\"2026-05-01T18:45:55+00:00\",\"mainEntityOfPage\":{\"@id\":\"https:\\\/\\\/lospoliticosveracruz.com\\\/?p=170382\"},\"wordCount\":467,\"publisher\":{\"@id\":\"https:\\\/\\\/lospoliticosveracruz.com\\\/#organization\"},\"image\":{\"@id\":\"https:\\\/\\\/lospoliticosveracruz.com\\\/?p=170382#primaryimage\"},\"thumbnailUrl\":\"https:\\\/\\\/lospoliticosveracruz.com\\\/wp-content\\\/uploads\\\/2026\\\/05\\\/Aurelia-Yeya.jpg\",\"keywords\":[\"c\u00e1rtel inmobiliario\",\"derechos humanos Veracruz\",\"Disculpa p\u00fablica v\u00edctimas\",\"Fiscal\u00eda Anticorrupci\u00f3n Veracruz\",\"Fiscal\u00eda General del Estado de Veracruz\",\"Lisbeth Aurelia Jim\u00e9nez Aguirre\",\"UPAV Veracruz\"],\"articleSection\":[\"La Nota\"],\"inLanguage\":\"es\"},{\"@type\":\"WebPage\",\"@id\":\"https:\\\/\\\/lospoliticosveracruz.com\\\/?p=170382\",\"url\":\"https:\\\/\\\/lospoliticosveracruz.com\\\/?p=170382\",\"name\":\"YEYA DA LA CARA! - Los pol\u00edticos Veracruz\",\"isPartOf\":{\"@id\":\"https:\\\/\\\/lospoliticosveracruz.com\\\/#website\"},\"primaryImageOfPage\":{\"@id\":\"https:\\\/\\\/lospoliticosveracruz.com\\\/?p=170382#primaryimage\"},\"image\":{\"@id\":\"https:\\\/\\\/lospoliticosveracruz.com\\\/?p=170382#primaryimage\"},\"thumbnailUrl\":\"https:\\\/\\\/lospoliticosveracruz.com\\\/wp-content\\\/uploads\\\/2026\\\/05\\\/Aurelia-Yeya.jpg\",\"datePublished\":\"2026-05-01T18:45:54+00:00\",\"dateModified\":\"2026-05-01T18:45:55+00:00\",\"breadcrumb\":{\"@id\":\"https:\\\/\\\/lospoliticosveracruz.com\\\/?p=170382#breadcrumb\"},\"inLanguage\":\"es\",\"potentialAction\":[{\"@type\":\"ReadAction\",\"target\":[\"https:\\\/\\\/lospoliticosveracruz.com\\\/?p=170382\"]}]},{\"@type\":\"ImageObject\",\"inLanguage\":\"es\",\"@id\":\"https:\\\/\\\/lospoliticosveracruz.com\\\/?p=170382#primaryimage\",\"url\":\"https:\\\/\\\/lospoliticosveracruz.com\\\/wp-content\\\/uploads\\\/2026\\\/05\\\/Aurelia-Yeya.jpg\",\"contentUrl\":\"https:\\\/\\\/lospoliticosveracruz.com\\\/wp-content\\\/uploads\\\/2026\\\/05\\\/Aurelia-Yeya.jpg\",\"width\":600,\"height\":320},{\"@type\":\"BreadcrumbList\",\"@id\":\"https:\\\/\\\/lospoliticosveracruz.com\\\/?p=170382#breadcrumb\",\"itemListElement\":[{\"@type\":\"ListItem\",\"position\":1,\"name\":\"Portada\",\"item\":\"https:\\\/\\\/lospoliticosveracruz.com\\\/\"},{\"@type\":\"ListItem\",\"position\":2,\"name\":\"YEYA DA LA CARA!\"}]},{\"@type\":\"WebSite\",\"@id\":\"https:\\\/\\\/lospoliticosveracruz.com\\\/#website\",\"url\":\"https:\\\/\\\/lospoliticosveracruz.com\\\/\",\"name\":\"Los pol\u00edticos Veracruz\",\"description\":\"\",\"publisher\":{\"@id\":\"https:\\\/\\\/lospoliticosveracruz.com\\\/#organization\"},\"potentialAction\":[{\"@type\":\"SearchAction\",\"target\":{\"@type\":\"EntryPoint\",\"urlTemplate\":\"https:\\\/\\\/lospoliticosveracruz.com\\\/?s={search_term_string}\"},\"query-input\":{\"@type\":\"PropertyValueSpecification\",\"valueRequired\":true,\"valueName\":\"search_term_string\"}}],\"inLanguage\":\"es\"},{\"@type\":\"Organization\",\"@id\":\"https:\\\/\\\/lospoliticosveracruz.com\\\/#organization\",\"name\":\"Los pol\u00edticos Veracruz\",\"url\":\"https:\\\/\\\/lospoliticosveracruz.com\\\/\",\"logo\":{\"@type\":\"ImageObject\",\"inLanguage\":\"es\",\"@id\":\"https:\\\/\\\/lospoliticosveracruz.com\\\/#\\\/schema\\\/logo\\\/image\\\/\",\"url\":\"https:\\\/\\\/lospoliticosveracruz.com\\\/wp-content\\\/uploads\\\/2025\\\/12\\\/Logo-Nuevo-LOS-POLITICOS-1.jpg\",\"contentUrl\":\"https:\\\/\\\/lospoliticosveracruz.com\\\/wp-content\\\/uploads\\\/2025\\\/12\\\/Logo-Nuevo-LOS-POLITICOS-1.jpg\",\"width\":260,\"height\":70,\"caption\":\"Los pol\u00edticos Veracruz\"},\"image\":{\"@id\":\"https:\\\/\\\/lospoliticosveracruz.com\\\/#\\\/schema\\\/logo\\\/image\\\/\"},\"sameAs\":[\"https:\\\/\\\/www.facebook.com\\\/people\\\/Notimemes-de-los-Polticos\\\/61565672886568\\\/\",\"https:\\\/\\\/x.com\\\/LosPoliticosVer\"]},{\"@type\":\"Person\",\"@id\":\"https:\\\/\\\/lospoliticosveracruz.com\\\/#\\\/schema\\\/person\\\/b8702bb0e538456e6efd07080bf2a4a2\",\"name\":\"Lo viste en Los Pol\u00edticos\",\"image\":{\"@type\":\"ImageObject\",\"inLanguage\":\"es\",\"@id\":\"https:\\\/\\\/secure.gravatar.com\\\/avatar\\\/3a8de04a2656d44082be478bd6c086daa447c4651605818287b9532d3d0bd435?s=96&d=mm&r=g\",\"url\":\"https:\\\/\\\/secure.gravatar.com\\\/avatar\\\/3a8de04a2656d44082be478bd6c086daa447c4651605818287b9532d3d0bd435?s=96&d=mm&r=g\",\"contentUrl\":\"https:\\\/\\\/secure.gravatar.com\\\/avatar\\\/3a8de04a2656d44082be478bd6c086daa447c4651605818287b9532d3d0bd435?s=96&d=mm&r=g\",\"caption\":\"Lo viste en Los Pol\u00edticos\"},\"url\":\"https:\\\/\\\/lospoliticosveracruz.com\\\/?author=2\"}]}<\/script>\n<!-- \/ Yoast SEO plugin. -->","yoast_head_json":{"title":"YEYA DA LA CARA! - Los pol\u00edticos Veracruz","robots":{"index":"index","follow":"follow","max-snippet":"max-snippet:-1","max-image-preview":"max-image-preview:large","max-video-preview":"max-video-preview:-1"},"canonical":"https:\/\/lospoliticosveracruz.com\/?p=170382","og_locale":"es_ES","og_type":"article","og_title":"YEYA DA LA CARA! - Los pol\u00edticos Veracruz","og_description":"\u00c1ngeles Gonz\u00e1lez Ceballos La fiscal general del Estado, Lisbeth Aurelia Jim\u00e9nez Aguirre, asegur\u00f3 que no tiene ning\u00fan problema en dar la cara, reconocer que en las pasadas gestiones de los otros fiscales generales de Veracruz hubo equ\u00edvocos y por ello, salir a pedir una disculpa p\u00fablica a las v\u00edctimas. Entrevistada sobre lo dicho por la [&hellip;]","og_url":"https:\/\/lospoliticosveracruz.com\/?p=170382","og_site_name":"Los pol\u00edticos Veracruz","article_publisher":"https:\/\/www.facebook.com\/people\/Notimemes-de-los-Polticos\/61565672886568\/","article_published_time":"2026-05-01T18:45:54+00:00","article_modified_time":"2026-05-01T18:45:55+00:00","og_image":[{"width":600,"height":320,"url":"https:\/\/lospoliticosveracruz.com\/wp-content\/uploads\/2026\/05\/Aurelia-Yeya.jpg","type":"image\/jpeg"}],"author":"Lo viste en Los Pol\u00edticos","twitter_card":"summary_large_image","twitter_creator":"@LosPoliticosVer","twitter_site":"@LosPoliticosVer","twitter_misc":{"Escrito por":"Lo viste en Los Pol\u00edticos","Tiempo de lectura":"3 minutos"},"schema":{"@context":"https:\/\/schema.org","@graph":[{"@type":"Article","@id":"https:\/\/lospoliticosveracruz.com\/?p=170382#article","isPartOf":{"@id":"https:\/\/lospoliticosveracruz.com\/?p=170382"},"author":{"name":"Lo viste en Los Pol\u00edticos","@id":"https:\/\/lospoliticosveracruz.com\/#\/schema\/person\/b8702bb0e538456e6efd07080bf2a4a2"},"headline":"YEYA DA LA CARA!","datePublished":"2026-05-01T18:45:54+00:00","dateModified":"2026-05-01T18:45:55+00:00","mainEntityOfPage":{"@id":"https:\/\/lospoliticosveracruz.com\/?p=170382"},"wordCount":467,"publisher":{"@id":"https:\/\/lospoliticosveracruz.com\/#organization"},"image":{"@id":"https:\/\/lospoliticosveracruz.com\/?p=170382#primaryimage"},"thumbnailUrl":"https:\/\/lospoliticosveracruz.com\/wp-content\/uploads\/2026\/05\/Aurelia-Yeya.jpg","keywords":["c\u00e1rtel inmobiliario","derechos humanos Veracruz","Disculpa p\u00fablica v\u00edctimas","Fiscal\u00eda Anticorrupci\u00f3n Veracruz","Fiscal\u00eda General del Estado de Veracruz","Lisbeth Aurelia Jim\u00e9nez Aguirre","UPAV Veracruz"],"articleSection":["La Nota"],"inLanguage":"es"},{"@type":"WebPage","@id":"https:\/\/lospoliticosveracruz.com\/?p=170382","url":"https:\/\/lospoliticosveracruz.com\/?p=170382","name":"YEYA DA LA CARA! - Los pol\u00edticos Veracruz","isPartOf":{"@id":"https:\/\/lospoliticosveracruz.com\/#website"},"primaryImageOfPage":{"@id":"https:\/\/lospoliticosveracruz.com\/?p=170382#primaryimage"},"image":{"@id":"https:\/\/lospoliticosveracruz.com\/?p=170382#primaryimage"},"thumbnailUrl":"https:\/\/lospoliticosveracruz.com\/wp-content\/uploads\/2026\/05\/Aurelia-Yeya.jpg","datePublished":"2026-05-01T18:45:54+00:00","dateModified":"2026-05-01T18:45:55+00:00","breadcrumb":{"@id":"https:\/\/lospoliticosveracruz.com\/?p=170382#breadcrumb"},"inLanguage":"es","potentialAction":[{"@type":"ReadAction","target":["https:\/\/lospoliticosveracruz.com\/?p=170382"]}]},{"@type":"ImageObject","inLanguage":"es","@id":"https:\/\/lospoliticosveracruz.com\/?p=170382#primaryimage","url":"https:\/\/lospoliticosveracruz.com\/wp-content\/uploads\/2026\/05\/Aurelia-Yeya.jpg","contentUrl":"https:\/\/lospoliticosveracruz.com\/wp-content\/uploads\/2026\/05\/Aurelia-Yeya.jpg","width":600,"height":320},{"@type":"BreadcrumbList","@id":"https:\/\/lospoliticosveracruz.com\/?p=170382#breadcrumb","itemListElement":[{"@type":"ListItem","position":1,"name":"Portada","item":"https:\/\/lospoliticosveracruz.com\/"},{"@type":"ListItem","position":2,"name":"YEYA DA LA CARA!"}]},{"@type":"WebSite","@id":"https:\/\/lospoliticosveracruz.com\/#website","url":"https:\/\/lospoliticosveracruz.com\/","name":"Los pol\u00edticos Veracruz","description":"","publisher":{"@id":"https:\/\/lospoliticosveracruz.com\/#organization"},"potentialAction":[{"@type":"SearchAction","target":{"@type":"EntryPoint","urlTemplate":"https:\/\/lospoliticosveracruz.com\/?s={search_term_string}"},"query-input":{"@type":"PropertyValueSpecification","valueRequired":true,"valueName":"search_term_string"}}],"inLanguage":"es"},{"@type":"Organization","@id":"https:\/\/lospoliticosveracruz.com\/#organization","name":"Los pol\u00edticos Veracruz","url":"https:\/\/lospoliticosveracruz.com\/","logo":{"@type":"ImageObject","inLanguage":"es","@id":"https:\/\/lospoliticosveracruz.com\/#\/schema\/logo\/image\/","url":"https:\/\/lospoliticosveracruz.com\/wp-content\/uploads\/2025\/12\/Logo-Nuevo-LOS-POLITICOS-1.jpg","contentUrl":"https:\/\/lospoliticosveracruz.com\/wp-content\/uploads\/2025\/12\/Logo-Nuevo-LOS-POLITICOS-1.jpg","width":260,"height":70,"caption":"Los pol\u00edticos Veracruz"},"image":{"@id":"https:\/\/lospoliticosveracruz.com\/#\/schema\/logo\/image\/"},"sameAs":["https:\/\/www.facebook.com\/people\/Notimemes-de-los-Polticos\/61565672886568\/","https:\/\/x.com\/LosPoliticosVer"]},{"@type":"Person","@id":"https:\/\/lospoliticosveracruz.com\/#\/schema\/person\/b8702bb0e538456e6efd07080bf2a4a2","name":"Lo viste en Los Pol\u00edticos","image":{"@type":"ImageObject","inLanguage":"es","@id":"https:\/\/secure.gravatar.com\/avatar\/3a8de04a2656d44082be478bd6c086daa447c4651605818287b9532d3d0bd435?s=96&d=mm&r=g","url":"https:\/\/secure.gravatar.com\/avatar\/3a8de04a2656d44082be478bd6c086daa447c4651605818287b9532d3d0bd435?s=96&d=mm&r=g","contentUrl":"https:\/\/secure.gravatar.com\/avatar\/3a8de04a2656d44082be478bd6c086daa447c4651605818287b9532d3d0bd435?s=96&d=mm&r=g","caption":"Lo viste en Los Pol\u00edticos"},"url":"https:\/\/lospoliticosveracruz.com\/?author=2"}]}},"_links":{"self":[{"href":"https:\/\/lospoliticosveracruz.com\/index.php?rest_route=\/wp\/v2\/posts\/170382","targetHints":{"allow":["GET"]}}],"collection":[{"href":"https:\/\/lospoliticosveracruz.com\/index.php?rest_route=\/wp\/v2\/posts"}],"about":[{"href":"https:\/\/lospoliticosveracruz.com\/index.php?rest_route=\/wp\/v2\/types\/post"}],"author":[{"embeddable":true,"href":"https:\/\/lospoliticosveracruz.com\/index.php?rest_route=\/wp\/v2\/users\/2"}],"replies":[{"embeddable":true,"href":"https:\/\/lospoliticosveracruz.com\/index.php?rest_route=%2Fwp%2Fv2%2Fcomments&post=170382"}],"version-history":[{"count":1,"href":"https:\/\/lospoliticosveracruz.com\/index.php?rest_route=\/wp\/v2\/posts\/170382\/revisions"}],"predecessor-version":[{"id":170384,"href":"https:\/\/lospoliticosveracruz.com\/index.php?rest_route=\/wp\/v2\/posts\/170382\/revisions\/170384"}],"wp:featuredmedia":[{"embeddable":true,"href":"https:\/\/lospoliticosveracruz.com\/index.php?rest_route=\/wp\/v2\/media\/170383"}],"wp:attachment":[{"href":"https:\/\/lospoliticosveracruz.com\/index.php?rest_route=%2Fwp%2Fv2%2Fmedia&parent=170382"}],"wp:term":[{"taxonomy":"category","embeddable":true,"href":"https:\/\/lospoliticosveracruz.com\/index.php?rest_route=%2Fwp%2Fv2%2Fcategories&post=170382"},{"taxonomy":"post_tag","embeddable":true,"href":"https:\/\/lospoliticosveracruz.com\/index.php?rest_route=%2Fwp%2Fv2%2Ftags&post=170382"}],"curies":[{"name":"wp","href":"https:\/\/api.w.org\/{rel}","templated":true}]}}