{"id":170386,"date":"2026-05-01T13:20:57","date_gmt":"2026-05-01T19:20:57","guid":{"rendered":"https:\/\/lospoliticosveracruz.com\/?p=170386"},"modified":"2026-05-01T13:20:59","modified_gmt":"2026-05-01T19:20:59","slug":"reafirma-rosa-maria-su-compromiso-con-trabajadores","status":"publish","type":"post","link":"https:\/\/lospoliticosveracruz.com\/?p=170386","title":{"rendered":"REAFIRMA ROSA MAR\u00cdA SU COMPROMISO CON TRABAJADORES"},"content":{"rendered":"\n<p>La alcaldesa de Veracruz, Rosa Mar\u00eda Hern\u00e1ndez Espejo, reconoci\u00f3 a las y los trabajadores veracruzanos como pilar del desarrollo de la ciudad y reiter\u00f3 el compromiso de su administraci\u00f3n para seguir fortaleciendo sus derechos laborales.<\/p>\n\n\n\n<p>\u201cCuenten con el respaldo del Ayuntamiento de Veracruz; juntos, sostengamos lo alcanzado y sigamos avanzando por el bienestar de las y los trabajadores\u201d, afirm\u00f3 la presidenta municipal durante su discurso en la conmemoraci\u00f3n del D\u00eda Internacional del Trabajo, realizada en la Macroplaza del Malec\u00f3n.<\/p>\n\n\n\n<p>En su intervenci\u00f3n, destac\u00f3 que en el pa\u00eds se han logrado avances importantes en favor de las y los trabajadores, impulsados por la presidenta Claudia Sheinbaum Pardo, as\u00ed como con el respaldo en Veracruz de la gobernadora Roc\u00edo Nahle Garc\u00eda, lo que ha permitido mejorar la situaci\u00f3n laboral y el bienestar de la poblaci\u00f3n.<\/p>\n\n\n\n<p>Asimismo, record\u00f3 que esta fecha tiene su origen en las luchas obreras de finales del siglo XIX, como el movimiento de Chicago en 1886, as\u00ed como en M\u00e9xico con las huelgas de Cananea y R\u00edo Blanco, que sentaron las bases de los derechos laborales en el pa\u00eds.<\/p>\n\n\n\n<p>Al evento organizado por el Congreso del Trabajo de Veracruz asistieron su presidente, Leonel P\u00e9rez Herrera, acompa\u00f1ado de cientos de trabajadoras y trabajadores veracruzanos; la diputada federal Zoraya Villacis Palacios; representantes de organizaciones obreras y de los tres \u00f3rdenes de gobierno, as\u00ed como miembros del cuerpo edilicio del Ayuntamiento de Veracruz.<\/p>\n","protected":false},"excerpt":{"rendered":"<p>La alcaldesa de Veracruz, Rosa Mar\u00eda Hern\u00e1ndez Espejo, reconoci\u00f3 a las y los trabajadores veracruzanos como pilar del desarrollo de la ciudad y reiter\u00f3 el compromiso de su administraci\u00f3n para seguir fortaleciendo sus derechos laborales. \u201cCuenten con el respaldo del Ayuntamiento de Veracruz; juntos, sostengamos lo alcanzado y sigamos avanzando por el bienestar de las [&hellip;]<\/p>\n","protected":false},"author":2,"featured_media":170387,"comment_status":"closed","ping_status":"closed","sticky":false,"template":"","format":"standard","meta":{"tdm_status":"","tdm_grid_status":"","footnotes":""},"categories":[56121],"tags":[51498,62921,22629,62922,31632,11900],"class_list":{"0":"post-170386","1":"post","2":"type-post","3":"status-publish","4":"format-standard","5":"has-post-thumbnail","7":"category-desde-jarochilandia","8":"tag-ayuntamiento-de-veracruz","9":"tag-congreso-del-trabajo-de-veracruz","10":"tag-derechos-laborales","11":"tag-dia-del-trabajo-en-veracruz","12":"tag-leonel-perez-herrera","13":"tag-rosa-maria-hernandez-espejo"},"yoast_head":"<!-- This site is optimized with the Yoast SEO plugin v27.4 - https:\/\/yoast.com\/product\/yoast-seo-wordpress\/ -->\n<title>REAFIRMA ROSA MAR\u00cdA SU COMPROMISO CON TRABAJADORES - Los pol\u00edticos Veracruz<\/title>\n<meta name=\"robots\" content=\"index, follow, max-snippet:-1, max-image-preview:large, max-video-preview:-1\" \/>\n<link rel=\"canonical\" href=\"https:\/\/lospoliticosveracruz.com\/?p=170386\" \/>\n<meta property=\"og:locale\" content=\"es_ES\" \/>\n<meta property=\"og:type\" content=\"article\" \/>\n<meta property=\"og:title\" content=\"REAFIRMA ROSA MAR\u00cdA SU COMPROMISO CON TRABAJADORES - Los pol\u00edticos Veracruz\" \/>\n<meta property=\"og:description\" content=\"La alcaldesa de Veracruz, Rosa Mar\u00eda Hern\u00e1ndez Espejo, reconoci\u00f3 a las y los trabajadores veracruzanos como pilar del desarrollo de la ciudad y reiter\u00f3 el compromiso de su administraci\u00f3n para seguir fortaleciendo sus derechos laborales. \u201cCuenten con el respaldo del Ayuntamiento de Veracruz; juntos, sostengamos lo alcanzado y sigamos avanzando por el bienestar de las [&hellip;]\" \/>\n<meta property=\"og:url\" content=\"https:\/\/lospoliticosveracruz.com\/?p=170386\" \/>\n<meta property=\"og:site_name\" content=\"Los pol\u00edticos Veracruz\" \/>\n<meta property=\"article:publisher\" content=\"https:\/\/www.facebook.com\/people\/Notimemes-de-los-Polticos\/61565672886568\/\" \/>\n<meta property=\"article:published_time\" content=\"2026-05-01T19:20:57+00:00\" \/>\n<meta property=\"article:modified_time\" content=\"2026-05-01T19:20:59+00:00\" \/>\n<meta property=\"og:image\" content=\"https:\/\/lospoliticosveracruz.com\/wp-content\/uploads\/2026\/05\/IMG_5644.jpeg\" \/>\n\t<meta property=\"og:image:width\" content=\"600\" \/>\n\t<meta property=\"og:image:height\" content=\"320\" \/>\n\t<meta property=\"og:image:type\" content=\"image\/jpeg\" \/>\n<meta name=\"author\" content=\"Lo viste en Los Pol\u00edticos\" \/>\n<meta name=\"twitter:card\" content=\"summary_large_image\" \/>\n<meta name=\"twitter:creator\" content=\"@LosPoliticosVer\" \/>\n<meta name=\"twitter:site\" content=\"@LosPoliticosVer\" \/>\n<meta name=\"twitter:label1\" content=\"Escrito por\" \/>\n\t<meta name=\"twitter:data1\" content=\"Lo viste en Los Pol\u00edticos\" \/>\n\t<meta name=\"twitter:label2\" content=\"Tiempo de lectura\" \/>\n\t<meta name=\"twitter:data2\" content=\"2 minutos\" \/>\n<script type=\"application\/ld+json\" class=\"yoast-schema-graph\">{\"@context\":\"https:\\\/\\\/schema.org\",\"@graph\":[{\"@type\":\"Article\",\"@id\":\"https:\\\/\\\/lospoliticosveracruz.com\\\/?p=170386#article\",\"isPartOf\":{\"@id\":\"https:\\\/\\\/lospoliticosveracruz.com\\\/?p=170386\"},\"author\":{\"name\":\"Lo viste en Los Pol\u00edticos\",\"@id\":\"https:\\\/\\\/lospoliticosveracruz.com\\\/#\\\/schema\\\/person\\\/b8702bb0e538456e6efd07080bf2a4a2\"},\"headline\":\"REAFIRMA ROSA MAR\u00cdA SU COMPROMISO CON TRABAJADORES\",\"datePublished\":\"2026-05-01T19:20:57+00:00\",\"dateModified\":\"2026-05-01T19:20:59+00:00\",\"mainEntityOfPage\":{\"@id\":\"https:\\\/\\\/lospoliticosveracruz.com\\\/?p=170386\"},\"wordCount\":255,\"publisher\":{\"@id\":\"https:\\\/\\\/lospoliticosveracruz.com\\\/#organization\"},\"image\":{\"@id\":\"https:\\\/\\\/lospoliticosveracruz.com\\\/?p=170386#primaryimage\"},\"thumbnailUrl\":\"https:\\\/\\\/lospoliticosveracruz.com\\\/wp-content\\\/uploads\\\/2026\\\/05\\\/IMG_5644.jpeg\",\"keywords\":[\"Ayuntamiento de Veracruz\",\"Congreso del Trabajo de Veracruz\",\"Derechos laborales\",\"D\u00eda del Trabajo en Veracruz\",\"Leonel P\u00e9rez Herrera\",\"Rosa Mar\u00eda Hern\u00e1ndez Espejo\"],\"articleSection\":[\"DESDE JAROCHILANDIA\"],\"inLanguage\":\"es\"},{\"@type\":\"WebPage\",\"@id\":\"https:\\\/\\\/lospoliticosveracruz.com\\\/?p=170386\",\"url\":\"https:\\\/\\\/lospoliticosveracruz.com\\\/?p=170386\",\"name\":\"REAFIRMA ROSA MAR\u00cdA SU COMPROMISO CON TRABAJADORES - Los pol\u00edticos Veracruz\",\"isPartOf\":{\"@id\":\"https:\\\/\\\/lospoliticosveracruz.com\\\/#website\"},\"primaryImageOfPage\":{\"@id\":\"https:\\\/\\\/lospoliticosveracruz.com\\\/?p=170386#primaryimage\"},\"image\":{\"@id\":\"https:\\\/\\\/lospoliticosveracruz.com\\\/?p=170386#primaryimage\"},\"thumbnailUrl\":\"https:\\\/\\\/lospoliticosveracruz.com\\\/wp-content\\\/uploads\\\/2026\\\/05\\\/IMG_5644.jpeg\",\"datePublished\":\"2026-05-01T19:20:57+00:00\",\"dateModified\":\"2026-05-01T19:20:59+00:00\",\"breadcrumb\":{\"@id\":\"https:\\\/\\\/lospoliticosveracruz.com\\\/?p=170386#breadcrumb\"},\"inLanguage\":\"es\",\"potentialAction\":[{\"@type\":\"ReadAction\",\"target\":[\"https:\\\/\\\/lospoliticosveracruz.com\\\/?p=170386\"]}]},{\"@type\":\"ImageObject\",\"inLanguage\":\"es\",\"@id\":\"https:\\\/\\\/lospoliticosveracruz.com\\\/?p=170386#primaryimage\",\"url\":\"https:\\\/\\\/lospoliticosveracruz.com\\\/wp-content\\\/uploads\\\/2026\\\/05\\\/IMG_5644.jpeg\",\"contentUrl\":\"https:\\\/\\\/lospoliticosveracruz.com\\\/wp-content\\\/uploads\\\/2026\\\/05\\\/IMG_5644.jpeg\",\"width\":600,\"height\":320},{\"@type\":\"BreadcrumbList\",\"@id\":\"https:\\\/\\\/lospoliticosveracruz.com\\\/?p=170386#breadcrumb\",\"itemListElement\":[{\"@type\":\"ListItem\",\"position\":1,\"name\":\"Portada\",\"item\":\"https:\\\/\\\/lospoliticosveracruz.com\\\/\"},{\"@type\":\"ListItem\",\"position\":2,\"name\":\"REAFIRMA ROSA MAR\u00cdA SU COMPROMISO CON TRABAJADORES\"}]},{\"@type\":\"WebSite\",\"@id\":\"https:\\\/\\\/lospoliticosveracruz.com\\\/#website\",\"url\":\"https:\\\/\\\/lospoliticosveracruz.com\\\/\",\"name\":\"Los pol\u00edticos Veracruz\",\"description\":\"\",\"publisher\":{\"@id\":\"https:\\\/\\\/lospoliticosveracruz.com\\\/#organization\"},\"potentialAction\":[{\"@type\":\"SearchAction\",\"target\":{\"@type\":\"EntryPoint\",\"urlTemplate\":\"https:\\\/\\\/lospoliticosveracruz.com\\\/?s={search_term_string}\"},\"query-input\":{\"@type\":\"PropertyValueSpecification\",\"valueRequired\":true,\"valueName\":\"search_term_string\"}}],\"inLanguage\":\"es\"},{\"@type\":\"Organization\",\"@id\":\"https:\\\/\\\/lospoliticosveracruz.com\\\/#organization\",\"name\":\"Los pol\u00edticos Veracruz\",\"url\":\"https:\\\/\\\/lospoliticosveracruz.com\\\/\",\"logo\":{\"@type\":\"ImageObject\",\"inLanguage\":\"es\",\"@id\":\"https:\\\/\\\/lospoliticosveracruz.com\\\/#\\\/schema\\\/logo\\\/image\\\/\",\"url\":\"https:\\\/\\\/lospoliticosveracruz.com\\\/wp-content\\\/uploads\\\/2025\\\/12\\\/Logo-Nuevo-LOS-POLITICOS-1.jpg\",\"contentUrl\":\"https:\\\/\\\/lospoliticosveracruz.com\\\/wp-content\\\/uploads\\\/2025\\\/12\\\/Logo-Nuevo-LOS-POLITICOS-1.jpg\",\"width\":260,\"height\":70,\"caption\":\"Los pol\u00edticos Veracruz\"},\"image\":{\"@id\":\"https:\\\/\\\/lospoliticosveracruz.com\\\/#\\\/schema\\\/logo\\\/image\\\/\"},\"sameAs\":[\"https:\\\/\\\/www.facebook.com\\\/people\\\/Notimemes-de-los-Polticos\\\/61565672886568\\\/\",\"https:\\\/\\\/x.com\\\/LosPoliticosVer\"]},{\"@type\":\"Person\",\"@id\":\"https:\\\/\\\/lospoliticosveracruz.com\\\/#\\\/schema\\\/person\\\/b8702bb0e538456e6efd07080bf2a4a2\",\"name\":\"Lo viste en Los Pol\u00edticos\",\"image\":{\"@type\":\"ImageObject\",\"inLanguage\":\"es\",\"@id\":\"https:\\\/\\\/secure.gravatar.com\\\/avatar\\\/3a8de04a2656d44082be478bd6c086daa447c4651605818287b9532d3d0bd435?s=96&d=mm&r=g\",\"url\":\"https:\\\/\\\/secure.gravatar.com\\\/avatar\\\/3a8de04a2656d44082be478bd6c086daa447c4651605818287b9532d3d0bd435?s=96&d=mm&r=g\",\"contentUrl\":\"https:\\\/\\\/secure.gravatar.com\\\/avatar\\\/3a8de04a2656d44082be478bd6c086daa447c4651605818287b9532d3d0bd435?s=96&d=mm&r=g\",\"caption\":\"Lo viste en Los Pol\u00edticos\"},\"url\":\"https:\\\/\\\/lospoliticosveracruz.com\\\/?author=2\"}]}<\/script>\n<!-- \/ Yoast SEO plugin. -->","yoast_head_json":{"title":"REAFIRMA ROSA MAR\u00cdA SU COMPROMISO CON TRABAJADORES - Los pol\u00edticos Veracruz","robots":{"index":"index","follow":"follow","max-snippet":"max-snippet:-1","max-image-preview":"max-image-preview:large","max-video-preview":"max-video-preview:-1"},"canonical":"https:\/\/lospoliticosveracruz.com\/?p=170386","og_locale":"es_ES","og_type":"article","og_title":"REAFIRMA ROSA MAR\u00cdA SU COMPROMISO CON TRABAJADORES - Los pol\u00edticos Veracruz","og_description":"La alcaldesa de Veracruz, Rosa Mar\u00eda Hern\u00e1ndez Espejo, reconoci\u00f3 a las y los trabajadores veracruzanos como pilar del desarrollo de la ciudad y reiter\u00f3 el compromiso de su administraci\u00f3n para seguir fortaleciendo sus derechos laborales. \u201cCuenten con el respaldo del Ayuntamiento de Veracruz; juntos, sostengamos lo alcanzado y sigamos avanzando por el bienestar de las [&hellip;]","og_url":"https:\/\/lospoliticosveracruz.com\/?p=170386","og_site_name":"Los pol\u00edticos Veracruz","article_publisher":"https:\/\/www.facebook.com\/people\/Notimemes-de-los-Polticos\/61565672886568\/","article_published_time":"2026-05-01T19:20:57+00:00","article_modified_time":"2026-05-01T19:20:59+00:00","og_image":[{"width":600,"height":320,"url":"https:\/\/lospoliticosveracruz.com\/wp-content\/uploads\/2026\/05\/IMG_5644.jpeg","type":"image\/jpeg"}],"author":"Lo viste en Los Pol\u00edticos","twitter_card":"summary_large_image","twitter_creator":"@LosPoliticosVer","twitter_site":"@LosPoliticosVer","twitter_misc":{"Escrito por":"Lo viste en Los Pol\u00edticos","Tiempo de lectura":"2 minutos"},"schema":{"@context":"https:\/\/schema.org","@graph":[{"@type":"Article","@id":"https:\/\/lospoliticosveracruz.com\/?p=170386#article","isPartOf":{"@id":"https:\/\/lospoliticosveracruz.com\/?p=170386"},"author":{"name":"Lo viste en Los Pol\u00edticos","@id":"https:\/\/lospoliticosveracruz.com\/#\/schema\/person\/b8702bb0e538456e6efd07080bf2a4a2"},"headline":"REAFIRMA ROSA MAR\u00cdA SU COMPROMISO CON TRABAJADORES","datePublished":"2026-05-01T19:20:57+00:00","dateModified":"2026-05-01T19:20:59+00:00","mainEntityOfPage":{"@id":"https:\/\/lospoliticosveracruz.com\/?p=170386"},"wordCount":255,"publisher":{"@id":"https:\/\/lospoliticosveracruz.com\/#organization"},"image":{"@id":"https:\/\/lospoliticosveracruz.com\/?p=170386#primaryimage"},"thumbnailUrl":"https:\/\/lospoliticosveracruz.com\/wp-content\/uploads\/2026\/05\/IMG_5644.jpeg","keywords":["Ayuntamiento de Veracruz","Congreso del Trabajo de Veracruz","Derechos laborales","D\u00eda del Trabajo en Veracruz","Leonel P\u00e9rez Herrera","Rosa Mar\u00eda Hern\u00e1ndez Espejo"],"articleSection":["DESDE JAROCHILANDIA"],"inLanguage":"es"},{"@type":"WebPage","@id":"https:\/\/lospoliticosveracruz.com\/?p=170386","url":"https:\/\/lospoliticosveracruz.com\/?p=170386","name":"REAFIRMA ROSA MAR\u00cdA SU COMPROMISO CON TRABAJADORES - Los pol\u00edticos Veracruz","isPartOf":{"@id":"https:\/\/lospoliticosveracruz.com\/#website"},"primaryImageOfPage":{"@id":"https:\/\/lospoliticosveracruz.com\/?p=170386#primaryimage"},"image":{"@id":"https:\/\/lospoliticosveracruz.com\/?p=170386#primaryimage"},"thumbnailUrl":"https:\/\/lospoliticosveracruz.com\/wp-content\/uploads\/2026\/05\/IMG_5644.jpeg","datePublished":"2026-05-01T19:20:57+00:00","dateModified":"2026-05-01T19:20:59+00:00","breadcrumb":{"@id":"https:\/\/lospoliticosveracruz.com\/?p=170386#breadcrumb"},"inLanguage":"es","potentialAction":[{"@type":"ReadAction","target":["https:\/\/lospoliticosveracruz.com\/?p=170386"]}]},{"@type":"ImageObject","inLanguage":"es","@id":"https:\/\/lospoliticosveracruz.com\/?p=170386#primaryimage","url":"https:\/\/lospoliticosveracruz.com\/wp-content\/uploads\/2026\/05\/IMG_5644.jpeg","contentUrl":"https:\/\/lospoliticosveracruz.com\/wp-content\/uploads\/2026\/05\/IMG_5644.jpeg","width":600,"height":320},{"@type":"BreadcrumbList","@id":"https:\/\/lospoliticosveracruz.com\/?p=170386#breadcrumb","itemListElement":[{"@type":"ListItem","position":1,"name":"Portada","item":"https:\/\/lospoliticosveracruz.com\/"},{"@type":"ListItem","position":2,"name":"REAFIRMA ROSA MAR\u00cdA SU COMPROMISO CON TRABAJADORES"}]},{"@type":"WebSite","@id":"https:\/\/lospoliticosveracruz.com\/#website","url":"https:\/\/lospoliticosveracruz.com\/","name":"Los pol\u00edticos Veracruz","description":"","publisher":{"@id":"https:\/\/lospoliticosveracruz.com\/#organization"},"potentialAction":[{"@type":"SearchAction","target":{"@type":"EntryPoint","urlTemplate":"https:\/\/lospoliticosveracruz.com\/?s={search_term_string}"},"query-input":{"@type":"PropertyValueSpecification","valueRequired":true,"valueName":"search_term_string"}}],"inLanguage":"es"},{"@type":"Organization","@id":"https:\/\/lospoliticosveracruz.com\/#organization","name":"Los pol\u00edticos Veracruz","url":"https:\/\/lospoliticosveracruz.com\/","logo":{"@type":"ImageObject","inLanguage":"es","@id":"https:\/\/lospoliticosveracruz.com\/#\/schema\/logo\/image\/","url":"https:\/\/lospoliticosveracruz.com\/wp-content\/uploads\/2025\/12\/Logo-Nuevo-LOS-POLITICOS-1.jpg","contentUrl":"https:\/\/lospoliticosveracruz.com\/wp-content\/uploads\/2025\/12\/Logo-Nuevo-LOS-POLITICOS-1.jpg","width":260,"height":70,"caption":"Los pol\u00edticos Veracruz"},"image":{"@id":"https:\/\/lospoliticosveracruz.com\/#\/schema\/logo\/image\/"},"sameAs":["https:\/\/www.facebook.com\/people\/Notimemes-de-los-Polticos\/61565672886568\/","https:\/\/x.com\/LosPoliticosVer"]},{"@type":"Person","@id":"https:\/\/lospoliticosveracruz.com\/#\/schema\/person\/b8702bb0e538456e6efd07080bf2a4a2","name":"Lo viste en Los Pol\u00edticos","image":{"@type":"ImageObject","inLanguage":"es","@id":"https:\/\/secure.gravatar.com\/avatar\/3a8de04a2656d44082be478bd6c086daa447c4651605818287b9532d3d0bd435?s=96&d=mm&r=g","url":"https:\/\/secure.gravatar.com\/avatar\/3a8de04a2656d44082be478bd6c086daa447c4651605818287b9532d3d0bd435?s=96&d=mm&r=g","contentUrl":"https:\/\/secure.gravatar.com\/avatar\/3a8de04a2656d44082be478bd6c086daa447c4651605818287b9532d3d0bd435?s=96&d=mm&r=g","caption":"Lo viste en Los Pol\u00edticos"},"url":"https:\/\/lospoliticosveracruz.com\/?author=2"}]}},"_links":{"self":[{"href":"https:\/\/lospoliticosveracruz.com\/index.php?rest_route=\/wp\/v2\/posts\/170386","targetHints":{"allow":["GET"]}}],"collection":[{"href":"https:\/\/lospoliticosveracruz.com\/index.php?rest_route=\/wp\/v2\/posts"}],"about":[{"href":"https:\/\/lospoliticosveracruz.com\/index.php?rest_route=\/wp\/v2\/types\/post"}],"author":[{"embeddable":true,"href":"https:\/\/lospoliticosveracruz.com\/index.php?rest_route=\/wp\/v2\/users\/2"}],"replies":[{"embeddable":true,"href":"https:\/\/lospoliticosveracruz.com\/index.php?rest_route=%2Fwp%2Fv2%2Fcomments&post=170386"}],"version-history":[{"count":1,"href":"https:\/\/lospoliticosveracruz.com\/index.php?rest_route=\/wp\/v2\/posts\/170386\/revisions"}],"predecessor-version":[{"id":170388,"href":"https:\/\/lospoliticosveracruz.com\/index.php?rest_route=\/wp\/v2\/posts\/170386\/revisions\/170388"}],"wp:featuredmedia":[{"embeddable":true,"href":"https:\/\/lospoliticosveracruz.com\/index.php?rest_route=\/wp\/v2\/media\/170387"}],"wp:attachment":[{"href":"https:\/\/lospoliticosveracruz.com\/index.php?rest_route=%2Fwp%2Fv2%2Fmedia&parent=170386"}],"wp:term":[{"taxonomy":"category","embeddable":true,"href":"https:\/\/lospoliticosveracruz.com\/index.php?rest_route=%2Fwp%2Fv2%2Fcategories&post=170386"},{"taxonomy":"post_tag","embeddable":true,"href":"https:\/\/lospoliticosveracruz.com\/index.php?rest_route=%2Fwp%2Fv2%2Ftags&post=170386"}],"curies":[{"name":"wp","href":"https:\/\/api.w.org\/{rel}","templated":true}]}}