{"id":170391,"date":"2026-05-01T18:12:01","date_gmt":"2026-05-02T00:12:01","guid":{"rendered":"https:\/\/lospoliticosveracruz.com\/?p=170391"},"modified":"2026-05-01T18:12:02","modified_gmt":"2026-05-02T00:12:02","slug":"desfile-de-aplausos-y-reclamos","status":"publish","type":"post","link":"https:\/\/lospoliticosveracruz.com\/?p=170391","title":{"rendered":"DESFILE DE APLAUSOS Y RECLAMOS!"},"content":{"rendered":"\n<p><strong>\u00c1ngeles Gonz\u00e1lez Ceballos&nbsp;<\/strong><\/p>\n\n\n\n<p>Este viernes 1 de Mayo, D\u00eda Internacional del Trabajo, en la capital veracruzana se llev\u00f3 a cabo una larga parada c\u00edvica en la que participaron m\u00e1s de 60 mil trabajadores, se trat\u00f3 de una marcha para demostrar la fortaleza y la lucha por la mejora de las condiciones laborales, por poco m\u00e1s de seis horas.<\/p>\n\n\n\n<p>\u00abBasta de corrupci\u00f3n, favoritismos y pr\u00e1cticas irregulares en la SEV\u00bb, dec\u00eda una de las lonas de la Secci\u00f3n 32 del SNTE o la protesta solitaria de la acad\u00e9mica de la Universidad Veracruzana, Mar\u00eda Garc\u00eda Araujo, quien exige a la Casa de Estudios el pago de m\u00e1s de 180 horas en l\u00ednea.<\/p>\n\n\n\n<p>Otros solicitaron la reinstalaci\u00f3n del banco de sangre en la Cl\u00ednica 50 del IMSS del municipio de \u00c1ngel R. Cabada, lugar estrat\u00e9gico para la atenci\u00f3n de los pacientes.<\/p>\n\n\n\n<p>Algunos sindicatos magisteriales exigieron el pago de vi\u00e1ticos mensuales de forma oportuna para el desempe\u00f1o de tareas de trabajo de t\u00e9cnicos docentes.<\/p>\n\n\n\n<p>Los trabajadores del DIF Estatal reclamaron la falta de prestaciones laborales como despensas, IPE o lentes.<\/p>\n\n\n\n<p>No falt\u00f3 quien protestara contra los sindicatos con una cartulina que defin\u00eda: \u00absindicatos blancos, verg\u00fcenza nacional, queremos libertad no control patronal\u00bb.<\/p>\n\n\n\n<p>Los integrantes del Sindicato Estatal del Personal Acad\u00e9mico de la Universidad Veracruzana (Fesapauv), protestaron contra de la aplicaci\u00f3n del salario regulador en las pensiones y jubilaciones.<\/p>\n\n\n\n<p>Durante dicho contingente, se record\u00f3 a quien por muchos a\u00f1os defendi\u00f3 a los acad\u00e9micos de Veracruz y el Pa\u00eds, al ingeniero Enrique Levet Gorozpe, quien siempre manifestaba: \u00abpor la fuerza de los derechos laborales, la defensa de la educaci\u00f3n p\u00fablica y la autonom\u00eda universitaria, larga vida al Fesapauv\u00bb.<\/p>\n\n\n\n<p>Bajo un intenso sol, el sector productivo de este estado, agremiados a distintas organizaciones sindicales de los poderes Ejecutivo, Legislativo y Judicial, obrero, del transporte p\u00fablico, entre muchos otros, marcharon frente a palacio de Gobierno, en donde la mandataria Roc\u00edo Nahle Garc\u00eda, encabez\u00f3 el desfile con una parte importante de su gabinete.<\/p>\n\n\n\n<p>En punto de las 9:00 horas, la Gobernadora sali\u00f3 de Palacio luego de saludar a los l\u00edderes sindicales de todo el Estado y junto con la mayor\u00eda de las mujeres l\u00edderes, inici\u00f3 la marcha de los trabajadores.<\/p>\n\n\n\n<p>Las m\u00e1s grandes organizaciones fueron las que abrieron la parada c\u00edvica como la CROC, la CTM, los sindicatos magisteriales como el SNTE, con sus dos secciones, la 32 y la 56, as\u00ed como otros como el Fesapauv, que aglutina a los trabajadores acad\u00e9micos de la Universidad Veracruzana y los de AFECUV.<\/p>\n\n\n\n<p>El desfile se llev\u00f3 a cabo con tranquilidad, se esperaba protestas de los trabajadores de la UPAV o de los sindicatos de la Secretar\u00eda de Salud.<\/p>\n\n\n\n<p>Los contingentes avanzaron desde las 9 y hasta las 15:00 horas, en total calma, acompa\u00f1ados por diversas marching bands que han distinguido a Veracruz a nivel nacional o internacional.<\/p>\n\n\n\n<p>Lamentablemente, al inicio del desfile una mujer en situaci\u00f3n de calle, en presunto estado de ebriedad se meti\u00f3 a la calle Enr\u00edquez y agredi\u00f3 a una mujer polic\u00eda al pedirle que se retirara.<\/p>\n\n\n\n<p>La mujer, quien ha protagonizado algunas otras agresiones en el centro de la Ciudad, trat\u00f3 de golpear en diversas ocasiones a la elemento de la SSP, pero logr\u00f3 esquivar sus golpes, a los pocos minutos fue retirada por personal del gobierno de Veracruz.<\/p>\n","protected":false},"excerpt":{"rendered":"<p>\u00c1ngeles Gonz\u00e1lez Ceballos&nbsp; Este viernes 1 de Mayo, D\u00eda Internacional del Trabajo, en la capital veracruzana se llev\u00f3 a cabo una larga parada c\u00edvica en la que participaron m\u00e1s de 60 mil trabajadores, se trat\u00f3 de una marcha para demostrar la fortaleza y la lucha por la mejora de las condiciones laborales, por poco m\u00e1s [&hellip;]<\/p>\n","protected":false},"author":2,"featured_media":170392,"comment_status":"closed","ping_status":"closed","sticky":false,"template":"","format":"standard","meta":{"tdm_status":"","tdm_grid_status":"","footnotes":""},"categories":[6446],"tags":[49986,62719,782,3578,54668,219],"class_list":{"0":"post-170391","1":"post","2":"type-post","3":"status-publish","4":"format-standard","5":"has-post-thumbnail","7":"category-la-nota","8":"tag-angeles-gonzalez-ceballos","9":"tag-desfile-1-de-mayo-xalapa","10":"tag-fesapauv","11":"tag-rocio-nahle","12":"tag-snte-seccion-32","13":"tag-universidad-veracruzana"},"yoast_head":"<!-- This site is optimized with the Yoast SEO plugin v27.4 - https:\/\/yoast.com\/product\/yoast-seo-wordpress\/ -->\n<title>DESFILE DE APLAUSOS Y RECLAMOS! - Los pol\u00edticos Veracruz<\/title>\n<meta name=\"robots\" content=\"index, follow, max-snippet:-1, max-image-preview:large, max-video-preview:-1\" \/>\n<link rel=\"canonical\" href=\"https:\/\/lospoliticosveracruz.com\/?p=170391\" \/>\n<meta property=\"og:locale\" content=\"es_ES\" \/>\n<meta property=\"og:type\" content=\"article\" \/>\n<meta property=\"og:title\" content=\"DESFILE DE APLAUSOS Y RECLAMOS! - Los pol\u00edticos Veracruz\" \/>\n<meta property=\"og:description\" content=\"\u00c1ngeles Gonz\u00e1lez Ceballos&nbsp; Este viernes 1 de Mayo, D\u00eda Internacional del Trabajo, en la capital veracruzana se llev\u00f3 a cabo una larga parada c\u00edvica en la que participaron m\u00e1s de 60 mil trabajadores, se trat\u00f3 de una marcha para demostrar la fortaleza y la lucha por la mejora de las condiciones laborales, por poco m\u00e1s [&hellip;]\" \/>\n<meta property=\"og:url\" content=\"https:\/\/lospoliticosveracruz.com\/?p=170391\" \/>\n<meta property=\"og:site_name\" content=\"Los pol\u00edticos Veracruz\" \/>\n<meta property=\"article:publisher\" content=\"https:\/\/www.facebook.com\/people\/Notimemes-de-los-Polticos\/61565672886568\/\" \/>\n<meta property=\"article:published_time\" content=\"2026-05-02T00:12:01+00:00\" \/>\n<meta property=\"article:modified_time\" content=\"2026-05-02T00:12:02+00:00\" \/>\n<meta property=\"og:image\" content=\"https:\/\/lospoliticosveracruz.com\/wp-content\/uploads\/2026\/05\/IMG_5658.jpeg\" \/>\n\t<meta property=\"og:image:width\" content=\"600\" \/>\n\t<meta property=\"og:image:height\" content=\"320\" \/>\n\t<meta property=\"og:image:type\" content=\"image\/jpeg\" \/>\n<meta name=\"author\" content=\"Lo viste en Los Pol\u00edticos\" \/>\n<meta name=\"twitter:card\" content=\"summary_large_image\" \/>\n<meta name=\"twitter:creator\" content=\"@LosPoliticosVer\" \/>\n<meta name=\"twitter:site\" content=\"@LosPoliticosVer\" \/>\n<meta name=\"twitter:label1\" content=\"Escrito por\" \/>\n\t<meta name=\"twitter:data1\" content=\"Lo viste en Los Pol\u00edticos\" \/>\n\t<meta name=\"twitter:label2\" content=\"Tiempo de lectura\" \/>\n\t<meta name=\"twitter:data2\" content=\"3 minutos\" \/>\n<script type=\"application\/ld+json\" class=\"yoast-schema-graph\">{\"@context\":\"https:\\\/\\\/schema.org\",\"@graph\":[{\"@type\":\"Article\",\"@id\":\"https:\\\/\\\/lospoliticosveracruz.com\\\/?p=170391#article\",\"isPartOf\":{\"@id\":\"https:\\\/\\\/lospoliticosveracruz.com\\\/?p=170391\"},\"author\":{\"name\":\"Lo viste en Los Pol\u00edticos\",\"@id\":\"https:\\\/\\\/lospoliticosveracruz.com\\\/#\\\/schema\\\/person\\\/b8702bb0e538456e6efd07080bf2a4a2\"},\"headline\":\"DESFILE DE APLAUSOS Y RECLAMOS!\",\"datePublished\":\"2026-05-02T00:12:01+00:00\",\"dateModified\":\"2026-05-02T00:12:02+00:00\",\"mainEntityOfPage\":{\"@id\":\"https:\\\/\\\/lospoliticosveracruz.com\\\/?p=170391\"},\"wordCount\":582,\"publisher\":{\"@id\":\"https:\\\/\\\/lospoliticosveracruz.com\\\/#organization\"},\"image\":{\"@id\":\"https:\\\/\\\/lospoliticosveracruz.com\\\/?p=170391#primaryimage\"},\"thumbnailUrl\":\"https:\\\/\\\/lospoliticosveracruz.com\\\/wp-content\\\/uploads\\\/2026\\\/05\\\/IMG_5658.jpeg\",\"keywords\":[\"\u00c1ngeles Gonz\u00e1lez Ceballos\",\"Desfile 1 de mayo Xalapa\",\"FESAPAUV\",\"Roc\u00edo Nahle\",\"SNTE Secci\u00f3n 32\",\"Universidad Veracruzana\"],\"articleSection\":[\"La Nota\"],\"inLanguage\":\"es\"},{\"@type\":\"WebPage\",\"@id\":\"https:\\\/\\\/lospoliticosveracruz.com\\\/?p=170391\",\"url\":\"https:\\\/\\\/lospoliticosveracruz.com\\\/?p=170391\",\"name\":\"DESFILE DE APLAUSOS Y RECLAMOS! - Los pol\u00edticos Veracruz\",\"isPartOf\":{\"@id\":\"https:\\\/\\\/lospoliticosveracruz.com\\\/#website\"},\"primaryImageOfPage\":{\"@id\":\"https:\\\/\\\/lospoliticosveracruz.com\\\/?p=170391#primaryimage\"},\"image\":{\"@id\":\"https:\\\/\\\/lospoliticosveracruz.com\\\/?p=170391#primaryimage\"},\"thumbnailUrl\":\"https:\\\/\\\/lospoliticosveracruz.com\\\/wp-content\\\/uploads\\\/2026\\\/05\\\/IMG_5658.jpeg\",\"datePublished\":\"2026-05-02T00:12:01+00:00\",\"dateModified\":\"2026-05-02T00:12:02+00:00\",\"breadcrumb\":{\"@id\":\"https:\\\/\\\/lospoliticosveracruz.com\\\/?p=170391#breadcrumb\"},\"inLanguage\":\"es\",\"potentialAction\":[{\"@type\":\"ReadAction\",\"target\":[\"https:\\\/\\\/lospoliticosveracruz.com\\\/?p=170391\"]}]},{\"@type\":\"ImageObject\",\"inLanguage\":\"es\",\"@id\":\"https:\\\/\\\/lospoliticosveracruz.com\\\/?p=170391#primaryimage\",\"url\":\"https:\\\/\\\/lospoliticosveracruz.com\\\/wp-content\\\/uploads\\\/2026\\\/05\\\/IMG_5658.jpeg\",\"contentUrl\":\"https:\\\/\\\/lospoliticosveracruz.com\\\/wp-content\\\/uploads\\\/2026\\\/05\\\/IMG_5658.jpeg\",\"width\":600,\"height\":320},{\"@type\":\"BreadcrumbList\",\"@id\":\"https:\\\/\\\/lospoliticosveracruz.com\\\/?p=170391#breadcrumb\",\"itemListElement\":[{\"@type\":\"ListItem\",\"position\":1,\"name\":\"Portada\",\"item\":\"https:\\\/\\\/lospoliticosveracruz.com\\\/\"},{\"@type\":\"ListItem\",\"position\":2,\"name\":\"DESFILE DE APLAUSOS Y RECLAMOS!\"}]},{\"@type\":\"WebSite\",\"@id\":\"https:\\\/\\\/lospoliticosveracruz.com\\\/#website\",\"url\":\"https:\\\/\\\/lospoliticosveracruz.com\\\/\",\"name\":\"Los pol\u00edticos Veracruz\",\"description\":\"\",\"publisher\":{\"@id\":\"https:\\\/\\\/lospoliticosveracruz.com\\\/#organization\"},\"potentialAction\":[{\"@type\":\"SearchAction\",\"target\":{\"@type\":\"EntryPoint\",\"urlTemplate\":\"https:\\\/\\\/lospoliticosveracruz.com\\\/?s={search_term_string}\"},\"query-input\":{\"@type\":\"PropertyValueSpecification\",\"valueRequired\":true,\"valueName\":\"search_term_string\"}}],\"inLanguage\":\"es\"},{\"@type\":\"Organization\",\"@id\":\"https:\\\/\\\/lospoliticosveracruz.com\\\/#organization\",\"name\":\"Los pol\u00edticos Veracruz\",\"url\":\"https:\\\/\\\/lospoliticosveracruz.com\\\/\",\"logo\":{\"@type\":\"ImageObject\",\"inLanguage\":\"es\",\"@id\":\"https:\\\/\\\/lospoliticosveracruz.com\\\/#\\\/schema\\\/logo\\\/image\\\/\",\"url\":\"https:\\\/\\\/lospoliticosveracruz.com\\\/wp-content\\\/uploads\\\/2025\\\/12\\\/Logo-Nuevo-LOS-POLITICOS-1.jpg\",\"contentUrl\":\"https:\\\/\\\/lospoliticosveracruz.com\\\/wp-content\\\/uploads\\\/2025\\\/12\\\/Logo-Nuevo-LOS-POLITICOS-1.jpg\",\"width\":260,\"height\":70,\"caption\":\"Los pol\u00edticos Veracruz\"},\"image\":{\"@id\":\"https:\\\/\\\/lospoliticosveracruz.com\\\/#\\\/schema\\\/logo\\\/image\\\/\"},\"sameAs\":[\"https:\\\/\\\/www.facebook.com\\\/people\\\/Notimemes-de-los-Polticos\\\/61565672886568\\\/\",\"https:\\\/\\\/x.com\\\/LosPoliticosVer\"]},{\"@type\":\"Person\",\"@id\":\"https:\\\/\\\/lospoliticosveracruz.com\\\/#\\\/schema\\\/person\\\/b8702bb0e538456e6efd07080bf2a4a2\",\"name\":\"Lo viste en Los Pol\u00edticos\",\"image\":{\"@type\":\"ImageObject\",\"inLanguage\":\"es\",\"@id\":\"https:\\\/\\\/secure.gravatar.com\\\/avatar\\\/3a8de04a2656d44082be478bd6c086daa447c4651605818287b9532d3d0bd435?s=96&d=mm&r=g\",\"url\":\"https:\\\/\\\/secure.gravatar.com\\\/avatar\\\/3a8de04a2656d44082be478bd6c086daa447c4651605818287b9532d3d0bd435?s=96&d=mm&r=g\",\"contentUrl\":\"https:\\\/\\\/secure.gravatar.com\\\/avatar\\\/3a8de04a2656d44082be478bd6c086daa447c4651605818287b9532d3d0bd435?s=96&d=mm&r=g\",\"caption\":\"Lo viste en Los Pol\u00edticos\"},\"url\":\"https:\\\/\\\/lospoliticosveracruz.com\\\/?author=2\"}]}<\/script>\n<!-- \/ Yoast SEO plugin. -->","yoast_head_json":{"title":"DESFILE DE APLAUSOS Y RECLAMOS! - Los pol\u00edticos Veracruz","robots":{"index":"index","follow":"follow","max-snippet":"max-snippet:-1","max-image-preview":"max-image-preview:large","max-video-preview":"max-video-preview:-1"},"canonical":"https:\/\/lospoliticosveracruz.com\/?p=170391","og_locale":"es_ES","og_type":"article","og_title":"DESFILE DE APLAUSOS Y RECLAMOS! - Los pol\u00edticos Veracruz","og_description":"\u00c1ngeles Gonz\u00e1lez Ceballos&nbsp; Este viernes 1 de Mayo, D\u00eda Internacional del Trabajo, en la capital veracruzana se llev\u00f3 a cabo una larga parada c\u00edvica en la que participaron m\u00e1s de 60 mil trabajadores, se trat\u00f3 de una marcha para demostrar la fortaleza y la lucha por la mejora de las condiciones laborales, por poco m\u00e1s [&hellip;]","og_url":"https:\/\/lospoliticosveracruz.com\/?p=170391","og_site_name":"Los pol\u00edticos Veracruz","article_publisher":"https:\/\/www.facebook.com\/people\/Notimemes-de-los-Polticos\/61565672886568\/","article_published_time":"2026-05-02T00:12:01+00:00","article_modified_time":"2026-05-02T00:12:02+00:00","og_image":[{"width":600,"height":320,"url":"https:\/\/lospoliticosveracruz.com\/wp-content\/uploads\/2026\/05\/IMG_5658.jpeg","type":"image\/jpeg"}],"author":"Lo viste en Los Pol\u00edticos","twitter_card":"summary_large_image","twitter_creator":"@LosPoliticosVer","twitter_site":"@LosPoliticosVer","twitter_misc":{"Escrito por":"Lo viste en Los Pol\u00edticos","Tiempo de lectura":"3 minutos"},"schema":{"@context":"https:\/\/schema.org","@graph":[{"@type":"Article","@id":"https:\/\/lospoliticosveracruz.com\/?p=170391#article","isPartOf":{"@id":"https:\/\/lospoliticosveracruz.com\/?p=170391"},"author":{"name":"Lo viste en Los Pol\u00edticos","@id":"https:\/\/lospoliticosveracruz.com\/#\/schema\/person\/b8702bb0e538456e6efd07080bf2a4a2"},"headline":"DESFILE DE APLAUSOS Y RECLAMOS!","datePublished":"2026-05-02T00:12:01+00:00","dateModified":"2026-05-02T00:12:02+00:00","mainEntityOfPage":{"@id":"https:\/\/lospoliticosveracruz.com\/?p=170391"},"wordCount":582,"publisher":{"@id":"https:\/\/lospoliticosveracruz.com\/#organization"},"image":{"@id":"https:\/\/lospoliticosveracruz.com\/?p=170391#primaryimage"},"thumbnailUrl":"https:\/\/lospoliticosveracruz.com\/wp-content\/uploads\/2026\/05\/IMG_5658.jpeg","keywords":["\u00c1ngeles Gonz\u00e1lez Ceballos","Desfile 1 de mayo Xalapa","FESAPAUV","Roc\u00edo Nahle","SNTE Secci\u00f3n 32","Universidad Veracruzana"],"articleSection":["La Nota"],"inLanguage":"es"},{"@type":"WebPage","@id":"https:\/\/lospoliticosveracruz.com\/?p=170391","url":"https:\/\/lospoliticosveracruz.com\/?p=170391","name":"DESFILE DE APLAUSOS Y RECLAMOS! - Los pol\u00edticos Veracruz","isPartOf":{"@id":"https:\/\/lospoliticosveracruz.com\/#website"},"primaryImageOfPage":{"@id":"https:\/\/lospoliticosveracruz.com\/?p=170391#primaryimage"},"image":{"@id":"https:\/\/lospoliticosveracruz.com\/?p=170391#primaryimage"},"thumbnailUrl":"https:\/\/lospoliticosveracruz.com\/wp-content\/uploads\/2026\/05\/IMG_5658.jpeg","datePublished":"2026-05-02T00:12:01+00:00","dateModified":"2026-05-02T00:12:02+00:00","breadcrumb":{"@id":"https:\/\/lospoliticosveracruz.com\/?p=170391#breadcrumb"},"inLanguage":"es","potentialAction":[{"@type":"ReadAction","target":["https:\/\/lospoliticosveracruz.com\/?p=170391"]}]},{"@type":"ImageObject","inLanguage":"es","@id":"https:\/\/lospoliticosveracruz.com\/?p=170391#primaryimage","url":"https:\/\/lospoliticosveracruz.com\/wp-content\/uploads\/2026\/05\/IMG_5658.jpeg","contentUrl":"https:\/\/lospoliticosveracruz.com\/wp-content\/uploads\/2026\/05\/IMG_5658.jpeg","width":600,"height":320},{"@type":"BreadcrumbList","@id":"https:\/\/lospoliticosveracruz.com\/?p=170391#breadcrumb","itemListElement":[{"@type":"ListItem","position":1,"name":"Portada","item":"https:\/\/lospoliticosveracruz.com\/"},{"@type":"ListItem","position":2,"name":"DESFILE DE APLAUSOS Y RECLAMOS!"}]},{"@type":"WebSite","@id":"https:\/\/lospoliticosveracruz.com\/#website","url":"https:\/\/lospoliticosveracruz.com\/","name":"Los pol\u00edticos Veracruz","description":"","publisher":{"@id":"https:\/\/lospoliticosveracruz.com\/#organization"},"potentialAction":[{"@type":"SearchAction","target":{"@type":"EntryPoint","urlTemplate":"https:\/\/lospoliticosveracruz.com\/?s={search_term_string}"},"query-input":{"@type":"PropertyValueSpecification","valueRequired":true,"valueName":"search_term_string"}}],"inLanguage":"es"},{"@type":"Organization","@id":"https:\/\/lospoliticosveracruz.com\/#organization","name":"Los pol\u00edticos Veracruz","url":"https:\/\/lospoliticosveracruz.com\/","logo":{"@type":"ImageObject","inLanguage":"es","@id":"https:\/\/lospoliticosveracruz.com\/#\/schema\/logo\/image\/","url":"https:\/\/lospoliticosveracruz.com\/wp-content\/uploads\/2025\/12\/Logo-Nuevo-LOS-POLITICOS-1.jpg","contentUrl":"https:\/\/lospoliticosveracruz.com\/wp-content\/uploads\/2025\/12\/Logo-Nuevo-LOS-POLITICOS-1.jpg","width":260,"height":70,"caption":"Los pol\u00edticos Veracruz"},"image":{"@id":"https:\/\/lospoliticosveracruz.com\/#\/schema\/logo\/image\/"},"sameAs":["https:\/\/www.facebook.com\/people\/Notimemes-de-los-Polticos\/61565672886568\/","https:\/\/x.com\/LosPoliticosVer"]},{"@type":"Person","@id":"https:\/\/lospoliticosveracruz.com\/#\/schema\/person\/b8702bb0e538456e6efd07080bf2a4a2","name":"Lo viste en Los Pol\u00edticos","image":{"@type":"ImageObject","inLanguage":"es","@id":"https:\/\/secure.gravatar.com\/avatar\/3a8de04a2656d44082be478bd6c086daa447c4651605818287b9532d3d0bd435?s=96&d=mm&r=g","url":"https:\/\/secure.gravatar.com\/avatar\/3a8de04a2656d44082be478bd6c086daa447c4651605818287b9532d3d0bd435?s=96&d=mm&r=g","contentUrl":"https:\/\/secure.gravatar.com\/avatar\/3a8de04a2656d44082be478bd6c086daa447c4651605818287b9532d3d0bd435?s=96&d=mm&r=g","caption":"Lo viste en Los Pol\u00edticos"},"url":"https:\/\/lospoliticosveracruz.com\/?author=2"}]}},"_links":{"self":[{"href":"https:\/\/lospoliticosveracruz.com\/index.php?rest_route=\/wp\/v2\/posts\/170391","targetHints":{"allow":["GET"]}}],"collection":[{"href":"https:\/\/lospoliticosveracruz.com\/index.php?rest_route=\/wp\/v2\/posts"}],"about":[{"href":"https:\/\/lospoliticosveracruz.com\/index.php?rest_route=\/wp\/v2\/types\/post"}],"author":[{"embeddable":true,"href":"https:\/\/lospoliticosveracruz.com\/index.php?rest_route=\/wp\/v2\/users\/2"}],"replies":[{"embeddable":true,"href":"https:\/\/lospoliticosveracruz.com\/index.php?rest_route=%2Fwp%2Fv2%2Fcomments&post=170391"}],"version-history":[{"count":1,"href":"https:\/\/lospoliticosveracruz.com\/index.php?rest_route=\/wp\/v2\/posts\/170391\/revisions"}],"predecessor-version":[{"id":170393,"href":"https:\/\/lospoliticosveracruz.com\/index.php?rest_route=\/wp\/v2\/posts\/170391\/revisions\/170393"}],"wp:featuredmedia":[{"embeddable":true,"href":"https:\/\/lospoliticosveracruz.com\/index.php?rest_route=\/wp\/v2\/media\/170392"}],"wp:attachment":[{"href":"https:\/\/lospoliticosveracruz.com\/index.php?rest_route=%2Fwp%2Fv2%2Fmedia&parent=170391"}],"wp:term":[{"taxonomy":"category","embeddable":true,"href":"https:\/\/lospoliticosveracruz.com\/index.php?rest_route=%2Fwp%2Fv2%2Fcategories&post=170391"},{"taxonomy":"post_tag","embeddable":true,"href":"https:\/\/lospoliticosveracruz.com\/index.php?rest_route=%2Fwp%2Fv2%2Ftags&post=170391"}],"curies":[{"name":"wp","href":"https:\/\/api.w.org\/{rel}","templated":true}]}}