{"id":170394,"date":"2026-05-01T20:13:14","date_gmt":"2026-05-02T02:13:14","guid":{"rendered":"https:\/\/lospoliticosveracruz.com\/?p=170394"},"modified":"2026-05-01T20:13:33","modified_gmt":"2026-05-02T02:13:33","slug":"crisis-en-cfe-veracruz-por-altas-temperaturas","status":"publish","type":"post","link":"https:\/\/lospoliticosveracruz.com\/?p=170394","title":{"rendered":"CRISIS EN CFE VERACRUZ POR ALTAS TEMPERATURAS"},"content":{"rendered":"\n<p><strong>&nbsp;Jos\u00e9 Luis Enr\u00edquez Ambell&nbsp;<\/strong><\/p>\n\n\n\n<p><em>Caf\u00e9 de Ma\u00f1ana<\/em><\/p>\n\n\n\n<p>La CFE &#8211; en Veracruz &#8211; durante la temporada anual de calor (abril, mayo, junio y julio), se ve rebasada por la crisis de sobrecarga en su universo de transformadores y de las&nbsp;&nbsp;subestaciones, situaci\u00f3n que se agrava m\u00e1s all\u00e1 de causas por las altas temperaturas, al&nbsp;&nbsp;ser evidente que cuentan con una infraestructura antigua y que no goza de las mejores condiciones, pues en los \u00faltimos a\u00f1os poco o nada le han invertido en conservaci\u00f3n y mantenimiento.<\/p>\n\n\n\n<p>En estos meses del a\u00f1o, el uso elevado de equipos de aire acondicionado as\u00ed como, ventiladores y refrigeraci\u00f3n que sumado a la quebrantada infraestructura, se presentan fallas masivas en las zonas conurbadas ubicadas frente al litoral del Golfo de M\u00e9xico; sobre el norte, centro y sur del estado, pues NO sobra decir que el salitre coopera en estos da\u00f1os.<\/p>\n\n\n\n<p>Sobrecarga e Infraestructura saturada en Transformadores operando a su m\u00e1xima capacidad explotan o fallan, evidenciando esa falta de una programaci\u00f3n y presupuesto para invertir en el necesario mantenimiento.<\/p>\n\n\n\n<p>Y es que, los apagones que miles de familias enfrentan en diversas zonas de localidades y colonias &#8211; urbanas y rurales &#8211; al pasar d\u00edas sin luz, superan un simple malestar social, y hay quienes organizados o no, pero deciden protestar con bloqueos y muchas veces con el riesgo de salirse de control para las autoridades en su conjunto, y ya algunas veces la poblaci\u00f3n ha retenido personal oficial al NO ser atendidos.<\/p>\n\n\n\n<p>Quienes saben t\u00e9cnicamente, aseguran que esa crisis de la \u00e9poca, da\u00f1a a quienes lo viven directamente, pero a terceros tambi\u00e9n por las variaciones de voltaje en electrodom\u00e9sticos, entre otros aparatos. Y por si esto no fuera suficiente, estas circunstancias impacta en la suspensi\u00f3n de la distribuci\u00f3n de agua potable en sectores de la poblaci\u00f3n al afectarse tanques reguladores, aunque no todos, afortunadamente.<\/p>\n\n\n\n<p>Un ingrediente pasivo y activo, y denominado como conexiones irregulares e ilegales, tambi\u00e9n llamados; \u00abdiablitos\u00bb producen una sobrecarga en la red de la Comisi\u00f3n Federal de Electricidad de mayores dimensiones.<\/p>\n\n\n\n<p>Los nuevos Ayuntamientos en Veracruz, todos, traen deudas y pasivos por el servicio de la energ\u00eda el\u00e9ctrica, pero en&nbsp;&nbsp;descargo de las autoridades municipales, es importante decir que la CFE a\u00fan con un malo, regular o buen suministro en el servicio, tiene tarifas injustas &#8211; situaci\u00f3n que organizaciones sociales suelen promover contra la paraestatal &#8211; reclaman tarifa preferencial por el calor extremo, pero no se aplica a todos los municipios afectados.<\/p>\n\n\n\n<p>Y es que el vecino estado de Tabasco mantiene beneficios significativos en sus tarifas de energ\u00eda el\u00e9ctrica, gracias a los convenios firmados entre aquel Gobierno del Estado y la CFE, que les garantiza la tarifa 1F y que es la m\u00e1s baja del pa\u00eds para uso dom\u00e9stico.&nbsp;<\/p>\n\n\n\n<p><strong>DE SOBREMESA<\/strong><\/p>\n\n\n\n<p>A pesar de los esfuerzos que ha hecho CFE en el sentido de dar servicio de primera a sus usuarios, de \u00abclase mundial\u00bb c\u00f3mo dice su slogan, pues nada m\u00e1s no se puede, y esto es por la sencilla raz\u00f3n de que sus programas por el concepto de mantenimiento ya son bastante insuficientes, ya sea por \u00e9l crecimiento poblacional, o bien porque sus instalaciones son muy viejas y la otra, porque la falta de recursos aplicables a lo anteriormente mencionado,&nbsp;&nbsp;pues nada m\u00e1s no fluye.<\/p>\n\n\n\n<p>El problema muy aparte de la distribuci\u00f3n, ya sea en media o baja tensi\u00f3n son los ramales de ambos circuitos que se encuentran saturados. Pensemos en que un circuito de media tensi\u00f3n que fue creado hace 20 o 30 a\u00f1os, para el abastecimiento a un n\u00famero determinado de usuarios, pero hoy tiene por lo menos el doble de servicios. Ejemplo, un transformador de 75 Kva que pudo abastecer hace unos 20 a\u00f1os a 60 o 70 usuarios, y que no ten\u00edan aire acondicionado, entonces, hoy no puede servir a esos mismos usuarios, pero ahora con m\u00e1s climas en cada casa, es imposible.<\/p>\n\n\n\n<p><strong>UN CAF\u00c9 LECHERO LIGHT&nbsp;<\/strong><\/p>\n\n\n\n<p>La falta de mantenimiento y de ampliaci\u00f3n a las subestaciones en la CFE, es un problema para todos.<\/p>\n\n\n\n<p><strong>UN CAF\u00c9 CON PILONCILLO&nbsp;<\/strong><\/p>\n\n\n\n<p>\u00bf Alguna autoridad nos podr\u00e1 explicar avances ofrecidos en recientes a\u00f1os por la obra de Constellation Brands entorno a trabajos de construcci\u00f3n en la materia de servicios de energ\u00eda por la CFE en Vargas, municipio de Veracruz, Ver., y de la que se ha dicho iniciar\u00e1 operaciones en su primera etapa, en agosto de 2026 ?<\/p>\n\n\n\n<p>\u00a1ES CUANTO!<\/p>\n\n\n\n<p>enriquezambell@gmail.com;<\/p>\n\n\n\n<p>enamjl62@gmail.com<\/p>\n\n\n\n<p><\/p>\n","protected":false},"excerpt":{"rendered":"<p>&nbsp;Jos\u00e9 Luis Enr\u00edquez Ambell&nbsp; Caf\u00e9 de Ma\u00f1ana La CFE &#8211; en Veracruz &#8211; durante la temporada anual de calor (abril, mayo, junio y julio), se ve rebasada por la crisis de sobrecarga en su universo de transformadores y de las&nbsp;&nbsp;subestaciones, situaci\u00f3n que se agrava m\u00e1s all\u00e1 de causas por las altas temperaturas, al&nbsp;&nbsp;ser evidente que [&hellip;]<\/p>\n","protected":false},"author":2,"featured_media":141435,"comment_status":"closed","ping_status":"closed","sticky":false,"template":"","format":"standard","meta":{"tdm_status":"","tdm_grid_status":"","footnotes":""},"categories":[70],"tags":[62927,53899,62928,62926,8383,62929,62930],"class_list":{"0":"post-170394","1":"post","2":"type-post","3":"status-publish","4":"format-standard","5":"has-post-thumbnail","7":"category-de-opinion","8":"tag-apagones-en-veracruz","9":"tag-cfe-veracruz","10":"tag-crisis-energetica-2026","11":"tag-infraestructura-electrica-veracruz","12":"tag-jose-luis-enriquez-ambell","13":"tag-mantenimiento-de-subestaciones-cfe","14":"tag-tarifas-de-luz-en-veracruz"},"yoast_head":"<!-- This site is optimized with the Yoast SEO plugin v27.4 - https:\/\/yoast.com\/product\/yoast-seo-wordpress\/ -->\n<title>CRISIS EN CFE VERACRUZ POR ALTAS TEMPERATURAS - Los pol\u00edticos Veracruz<\/title>\n<meta name=\"robots\" content=\"index, follow, max-snippet:-1, max-image-preview:large, max-video-preview:-1\" \/>\n<link rel=\"canonical\" href=\"https:\/\/lospoliticosveracruz.com\/?p=170394\" \/>\n<meta property=\"og:locale\" content=\"es_ES\" \/>\n<meta property=\"og:type\" content=\"article\" \/>\n<meta property=\"og:title\" content=\"CRISIS EN CFE VERACRUZ POR ALTAS TEMPERATURAS - Los pol\u00edticos Veracruz\" \/>\n<meta property=\"og:description\" content=\"&nbsp;Jos\u00e9 Luis Enr\u00edquez Ambell&nbsp; Caf\u00e9 de Ma\u00f1ana La CFE &#8211; en Veracruz &#8211; durante la temporada anual de calor (abril, mayo, junio y julio), se ve rebasada por la crisis de sobrecarga en su universo de transformadores y de las&nbsp;&nbsp;subestaciones, situaci\u00f3n que se agrava m\u00e1s all\u00e1 de causas por las altas temperaturas, al&nbsp;&nbsp;ser evidente que [&hellip;]\" \/>\n<meta property=\"og:url\" content=\"https:\/\/lospoliticosveracruz.com\/?p=170394\" \/>\n<meta property=\"og:site_name\" content=\"Los pol\u00edticos Veracruz\" \/>\n<meta property=\"article:publisher\" content=\"https:\/\/www.facebook.com\/people\/Notimemes-de-los-Polticos\/61565672886568\/\" \/>\n<meta property=\"article:published_time\" content=\"2026-05-02T02:13:14+00:00\" \/>\n<meta property=\"article:modified_time\" content=\"2026-05-02T02:13:33+00:00\" \/>\n<meta property=\"og:image\" content=\"https:\/\/lospoliticosveracruz.com\/wp-content\/uploads\/2025\/04\/Ambell.jpg\" \/>\n\t<meta property=\"og:image:width\" content=\"1250\" \/>\n\t<meta property=\"og:image:height\" content=\"667\" \/>\n\t<meta property=\"og:image:type\" content=\"image\/jpeg\" \/>\n<meta name=\"author\" content=\"Lo viste en Los Pol\u00edticos\" \/>\n<meta name=\"twitter:card\" content=\"summary_large_image\" \/>\n<meta name=\"twitter:creator\" content=\"@LosPoliticosVer\" \/>\n<meta name=\"twitter:site\" content=\"@LosPoliticosVer\" \/>\n<meta name=\"twitter:label1\" content=\"Escrito por\" \/>\n\t<meta name=\"twitter:data1\" content=\"Lo viste en Los Pol\u00edticos\" \/>\n\t<meta name=\"twitter:label2\" content=\"Tiempo de lectura\" \/>\n\t<meta name=\"twitter:data2\" content=\"4 minutos\" \/>\n<script type=\"application\/ld+json\" class=\"yoast-schema-graph\">{\"@context\":\"https:\\\/\\\/schema.org\",\"@graph\":[{\"@type\":\"Article\",\"@id\":\"https:\\\/\\\/lospoliticosveracruz.com\\\/?p=170394#article\",\"isPartOf\":{\"@id\":\"https:\\\/\\\/lospoliticosveracruz.com\\\/?p=170394\"},\"author\":{\"name\":\"Lo viste en Los Pol\u00edticos\",\"@id\":\"https:\\\/\\\/lospoliticosveracruz.com\\\/#\\\/schema\\\/person\\\/b8702bb0e538456e6efd07080bf2a4a2\"},\"headline\":\"CRISIS EN CFE VERACRUZ POR ALTAS TEMPERATURAS\",\"datePublished\":\"2026-05-02T02:13:14+00:00\",\"dateModified\":\"2026-05-02T02:13:33+00:00\",\"mainEntityOfPage\":{\"@id\":\"https:\\\/\\\/lospoliticosveracruz.com\\\/?p=170394\"},\"wordCount\":793,\"publisher\":{\"@id\":\"https:\\\/\\\/lospoliticosveracruz.com\\\/#organization\"},\"image\":{\"@id\":\"https:\\\/\\\/lospoliticosveracruz.com\\\/?p=170394#primaryimage\"},\"thumbnailUrl\":\"https:\\\/\\\/lospoliticosveracruz.com\\\/wp-content\\\/uploads\\\/2025\\\/04\\\/Ambell.jpg\",\"keywords\":[\"apagones en Veracruz\",\"CFE Veracruz\",\"crisis energ\u00e9tica 2026\",\"infraestructura el\u00e9ctrica Veracruz\",\"Jos\u00e9 Luis Enr\u00edquez Ambell\",\"mantenimiento de subestaciones CFE\",\"tarifas de luz en Veracruz\"],\"articleSection\":[\"De Opini\u00f3n\"],\"inLanguage\":\"es\"},{\"@type\":\"WebPage\",\"@id\":\"https:\\\/\\\/lospoliticosveracruz.com\\\/?p=170394\",\"url\":\"https:\\\/\\\/lospoliticosveracruz.com\\\/?p=170394\",\"name\":\"CRISIS EN CFE VERACRUZ POR ALTAS TEMPERATURAS - Los pol\u00edticos Veracruz\",\"isPartOf\":{\"@id\":\"https:\\\/\\\/lospoliticosveracruz.com\\\/#website\"},\"primaryImageOfPage\":{\"@id\":\"https:\\\/\\\/lospoliticosveracruz.com\\\/?p=170394#primaryimage\"},\"image\":{\"@id\":\"https:\\\/\\\/lospoliticosveracruz.com\\\/?p=170394#primaryimage\"},\"thumbnailUrl\":\"https:\\\/\\\/lospoliticosveracruz.com\\\/wp-content\\\/uploads\\\/2025\\\/04\\\/Ambell.jpg\",\"datePublished\":\"2026-05-02T02:13:14+00:00\",\"dateModified\":\"2026-05-02T02:13:33+00:00\",\"breadcrumb\":{\"@id\":\"https:\\\/\\\/lospoliticosveracruz.com\\\/?p=170394#breadcrumb\"},\"inLanguage\":\"es\",\"potentialAction\":[{\"@type\":\"ReadAction\",\"target\":[\"https:\\\/\\\/lospoliticosveracruz.com\\\/?p=170394\"]}]},{\"@type\":\"ImageObject\",\"inLanguage\":\"es\",\"@id\":\"https:\\\/\\\/lospoliticosveracruz.com\\\/?p=170394#primaryimage\",\"url\":\"https:\\\/\\\/lospoliticosveracruz.com\\\/wp-content\\\/uploads\\\/2025\\\/04\\\/Ambell.jpg\",\"contentUrl\":\"https:\\\/\\\/lospoliticosveracruz.com\\\/wp-content\\\/uploads\\\/2025\\\/04\\\/Ambell.jpg\",\"width\":1250,\"height\":667},{\"@type\":\"BreadcrumbList\",\"@id\":\"https:\\\/\\\/lospoliticosveracruz.com\\\/?p=170394#breadcrumb\",\"itemListElement\":[{\"@type\":\"ListItem\",\"position\":1,\"name\":\"Portada\",\"item\":\"https:\\\/\\\/lospoliticosveracruz.com\\\/\"},{\"@type\":\"ListItem\",\"position\":2,\"name\":\"CRISIS EN CFE VERACRUZ POR ALTAS TEMPERATURAS\"}]},{\"@type\":\"WebSite\",\"@id\":\"https:\\\/\\\/lospoliticosveracruz.com\\\/#website\",\"url\":\"https:\\\/\\\/lospoliticosveracruz.com\\\/\",\"name\":\"Los pol\u00edticos Veracruz\",\"description\":\"\",\"publisher\":{\"@id\":\"https:\\\/\\\/lospoliticosveracruz.com\\\/#organization\"},\"potentialAction\":[{\"@type\":\"SearchAction\",\"target\":{\"@type\":\"EntryPoint\",\"urlTemplate\":\"https:\\\/\\\/lospoliticosveracruz.com\\\/?s={search_term_string}\"},\"query-input\":{\"@type\":\"PropertyValueSpecification\",\"valueRequired\":true,\"valueName\":\"search_term_string\"}}],\"inLanguage\":\"es\"},{\"@type\":\"Organization\",\"@id\":\"https:\\\/\\\/lospoliticosveracruz.com\\\/#organization\",\"name\":\"Los pol\u00edticos Veracruz\",\"url\":\"https:\\\/\\\/lospoliticosveracruz.com\\\/\",\"logo\":{\"@type\":\"ImageObject\",\"inLanguage\":\"es\",\"@id\":\"https:\\\/\\\/lospoliticosveracruz.com\\\/#\\\/schema\\\/logo\\\/image\\\/\",\"url\":\"https:\\\/\\\/lospoliticosveracruz.com\\\/wp-content\\\/uploads\\\/2025\\\/12\\\/Logo-Nuevo-LOS-POLITICOS-1.jpg\",\"contentUrl\":\"https:\\\/\\\/lospoliticosveracruz.com\\\/wp-content\\\/uploads\\\/2025\\\/12\\\/Logo-Nuevo-LOS-POLITICOS-1.jpg\",\"width\":260,\"height\":70,\"caption\":\"Los pol\u00edticos Veracruz\"},\"image\":{\"@id\":\"https:\\\/\\\/lospoliticosveracruz.com\\\/#\\\/schema\\\/logo\\\/image\\\/\"},\"sameAs\":[\"https:\\\/\\\/www.facebook.com\\\/people\\\/Notimemes-de-los-Polticos\\\/61565672886568\\\/\",\"https:\\\/\\\/x.com\\\/LosPoliticosVer\"]},{\"@type\":\"Person\",\"@id\":\"https:\\\/\\\/lospoliticosveracruz.com\\\/#\\\/schema\\\/person\\\/b8702bb0e538456e6efd07080bf2a4a2\",\"name\":\"Lo viste en Los Pol\u00edticos\",\"image\":{\"@type\":\"ImageObject\",\"inLanguage\":\"es\",\"@id\":\"https:\\\/\\\/secure.gravatar.com\\\/avatar\\\/3a8de04a2656d44082be478bd6c086daa447c4651605818287b9532d3d0bd435?s=96&d=mm&r=g\",\"url\":\"https:\\\/\\\/secure.gravatar.com\\\/avatar\\\/3a8de04a2656d44082be478bd6c086daa447c4651605818287b9532d3d0bd435?s=96&d=mm&r=g\",\"contentUrl\":\"https:\\\/\\\/secure.gravatar.com\\\/avatar\\\/3a8de04a2656d44082be478bd6c086daa447c4651605818287b9532d3d0bd435?s=96&d=mm&r=g\",\"caption\":\"Lo viste en Los Pol\u00edticos\"},\"url\":\"https:\\\/\\\/lospoliticosveracruz.com\\\/?author=2\"}]}<\/script>\n<!-- \/ Yoast SEO plugin. -->","yoast_head_json":{"title":"CRISIS EN CFE VERACRUZ POR ALTAS TEMPERATURAS - Los pol\u00edticos Veracruz","robots":{"index":"index","follow":"follow","max-snippet":"max-snippet:-1","max-image-preview":"max-image-preview:large","max-video-preview":"max-video-preview:-1"},"canonical":"https:\/\/lospoliticosveracruz.com\/?p=170394","og_locale":"es_ES","og_type":"article","og_title":"CRISIS EN CFE VERACRUZ POR ALTAS TEMPERATURAS - Los pol\u00edticos Veracruz","og_description":"&nbsp;Jos\u00e9 Luis Enr\u00edquez Ambell&nbsp; Caf\u00e9 de Ma\u00f1ana La CFE &#8211; en Veracruz &#8211; durante la temporada anual de calor (abril, mayo, junio y julio), se ve rebasada por la crisis de sobrecarga en su universo de transformadores y de las&nbsp;&nbsp;subestaciones, situaci\u00f3n que se agrava m\u00e1s all\u00e1 de causas por las altas temperaturas, al&nbsp;&nbsp;ser evidente que [&hellip;]","og_url":"https:\/\/lospoliticosveracruz.com\/?p=170394","og_site_name":"Los pol\u00edticos Veracruz","article_publisher":"https:\/\/www.facebook.com\/people\/Notimemes-de-los-Polticos\/61565672886568\/","article_published_time":"2026-05-02T02:13:14+00:00","article_modified_time":"2026-05-02T02:13:33+00:00","og_image":[{"width":1250,"height":667,"url":"https:\/\/lospoliticosveracruz.com\/wp-content\/uploads\/2025\/04\/Ambell.jpg","type":"image\/jpeg"}],"author":"Lo viste en Los Pol\u00edticos","twitter_card":"summary_large_image","twitter_creator":"@LosPoliticosVer","twitter_site":"@LosPoliticosVer","twitter_misc":{"Escrito por":"Lo viste en Los Pol\u00edticos","Tiempo de lectura":"4 minutos"},"schema":{"@context":"https:\/\/schema.org","@graph":[{"@type":"Article","@id":"https:\/\/lospoliticosveracruz.com\/?p=170394#article","isPartOf":{"@id":"https:\/\/lospoliticosveracruz.com\/?p=170394"},"author":{"name":"Lo viste en Los Pol\u00edticos","@id":"https:\/\/lospoliticosveracruz.com\/#\/schema\/person\/b8702bb0e538456e6efd07080bf2a4a2"},"headline":"CRISIS EN CFE VERACRUZ POR ALTAS TEMPERATURAS","datePublished":"2026-05-02T02:13:14+00:00","dateModified":"2026-05-02T02:13:33+00:00","mainEntityOfPage":{"@id":"https:\/\/lospoliticosveracruz.com\/?p=170394"},"wordCount":793,"publisher":{"@id":"https:\/\/lospoliticosveracruz.com\/#organization"},"image":{"@id":"https:\/\/lospoliticosveracruz.com\/?p=170394#primaryimage"},"thumbnailUrl":"https:\/\/lospoliticosveracruz.com\/wp-content\/uploads\/2025\/04\/Ambell.jpg","keywords":["apagones en Veracruz","CFE Veracruz","crisis energ\u00e9tica 2026","infraestructura el\u00e9ctrica Veracruz","Jos\u00e9 Luis Enr\u00edquez Ambell","mantenimiento de subestaciones CFE","tarifas de luz en Veracruz"],"articleSection":["De Opini\u00f3n"],"inLanguage":"es"},{"@type":"WebPage","@id":"https:\/\/lospoliticosveracruz.com\/?p=170394","url":"https:\/\/lospoliticosveracruz.com\/?p=170394","name":"CRISIS EN CFE VERACRUZ POR ALTAS TEMPERATURAS - Los pol\u00edticos Veracruz","isPartOf":{"@id":"https:\/\/lospoliticosveracruz.com\/#website"},"primaryImageOfPage":{"@id":"https:\/\/lospoliticosveracruz.com\/?p=170394#primaryimage"},"image":{"@id":"https:\/\/lospoliticosveracruz.com\/?p=170394#primaryimage"},"thumbnailUrl":"https:\/\/lospoliticosveracruz.com\/wp-content\/uploads\/2025\/04\/Ambell.jpg","datePublished":"2026-05-02T02:13:14+00:00","dateModified":"2026-05-02T02:13:33+00:00","breadcrumb":{"@id":"https:\/\/lospoliticosveracruz.com\/?p=170394#breadcrumb"},"inLanguage":"es","potentialAction":[{"@type":"ReadAction","target":["https:\/\/lospoliticosveracruz.com\/?p=170394"]}]},{"@type":"ImageObject","inLanguage":"es","@id":"https:\/\/lospoliticosveracruz.com\/?p=170394#primaryimage","url":"https:\/\/lospoliticosveracruz.com\/wp-content\/uploads\/2025\/04\/Ambell.jpg","contentUrl":"https:\/\/lospoliticosveracruz.com\/wp-content\/uploads\/2025\/04\/Ambell.jpg","width":1250,"height":667},{"@type":"BreadcrumbList","@id":"https:\/\/lospoliticosveracruz.com\/?p=170394#breadcrumb","itemListElement":[{"@type":"ListItem","position":1,"name":"Portada","item":"https:\/\/lospoliticosveracruz.com\/"},{"@type":"ListItem","position":2,"name":"CRISIS EN CFE VERACRUZ POR ALTAS TEMPERATURAS"}]},{"@type":"WebSite","@id":"https:\/\/lospoliticosveracruz.com\/#website","url":"https:\/\/lospoliticosveracruz.com\/","name":"Los pol\u00edticos Veracruz","description":"","publisher":{"@id":"https:\/\/lospoliticosveracruz.com\/#organization"},"potentialAction":[{"@type":"SearchAction","target":{"@type":"EntryPoint","urlTemplate":"https:\/\/lospoliticosveracruz.com\/?s={search_term_string}"},"query-input":{"@type":"PropertyValueSpecification","valueRequired":true,"valueName":"search_term_string"}}],"inLanguage":"es"},{"@type":"Organization","@id":"https:\/\/lospoliticosveracruz.com\/#organization","name":"Los pol\u00edticos Veracruz","url":"https:\/\/lospoliticosveracruz.com\/","logo":{"@type":"ImageObject","inLanguage":"es","@id":"https:\/\/lospoliticosveracruz.com\/#\/schema\/logo\/image\/","url":"https:\/\/lospoliticosveracruz.com\/wp-content\/uploads\/2025\/12\/Logo-Nuevo-LOS-POLITICOS-1.jpg","contentUrl":"https:\/\/lospoliticosveracruz.com\/wp-content\/uploads\/2025\/12\/Logo-Nuevo-LOS-POLITICOS-1.jpg","width":260,"height":70,"caption":"Los pol\u00edticos Veracruz"},"image":{"@id":"https:\/\/lospoliticosveracruz.com\/#\/schema\/logo\/image\/"},"sameAs":["https:\/\/www.facebook.com\/people\/Notimemes-de-los-Polticos\/61565672886568\/","https:\/\/x.com\/LosPoliticosVer"]},{"@type":"Person","@id":"https:\/\/lospoliticosveracruz.com\/#\/schema\/person\/b8702bb0e538456e6efd07080bf2a4a2","name":"Lo viste en Los Pol\u00edticos","image":{"@type":"ImageObject","inLanguage":"es","@id":"https:\/\/secure.gravatar.com\/avatar\/3a8de04a2656d44082be478bd6c086daa447c4651605818287b9532d3d0bd435?s=96&d=mm&r=g","url":"https:\/\/secure.gravatar.com\/avatar\/3a8de04a2656d44082be478bd6c086daa447c4651605818287b9532d3d0bd435?s=96&d=mm&r=g","contentUrl":"https:\/\/secure.gravatar.com\/avatar\/3a8de04a2656d44082be478bd6c086daa447c4651605818287b9532d3d0bd435?s=96&d=mm&r=g","caption":"Lo viste en Los Pol\u00edticos"},"url":"https:\/\/lospoliticosveracruz.com\/?author=2"}]}},"_links":{"self":[{"href":"https:\/\/lospoliticosveracruz.com\/index.php?rest_route=\/wp\/v2\/posts\/170394","targetHints":{"allow":["GET"]}}],"collection":[{"href":"https:\/\/lospoliticosveracruz.com\/index.php?rest_route=\/wp\/v2\/posts"}],"about":[{"href":"https:\/\/lospoliticosveracruz.com\/index.php?rest_route=\/wp\/v2\/types\/post"}],"author":[{"embeddable":true,"href":"https:\/\/lospoliticosveracruz.com\/index.php?rest_route=\/wp\/v2\/users\/2"}],"replies":[{"embeddable":true,"href":"https:\/\/lospoliticosveracruz.com\/index.php?rest_route=%2Fwp%2Fv2%2Fcomments&post=170394"}],"version-history":[{"count":1,"href":"https:\/\/lospoliticosveracruz.com\/index.php?rest_route=\/wp\/v2\/posts\/170394\/revisions"}],"predecessor-version":[{"id":170395,"href":"https:\/\/lospoliticosveracruz.com\/index.php?rest_route=\/wp\/v2\/posts\/170394\/revisions\/170395"}],"wp:featuredmedia":[{"embeddable":true,"href":"https:\/\/lospoliticosveracruz.com\/index.php?rest_route=\/wp\/v2\/media\/141435"}],"wp:attachment":[{"href":"https:\/\/lospoliticosveracruz.com\/index.php?rest_route=%2Fwp%2Fv2%2Fmedia&parent=170394"}],"wp:term":[{"taxonomy":"category","embeddable":true,"href":"https:\/\/lospoliticosveracruz.com\/index.php?rest_route=%2Fwp%2Fv2%2Fcategories&post=170394"},{"taxonomy":"post_tag","embeddable":true,"href":"https:\/\/lospoliticosveracruz.com\/index.php?rest_route=%2Fwp%2Fv2%2Ftags&post=170394"}],"curies":[{"name":"wp","href":"https:\/\/api.w.org\/{rel}","templated":true}]}}