{"id":170400,"date":"2026-05-01T20:43:51","date_gmt":"2026-05-02T02:43:51","guid":{"rendered":"https:\/\/lospoliticosveracruz.com\/?p=170400"},"modified":"2026-05-01T20:43:52","modified_gmt":"2026-05-02T02:43:52","slug":"extradicion-o-soberania","status":"publish","type":"post","link":"https:\/\/lospoliticosveracruz.com\/?p=170400","title":{"rendered":"EXTRADICI\u00d3N O SOBERAN\u00cdA\u00a0"},"content":{"rendered":"\n<p><strong>Carlos Miguel Acosta Bravo<\/strong><\/p>\n\n\n\n<p><em>Impronta<\/em><\/p>\n\n\n\n<p>La presidenta Claudia Sheinbaum enfrenta una decisi\u00f3n de alto costo pol\u00edtico y diplom\u00e1tico en torno al caso de Rub\u00e9n Rocha Moya, en un momento clave para la relaci\u00f3n con Estados Unidos y la estabilidad del T-MEC.<\/p>\n\n\n\n<p>Un dilema sin salidas f\u00e1ciles, lo que est\u00e1 en juego no es solo un caso judicial. Es una prueba de resistencia para el equilibrio entre soberan\u00eda, legalidad y pragmatismo pol\u00edtico. La decisi\u00f3n que tome el gobierno mexicano marcar\u00e1 un precedente que ir\u00e1 mucho m\u00e1s all\u00e1 de un nombre propio.<\/p>\n\n\n\n<p>Entre la presi\u00f3n externa y la cohesi\u00f3n interna, aceptar la extradici\u00f3n implicar\u00eda un golpe directo al coraz\u00f3n de Morena. No se trata \u00fanicamente de entregar a un gobernador, sino de validar que un actor pol\u00edtico en funciones pueda ser juzgado fuera del pa\u00eds bajo acusaciones externas.<\/p>\n\n\n\n<p>Desde una \u00f3ptica institucional, podr\u00eda leerse como un acto de fortaleza, nadie por encima de la ley. Sin embargo, tambi\u00e9n abre una puerta riesgosa, que investigaciones de otro pa\u00eds influyan en la agenda judicial mexicana.<\/p>\n\n\n\n<p>En el plano internacional, el mensaje ser\u00eda claro y bien recibido en Washington, M\u00e9xico coopera. En medio de la din\u00e1mica del T-MEC, esto reforzar\u00eda la confianza en materia de seguridad y Estado de derecho.<\/p>\n\n\n\n<p>Pero el costo interno con el ala dura de Morena ser\u00eda alto, narrativa de subordinaci\u00f3n, fracturas pol\u00edticas y un debilitamiento del control del propio gobierno sobre el caso.<\/p>\n\n\n\n<p>La otra cara, soberan\u00eda bajo presi\u00f3n, rechazar la extradici\u00f3n, en cambio, fortalece la cohesi\u00f3n pol\u00edtica interna. Permite al gobierno posicionarse como defensor de la soberan\u00eda y del debido proceso, exigiendo pruebas y conduciendo el caso dentro del pa\u00eds.<\/p>\n\n\n\n<p>No obstante, esta ruta tambi\u00e9n tiene sombras. Alimenta la sospecha de protecci\u00f3n pol\u00edtica y coloca a M\u00e9xico bajo una lupa internacional m\u00e1s intensa.<\/p>\n\n\n\n<p>El riesgo m\u00e1s delicado est\u00e1 fuera, Estados Unidos podr\u00eda endurecer su postura con sanciones, cancelaci\u00f3n de visas, presi\u00f3n medi\u00e1tica o nuevas investigaciones. En el contexto del T-MEC, esa tensi\u00f3n podr\u00eda trasladarse a terrenos econ\u00f3micos, inversiones, comercio y cumplimiento de reglas.<\/p>\n\n\n\n<p>Administrar el conflicto, la salida pragm\u00e1tica, frente a estas dos rutas de alto costo, emerge una tercera v\u00eda, no decidir de inmediato.<\/p>\n\n\n\n<p>Turnar el caso a instancias como la Fiscal\u00eda, exigir pruebas formales y alargar el proceso bajo argumentos legales permite ganar tiempo. Es una estrategia cl\u00e1sica, pero efectiva, reduce la presi\u00f3n interna y evita una confrontaci\u00f3n frontal con Estados Unidos.<\/p>\n\n\n\n<p>No resuelve el problema, pero lo contiene.<\/p>\n\n\n\n<p>M\u00e1s all\u00e1 del caso, un nuevo est\u00e1ndar, el fondo del asunto es m\u00e1s profundo. La cooperaci\u00f3n bilateral parece entrar en una nueva fase, ya no centrada solo en l\u00edderes del crimen organizado, sino en posibles v\u00ednculos entre estructuras pol\u00edticas y redes il\u00edcitas.<\/p>\n\n\n\n<p>Aqu\u00ed est\u00e1 el verdadero dilema estrat\u00e9gico, \u00bfM\u00e9xico acepta un esquema donde funcionarios puedan ser investigados desde el exterior?<\/p>\n\n\n\n<p>\u00bfO bien, fija l\u00edmites claros, aun a costa de tensar su relaci\u00f3n con su principal socio comercial?<\/p>\n\n\n\n<p>Una decisi\u00f3n sin ganadores, no hay salida limpia. Aceptar la extradici\u00f3n fortalece la relaci\u00f3n internacional, pero debilita el frente interno.<\/p>\n\n\n\n<p>Rechazarla protege la soberan\u00eda pol\u00edtica, pero eleva la tensi\u00f3n bilateral en un momento econ\u00f3mico clave por la renegociaci\u00f3n del TMEC, vital para la econom\u00eda mexicana.<\/p>\n\n\n\n<p>En ese contexto, la decisi\u00f3n m\u00e1s racional no es resolver de golpe, sino administrar el conflicto. Porque en pol\u00edtica exterior \u2014y m\u00e1s a\u00fan en una relaci\u00f3n tan compleja como la de M\u00e9xico y Estados Unidos\u2014, a veces el tiempo no es evasi\u00f3n, es estrategia.<\/p>\n\n\n\n<p>Comente u opine a:<\/p>\n\n\n\n<p>cacostabravo@yahoo.com.mx<\/p>\n\n\n\n<p>Maestro en Comunicaci\u00f3n por la Universidad Iberoamericana. Form\u00f3 parte&nbsp;&nbsp;del cuerpo acad\u00e9mico en comunicaci\u00f3n en la Ibero y en la Universidad An\u00e1huac, campus norte CDMX.<\/p>\n","protected":false},"excerpt":{"rendered":"<p>Carlos Miguel Acosta Bravo Impronta La presidenta Claudia Sheinbaum enfrenta una decisi\u00f3n de alto costo pol\u00edtico y diplom\u00e1tico en torno al caso de Rub\u00e9n Rocha Moya, en un momento clave para la relaci\u00f3n con Estados Unidos y la estabilidad del T-MEC. Un dilema sin salidas f\u00e1ciles, lo que est\u00e1 en juego no es solo un [&hellip;]<\/p>\n","protected":false},"author":2,"featured_media":141377,"comment_status":"closed","ping_status":"closed","sticky":false,"template":"","format":"standard","meta":{"tdm_status":"","tdm_grid_status":"","footnotes":""},"categories":[70],"tags":[43303,9627,62937,62787,38440,62936],"class_list":{"0":"post-170400","1":"post","2":"type-post","3":"status-publish","4":"format-standard","5":"has-post-thumbnail","7":"category-de-opinion","8":"tag-carlos-miguel-acosta-bravo-2","9":"tag-claudia-sheinbaum","10":"tag-extradicion-de-ruben-rocha-moya","11":"tag-relacion-mexico-estados-unidos-2","12":"tag-ruben-rocha-moya","13":"tag-t-mec-2026"},"yoast_head":"<!-- This site is optimized with the Yoast SEO plugin v27.4 - https:\/\/yoast.com\/product\/yoast-seo-wordpress\/ -->\n<title>EXTRADICI\u00d3N O SOBERAN\u00cdA\u00a0 - Los pol\u00edticos Veracruz<\/title>\n<meta name=\"robots\" content=\"index, follow, max-snippet:-1, max-image-preview:large, max-video-preview:-1\" \/>\n<link rel=\"canonical\" href=\"https:\/\/lospoliticosveracruz.com\/?p=170400\" \/>\n<meta property=\"og:locale\" content=\"es_ES\" \/>\n<meta property=\"og:type\" content=\"article\" \/>\n<meta property=\"og:title\" content=\"EXTRADICI\u00d3N O SOBERAN\u00cdA\u00a0 - Los pol\u00edticos Veracruz\" \/>\n<meta property=\"og:description\" content=\"Carlos Miguel Acosta Bravo Impronta La presidenta Claudia Sheinbaum enfrenta una decisi\u00f3n de alto costo pol\u00edtico y diplom\u00e1tico en torno al caso de Rub\u00e9n Rocha Moya, en un momento clave para la relaci\u00f3n con Estados Unidos y la estabilidad del T-MEC. Un dilema sin salidas f\u00e1ciles, lo que est\u00e1 en juego no es solo un [&hellip;]\" \/>\n<meta property=\"og:url\" content=\"https:\/\/lospoliticosveracruz.com\/?p=170400\" \/>\n<meta property=\"og:site_name\" content=\"Los pol\u00edticos Veracruz\" \/>\n<meta property=\"article:publisher\" content=\"https:\/\/www.facebook.com\/people\/Notimemes-de-los-Polticos\/61565672886568\/\" \/>\n<meta property=\"article:published_time\" content=\"2026-05-02T02:43:51+00:00\" \/>\n<meta property=\"article:modified_time\" content=\"2026-05-02T02:43:52+00:00\" \/>\n<meta property=\"og:image\" content=\"https:\/\/lospoliticosveracruz.com\/wp-content\/uploads\/2025\/04\/Carlos-Miguel-Acosta-Bravo.jpg\" \/>\n\t<meta property=\"og:image:width\" content=\"1250\" \/>\n\t<meta property=\"og:image:height\" content=\"667\" \/>\n\t<meta property=\"og:image:type\" content=\"image\/jpeg\" \/>\n<meta name=\"author\" content=\"Lo viste en Los Pol\u00edticos\" \/>\n<meta name=\"twitter:card\" content=\"summary_large_image\" \/>\n<meta name=\"twitter:creator\" content=\"@LosPoliticosVer\" \/>\n<meta name=\"twitter:site\" content=\"@LosPoliticosVer\" \/>\n<meta name=\"twitter:label1\" content=\"Escrito por\" \/>\n\t<meta name=\"twitter:data1\" content=\"Lo viste en Los Pol\u00edticos\" \/>\n\t<meta name=\"twitter:label2\" content=\"Tiempo de lectura\" \/>\n\t<meta name=\"twitter:data2\" content=\"3 minutos\" \/>\n<script type=\"application\/ld+json\" class=\"yoast-schema-graph\">{\"@context\":\"https:\\\/\\\/schema.org\",\"@graph\":[{\"@type\":\"Article\",\"@id\":\"https:\\\/\\\/lospoliticosveracruz.com\\\/?p=170400#article\",\"isPartOf\":{\"@id\":\"https:\\\/\\\/lospoliticosveracruz.com\\\/?p=170400\"},\"author\":{\"name\":\"Lo viste en Los Pol\u00edticos\",\"@id\":\"https:\\\/\\\/lospoliticosveracruz.com\\\/#\\\/schema\\\/person\\\/b8702bb0e538456e6efd07080bf2a4a2\"},\"headline\":\"EXTRADICI\u00d3N O SOBERAN\u00cdA\u00a0\",\"datePublished\":\"2026-05-02T02:43:51+00:00\",\"dateModified\":\"2026-05-02T02:43:52+00:00\",\"mainEntityOfPage\":{\"@id\":\"https:\\\/\\\/lospoliticosveracruz.com\\\/?p=170400\"},\"wordCount\":694,\"publisher\":{\"@id\":\"https:\\\/\\\/lospoliticosveracruz.com\\\/#organization\"},\"image\":{\"@id\":\"https:\\\/\\\/lospoliticosveracruz.com\\\/?p=170400#primaryimage\"},\"thumbnailUrl\":\"https:\\\/\\\/lospoliticosveracruz.com\\\/wp-content\\\/uploads\\\/2025\\\/04\\\/Carlos-Miguel-Acosta-Bravo.jpg\",\"keywords\":[\"Carlos Miguel Acosta Bravo\",\"Claudia Sheinbaum\",\"Extradici\u00f3n de Rub\u00e9n Rocha Moya\",\"relaci\u00f3n M\u00e9xico-Estados Unidos\",\"Rub\u00e9n Rocha Moya\",\"T-MEC 2026\"],\"articleSection\":[\"De Opini\u00f3n\"],\"inLanguage\":\"es\"},{\"@type\":\"WebPage\",\"@id\":\"https:\\\/\\\/lospoliticosveracruz.com\\\/?p=170400\",\"url\":\"https:\\\/\\\/lospoliticosveracruz.com\\\/?p=170400\",\"name\":\"EXTRADICI\u00d3N O SOBERAN\u00cdA\u00a0 - Los pol\u00edticos Veracruz\",\"isPartOf\":{\"@id\":\"https:\\\/\\\/lospoliticosveracruz.com\\\/#website\"},\"primaryImageOfPage\":{\"@id\":\"https:\\\/\\\/lospoliticosveracruz.com\\\/?p=170400#primaryimage\"},\"image\":{\"@id\":\"https:\\\/\\\/lospoliticosveracruz.com\\\/?p=170400#primaryimage\"},\"thumbnailUrl\":\"https:\\\/\\\/lospoliticosveracruz.com\\\/wp-content\\\/uploads\\\/2025\\\/04\\\/Carlos-Miguel-Acosta-Bravo.jpg\",\"datePublished\":\"2026-05-02T02:43:51+00:00\",\"dateModified\":\"2026-05-02T02:43:52+00:00\",\"breadcrumb\":{\"@id\":\"https:\\\/\\\/lospoliticosveracruz.com\\\/?p=170400#breadcrumb\"},\"inLanguage\":\"es\",\"potentialAction\":[{\"@type\":\"ReadAction\",\"target\":[\"https:\\\/\\\/lospoliticosveracruz.com\\\/?p=170400\"]}]},{\"@type\":\"ImageObject\",\"inLanguage\":\"es\",\"@id\":\"https:\\\/\\\/lospoliticosveracruz.com\\\/?p=170400#primaryimage\",\"url\":\"https:\\\/\\\/lospoliticosveracruz.com\\\/wp-content\\\/uploads\\\/2025\\\/04\\\/Carlos-Miguel-Acosta-Bravo.jpg\",\"contentUrl\":\"https:\\\/\\\/lospoliticosveracruz.com\\\/wp-content\\\/uploads\\\/2025\\\/04\\\/Carlos-Miguel-Acosta-Bravo.jpg\",\"width\":1250,\"height\":667},{\"@type\":\"BreadcrumbList\",\"@id\":\"https:\\\/\\\/lospoliticosveracruz.com\\\/?p=170400#breadcrumb\",\"itemListElement\":[{\"@type\":\"ListItem\",\"position\":1,\"name\":\"Portada\",\"item\":\"https:\\\/\\\/lospoliticosveracruz.com\\\/\"},{\"@type\":\"ListItem\",\"position\":2,\"name\":\"EXTRADICI\u00d3N O SOBERAN\u00cdA\u00a0\"}]},{\"@type\":\"WebSite\",\"@id\":\"https:\\\/\\\/lospoliticosveracruz.com\\\/#website\",\"url\":\"https:\\\/\\\/lospoliticosveracruz.com\\\/\",\"name\":\"Los pol\u00edticos Veracruz\",\"description\":\"\",\"publisher\":{\"@id\":\"https:\\\/\\\/lospoliticosveracruz.com\\\/#organization\"},\"potentialAction\":[{\"@type\":\"SearchAction\",\"target\":{\"@type\":\"EntryPoint\",\"urlTemplate\":\"https:\\\/\\\/lospoliticosveracruz.com\\\/?s={search_term_string}\"},\"query-input\":{\"@type\":\"PropertyValueSpecification\",\"valueRequired\":true,\"valueName\":\"search_term_string\"}}],\"inLanguage\":\"es\"},{\"@type\":\"Organization\",\"@id\":\"https:\\\/\\\/lospoliticosveracruz.com\\\/#organization\",\"name\":\"Los pol\u00edticos Veracruz\",\"url\":\"https:\\\/\\\/lospoliticosveracruz.com\\\/\",\"logo\":{\"@type\":\"ImageObject\",\"inLanguage\":\"es\",\"@id\":\"https:\\\/\\\/lospoliticosveracruz.com\\\/#\\\/schema\\\/logo\\\/image\\\/\",\"url\":\"https:\\\/\\\/lospoliticosveracruz.com\\\/wp-content\\\/uploads\\\/2025\\\/12\\\/Logo-Nuevo-LOS-POLITICOS-1.jpg\",\"contentUrl\":\"https:\\\/\\\/lospoliticosveracruz.com\\\/wp-content\\\/uploads\\\/2025\\\/12\\\/Logo-Nuevo-LOS-POLITICOS-1.jpg\",\"width\":260,\"height\":70,\"caption\":\"Los pol\u00edticos Veracruz\"},\"image\":{\"@id\":\"https:\\\/\\\/lospoliticosveracruz.com\\\/#\\\/schema\\\/logo\\\/image\\\/\"},\"sameAs\":[\"https:\\\/\\\/www.facebook.com\\\/people\\\/Notimemes-de-los-Polticos\\\/61565672886568\\\/\",\"https:\\\/\\\/x.com\\\/LosPoliticosVer\"]},{\"@type\":\"Person\",\"@id\":\"https:\\\/\\\/lospoliticosveracruz.com\\\/#\\\/schema\\\/person\\\/b8702bb0e538456e6efd07080bf2a4a2\",\"name\":\"Lo viste en Los Pol\u00edticos\",\"image\":{\"@type\":\"ImageObject\",\"inLanguage\":\"es\",\"@id\":\"https:\\\/\\\/secure.gravatar.com\\\/avatar\\\/3a8de04a2656d44082be478bd6c086daa447c4651605818287b9532d3d0bd435?s=96&d=mm&r=g\",\"url\":\"https:\\\/\\\/secure.gravatar.com\\\/avatar\\\/3a8de04a2656d44082be478bd6c086daa447c4651605818287b9532d3d0bd435?s=96&d=mm&r=g\",\"contentUrl\":\"https:\\\/\\\/secure.gravatar.com\\\/avatar\\\/3a8de04a2656d44082be478bd6c086daa447c4651605818287b9532d3d0bd435?s=96&d=mm&r=g\",\"caption\":\"Lo viste en Los Pol\u00edticos\"},\"url\":\"https:\\\/\\\/lospoliticosveracruz.com\\\/?author=2\"}]}<\/script>\n<!-- \/ Yoast SEO plugin. -->","yoast_head_json":{"title":"EXTRADICI\u00d3N O SOBERAN\u00cdA\u00a0 - Los pol\u00edticos Veracruz","robots":{"index":"index","follow":"follow","max-snippet":"max-snippet:-1","max-image-preview":"max-image-preview:large","max-video-preview":"max-video-preview:-1"},"canonical":"https:\/\/lospoliticosveracruz.com\/?p=170400","og_locale":"es_ES","og_type":"article","og_title":"EXTRADICI\u00d3N O SOBERAN\u00cdA\u00a0 - Los pol\u00edticos Veracruz","og_description":"Carlos Miguel Acosta Bravo Impronta La presidenta Claudia Sheinbaum enfrenta una decisi\u00f3n de alto costo pol\u00edtico y diplom\u00e1tico en torno al caso de Rub\u00e9n Rocha Moya, en un momento clave para la relaci\u00f3n con Estados Unidos y la estabilidad del T-MEC. Un dilema sin salidas f\u00e1ciles, lo que est\u00e1 en juego no es solo un [&hellip;]","og_url":"https:\/\/lospoliticosveracruz.com\/?p=170400","og_site_name":"Los pol\u00edticos Veracruz","article_publisher":"https:\/\/www.facebook.com\/people\/Notimemes-de-los-Polticos\/61565672886568\/","article_published_time":"2026-05-02T02:43:51+00:00","article_modified_time":"2026-05-02T02:43:52+00:00","og_image":[{"width":1250,"height":667,"url":"https:\/\/lospoliticosveracruz.com\/wp-content\/uploads\/2025\/04\/Carlos-Miguel-Acosta-Bravo.jpg","type":"image\/jpeg"}],"author":"Lo viste en Los Pol\u00edticos","twitter_card":"summary_large_image","twitter_creator":"@LosPoliticosVer","twitter_site":"@LosPoliticosVer","twitter_misc":{"Escrito por":"Lo viste en Los Pol\u00edticos","Tiempo de lectura":"3 minutos"},"schema":{"@context":"https:\/\/schema.org","@graph":[{"@type":"Article","@id":"https:\/\/lospoliticosveracruz.com\/?p=170400#article","isPartOf":{"@id":"https:\/\/lospoliticosveracruz.com\/?p=170400"},"author":{"name":"Lo viste en Los Pol\u00edticos","@id":"https:\/\/lospoliticosveracruz.com\/#\/schema\/person\/b8702bb0e538456e6efd07080bf2a4a2"},"headline":"EXTRADICI\u00d3N O SOBERAN\u00cdA\u00a0","datePublished":"2026-05-02T02:43:51+00:00","dateModified":"2026-05-02T02:43:52+00:00","mainEntityOfPage":{"@id":"https:\/\/lospoliticosveracruz.com\/?p=170400"},"wordCount":694,"publisher":{"@id":"https:\/\/lospoliticosveracruz.com\/#organization"},"image":{"@id":"https:\/\/lospoliticosveracruz.com\/?p=170400#primaryimage"},"thumbnailUrl":"https:\/\/lospoliticosveracruz.com\/wp-content\/uploads\/2025\/04\/Carlos-Miguel-Acosta-Bravo.jpg","keywords":["Carlos Miguel Acosta Bravo","Claudia Sheinbaum","Extradici\u00f3n de Rub\u00e9n Rocha Moya","relaci\u00f3n M\u00e9xico-Estados Unidos","Rub\u00e9n Rocha Moya","T-MEC 2026"],"articleSection":["De Opini\u00f3n"],"inLanguage":"es"},{"@type":"WebPage","@id":"https:\/\/lospoliticosveracruz.com\/?p=170400","url":"https:\/\/lospoliticosveracruz.com\/?p=170400","name":"EXTRADICI\u00d3N O SOBERAN\u00cdA\u00a0 - Los pol\u00edticos Veracruz","isPartOf":{"@id":"https:\/\/lospoliticosveracruz.com\/#website"},"primaryImageOfPage":{"@id":"https:\/\/lospoliticosveracruz.com\/?p=170400#primaryimage"},"image":{"@id":"https:\/\/lospoliticosveracruz.com\/?p=170400#primaryimage"},"thumbnailUrl":"https:\/\/lospoliticosveracruz.com\/wp-content\/uploads\/2025\/04\/Carlos-Miguel-Acosta-Bravo.jpg","datePublished":"2026-05-02T02:43:51+00:00","dateModified":"2026-05-02T02:43:52+00:00","breadcrumb":{"@id":"https:\/\/lospoliticosveracruz.com\/?p=170400#breadcrumb"},"inLanguage":"es","potentialAction":[{"@type":"ReadAction","target":["https:\/\/lospoliticosveracruz.com\/?p=170400"]}]},{"@type":"ImageObject","inLanguage":"es","@id":"https:\/\/lospoliticosveracruz.com\/?p=170400#primaryimage","url":"https:\/\/lospoliticosveracruz.com\/wp-content\/uploads\/2025\/04\/Carlos-Miguel-Acosta-Bravo.jpg","contentUrl":"https:\/\/lospoliticosveracruz.com\/wp-content\/uploads\/2025\/04\/Carlos-Miguel-Acosta-Bravo.jpg","width":1250,"height":667},{"@type":"BreadcrumbList","@id":"https:\/\/lospoliticosveracruz.com\/?p=170400#breadcrumb","itemListElement":[{"@type":"ListItem","position":1,"name":"Portada","item":"https:\/\/lospoliticosveracruz.com\/"},{"@type":"ListItem","position":2,"name":"EXTRADICI\u00d3N O SOBERAN\u00cdA\u00a0"}]},{"@type":"WebSite","@id":"https:\/\/lospoliticosveracruz.com\/#website","url":"https:\/\/lospoliticosveracruz.com\/","name":"Los pol\u00edticos Veracruz","description":"","publisher":{"@id":"https:\/\/lospoliticosveracruz.com\/#organization"},"potentialAction":[{"@type":"SearchAction","target":{"@type":"EntryPoint","urlTemplate":"https:\/\/lospoliticosveracruz.com\/?s={search_term_string}"},"query-input":{"@type":"PropertyValueSpecification","valueRequired":true,"valueName":"search_term_string"}}],"inLanguage":"es"},{"@type":"Organization","@id":"https:\/\/lospoliticosveracruz.com\/#organization","name":"Los pol\u00edticos Veracruz","url":"https:\/\/lospoliticosveracruz.com\/","logo":{"@type":"ImageObject","inLanguage":"es","@id":"https:\/\/lospoliticosveracruz.com\/#\/schema\/logo\/image\/","url":"https:\/\/lospoliticosveracruz.com\/wp-content\/uploads\/2025\/12\/Logo-Nuevo-LOS-POLITICOS-1.jpg","contentUrl":"https:\/\/lospoliticosveracruz.com\/wp-content\/uploads\/2025\/12\/Logo-Nuevo-LOS-POLITICOS-1.jpg","width":260,"height":70,"caption":"Los pol\u00edticos Veracruz"},"image":{"@id":"https:\/\/lospoliticosveracruz.com\/#\/schema\/logo\/image\/"},"sameAs":["https:\/\/www.facebook.com\/people\/Notimemes-de-los-Polticos\/61565672886568\/","https:\/\/x.com\/LosPoliticosVer"]},{"@type":"Person","@id":"https:\/\/lospoliticosveracruz.com\/#\/schema\/person\/b8702bb0e538456e6efd07080bf2a4a2","name":"Lo viste en Los Pol\u00edticos","image":{"@type":"ImageObject","inLanguage":"es","@id":"https:\/\/secure.gravatar.com\/avatar\/3a8de04a2656d44082be478bd6c086daa447c4651605818287b9532d3d0bd435?s=96&d=mm&r=g","url":"https:\/\/secure.gravatar.com\/avatar\/3a8de04a2656d44082be478bd6c086daa447c4651605818287b9532d3d0bd435?s=96&d=mm&r=g","contentUrl":"https:\/\/secure.gravatar.com\/avatar\/3a8de04a2656d44082be478bd6c086daa447c4651605818287b9532d3d0bd435?s=96&d=mm&r=g","caption":"Lo viste en Los Pol\u00edticos"},"url":"https:\/\/lospoliticosveracruz.com\/?author=2"}]}},"_links":{"self":[{"href":"https:\/\/lospoliticosveracruz.com\/index.php?rest_route=\/wp\/v2\/posts\/170400","targetHints":{"allow":["GET"]}}],"collection":[{"href":"https:\/\/lospoliticosveracruz.com\/index.php?rest_route=\/wp\/v2\/posts"}],"about":[{"href":"https:\/\/lospoliticosveracruz.com\/index.php?rest_route=\/wp\/v2\/types\/post"}],"author":[{"embeddable":true,"href":"https:\/\/lospoliticosveracruz.com\/index.php?rest_route=\/wp\/v2\/users\/2"}],"replies":[{"embeddable":true,"href":"https:\/\/lospoliticosveracruz.com\/index.php?rest_route=%2Fwp%2Fv2%2Fcomments&post=170400"}],"version-history":[{"count":1,"href":"https:\/\/lospoliticosveracruz.com\/index.php?rest_route=\/wp\/v2\/posts\/170400\/revisions"}],"predecessor-version":[{"id":170401,"href":"https:\/\/lospoliticosveracruz.com\/index.php?rest_route=\/wp\/v2\/posts\/170400\/revisions\/170401"}],"wp:featuredmedia":[{"embeddable":true,"href":"https:\/\/lospoliticosveracruz.com\/index.php?rest_route=\/wp\/v2\/media\/141377"}],"wp:attachment":[{"href":"https:\/\/lospoliticosveracruz.com\/index.php?rest_route=%2Fwp%2Fv2%2Fmedia&parent=170400"}],"wp:term":[{"taxonomy":"category","embeddable":true,"href":"https:\/\/lospoliticosveracruz.com\/index.php?rest_route=%2Fwp%2Fv2%2Fcategories&post=170400"},{"taxonomy":"post_tag","embeddable":true,"href":"https:\/\/lospoliticosveracruz.com\/index.php?rest_route=%2Fwp%2Fv2%2Ftags&post=170400"}],"curies":[{"name":"wp","href":"https:\/\/api.w.org\/{rel}","templated":true}]}}