{"id":170440,"date":"2026-05-03T05:54:47","date_gmt":"2026-05-03T11:54:47","guid":{"rendered":"https:\/\/lospoliticosveracruz.com\/?p=170440"},"modified":"2026-05-03T05:54:48","modified_gmt":"2026-05-03T11:54:48","slug":"atanasio-el-dano-a-cuitlahuac","status":"publish","type":"post","link":"https:\/\/lospoliticosveracruz.com\/?p=170440","title":{"rendered":"ATANASIO, EL DA\u00d1O A CUITL\u00c1HUAC"},"content":{"rendered":"\n<p><strong>Ricardo Chua<\/strong><br><em>Sale y Vale<\/em><\/p>\n\n\n\n<p>Cuenta \u00abGarganta Profunda\u00bb que lo que dej\u00f3 las declaraciones de Atanasio Garc\u00eda Dur\u00e1n, padre del ex gobernador Cuitl\u00e1huac Garc\u00eda Jim\u00e9nez, realizadas desde el Congreso del Estado, a mediados de esta semana que termina, sobre la manera de llevar su administraci\u00f3n por parte la mandataria estatal, Roc\u00edo Nahle Garc\u00eda, mismas que pegaron directamente en el \u00abcoraz\u00f3n\u00bb de la 4T.. Independientemente de la IMPLOSI\u00d3N pol\u00edtica que dej\u00f3 al interior de MORENA Veracruz.. Es que pese a los dichos.. Tambi\u00e9n qued\u00f3 claro que hay un serio REPUDI\u00d3 en contra del ex titular del Ejecutivo del Estado.. Eso, ni dudarlo..<\/p>\n\n\n\n<p>Despu\u00e9s de la \u00abCaja de Pandora\u00bb que desat\u00f3 su padre al se\u00f1alar a Roc\u00edo Nahle.. De no llevar bien su gobierno.. No pasaron muchas horas para que parte de la sociedad civil y de la que es simpatizantes de la 4T en Veracruz, le diera con todo en las redes sociales a lo que representa y represent\u00f3 en la entidad, la administraci\u00f3n estatal de Cuitl\u00e1huac Garc\u00eda.. Se le fueron encima como \u00abhienas\u00bb.. A pesar de que despu\u00e9s de lo dicho por Atanasio Garc\u00eda.. Se puso en marcha un \u00abmecanismo\u00bb de defensa a la gobernadora por parte de funcionarios de la 4T en Veracruz.. Eso no fue preponderante para que Cuitl\u00e1huac sufriera tambi\u00e9n ataques..<\/p>\n\n\n\n<p>Ya que tambi\u00e9n fue una realidad, dice \u00abGarganta Profunda\u00bb, de que al interior del Movimiento de la 4T en Veracruz.. Muchos alcaldes, regidores, s\u00edndicos y diputados locales principalmente de varios partidos pol\u00edticos.. Se \u00abmontaron\u00bb s\u00f3los sin que nadie se los pidiera.. En los ataques, se\u00f1alamientos y descalificaciones en contra del xalape\u00f1o, su administraci\u00f3n y obviamente contra su padre.. A pesar de que este mismo se deslind\u00f3 de su pap\u00e1.. No hubo manera de detener estos se\u00f1alamientos que tambi\u00e9n salieron de manera org\u00e1nica..<\/p>\n\n\n\n<p>Uno de los personajes m\u00e1s cercanos al gobierno de Cuitl\u00e1huac Garc\u00eda.. Con quien operaba algunos temas electorales y legislativos.. Dijo a \u00abGarganta Profunda\u00bb sin empacho: \u00abEl se\u00f1or (Atanasio Garc\u00eda) no ha entendido y no acaba de entender, qu\u00e9 -Cuit- (Cuitl\u00e1huac Garc\u00eda) ya no es el gobernador, ellos ya no gobiernan, ya les toc\u00f3 6 a\u00f1os. Ahora es el grupo de la gobernadora (Roc\u00edo) Nahle los que mandan. As\u00ed son las reglas del -juego- y pareciera que no lo entienden. -Tatanacho- sabe que los pendientes que dej\u00f3 su hijo ser\u00e1n siempre motivo de ataque. Pero debe entender que esto para ellos, se acab\u00f3\u00bb.. As\u00ed de contundente..<\/p>\n\n\n\n<p>Es que este pleito comenz\u00f3 por las bravatas que hizo Atanasio Garc\u00eda Dur\u00e1n contra la gesti\u00f3n de Roc\u00edo Nahle.. No s\u00f3lo deja \u00abraspado\u00bb a MORENA Veracruz sino tambi\u00e9n a la gesti\u00f3n de su hijo Cuitl\u00e1huac Garc\u00eda.. Ya que finalmente, aunque se dijo que en su momento, el xalape\u00f1o dud\u00f3 en apoyar a Nahle en su carrera a la gubernatura.. Dejando caminar y metiendo en el \u00abaro\u00bb a su secretario de Gobierno, Eric Patrocinio Cisneros Burgos, hizo lo que le dijo Andr\u00e9s Manuel L\u00f3pez Obrador, que \u00abChio era la buena\u00bb.. As\u00ed que los dichos de \u00abTataNacho\u00bb.. Quedan fuera de lugar.. \u00bfYa para qu\u00e9?..<\/p>\n\n\n\n<p>Todo esto tambi\u00e9n se le \u00abdesat\u00f3\u00bb en contra de Cuitl\u00e1huac.. Porque muchos sectores pol\u00edticos y de la opini\u00f3n p\u00fablica en Veracruz.. Recordaron lo que era evidente: De que Cuitl\u00e1huac Garc\u00eda mantuvo el poder en Veracruz.. Por los 18 RESPALDOS p\u00fablicos que le dio en su momento el Ex Presidente L\u00f3pez Obrador.. A lo largo de los 6 a\u00f1os que ambos se mantuvieron en el poder.. Las fallas fueron graves y ahora que hay \u00abv\u00eda libre\u00bb.. Muchos actores se los hacen ver, sin que sean parte de un \u00abnado sincronizado\u00bb.. Sino por mutuo propio.. No midi\u00f3 Atanasio el da\u00f1o que le har\u00eda a su hijo diciendo esto.. Tambi\u00e9n lo \u00absalpic\u00f3\u00bb..<\/p>\n\n\n\n<p>Tanto as\u00ed, que ni el tema de la licencia que pidi\u00f3 Rub\u00e9n Rocha Moya, para dejar la gubernatura de Sinaloa, por las acusaciones de EEUU en su contra por presuntos v\u00ednculos con el narcotr\u00e1fico.. Ha influido para que cesen los se\u00f1alamientos a la administraci\u00f3n estatal de Cuitl\u00e1huac Garc\u00eda.. Tanto as\u00ed, que el xalape\u00f1o se meti\u00f3 en el asunto de Sinaloa, al \u00abmofarse\u00bb el pasado jueves del tema, descalificando a la Corte de EEUU, que hizo las imputaciones, al subir a redes sociales un dibujo de monigotes burl\u00e1ndose de la justicia estadounidense.. Habr\u00e1 que ver si esto no le provoca consecuencias pol\u00edticas y administrativas a la larga para \u00e9l..<\/p>\n\n\n\n<p>No cabe duda, los Garc\u00eda de Xalapa, no saben medir los tiempos y entender que hay momentos para \u00abguardarse\u00bb.. En pocas palabras, no salen de una para meterse en otra.. S\u00f3lo que esta vez, Cuitl\u00e1huac se meti\u00f3 con el gobierno de EEUU, que es muy \u00abexquisito\u00bb en este tipo de temas.. Y aqu\u00ed a lo mejor un deslinde no sirve de nada.. Ya se vio que Donald Trump no anda con \u00abjueguitos\u00bb o con dibujos de \u00abpalitos y bolitas\u00bb.. Lo de su pap\u00e1 s\u00f3lo afecta a un partido, pero la burla de \u00e9l afecta al gobierno de un pa\u00eds porque es parte de \u00e9l.. NO SE MIDEN.. Y por eso, ahora, Cuitl\u00e1huac quiere ser diputado federal.. El fuero siempre sirve..<\/p>\n\n\n\n<p>Pero, ni con ese tema de escrutinio nacional, Cuitl\u00e1huac no ha podido quitarse el caso de su pap\u00e1 del imaginario colectivo en Veracruz.. Ya que en este momento, se puede ver en redes sociales.. Que m\u00e1s pol\u00edticos ligados a MORENA y al movimiento se \u00absuman\u00bb a esta causa de denostar en contra del xalape\u00f1o, lo que demuestran un serio repudi\u00f3 hac\u00eda el gobierno que encabez\u00f3 \u00e9l y sus aliados.. Sobre todo porque esa clase pol\u00edtica, que lo desprecia p\u00fablicamente, no le \u00abperdonan\u00bb que ni porque lo ayudaron a ganar en 2018, este los apoy\u00f3 o les ayud\u00f3 en sus proyectos pol\u00edticos.. Se desentendi\u00f3 y ahora viene la reculona..<\/p>\n\n\n\n<p>REFLEXI\u00d3N.. Todos aquellos que se sintieron traicionados por Cuitl\u00e1huac y su gobierno.. Van a aprovechar para dejar en el piso la figura p\u00fablica del ex gobernador.. Y con ello, tambi\u00e9n intentar\u00e1n desacreditar a su grupo pol\u00edtico que a\u00fan se maneja en Veracruz.. Y de paso, descarrilar el intento de Eric Cisneros de regresar a la pol\u00edtica en Veracruz.. Dado a que a \u00e9l le echan la culpa de muchos de sus males y de que los dejaran fuera de la \u00abjugada\u00bb en el sexenio pasado.. Ya que quien gobernaba no era Cuitl\u00e1huac sino Patrocinio.. Y eso lo tienen muy presente.. EL QUE ENTENDI\u00d3, LO ENTENDI\u00d3..<\/p>\n","protected":false},"excerpt":{"rendered":"<p>Ricardo ChuaSale y Vale Cuenta \u00abGarganta Profunda\u00bb que lo que dej\u00f3 las declaraciones de Atanasio Garc\u00eda Dur\u00e1n, padre del ex gobernador Cuitl\u00e1huac Garc\u00eda Jim\u00e9nez, realizadas desde el Congreso del Estado, a mediados de esta semana que termina, sobre la manera de llevar su administraci\u00f3n por parte la mandataria estatal, Roc\u00edo Nahle Garc\u00eda, mismas que pegaron [&hellip;]<\/p>\n","protected":false},"author":2,"featured_media":162484,"comment_status":"closed","ping_status":"closed","sticky":false,"template":"","format":"standard","meta":{"tdm_status":"","tdm_grid_status":"","footnotes":""},"categories":[70],"tags":[618,62679,1563,123,1026,3578,38440,195],"class_list":{"0":"post-170440","1":"post","2":"type-post","3":"status-publish","4":"format-standard","5":"has-post-thumbnail","7":"category-de-opinion","8":"tag-andres-manuel-lopez-obrador","9":"tag-atanasio-garcia-duran","10":"tag-cuitlahuac-garcia-jimenez","11":"tag-estados-unidos","12":"tag-morena","13":"tag-rocio-nahle","14":"tag-ruben-rocha-moya","15":"tag-veracruz"},"yoast_head":"<!-- This site is optimized with the Yoast SEO plugin v27.4 - https:\/\/yoast.com\/product\/yoast-seo-wordpress\/ -->\n<title>ATANASIO, EL DA\u00d1O A CUITL\u00c1HUAC - Los pol\u00edticos Veracruz<\/title>\n<meta name=\"robots\" content=\"index, follow, max-snippet:-1, max-image-preview:large, max-video-preview:-1\" \/>\n<link rel=\"canonical\" href=\"https:\/\/lospoliticosveracruz.com\/?p=170440\" \/>\n<meta property=\"og:locale\" content=\"es_ES\" \/>\n<meta property=\"og:type\" content=\"article\" \/>\n<meta property=\"og:title\" content=\"ATANASIO, EL DA\u00d1O A CUITL\u00c1HUAC - Los pol\u00edticos Veracruz\" \/>\n<meta property=\"og:description\" content=\"Ricardo ChuaSale y Vale Cuenta \u00abGarganta Profunda\u00bb que lo que dej\u00f3 las declaraciones de Atanasio Garc\u00eda Dur\u00e1n, padre del ex gobernador Cuitl\u00e1huac Garc\u00eda Jim\u00e9nez, realizadas desde el Congreso del Estado, a mediados de esta semana que termina, sobre la manera de llevar su administraci\u00f3n por parte la mandataria estatal, Roc\u00edo Nahle Garc\u00eda, mismas que pegaron [&hellip;]\" \/>\n<meta property=\"og:url\" content=\"https:\/\/lospoliticosveracruz.com\/?p=170440\" \/>\n<meta property=\"og:site_name\" content=\"Los pol\u00edticos Veracruz\" \/>\n<meta property=\"article:publisher\" content=\"https:\/\/www.facebook.com\/people\/Notimemes-de-los-Polticos\/61565672886568\/\" \/>\n<meta property=\"article:published_time\" content=\"2026-05-03T11:54:47+00:00\" \/>\n<meta property=\"article:modified_time\" content=\"2026-05-03T11:54:48+00:00\" \/>\n<meta property=\"og:image\" content=\"https:\/\/lospoliticosveracruz.com\/wp-content\/uploads\/2026\/02\/Chua-e1775852093240.jpg\" \/>\n\t<meta property=\"og:image:width\" content=\"600\" \/>\n\t<meta property=\"og:image:height\" content=\"320\" \/>\n\t<meta property=\"og:image:type\" content=\"image\/jpeg\" \/>\n<meta name=\"author\" content=\"Lo viste en Los Pol\u00edticos\" \/>\n<meta name=\"twitter:card\" content=\"summary_large_image\" \/>\n<meta name=\"twitter:creator\" content=\"@LosPoliticosVer\" \/>\n<meta name=\"twitter:site\" content=\"@LosPoliticosVer\" \/>\n<meta name=\"twitter:label1\" content=\"Escrito por\" \/>\n\t<meta name=\"twitter:data1\" content=\"Lo viste en Los Pol\u00edticos\" \/>\n\t<meta name=\"twitter:label2\" content=\"Tiempo de lectura\" \/>\n\t<meta name=\"twitter:data2\" content=\"6 minutos\" \/>\n<script type=\"application\/ld+json\" class=\"yoast-schema-graph\">{\"@context\":\"https:\\\/\\\/schema.org\",\"@graph\":[{\"@type\":\"Article\",\"@id\":\"https:\\\/\\\/lospoliticosveracruz.com\\\/?p=170440#article\",\"isPartOf\":{\"@id\":\"https:\\\/\\\/lospoliticosveracruz.com\\\/?p=170440\"},\"author\":{\"name\":\"Lo viste en Los Pol\u00edticos\",\"@id\":\"https:\\\/\\\/lospoliticosveracruz.com\\\/#\\\/schema\\\/person\\\/b8702bb0e538456e6efd07080bf2a4a2\"},\"headline\":\"ATANASIO, EL DA\u00d1O A CUITL\u00c1HUAC\",\"datePublished\":\"2026-05-03T11:54:47+00:00\",\"dateModified\":\"2026-05-03T11:54:48+00:00\",\"mainEntityOfPage\":{\"@id\":\"https:\\\/\\\/lospoliticosveracruz.com\\\/?p=170440\"},\"wordCount\":1157,\"publisher\":{\"@id\":\"https:\\\/\\\/lospoliticosveracruz.com\\\/#organization\"},\"image\":{\"@id\":\"https:\\\/\\\/lospoliticosveracruz.com\\\/?p=170440#primaryimage\"},\"thumbnailUrl\":\"https:\\\/\\\/lospoliticosveracruz.com\\\/wp-content\\\/uploads\\\/2026\\\/02\\\/Chua-e1775852093240.jpg\",\"keywords\":[\"Andr\u00e9s Manuel L\u00f3pez Obrador\",\"Atanasio Garc\u00eda Dur\u00e1n\",\"Cuitl\u00e1huac Garc\u00eda Jim\u00e9nez\",\"Estados Unidos\",\"Morena\",\"Roc\u00edo Nahle\",\"Rub\u00e9n Rocha Moya\",\"Veracruz\"],\"articleSection\":[\"De Opini\u00f3n\"],\"inLanguage\":\"es\"},{\"@type\":\"WebPage\",\"@id\":\"https:\\\/\\\/lospoliticosveracruz.com\\\/?p=170440\",\"url\":\"https:\\\/\\\/lospoliticosveracruz.com\\\/?p=170440\",\"name\":\"ATANASIO, EL DA\u00d1O A CUITL\u00c1HUAC - Los pol\u00edticos Veracruz\",\"isPartOf\":{\"@id\":\"https:\\\/\\\/lospoliticosveracruz.com\\\/#website\"},\"primaryImageOfPage\":{\"@id\":\"https:\\\/\\\/lospoliticosveracruz.com\\\/?p=170440#primaryimage\"},\"image\":{\"@id\":\"https:\\\/\\\/lospoliticosveracruz.com\\\/?p=170440#primaryimage\"},\"thumbnailUrl\":\"https:\\\/\\\/lospoliticosveracruz.com\\\/wp-content\\\/uploads\\\/2026\\\/02\\\/Chua-e1775852093240.jpg\",\"datePublished\":\"2026-05-03T11:54:47+00:00\",\"dateModified\":\"2026-05-03T11:54:48+00:00\",\"breadcrumb\":{\"@id\":\"https:\\\/\\\/lospoliticosveracruz.com\\\/?p=170440#breadcrumb\"},\"inLanguage\":\"es\",\"potentialAction\":[{\"@type\":\"ReadAction\",\"target\":[\"https:\\\/\\\/lospoliticosveracruz.com\\\/?p=170440\"]}]},{\"@type\":\"ImageObject\",\"inLanguage\":\"es\",\"@id\":\"https:\\\/\\\/lospoliticosveracruz.com\\\/?p=170440#primaryimage\",\"url\":\"https:\\\/\\\/lospoliticosveracruz.com\\\/wp-content\\\/uploads\\\/2026\\\/02\\\/Chua-e1775852093240.jpg\",\"contentUrl\":\"https:\\\/\\\/lospoliticosveracruz.com\\\/wp-content\\\/uploads\\\/2026\\\/02\\\/Chua-e1775852093240.jpg\",\"width\":600,\"height\":320},{\"@type\":\"BreadcrumbList\",\"@id\":\"https:\\\/\\\/lospoliticosveracruz.com\\\/?p=170440#breadcrumb\",\"itemListElement\":[{\"@type\":\"ListItem\",\"position\":1,\"name\":\"Portada\",\"item\":\"https:\\\/\\\/lospoliticosveracruz.com\\\/\"},{\"@type\":\"ListItem\",\"position\":2,\"name\":\"ATANASIO, EL DA\u00d1O A CUITL\u00c1HUAC\"}]},{\"@type\":\"WebSite\",\"@id\":\"https:\\\/\\\/lospoliticosveracruz.com\\\/#website\",\"url\":\"https:\\\/\\\/lospoliticosveracruz.com\\\/\",\"name\":\"Los pol\u00edticos Veracruz\",\"description\":\"\",\"publisher\":{\"@id\":\"https:\\\/\\\/lospoliticosveracruz.com\\\/#organization\"},\"potentialAction\":[{\"@type\":\"SearchAction\",\"target\":{\"@type\":\"EntryPoint\",\"urlTemplate\":\"https:\\\/\\\/lospoliticosveracruz.com\\\/?s={search_term_string}\"},\"query-input\":{\"@type\":\"PropertyValueSpecification\",\"valueRequired\":true,\"valueName\":\"search_term_string\"}}],\"inLanguage\":\"es\"},{\"@type\":\"Organization\",\"@id\":\"https:\\\/\\\/lospoliticosveracruz.com\\\/#organization\",\"name\":\"Los pol\u00edticos Veracruz\",\"url\":\"https:\\\/\\\/lospoliticosveracruz.com\\\/\",\"logo\":{\"@type\":\"ImageObject\",\"inLanguage\":\"es\",\"@id\":\"https:\\\/\\\/lospoliticosveracruz.com\\\/#\\\/schema\\\/logo\\\/image\\\/\",\"url\":\"https:\\\/\\\/lospoliticosveracruz.com\\\/wp-content\\\/uploads\\\/2025\\\/12\\\/Logo-Nuevo-LOS-POLITICOS-1.jpg\",\"contentUrl\":\"https:\\\/\\\/lospoliticosveracruz.com\\\/wp-content\\\/uploads\\\/2025\\\/12\\\/Logo-Nuevo-LOS-POLITICOS-1.jpg\",\"width\":260,\"height\":70,\"caption\":\"Los pol\u00edticos Veracruz\"},\"image\":{\"@id\":\"https:\\\/\\\/lospoliticosveracruz.com\\\/#\\\/schema\\\/logo\\\/image\\\/\"},\"sameAs\":[\"https:\\\/\\\/www.facebook.com\\\/people\\\/Notimemes-de-los-Polticos\\\/61565672886568\\\/\",\"https:\\\/\\\/x.com\\\/LosPoliticosVer\"]},{\"@type\":\"Person\",\"@id\":\"https:\\\/\\\/lospoliticosveracruz.com\\\/#\\\/schema\\\/person\\\/b8702bb0e538456e6efd07080bf2a4a2\",\"name\":\"Lo viste en Los Pol\u00edticos\",\"image\":{\"@type\":\"ImageObject\",\"inLanguage\":\"es\",\"@id\":\"https:\\\/\\\/secure.gravatar.com\\\/avatar\\\/3a8de04a2656d44082be478bd6c086daa447c4651605818287b9532d3d0bd435?s=96&d=mm&r=g\",\"url\":\"https:\\\/\\\/secure.gravatar.com\\\/avatar\\\/3a8de04a2656d44082be478bd6c086daa447c4651605818287b9532d3d0bd435?s=96&d=mm&r=g\",\"contentUrl\":\"https:\\\/\\\/secure.gravatar.com\\\/avatar\\\/3a8de04a2656d44082be478bd6c086daa447c4651605818287b9532d3d0bd435?s=96&d=mm&r=g\",\"caption\":\"Lo viste en Los Pol\u00edticos\"},\"url\":\"https:\\\/\\\/lospoliticosveracruz.com\\\/?author=2\"}]}<\/script>\n<!-- \/ Yoast SEO plugin. -->","yoast_head_json":{"title":"ATANASIO, EL DA\u00d1O A CUITL\u00c1HUAC - Los pol\u00edticos Veracruz","robots":{"index":"index","follow":"follow","max-snippet":"max-snippet:-1","max-image-preview":"max-image-preview:large","max-video-preview":"max-video-preview:-1"},"canonical":"https:\/\/lospoliticosveracruz.com\/?p=170440","og_locale":"es_ES","og_type":"article","og_title":"ATANASIO, EL DA\u00d1O A CUITL\u00c1HUAC - Los pol\u00edticos Veracruz","og_description":"Ricardo ChuaSale y Vale Cuenta \u00abGarganta Profunda\u00bb que lo que dej\u00f3 las declaraciones de Atanasio Garc\u00eda Dur\u00e1n, padre del ex gobernador Cuitl\u00e1huac Garc\u00eda Jim\u00e9nez, realizadas desde el Congreso del Estado, a mediados de esta semana que termina, sobre la manera de llevar su administraci\u00f3n por parte la mandataria estatal, Roc\u00edo Nahle Garc\u00eda, mismas que pegaron [&hellip;]","og_url":"https:\/\/lospoliticosveracruz.com\/?p=170440","og_site_name":"Los pol\u00edticos Veracruz","article_publisher":"https:\/\/www.facebook.com\/people\/Notimemes-de-los-Polticos\/61565672886568\/","article_published_time":"2026-05-03T11:54:47+00:00","article_modified_time":"2026-05-03T11:54:48+00:00","og_image":[{"width":600,"height":320,"url":"https:\/\/lospoliticosveracruz.com\/wp-content\/uploads\/2026\/02\/Chua-e1775852093240.jpg","type":"image\/jpeg"}],"author":"Lo viste en Los Pol\u00edticos","twitter_card":"summary_large_image","twitter_creator":"@LosPoliticosVer","twitter_site":"@LosPoliticosVer","twitter_misc":{"Escrito por":"Lo viste en Los Pol\u00edticos","Tiempo de lectura":"6 minutos"},"schema":{"@context":"https:\/\/schema.org","@graph":[{"@type":"Article","@id":"https:\/\/lospoliticosveracruz.com\/?p=170440#article","isPartOf":{"@id":"https:\/\/lospoliticosveracruz.com\/?p=170440"},"author":{"name":"Lo viste en Los Pol\u00edticos","@id":"https:\/\/lospoliticosveracruz.com\/#\/schema\/person\/b8702bb0e538456e6efd07080bf2a4a2"},"headline":"ATANASIO, EL DA\u00d1O A CUITL\u00c1HUAC","datePublished":"2026-05-03T11:54:47+00:00","dateModified":"2026-05-03T11:54:48+00:00","mainEntityOfPage":{"@id":"https:\/\/lospoliticosveracruz.com\/?p=170440"},"wordCount":1157,"publisher":{"@id":"https:\/\/lospoliticosveracruz.com\/#organization"},"image":{"@id":"https:\/\/lospoliticosveracruz.com\/?p=170440#primaryimage"},"thumbnailUrl":"https:\/\/lospoliticosveracruz.com\/wp-content\/uploads\/2026\/02\/Chua-e1775852093240.jpg","keywords":["Andr\u00e9s Manuel L\u00f3pez Obrador","Atanasio Garc\u00eda Dur\u00e1n","Cuitl\u00e1huac Garc\u00eda Jim\u00e9nez","Estados Unidos","Morena","Roc\u00edo Nahle","Rub\u00e9n Rocha Moya","Veracruz"],"articleSection":["De Opini\u00f3n"],"inLanguage":"es"},{"@type":"WebPage","@id":"https:\/\/lospoliticosveracruz.com\/?p=170440","url":"https:\/\/lospoliticosveracruz.com\/?p=170440","name":"ATANASIO, EL DA\u00d1O A CUITL\u00c1HUAC - Los pol\u00edticos Veracruz","isPartOf":{"@id":"https:\/\/lospoliticosveracruz.com\/#website"},"primaryImageOfPage":{"@id":"https:\/\/lospoliticosveracruz.com\/?p=170440#primaryimage"},"image":{"@id":"https:\/\/lospoliticosveracruz.com\/?p=170440#primaryimage"},"thumbnailUrl":"https:\/\/lospoliticosveracruz.com\/wp-content\/uploads\/2026\/02\/Chua-e1775852093240.jpg","datePublished":"2026-05-03T11:54:47+00:00","dateModified":"2026-05-03T11:54:48+00:00","breadcrumb":{"@id":"https:\/\/lospoliticosveracruz.com\/?p=170440#breadcrumb"},"inLanguage":"es","potentialAction":[{"@type":"ReadAction","target":["https:\/\/lospoliticosveracruz.com\/?p=170440"]}]},{"@type":"ImageObject","inLanguage":"es","@id":"https:\/\/lospoliticosveracruz.com\/?p=170440#primaryimage","url":"https:\/\/lospoliticosveracruz.com\/wp-content\/uploads\/2026\/02\/Chua-e1775852093240.jpg","contentUrl":"https:\/\/lospoliticosveracruz.com\/wp-content\/uploads\/2026\/02\/Chua-e1775852093240.jpg","width":600,"height":320},{"@type":"BreadcrumbList","@id":"https:\/\/lospoliticosveracruz.com\/?p=170440#breadcrumb","itemListElement":[{"@type":"ListItem","position":1,"name":"Portada","item":"https:\/\/lospoliticosveracruz.com\/"},{"@type":"ListItem","position":2,"name":"ATANASIO, EL DA\u00d1O A CUITL\u00c1HUAC"}]},{"@type":"WebSite","@id":"https:\/\/lospoliticosveracruz.com\/#website","url":"https:\/\/lospoliticosveracruz.com\/","name":"Los pol\u00edticos Veracruz","description":"","publisher":{"@id":"https:\/\/lospoliticosveracruz.com\/#organization"},"potentialAction":[{"@type":"SearchAction","target":{"@type":"EntryPoint","urlTemplate":"https:\/\/lospoliticosveracruz.com\/?s={search_term_string}"},"query-input":{"@type":"PropertyValueSpecification","valueRequired":true,"valueName":"search_term_string"}}],"inLanguage":"es"},{"@type":"Organization","@id":"https:\/\/lospoliticosveracruz.com\/#organization","name":"Los pol\u00edticos Veracruz","url":"https:\/\/lospoliticosveracruz.com\/","logo":{"@type":"ImageObject","inLanguage":"es","@id":"https:\/\/lospoliticosveracruz.com\/#\/schema\/logo\/image\/","url":"https:\/\/lospoliticosveracruz.com\/wp-content\/uploads\/2025\/12\/Logo-Nuevo-LOS-POLITICOS-1.jpg","contentUrl":"https:\/\/lospoliticosveracruz.com\/wp-content\/uploads\/2025\/12\/Logo-Nuevo-LOS-POLITICOS-1.jpg","width":260,"height":70,"caption":"Los pol\u00edticos Veracruz"},"image":{"@id":"https:\/\/lospoliticosveracruz.com\/#\/schema\/logo\/image\/"},"sameAs":["https:\/\/www.facebook.com\/people\/Notimemes-de-los-Polticos\/61565672886568\/","https:\/\/x.com\/LosPoliticosVer"]},{"@type":"Person","@id":"https:\/\/lospoliticosveracruz.com\/#\/schema\/person\/b8702bb0e538456e6efd07080bf2a4a2","name":"Lo viste en Los Pol\u00edticos","image":{"@type":"ImageObject","inLanguage":"es","@id":"https:\/\/secure.gravatar.com\/avatar\/3a8de04a2656d44082be478bd6c086daa447c4651605818287b9532d3d0bd435?s=96&d=mm&r=g","url":"https:\/\/secure.gravatar.com\/avatar\/3a8de04a2656d44082be478bd6c086daa447c4651605818287b9532d3d0bd435?s=96&d=mm&r=g","contentUrl":"https:\/\/secure.gravatar.com\/avatar\/3a8de04a2656d44082be478bd6c086daa447c4651605818287b9532d3d0bd435?s=96&d=mm&r=g","caption":"Lo viste en Los Pol\u00edticos"},"url":"https:\/\/lospoliticosveracruz.com\/?author=2"}]}},"_links":{"self":[{"href":"https:\/\/lospoliticosveracruz.com\/index.php?rest_route=\/wp\/v2\/posts\/170440","targetHints":{"allow":["GET"]}}],"collection":[{"href":"https:\/\/lospoliticosveracruz.com\/index.php?rest_route=\/wp\/v2\/posts"}],"about":[{"href":"https:\/\/lospoliticosveracruz.com\/index.php?rest_route=\/wp\/v2\/types\/post"}],"author":[{"embeddable":true,"href":"https:\/\/lospoliticosveracruz.com\/index.php?rest_route=\/wp\/v2\/users\/2"}],"replies":[{"embeddable":true,"href":"https:\/\/lospoliticosveracruz.com\/index.php?rest_route=%2Fwp%2Fv2%2Fcomments&post=170440"}],"version-history":[{"count":1,"href":"https:\/\/lospoliticosveracruz.com\/index.php?rest_route=\/wp\/v2\/posts\/170440\/revisions"}],"predecessor-version":[{"id":170441,"href":"https:\/\/lospoliticosveracruz.com\/index.php?rest_route=\/wp\/v2\/posts\/170440\/revisions\/170441"}],"wp:featuredmedia":[{"embeddable":true,"href":"https:\/\/lospoliticosveracruz.com\/index.php?rest_route=\/wp\/v2\/media\/162484"}],"wp:attachment":[{"href":"https:\/\/lospoliticosveracruz.com\/index.php?rest_route=%2Fwp%2Fv2%2Fmedia&parent=170440"}],"wp:term":[{"taxonomy":"category","embeddable":true,"href":"https:\/\/lospoliticosveracruz.com\/index.php?rest_route=%2Fwp%2Fv2%2Fcategories&post=170440"},{"taxonomy":"post_tag","embeddable":true,"href":"https:\/\/lospoliticosveracruz.com\/index.php?rest_route=%2Fwp%2Fv2%2Ftags&post=170440"}],"curies":[{"name":"wp","href":"https:\/\/api.w.org\/{rel}","templated":true}]}}