{"id":17112,"date":"2015-08-02T16:58:42","date_gmt":"2015-08-02T21:58:42","guid":{"rendered":"http:\/\/www.lospoliticosveracruz.com.mx\/?p=17112"},"modified":"2015-08-02T16:58:42","modified_gmt":"2015-08-02T21:58:42","slug":"ruben-fotografo-rebelde","status":"publish","type":"post","link":"https:\/\/lospoliticosveracruz.com\/?p=17112","title":{"rendered":"Rub\u00e9n, fot\u00f3grafo rebelde"},"content":{"rendered":"<p><a href=\"http:\/\/www.lospoliticosveracruz.com.mx\/wp-content\/uploads\/2015\/08\/Rub\u00e9n-Espinosa-Becerril.jpg\"><img loading=\"lazy\" decoding=\"async\" class=\"alignnone size-medium wp-image-17113\" src=\"http:\/\/www.lospoliticosveracruz.com.mx\/wp-content\/uploads\/2015\/08\/Rub\u00e9n-Espinosa-Becerril-300x188.jpg\" alt=\"Rub\u00e9n Espinosa Becerril\" width=\"300\" height=\"188\" \/><\/a><br \/>\n<strong>Pablo Jair Ortega<\/strong><\/p>\n<p><em>Columna sin nombre<\/em><\/p>\n<p>Indignaci\u00f3n, tristeza e impotencia. Es lo que reflejan los mensajes de decenas de periodistas que tengo al alcance de las redes sociales. No hay m\u00e1s.<\/p>\n<p>Rabia, enojo, encabronamiento. No es para menos, porque el fotoreportero Rub\u00e9n Espinosa Becerril se hab\u00eda autoexiliado de Veracruz temiendo por su vida. Se supone que estaba a salvo lejos de la entidad cuyos asesinatos a periodistas son la firma de los \u00faltimos a\u00f1os. Se supone que lejos de aqu\u00ed, la muerte, el espionaje chino, el acoso burdo, no lo alcanzar\u00edan.<\/p>\n<p>Quiz\u00e1s con Rub\u00e9n no compart\u00edamos ideales, pero tampoco dej\u00e1bamos de lado el saludarnos con cortes\u00eda: un \u00ab\u00bfQuiovo, Rub\u00e9n? \u00bfQu\u00e9 onda, Pablo?\u00bb y ya&#8230; Si acaso una vez al mes.<\/p>\n<p>Si bien no hab\u00eda una amistad cercana, uno no deja de pensar tristemente en que ese compa\u00f1ero al que saludaba, al que me topaba trabajando en diversos eventos o coberturas, sencillamente ya no est\u00e1&#8230; Que as\u00ed como \u00abCuco\u00bb, en Acayucan, con quien habl\u00e1bamos diario por MSN y pocas veces por tel\u00e9fono, sencillamente dej\u00f3 de existir y ya no est\u00e1 m\u00e1s. Que un ser humano con el que convivimos, aunque sea poco tiempo, parti\u00f3 de forma violenta de este mundo porque a alguien se le ocurri\u00f3 tomar la iniciativa: a alg\u00fan desquiciado psic\u00f3pata, a un maldito asesino, a un perverso que aprovech\u00f3 de manera s\u00e1dica la circunstancia.<\/p>\n<p>Y lo peor: se viene a sumar a las desgracias y tragedias contra periodistas veracruzanos o que hicieron pasos en territorio jarocho como Rub\u00e9n en los \u00faltimos 8 a\u00f1os.<\/p>\n<p>Se notaba tambi\u00e9n el enojo de Rub\u00e9n por su exilio en el Distrito Federal: \u00abMe caga\u00bb, dijo alguna vez en entrevista; lo que denotaba su cari\u00f1o por Veracruz pero especialmente por Xalapa, donde hizo muchos amigos que hoy lo extra\u00f1an, le lloran.<\/p>\n<p>Independientemente de los motivos por los que haya decidido salir de Veracruz e irse a radicar a la Ciudad de M\u00e9xico &#8211;de donde era originario&#8211; hoy nos sumamos a la condena por su asesinato, as\u00ed como presentamos respeto y condolencias a su familia.<\/p>\n<p>Rub\u00e9n Espinosa no deb\u00eda morir. Quiz\u00e1s de viejito, solamente. Tampoco las otras 4 v\u00edctimas.<\/p>\n<p>Ten\u00eda una juventud plena para seguir haciendo fotoperiodismo rebelde y sus constantes labores de activismo (criticables, pero respetables). Rub\u00e9n ten\u00eda mucho que ofrecer y sin duda deja un legado en Veracruz entre las nuevas generaciones que les gust\u00f3 su estilo de trabajo.<\/p>\n<p>Hoy s\u00f3lo nos queda gritar \u00a1JUSTICIA!, y que las autoridades capitalinas esclarezcan lo m\u00e1s pronto el atroz crimen que le quit\u00f3 la vida.<\/p>\n<p>En teor\u00eda, la Procuradur\u00eda de Justicia del Distrito Federal no tendr\u00eda ning\u00fan compromiso pol\u00edtico o con mafias para dar a conocer la verdad hist\u00f3rica de porqu\u00e9 Rub\u00e9n ya no est\u00e1 con nosotros.<\/p>\n<p>Lo que s\u00ed sabemos en primera instancia, es porque decidi\u00f3 partir a otros rumbos, cagado de coraje, por irse de Xalapa.<\/p>\n<p>Descanse en paz, Rub\u00e9n Espinosa, el fot\u00f3grafo ind\u00f3mito.<\/p>\n","protected":false},"excerpt":{"rendered":"<p>Pablo Jair Ortega Columna sin nombre Indignaci\u00f3n, tristeza e impotencia. Es lo que reflejan los mensajes de decenas de periodistas que tengo al alcance de las redes sociales. No hay m\u00e1s. Rabia, enojo, encabronamiento. No es para menos, porque el fotoreportero Rub\u00e9n Espinosa Becerril se hab\u00eda autoexiliado de Veracruz temiendo por su vida. Se supone [&hellip;]<\/p>\n","protected":false},"author":2,"featured_media":0,"comment_status":"open","ping_status":"open","sticky":false,"template":"","format":"standard","meta":{"tdm_status":"","tdm_grid_status":"","footnotes":""},"categories":[70],"tags":[3089],"class_list":{"0":"post-17112","1":"post","2":"type-post","3":"status-publish","4":"format-standard","6":"category-de-opinion","7":"tag-ruben-espinosa-becerril"},"yoast_head":"<!-- This site is optimized with the Yoast SEO plugin v27.4 - https:\/\/yoast.com\/product\/yoast-seo-wordpress\/ -->\n<title>Rub\u00e9n, fot\u00f3grafo rebelde - Los pol\u00edticos Veracruz<\/title>\n<meta name=\"robots\" content=\"index, follow, max-snippet:-1, max-image-preview:large, max-video-preview:-1\" \/>\n<link rel=\"canonical\" href=\"https:\/\/lospoliticosveracruz.com\/?p=17112\" \/>\n<meta property=\"og:locale\" content=\"es_ES\" \/>\n<meta property=\"og:type\" content=\"article\" \/>\n<meta property=\"og:title\" content=\"Rub\u00e9n, fot\u00f3grafo rebelde - Los pol\u00edticos Veracruz\" \/>\n<meta property=\"og:description\" content=\"Pablo Jair Ortega Columna sin nombre Indignaci\u00f3n, tristeza e impotencia. Es lo que reflejan los mensajes de decenas de periodistas que tengo al alcance de las redes sociales. No hay m\u00e1s. Rabia, enojo, encabronamiento. No es para menos, porque el fotoreportero Rub\u00e9n Espinosa Becerril se hab\u00eda autoexiliado de Veracruz temiendo por su vida. Se supone [&hellip;]\" \/>\n<meta property=\"og:url\" content=\"https:\/\/lospoliticosveracruz.com\/?p=17112\" \/>\n<meta property=\"og:site_name\" content=\"Los pol\u00edticos Veracruz\" \/>\n<meta property=\"article:publisher\" content=\"https:\/\/www.facebook.com\/people\/Notimemes-de-los-Polticos\/61565672886568\/\" \/>\n<meta property=\"article:published_time\" content=\"2015-08-02T21:58:42+00:00\" \/>\n<meta property=\"og:image\" content=\"https:\/\/lospoliticosveracruz.com\/wp-content\/uploads\/2016\/07\/Logo-Dor.jpg\" \/>\n\t<meta property=\"og:image:width\" content=\"200\" \/>\n\t<meta property=\"og:image:height\" content=\"200\" \/>\n\t<meta property=\"og:image:type\" content=\"image\/jpeg\" \/>\n<meta name=\"author\" content=\"Lo viste en Los Pol\u00edticos\" \/>\n<meta name=\"twitter:card\" content=\"summary_large_image\" \/>\n<meta name=\"twitter:creator\" content=\"@LosPoliticosVer\" \/>\n<meta name=\"twitter:site\" content=\"@LosPoliticosVer\" \/>\n<meta name=\"twitter:label1\" content=\"Escrito por\" \/>\n\t<meta name=\"twitter:data1\" content=\"Lo viste en Los Pol\u00edticos\" \/>\n\t<meta name=\"twitter:label2\" content=\"Tiempo de lectura\" \/>\n\t<meta name=\"twitter:data2\" content=\"3 minutos\" \/>\n<script type=\"application\/ld+json\" class=\"yoast-schema-graph\">{\"@context\":\"https:\\\/\\\/schema.org\",\"@graph\":[{\"@type\":\"Article\",\"@id\":\"https:\\\/\\\/lospoliticosveracruz.com\\\/?p=17112#article\",\"isPartOf\":{\"@id\":\"https:\\\/\\\/lospoliticosveracruz.com\\\/?p=17112\"},\"author\":{\"name\":\"Lo viste en Los Pol\u00edticos\",\"@id\":\"https:\\\/\\\/lospoliticosveracruz.com\\\/#\\\/schema\\\/person\\\/b8702bb0e538456e6efd07080bf2a4a2\"},\"headline\":\"Rub\u00e9n, fot\u00f3grafo rebelde\",\"datePublished\":\"2015-08-02T21:58:42+00:00\",\"mainEntityOfPage\":{\"@id\":\"https:\\\/\\\/lospoliticosveracruz.com\\\/?p=17112\"},\"wordCount\":529,\"commentCount\":0,\"publisher\":{\"@id\":\"https:\\\/\\\/lospoliticosveracruz.com\\\/#organization\"},\"keywords\":[\"Rub\u00e9n Espinosa Becerril\"],\"articleSection\":[\"De Opini\u00f3n\"],\"inLanguage\":\"es\",\"potentialAction\":[{\"@type\":\"CommentAction\",\"name\":\"Comment\",\"target\":[\"https:\\\/\\\/lospoliticosveracruz.com\\\/?p=17112#respond\"]}]},{\"@type\":\"WebPage\",\"@id\":\"https:\\\/\\\/lospoliticosveracruz.com\\\/?p=17112\",\"url\":\"https:\\\/\\\/lospoliticosveracruz.com\\\/?p=17112\",\"name\":\"Rub\u00e9n, fot\u00f3grafo rebelde - Los pol\u00edticos Veracruz\",\"isPartOf\":{\"@id\":\"https:\\\/\\\/lospoliticosveracruz.com\\\/#website\"},\"datePublished\":\"2015-08-02T21:58:42+00:00\",\"breadcrumb\":{\"@id\":\"https:\\\/\\\/lospoliticosveracruz.com\\\/?p=17112#breadcrumb\"},\"inLanguage\":\"es\",\"potentialAction\":[{\"@type\":\"ReadAction\",\"target\":[\"https:\\\/\\\/lospoliticosveracruz.com\\\/?p=17112\"]}]},{\"@type\":\"BreadcrumbList\",\"@id\":\"https:\\\/\\\/lospoliticosveracruz.com\\\/?p=17112#breadcrumb\",\"itemListElement\":[{\"@type\":\"ListItem\",\"position\":1,\"name\":\"Portada\",\"item\":\"https:\\\/\\\/lospoliticosveracruz.com\\\/\"},{\"@type\":\"ListItem\",\"position\":2,\"name\":\"Rub\u00e9n, fot\u00f3grafo rebelde\"}]},{\"@type\":\"WebSite\",\"@id\":\"https:\\\/\\\/lospoliticosveracruz.com\\\/#website\",\"url\":\"https:\\\/\\\/lospoliticosveracruz.com\\\/\",\"name\":\"Los pol\u00edticos Veracruz\",\"description\":\"\",\"publisher\":{\"@id\":\"https:\\\/\\\/lospoliticosveracruz.com\\\/#organization\"},\"potentialAction\":[{\"@type\":\"SearchAction\",\"target\":{\"@type\":\"EntryPoint\",\"urlTemplate\":\"https:\\\/\\\/lospoliticosveracruz.com\\\/?s={search_term_string}\"},\"query-input\":{\"@type\":\"PropertyValueSpecification\",\"valueRequired\":true,\"valueName\":\"search_term_string\"}}],\"inLanguage\":\"es\"},{\"@type\":\"Organization\",\"@id\":\"https:\\\/\\\/lospoliticosveracruz.com\\\/#organization\",\"name\":\"Los pol\u00edticos Veracruz\",\"url\":\"https:\\\/\\\/lospoliticosveracruz.com\\\/\",\"logo\":{\"@type\":\"ImageObject\",\"inLanguage\":\"es\",\"@id\":\"https:\\\/\\\/lospoliticosveracruz.com\\\/#\\\/schema\\\/logo\\\/image\\\/\",\"url\":\"https:\\\/\\\/lospoliticosveracruz.com\\\/wp-content\\\/uploads\\\/2025\\\/12\\\/Logo-Nuevo-LOS-POLITICOS-1.jpg\",\"contentUrl\":\"https:\\\/\\\/lospoliticosveracruz.com\\\/wp-content\\\/uploads\\\/2025\\\/12\\\/Logo-Nuevo-LOS-POLITICOS-1.jpg\",\"width\":260,\"height\":70,\"caption\":\"Los pol\u00edticos Veracruz\"},\"image\":{\"@id\":\"https:\\\/\\\/lospoliticosveracruz.com\\\/#\\\/schema\\\/logo\\\/image\\\/\"},\"sameAs\":[\"https:\\\/\\\/www.facebook.com\\\/people\\\/Notimemes-de-los-Polticos\\\/61565672886568\\\/\",\"https:\\\/\\\/x.com\\\/LosPoliticosVer\"]},{\"@type\":\"Person\",\"@id\":\"https:\\\/\\\/lospoliticosveracruz.com\\\/#\\\/schema\\\/person\\\/b8702bb0e538456e6efd07080bf2a4a2\",\"name\":\"Lo viste en Los Pol\u00edticos\",\"image\":{\"@type\":\"ImageObject\",\"inLanguage\":\"es\",\"@id\":\"https:\\\/\\\/secure.gravatar.com\\\/avatar\\\/3a8de04a2656d44082be478bd6c086daa447c4651605818287b9532d3d0bd435?s=96&d=mm&r=g\",\"url\":\"https:\\\/\\\/secure.gravatar.com\\\/avatar\\\/3a8de04a2656d44082be478bd6c086daa447c4651605818287b9532d3d0bd435?s=96&d=mm&r=g\",\"contentUrl\":\"https:\\\/\\\/secure.gravatar.com\\\/avatar\\\/3a8de04a2656d44082be478bd6c086daa447c4651605818287b9532d3d0bd435?s=96&d=mm&r=g\",\"caption\":\"Lo viste en Los Pol\u00edticos\"},\"url\":\"https:\\\/\\\/lospoliticosveracruz.com\\\/?author=2\"}]}<\/script>\n<!-- \/ Yoast SEO plugin. -->","yoast_head_json":{"title":"Rub\u00e9n, fot\u00f3grafo rebelde - Los pol\u00edticos Veracruz","robots":{"index":"index","follow":"follow","max-snippet":"max-snippet:-1","max-image-preview":"max-image-preview:large","max-video-preview":"max-video-preview:-1"},"canonical":"https:\/\/lospoliticosveracruz.com\/?p=17112","og_locale":"es_ES","og_type":"article","og_title":"Rub\u00e9n, fot\u00f3grafo rebelde - Los pol\u00edticos Veracruz","og_description":"Pablo Jair Ortega Columna sin nombre Indignaci\u00f3n, tristeza e impotencia. Es lo que reflejan los mensajes de decenas de periodistas que tengo al alcance de las redes sociales. No hay m\u00e1s. Rabia, enojo, encabronamiento. No es para menos, porque el fotoreportero Rub\u00e9n Espinosa Becerril se hab\u00eda autoexiliado de Veracruz temiendo por su vida. Se supone [&hellip;]","og_url":"https:\/\/lospoliticosveracruz.com\/?p=17112","og_site_name":"Los pol\u00edticos Veracruz","article_publisher":"https:\/\/www.facebook.com\/people\/Notimemes-de-los-Polticos\/61565672886568\/","article_published_time":"2015-08-02T21:58:42+00:00","og_image":[{"width":200,"height":200,"url":"https:\/\/lospoliticosveracruz.com\/wp-content\/uploads\/2016\/07\/Logo-Dor.jpg","type":"image\/jpeg"}],"author":"Lo viste en Los Pol\u00edticos","twitter_card":"summary_large_image","twitter_creator":"@LosPoliticosVer","twitter_site":"@LosPoliticosVer","twitter_misc":{"Escrito por":"Lo viste en Los Pol\u00edticos","Tiempo de lectura":"3 minutos"},"schema":{"@context":"https:\/\/schema.org","@graph":[{"@type":"Article","@id":"https:\/\/lospoliticosveracruz.com\/?p=17112#article","isPartOf":{"@id":"https:\/\/lospoliticosveracruz.com\/?p=17112"},"author":{"name":"Lo viste en Los Pol\u00edticos","@id":"https:\/\/lospoliticosveracruz.com\/#\/schema\/person\/b8702bb0e538456e6efd07080bf2a4a2"},"headline":"Rub\u00e9n, fot\u00f3grafo rebelde","datePublished":"2015-08-02T21:58:42+00:00","mainEntityOfPage":{"@id":"https:\/\/lospoliticosveracruz.com\/?p=17112"},"wordCount":529,"commentCount":0,"publisher":{"@id":"https:\/\/lospoliticosveracruz.com\/#organization"},"keywords":["Rub\u00e9n Espinosa Becerril"],"articleSection":["De Opini\u00f3n"],"inLanguage":"es","potentialAction":[{"@type":"CommentAction","name":"Comment","target":["https:\/\/lospoliticosveracruz.com\/?p=17112#respond"]}]},{"@type":"WebPage","@id":"https:\/\/lospoliticosveracruz.com\/?p=17112","url":"https:\/\/lospoliticosveracruz.com\/?p=17112","name":"Rub\u00e9n, fot\u00f3grafo rebelde - Los pol\u00edticos Veracruz","isPartOf":{"@id":"https:\/\/lospoliticosveracruz.com\/#website"},"datePublished":"2015-08-02T21:58:42+00:00","breadcrumb":{"@id":"https:\/\/lospoliticosveracruz.com\/?p=17112#breadcrumb"},"inLanguage":"es","potentialAction":[{"@type":"ReadAction","target":["https:\/\/lospoliticosveracruz.com\/?p=17112"]}]},{"@type":"BreadcrumbList","@id":"https:\/\/lospoliticosveracruz.com\/?p=17112#breadcrumb","itemListElement":[{"@type":"ListItem","position":1,"name":"Portada","item":"https:\/\/lospoliticosveracruz.com\/"},{"@type":"ListItem","position":2,"name":"Rub\u00e9n, fot\u00f3grafo rebelde"}]},{"@type":"WebSite","@id":"https:\/\/lospoliticosveracruz.com\/#website","url":"https:\/\/lospoliticosveracruz.com\/","name":"Los pol\u00edticos Veracruz","description":"","publisher":{"@id":"https:\/\/lospoliticosveracruz.com\/#organization"},"potentialAction":[{"@type":"SearchAction","target":{"@type":"EntryPoint","urlTemplate":"https:\/\/lospoliticosveracruz.com\/?s={search_term_string}"},"query-input":{"@type":"PropertyValueSpecification","valueRequired":true,"valueName":"search_term_string"}}],"inLanguage":"es"},{"@type":"Organization","@id":"https:\/\/lospoliticosveracruz.com\/#organization","name":"Los pol\u00edticos Veracruz","url":"https:\/\/lospoliticosveracruz.com\/","logo":{"@type":"ImageObject","inLanguage":"es","@id":"https:\/\/lospoliticosveracruz.com\/#\/schema\/logo\/image\/","url":"https:\/\/lospoliticosveracruz.com\/wp-content\/uploads\/2025\/12\/Logo-Nuevo-LOS-POLITICOS-1.jpg","contentUrl":"https:\/\/lospoliticosveracruz.com\/wp-content\/uploads\/2025\/12\/Logo-Nuevo-LOS-POLITICOS-1.jpg","width":260,"height":70,"caption":"Los pol\u00edticos Veracruz"},"image":{"@id":"https:\/\/lospoliticosveracruz.com\/#\/schema\/logo\/image\/"},"sameAs":["https:\/\/www.facebook.com\/people\/Notimemes-de-los-Polticos\/61565672886568\/","https:\/\/x.com\/LosPoliticosVer"]},{"@type":"Person","@id":"https:\/\/lospoliticosveracruz.com\/#\/schema\/person\/b8702bb0e538456e6efd07080bf2a4a2","name":"Lo viste en Los Pol\u00edticos","image":{"@type":"ImageObject","inLanguage":"es","@id":"https:\/\/secure.gravatar.com\/avatar\/3a8de04a2656d44082be478bd6c086daa447c4651605818287b9532d3d0bd435?s=96&d=mm&r=g","url":"https:\/\/secure.gravatar.com\/avatar\/3a8de04a2656d44082be478bd6c086daa447c4651605818287b9532d3d0bd435?s=96&d=mm&r=g","contentUrl":"https:\/\/secure.gravatar.com\/avatar\/3a8de04a2656d44082be478bd6c086daa447c4651605818287b9532d3d0bd435?s=96&d=mm&r=g","caption":"Lo viste en Los Pol\u00edticos"},"url":"https:\/\/lospoliticosveracruz.com\/?author=2"}]}},"_links":{"self":[{"href":"https:\/\/lospoliticosveracruz.com\/index.php?rest_route=\/wp\/v2\/posts\/17112","targetHints":{"allow":["GET"]}}],"collection":[{"href":"https:\/\/lospoliticosveracruz.com\/index.php?rest_route=\/wp\/v2\/posts"}],"about":[{"href":"https:\/\/lospoliticosveracruz.com\/index.php?rest_route=\/wp\/v2\/types\/post"}],"author":[{"embeddable":true,"href":"https:\/\/lospoliticosveracruz.com\/index.php?rest_route=\/wp\/v2\/users\/2"}],"replies":[{"embeddable":true,"href":"https:\/\/lospoliticosveracruz.com\/index.php?rest_route=%2Fwp%2Fv2%2Fcomments&post=17112"}],"version-history":[{"count":1,"href":"https:\/\/lospoliticosveracruz.com\/index.php?rest_route=\/wp\/v2\/posts\/17112\/revisions"}],"predecessor-version":[{"id":17114,"href":"https:\/\/lospoliticosveracruz.com\/index.php?rest_route=\/wp\/v2\/posts\/17112\/revisions\/17114"}],"wp:attachment":[{"href":"https:\/\/lospoliticosveracruz.com\/index.php?rest_route=%2Fwp%2Fv2%2Fmedia&parent=17112"}],"wp:term":[{"taxonomy":"category","embeddable":true,"href":"https:\/\/lospoliticosveracruz.com\/index.php?rest_route=%2Fwp%2Fv2%2Fcategories&post=17112"},{"taxonomy":"post_tag","embeddable":true,"href":"https:\/\/lospoliticosveracruz.com\/index.php?rest_route=%2Fwp%2Fv2%2Ftags&post=17112"}],"curies":[{"name":"wp","href":"https:\/\/api.w.org\/{rel}","templated":true}]}}