{"id":17115,"date":"2015-08-02T21:10:56","date_gmt":"2015-08-03T02:10:56","guid":{"rendered":"http:\/\/www.lospoliticosveracruz.com.mx\/?p=17115"},"modified":"2015-08-02T21:10:56","modified_gmt":"2015-08-03T02:10:56","slug":"hector-yunes-y-el-bronco-se-reunen","status":"publish","type":"post","link":"https:\/\/lospoliticosveracruz.com\/?p=17115","title":{"rendered":"H\u00e9ctor Yunes y El Bronco se re\u00fanen"},"content":{"rendered":"<p><a href=\"http:\/\/www.lospoliticosveracruz.com.mx\/wp-content\/uploads\/2015\/08\/H\u00e9ctor-Yunes-y-El-Bronco-se-re\u00fanen-1.jpg\"><img loading=\"lazy\" decoding=\"async\" class=\"alignnone size-medium wp-image-17116\" src=\"http:\/\/www.lospoliticosveracruz.com.mx\/wp-content\/uploads\/2015\/08\/H\u00e9ctor-Yunes-y-El-Bronco-se-re\u00fanen-1-300x200.jpg\" alt=\"H\u00e9ctor Yunes y El Bronco se re\u00fanen 1\" width=\"300\" height=\"200\" \/><\/a><\/p>\n<p>Monterrey, Nuevo Le\u00f3n.- Por casi cuatro horas se reunieron en la ciudad de Monterrey, Nuevo Le\u00f3n, el gobernador electo de esa entidad, Jaime Rodr\u00edguez Calder\u00f3n, \u201cEl Bronco\u201d y el senador por Veracruz, H\u00e9ctor Yunes Landa. El tema que m\u00e1s atrajo la pl\u00e1tica fue el pol\u00edtico.<\/p>\n<p>\u201cEl Bronco\u201d y el senador H\u00e9ctor Yunes Landa tienen una relaci\u00f3n desde que ambos fueron dirigentes juveniles nacionales. \u201cEl bronco\u201d de la juventud campesina y el senador veracruzano de los j\u00f3venes del sector popular del PRI.<\/p>\n<p>Tras el encuentro, ambos representantes manifestaron su intenci\u00f3n de continuar acercando a ambos estados, hermanados en un futuro com\u00fan con infraestructura de gas, redes log\u00edsticas, y plataformas industriales que har\u00e1n que las econom\u00edas 3 y 5 del pa\u00eds se potencien.<\/p>\n<p>\u00abNos entendimos muy bien. Ambos fuimos alimentados con leche bronca\u00bb expres\u00f3 Yunes Landa de buen humor al terminar el primer encuentro.<\/p>\n<p>Al t\u00e9rmino del mismo, Yunes Landa inform\u00f3 que se trat\u00f3 de una reuni\u00f3n de amigos y de trabajo, en donde se abordaron tanto temas de coyuntura como los elementos de una agenda que permitan beneficiar a ambas entidades.<\/p>\n<p>El Senador destac\u00f3 las oportunidades de inversi\u00f3n que se han abierto en Veracruz para el empresariado regiomontano, tras las reformas impulsadas desde el Senado. Se abord\u00f3, en particular, el atractivo de sectores como el de energ\u00eda, asentado en el sur y norte del estado, el log\u00edstico, con base en cada una de los tres recintos portuarios y el agroalimentario, que se extiende por toda la entidad.<\/p>\n<p>Asimismo, se anunci\u00f3 la intenci\u00f3n de fomentar el intercambio de conocimiento entre los conglomerados acad\u00e9micos (p\u00fablicos, privados y empresariales) de las dos entidades.<\/p>\n<p>Yunes Landa propuso la integraci\u00f3n de programas de formaci\u00f3n de estudiantes veracruzanos en Nuevo Le\u00f3n y anticip\u00f3 una pr\u00f3xima visita del gobernador electo a la entidad, para reunirse con medios de comunicaci\u00f3n, con empresarios y con estudiantes y acad\u00e9micos veracruzanos, en donde \u00e9l fungir\u00e1 como facilitador.<\/p>\n<p>\u00abRealmente creo que estamos ante el inicio de una nueva historia para Nuevo Le\u00f3n y Veracruz\u00bb concluy\u00f3 el senador.<\/p>\n<p><img loading=\"lazy\" decoding=\"async\" class=\"alignnone size-medium wp-image-17117\" src=\"http:\/\/www.lospoliticosveracruz.com.mx\/wp-content\/uploads\/2015\/08\/H\u00e9ctor-Yunes-y-El-Bronco-se-re\u00fanen-2-300x200.jpg\" alt=\"H\u00e9ctor Yunes y El Bronco se re\u00fanen 2\" width=\"300\" height=\"200\" \/><\/p>\n","protected":false},"excerpt":{"rendered":"<p>Monterrey, Nuevo Le\u00f3n.- Por casi cuatro horas se reunieron en la ciudad de Monterrey, Nuevo Le\u00f3n, el gobernador electo de esa entidad, Jaime Rodr\u00edguez Calder\u00f3n, \u201cEl Bronco\u201d y el senador por Veracruz, H\u00e9ctor Yunes Landa. El tema que m\u00e1s atrajo la pl\u00e1tica fue el pol\u00edtico. \u201cEl Bronco\u201d y el senador H\u00e9ctor Yunes Landa tienen una [&hellip;]<\/p>\n","protected":false},"author":2,"featured_media":0,"comment_status":"open","ping_status":"open","sticky":false,"template":"","format":"standard","meta":{"tdm_status":"","tdm_grid_status":"","footnotes":""},"categories":[73],"tags":[2825,348,2811],"class_list":{"0":"post-17115","1":"post","2":"type-post","3":"status-publish","4":"format-standard","6":"category-de-boleto","7":"tag-el-bronco","8":"tag-hector-yunes-landa","9":"tag-jaime-rodriguez-calderon"},"yoast_head":"<!-- This site is optimized with the Yoast SEO plugin v27.4 - https:\/\/yoast.com\/product\/yoast-seo-wordpress\/ -->\n<title>H\u00e9ctor Yunes y El Bronco se re\u00fanen - Los pol\u00edticos Veracruz<\/title>\n<meta name=\"robots\" content=\"index, follow, max-snippet:-1, max-image-preview:large, max-video-preview:-1\" \/>\n<link rel=\"canonical\" href=\"https:\/\/lospoliticosveracruz.com\/?p=17115\" \/>\n<meta property=\"og:locale\" content=\"es_ES\" \/>\n<meta property=\"og:type\" content=\"article\" \/>\n<meta property=\"og:title\" content=\"H\u00e9ctor Yunes y El Bronco se re\u00fanen - Los pol\u00edticos Veracruz\" \/>\n<meta property=\"og:description\" content=\"Monterrey, Nuevo Le\u00f3n.- Por casi cuatro horas se reunieron en la ciudad de Monterrey, Nuevo Le\u00f3n, el gobernador electo de esa entidad, Jaime Rodr\u00edguez Calder\u00f3n, \u201cEl Bronco\u201d y el senador por Veracruz, H\u00e9ctor Yunes Landa. El tema que m\u00e1s atrajo la pl\u00e1tica fue el pol\u00edtico. \u201cEl Bronco\u201d y el senador H\u00e9ctor Yunes Landa tienen una [&hellip;]\" \/>\n<meta property=\"og:url\" content=\"https:\/\/lospoliticosveracruz.com\/?p=17115\" \/>\n<meta property=\"og:site_name\" content=\"Los pol\u00edticos Veracruz\" \/>\n<meta property=\"article:publisher\" content=\"https:\/\/www.facebook.com\/people\/Notimemes-de-los-Polticos\/61565672886568\/\" \/>\n<meta property=\"article:published_time\" content=\"2015-08-03T02:10:56+00:00\" \/>\n<meta property=\"og:image\" content=\"https:\/\/lospoliticosveracruz.com\/wp-content\/uploads\/2016\/07\/Logo-Dor.jpg\" \/>\n\t<meta property=\"og:image:width\" content=\"200\" \/>\n\t<meta property=\"og:image:height\" content=\"200\" \/>\n\t<meta property=\"og:image:type\" content=\"image\/jpeg\" \/>\n<meta name=\"author\" content=\"Lo viste en Los Pol\u00edticos\" \/>\n<meta name=\"twitter:card\" content=\"summary_large_image\" \/>\n<meta name=\"twitter:creator\" content=\"@LosPoliticosVer\" \/>\n<meta name=\"twitter:site\" content=\"@LosPoliticosVer\" \/>\n<meta name=\"twitter:label1\" content=\"Escrito por\" \/>\n\t<meta name=\"twitter:data1\" content=\"Lo viste en Los Pol\u00edticos\" \/>\n\t<meta name=\"twitter:label2\" content=\"Tiempo de lectura\" \/>\n\t<meta name=\"twitter:data2\" content=\"2 minutos\" \/>\n<script type=\"application\/ld+json\" class=\"yoast-schema-graph\">{\"@context\":\"https:\\\/\\\/schema.org\",\"@graph\":[{\"@type\":\"Article\",\"@id\":\"https:\\\/\\\/lospoliticosveracruz.com\\\/?p=17115#article\",\"isPartOf\":{\"@id\":\"https:\\\/\\\/lospoliticosveracruz.com\\\/?p=17115\"},\"author\":{\"name\":\"Lo viste en Los Pol\u00edticos\",\"@id\":\"https:\\\/\\\/lospoliticosveracruz.com\\\/#\\\/schema\\\/person\\\/b8702bb0e538456e6efd07080bf2a4a2\"},\"headline\":\"H\u00e9ctor Yunes y El Bronco se re\u00fanen\",\"datePublished\":\"2015-08-03T02:10:56+00:00\",\"mainEntityOfPage\":{\"@id\":\"https:\\\/\\\/lospoliticosveracruz.com\\\/?p=17115\"},\"wordCount\":374,\"commentCount\":0,\"publisher\":{\"@id\":\"https:\\\/\\\/lospoliticosveracruz.com\\\/#organization\"},\"keywords\":[\"El Bronco\",\"H\u00e9ctor Yunes Landa\",\"Jaime Rodr\u00edguez Calder\u00f3n\"],\"articleSection\":[\"De Boleto\"],\"inLanguage\":\"es\",\"potentialAction\":[{\"@type\":\"CommentAction\",\"name\":\"Comment\",\"target\":[\"https:\\\/\\\/lospoliticosveracruz.com\\\/?p=17115#respond\"]}]},{\"@type\":\"WebPage\",\"@id\":\"https:\\\/\\\/lospoliticosveracruz.com\\\/?p=17115\",\"url\":\"https:\\\/\\\/lospoliticosveracruz.com\\\/?p=17115\",\"name\":\"H\u00e9ctor Yunes y El Bronco se re\u00fanen - Los pol\u00edticos Veracruz\",\"isPartOf\":{\"@id\":\"https:\\\/\\\/lospoliticosveracruz.com\\\/#website\"},\"datePublished\":\"2015-08-03T02:10:56+00:00\",\"breadcrumb\":{\"@id\":\"https:\\\/\\\/lospoliticosveracruz.com\\\/?p=17115#breadcrumb\"},\"inLanguage\":\"es\",\"potentialAction\":[{\"@type\":\"ReadAction\",\"target\":[\"https:\\\/\\\/lospoliticosveracruz.com\\\/?p=17115\"]}]},{\"@type\":\"BreadcrumbList\",\"@id\":\"https:\\\/\\\/lospoliticosveracruz.com\\\/?p=17115#breadcrumb\",\"itemListElement\":[{\"@type\":\"ListItem\",\"position\":1,\"name\":\"Portada\",\"item\":\"https:\\\/\\\/lospoliticosveracruz.com\\\/\"},{\"@type\":\"ListItem\",\"position\":2,\"name\":\"H\u00e9ctor Yunes y El Bronco se re\u00fanen\"}]},{\"@type\":\"WebSite\",\"@id\":\"https:\\\/\\\/lospoliticosveracruz.com\\\/#website\",\"url\":\"https:\\\/\\\/lospoliticosveracruz.com\\\/\",\"name\":\"Los pol\u00edticos Veracruz\",\"description\":\"\",\"publisher\":{\"@id\":\"https:\\\/\\\/lospoliticosveracruz.com\\\/#organization\"},\"potentialAction\":[{\"@type\":\"SearchAction\",\"target\":{\"@type\":\"EntryPoint\",\"urlTemplate\":\"https:\\\/\\\/lospoliticosveracruz.com\\\/?s={search_term_string}\"},\"query-input\":{\"@type\":\"PropertyValueSpecification\",\"valueRequired\":true,\"valueName\":\"search_term_string\"}}],\"inLanguage\":\"es\"},{\"@type\":\"Organization\",\"@id\":\"https:\\\/\\\/lospoliticosveracruz.com\\\/#organization\",\"name\":\"Los pol\u00edticos Veracruz\",\"url\":\"https:\\\/\\\/lospoliticosveracruz.com\\\/\",\"logo\":{\"@type\":\"ImageObject\",\"inLanguage\":\"es\",\"@id\":\"https:\\\/\\\/lospoliticosveracruz.com\\\/#\\\/schema\\\/logo\\\/image\\\/\",\"url\":\"https:\\\/\\\/lospoliticosveracruz.com\\\/wp-content\\\/uploads\\\/2025\\\/12\\\/Logo-Nuevo-LOS-POLITICOS-1.jpg\",\"contentUrl\":\"https:\\\/\\\/lospoliticosveracruz.com\\\/wp-content\\\/uploads\\\/2025\\\/12\\\/Logo-Nuevo-LOS-POLITICOS-1.jpg\",\"width\":260,\"height\":70,\"caption\":\"Los pol\u00edticos Veracruz\"},\"image\":{\"@id\":\"https:\\\/\\\/lospoliticosveracruz.com\\\/#\\\/schema\\\/logo\\\/image\\\/\"},\"sameAs\":[\"https:\\\/\\\/www.facebook.com\\\/people\\\/Notimemes-de-los-Polticos\\\/61565672886568\\\/\",\"https:\\\/\\\/x.com\\\/LosPoliticosVer\"]},{\"@type\":\"Person\",\"@id\":\"https:\\\/\\\/lospoliticosveracruz.com\\\/#\\\/schema\\\/person\\\/b8702bb0e538456e6efd07080bf2a4a2\",\"name\":\"Lo viste en Los Pol\u00edticos\",\"image\":{\"@type\":\"ImageObject\",\"inLanguage\":\"es\",\"@id\":\"https:\\\/\\\/secure.gravatar.com\\\/avatar\\\/3a8de04a2656d44082be478bd6c086daa447c4651605818287b9532d3d0bd435?s=96&d=mm&r=g\",\"url\":\"https:\\\/\\\/secure.gravatar.com\\\/avatar\\\/3a8de04a2656d44082be478bd6c086daa447c4651605818287b9532d3d0bd435?s=96&d=mm&r=g\",\"contentUrl\":\"https:\\\/\\\/secure.gravatar.com\\\/avatar\\\/3a8de04a2656d44082be478bd6c086daa447c4651605818287b9532d3d0bd435?s=96&d=mm&r=g\",\"caption\":\"Lo viste en Los Pol\u00edticos\"},\"url\":\"https:\\\/\\\/lospoliticosveracruz.com\\\/?author=2\"}]}<\/script>\n<!-- \/ Yoast SEO plugin. -->","yoast_head_json":{"title":"H\u00e9ctor Yunes y El Bronco se re\u00fanen - Los pol\u00edticos Veracruz","robots":{"index":"index","follow":"follow","max-snippet":"max-snippet:-1","max-image-preview":"max-image-preview:large","max-video-preview":"max-video-preview:-1"},"canonical":"https:\/\/lospoliticosveracruz.com\/?p=17115","og_locale":"es_ES","og_type":"article","og_title":"H\u00e9ctor Yunes y El Bronco se re\u00fanen - Los pol\u00edticos Veracruz","og_description":"Monterrey, Nuevo Le\u00f3n.- Por casi cuatro horas se reunieron en la ciudad de Monterrey, Nuevo Le\u00f3n, el gobernador electo de esa entidad, Jaime Rodr\u00edguez Calder\u00f3n, \u201cEl Bronco\u201d y el senador por Veracruz, H\u00e9ctor Yunes Landa. El tema que m\u00e1s atrajo la pl\u00e1tica fue el pol\u00edtico. \u201cEl Bronco\u201d y el senador H\u00e9ctor Yunes Landa tienen una [&hellip;]","og_url":"https:\/\/lospoliticosveracruz.com\/?p=17115","og_site_name":"Los pol\u00edticos Veracruz","article_publisher":"https:\/\/www.facebook.com\/people\/Notimemes-de-los-Polticos\/61565672886568\/","article_published_time":"2015-08-03T02:10:56+00:00","og_image":[{"width":200,"height":200,"url":"https:\/\/lospoliticosveracruz.com\/wp-content\/uploads\/2016\/07\/Logo-Dor.jpg","type":"image\/jpeg"}],"author":"Lo viste en Los Pol\u00edticos","twitter_card":"summary_large_image","twitter_creator":"@LosPoliticosVer","twitter_site":"@LosPoliticosVer","twitter_misc":{"Escrito por":"Lo viste en Los Pol\u00edticos","Tiempo de lectura":"2 minutos"},"schema":{"@context":"https:\/\/schema.org","@graph":[{"@type":"Article","@id":"https:\/\/lospoliticosveracruz.com\/?p=17115#article","isPartOf":{"@id":"https:\/\/lospoliticosveracruz.com\/?p=17115"},"author":{"name":"Lo viste en Los Pol\u00edticos","@id":"https:\/\/lospoliticosveracruz.com\/#\/schema\/person\/b8702bb0e538456e6efd07080bf2a4a2"},"headline":"H\u00e9ctor Yunes y El Bronco se re\u00fanen","datePublished":"2015-08-03T02:10:56+00:00","mainEntityOfPage":{"@id":"https:\/\/lospoliticosveracruz.com\/?p=17115"},"wordCount":374,"commentCount":0,"publisher":{"@id":"https:\/\/lospoliticosveracruz.com\/#organization"},"keywords":["El Bronco","H\u00e9ctor Yunes Landa","Jaime Rodr\u00edguez Calder\u00f3n"],"articleSection":["De Boleto"],"inLanguage":"es","potentialAction":[{"@type":"CommentAction","name":"Comment","target":["https:\/\/lospoliticosveracruz.com\/?p=17115#respond"]}]},{"@type":"WebPage","@id":"https:\/\/lospoliticosveracruz.com\/?p=17115","url":"https:\/\/lospoliticosveracruz.com\/?p=17115","name":"H\u00e9ctor Yunes y El Bronco se re\u00fanen - Los pol\u00edticos Veracruz","isPartOf":{"@id":"https:\/\/lospoliticosveracruz.com\/#website"},"datePublished":"2015-08-03T02:10:56+00:00","breadcrumb":{"@id":"https:\/\/lospoliticosveracruz.com\/?p=17115#breadcrumb"},"inLanguage":"es","potentialAction":[{"@type":"ReadAction","target":["https:\/\/lospoliticosveracruz.com\/?p=17115"]}]},{"@type":"BreadcrumbList","@id":"https:\/\/lospoliticosveracruz.com\/?p=17115#breadcrumb","itemListElement":[{"@type":"ListItem","position":1,"name":"Portada","item":"https:\/\/lospoliticosveracruz.com\/"},{"@type":"ListItem","position":2,"name":"H\u00e9ctor Yunes y El Bronco se re\u00fanen"}]},{"@type":"WebSite","@id":"https:\/\/lospoliticosveracruz.com\/#website","url":"https:\/\/lospoliticosveracruz.com\/","name":"Los pol\u00edticos Veracruz","description":"","publisher":{"@id":"https:\/\/lospoliticosveracruz.com\/#organization"},"potentialAction":[{"@type":"SearchAction","target":{"@type":"EntryPoint","urlTemplate":"https:\/\/lospoliticosveracruz.com\/?s={search_term_string}"},"query-input":{"@type":"PropertyValueSpecification","valueRequired":true,"valueName":"search_term_string"}}],"inLanguage":"es"},{"@type":"Organization","@id":"https:\/\/lospoliticosveracruz.com\/#organization","name":"Los pol\u00edticos Veracruz","url":"https:\/\/lospoliticosveracruz.com\/","logo":{"@type":"ImageObject","inLanguage":"es","@id":"https:\/\/lospoliticosveracruz.com\/#\/schema\/logo\/image\/","url":"https:\/\/lospoliticosveracruz.com\/wp-content\/uploads\/2025\/12\/Logo-Nuevo-LOS-POLITICOS-1.jpg","contentUrl":"https:\/\/lospoliticosveracruz.com\/wp-content\/uploads\/2025\/12\/Logo-Nuevo-LOS-POLITICOS-1.jpg","width":260,"height":70,"caption":"Los pol\u00edticos Veracruz"},"image":{"@id":"https:\/\/lospoliticosveracruz.com\/#\/schema\/logo\/image\/"},"sameAs":["https:\/\/www.facebook.com\/people\/Notimemes-de-los-Polticos\/61565672886568\/","https:\/\/x.com\/LosPoliticosVer"]},{"@type":"Person","@id":"https:\/\/lospoliticosveracruz.com\/#\/schema\/person\/b8702bb0e538456e6efd07080bf2a4a2","name":"Lo viste en Los Pol\u00edticos","image":{"@type":"ImageObject","inLanguage":"es","@id":"https:\/\/secure.gravatar.com\/avatar\/3a8de04a2656d44082be478bd6c086daa447c4651605818287b9532d3d0bd435?s=96&d=mm&r=g","url":"https:\/\/secure.gravatar.com\/avatar\/3a8de04a2656d44082be478bd6c086daa447c4651605818287b9532d3d0bd435?s=96&d=mm&r=g","contentUrl":"https:\/\/secure.gravatar.com\/avatar\/3a8de04a2656d44082be478bd6c086daa447c4651605818287b9532d3d0bd435?s=96&d=mm&r=g","caption":"Lo viste en Los Pol\u00edticos"},"url":"https:\/\/lospoliticosveracruz.com\/?author=2"}]}},"_links":{"self":[{"href":"https:\/\/lospoliticosveracruz.com\/index.php?rest_route=\/wp\/v2\/posts\/17115","targetHints":{"allow":["GET"]}}],"collection":[{"href":"https:\/\/lospoliticosveracruz.com\/index.php?rest_route=\/wp\/v2\/posts"}],"about":[{"href":"https:\/\/lospoliticosveracruz.com\/index.php?rest_route=\/wp\/v2\/types\/post"}],"author":[{"embeddable":true,"href":"https:\/\/lospoliticosveracruz.com\/index.php?rest_route=\/wp\/v2\/users\/2"}],"replies":[{"embeddable":true,"href":"https:\/\/lospoliticosveracruz.com\/index.php?rest_route=%2Fwp%2Fv2%2Fcomments&post=17115"}],"version-history":[{"count":1,"href":"https:\/\/lospoliticosveracruz.com\/index.php?rest_route=\/wp\/v2\/posts\/17115\/revisions"}],"predecessor-version":[{"id":17118,"href":"https:\/\/lospoliticosveracruz.com\/index.php?rest_route=\/wp\/v2\/posts\/17115\/revisions\/17118"}],"wp:attachment":[{"href":"https:\/\/lospoliticosveracruz.com\/index.php?rest_route=%2Fwp%2Fv2%2Fmedia&parent=17115"}],"wp:term":[{"taxonomy":"category","embeddable":true,"href":"https:\/\/lospoliticosveracruz.com\/index.php?rest_route=%2Fwp%2Fv2%2Fcategories&post=17115"},{"taxonomy":"post_tag","embeddable":true,"href":"https:\/\/lospoliticosveracruz.com\/index.php?rest_route=%2Fwp%2Fv2%2Ftags&post=17115"}],"curies":[{"name":"wp","href":"https:\/\/api.w.org\/{rel}","templated":true}]}}