{"id":17119,"date":"2015-08-02T21:42:33","date_gmt":"2015-08-03T02:42:33","guid":{"rendered":"http:\/\/www.lospoliticosveracruz.com.mx\/?p=17119"},"modified":"2015-08-02T21:42:33","modified_gmt":"2015-08-03T02:42:33","slug":"el-poder-de-las-encuestas","status":"publish","type":"post","link":"https:\/\/lospoliticosveracruz.com\/?p=17119","title":{"rendered":"El \u201cpoder\u201d de las encuestas"},"content":{"rendered":"<p><a href=\"http:\/\/www.lospoliticosveracruz.com.mx\/wp-content\/uploads\/2012\/06\/Peje.jpeg\"><img loading=\"lazy\" decoding=\"async\" class=\"alignnone size-medium wp-image-10996\" src=\"http:\/\/www.lospoliticosveracruz.com.mx\/wp-content\/uploads\/2012\/06\/Peje-300x150.jpeg\" alt=\"Peje\" width=\"300\" height=\"150\" \/><\/a><\/p>\n<p><strong>Rodrigo Montoya Rivera<\/strong><\/p>\n<p><em>Ideas<\/em><\/p>\n<p>\u00bfHasta d\u00f3nde se aproximar\u00e1 el resultado de una encuesta con la realidad de un acontecimiento cercano? Me hago esa pregunta despu\u00e9s de leer la \u00faltima encuesta realizada por el peri\u00f3dico nacional Reforma en donde su \u00faltimo estudio de opini\u00f3n hecho a mexicanos referente a quien es el pol\u00edtico mejor posicionado para la elecci\u00f3n de 2018 pone en primer lugar a Andr\u00e9s Manuel L\u00f3pez Obrador.<br \/>\nEl ex Presidente del Comit\u00e9 Directivo Estatal del Partido Revolucionario Institucional en Tabasco, ex candidato presidencial, amigo personal de Ren\u00e9 Bejarano, -aqu\u00e9l distinguido militante de la izquierda capitalina que fuera captado por c\u00e1maras escondidas contando fajos de billetes y exhibido en cadena nacional por los principales noticieros de televisi\u00f3n en nuestro pa\u00eds- y creador del famoso \u201cJuanito\u201d personaje que tom\u00f3 la candidatura de la Delegaci\u00f3n de Iztapalapa y como jefe delegacional electo se le quit\u00f3 del cargo, para darle posesi\u00f3n a Clara Brugada, es seg\u00fan los resultados del prestigiado peri\u00f3dico en menci\u00f3n quien encabeza los niveles de conocimiento por los encuestados.<br \/>\nAl 2 veces fallido aspirante presidencial lo conocen 9 de cada 10 mexicanos, dato que no debe impresionar a nadie, ya que lleva casi m\u00e1s de 15 a\u00f1os en campa\u00f1a, por lo que su exposici\u00f3n medi\u00e1tica ha sido constante y sonante, es decir, a AMLO de una u otra forma nos lo han \u201cmetido\u201d hasta por las orejas, situaci\u00f3n que refleja su alto nivel de conocimiento entre la ciudadan\u00eda. Otro de los datos interesantes de esta encuesta es que 33% de las opiniones a su persona son positivas mientras que un 29% de estas son lo contrario, negativas. 42% de los consultados dicen que estar\u00edan dispuestos a votar por \u00e9l, ese es sin duda otro dato que debemos rescatar.<br \/>\nUna de las preguntas que se hace a las personas que fueron encuestados es la siguiente:<br \/>\nSin importar que partido lo postule \u00bfUsted votar\u00eda o no por cada uno de los siguientes pol\u00edticos para Presidente de M\u00e9xico? Como se menciona en el p\u00e1rrafo anterior de esta entrega el 42% dicen que SI mientras que un 52% contestaron que NO.<br \/>\nEn el ejercicio que hace Reforma otros de los pol\u00edticos en menci\u00f3n son Miguel \u00c1ngel Mancera, Miguel \u00c1ngel Osorio Chong y la ex Primera Dama de la Naci\u00f3n Margarita Zavala. Adem\u00e1s aparecen m\u00e1s abajo personajes como Jaime Rodr\u00edguez \u201cEl Bronco\u201d, Gustavo Madero, Eruviel \u00c1vila, Luis Videgaray, Manlio Fabio Beltrones, Manuel Velasco Coello y Rafael Moreno Valle.<br \/>\nLos actores pol\u00edticos en menci\u00f3n sin importar su color partidista, de una u otra forma aspiran y suspiran con el 2018, en pol\u00edtica quienes viven de eso, no hay d\u00eda que no trabajen por alcanzar el objetivo a\u00f1orado, sin importar cu\u00e1l sea este.<br \/>\nEl d\u00eda de hoy las encuestas juegan un papel importante en el desarrollo pol\u00edtico, de partido y gubernamental, al igual que las redes sociales, la estructura electoral y la aprobaci\u00f3n p\u00fablica, sin embargo ninguno de estos es definitorio en el rumbo final de un resultado. Andr\u00e9s Manuel es el claro ejemplo; aventajaba contra Calder\u00f3n, se acerc\u00f3 a Pe\u00f1a Nieto y ahora pareciera nuevamente que bajo las siglas de MORENA llevase la delantera, para los comicios de 2018, la verdad es que adem\u00e1s de faltar mucho para ello, las mediciones deben servir para evaluar los trabajos pol\u00edticos del presente no para el futurismo. En la elecci\u00f3n de 2015 muchas casas encuestadoras daban el triunfo a abanderados de los partidos mejor posicionados en los Distritos Electorales Federales y vaya descalabro que se llevaron quienes se dejaron llevar por un formulario de preguntas y respuestas.<br \/>\nL\u00e9eme en: www.rodrigomontoya.com.mx<br \/>\nTwitter: @RodrigoMontoyaR<br \/>\nComentarios: rodrigomontoya91@gmail.com<\/p>\n","protected":false},"excerpt":{"rendered":"<p>Rodrigo Montoya Rivera Ideas \u00bfHasta d\u00f3nde se aproximar\u00e1 el resultado de una encuesta con la realidad de un acontecimiento cercano? Me hago esa pregunta despu\u00e9s de leer la \u00faltima encuesta realizada por el peri\u00f3dico nacional Reforma en donde su \u00faltimo estudio de opini\u00f3n hecho a mexicanos referente a quien es el pol\u00edtico mejor posicionado para [&hellip;]<\/p>\n","protected":false},"author":2,"featured_media":0,"comment_status":"open","ping_status":"open","sticky":false,"template":"","format":"standard","meta":{"tdm_status":"","tdm_grid_status":"","footnotes":""},"categories":[70],"tags":[618,3090,3091],"class_list":{"0":"post-17119","1":"post","2":"type-post","3":"status-publish","4":"format-standard","6":"category-de-opinion","7":"tag-andres-manuel-lopez-obrador","8":"tag-encuestas","9":"tag-reforma"},"yoast_head":"<!-- This site is optimized with the Yoast SEO plugin v27.4 - https:\/\/yoast.com\/product\/yoast-seo-wordpress\/ -->\n<title>El \u201cpoder\u201d de las encuestas - Los pol\u00edticos Veracruz<\/title>\n<meta name=\"robots\" content=\"index, follow, max-snippet:-1, max-image-preview:large, max-video-preview:-1\" \/>\n<link rel=\"canonical\" href=\"https:\/\/lospoliticosveracruz.com\/?p=17119\" \/>\n<meta property=\"og:locale\" content=\"es_ES\" \/>\n<meta property=\"og:type\" content=\"article\" \/>\n<meta property=\"og:title\" content=\"El \u201cpoder\u201d de las encuestas - Los pol\u00edticos Veracruz\" \/>\n<meta property=\"og:description\" content=\"Rodrigo Montoya Rivera Ideas \u00bfHasta d\u00f3nde se aproximar\u00e1 el resultado de una encuesta con la realidad de un acontecimiento cercano? Me hago esa pregunta despu\u00e9s de leer la \u00faltima encuesta realizada por el peri\u00f3dico nacional Reforma en donde su \u00faltimo estudio de opini\u00f3n hecho a mexicanos referente a quien es el pol\u00edtico mejor posicionado para [&hellip;]\" \/>\n<meta property=\"og:url\" content=\"https:\/\/lospoliticosveracruz.com\/?p=17119\" \/>\n<meta property=\"og:site_name\" content=\"Los pol\u00edticos Veracruz\" \/>\n<meta property=\"article:publisher\" content=\"https:\/\/www.facebook.com\/people\/Notimemes-de-los-Polticos\/61565672886568\/\" \/>\n<meta property=\"article:published_time\" content=\"2015-08-03T02:42:33+00:00\" \/>\n<meta property=\"og:image\" content=\"http:\/\/www.lospoliticosveracruz.com.mx\/wp-content\/uploads\/2012\/06\/Peje-300x150.jpeg\" \/>\n<meta name=\"author\" content=\"Lo viste en Los Pol\u00edticos\" \/>\n<meta name=\"twitter:card\" content=\"summary_large_image\" \/>\n<meta name=\"twitter:creator\" content=\"@LosPoliticosVer\" \/>\n<meta name=\"twitter:site\" content=\"@LosPoliticosVer\" \/>\n<meta name=\"twitter:label1\" content=\"Escrito por\" \/>\n\t<meta name=\"twitter:data1\" content=\"Lo viste en Los Pol\u00edticos\" \/>\n\t<meta name=\"twitter:label2\" content=\"Tiempo de lectura\" \/>\n\t<meta name=\"twitter:data2\" content=\"3 minutos\" \/>\n<script type=\"application\/ld+json\" class=\"yoast-schema-graph\">{\"@context\":\"https:\\\/\\\/schema.org\",\"@graph\":[{\"@type\":\"Article\",\"@id\":\"https:\\\/\\\/lospoliticosveracruz.com\\\/?p=17119#article\",\"isPartOf\":{\"@id\":\"https:\\\/\\\/lospoliticosveracruz.com\\\/?p=17119\"},\"author\":{\"name\":\"Lo viste en Los Pol\u00edticos\",\"@id\":\"https:\\\/\\\/lospoliticosveracruz.com\\\/#\\\/schema\\\/person\\\/b8702bb0e538456e6efd07080bf2a4a2\"},\"headline\":\"El \u201cpoder\u201d de las encuestas\",\"datePublished\":\"2015-08-03T02:42:33+00:00\",\"mainEntityOfPage\":{\"@id\":\"https:\\\/\\\/lospoliticosveracruz.com\\\/?p=17119\"},\"wordCount\":644,\"commentCount\":0,\"publisher\":{\"@id\":\"https:\\\/\\\/lospoliticosveracruz.com\\\/#organization\"},\"image\":{\"@id\":\"https:\\\/\\\/lospoliticosveracruz.com\\\/?p=17119#primaryimage\"},\"thumbnailUrl\":\"http:\\\/\\\/www.lospoliticosveracruz.com.mx\\\/wp-content\\\/uploads\\\/2012\\\/06\\\/Peje-300x150.jpeg\",\"keywords\":[\"Andr\u00e9s Manuel L\u00f3pez Obrador\",\"encuestas\",\"Reforma\"],\"articleSection\":[\"De Opini\u00f3n\"],\"inLanguage\":\"es\",\"potentialAction\":[{\"@type\":\"CommentAction\",\"name\":\"Comment\",\"target\":[\"https:\\\/\\\/lospoliticosveracruz.com\\\/?p=17119#respond\"]}]},{\"@type\":\"WebPage\",\"@id\":\"https:\\\/\\\/lospoliticosveracruz.com\\\/?p=17119\",\"url\":\"https:\\\/\\\/lospoliticosveracruz.com\\\/?p=17119\",\"name\":\"El \u201cpoder\u201d de las encuestas - Los pol\u00edticos Veracruz\",\"isPartOf\":{\"@id\":\"https:\\\/\\\/lospoliticosveracruz.com\\\/#website\"},\"primaryImageOfPage\":{\"@id\":\"https:\\\/\\\/lospoliticosveracruz.com\\\/?p=17119#primaryimage\"},\"image\":{\"@id\":\"https:\\\/\\\/lospoliticosveracruz.com\\\/?p=17119#primaryimage\"},\"thumbnailUrl\":\"http:\\\/\\\/www.lospoliticosveracruz.com.mx\\\/wp-content\\\/uploads\\\/2012\\\/06\\\/Peje-300x150.jpeg\",\"datePublished\":\"2015-08-03T02:42:33+00:00\",\"breadcrumb\":{\"@id\":\"https:\\\/\\\/lospoliticosveracruz.com\\\/?p=17119#breadcrumb\"},\"inLanguage\":\"es\",\"potentialAction\":[{\"@type\":\"ReadAction\",\"target\":[\"https:\\\/\\\/lospoliticosveracruz.com\\\/?p=17119\"]}]},{\"@type\":\"ImageObject\",\"inLanguage\":\"es\",\"@id\":\"https:\\\/\\\/lospoliticosveracruz.com\\\/?p=17119#primaryimage\",\"url\":\"http:\\\/\\\/www.lospoliticosveracruz.com.mx\\\/wp-content\\\/uploads\\\/2012\\\/06\\\/Peje-300x150.jpeg\",\"contentUrl\":\"http:\\\/\\\/www.lospoliticosveracruz.com.mx\\\/wp-content\\\/uploads\\\/2012\\\/06\\\/Peje-300x150.jpeg\"},{\"@type\":\"BreadcrumbList\",\"@id\":\"https:\\\/\\\/lospoliticosveracruz.com\\\/?p=17119#breadcrumb\",\"itemListElement\":[{\"@type\":\"ListItem\",\"position\":1,\"name\":\"Portada\",\"item\":\"https:\\\/\\\/lospoliticosveracruz.com\\\/\"},{\"@type\":\"ListItem\",\"position\":2,\"name\":\"El \u201cpoder\u201d de las encuestas\"}]},{\"@type\":\"WebSite\",\"@id\":\"https:\\\/\\\/lospoliticosveracruz.com\\\/#website\",\"url\":\"https:\\\/\\\/lospoliticosveracruz.com\\\/\",\"name\":\"Los pol\u00edticos Veracruz\",\"description\":\"\",\"publisher\":{\"@id\":\"https:\\\/\\\/lospoliticosveracruz.com\\\/#organization\"},\"potentialAction\":[{\"@type\":\"SearchAction\",\"target\":{\"@type\":\"EntryPoint\",\"urlTemplate\":\"https:\\\/\\\/lospoliticosveracruz.com\\\/?s={search_term_string}\"},\"query-input\":{\"@type\":\"PropertyValueSpecification\",\"valueRequired\":true,\"valueName\":\"search_term_string\"}}],\"inLanguage\":\"es\"},{\"@type\":\"Organization\",\"@id\":\"https:\\\/\\\/lospoliticosveracruz.com\\\/#organization\",\"name\":\"Los pol\u00edticos Veracruz\",\"url\":\"https:\\\/\\\/lospoliticosveracruz.com\\\/\",\"logo\":{\"@type\":\"ImageObject\",\"inLanguage\":\"es\",\"@id\":\"https:\\\/\\\/lospoliticosveracruz.com\\\/#\\\/schema\\\/logo\\\/image\\\/\",\"url\":\"https:\\\/\\\/lospoliticosveracruz.com\\\/wp-content\\\/uploads\\\/2025\\\/12\\\/Logo-Nuevo-LOS-POLITICOS-1.jpg\",\"contentUrl\":\"https:\\\/\\\/lospoliticosveracruz.com\\\/wp-content\\\/uploads\\\/2025\\\/12\\\/Logo-Nuevo-LOS-POLITICOS-1.jpg\",\"width\":260,\"height\":70,\"caption\":\"Los pol\u00edticos Veracruz\"},\"image\":{\"@id\":\"https:\\\/\\\/lospoliticosveracruz.com\\\/#\\\/schema\\\/logo\\\/image\\\/\"},\"sameAs\":[\"https:\\\/\\\/www.facebook.com\\\/people\\\/Notimemes-de-los-Polticos\\\/61565672886568\\\/\",\"https:\\\/\\\/x.com\\\/LosPoliticosVer\"]},{\"@type\":\"Person\",\"@id\":\"https:\\\/\\\/lospoliticosveracruz.com\\\/#\\\/schema\\\/person\\\/b8702bb0e538456e6efd07080bf2a4a2\",\"name\":\"Lo viste en Los Pol\u00edticos\",\"image\":{\"@type\":\"ImageObject\",\"inLanguage\":\"es\",\"@id\":\"https:\\\/\\\/secure.gravatar.com\\\/avatar\\\/3a8de04a2656d44082be478bd6c086daa447c4651605818287b9532d3d0bd435?s=96&d=mm&r=g\",\"url\":\"https:\\\/\\\/secure.gravatar.com\\\/avatar\\\/3a8de04a2656d44082be478bd6c086daa447c4651605818287b9532d3d0bd435?s=96&d=mm&r=g\",\"contentUrl\":\"https:\\\/\\\/secure.gravatar.com\\\/avatar\\\/3a8de04a2656d44082be478bd6c086daa447c4651605818287b9532d3d0bd435?s=96&d=mm&r=g\",\"caption\":\"Lo viste en Los Pol\u00edticos\"},\"url\":\"https:\\\/\\\/lospoliticosveracruz.com\\\/?author=2\"}]}<\/script>\n<!-- \/ Yoast SEO plugin. -->","yoast_head_json":{"title":"El \u201cpoder\u201d de las encuestas - Los pol\u00edticos Veracruz","robots":{"index":"index","follow":"follow","max-snippet":"max-snippet:-1","max-image-preview":"max-image-preview:large","max-video-preview":"max-video-preview:-1"},"canonical":"https:\/\/lospoliticosveracruz.com\/?p=17119","og_locale":"es_ES","og_type":"article","og_title":"El \u201cpoder\u201d de las encuestas - Los pol\u00edticos Veracruz","og_description":"Rodrigo Montoya Rivera Ideas \u00bfHasta d\u00f3nde se aproximar\u00e1 el resultado de una encuesta con la realidad de un acontecimiento cercano? Me hago esa pregunta despu\u00e9s de leer la \u00faltima encuesta realizada por el peri\u00f3dico nacional Reforma en donde su \u00faltimo estudio de opini\u00f3n hecho a mexicanos referente a quien es el pol\u00edtico mejor posicionado para [&hellip;]","og_url":"https:\/\/lospoliticosveracruz.com\/?p=17119","og_site_name":"Los pol\u00edticos Veracruz","article_publisher":"https:\/\/www.facebook.com\/people\/Notimemes-de-los-Polticos\/61565672886568\/","article_published_time":"2015-08-03T02:42:33+00:00","og_image":[{"url":"http:\/\/www.lospoliticosveracruz.com.mx\/wp-content\/uploads\/2012\/06\/Peje-300x150.jpeg","type":"","width":"","height":""}],"author":"Lo viste en Los Pol\u00edticos","twitter_card":"summary_large_image","twitter_creator":"@LosPoliticosVer","twitter_site":"@LosPoliticosVer","twitter_misc":{"Escrito por":"Lo viste en Los Pol\u00edticos","Tiempo de lectura":"3 minutos"},"schema":{"@context":"https:\/\/schema.org","@graph":[{"@type":"Article","@id":"https:\/\/lospoliticosveracruz.com\/?p=17119#article","isPartOf":{"@id":"https:\/\/lospoliticosveracruz.com\/?p=17119"},"author":{"name":"Lo viste en Los Pol\u00edticos","@id":"https:\/\/lospoliticosveracruz.com\/#\/schema\/person\/b8702bb0e538456e6efd07080bf2a4a2"},"headline":"El \u201cpoder\u201d de las encuestas","datePublished":"2015-08-03T02:42:33+00:00","mainEntityOfPage":{"@id":"https:\/\/lospoliticosveracruz.com\/?p=17119"},"wordCount":644,"commentCount":0,"publisher":{"@id":"https:\/\/lospoliticosveracruz.com\/#organization"},"image":{"@id":"https:\/\/lospoliticosveracruz.com\/?p=17119#primaryimage"},"thumbnailUrl":"http:\/\/www.lospoliticosveracruz.com.mx\/wp-content\/uploads\/2012\/06\/Peje-300x150.jpeg","keywords":["Andr\u00e9s Manuel L\u00f3pez Obrador","encuestas","Reforma"],"articleSection":["De Opini\u00f3n"],"inLanguage":"es","potentialAction":[{"@type":"CommentAction","name":"Comment","target":["https:\/\/lospoliticosveracruz.com\/?p=17119#respond"]}]},{"@type":"WebPage","@id":"https:\/\/lospoliticosveracruz.com\/?p=17119","url":"https:\/\/lospoliticosveracruz.com\/?p=17119","name":"El \u201cpoder\u201d de las encuestas - Los pol\u00edticos Veracruz","isPartOf":{"@id":"https:\/\/lospoliticosveracruz.com\/#website"},"primaryImageOfPage":{"@id":"https:\/\/lospoliticosveracruz.com\/?p=17119#primaryimage"},"image":{"@id":"https:\/\/lospoliticosveracruz.com\/?p=17119#primaryimage"},"thumbnailUrl":"http:\/\/www.lospoliticosveracruz.com.mx\/wp-content\/uploads\/2012\/06\/Peje-300x150.jpeg","datePublished":"2015-08-03T02:42:33+00:00","breadcrumb":{"@id":"https:\/\/lospoliticosveracruz.com\/?p=17119#breadcrumb"},"inLanguage":"es","potentialAction":[{"@type":"ReadAction","target":["https:\/\/lospoliticosveracruz.com\/?p=17119"]}]},{"@type":"ImageObject","inLanguage":"es","@id":"https:\/\/lospoliticosveracruz.com\/?p=17119#primaryimage","url":"http:\/\/www.lospoliticosveracruz.com.mx\/wp-content\/uploads\/2012\/06\/Peje-300x150.jpeg","contentUrl":"http:\/\/www.lospoliticosveracruz.com.mx\/wp-content\/uploads\/2012\/06\/Peje-300x150.jpeg"},{"@type":"BreadcrumbList","@id":"https:\/\/lospoliticosveracruz.com\/?p=17119#breadcrumb","itemListElement":[{"@type":"ListItem","position":1,"name":"Portada","item":"https:\/\/lospoliticosveracruz.com\/"},{"@type":"ListItem","position":2,"name":"El \u201cpoder\u201d de las encuestas"}]},{"@type":"WebSite","@id":"https:\/\/lospoliticosveracruz.com\/#website","url":"https:\/\/lospoliticosveracruz.com\/","name":"Los pol\u00edticos Veracruz","description":"","publisher":{"@id":"https:\/\/lospoliticosveracruz.com\/#organization"},"potentialAction":[{"@type":"SearchAction","target":{"@type":"EntryPoint","urlTemplate":"https:\/\/lospoliticosveracruz.com\/?s={search_term_string}"},"query-input":{"@type":"PropertyValueSpecification","valueRequired":true,"valueName":"search_term_string"}}],"inLanguage":"es"},{"@type":"Organization","@id":"https:\/\/lospoliticosveracruz.com\/#organization","name":"Los pol\u00edticos Veracruz","url":"https:\/\/lospoliticosveracruz.com\/","logo":{"@type":"ImageObject","inLanguage":"es","@id":"https:\/\/lospoliticosveracruz.com\/#\/schema\/logo\/image\/","url":"https:\/\/lospoliticosveracruz.com\/wp-content\/uploads\/2025\/12\/Logo-Nuevo-LOS-POLITICOS-1.jpg","contentUrl":"https:\/\/lospoliticosveracruz.com\/wp-content\/uploads\/2025\/12\/Logo-Nuevo-LOS-POLITICOS-1.jpg","width":260,"height":70,"caption":"Los pol\u00edticos Veracruz"},"image":{"@id":"https:\/\/lospoliticosveracruz.com\/#\/schema\/logo\/image\/"},"sameAs":["https:\/\/www.facebook.com\/people\/Notimemes-de-los-Polticos\/61565672886568\/","https:\/\/x.com\/LosPoliticosVer"]},{"@type":"Person","@id":"https:\/\/lospoliticosveracruz.com\/#\/schema\/person\/b8702bb0e538456e6efd07080bf2a4a2","name":"Lo viste en Los Pol\u00edticos","image":{"@type":"ImageObject","inLanguage":"es","@id":"https:\/\/secure.gravatar.com\/avatar\/3a8de04a2656d44082be478bd6c086daa447c4651605818287b9532d3d0bd435?s=96&d=mm&r=g","url":"https:\/\/secure.gravatar.com\/avatar\/3a8de04a2656d44082be478bd6c086daa447c4651605818287b9532d3d0bd435?s=96&d=mm&r=g","contentUrl":"https:\/\/secure.gravatar.com\/avatar\/3a8de04a2656d44082be478bd6c086daa447c4651605818287b9532d3d0bd435?s=96&d=mm&r=g","caption":"Lo viste en Los Pol\u00edticos"},"url":"https:\/\/lospoliticosveracruz.com\/?author=2"}]}},"_links":{"self":[{"href":"https:\/\/lospoliticosveracruz.com\/index.php?rest_route=\/wp\/v2\/posts\/17119","targetHints":{"allow":["GET"]}}],"collection":[{"href":"https:\/\/lospoliticosveracruz.com\/index.php?rest_route=\/wp\/v2\/posts"}],"about":[{"href":"https:\/\/lospoliticosveracruz.com\/index.php?rest_route=\/wp\/v2\/types\/post"}],"author":[{"embeddable":true,"href":"https:\/\/lospoliticosveracruz.com\/index.php?rest_route=\/wp\/v2\/users\/2"}],"replies":[{"embeddable":true,"href":"https:\/\/lospoliticosveracruz.com\/index.php?rest_route=%2Fwp%2Fv2%2Fcomments&post=17119"}],"version-history":[{"count":1,"href":"https:\/\/lospoliticosveracruz.com\/index.php?rest_route=\/wp\/v2\/posts\/17119\/revisions"}],"predecessor-version":[{"id":17120,"href":"https:\/\/lospoliticosveracruz.com\/index.php?rest_route=\/wp\/v2\/posts\/17119\/revisions\/17120"}],"wp:attachment":[{"href":"https:\/\/lospoliticosveracruz.com\/index.php?rest_route=%2Fwp%2Fv2%2Fmedia&parent=17119"}],"wp:term":[{"taxonomy":"category","embeddable":true,"href":"https:\/\/lospoliticosveracruz.com\/index.php?rest_route=%2Fwp%2Fv2%2Fcategories&post=17119"},{"taxonomy":"post_tag","embeddable":true,"href":"https:\/\/lospoliticosveracruz.com\/index.php?rest_route=%2Fwp%2Fv2%2Ftags&post=17119"}],"curies":[{"name":"wp","href":"https:\/\/api.w.org\/{rel}","templated":true}]}}