{"id":17139,"date":"2015-08-04T09:14:00","date_gmt":"2015-08-04T14:14:00","guid":{"rendered":"http:\/\/www.lospoliticosveracruz.com.mx\/?p=17139"},"modified":"2015-08-04T09:14:00","modified_gmt":"2015-08-04T14:14:00","slug":"el-peligro-de-informar","status":"publish","type":"post","link":"https:\/\/lospoliticosveracruz.com\/?p=17139","title":{"rendered":"El peligro de informar"},"content":{"rendered":"<p><a href=\"http:\/\/www.lospoliticosveracruz.com.mx\/wp-content\/uploads\/2015\/08\/Rub\u00e9n-Espinosa-Becerril.jpg\"><img loading=\"lazy\" decoding=\"async\" class=\"alignnone size-medium wp-image-17113\" src=\"http:\/\/www.lospoliticosveracruz.com.mx\/wp-content\/uploads\/2015\/08\/Rub\u00e9n-Espinosa-Becerril-300x188.jpg\" alt=\"Rub\u00e9n Espinosa Becerril\" width=\"300\" height=\"188\" \/><\/a><\/p>\n<p><strong>M\u00f3nica Camarena Crespo<\/strong><\/p>\n<p><em>Parque Ju\u00e1rez<\/em><\/p>\n<p>M\u00e9xico es el pa\u00eds m\u00e1s peligroso del mundo para ejercer la profesi\u00f3n; sin embargo, muchos reporteros contin\u00faan con su labor de informar y denunciar a pesar de las adversidades, seg\u00fan datos de la Organizaci\u00f3n de las Naciones Unidas, ONU.<\/p>\n<p>Es innegable hoy por hoy, esconder la penosa cifra de periodistas veracruzanos muertos en los \u00faltimos 5 a\u00f1os; se trata de una vor\u00e1gine de hechos que ha ubicado a la entidad en la m\u00e1s peligrosa a nivel nacional para ejercer el periodismo.<\/p>\n<p>Los motivos, razones o circunstancias de cada uno de los casos en los que personas dedicadas de manera directa o indirecta a los medios de comunicaci\u00f3n que han perdido la vida, por mucho, no han dejado satisfecho a nadie.<\/p>\n<p>El ultimo caso, Rub\u00e9n Espinosa, ligado a Veracruz por su residencia de varios a\u00f1os y una denuncia por acoso y amenazas previo a su partida, autocalificada por el hoy fallecido como autoexilio, ubica de nuevo en el ojo del hurac\u00e1n al estado.<\/p>\n<p>De las m\u00faltiples investigaciones que se realicen, con seguridad ninguna va a satisfacer a un gremio agraviado, a la familia dolida hasta la m\u00e9dula por la p\u00e9rdida y los amigos que ya se duelen por la ausencia.<\/p>\n<p>El asesinato de Rub\u00e9n y 4 mujeres, una de ellas, muy ligada tambi\u00e9n al activismo social en Veracruz, enrarece el clima en la entidad muy a pesar de la distancia en kil\u00f3metros de la escena del crimen.<\/p>\n<p>El cruel asesinato, con tortura incluida de Rub\u00e9n y 4 mujeres en un departamento de conocida colonia del distrito federal, es muestra de la barbarie que acontece en el M\u00e9xico de hoy, donde cualquiera puede actuar con esa furia despiadada sin que nadie lo detenga.<\/p>\n<p>Se registra que alrededor del departamento donde ocurri\u00f3 el artero crimen est\u00e1n colocadas varias c\u00e1maras de video vigilancia, de esas que muchas veces, presuntamente no sirven o no grabaron debidamente lo que podr\u00eda servir como prueba.<\/p>\n<p>Hoy se narra en diferentes foros, con tristeza e impotencia, que 5 personas con diferentes actividades e historias, perdieron la vida a manos de despiadados, por motivos que ser\u00e1 dif\u00edcil esclarecer a satisfacci\u00f3n.<\/p>\n<p>De nuevo los periodistas, quienes se dedican a esta arriesgada tarea est\u00e1n de luto; prevalece el enojo, coraje e impotencia de un gremio que ve cada d\u00eda m\u00e1s ca\u00eddos, sin respuestas satisfactorias. Con actitudes imp\u00e1vidas, desconcertadas, miedosas que no dimensionan el da\u00f1o generalizado para una sociedad agraviada.<\/p>\n<p>La profundidad de una investigaci\u00f3n que inicia con trastabilleos, salpicada de omisiones, se incorporara a la larga lista de casos sin soluci\u00f3n.<\/p>\n<p>Ser periodista en M\u00e9xico es por dem\u00e1s dif\u00edcil. La acci\u00f3n m\u00e1s apremiante en este momento es proteger y garantizar que se ejerza la libertad de expresi\u00f3n sin miedo a amenazas, intimidaciones o limitaciones. La prevenci\u00f3n y la protecci\u00f3n, entonces, no est\u00e1n en manos de una sola persona o instancia, es trabajo de quienes creen en los derechos humanos y la justicia.<\/p>\n<p><strong>\u00c1gora<\/strong><\/p>\n<p>Veracruz es noticia. La buena, se generan muchas a nivel nacional e internacional; la mala, es que la mayor\u00eda, por no decir todas, no son buenas noticias.<\/p>\n<p>@monicamarena<\/p>\n","protected":false},"excerpt":{"rendered":"<p>M\u00f3nica Camarena Crespo Parque Ju\u00e1rez M\u00e9xico es el pa\u00eds m\u00e1s peligroso del mundo para ejercer la profesi\u00f3n; sin embargo, muchos reporteros contin\u00faan con su labor de informar y denunciar a pesar de las adversidades, seg\u00fan datos de la Organizaci\u00f3n de las Naciones Unidas, ONU. Es innegable hoy por hoy, esconder la penosa cifra de periodistas [&hellip;]<\/p>\n","protected":false},"author":2,"featured_media":0,"comment_status":"open","ping_status":"open","sticky":false,"template":"","format":"standard","meta":{"tdm_status":"","tdm_grid_status":"","footnotes":""},"categories":[70],"tags":[3089,195],"class_list":{"0":"post-17139","1":"post","2":"type-post","3":"status-publish","4":"format-standard","6":"category-de-opinion","7":"tag-ruben-espinosa-becerril","8":"tag-veracruz"},"yoast_head":"<!-- This site is optimized with the Yoast SEO plugin v27.4 - https:\/\/yoast.com\/product\/yoast-seo-wordpress\/ -->\n<title>El peligro de informar - Los pol\u00edticos Veracruz<\/title>\n<meta name=\"robots\" content=\"index, follow, max-snippet:-1, max-image-preview:large, max-video-preview:-1\" \/>\n<link rel=\"canonical\" href=\"https:\/\/lospoliticosveracruz.com\/?p=17139\" \/>\n<meta property=\"og:locale\" content=\"es_ES\" \/>\n<meta property=\"og:type\" content=\"article\" \/>\n<meta property=\"og:title\" content=\"El peligro de informar - Los pol\u00edticos Veracruz\" \/>\n<meta property=\"og:description\" content=\"M\u00f3nica Camarena Crespo Parque Ju\u00e1rez M\u00e9xico es el pa\u00eds m\u00e1s peligroso del mundo para ejercer la profesi\u00f3n; sin embargo, muchos reporteros contin\u00faan con su labor de informar y denunciar a pesar de las adversidades, seg\u00fan datos de la Organizaci\u00f3n de las Naciones Unidas, ONU. Es innegable hoy por hoy, esconder la penosa cifra de periodistas [&hellip;]\" \/>\n<meta property=\"og:url\" content=\"https:\/\/lospoliticosveracruz.com\/?p=17139\" \/>\n<meta property=\"og:site_name\" content=\"Los pol\u00edticos Veracruz\" \/>\n<meta property=\"article:publisher\" content=\"https:\/\/www.facebook.com\/people\/Notimemes-de-los-Polticos\/61565672886568\/\" \/>\n<meta property=\"article:published_time\" content=\"2015-08-04T14:14:00+00:00\" \/>\n<meta property=\"og:image\" content=\"https:\/\/lospoliticosveracruz.com\/wp-content\/uploads\/2016\/07\/Logo-Dor.jpg\" \/>\n\t<meta property=\"og:image:width\" content=\"200\" \/>\n\t<meta property=\"og:image:height\" content=\"200\" \/>\n\t<meta property=\"og:image:type\" content=\"image\/jpeg\" \/>\n<meta name=\"author\" content=\"Lo viste en Los Pol\u00edticos\" \/>\n<meta name=\"twitter:card\" content=\"summary_large_image\" \/>\n<meta name=\"twitter:creator\" content=\"@LosPoliticosVer\" \/>\n<meta name=\"twitter:site\" content=\"@LosPoliticosVer\" \/>\n<meta name=\"twitter:label1\" content=\"Escrito por\" \/>\n\t<meta name=\"twitter:data1\" content=\"Lo viste en Los Pol\u00edticos\" \/>\n\t<meta name=\"twitter:label2\" content=\"Tiempo de lectura\" \/>\n\t<meta name=\"twitter:data2\" content=\"3 minutos\" \/>\n<script type=\"application\/ld+json\" class=\"yoast-schema-graph\">{\"@context\":\"https:\\\/\\\/schema.org\",\"@graph\":[{\"@type\":\"Article\",\"@id\":\"https:\\\/\\\/lospoliticosveracruz.com\\\/?p=17139#article\",\"isPartOf\":{\"@id\":\"https:\\\/\\\/lospoliticosveracruz.com\\\/?p=17139\"},\"author\":{\"name\":\"Lo viste en Los Pol\u00edticos\",\"@id\":\"https:\\\/\\\/lospoliticosveracruz.com\\\/#\\\/schema\\\/person\\\/b8702bb0e538456e6efd07080bf2a4a2\"},\"headline\":\"El peligro de informar\",\"datePublished\":\"2015-08-04T14:14:00+00:00\",\"mainEntityOfPage\":{\"@id\":\"https:\\\/\\\/lospoliticosveracruz.com\\\/?p=17139\"},\"wordCount\":561,\"commentCount\":0,\"publisher\":{\"@id\":\"https:\\\/\\\/lospoliticosveracruz.com\\\/#organization\"},\"keywords\":[\"Rub\u00e9n Espinosa Becerril\",\"Veracruz\"],\"articleSection\":[\"De Opini\u00f3n\"],\"inLanguage\":\"es\",\"potentialAction\":[{\"@type\":\"CommentAction\",\"name\":\"Comment\",\"target\":[\"https:\\\/\\\/lospoliticosveracruz.com\\\/?p=17139#respond\"]}]},{\"@type\":\"WebPage\",\"@id\":\"https:\\\/\\\/lospoliticosveracruz.com\\\/?p=17139\",\"url\":\"https:\\\/\\\/lospoliticosveracruz.com\\\/?p=17139\",\"name\":\"El peligro de informar - Los pol\u00edticos Veracruz\",\"isPartOf\":{\"@id\":\"https:\\\/\\\/lospoliticosveracruz.com\\\/#website\"},\"datePublished\":\"2015-08-04T14:14:00+00:00\",\"breadcrumb\":{\"@id\":\"https:\\\/\\\/lospoliticosveracruz.com\\\/?p=17139#breadcrumb\"},\"inLanguage\":\"es\",\"potentialAction\":[{\"@type\":\"ReadAction\",\"target\":[\"https:\\\/\\\/lospoliticosveracruz.com\\\/?p=17139\"]}]},{\"@type\":\"BreadcrumbList\",\"@id\":\"https:\\\/\\\/lospoliticosveracruz.com\\\/?p=17139#breadcrumb\",\"itemListElement\":[{\"@type\":\"ListItem\",\"position\":1,\"name\":\"Portada\",\"item\":\"https:\\\/\\\/lospoliticosveracruz.com\\\/\"},{\"@type\":\"ListItem\",\"position\":2,\"name\":\"El peligro de informar\"}]},{\"@type\":\"WebSite\",\"@id\":\"https:\\\/\\\/lospoliticosveracruz.com\\\/#website\",\"url\":\"https:\\\/\\\/lospoliticosveracruz.com\\\/\",\"name\":\"Los pol\u00edticos Veracruz\",\"description\":\"\",\"publisher\":{\"@id\":\"https:\\\/\\\/lospoliticosveracruz.com\\\/#organization\"},\"potentialAction\":[{\"@type\":\"SearchAction\",\"target\":{\"@type\":\"EntryPoint\",\"urlTemplate\":\"https:\\\/\\\/lospoliticosveracruz.com\\\/?s={search_term_string}\"},\"query-input\":{\"@type\":\"PropertyValueSpecification\",\"valueRequired\":true,\"valueName\":\"search_term_string\"}}],\"inLanguage\":\"es\"},{\"@type\":\"Organization\",\"@id\":\"https:\\\/\\\/lospoliticosveracruz.com\\\/#organization\",\"name\":\"Los pol\u00edticos Veracruz\",\"url\":\"https:\\\/\\\/lospoliticosveracruz.com\\\/\",\"logo\":{\"@type\":\"ImageObject\",\"inLanguage\":\"es\",\"@id\":\"https:\\\/\\\/lospoliticosveracruz.com\\\/#\\\/schema\\\/logo\\\/image\\\/\",\"url\":\"https:\\\/\\\/lospoliticosveracruz.com\\\/wp-content\\\/uploads\\\/2025\\\/12\\\/Logo-Nuevo-LOS-POLITICOS-1.jpg\",\"contentUrl\":\"https:\\\/\\\/lospoliticosveracruz.com\\\/wp-content\\\/uploads\\\/2025\\\/12\\\/Logo-Nuevo-LOS-POLITICOS-1.jpg\",\"width\":260,\"height\":70,\"caption\":\"Los pol\u00edticos Veracruz\"},\"image\":{\"@id\":\"https:\\\/\\\/lospoliticosveracruz.com\\\/#\\\/schema\\\/logo\\\/image\\\/\"},\"sameAs\":[\"https:\\\/\\\/www.facebook.com\\\/people\\\/Notimemes-de-los-Polticos\\\/61565672886568\\\/\",\"https:\\\/\\\/x.com\\\/LosPoliticosVer\"]},{\"@type\":\"Person\",\"@id\":\"https:\\\/\\\/lospoliticosveracruz.com\\\/#\\\/schema\\\/person\\\/b8702bb0e538456e6efd07080bf2a4a2\",\"name\":\"Lo viste en Los Pol\u00edticos\",\"image\":{\"@type\":\"ImageObject\",\"inLanguage\":\"es\",\"@id\":\"https:\\\/\\\/secure.gravatar.com\\\/avatar\\\/3a8de04a2656d44082be478bd6c086daa447c4651605818287b9532d3d0bd435?s=96&d=mm&r=g\",\"url\":\"https:\\\/\\\/secure.gravatar.com\\\/avatar\\\/3a8de04a2656d44082be478bd6c086daa447c4651605818287b9532d3d0bd435?s=96&d=mm&r=g\",\"contentUrl\":\"https:\\\/\\\/secure.gravatar.com\\\/avatar\\\/3a8de04a2656d44082be478bd6c086daa447c4651605818287b9532d3d0bd435?s=96&d=mm&r=g\",\"caption\":\"Lo viste en Los Pol\u00edticos\"},\"url\":\"https:\\\/\\\/lospoliticosveracruz.com\\\/?author=2\"}]}<\/script>\n<!-- \/ Yoast SEO plugin. -->","yoast_head_json":{"title":"El peligro de informar - Los pol\u00edticos Veracruz","robots":{"index":"index","follow":"follow","max-snippet":"max-snippet:-1","max-image-preview":"max-image-preview:large","max-video-preview":"max-video-preview:-1"},"canonical":"https:\/\/lospoliticosveracruz.com\/?p=17139","og_locale":"es_ES","og_type":"article","og_title":"El peligro de informar - Los pol\u00edticos Veracruz","og_description":"M\u00f3nica Camarena Crespo Parque Ju\u00e1rez M\u00e9xico es el pa\u00eds m\u00e1s peligroso del mundo para ejercer la profesi\u00f3n; sin embargo, muchos reporteros contin\u00faan con su labor de informar y denunciar a pesar de las adversidades, seg\u00fan datos de la Organizaci\u00f3n de las Naciones Unidas, ONU. Es innegable hoy por hoy, esconder la penosa cifra de periodistas [&hellip;]","og_url":"https:\/\/lospoliticosveracruz.com\/?p=17139","og_site_name":"Los pol\u00edticos Veracruz","article_publisher":"https:\/\/www.facebook.com\/people\/Notimemes-de-los-Polticos\/61565672886568\/","article_published_time":"2015-08-04T14:14:00+00:00","og_image":[{"width":200,"height":200,"url":"https:\/\/lospoliticosveracruz.com\/wp-content\/uploads\/2016\/07\/Logo-Dor.jpg","type":"image\/jpeg"}],"author":"Lo viste en Los Pol\u00edticos","twitter_card":"summary_large_image","twitter_creator":"@LosPoliticosVer","twitter_site":"@LosPoliticosVer","twitter_misc":{"Escrito por":"Lo viste en Los Pol\u00edticos","Tiempo de lectura":"3 minutos"},"schema":{"@context":"https:\/\/schema.org","@graph":[{"@type":"Article","@id":"https:\/\/lospoliticosveracruz.com\/?p=17139#article","isPartOf":{"@id":"https:\/\/lospoliticosveracruz.com\/?p=17139"},"author":{"name":"Lo viste en Los Pol\u00edticos","@id":"https:\/\/lospoliticosveracruz.com\/#\/schema\/person\/b8702bb0e538456e6efd07080bf2a4a2"},"headline":"El peligro de informar","datePublished":"2015-08-04T14:14:00+00:00","mainEntityOfPage":{"@id":"https:\/\/lospoliticosveracruz.com\/?p=17139"},"wordCount":561,"commentCount":0,"publisher":{"@id":"https:\/\/lospoliticosveracruz.com\/#organization"},"keywords":["Rub\u00e9n Espinosa Becerril","Veracruz"],"articleSection":["De Opini\u00f3n"],"inLanguage":"es","potentialAction":[{"@type":"CommentAction","name":"Comment","target":["https:\/\/lospoliticosveracruz.com\/?p=17139#respond"]}]},{"@type":"WebPage","@id":"https:\/\/lospoliticosveracruz.com\/?p=17139","url":"https:\/\/lospoliticosveracruz.com\/?p=17139","name":"El peligro de informar - Los pol\u00edticos Veracruz","isPartOf":{"@id":"https:\/\/lospoliticosveracruz.com\/#website"},"datePublished":"2015-08-04T14:14:00+00:00","breadcrumb":{"@id":"https:\/\/lospoliticosveracruz.com\/?p=17139#breadcrumb"},"inLanguage":"es","potentialAction":[{"@type":"ReadAction","target":["https:\/\/lospoliticosveracruz.com\/?p=17139"]}]},{"@type":"BreadcrumbList","@id":"https:\/\/lospoliticosveracruz.com\/?p=17139#breadcrumb","itemListElement":[{"@type":"ListItem","position":1,"name":"Portada","item":"https:\/\/lospoliticosveracruz.com\/"},{"@type":"ListItem","position":2,"name":"El peligro de informar"}]},{"@type":"WebSite","@id":"https:\/\/lospoliticosveracruz.com\/#website","url":"https:\/\/lospoliticosveracruz.com\/","name":"Los pol\u00edticos Veracruz","description":"","publisher":{"@id":"https:\/\/lospoliticosveracruz.com\/#organization"},"potentialAction":[{"@type":"SearchAction","target":{"@type":"EntryPoint","urlTemplate":"https:\/\/lospoliticosveracruz.com\/?s={search_term_string}"},"query-input":{"@type":"PropertyValueSpecification","valueRequired":true,"valueName":"search_term_string"}}],"inLanguage":"es"},{"@type":"Organization","@id":"https:\/\/lospoliticosveracruz.com\/#organization","name":"Los pol\u00edticos Veracruz","url":"https:\/\/lospoliticosveracruz.com\/","logo":{"@type":"ImageObject","inLanguage":"es","@id":"https:\/\/lospoliticosveracruz.com\/#\/schema\/logo\/image\/","url":"https:\/\/lospoliticosveracruz.com\/wp-content\/uploads\/2025\/12\/Logo-Nuevo-LOS-POLITICOS-1.jpg","contentUrl":"https:\/\/lospoliticosveracruz.com\/wp-content\/uploads\/2025\/12\/Logo-Nuevo-LOS-POLITICOS-1.jpg","width":260,"height":70,"caption":"Los pol\u00edticos Veracruz"},"image":{"@id":"https:\/\/lospoliticosveracruz.com\/#\/schema\/logo\/image\/"},"sameAs":["https:\/\/www.facebook.com\/people\/Notimemes-de-los-Polticos\/61565672886568\/","https:\/\/x.com\/LosPoliticosVer"]},{"@type":"Person","@id":"https:\/\/lospoliticosveracruz.com\/#\/schema\/person\/b8702bb0e538456e6efd07080bf2a4a2","name":"Lo viste en Los Pol\u00edticos","image":{"@type":"ImageObject","inLanguage":"es","@id":"https:\/\/secure.gravatar.com\/avatar\/3a8de04a2656d44082be478bd6c086daa447c4651605818287b9532d3d0bd435?s=96&d=mm&r=g","url":"https:\/\/secure.gravatar.com\/avatar\/3a8de04a2656d44082be478bd6c086daa447c4651605818287b9532d3d0bd435?s=96&d=mm&r=g","contentUrl":"https:\/\/secure.gravatar.com\/avatar\/3a8de04a2656d44082be478bd6c086daa447c4651605818287b9532d3d0bd435?s=96&d=mm&r=g","caption":"Lo viste en Los Pol\u00edticos"},"url":"https:\/\/lospoliticosveracruz.com\/?author=2"}]}},"_links":{"self":[{"href":"https:\/\/lospoliticosveracruz.com\/index.php?rest_route=\/wp\/v2\/posts\/17139","targetHints":{"allow":["GET"]}}],"collection":[{"href":"https:\/\/lospoliticosveracruz.com\/index.php?rest_route=\/wp\/v2\/posts"}],"about":[{"href":"https:\/\/lospoliticosveracruz.com\/index.php?rest_route=\/wp\/v2\/types\/post"}],"author":[{"embeddable":true,"href":"https:\/\/lospoliticosveracruz.com\/index.php?rest_route=\/wp\/v2\/users\/2"}],"replies":[{"embeddable":true,"href":"https:\/\/lospoliticosveracruz.com\/index.php?rest_route=%2Fwp%2Fv2%2Fcomments&post=17139"}],"version-history":[{"count":1,"href":"https:\/\/lospoliticosveracruz.com\/index.php?rest_route=\/wp\/v2\/posts\/17139\/revisions"}],"predecessor-version":[{"id":17140,"href":"https:\/\/lospoliticosveracruz.com\/index.php?rest_route=\/wp\/v2\/posts\/17139\/revisions\/17140"}],"wp:attachment":[{"href":"https:\/\/lospoliticosveracruz.com\/index.php?rest_route=%2Fwp%2Fv2%2Fmedia&parent=17139"}],"wp:term":[{"taxonomy":"category","embeddable":true,"href":"https:\/\/lospoliticosveracruz.com\/index.php?rest_route=%2Fwp%2Fv2%2Fcategories&post=17139"},{"taxonomy":"post_tag","embeddable":true,"href":"https:\/\/lospoliticosveracruz.com\/index.php?rest_route=%2Fwp%2Fv2%2Ftags&post=17139"}],"curies":[{"name":"wp","href":"https:\/\/api.w.org\/{rel}","templated":true}]}}